{"id":1001,"date":"2009-05-17T00:51:18","date_gmt":"2009-05-16T23:51:18","guid":{"rendered":"https:\/\/isf.fo\/?p=1001"},"modified":"2009-05-17T00:51:18","modified_gmt":"2009-05-16T23:51:18","slug":"itrottasamband-f%c3%b8roya-havt-a%c3%b0alfund","status":"publish","type":"post","link":"https:\/\/isf.fo\/en\/itrottasamband-f%c3%b8roya-havt-a%c3%b0alfund\/","title":{"rendered":"\u00cdtr\u00f3ttasamband F\u00f8roya havt a\u00f0alfund"},"content":{"rendered":"<p>Leygardagin 16. mai hev\u00f0i \u00cdtr\u00f3ttasamband F\u00f8roya a\u00f0alfund \u00e1 Hotel F\u00f8royum. Aftrat f\u00f8stu t\u00e1ttunum vi\u00f0 formansfr\u00e1grei\u00f0ing og roknskapi, var val av nevndarlimum eisini \u00e1 skr\u00e1nni. Verandi varaforsetin, Petur Elias Petersen, skrivarin, Katrin Joensen, og varalimurin, Petur Ove Petersen, v\u00f3r\u00f0u afturvald uttan m\u00f3tvalevni. He\u00f0in Mortensen fekk handa\u00f0 hei\u00f0ursskjal \u00ed samband vi\u00f0, at a\u00f0alfundurin \u00ed fj\u00f8r valdi hann til hei\u00f0urslim \u00ed \u00cdtr\u00f3ttasambandinum.<\/p>\n<p>T\u00e1 sj\u00e1lvur fundurin var li\u00f0ugur, var fyrilestur um skipan av \u00edtr\u00f3ttafel\u00f8gum og nevndararbei\u00f0i vi\u00f0 Jan Gudnitz, r\u00e1\u00f0geva hj\u00e1 danska \u00edtr\u00f3ttasambandinum.<\/p>\n<p><a href=\"https:\/\/isf.fo\/wp-content\/uploads\/2009\/05\/formansfragreiding0809.pdf\" target=\"_blank\">Tak formansfr\u00e1grei\u00f0ingina ni\u00f0ur her (1,3 mb pdf)<\/a>, ella les tekstin ni\u00f0anfyri myndirnar.<\/p>\n<p><a href=\"https:\/\/isf.fo\/wp-content\/uploads\/2009\/05\/isf_oplaeg_160509.pdf\" target=\"_blank\">Tak framl\u00f8guna hj\u00e1 Jan Gudnitz ni\u00f0ur her (228 kb pdf)<\/a>.<\/p>\n\n<p><strong>Formansfr\u00e1grei\u00f0ing 2008-2009<\/strong><br \/>\n<em>-Til a\u00f0alfund \u00cdtr\u00f3ttasamband F\u00f8roya 16. mai 2009<\/em><\/p>\n<p>\u00c1 a\u00f0alfundinum hava vit h\u00f8vi at l\u00edta aftur um bak at farna \u00e1rinum innan f\u00f8royska \u00edtr\u00f3ttarheimin. Vit l\u00edta samstundis frameftir vi\u00f0 bjartari v\u00f3n um \u00f8kt virksemi og st\u00f8rri fj\u00f8ld av \u00edtr\u00f3ttarvirknum f\u00f8royingum.<\/p>\n<p>H\u00f3ast vit solei\u00f0is mugu ste\u00f0ga \u00e1 eina l\u00f8tu, er hetta eitt sindur \u00ed ands\u00f8gn vi\u00f0 sj\u00e1lvan \u00edtr\u00f3ttin, i\u00f0 alt\u00ed\u00f0 strembar fram m\u00f3ti n\u00e6sta m\u00e1linum. T\u00e1 vit seta okkum aftur\u00e1, og fort\u00ed\u00f0ar avrik fylla meira \u00ed sinninum enn framt\u00ed\u00f0ar dreymar, er t\u00ed\u00f0 at gevast.<\/p>\n<p>Hetta vildi kanska veri\u00f0 n\u00e6rlagt \u00ed \u00e1r, n\u00fa \u00cdtr\u00f3ttasamband F\u00f8roya fyllir 70 \u00e1r. Sum 70 \u00e1ra gamal er kanska natt\u00farligt at hyggja aftureftir, men vi\u00f0 r\u00e1kinum \u00ed dag vi\u00f0 longdari livit\u00ed\u00f0 og betra\u00f0ari l\u00edvsg\u00f3\u00f0sku, kann roknast vi\u00f0, at n\u00f3gv g\u00f3\u00f0 \u00e1r eru eftir.<\/p>\n<p>Ta\u00f0 h\u00f3skar t\u00ed v\u00e6l, at 2009 er r\u00f8rslu\u00e1r \u00ed F\u00f8royum. \u00c1 hv\u00f8nn h\u00e1tt kundu vit betur h\u00e1t\u00ed\u00f0arhildi\u00f0 runda f\u00f8\u00f0ingardagin hj\u00e1 \u00edtr\u00f3ttasambandinum, enn vi\u00f0 j\u00fast at s\u00edggja allar f\u00f8royingar r\u00f8ra seg \u00ed skipa\u00f0um og \u00f3skipa\u00f0um \u00edtr\u00f3tti?<\/p>\n<p>Vit vilja t\u00ed vi\u00f0 hesi fr\u00e1grei\u00f0ing ly\u0301sa virksemi\u00f0 farna \u00e1ri\u00f0 sum kl\u00edpi \u00ed st\u00f8\u00f0uga frambur\u00f0inum hj\u00e1 \u00edtr\u00f3ttinum. Vit r\u00f8kka ongant\u00ed\u00f0 \u00e1 m\u00e1l, t\u00ed vit seta okkum st\u00f8\u00f0ugt ny\u0301ggj m\u00e1l. Hetta er \u00edtr\u00f3ttur.<\/p>\n<p><strong>Almennur stu\u00f0ul<\/strong><br \/>\nJ\u00e1ttanin \u00e1 f\u00edggjarl\u00f3gini til \u00edtr\u00f3tt st\u00f3\u00f0 \u00ed sta\u00f0 \u00ed n\u00f3gv \u00e1r, men \u00ed t\u00ed\u00f0arskei\u00f0inum 2008-90 hendi ta\u00f0 gle\u00f0iliga, at l\u00f8gtingi\u00f0 valdi at h\u00e6kka j\u00e1ttanina til \u00edtr\u00f3tt \u00ed tveimum f\u00f8rum. \u00c1 f\u00edggjarl\u00f3gini fyri 2008, i\u00f0 var\u00f0 samtykt \u00ed mai 2008, v\u00f3ru 100.000 kr\u00f3nur settar av til Nor\u00f0urlendska skrivstovu hj\u00e1 \u00cdSB, og 100.000 v\u00f3ru somulei\u00f0is settar av til kvinnuf\u00f3tb\u00f3lt. \u00cdtr\u00f3ttasambandi\u00f0 fegna\u00f0ist um stu\u00f0ulin, h\u00f3ast vit v\u00edstu almennu myndugleikunum \u00e1, at ta\u00f0 var \u00f3heppi\u00f0, at l\u00f8gtingi\u00f0 marka\u00f0i j\u00e1tta\u00f0an pening beinlei\u00f0is til \u00e1v\u00edsar \u00edtr\u00f3ttagreinir.<\/p>\n<p>\u00c1 f\u00edggjarl\u00f3gini fyri 2009 v\u00f3r\u00f0u so 600.000 kr\u00f3nur settar av til \u00farvals\u00edtr\u00f3tt. \u00cd mun til t\u00e6r 2 milli\u00f3nirnar, sum \u00cdSF hevur fingi\u00f0 \u00ed n\u00f3gv \u00e1r, var hetta ein g\u00f3\u00f0 h\u00e6kking. Stu\u00f0ulin til \u00edtr\u00f3ttafer\u00f0ir innanoyggja er \u00f3broyttur 3,25 milli\u00f3nir kr\u00f3nur.<\/p>\n<p>\u00cdtr\u00f3ttasamband F\u00f8roya eftirly\u0301sir eini felags j\u00e1ttan til f\u00f8royskan \u00edtr\u00f3tt heldur enn serstakar j\u00e1ttanir til eitt n\u00fa \u00cdSF og fer\u00f0ing innanoyggja. Hetta hev\u00f0i b\u00f8tt um r\u00e1sar\u00fami\u00f0 og l\u00e6tt um tilr\u00e6ttisleggingina av virkseminum hj\u00e1 \u00edtr\u00f3ttinum.<\/p>\n<p>Ta\u00f0 er samstundis av alst\u00f3rum ty\u0301dningi, at \u00cdtr\u00f3ttasamband F\u00f8roya eisini \u00ed framt\u00ed\u00f0ini f\u00e6r j\u00e1tta\u00f0an pening til \u00edtr\u00f3tta- og ungd\u00f3msr\u00e1\u00f0gevan. Higartil er hesin peningurin \u00ed styttri og longri t\u00ed\u00f0arskei\u00f0 j\u00e1tta\u00f0ur fyribils av Veddingarpeninginum, sum Mentam\u00e1lar\u00e1\u00f0i\u00f0 umsitur. \u00cdtr\u00f3ttasamband F\u00f8roya ynskir, at skipanin vi\u00f0 r\u00e1\u00f0gevanum kemur \u00ed eina fasta legu, antin sum partur av veddingarpeninginum ella \u00e1 f\u00edggjarl\u00f3gini.<\/p>\n<p><strong>\u00cdtr\u00f3ttavedding<\/strong><br \/>\nSt\u00f3ri parturin av f\u00edggingini av sersambondunum kemur fr\u00e1 stu\u00f0linum fr\u00e1 \u00cdtr\u00f3ttavedding. Ta\u00f0 eru \u00cdtr\u00f3ttasamband F\u00f8roya, F\u00f8roya Landsty\u0301ri og F\u00f8roya Ungd\u00f3msr\u00e1\u00f0, sum eru partaeigarar \u00ed Sp\/f \u00cdtr\u00f3ttarvedding, og ta\u00f0 eru hesi, i\u00f0 f\u00e1a \u00e1g\u00f3\u00f0an av veddingini solei\u00f0is, at \u00cdtr\u00f3ttasambandi\u00f0 f\u00e6r 60 prosent, F\u00f8roya Ungd\u00f3msr\u00e1\u00f0 20 prosent og landssty\u0301risma\u00f0urin vi\u00f0 mentam\u00e1lum 20 prosent.<\/p>\n<p>Fyrsta avtalan, i\u00f0 \u00cdtr\u00f3ttavedding gj\u00f8rdi vi\u00f0 Danske Spil eftir \u201eentrepren\u00f8rmodellinum\u201c, var \u00fati \u00e1 sumri 2008. Og ny\u0301ggj avtala, eftir sama leisti sum undanfarna er undirskriva\u00f0. Avtalan er galdandi fr\u00e1 1. juni 2008 og til 2013. Vit f\u00e1a n\u00fa \u00fatluta\u00f0an pening eftir, hvussu n\u00f3gvur umsetningur er \u00ed F\u00f8royum, fr\u00e1drigi\u00f0 vinningar og umsiting annars, sum Danske Spil tekur s\u00e6r av. T. v. s. at n\u00fa er talan um n\u00e6rum f\u00f8royskt sp\u00e6l, men t\u00f3 hava vit atgongd til st\u00f3ru vinningarnar hj\u00e1 Danske Spil, m. a. Lotto, har vinningarnir hv\u00f8rja viku eru fleiri milli\u00f3nir. Onkur milli\u00f3ningur man helst vera komin \u00ed F\u00f8royum grunda\u00f0 \u00e1 hetta.<\/p>\n<p>\u00cdSF f\u00e6r \u00e1 lei\u00f0 somu upph\u00e6dd \u00fatluta\u00f0a \u00ed \u00e1r, sum undanfarna \u00e1r, umlei\u00f0 5.4 mi\u00f3 kr, og hetta gle\u00f0ast vit innan \u00edtr\u00f3ttina um, t\u00ed uttan hesa avtalu og hesar pengar, hev\u00f0i veri\u00f0 torf\u00f8rt at skipa\u00f0 fyri tilt\u00f8kum innan \u00edtrott.<\/p>\n<p><strong>Nor\u00f0urlenskur stu\u00f0ul<\/strong><br \/>\nF\u00f8royskur \u00edtr\u00f3ttur hevur \u00ed n\u00f3gv \u00e1r fingi\u00f0 stu\u00f0ul fr\u00e1 Nor\u00f0urlendska R\u00e1\u00f0harrar\u00e1\u00f0num til lutt\u00f8ku hj\u00e1 ungum \u00ed nor\u00f0urlendskum \u00edtr\u00f3ttakappingum. F\u00f8royar, \u00cdsland og Gr\u00f8nland hava fingi\u00f0 lut \u00ed tilsamans 1 milli\u00f3n kr\u00f3nur. F\u00f8royski parturin av hesum hevur veri\u00f0 knappar 300.000 kr\u00f3nur. Hesin stu\u00f0ulin er n\u00fa fallin burtur, vi\u00f0 ta\u00f0 at r\u00e1\u00f0harrar\u00e1\u00f0i\u00f0 hevur valt at gevast vi\u00f0 stu\u00f0linum til \u00edtr\u00f3tt.<\/p>\n<p>Nor\u00f0urlendsku \u00edtr\u00f3ttasambondini og olympisku nevndirnar undirskriva\u00f0u \u00e1 nor\u00f0urlendska felagsfundinum<br \/>\n\u00ed fj\u00f8r eina \u00e1heitan \u00e1 Nor\u00f0urlendska R\u00e1\u00f0harrar\u00e1\u00f0i\u00f0 at skipa fyri, at stu\u00f0ulin var\u00f0 tikin upp aftur. Hesin stu\u00f0ulin er farin beinlei\u00f0is til nor\u00f0urlendska lutt\u00f8ku hj\u00e1 ungum, i\u00f0 ikki alt\u00ed\u00f0 hava so l\u00e6tt vi\u00f0 at finna vinnuligar stu\u00f0lar, og t\u00ed harmast \u00cdtr\u00f3ttasambandi\u00f0 almiki\u00f0, at stu\u00f0ulin fyribils er avtikin.<\/p>\n<p>\u00cdtr\u00f3ttasamband F\u00f8roya hevur heitt \u00e1 Mentam\u00e1lar\u00e1\u00f0i\u00f0 at gera s\u00edtt til, at t\u00e1tturin ver\u00f0ur tikin upp aftur, og Mentam\u00e1lar\u00e1\u00f0i\u00f0 hevur bori\u00f0 ynski\u00f0 v\u00ed\u00f0ari til Nor\u00f0urlendska R\u00e1\u00f0harrar\u00e1\u00f0i\u00f0.<\/p>\n<p><strong>F\u00f8rleikamenning<\/strong><br \/>\n\u00c1 stj\u00f3rnarfundi 21. august 2008 var\u00f0 avger\u00f0 tikinum at seta pening av til grundleggjandi skei\u00f0 fyri venjarar, hj\u00e1lparf\u00f3lk og lei\u00f0arar hj\u00e1 b\u00f8rnum og ungum. H\u00f3ast fleiri \u00edtr\u00f3ttagreinir hava v\u00e6lskipa\u00f0 skei\u00f0stilbo\u00f0 innan s\u00edna egnu \u00edtr\u00f3ttagrein, var\u00f0 \u00e1 evnisdegnum \u00e1 heysti 2007 mett, at t\u00f8rvur var \u00e1 f\u00f8rleikamenning av venjarum hj\u00e1 b\u00f8rnum og ungum.<\/p>\n<p>S\u00ed\u00f0ani eru \u00ed fy\u0301ra umf\u00f8rum, \u00e1 heysti 2008 og v\u00e1ri 2009, hildin skei\u00f0 vi\u00f0 heitinum \u201e\u00cdtr\u00f3ttur fyri b\u00f8rn og ung\u201c. Eisini hevur eitt v\u00ed\u00f0ka\u00f0 skei\u00f0 veri\u00f0 um \u00edtr\u00f3ttavenjing og \u00edtr\u00f3ttaska\u00f0ar. Skei\u00f0ini eru partar av venjara\u00fatb\u00fagvingini hj\u00e1 danska \u00edtr\u00f3ttasambandinum, i\u00f0 eisini hevur l\u00e6nt okkum skei\u00f0shaldarar.<\/p>\n<p>Flest allar \u00edtr\u00f3ttagreinir hava tiki\u00f0 lut \u00e1 skei\u00f0unum, og umm\u00e6lini hava veri\u00f0 sera jalig. Stj\u00f3rnin hevur avgj\u00f8rt at halda fram vi\u00f0 skei\u00f0sr\u00f8\u00f0ini.<\/p>\n<p>\u00cd samband vi\u00f0 a\u00f0alfundin \u00ed 2008 var\u00f0 ein ny\u0301ggjur t\u00e1ttur royndur, har f\u00f8rleikamenning gj\u00f8rdist partur av sj\u00e1lvum a\u00f0alfundinum hj\u00e1 \u00cdSF. Svein Femtehjell \u00far Noregi helt fyrilestur um \u201e\u00cdtr\u00f3tt sum menningarsta\u00f0 fyri b\u00f8rn og ung\u201c og \u00ed \u00e1r er ta\u00f0 so Jan Gudnitz \u00far Danmark, i\u00f0 fer at grei\u00f0a fr\u00e1 evninum \u201eFelagi\u00f0 sum eitt li\u00f0, nevndin sum eitt toymi.\u201c<\/p>\n<p><strong>\u00darvals\u00edtr\u00f3tt<\/strong><br \/>\n\u00cd kjalarv\u00f8rrinum \u00e1 fleiri g\u00f3\u00f0um avrikum hj\u00e1 f\u00f8royskum \u00edtr\u00f3ttarf\u00f3lki \u00ed 2008, eitt n\u00fa P\u00e1l Joensen \u00ed svimjing, Katrin Olsen \u00ed r\u00f3\u00f0ri og f\u00f8royskum f\u00f3tb\u00f3lti \u00ed evropeiskum kappingum, var\u00f0 skipa\u00f0 fyri einum evniskv\u00f8ldi um \u00farvals\u00edtr\u00f3tt \u00ed \u00datvarpsh\u00f8llini 3. november 2008.<\/p>\n<p>Magni Mohr, Katrin Olsen og J\u00f3n Bjarnason h\u00f8vdu framl\u00f8gur, og s\u00ed\u00f0an var kjak millum fundarluttakarar og eitt panel manna\u00f0 vi\u00f0 Kaj Leo Johannesen, l\u00f8gmanni, Helenu Dam \u00e1 Neystb\u00f8, mentam\u00e1lar\u00e1\u00f0harra, P\u00e1ll Isholm, lei\u00f0ara av mi\u00f0n\u00e1mssk\u00fala vi\u00f0 \u00edtr\u00f3ttabreyt, Kristinu H\u00e1foss, umb\u00f0andi vinnul\u00edvi\u00f0, Una Arge, fyrrverandi yrkis\u00edtr\u00f3ttaf\u00f3lki, Katrin Brisenfeldt, \u00cdSB-svimjara og lei\u00f0ara, Hera Ziska, \u00edtr\u00f3ttarprofili, og S\u00f8lva Reinert Hansen, \u00cdSF-forseta. Evniskv\u00f8ldi\u00f0 var\u00f0 sent beinlei\u00f0is \u00ed \u00datvarpinum, samstundis sum livandi myndir og framl\u00f8gur og anna\u00f0 tilfar kundu s\u00edggjast \u00e1 heimas\u00ed\u00f0uni hj\u00e1 Kringvarpinum. \u00cdtr\u00f3ttasamband F\u00f8roya fegnast um hetta frambroti \u00ed samstarvinum millum \u00cdSF og Kringvarpi\u00f0.<\/p>\n<p>Stj\u00f3rnin vi\u00f0gj\u00f8rdi \u00e1 fundi \u00ed november evniskv\u00f8ldi\u00f0 og \u00farvals\u00edtr\u00f3tt sum heild. H\u00f3ast jalig fyri eini \u00farvalsskipan, st\u00f3\u00f0 greitt, at hetta ikki var ein uppg\u00e1va, i\u00f0 verandi f\u00edggjarkarmar hj\u00e1 \u00edtr\u00f3ttinum megna\u00f0u at r\u00fama.<\/p>\n<p>\u00cd samband vi\u00f0 f\u00edggjarl\u00f3garvi\u00f0ger\u00f0ina hev\u00f0i starvsnevndin fundir vi\u00f0 umbo\u00f0 fyri politisku flokkarnar, har greitt var\u00f0 fr\u00e1 t\u00ed, i\u00f0 r\u00f8rdi seg \u00ed f\u00f8royska \u00edtr\u00f3ttarheiminum. T\u00e1 avtorna\u00f0i valdi l\u00f8gtingi\u00f0 at seta kr. 600.000 av til \u00farvals\u00edtr\u00f3tt \u00e1 f\u00edggjarl\u00f3gini fyri 2009.<\/p>\n<p>\u00cd januar v\u00f3ru kanningar gj\u00f8rdar av skipanum fyri \u00farvals\u00edtr\u00f3tt \u00ed \u00cdslandi, Danmark og Sv\u00f8r\u00edki. \u00c1 stj\u00f3rnarfundi \u00ed februar var\u00f0 m\u00e1li\u00f0 umr\u00f8tt av ny\u0301ggjum. Ta\u00f0 er greitt, at ta\u00f0 eru n\u00f3gvir h\u00e6ttir at skipa eitt arbei\u00f0i innan eitt so v\u00ed\u00f0fevnt evni sum \u00farvals\u00edtr\u00f3tt. Og t\u00ed var kjaki\u00f0 fj\u00f8lbroytt og l\u00edvligt. Starvsnevndin hev\u00f0i gj\u00f8rt uppskot, i\u00f0 fevndi um fy\u0301ra t\u00e6ttir: beinlei\u00f0is stu\u00f0ul til \u00fatvald \u00farvals\u00edtr\u00f3ttaf\u00f3lk, kanningar, skipa\u00f0i lestrarvi\u00f0urskifti og eitt r\u00e1\u00f0gevandi toymi.<\/p>\n<p>Stj\u00f3rnin t\u00f3k at enda avger\u00f0 um at seta g\u00f3\u00f0an helmingin av peninginum til \u00farvals\u00edtr\u00f3tt av til strembanina eftir at gera P\u00e1l Joensen til besta svimjara \u00ed heiminum. Restin var\u00f0 sett av til kanningar og upply\u0301sing. Sum li\u00f0ur \u00ed hesum seinna vera tvey evniskv\u00f8ld fyri oyggjaleikaluttakarar n\u00fa fram til Oyggjaleikirnar \u00e1 \u00c1landi.<\/p>\n<p>Stj\u00f3rnin valdi \u00ed fyrsta umfari ikki at fara at leita eftir vinnuligum stu\u00f0lum, eftirsum hesir stu\u00f0lar ivaleyst mugu finnast millum teir, i\u00f0 longu stu\u00f0la sersambondum og \u00edtr\u00f3ttafel\u00f8gum. Vi\u00f0 f\u00edggjarligu \u00fatlitunum beint n\u00fa metti stj\u00f3rnin ta\u00f0 ikki vera r\u00e6tt, um ein \u00farvalsskipan tekur stu\u00f0lar fr\u00e1 \u00f8\u00f0rum p\u00f8rtum av \u00edtr\u00f3ttinum.<\/p>\n<p><strong>Etikkur og vir\u00f0ir<\/strong><br \/>\n\u00cd samband vi\u00f0 vi\u00f0ger\u00f0ina av \u00farvals\u00edtr\u00f3tti lutt\u00f3ku Katrin Joensen, skrivari \u00ed starvsnevndini, og Ninna R. \u00d8rvarodd av skrivstovuni eisini \u00ed einum nor\u00f0urlendskum seminari um etikk og vir\u00f0ir innan \u00farvals\u00edtr\u00f3tt, sum danska \u00edtr\u00f3ttasambandi\u00f0 skipa\u00f0i fyri. Lj\u00f3s var\u00f0 varpa\u00f0 \u00e1 evni\u00f0, ymsu londini h\u00f8vdu h\u00f8vi at grei\u00f0a fr\u00e1 s\u00ednum arbei\u00f0i \u00e1 \u00f8kinum, og tosa\u00f0 var\u00f0 um, hvussu f\u00f8gru or\u00f0ini og g\u00f3\u00f0i viljin kundi ny\u0301tast \u00ed dagliga arbei\u00f0inum innan \u00edtr\u00f3tt.<\/p>\n<p><strong>F\u00f8royar \u00ed r\u00f8rslu<\/strong><br \/>\n\u00cdtr\u00f3ttasamband F\u00f8roya heitti \u00e1 a\u00f0alfundinum 2002 \u00e1 landsins myndugleikar at skipa fyri einum r\u00f8rslu\u00e1ri, \u201eF\u00f8royar \u00ed r\u00f8rslu\u201c, har samfelagi\u00f0 \u00ed s\u00edni heild varpar lj\u00f3s \u00e1 ty\u0301dningin av at r\u00f8ra seg. \u00cd 2008 valdi Hans Pauli Str\u00f8m, landssty\u0301risma\u00f0ur \u00ed heilsum\u00e1lum, at \u00fatnevna 2009 til r\u00f8rslu\u00e1r.<\/p>\n<p>\u00cd hesum sambandi skipa\u00f0u Heilsum\u00e1lar\u00e1\u00f0i\u00f0, F\u00f3lkaheilsur\u00e1\u00f0i\u00f0 og \u00cdtr\u00f3ttasamband F\u00f8roya fyri r\u00e1\u00f0stevnu um \u201eF\u00f8royar \u00ed r\u00f8rslu\u201c \u00ed Nor\u00f0urlandah\u00fasinum 11. mars. Tr\u00edggir serfr\u00f8\u00f0ingar, Magni Mohr, Ilkka Vuori og Bengt Sevelius l\u00f8gdu fyri vi\u00f0 fyrilestrum um ty\u0301dningin av at r\u00f8ra seg, hvussu politiska skipanin fekst at stu\u00f0la undir likamsvirkni og \u00edkasti hj\u00e1 \u00edtr\u00f3ttarfel\u00f8gum til f\u00f3lkaheilsuna. S\u00ed\u00f0ani v\u00f3ru styttri innlegg um so fj\u00f8lbroytt evni sum hvat \u00edtr\u00f3ttafel\u00f8gini kunnu gera, gongu- og s\u00fakklug\u00f8tur, by\u0301arskipan og r\u00f8rsla, eldri og r\u00f8rsla, r\u00f8rsla \u00e1 arbei\u00f0spl\u00e1ssunum, r\u00f8rsla hj\u00e1 b\u00f8rnum og ungum \u00ed sk\u00falum og \u00edtr\u00f3ttabarnagar\u00f0ur \u00e1 Svangaskar\u00f0i. \u00cd apr\u00edl og mai hevur ein b\u00f3lkur fer\u00f0ast kring landi\u00f0 fyri at kveikja \u00e1hugan fyri lutt\u00f8ku \u00ed r\u00f8rslu\u00e1rinum.<\/p>\n<p>\u00cdtr\u00f3ttasamband F\u00f8roya fyllir 70 \u00e1r \u00ed \u00e1r \u00cd t\u00ed sambandinum ver\u00f0ur skipa\u00f0 fyri eini r\u00f8rslun\u00e1tt fyri ung leygarkv\u00f8ldi\u00f0 23. mai. \u00c6tlanin er, at so n\u00f3gv \u00edtr\u00f3ttarfel\u00f8g sum gj\u00f8rligt skipa fyri, at hallir og vallir kring landi\u00f0 vera opin inntil \u00fat \u00e1 n\u00e1ttina, so ung kunnu koma framvi\u00f0 og royna ymsar \u00edtr\u00f3ttagreinir. \u00cdtr\u00f3ttasamband F\u00f8roya hevur set \u00c1lv Hansen at samskipa hetta arbei\u00f0i.<\/p>\n<p>Annars er at fegnast um, at \u00edtr\u00f3ttarfel\u00f8g og onnur fel\u00f8g og stovnar kring landi\u00f0 hava tiki\u00f0 r\u00f8rslu\u00e1ri\u00f0 til s\u00edn. Ta\u00f0 gerst alt meiri vanligt at hoyra, at okkurt tiltak ver\u00f0ur fyriskipa\u00f0 \u00ed samband vi\u00f0 at 2009 er r\u00f8rslu\u00e1r. Og hetta var j\u00fast ynskist\u00f8\u00f0an, at f\u00f3lk \u00ed ymsum h\u00f8pum kring landi\u00f0 f\u00e1a hugskot og skipa fyri r\u00f8rslutilt\u00f8kum. Einki tiltak er ov l\u00edti\u00f0 og einki ov st\u00f3rt. Alt er v\u00e6lkomi\u00f0.<\/p>\n<p><strong>Lei\u00f0beining innan skatt og mvg<\/strong><br \/>\n\u00cdSF hevur gj\u00f8rt eina lei\u00f0beining, sum gevur fel\u00f8gum, nevndarlimum, kassameistarum, \u00ed\u00f0karum, hj\u00e1lparf\u00f3lkum v. m. \u2013 ja, teimum, sum \u00ed t\u00ed dagliga vara av \u00edtr\u00f3ttini, innlit \u00ed og svar upp\u00e1 teir mest ty\u0301\u00f0andi t\u00e6ttirnar innan skatt og meirvir\u00f0isgjald, t\u00e1 um \u00edtr\u00f3ttina umr\u00e6\u00f0ur. Dentur hevur veri\u00f0 lagdur \u00e1 at gera lei\u00f0beiningina l\u00e6tt atgongiliga hj\u00e1 leikf\u00f3lki, uttan serligt innlit \u00ed skatta-og mvg vi\u00f0urskifti.<\/p>\n<p>Lei\u00f0beiningin er gj\u00f8rd \u00ed t\u00f8ttum samstarvi vi\u00f0 grannsko\u00f0ara \u00cdSF\u00b4s, Sp\/f Grannsko\u00f0aravirki\u00f0 INPACT, l\u00f8ggilt grannsko\u00f0aravirki, sum hevur veitt hj\u00e1lp og r\u00e1\u00f0geving i sambandi vi\u00f0 \u00fatg\u00e1vuna av lei\u00f0beingini. Lei\u00f0beiningin er by\u0301tt upp \u00ed 2 partar, har fyrri parturin sny\u0301r seg um skattlig vi\u00f0urskifti, me\u00f0an seinni parturin umr\u00f8\u00f0ur meirvir\u00f0isgjald. Fel\u00f8g og sersambond ver\u00f0a kunna\u00f0 um lei\u00f0beiningina \u00ed n\u00e6stum.<\/p>\n<p><strong>Structure<\/strong><br \/>\nSeinastu \u00e1rini hevur ta\u00f0 veri\u00f0 alt meiri vanligt, at kjakast hevur veri\u00f0 um bygna\u00f0in hj\u00e1 \u00cdtr\u00f3ttasambandi F\u00f8roya, t.d. \u00ed samband vi\u00f0 at fel\u00f8g, i\u00f0 \u00ed\u00f0ka ny\u0301ggjar \u00edtr\u00f3ttagreinir, s\u00f8kja um limaskap \u00ed \u00cdSF, ella undir umr\u00f8\u00f0u av tali og st\u00f8dd \u00e1 sersambondunum. Stj\u00f3rnin hevur t\u00ed \u00e1 fundi 30. apr\u00edl 2009 tiki\u00f0 avger\u00f0 um, at farast skal undir at endursko\u00f0a bygna\u00f0in \u00ed \u00edtr\u00f3ttasambandinum. Mi\u00f0a\u00f0 ver\u00f0ur eftir, at uttanhy\u0301sis r\u00e1\u00f0geving \u00ed samr\u00e1\u00f0 vi\u00f0 stj\u00f3rn \u00cdSF ger uppskot til ny\u0301ggjan bygna\u00f0, so hesin kann ver\u00f0a kl\u00e1rur til n\u00e6sta a\u00f0alfund.<\/p>\n<p><strong>Altj\u00f3\u00f0a samstarv<\/strong><br \/>\nTa\u00f0 hevur alst\u00f3ran ty\u0301dning fyri f\u00f8royskan \u00edtr\u00f3tt, at dentur ver\u00f0ur lagdur \u00e1 altj\u00f3\u00f0a lutt\u00f8ku, b\u00e6\u00f0i \u00ed \u00edtr\u00f3ttarkappingum og altj\u00f3\u00f0a samstarvi. Flestu av sersambondunum eru altj\u00f3\u00f0a vi\u00f0urkend og \u00e1taka s\u00e6r \u00e1byrgd samsvarandi. Stj\u00f3rnin t\u00f3k 21. august 2008 avger\u00f0 um, at \u00cdtr\u00f3ttasamband F\u00f8roya skal stu\u00f0la teimum \u00edtr\u00f3ttagreinum f\u00edggjarliga, i\u00f0 \u00e1taka s\u00e6r at umbo\u00f0a F\u00f8royar \u00ed altj\u00f3\u00f0a nevndum innan teirra \u00edtr\u00f3ttagrein.<\/p>\n<p><strong>Oyggjaleikir 2009<\/strong><br \/>\n\u00cd d\u00f8gunum 27. juni til 4. juli ver\u00f0ur skipa\u00f0 fyri Oyggjaleikum \u00ed \u00c1landi. Hesir leikirnir eru teir trettandu \u00ed r\u00f8\u00f0ini, og F\u00f8royar ver\u00f0a sum alt\u00ed\u00f0 v\u00e6l umbo\u00f0a\u00f0ar. Eftir eitt sera gott avrik seinast \u00e1 Rodos, F\u00f8royar gj\u00f8rdust samanlagt nummar 3 av teimum 25 luttakandi oyggjasamfel\u00f8gunum vi\u00f0 24 gull-, 19 silvur- og 12 bronsuhei\u00f0ursmerkjum, eru v\u00f3nirnar til hei\u00f0ursmerki g\u00f3\u00f0ar hesa fer\u00f0 eisini.<\/p>\n<p>Fyrireikingarnar eru \u00ed h\u00e6ddini. Eini 110 \u00edtr\u00f3ttaf\u00f3lk fara at umbo\u00f0a F\u00f8royar \u00e1 leikunum innan hesar \u00edtr\u00f3ttagreinir: badminton, bogaskj\u00f3ting, bor\u00f0tennis, fimleik, flogb\u00f3lt, fr\u00e6lsan \u00edtr\u00f3tt, golf, judo, skj\u00f3ting og svimjing. Badminton og fimleikur eru vi\u00f0 aftur, me\u00f0an kappingar \u00ed s\u00fakkling og triathlon t\u00edanverri ikki ver\u00f0a fyriskipa\u00f0ar \u00e1 hesum leikunum. Fari\u00f0 ver\u00f0ur vi\u00f0 tveimum leiguflogf\u00f8rum til \u00c1lands, og gist ver\u00f0ur ymsa sta\u00f0ni \u00ed og \u00ed n\u00e1nd av Mariehamn, har flestu av okkara \u00edtr\u00f3ttaf\u00f3lkum fara at \u00ed\u00f0ka. \u00cd 2011 vera Oyggjaleikirnir \u00e1 Isle of Wight og \u00ed 2013 \u00e1 Bermuda.<\/p>\n<p><strong>Oyggjaleikir \u00ed F\u00f8royum aftur<\/strong><br \/>\nFyri trimum \u00e1rum s\u00ed\u00f0ani settu F\u00f8royar munnligt ynski fram, um at ver\u00f0a vertur fyri Oyggjaleikunum \u00ed 2015. Endaliga freistin at lata inn skrivligt bo\u00f0 er \u00ed september 2009, og avger\u00f0in ver\u00f0ur tikin vi\u00f0 atkv\u00f8\u00f0ugrei\u00f0slu millum limaoyggjarnar \u00ed samband vi\u00f0 a\u00f0alfundin hj\u00e1 Altj\u00f3\u00f0a Oyggjaleikanevndini \u00e1 sumri 2010.<\/p>\n<p>Ein b\u00f3lkur manna\u00f0ur vi\u00f0 umbo\u00f0um fyri \u00cdtr\u00f3ttasambandi\u00f0, kommunur og land hevur arbeitt vi\u00f0 m\u00e1linum. \u00cdtr\u00f3ttasamband F\u00f8roya hevur samstundis gj\u00f8rt eitt greinandi arbei\u00f0i fyri at f\u00e1a sta\u00f0fest, hvat skal til fyri at gerast vertur \u00ed 2015, og hv\u00f8rjari st\u00f8\u00f0u F\u00f8royar eru \u00ed \u00ed so m\u00e1ta.<\/p>\n<p>\u00cd februar avgj\u00f8rdi stj\u00f3rnin hj\u00e1 \u00cdSF, at F\u00f8royar ikki skulu lata inn skrivliga ums\u00f3kn um at gerast vertur fyri Oyggjaleikunum \u00ed 2015. Avger\u00f0in var\u00f0 tikin vi\u00f0 st\u00f8\u00f0i \u00ed fleiri vi\u00f0urskiftum. Leikirnir \u00ed 2013 ver\u00f0a \u00e1 Bermuda, og ver\u00f0a hesir mettir at ver\u00f0a dy\u0301rir. Sannl\u00edkindini fyri, at oyggjarnar ynskja at fer\u00f0ast langvegis til F\u00f8royar longu leikirnar aftan\u00e1, eru t\u00ed l\u00edtil. Samstundis hava vit sera avmarka\u00f0ar gistingarm\u00f8guleikar \u00ed mun til luttakararatali\u00f0 \u00e1 leikunum, sum ta\u00f0 er vor\u00f0i\u00f0. Vit mangla eisini \u00f8ki til eitt n\u00fa golf, i\u00f0 er ein sera v\u00e6lumt\u00f8kt \u00edtr\u00f3ttagrein \u00ed oyggjaleikah\u00f8pi. Vi\u00f0v\u00edkjandi 2015 eru vit eisini \u00ed t\u00ed \u00f3hepnu st\u00f8\u00f0u, at eitt anna\u00f0 nor\u00f0urlendskt oyggjasamfelag, Gotland, hevur \u00ed hyggju at bj\u00f3\u00f0a upp\u00e1 leikirnar.<\/p>\n<p>\u00c6tlanin, at skipa fyri oyggjaleikunum aftur, er t\u00f3 ikki slept. \u00cd heyst fer \u00cdtr\u00f3ttasamband F\u00f8roya at taka stig til, at gj\u00f8rd ver\u00f0ur ein mi\u00f0v\u00eds \u00e6tlan fyri, hvussu vit f\u00e1a leikirnar aftur hendan vegin.<\/p>\n<p><strong>Olympisku leikirnir<\/strong><br \/>\nEin nat\u00farligur partur av tilgongdini at vinna F\u00f8royum altj\u00f3\u00f0a limaskapir innan \u00edtr\u00f3tt \u00ed 1970unum og 1980unum var ums\u00f3knin at gerast limur \u00ed altj\u00f3\u00f0a olympisku nevndini, IOC. F\u00f8royar s\u00f8ktu um limaskap \u00ed 1984, men ums\u00f3knin var\u00f0 ikki vi\u00f0gj\u00f8rd av IOC. H\u00f3ast \u00e1v\u00edsar royndir at f\u00e1a ums\u00f3knina vi\u00f0gj\u00f8rda, ey\u00f0na\u00f0ist ta\u00f0 ikki hesi \u00e1rini.<\/p>\n<p>F\u00f8royar endurny\u0301ggja\u00f0u ums\u00f3knina \u00ed 2003, men hava fingi\u00f0 sum svar fr\u00e1 IOC, at galdandi l\u00f3gin hj\u00e1 IOC bert loyvir londum, i\u00f0 eru vi\u00f0urkend av Sameindu Tj\u00f3\u00f0um, at gerast limir \u00ed IOC. Ta\u00f0 er t\u00ed ein grei\u00f0 fortreyt fyri f\u00f8royskum limaskapi \u00ed IOC, at F\u00f8royar f\u00e1a ST-limaskap.<\/p>\n<p>\u00cd eini roynd at f\u00e1a eitt l\u00edkinda samstarv \u00ed lag vi\u00f0 Olympiska r\u00f8rsluna lutt\u00f3ku S\u00f8lvi Reinert Hansen, forseti, og Petur Elias Petersen, varaforseti, \u00e1 tri\u00f0ja sinni sum eyglei\u00f0arar \u00e1 a\u00f0alfundinum hj\u00e1 Evropeisku Olympisku Nevndini, EOC, \u00ed november 2008. Samskift hevur eisini veri\u00f0 um m\u00f8guleikan at f\u00e1a atgongd til evropeisku sm\u00e1tj\u00f3\u00f0aleikirnar. Spurningurin er t\u00f3, um hesir leikirnir hava so st\u00f3ran \u00e1huga. Teir eru sm\u00e6rri enn Oyggjaleikirnir og sum heild \u00e1 einum l\u00e6gri \u00edtr\u00f3ttarligum st\u00f8\u00f0i. Sm\u00e1tj\u00f3\u00f0aleikirnir ver\u00f0a samstundis fyriskipa\u00f0ir beint undan Oyggjaleikunum.<\/p>\n<p><strong>ENGSO<\/strong><br \/>\n\u00cdtr\u00f3ttasamband F\u00f8roya hevur seinastu \u00e1rini havt ein virknan leiklut \u00ed evropeiska felagsskapinum fyri \u00edtr\u00f3ttasambond og olympiskar nevndir, ENGSO. Seinasta \u00e1ri\u00f0 hava S\u00f8lvi Reinert Hansen, forseti, og Annika H. Lindenskov, \u00edtr\u00f3ttar\u00e1\u00f0gevi, tiki\u00f0 lut \u00ed \u00e1rligu r\u00e1\u00f0stevnuni hj\u00e1 felagsskapinum, me\u00f0an Petur Elias Petersen, varaforseti, umbo\u00f0a\u00f0i F\u00f8royar \u00e1 a\u00f0alfundinum hj\u00e1 felagsskapinum.<\/p>\n<p><strong>Nor\u00f0urlendskt samstarv<\/strong><br \/>\n\u00cdtr\u00f3ttasamband F\u00f8roya hevur sum vant tiki\u00f0 lut \u00ed Nor\u00f0urlendska felagsfundinum. S\u00f8lvi Reinert Hansen og Ninna R. \u00d8rvarodd umbo\u00f0a\u00f0u F\u00f8royar \u00e1 fundinum \u00ed Vierumaki \u00ed Finnlandi \u00ed juni 2008. \u00cd \u00e1r ver\u00f0ur fundurin hildin \u00ed F\u00f8royum, og koma t\u00e1 umbo\u00f0 fyri \u00edtr\u00f3ttasamband og olympiskar nevndir til F\u00f8roya at hittast. Millum evnini, i\u00f0 ver\u00f0a vi\u00f0gj\u00f8rd \u00e1 fundinum, i\u00f0 ver\u00f0ur \u00ed september, eru \u201e\u00cdtr\u00f3ttur og f\u00f3lkaheilsa\u201c og \u201eF\u00edggjarkreppan og \u00edtr\u00f3ttur \u2013 m\u00f8guleikar og h\u00f3ttanir\u201c.<\/p>\n<p><strong>Dopingroyndir<\/strong><br \/>\nDopingeftirlitsnevndin gj\u00f8rdi saman vi\u00f0 kanningarf\u00f3lki fr\u00e1 Anti Doping Danmark 24 dopingroyndir \u00ed fj\u00f8r. Allar h\u00f8vdu negativt \u00farslit. 20 menn og 4 kvinnur innan \u00edtr\u00f3ttagreinarnar f\u00f3tb\u00f3lt (12), flogb\u00f3lt (8) og hondb\u00f3lt (4) v\u00f3r\u00f0u kanna\u00f0i. Helvtin av royndunum v\u00f3r\u00f0u gj\u00f8rdar undir venjing og helvtin \u00ed samband vi\u00f0 kapping.<\/p>\n<p>Annars eru sm\u00e1vegis broytingar gj\u00f8rdar \u00ed dopingreglunum. T.d. er n\u00f8gdin av landi, i\u00f0 ver\u00f0ur latin til royndina, h\u00e6kka\u00f0 \u00far 75 cl. til 90 cl. Reglurnar fyri TUE eru eisini broyttar, solei\u00f0is at t\u00e6r eru linka\u00f0ar fyri amat\u00f8rar og gj\u00f8rdar strangari fyri professionell. Flestu broytingarnar \u00ed reglunum um anti-doping eru fyri professionell \u00edtr\u00f3ttaf\u00f3lk, og eru t\u00ed ikki vi\u00f0komandi hj\u00e1 okkum.<\/p>\n<p>Jens Jensen, politistur, Annika Lindenskov, \u00edtr\u00f3ttar\u00e1\u00f0gevi, og Hjalti Gunnarstein, farmaceutur, eru ny\u0301vald \u00ed nevndina, i\u00f0 hevur \u00e6tlanir um at gera meira vi\u00f0 upply\u0301singarpartin.<\/p>\n<p><strong>Ungd\u00f3msb\u00f3lkur<\/strong><br \/>\n\u00cdtr\u00f3ttasamband var \u00ed 2003 vi\u00f0 \u00e1 stovnandi a\u00f0alfundinum hj\u00e1 evropeiska ungd\u00f3msfelagsskapinum fyri ungar \u00edtr\u00f3ttarlei\u00f0arar, ENGSO Youth. Ta\u00f0 hevur s\u00ed\u00f0ani veri\u00f0 eitt ynski, at \u00cdtr\u00f3ttasambandi\u00f0 t\u00f3k stig til at gera ein b\u00f3lk av ungum \u00edtr\u00f3ttarlei\u00f0arum, i\u00f0 kunnu r\u00e1\u00f0geva \u00ed samband vi\u00f0 mest v\u00ed\u00f0fevna \u00f8ki\u00f0 innan f\u00f8royskan \u00edtr\u00f3tt, arbei\u00f0i\u00f0 millum b\u00f8rn og ung.<\/p>\n<p><strong>Fundir vi\u00f0 fel\u00f8g<\/strong><br \/>\nStarvsnevndin hevur \u00ed hyggju at fara \u00e1 fer\u00f0 kring landi\u00f0 fyri at tosa vi\u00f0 limafel\u00f8gini \u00ed ymsu lokal\u00f8kjunum. Endam\u00e1li\u00f0 er at f\u00e1a at vita, hvat r\u00f8rir seg \u00fati \u00ed fel\u00f8gunum, og hv\u00f8rjar avbj\u00f3\u00f0ingar tey hava. Samstundis er ynskiligt at f\u00e1a at vita, hvussu fel\u00f8gini meta, at \u00cdtr\u00f3ttasamband F\u00f8roya best kann t\u00e6na teirra \u00e1hugam\u00e1lum.<\/p>\n<p><strong>L\u00f8gma\u00f0ur verji<\/strong><br \/>\nSum si\u00f0venja hevur veri\u00f0, fekk l\u00f8gma\u00f0ur, Kaj Leo Johannesen, tann 15. oktober 2008 handa\u00f0 gulln\u00e1l \u00cdSF \u00ed samband vi\u00f0, at hann hev\u00f0i j\u00e1tta\u00f0 at gerast verji hj\u00e1 \u00cdtr\u00f3ttasambandi F\u00f8roya. \u00cd samband vi\u00f0 handanina \u00ed Tinganesi umr\u00f8ddi starvsnevndin hj\u00e1 \u00cdSF og l\u00f8gma\u00f0ur millum anna\u00f0 umst\u00f8\u00f0ur og fortreytir fyri \u00farvals\u00edtr\u00f3tt \u00ed F\u00f8royum og lutt\u00f8ku og limaskap hj\u00e1 F\u00f8royum \u00ed altj\u00f3\u00f0a \u00edtr\u00f3ttarfelagsskapum.<\/p>\n<p><strong>Ny\u0301ggjur forseti<\/strong><br \/>\n\u00c1 a\u00f0alfundinum fyri einum \u00e1ri s\u00ed\u00f0ani, var\u00f0 S\u00f8lvi Reinert Hansen valdur til ny\u0301ggjan forseta \u00ed \u00cdtr\u00f3ttasambandi F\u00f8roya. Forsetin seinastu 28 \u00e1rini, He\u00f0in Mortensen, hev\u00f0i bo\u00f0a\u00f0 fr\u00e1, at hann ikki t\u00f3k vi\u00f0 afturvali. Tvey valevni v\u00f3ru til forsetasessin, Ansy H\u00f8ghamar \u00far Havn og S\u00f8lvi Reinert Hansen \u00far Saltangar\u00e1. Eftir eina langa tilgongd vi\u00f0 fj\u00f8lbroyttum og gevandi kjaki um \u00edtr\u00f3ttarm\u00e1l \u00e1 fundum og \u00ed mi\u00f0lunum, valdi a\u00f0alfundurin S\u00f8lva Reinert Hansen til ny\u0301ggjan forseta. \u00cd sama vi\u00f0fangi var\u00f0 He\u00f0in Mortensen valdur til hei\u00f0urslim \u00ed \u00cdtr\u00f3ttasambandi F\u00f8roya.<\/p>\n<p><strong>T\u00f8kk<\/strong><br \/>\n\u00cdtr\u00f3ttasamband F\u00f8roya takkar f\u00f8royska \u00edtr\u00f3ttaheiminum fyri st\u00f3rt og fj\u00f8lbroytt arbei\u00f0i seinasta \u00e1ri\u00f0. Vit takka samstundis fyri gott samstarv vi\u00f0 sersambond og fel\u00f8g. Vit takka somulei\u00f0is almennum og kommunalum myndugleikum, fyrit\u00f8kum og \u00f8\u00f0rum stu\u00f0lum, i\u00f0 skapa karmarnar kring virksemi\u00f0 hj\u00e1 \u00edtr\u00f3ttinum og annars hj\u00e1lpa okkum \u00e1 so mangan h\u00e1tt.<\/p>\n<p>Arbei\u00f0i\u00f0 innan \u00edtr\u00f3ttin er so v\u00ed\u00f0fevnt og t\u00ed\u00f0arkrevjandi, at ta\u00f0 kann eingin gjalda s\u00e6r til. Ta\u00f0 eru t\u00ed tey sj\u00e1lvbodnu, i\u00f0 eiga l\u00edvi\u00f0 \u00ed \u00edtr\u00f3ttarr\u00f8rsluni, og tit hava t\u00ed eina serstaka t\u00f8kk uppiborna\u00f0. Uttan tykkum var eingin \u00edtr\u00f3ttur.<\/p>\n<p>\u00cdtr\u00f3tturin f\u00e6r n\u00f3gv innivist \u00ed mi\u00f0lunum, og ta\u00f0 fegnast vit um. Kringvarp F\u00f8roya hevur \u00ed mong \u00e1r \u00ed \u00fatvarps- og sj\u00f3nvarpsmi\u00f0linum, eitt n\u00fa vi\u00f0 beinlei\u00f0is sendingum fr\u00e1 einst\u00f8kum dystum og kappingum eins og fr\u00e1 FM kappingum innan ymsar \u00edtr\u00f3ttagreinir og vi\u00f0 \u00edtr\u00f3ttart\u00ed\u00f0indunum \u00ed vikuskiftinum og 3-2, varpa\u00f0 lj\u00f3s \u00e1 og mynda\u00f0 kjaki\u00f0 um f\u00f8royskan \u00edtr\u00f3tt. Mi\u00f0lah\u00fasi\u00f0 hevur aftrat g\u00f3\u00f0u og si\u00f0bundnu vi\u00f0ger\u00f0ini \u00ed Sosialinum seinastu \u00e1rini eisini gj\u00f8rt frambrot vi\u00f0 fr\u00e1s\u00f8gnum \u00e1 R\u00e1s 2, skj\u00f3tum t\u00ed\u00f0indaflutningi \u00e1 portalinum og stundum livandi myndum \u00e1 portalinum og R\u00e1s 1 \u00e1 Televarpinum. Tit hava v\u00edst \u00e1 ny\u0301ggjar m\u00f8guleikar innan t\u00ed\u00f0indaflutning.<\/p>\n<p>Aftrat hesum geva vi\u00f0ger\u00f0in \u00ed bl\u00f8\u00f0unum Dimmal\u00e6tting, Oyggjat\u00ed\u00f0indi, Nor\u00f0ly\u0301sinum og \u00f8llum portalunum eitt fj\u00f8lbroytni innan t\u00ed\u00f0indaflutning fr\u00e1 \u00edtr\u00f3tti, sum vit ikki hava s\u00e6\u00f0 \u00e1\u00f0ur. Spennandi ver\u00f0ur at fylgja r\u00e1kinum \u00e1 hesum \u00f8ki \u00ed framt\u00ed\u00f0ini. Vit takka mi\u00f0lunum \u00f8llum fyri dygdargott arbei\u00f0i. At enda takka vit eisini f\u00f8roysku heimunum, i\u00f0 taka l\u00f3gvatak um f\u00f8royskan \u00edtr\u00f3tt vi\u00f0 at senda b\u00f8rn s\u00edni til \u00edtr\u00f3ttarfelagi\u00f0 og vi\u00f0 at stu\u00f0la og taka lut \u00ed sj\u00e1lvbodna arbei\u00f0inum \u00ed fel\u00f8gum og sersambondum.<\/p>\n<p><em>S\u00f8lvi Reinert Hansen<\/em><br \/>\n\u00cdSF-forseti<\/p>","protected":false},"excerpt":{"rendered":"<p>Leygardagin 16. mai hev\u00f0i \u00cdtr\u00f3ttasamband F\u00f8roya a\u00f0alfund \u00e1 Hotel F\u00f8royum. Aftrat f\u00f8stu t\u00e1ttunum vi\u00f0 formansfr\u00e1grei\u00f0ing og roknskapi, var val av [&hellip;]<\/p>\n","protected":false},"author":6,"featured_media":0,"comment_status":"open","ping_status":"open","sticky":false,"template":"","format":"standard","meta":{"_acf_changed":false,"_relevanssi_hide_post":"","_relevanssi_hide_content":"","_relevanssi_pin_for_all":"","_relevanssi_pin_keywords":"","_relevanssi_unpin_keywords":"","_relevanssi_related_keywords":"","_relevanssi_related_include_ids":"","_relevanssi_related_exclude_ids":"","_relevanssi_related_no_append":"","_relevanssi_related_not_related":"","_relevanssi_related_posts":"","_relevanssi_noindex_reason":"","inline_featured_image":false,"footnotes":""},"categories":[2],"tags":[],"class_list":["post-1001","post","type-post","status-publish","format-standard","hentry","category-isf"],"acf":[],"yoast_head":"<!-- This site is optimized with the Yoast SEO plugin v27.5 - https:\/\/yoast.com\/product\/yoast-seo-wordpress\/ -->\n<title>\u00cdtr\u00f3ttasamband F\u00f8roya havt a\u00f0alfund - \u00cdtr\u00f3ttasamband F\u00f8roya<\/title>\n<meta name=\"robots\" content=\"index, follow, max-snippet:-1, max-image-preview:large, max-video-preview:-1\" \/>\n<link rel=\"canonical\" href=\"https:\/\/isf.fo\/en\/itrottasamband-f\u00f8roya-havt-a\u00f0alfund\/\" \/>\n<meta property=\"og:locale\" content=\"en_US\" \/>\n<meta property=\"og:type\" content=\"article\" \/>\n<meta property=\"og:title\" content=\"\u00cdtr\u00f3ttasamband F\u00f8roya havt a\u00f0alfund - \u00cdtr\u00f3ttasamband F\u00f8roya\" \/>\n<meta property=\"og:description\" content=\"Leygardagin 16. mai hev\u00f0i \u00cdtr\u00f3ttasamband F\u00f8roya a\u00f0alfund \u00e1 Hotel F\u00f8royum. Aftrat f\u00f8stu t\u00e1ttunum vi\u00f0 formansfr\u00e1grei\u00f0ing og roknskapi, var val av [&hellip;]\" \/>\n<meta property=\"og:url\" content=\"https:\/\/isf.fo\/en\/itrottasamband-f\u00f8roya-havt-a\u00f0alfund\/\" \/>\n<meta property=\"og:site_name\" content=\"\u00cdtr\u00f3ttasamband F\u00f8roya\" \/>\n<meta property=\"article:publisher\" content=\"https:\/\/www.facebook.com\/itrottasambandid\" \/>\n<meta property=\"article:published_time\" content=\"2009-05-16T23:51:18+00:00\" \/>\n<meta name=\"author\" content=\"Petur Mitt\u00fan\" \/>\n<meta name=\"twitter:card\" content=\"summary_large_image\" \/>\n<meta name=\"twitter:label1\" content=\"Written by\" \/>\n\t<meta name=\"twitter:data1\" content=\"Petur Mitt\u00fan\" \/>\n\t<meta name=\"twitter:label2\" content=\"Est. reading time\" \/>\n\t<meta name=\"twitter:data2\" content=\"20 minutes\" \/>\n<script type=\"application\/ld+json\" class=\"yoast-schema-graph\">{\"@context\":\"https:\\\/\\\/schema.org\",\"@graph\":[{\"@type\":\"Article\",\"@id\":\"https:\\\/\\\/isf.fo\\\/itrottasamband-f%c3%b8roya-havt-a%c3%b0alfund\\\/#article\",\"isPartOf\":{\"@id\":\"https:\\\/\\\/isf.fo\\\/itrottasamband-f%c3%b8roya-havt-a%c3%b0alfund\\\/\"},\"author\":{\"name\":\"Petur Mitt\u00fan\",\"@id\":\"https:\\\/\\\/isf.fo\\\/#\\\/schema\\\/person\\\/78ac1b623dbf0ace868a5dbcdaed016d\"},\"headline\":\"\u00cdtr\u00f3ttasamband F\u00f8roya havt a\u00f0alfund\",\"datePublished\":\"2009-05-16T23:51:18+00:00\",\"mainEntityOfPage\":{\"@id\":\"https:\\\/\\\/isf.fo\\\/itrottasamband-f%c3%b8roya-havt-a%c3%b0alfund\\\/\"},\"wordCount\":4092,\"commentCount\":0,\"publisher\":{\"@id\":\"https:\\\/\\\/isf.fo\\\/#organization\"},\"articleSection\":[\"\u00cdSF\"],\"inLanguage\":\"en-US\"},{\"@type\":\"WebPage\",\"@id\":\"https:\\\/\\\/isf.fo\\\/itrottasamband-f%c3%b8roya-havt-a%c3%b0alfund\\\/\",\"url\":\"https:\\\/\\\/isf.fo\\\/itrottasamband-f%c3%b8roya-havt-a%c3%b0alfund\\\/\",\"name\":\"\u00cdtr\u00f3ttasamband F\u00f8roya havt a\u00f0alfund - \u00cdtr\u00f3ttasamband F\u00f8roya\",\"isPartOf\":{\"@id\":\"https:\\\/\\\/isf.fo\\\/#website\"},\"datePublished\":\"2009-05-16T23:51:18+00:00\",\"breadcrumb\":{\"@id\":\"https:\\\/\\\/isf.fo\\\/itrottasamband-f%c3%b8roya-havt-a%c3%b0alfund\\\/#breadcrumb\"},\"inLanguage\":\"en-US\",\"potentialAction\":[{\"@type\":\"ReadAction\",\"target\":[\"https:\\\/\\\/isf.fo\\\/itrottasamband-f%c3%b8roya-havt-a%c3%b0alfund\\\/\"]}]},{\"@type\":\"BreadcrumbList\",\"@id\":\"https:\\\/\\\/isf.fo\\\/itrottasamband-f%c3%b8roya-havt-a%c3%b0alfund\\\/#breadcrumb\",\"itemListElement\":[{\"@type\":\"ListItem\",\"position\":1,\"name\":\"Home\",\"item\":\"https:\\\/\\\/isf.fo\\\/\"},{\"@type\":\"ListItem\",\"position\":2,\"name\":\"\u00cdtr\u00f3ttasamband F\u00f8roya havt a\u00f0alfund\"}]},{\"@type\":\"WebSite\",\"@id\":\"https:\\\/\\\/isf.fo\\\/#website\",\"url\":\"https:\\\/\\\/isf.fo\\\/\",\"name\":\"\u00cdtr\u00f3ttasamband F\u00f8roya\",\"description\":\"\",\"publisher\":{\"@id\":\"https:\\\/\\\/isf.fo\\\/#organization\"},\"potentialAction\":[{\"@type\":\"SearchAction\",\"target\":{\"@type\":\"EntryPoint\",\"urlTemplate\":\"https:\\\/\\\/isf.fo\\\/?s={search_term_string}\"},\"query-input\":{\"@type\":\"PropertyValueSpecification\",\"valueRequired\":true,\"valueName\":\"search_term_string\"}}],\"inLanguage\":\"en-US\"},{\"@type\":\"Organization\",\"@id\":\"https:\\\/\\\/isf.fo\\\/#organization\",\"name\":\"\u00cdtr\u00f3ttasamband F\u00f8roya\",\"url\":\"https:\\\/\\\/isf.fo\\\/\",\"logo\":{\"@type\":\"ImageObject\",\"inLanguage\":\"en-US\",\"@id\":\"https:\\\/\\\/isf.fo\\\/#\\\/schema\\\/logo\\\/image\\\/\",\"url\":\"https:\\\/\\\/isf.fo\\\/wp-content\\\/uploads\\\/2025\\\/06\\\/ISF_Olympic-Committee-logo.png\",\"contentUrl\":\"https:\\\/\\\/isf.fo\\\/wp-content\\\/uploads\\\/2025\\\/06\\\/ISF_Olympic-Committee-logo.png\",\"width\":618,\"height\":121,\"caption\":\"\u00cdtr\u00f3ttasamband F\u00f8roya\"},\"image\":{\"@id\":\"https:\\\/\\\/isf.fo\\\/#\\\/schema\\\/logo\\\/image\\\/\"},\"sameAs\":[\"https:\\\/\\\/www.facebook.com\\\/itrottasambandid\"]},{\"@type\":\"Person\",\"@id\":\"https:\\\/\\\/isf.fo\\\/#\\\/schema\\\/person\\\/78ac1b623dbf0ace868a5dbcdaed016d\",\"name\":\"Petur Mitt\u00fan\",\"image\":{\"@type\":\"ImageObject\",\"inLanguage\":\"en-US\",\"@id\":\"https:\\\/\\\/secure.gravatar.com\\\/avatar\\\/6f731b65ffaeb1029d9436acc96fc12c3cef9200131daa85ab7762529a25d1d2?s=96&d=mm&r=g\",\"url\":\"https:\\\/\\\/secure.gravatar.com\\\/avatar\\\/6f731b65ffaeb1029d9436acc96fc12c3cef9200131daa85ab7762529a25d1d2?s=96&d=mm&r=g\",\"contentUrl\":\"https:\\\/\\\/secure.gravatar.com\\\/avatar\\\/6f731b65ffaeb1029d9436acc96fc12c3cef9200131daa85ab7762529a25d1d2?s=96&d=mm&r=g\",\"caption\":\"Petur Mitt\u00fan\"},\"url\":\"https:\\\/\\\/isf.fo\\\/en\\\/author\\\/petur\\\/\"}]}<\/script>\n<!-- \/ Yoast SEO plugin. -->","yoast_head_json":{"title":"\u00cdtr\u00f3ttasamband F\u00f8roya havt a\u00f0alfund - \u00cdtr\u00f3ttasamband F\u00f8roya","robots":{"index":"index","follow":"follow","max-snippet":"max-snippet:-1","max-image-preview":"max-image-preview:large","max-video-preview":"max-video-preview:-1"},"canonical":"https:\/\/isf.fo\/en\/itrottasamband-f\u00f8roya-havt-a\u00f0alfund\/","og_locale":"en_US","og_type":"article","og_title":"\u00cdtr\u00f3ttasamband F\u00f8roya havt a\u00f0alfund - \u00cdtr\u00f3ttasamband F\u00f8roya","og_description":"Leygardagin 16. mai hev\u00f0i \u00cdtr\u00f3ttasamband F\u00f8roya a\u00f0alfund \u00e1 Hotel F\u00f8royum. Aftrat f\u00f8stu t\u00e1ttunum vi\u00f0 formansfr\u00e1grei\u00f0ing og roknskapi, var val av [&hellip;]","og_url":"https:\/\/isf.fo\/en\/itrottasamband-f\u00f8roya-havt-a\u00f0alfund\/","og_site_name":"\u00cdtr\u00f3ttasamband F\u00f8roya","article_publisher":"https:\/\/www.facebook.com\/itrottasambandid","article_published_time":"2009-05-16T23:51:18+00:00","author":"Petur Mitt\u00fan","twitter_card":"summary_large_image","twitter_misc":{"Written by":"Petur Mitt\u00fan","Est. reading time":"20 minutes"},"schema":{"@context":"https:\/\/schema.org","@graph":[{"@type":"Article","@id":"https:\/\/isf.fo\/itrottasamband-f%c3%b8roya-havt-a%c3%b0alfund\/#article","isPartOf":{"@id":"https:\/\/isf.fo\/itrottasamband-f%c3%b8roya-havt-a%c3%b0alfund\/"},"author":{"name":"Petur Mitt\u00fan","@id":"https:\/\/isf.fo\/#\/schema\/person\/78ac1b623dbf0ace868a5dbcdaed016d"},"headline":"\u00cdtr\u00f3ttasamband F\u00f8roya havt a\u00f0alfund","datePublished":"2009-05-16T23:51:18+00:00","mainEntityOfPage":{"@id":"https:\/\/isf.fo\/itrottasamband-f%c3%b8roya-havt-a%c3%b0alfund\/"},"wordCount":4092,"commentCount":0,"publisher":{"@id":"https:\/\/isf.fo\/#organization"},"articleSection":["\u00cdSF"],"inLanguage":"en-US"},{"@type":"WebPage","@id":"https:\/\/isf.fo\/itrottasamband-f%c3%b8roya-havt-a%c3%b0alfund\/","url":"https:\/\/isf.fo\/itrottasamband-f%c3%b8roya-havt-a%c3%b0alfund\/","name":"\u00cdtr\u00f3ttasamband F\u00f8roya havt a\u00f0alfund - \u00cdtr\u00f3ttasamband F\u00f8roya","isPartOf":{"@id":"https:\/\/isf.fo\/#website"},"datePublished":"2009-05-16T23:51:18+00:00","breadcrumb":{"@id":"https:\/\/isf.fo\/itrottasamband-f%c3%b8roya-havt-a%c3%b0alfund\/#breadcrumb"},"inLanguage":"en-US","potentialAction":[{"@type":"ReadAction","target":["https:\/\/isf.fo\/itrottasamband-f%c3%b8roya-havt-a%c3%b0alfund\/"]}]},{"@type":"BreadcrumbList","@id":"https:\/\/isf.fo\/itrottasamband-f%c3%b8roya-havt-a%c3%b0alfund\/#breadcrumb","itemListElement":[{"@type":"ListItem","position":1,"name":"Home","item":"https:\/\/isf.fo\/"},{"@type":"ListItem","position":2,"name":"\u00cdtr\u00f3ttasamband F\u00f8roya havt a\u00f0alfund"}]},{"@type":"WebSite","@id":"https:\/\/isf.fo\/#website","url":"https:\/\/isf.fo\/","name":"\u00cdtr\u00f3ttasamband F\u00f8roya","description":"","publisher":{"@id":"https:\/\/isf.fo\/#organization"},"potentialAction":[{"@type":"SearchAction","target":{"@type":"EntryPoint","urlTemplate":"https:\/\/isf.fo\/?s={search_term_string}"},"query-input":{"@type":"PropertyValueSpecification","valueRequired":true,"valueName":"search_term_string"}}],"inLanguage":"en-US"},{"@type":"Organization","@id":"https:\/\/isf.fo\/#organization","name":"\u00cdtr\u00f3ttasamband F\u00f8roya","url":"https:\/\/isf.fo\/","logo":{"@type":"ImageObject","inLanguage":"en-US","@id":"https:\/\/isf.fo\/#\/schema\/logo\/image\/","url":"https:\/\/isf.fo\/wp-content\/uploads\/2025\/06\/ISF_Olympic-Committee-logo.png","contentUrl":"https:\/\/isf.fo\/wp-content\/uploads\/2025\/06\/ISF_Olympic-Committee-logo.png","width":618,"height":121,"caption":"\u00cdtr\u00f3ttasamband F\u00f8roya"},"image":{"@id":"https:\/\/isf.fo\/#\/schema\/logo\/image\/"},"sameAs":["https:\/\/www.facebook.com\/itrottasambandid"]},{"@type":"Person","@id":"https:\/\/isf.fo\/#\/schema\/person\/78ac1b623dbf0ace868a5dbcdaed016d","name":"Petur Mitt\u00fan","image":{"@type":"ImageObject","inLanguage":"en-US","@id":"https:\/\/secure.gravatar.com\/avatar\/6f731b65ffaeb1029d9436acc96fc12c3cef9200131daa85ab7762529a25d1d2?s=96&d=mm&r=g","url":"https:\/\/secure.gravatar.com\/avatar\/6f731b65ffaeb1029d9436acc96fc12c3cef9200131daa85ab7762529a25d1d2?s=96&d=mm&r=g","contentUrl":"https:\/\/secure.gravatar.com\/avatar\/6f731b65ffaeb1029d9436acc96fc12c3cef9200131daa85ab7762529a25d1d2?s=96&d=mm&r=g","caption":"Petur Mitt\u00fan"},"url":"https:\/\/isf.fo\/en\/author\/petur\/"}]}},"_links":{"self":[{"href":"https:\/\/isf.fo\/en\/wp-json\/wp\/v2\/posts\/1001","targetHints":{"allow":["GET"]}}],"collection":[{"href":"https:\/\/isf.fo\/en\/wp-json\/wp\/v2\/posts"}],"about":[{"href":"https:\/\/isf.fo\/en\/wp-json\/wp\/v2\/types\/post"}],"author":[{"embeddable":true,"href":"https:\/\/isf.fo\/en\/wp-json\/wp\/v2\/users\/6"}],"replies":[{"embeddable":true,"href":"https:\/\/isf.fo\/en\/wp-json\/wp\/v2\/comments?post=1001"}],"version-history":[{"count":0,"href":"https:\/\/isf.fo\/en\/wp-json\/wp\/v2\/posts\/1001\/revisions"}],"wp:attachment":[{"href":"https:\/\/isf.fo\/en\/wp-json\/wp\/v2\/media?parent=1001"}],"wp:term":[{"taxonomy":"category","embeddable":true,"href":"https:\/\/isf.fo\/en\/wp-json\/wp\/v2\/categories?post=1001"},{"taxonomy":"post_tag","embeddable":true,"href":"https:\/\/isf.fo\/en\/wp-json\/wp\/v2\/tags?post=1001"}],"curies":[{"name":"wp","href":"https:\/\/api.w.org\/{rel}","templated":true}]}}