{"id":10101,"date":"2022-09-08T10:32:45","date_gmt":"2022-09-08T10:32:45","guid":{"rendered":"https:\/\/isf.fo\/?p=10101"},"modified":"2022-09-08T10:32:47","modified_gmt":"2022-09-08T10:32:47","slug":"felags-vanlukkutryggingin-hja-isf","status":"publish","type":"post","link":"https:\/\/isf.fo\/en\/felags-vanlukkutryggingin-hja-isf\/","title":{"rendered":"Felags vanlukkutryggingin hj\u00e1 \u00cdSF"},"content":{"rendered":"<p>Her eru nakrir vi\u00f0komandi uppl\u00fdsingar til \u00edtr\u00f3ttafel\u00f8g og -sambond at leggja s\u00e6r \u00ed geyma vi\u00f0v. tryggingum av \u00ed\u00f0karum, venjarum, hj\u00e1lparf\u00f3lkum v.m.<\/p>\n<p><strong>GG:<\/strong> \u00d8ll eru ikki fevnd av felags vanlukkutryggingini hj\u00e1 \u00cdSF, og t\u00ed er ney\u00f0ugt at \u00f8ll fel\u00f8g tekna l\u00f3garkravdu arbei\u00f0sska\u00f0atryggingina, sum hesi kunnu ver\u00f0a fevnd av.<\/p>\n<p>Ein vanlukkutilbur\u00f0ur er \u201c<em>ein br\u00e1dlig hending, i\u00f0 elvir til likamsska\u00f0a<\/em>\u201d. Felags vanlukkutryggingin hj\u00e1 \u00cdSF fevnir um allar virknar limir og venjarar, t.e. limir \u00ed \u00edtr\u00f3ttafel\u00f8gum undir \u00cdSF, sum hava limagjaldsvi\u00f0urskifti s\u00edni \u00ed lagi og koma til ska\u00f0a \u00edme\u00f0an teir luttaka \u00ed einari kapping ella venjing, eru fevnd av treytunum fyri vanlukkutrygging.<\/p>\n<p><strong>Umfatar IKKI:<\/strong> Teir sp\u00e6larar, i\u00f0 eru s\u00e1ttm\u00e1lasettir, og onnur, i\u00f0 eru \u00ed starvi hj\u00e1 felagnum.<\/p>\n<p><em><strong><a href=\"https:\/\/isf.fo\/en\/tilfar\/felags-vanlukkutryggingin\/\">Les meira um treytirnar HER<\/a><\/strong><\/em><\/p>\n<p><strong>Tey, sum fella uttanfyri felags vanlukkutryggingina\u2026<\/strong><br \/>\n\u2026eru vanliga f\u00f3lk sum ver\u00f0a bi\u00f0in um at hj\u00e1lpa til \u00ed samband vi\u00f0 eina kapping ella venjing.<br \/>\nHesi f\u00f3lkini\/hj\u00e1lpararnir kunnu ver\u00f0a fevnd av l\u00f3garkravdu arbei\u00f0sska\u00f0atryggingini, um talan er um, at tey gera veruliga nyttu \u00ed samband vi\u00f0 venjing\/kapping. Ein sl\u00edk trygging kostar fyri t.d. eitt felag vi\u00f0 200 limum kr. 648,00 um \u00e1ri\u00f0.<\/p>\n<p>Arbei\u00f0sska\u00f0al\u00f3gin sigur, at f\u00f3lk sum eru bi\u00f0in til st\u00f8\u00f0ugt ella br\u00e1\u00f0fengis arbei\u00f0i, l\u00f8nt ella \u00f3l\u00f8nt eru fevnd av arbei\u00f0sska\u00f0al\u00f3gini.<\/p>\n<p>T\u00e1 f\u00f3lk hj\u00e1lpa til \u00ed samband vi\u00f0 kapping\/venjing er talan um \u00f3l\u00f8nt arbei\u00f0i, men merkir ta\u00f0 ikki sj\u00e1lvvirkandi, at tey eru fevnd av arbei\u00f0sska\u00f0al\u00f3gini, talan skal ver\u00f0a um ney\u00f0ugt arbei\u00f0i, og at talan er um at hj\u00e1lpin er til ver\u00f0uliga nyttu, hetta metur F\u00f8roya Vanlukkutryggingarr\u00e1\u00f0 um \u00ed hv\u00f8rjum einst\u00f8kum f\u00f8ri.<\/p>\n<p>Av t\u00ed at vit vita, at \u00f8ll fel\u00f8g bi\u00f0ja foreldur, ommur, abbar og onnur um at hj\u00e1lpa til, t\u00e1 talan er um venjingar\/kappingar, meta vit at r\u00e6ttast er, at \u00f8ll fel\u00f8g tekna eina trygging fyri hj\u00e1lparf\u00f3lk. Hetta merkir t\u00f3 ikki, at \u00f8ll hj\u00e1lparf\u00f3lk eru fevnd av arbei\u00f0sska\u00f0al\u00f3gini, men eru tey fevnd av arbei\u00f0sska\u00f0al\u00f3gini og ongin trygging er tekna\u00f0, skal felagi\u00f0 \u00f3ans\u00e6\u00f0 samb\u00e6rt arbei\u00f0sska\u00f0al\u00f3gini grein 17 stk 1 og grein 21 stk 2 rinda manglandi trygggingargjald og endurgjaldi\u00f0 sum ver\u00f0ur goldi\u00f0 til skadda, aftur til tryggingarfelagi\u00f0, hetta kann l\u00e6ttliga bl\u00edva n\u00f3gvir pengar at rinda aftur.<\/p>\n<p>Vi\u00f0merkjast skal, at ta\u00f0 alt\u00ed\u00f0 er F\u00f8roya Vanlukkutryggingarr\u00e1\u00f0 sum tekur st\u00f8\u00f0u til arbei\u00f0sska\u00f0am\u00e1l, og um ska\u00f0in hoyrir undir arbei\u00f0sska\u00f0al\u00f3gina.<\/p>\n<p style=\"text-align: right;\">(<em>mynd: <a href=\"https:\/\/unsplash.com\/@anniespratt?utm_source=unsplash&amp;utm_medium=referral&amp;utm_content=creditCopyText\">Annie Spratt<\/a> \u00e1\u00a0<\/em><a href=\"https:\/\/unsplash.com\/s\/photos\/injury?utm_source=unsplash&amp;utm_medium=referral&amp;utm_content=creditCopyText\"><em>Unsplash<\/em>)<\/a><\/p>","protected":false},"excerpt":{"rendered":"<p>Her eru nakrir vi\u00f0komandi uppl\u00fdsingar til \u00edtr\u00f3ttafel\u00f8g og -sambond at leggja s\u00e6r \u00ed geyma vi\u00f0v. tryggingum av \u00ed\u00f0karum, venjarum, hj\u00e1lparf\u00f3lkum [&hellip;]<\/p>\n","protected":false},"author":7,"featured_media":10102,"comment_status":"closed","ping_status":"closed","sticky":false,"template":"","format":"standard","meta":{"_acf_changed":false,"_relevanssi_hide_post":"","_relevanssi_hide_content":"","_relevanssi_pin_for_all":"","_relevanssi_pin_keywords":"","_relevanssi_unpin_keywords":"","_relevanssi_related_keywords":"","_relevanssi_related_include_ids":"","_relevanssi_related_exclude_ids":"","_relevanssi_related_no_append":"","_relevanssi_related_not_related":"","_relevanssi_related_posts":"","_relevanssi_noindex_reason":"","inline_featured_image":false,"footnotes":""},"categories":[2,3],"tags":[],"class_list":["post-10101","post","type-post","status-publish","format-standard","has-post-thumbnail","hentry","category-isf","category-ymiskt"],"acf":[],"yoast_head":"<!-- This site is optimized with the Yoast SEO plugin v27.5 - https:\/\/yoast.com\/product\/yoast-seo-wordpress\/ -->\n<title>Felags vanlukkutryggingin hj\u00e1 \u00cdSF - \u00cdtr\u00f3ttasamband F\u00f8roya<\/title>\n<meta name=\"robots\" content=\"index, follow, max-snippet:-1, max-image-preview:large, max-video-preview:-1\" \/>\n<link rel=\"canonical\" href=\"https:\/\/isf.fo\/en\/felags-vanlukkutryggingin-hja-isf\/\" \/>\n<meta property=\"og:locale\" content=\"en_US\" \/>\n<meta property=\"og:type\" content=\"article\" \/>\n<meta property=\"og:title\" content=\"Felags vanlukkutryggingin hj\u00e1 \u00cdSF - \u00cdtr\u00f3ttasamband F\u00f8roya\" \/>\n<meta property=\"og:description\" content=\"Her eru nakrir vi\u00f0komandi uppl\u00fdsingar til \u00edtr\u00f3ttafel\u00f8g og -sambond at leggja s\u00e6r \u00ed geyma vi\u00f0v. tryggingum av \u00ed\u00f0karum, venjarum, hj\u00e1lparf\u00f3lkum [&hellip;]\" \/>\n<meta property=\"og:url\" content=\"https:\/\/isf.fo\/en\/felags-vanlukkutryggingin-hja-isf\/\" \/>\n<meta property=\"og:site_name\" content=\"\u00cdtr\u00f3ttasamband F\u00f8roya\" \/>\n<meta property=\"article:publisher\" content=\"https:\/\/www.facebook.com\/itrottasambandid\" \/>\n<meta property=\"article:published_time\" content=\"2022-09-08T10:32:45+00:00\" \/>\n<meta property=\"article:modified_time\" content=\"2022-09-08T10:32:47+00:00\" \/>\n<meta property=\"og:image\" content=\"https:\/\/d21ockg4ri0hhk.cloudfront.net\/wp-content\/uploads\/2022\/09\/30191904\/trygging_Annie_Spratt2-scaled.jpg\" \/>\n\t<meta property=\"og:image:width\" content=\"2560\" \/>\n\t<meta property=\"og:image:height\" content=\"1708\" \/>\n\t<meta property=\"og:image:type\" content=\"image\/jpeg\" \/>\n<meta name=\"author\" content=\"Finnbj\u00f8rg Nattestad\" \/>\n<meta name=\"twitter:card\" content=\"summary_large_image\" \/>\n<meta name=\"twitter:label1\" content=\"Written by\" \/>\n\t<meta name=\"twitter:data1\" content=\"Finnbj\u00f8rg Nattestad\" \/>\n\t<meta name=\"twitter:label2\" content=\"Est. reading time\" \/>\n\t<meta name=\"twitter:data2\" content=\"2 minutes\" \/>\n<script type=\"application\/ld+json\" class=\"yoast-schema-graph\">{\"@context\":\"https:\\\/\\\/schema.org\",\"@graph\":[{\"@type\":\"Article\",\"@id\":\"https:\\\/\\\/isf.fo\\\/felags-vanlukkutryggingin-hja-isf\\\/#article\",\"isPartOf\":{\"@id\":\"https:\\\/\\\/isf.fo\\\/felags-vanlukkutryggingin-hja-isf\\\/\"},\"author\":{\"name\":\"Finnbj\u00f8rg Nattestad\",\"@id\":\"https:\\\/\\\/isf.fo\\\/#\\\/schema\\\/person\\\/40282266438b1b15251ad39401612366\"},\"headline\":\"Felags vanlukkutryggingin hj\u00e1 \u00cdSF\",\"datePublished\":\"2022-09-08T10:32:45+00:00\",\"dateModified\":\"2022-09-08T10:32:47+00:00\",\"mainEntityOfPage\":{\"@id\":\"https:\\\/\\\/isf.fo\\\/felags-vanlukkutryggingin-hja-isf\\\/\"},\"wordCount\":459,\"publisher\":{\"@id\":\"https:\\\/\\\/isf.fo\\\/#organization\"},\"image\":{\"@id\":\"https:\\\/\\\/isf.fo\\\/felags-vanlukkutryggingin-hja-isf\\\/#primaryimage\"},\"thumbnailUrl\":\"https:\\\/\\\/d21ockg4ri0hhk.cloudfront.net\\\/wp-content\\\/uploads\\\/2022\\\/09\\\/30191904\\\/trygging_Annie_Spratt2-scaled.jpg\",\"articleSection\":[\"\u00cdSF\",\"Ymiskt\"],\"inLanguage\":\"en-US\"},{\"@type\":\"WebPage\",\"@id\":\"https:\\\/\\\/isf.fo\\\/felags-vanlukkutryggingin-hja-isf\\\/\",\"url\":\"https:\\\/\\\/isf.fo\\\/felags-vanlukkutryggingin-hja-isf\\\/\",\"name\":\"Felags vanlukkutryggingin hj\u00e1 \u00cdSF - \u00cdtr\u00f3ttasamband F\u00f8roya\",\"isPartOf\":{\"@id\":\"https:\\\/\\\/isf.fo\\\/#website\"},\"primaryImageOfPage\":{\"@id\":\"https:\\\/\\\/isf.fo\\\/felags-vanlukkutryggingin-hja-isf\\\/#primaryimage\"},\"image\":{\"@id\":\"https:\\\/\\\/isf.fo\\\/felags-vanlukkutryggingin-hja-isf\\\/#primaryimage\"},\"thumbnailUrl\":\"https:\\\/\\\/d21ockg4ri0hhk.cloudfront.net\\\/wp-content\\\/uploads\\\/2022\\\/09\\\/30191904\\\/trygging_Annie_Spratt2-scaled.jpg\",\"datePublished\":\"2022-09-08T10:32:45+00:00\",\"dateModified\":\"2022-09-08T10:32:47+00:00\",\"breadcrumb\":{\"@id\":\"https:\\\/\\\/isf.fo\\\/felags-vanlukkutryggingin-hja-isf\\\/#breadcrumb\"},\"inLanguage\":\"en-US\",\"potentialAction\":[{\"@type\":\"ReadAction\",\"target\":[\"https:\\\/\\\/isf.fo\\\/felags-vanlukkutryggingin-hja-isf\\\/\"]}]},{\"@type\":\"ImageObject\",\"inLanguage\":\"en-US\",\"@id\":\"https:\\\/\\\/isf.fo\\\/felags-vanlukkutryggingin-hja-isf\\\/#primaryimage\",\"url\":\"https:\\\/\\\/d21ockg4ri0hhk.cloudfront.net\\\/wp-content\\\/uploads\\\/2022\\\/09\\\/30191904\\\/trygging_Annie_Spratt2-scaled.jpg\",\"contentUrl\":\"https:\\\/\\\/d21ockg4ri0hhk.cloudfront.net\\\/wp-content\\\/uploads\\\/2022\\\/09\\\/30191904\\\/trygging_Annie_Spratt2-scaled.jpg\",\"width\":2560,\"height\":1708},{\"@type\":\"BreadcrumbList\",\"@id\":\"https:\\\/\\\/isf.fo\\\/felags-vanlukkutryggingin-hja-isf\\\/#breadcrumb\",\"itemListElement\":[{\"@type\":\"ListItem\",\"position\":1,\"name\":\"Home\",\"item\":\"https:\\\/\\\/isf.fo\\\/\"},{\"@type\":\"ListItem\",\"position\":2,\"name\":\"Felags vanlukkutryggingin hj\u00e1 \u00cdSF\"}]},{\"@type\":\"WebSite\",\"@id\":\"https:\\\/\\\/isf.fo\\\/#website\",\"url\":\"https:\\\/\\\/isf.fo\\\/\",\"name\":\"\u00cdtr\u00f3ttasamband F\u00f8roya\",\"description\":\"\",\"publisher\":{\"@id\":\"https:\\\/\\\/isf.fo\\\/#organization\"},\"potentialAction\":[{\"@type\":\"SearchAction\",\"target\":{\"@type\":\"EntryPoint\",\"urlTemplate\":\"https:\\\/\\\/isf.fo\\\/?s={search_term_string}\"},\"query-input\":{\"@type\":\"PropertyValueSpecification\",\"valueRequired\":true,\"valueName\":\"search_term_string\"}}],\"inLanguage\":\"en-US\"},{\"@type\":\"Organization\",\"@id\":\"https:\\\/\\\/isf.fo\\\/#organization\",\"name\":\"\u00cdtr\u00f3ttasamband F\u00f8roya\",\"url\":\"https:\\\/\\\/isf.fo\\\/\",\"logo\":{\"@type\":\"ImageObject\",\"inLanguage\":\"en-US\",\"@id\":\"https:\\\/\\\/isf.fo\\\/#\\\/schema\\\/logo\\\/image\\\/\",\"url\":\"https:\\\/\\\/isf.fo\\\/wp-content\\\/uploads\\\/2025\\\/06\\\/ISF_Olympic-Committee-logo.png\",\"contentUrl\":\"https:\\\/\\\/isf.fo\\\/wp-content\\\/uploads\\\/2025\\\/06\\\/ISF_Olympic-Committee-logo.png\",\"width\":618,\"height\":121,\"caption\":\"\u00cdtr\u00f3ttasamband F\u00f8roya\"},\"image\":{\"@id\":\"https:\\\/\\\/isf.fo\\\/#\\\/schema\\\/logo\\\/image\\\/\"},\"sameAs\":[\"https:\\\/\\\/www.facebook.com\\\/itrottasambandid\"]},{\"@type\":\"Person\",\"@id\":\"https:\\\/\\\/isf.fo\\\/#\\\/schema\\\/person\\\/40282266438b1b15251ad39401612366\",\"name\":\"Finnbj\u00f8rg Nattestad\",\"image\":{\"@type\":\"ImageObject\",\"inLanguage\":\"en-US\",\"@id\":\"https:\\\/\\\/secure.gravatar.com\\\/avatar\\\/8abac675fc6517af7fca6afac1f3d82d100c45ced81d3c217cda179b6904938f?s=96&d=mm&r=g\",\"url\":\"https:\\\/\\\/secure.gravatar.com\\\/avatar\\\/8abac675fc6517af7fca6afac1f3d82d100c45ced81d3c217cda179b6904938f?s=96&d=mm&r=g\",\"contentUrl\":\"https:\\\/\\\/secure.gravatar.com\\\/avatar\\\/8abac675fc6517af7fca6afac1f3d82d100c45ced81d3c217cda179b6904938f?s=96&d=mm&r=g\",\"caption\":\"Finnbj\u00f8rg Nattestad\"},\"url\":\"https:\\\/\\\/isf.fo\\\/en\\\/author\\\/finnbjorg\\\/\"}]}<\/script>\n<!-- \/ Yoast SEO plugin. -->","yoast_head_json":{"title":"Felags vanlukkutryggingin hj\u00e1 \u00cdSF - \u00cdtr\u00f3ttasamband F\u00f8roya","robots":{"index":"index","follow":"follow","max-snippet":"max-snippet:-1","max-image-preview":"max-image-preview:large","max-video-preview":"max-video-preview:-1"},"canonical":"https:\/\/isf.fo\/en\/felags-vanlukkutryggingin-hja-isf\/","og_locale":"en_US","og_type":"article","og_title":"Felags vanlukkutryggingin hj\u00e1 \u00cdSF - \u00cdtr\u00f3ttasamband F\u00f8roya","og_description":"Her eru nakrir vi\u00f0komandi uppl\u00fdsingar til \u00edtr\u00f3ttafel\u00f8g og -sambond at leggja s\u00e6r \u00ed geyma vi\u00f0v. tryggingum av \u00ed\u00f0karum, venjarum, hj\u00e1lparf\u00f3lkum [&hellip;]","og_url":"https:\/\/isf.fo\/en\/felags-vanlukkutryggingin-hja-isf\/","og_site_name":"\u00cdtr\u00f3ttasamband F\u00f8roya","article_publisher":"https:\/\/www.facebook.com\/itrottasambandid","article_published_time":"2022-09-08T10:32:45+00:00","article_modified_time":"2022-09-08T10:32:47+00:00","og_image":[{"width":2560,"height":1708,"url":"https:\/\/d21ockg4ri0hhk.cloudfront.net\/wp-content\/uploads\/2022\/09\/30191904\/trygging_Annie_Spratt2-scaled.jpg","type":"image\/jpeg"}],"author":"Finnbj\u00f8rg Nattestad","twitter_card":"summary_large_image","twitter_misc":{"Written by":"Finnbj\u00f8rg Nattestad","Est. reading time":"2 minutes"},"schema":{"@context":"https:\/\/schema.org","@graph":[{"@type":"Article","@id":"https:\/\/isf.fo\/felags-vanlukkutryggingin-hja-isf\/#article","isPartOf":{"@id":"https:\/\/isf.fo\/felags-vanlukkutryggingin-hja-isf\/"},"author":{"name":"Finnbj\u00f8rg Nattestad","@id":"https:\/\/isf.fo\/#\/schema\/person\/40282266438b1b15251ad39401612366"},"headline":"Felags vanlukkutryggingin hj\u00e1 \u00cdSF","datePublished":"2022-09-08T10:32:45+00:00","dateModified":"2022-09-08T10:32:47+00:00","mainEntityOfPage":{"@id":"https:\/\/isf.fo\/felags-vanlukkutryggingin-hja-isf\/"},"wordCount":459,"publisher":{"@id":"https:\/\/isf.fo\/#organization"},"image":{"@id":"https:\/\/isf.fo\/felags-vanlukkutryggingin-hja-isf\/#primaryimage"},"thumbnailUrl":"https:\/\/d21ockg4ri0hhk.cloudfront.net\/wp-content\/uploads\/2022\/09\/30191904\/trygging_Annie_Spratt2-scaled.jpg","articleSection":["\u00cdSF","Ymiskt"],"inLanguage":"en-US"},{"@type":"WebPage","@id":"https:\/\/isf.fo\/felags-vanlukkutryggingin-hja-isf\/","url":"https:\/\/isf.fo\/felags-vanlukkutryggingin-hja-isf\/","name":"Felags vanlukkutryggingin hj\u00e1 \u00cdSF - \u00cdtr\u00f3ttasamband F\u00f8roya","isPartOf":{"@id":"https:\/\/isf.fo\/#website"},"primaryImageOfPage":{"@id":"https:\/\/isf.fo\/felags-vanlukkutryggingin-hja-isf\/#primaryimage"},"image":{"@id":"https:\/\/isf.fo\/felags-vanlukkutryggingin-hja-isf\/#primaryimage"},"thumbnailUrl":"https:\/\/d21ockg4ri0hhk.cloudfront.net\/wp-content\/uploads\/2022\/09\/30191904\/trygging_Annie_Spratt2-scaled.jpg","datePublished":"2022-09-08T10:32:45+00:00","dateModified":"2022-09-08T10:32:47+00:00","breadcrumb":{"@id":"https:\/\/isf.fo\/felags-vanlukkutryggingin-hja-isf\/#breadcrumb"},"inLanguage":"en-US","potentialAction":[{"@type":"ReadAction","target":["https:\/\/isf.fo\/felags-vanlukkutryggingin-hja-isf\/"]}]},{"@type":"ImageObject","inLanguage":"en-US","@id":"https:\/\/isf.fo\/felags-vanlukkutryggingin-hja-isf\/#primaryimage","url":"https:\/\/d21ockg4ri0hhk.cloudfront.net\/wp-content\/uploads\/2022\/09\/30191904\/trygging_Annie_Spratt2-scaled.jpg","contentUrl":"https:\/\/d21ockg4ri0hhk.cloudfront.net\/wp-content\/uploads\/2022\/09\/30191904\/trygging_Annie_Spratt2-scaled.jpg","width":2560,"height":1708},{"@type":"BreadcrumbList","@id":"https:\/\/isf.fo\/felags-vanlukkutryggingin-hja-isf\/#breadcrumb","itemListElement":[{"@type":"ListItem","position":1,"name":"Home","item":"https:\/\/isf.fo\/"},{"@type":"ListItem","position":2,"name":"Felags vanlukkutryggingin hj\u00e1 \u00cdSF"}]},{"@type":"WebSite","@id":"https:\/\/isf.fo\/#website","url":"https:\/\/isf.fo\/","name":"\u00cdtr\u00f3ttasamband F\u00f8roya","description":"","publisher":{"@id":"https:\/\/isf.fo\/#organization"},"potentialAction":[{"@type":"SearchAction","target":{"@type":"EntryPoint","urlTemplate":"https:\/\/isf.fo\/?s={search_term_string}"},"query-input":{"@type":"PropertyValueSpecification","valueRequired":true,"valueName":"search_term_string"}}],"inLanguage":"en-US"},{"@type":"Organization","@id":"https:\/\/isf.fo\/#organization","name":"\u00cdtr\u00f3ttasamband F\u00f8roya","url":"https:\/\/isf.fo\/","logo":{"@type":"ImageObject","inLanguage":"en-US","@id":"https:\/\/isf.fo\/#\/schema\/logo\/image\/","url":"https:\/\/isf.fo\/wp-content\/uploads\/2025\/06\/ISF_Olympic-Committee-logo.png","contentUrl":"https:\/\/isf.fo\/wp-content\/uploads\/2025\/06\/ISF_Olympic-Committee-logo.png","width":618,"height":121,"caption":"\u00cdtr\u00f3ttasamband F\u00f8roya"},"image":{"@id":"https:\/\/isf.fo\/#\/schema\/logo\/image\/"},"sameAs":["https:\/\/www.facebook.com\/itrottasambandid"]},{"@type":"Person","@id":"https:\/\/isf.fo\/#\/schema\/person\/40282266438b1b15251ad39401612366","name":"Finnbj\u00f8rg Nattestad","image":{"@type":"ImageObject","inLanguage":"en-US","@id":"https:\/\/secure.gravatar.com\/avatar\/8abac675fc6517af7fca6afac1f3d82d100c45ced81d3c217cda179b6904938f?s=96&d=mm&r=g","url":"https:\/\/secure.gravatar.com\/avatar\/8abac675fc6517af7fca6afac1f3d82d100c45ced81d3c217cda179b6904938f?s=96&d=mm&r=g","contentUrl":"https:\/\/secure.gravatar.com\/avatar\/8abac675fc6517af7fca6afac1f3d82d100c45ced81d3c217cda179b6904938f?s=96&d=mm&r=g","caption":"Finnbj\u00f8rg Nattestad"},"url":"https:\/\/isf.fo\/en\/author\/finnbjorg\/"}]}},"_links":{"self":[{"href":"https:\/\/isf.fo\/en\/wp-json\/wp\/v2\/posts\/10101","targetHints":{"allow":["GET"]}}],"collection":[{"href":"https:\/\/isf.fo\/en\/wp-json\/wp\/v2\/posts"}],"about":[{"href":"https:\/\/isf.fo\/en\/wp-json\/wp\/v2\/types\/post"}],"author":[{"embeddable":true,"href":"https:\/\/isf.fo\/en\/wp-json\/wp\/v2\/users\/7"}],"replies":[{"embeddable":true,"href":"https:\/\/isf.fo\/en\/wp-json\/wp\/v2\/comments?post=10101"}],"version-history":[{"count":1,"href":"https:\/\/isf.fo\/en\/wp-json\/wp\/v2\/posts\/10101\/revisions"}],"predecessor-version":[{"id":10103,"href":"https:\/\/isf.fo\/en\/wp-json\/wp\/v2\/posts\/10101\/revisions\/10103"}],"wp:featuredmedia":[{"embeddable":true,"href":"https:\/\/isf.fo\/en\/wp-json\/wp\/v2\/media\/10102"}],"wp:attachment":[{"href":"https:\/\/isf.fo\/en\/wp-json\/wp\/v2\/media?parent=10101"}],"wp:term":[{"taxonomy":"category","embeddable":true,"href":"https:\/\/isf.fo\/en\/wp-json\/wp\/v2\/categories?post=10101"},{"taxonomy":"post_tag","embeddable":true,"href":"https:\/\/isf.fo\/en\/wp-json\/wp\/v2\/tags?post=10101"}],"curies":[{"name":"wp","href":"https:\/\/api.w.org\/{rel}","templated":true}]}}