{"id":1019,"date":"2009-05-20T13:12:40","date_gmt":"2009-05-20T12:12:40","guid":{"rendered":"https:\/\/isf.fo\/?p=1019"},"modified":"2016-12-04T15:01:50","modified_gmt":"2016-12-04T15:01:50","slug":"itrottarnatt-tiltak-fyri-ungdom-um-alt-landi%c3%b0-23-mei-2009","status":"publish","type":"post","link":"https:\/\/isf.fo\/en\/itrottarnatt-tiltak-fyri-ungdom-um-alt-landi%c3%b0-23-mei-2009\/","title":{"rendered":"\u00cdtr\u00f3ttarn\u00e1tt \u2013 tiltak fyri ungd\u00f3m um alt landi\u00f0 23. mei 2009"},"content":{"rendered":"<p><a href=\"https:\/\/d21ockg4ri0hhk.cloudfront.net\/wp-content\/uploads\/2009\/05\/30193227\/plakat_stor-1.jpg\"><img decoding=\"async\" class=\"alignleft size-full wp-image-1024 lazyload\" style=\"--smush-placeholder-width: 300px; --smush-placeholder-aspect-ratio: 300\/421;margin: 2px;\" title=\"Basic CMYK\" data-src=\"https:\/\/d21ockg4ri0hhk.cloudfront.net\/wp-content\/uploads\/2009\/05\/30193227\/plakat_stor-1.jpg\" alt=\"\" width=\"300\" height=\"421\" src=\"data:image\/svg+xml;base64,PHN2ZyB3aWR0aD0iMSIgaGVpZ2h0PSIxIiB4bWxucz0iaHR0cDovL3d3dy53My5vcmcvMjAwMC9zdmciPjwvc3ZnPg==\" \/><\/a>Heilsum\u00e1lar\u00e1\u00f0harrin hevur nevnt \u00e1ri\u00f0 2009 fyri \u201cF\u00f8royar \u00ed r\u00f8rslu\u201d, og ta\u00f0 fegnast vit um innan \u00edtr\u00f3ttin.<\/p>\n<p>Skipa\u00f0 ver\u00f0ur fyri ymsum tilt\u00f8kum \u00ed \u00e1r, fr\u00e1 evnisd\u00f8gum til r\u00f8rslutilt\u00f8k. Onkur av hesum tilt\u00f8kunum eru n\u00fdggj, me\u00f0an onnur hava veri\u00f0 \u00ed fleiri \u00e1r.<\/p>\n<p>Okkara v\u00f3n er, at \u00edtr\u00f3ttafel\u00f8gini kring landi\u00f0 fara at varpa lj\u00f3s \u00e1 r\u00f8rslu sum n\u00e1tt\u00farligan part av virkseminum hj\u00e1 f\u00f8royska \u00edtr\u00f3ttinum. Vit, sum kenna til gle\u00f0ina og v\u00e6lveruna, sum \u00edtr\u00f3ttur gevur okkum, fara v\u00f3nandi eisini at hj\u00e1lpa \u00f8\u00f0rum at uppliva \u00edtr\u00f3tt. Hv\u00f8r \u00edtr\u00f3ttagrein \u00e1 s\u00edn h\u00e1tt.<\/p>\n<p>\u00cd 2009 eru ta\u00f0 70 \u00e1r s\u00ed\u00f0an, \u00cdSF var\u00f0 sett \u00e1 stovn. Fyri at markera 70-\u00e1ra stovningardagin, hevur \u00cdSF sett s\u00e6r fyri at seta \u00ed gongd eitt landsumfevnandi tiltak leygarkv\u00f8ldi\u00f0 23. mei 2009. \u00c6tlanin er, at allar \u00edtr\u00f3ttarhallir skulu lata dyrnar upp og bj\u00f3\u00f0a ungd\u00f3mum inn at \u00ed\u00f0ka \u00edtr\u00f3tt.<\/p>\n<p>\u00cdSF hevur hj\u00e1lpt til vi\u00f0 at seta tiltaki\u00f0 \u00edgongd, men ta\u00f0 eru lokalu fel\u00f8gini sj\u00e1lvi, sum standa fyri sj\u00e1lvum tiltakinum.<\/p>\n<p><strong>\u00cdtr\u00f3ttarn\u00e1tt <\/strong><br \/>\nUngd\u00f3mstiltak tann 23. mai 2009 klokkan 20 \u2013 02, t\u00e1 hallir og vallir eru opin at h\u00fdsa tann\u00e1ringum \/ ungd\u00f3mum \u00ed aldrinum 14 \u2013 20 \u00e1r at \u00ed\u00f0ka \u00edtr\u00f3tt undir hugnaligum og stuttligum umst\u00f8\u00f0um.<\/p>\n<p>Endm\u00e1li\u00f0 er at geva ungd\u00f3mi m\u00f8guleika at samlast og r\u00f8ra seg \u2013 eisini teimum, sum ikki longu eru virkin \u00ed \u00edtr\u00f3ttarfel\u00f8gum. At minna \u00e1 t\u00fddningin av at r\u00f8ra seg og at kveikja \u00e1huga fyri \u00edtr\u00f3tti.<\/p>\n<p>Beint n\u00fa s\u00e6r \u00fat til at tiltaki\u00f0 ver\u00f0ur \u00e1 Ei\u00f0i, Kambsdali, Sk\u00e1la, Runav\u00edk, Kollafir\u00f0i, T\u00f3rshavn og Giljanesi.<\/p>\n<p>Ta\u00f0 eru lokalu fel\u00f8gini, i\u00f0 eru fyriskiparar og hava \u00e1byrgd av tiltakinum \u00e1 sta\u00f0num. Tey mynda s\u00edtt tiltak hv\u00f8r \u00e1 s\u00edn h\u00e1tt.<\/p>\n<p>\u00c6tlanin er at ungd\u00f3marnir skulu hava m\u00f8guleika at royna ymiskar \u00edtr\u00f3ttargreinir og sp\u00f8l, i\u00f0 ikki eru so vanlig til dagligt. Dentur ver\u00f0ur lagdur \u00e1 sosiala samver\u00f0u, og at ta\u00f0 skal ver\u00f0a stuttligt.<\/p>\n<p>\u00c1 onkrum pl\u00e1ssi hava fyriskipararnir valt at deila pl\u00e1ssi\u00f0 upp, solei\u00f0is at fleiri \u00edtr\u00f3ttargreinir og ymisk sp\u00f8l ver\u00f0a \u00ed\u00f0ka \u00ed senn. A\u00f0rasta\u00f0ni ver\u00f0ur fyriskipa solei\u00f0s at fel\u00f8gini\/\u00edtr\u00f3ttargreinirnar deila kv\u00f8ldi\u00f0 millum s\u00edn, solei\u00f0is at fyrst ver\u00f0ur ein \u00edtr\u00f3ttargrein \u00ed\u00f0ka, og so n\u00e6sta part av kv\u00f8ldinum ver\u00f0ur ein onnur o.s.fr.<\/p>\n<p>Byrja\u00f0 ver\u00f0ur \u00e1 \u00f8llum pl\u00e1ssum kl. 20 og enda kl. 02.<\/p>\n<p>Fleiri uppl\u00fdsingar kunnu f\u00e1ast fr\u00e1 \u00c1lvi Hansen samskipara alvur(kurla)olivant.fo. \/ 211602.<\/p>\n<p>Vi\u00f0 v\u00f3n um at f\u00e1a eitt spennandi tiltak um alt landi\u00f0, har ungd\u00f3mur kann samlast og \u00ed\u00f0ka undir tryggum umst\u00f8\u00f0um.<\/p>\n<p>Vegna<br \/>\n\u00cdtr\u00f3ttarsamband F\u00f8roya<\/p>\n<p>\u00c1lvur Hansen<\/p>","protected":false},"excerpt":{"rendered":"<p>\u00cd 2009 eru ta\u00f0 70 \u00e1r s\u00ed\u00f0an, \u00cdSF var\u00f0 sett \u00e1 stovn. Fyri at markera 70-\u00e1ra stovningardagin, hevur \u00cdSF sett s\u00e6r fyri at seta \u00ed gongd eitt landsumfevnandi tiltak leygarkv\u00f8ldi\u00f0 23. mei 2009.<\/p>","protected":false},"author":6,"featured_media":0,"comment_status":"open","ping_status":"open","sticky":false,"template":"","format":"standard","meta":{"_acf_changed":false,"_relevanssi_hide_post":"","_relevanssi_hide_content":"","_relevanssi_pin_for_all":"","_relevanssi_pin_keywords":"","_relevanssi_unpin_keywords":"","_relevanssi_related_keywords":"","_relevanssi_related_include_ids":"","_relevanssi_related_exclude_ids":"","_relevanssi_related_no_append":"","_relevanssi_related_not_related":"","_relevanssi_related_posts":"","_relevanssi_noindex_reason":"","inline_featured_image":false,"footnotes":""},"categories":[2],"tags":[],"class_list":["post-1019","post","type-post","status-publish","format-standard","hentry","category-isf"],"acf":[],"yoast_head":"<!-- This site is optimized with the Yoast SEO plugin v27.5 - https:\/\/yoast.com\/product\/yoast-seo-wordpress\/ -->\n<title>\u00cdtr\u00f3ttarn\u00e1tt \u2013 tiltak fyri ungd\u00f3m um alt landi\u00f0 23. mei 2009 - \u00cdtr\u00f3ttasamband F\u00f8roya<\/title>\n<meta name=\"robots\" content=\"index, follow, max-snippet:-1, max-image-preview:large, max-video-preview:-1\" \/>\n<link rel=\"canonical\" href=\"https:\/\/isf.fo\/en\/itrottarnatt-tiltak-fyri-ungdom-um-alt-landi\u00f0-23-mei-2009\/\" \/>\n<meta property=\"og:locale\" content=\"en_US\" \/>\n<meta property=\"og:type\" content=\"article\" \/>\n<meta property=\"og:title\" content=\"\u00cdtr\u00f3ttarn\u00e1tt \u2013 tiltak fyri ungd\u00f3m um alt landi\u00f0 23. mei 2009 - \u00cdtr\u00f3ttasamband F\u00f8roya\" \/>\n<meta property=\"og:description\" content=\"\u00cd 2009 eru ta\u00f0 70 \u00e1r s\u00ed\u00f0an, \u00cdSF var\u00f0 sett \u00e1 stovn. Fyri at markera 70-\u00e1ra stovningardagin, hevur \u00cdSF sett s\u00e6r fyri at seta \u00ed gongd eitt landsumfevnandi tiltak leygarkv\u00f8ldi\u00f0 23. mei 2009.\" \/>\n<meta property=\"og:url\" content=\"https:\/\/isf.fo\/en\/itrottarnatt-tiltak-fyri-ungdom-um-alt-landi\u00f0-23-mei-2009\/\" \/>\n<meta property=\"og:site_name\" content=\"\u00cdtr\u00f3ttasamband F\u00f8roya\" \/>\n<meta property=\"article:publisher\" content=\"https:\/\/www.facebook.com\/itrottasambandid\" \/>\n<meta property=\"article:published_time\" content=\"2009-05-20T12:12:40+00:00\" \/>\n<meta property=\"article:modified_time\" content=\"2016-12-04T15:01:50+00:00\" \/>\n<meta property=\"og:image\" content=\"https:\/\/isf.fo\/wp-content\/uploads\/2009\/05\/plakat_stor-1.jpg\" \/>\n<meta name=\"author\" content=\"Petur Mitt\u00fan\" \/>\n<meta name=\"twitter:card\" content=\"summary_large_image\" \/>\n<meta name=\"twitter:label1\" content=\"Written by\" \/>\n\t<meta name=\"twitter:data1\" content=\"Petur Mitt\u00fan\" \/>\n\t<meta name=\"twitter:label2\" content=\"Est. reading time\" \/>\n\t<meta name=\"twitter:data2\" content=\"2 minutes\" \/>\n<script type=\"application\/ld+json\" class=\"yoast-schema-graph\">{\"@context\":\"https:\\\/\\\/schema.org\",\"@graph\":[{\"@type\":\"Article\",\"@id\":\"https:\\\/\\\/isf.fo\\\/itrottarnatt-tiltak-fyri-ungdom-um-alt-landi%c3%b0-23-mei-2009\\\/#article\",\"isPartOf\":{\"@id\":\"https:\\\/\\\/isf.fo\\\/itrottarnatt-tiltak-fyri-ungdom-um-alt-landi%c3%b0-23-mei-2009\\\/\"},\"author\":{\"name\":\"Petur Mitt\u00fan\",\"@id\":\"https:\\\/\\\/isf.fo\\\/#\\\/schema\\\/person\\\/78ac1b623dbf0ace868a5dbcdaed016d\"},\"headline\":\"\u00cdtr\u00f3ttarn\u00e1tt \u2013 tiltak fyri ungd\u00f3m um alt landi\u00f0 23. mei 2009\",\"datePublished\":\"2009-05-20T12:12:40+00:00\",\"dateModified\":\"2016-12-04T15:01:50+00:00\",\"mainEntityOfPage\":{\"@id\":\"https:\\\/\\\/isf.fo\\\/itrottarnatt-tiltak-fyri-ungdom-um-alt-landi%c3%b0-23-mei-2009\\\/\"},\"wordCount\":482,\"commentCount\":0,\"publisher\":{\"@id\":\"https:\\\/\\\/isf.fo\\\/#organization\"},\"image\":{\"@id\":\"https:\\\/\\\/isf.fo\\\/itrottarnatt-tiltak-fyri-ungdom-um-alt-landi%c3%b0-23-mei-2009\\\/#primaryimage\"},\"thumbnailUrl\":\"https:\\\/\\\/isf.fo\\\/wp-content\\\/uploads\\\/2009\\\/05\\\/plakat_stor-1.jpg\",\"articleSection\":[\"\u00cdSF\"],\"inLanguage\":\"en-US\"},{\"@type\":\"WebPage\",\"@id\":\"https:\\\/\\\/isf.fo\\\/itrottarnatt-tiltak-fyri-ungdom-um-alt-landi%c3%b0-23-mei-2009\\\/\",\"url\":\"https:\\\/\\\/isf.fo\\\/itrottarnatt-tiltak-fyri-ungdom-um-alt-landi%c3%b0-23-mei-2009\\\/\",\"name\":\"\u00cdtr\u00f3ttarn\u00e1tt \u2013 tiltak fyri ungd\u00f3m um alt landi\u00f0 23. mei 2009 - \u00cdtr\u00f3ttasamband F\u00f8roya\",\"isPartOf\":{\"@id\":\"https:\\\/\\\/isf.fo\\\/#website\"},\"primaryImageOfPage\":{\"@id\":\"https:\\\/\\\/isf.fo\\\/itrottarnatt-tiltak-fyri-ungdom-um-alt-landi%c3%b0-23-mei-2009\\\/#primaryimage\"},\"image\":{\"@id\":\"https:\\\/\\\/isf.fo\\\/itrottarnatt-tiltak-fyri-ungdom-um-alt-landi%c3%b0-23-mei-2009\\\/#primaryimage\"},\"thumbnailUrl\":\"https:\\\/\\\/isf.fo\\\/wp-content\\\/uploads\\\/2009\\\/05\\\/plakat_stor-1.jpg\",\"datePublished\":\"2009-05-20T12:12:40+00:00\",\"dateModified\":\"2016-12-04T15:01:50+00:00\",\"breadcrumb\":{\"@id\":\"https:\\\/\\\/isf.fo\\\/itrottarnatt-tiltak-fyri-ungdom-um-alt-landi%c3%b0-23-mei-2009\\\/#breadcrumb\"},\"inLanguage\":\"en-US\",\"potentialAction\":[{\"@type\":\"ReadAction\",\"target\":[\"https:\\\/\\\/isf.fo\\\/itrottarnatt-tiltak-fyri-ungdom-um-alt-landi%c3%b0-23-mei-2009\\\/\"]}]},{\"@type\":\"ImageObject\",\"inLanguage\":\"en-US\",\"@id\":\"https:\\\/\\\/isf.fo\\\/itrottarnatt-tiltak-fyri-ungdom-um-alt-landi%c3%b0-23-mei-2009\\\/#primaryimage\",\"url\":\"https:\\\/\\\/isf.fo\\\/wp-content\\\/uploads\\\/2009\\\/05\\\/plakat_stor-1.jpg\",\"contentUrl\":\"https:\\\/\\\/isf.fo\\\/wp-content\\\/uploads\\\/2009\\\/05\\\/plakat_stor-1.jpg\"},{\"@type\":\"BreadcrumbList\",\"@id\":\"https:\\\/\\\/isf.fo\\\/itrottarnatt-tiltak-fyri-ungdom-um-alt-landi%c3%b0-23-mei-2009\\\/#breadcrumb\",\"itemListElement\":[{\"@type\":\"ListItem\",\"position\":1,\"name\":\"Home\",\"item\":\"https:\\\/\\\/isf.fo\\\/\"},{\"@type\":\"ListItem\",\"position\":2,\"name\":\"\u00cdtr\u00f3ttarn\u00e1tt \u2013 tiltak fyri ungd\u00f3m um alt landi\u00f0 23. mei 2009\"}]},{\"@type\":\"WebSite\",\"@id\":\"https:\\\/\\\/isf.fo\\\/#website\",\"url\":\"https:\\\/\\\/isf.fo\\\/\",\"name\":\"\u00cdtr\u00f3ttasamband F\u00f8roya\",\"description\":\"\",\"publisher\":{\"@id\":\"https:\\\/\\\/isf.fo\\\/#organization\"},\"potentialAction\":[{\"@type\":\"SearchAction\",\"target\":{\"@type\":\"EntryPoint\",\"urlTemplate\":\"https:\\\/\\\/isf.fo\\\/?s={search_term_string}\"},\"query-input\":{\"@type\":\"PropertyValueSpecification\",\"valueRequired\":true,\"valueName\":\"search_term_string\"}}],\"inLanguage\":\"en-US\"},{\"@type\":\"Organization\",\"@id\":\"https:\\\/\\\/isf.fo\\\/#organization\",\"name\":\"\u00cdtr\u00f3ttasamband F\u00f8roya\",\"url\":\"https:\\\/\\\/isf.fo\\\/\",\"logo\":{\"@type\":\"ImageObject\",\"inLanguage\":\"en-US\",\"@id\":\"https:\\\/\\\/isf.fo\\\/#\\\/schema\\\/logo\\\/image\\\/\",\"url\":\"https:\\\/\\\/isf.fo\\\/wp-content\\\/uploads\\\/2025\\\/06\\\/ISF_Olympic-Committee-logo.png\",\"contentUrl\":\"https:\\\/\\\/isf.fo\\\/wp-content\\\/uploads\\\/2025\\\/06\\\/ISF_Olympic-Committee-logo.png\",\"width\":618,\"height\":121,\"caption\":\"\u00cdtr\u00f3ttasamband F\u00f8roya\"},\"image\":{\"@id\":\"https:\\\/\\\/isf.fo\\\/#\\\/schema\\\/logo\\\/image\\\/\"},\"sameAs\":[\"https:\\\/\\\/www.facebook.com\\\/itrottasambandid\"]},{\"@type\":\"Person\",\"@id\":\"https:\\\/\\\/isf.fo\\\/#\\\/schema\\\/person\\\/78ac1b623dbf0ace868a5dbcdaed016d\",\"name\":\"Petur Mitt\u00fan\",\"image\":{\"@type\":\"ImageObject\",\"inLanguage\":\"en-US\",\"@id\":\"https:\\\/\\\/secure.gravatar.com\\\/avatar\\\/6f731b65ffaeb1029d9436acc96fc12c3cef9200131daa85ab7762529a25d1d2?s=96&d=mm&r=g\",\"url\":\"https:\\\/\\\/secure.gravatar.com\\\/avatar\\\/6f731b65ffaeb1029d9436acc96fc12c3cef9200131daa85ab7762529a25d1d2?s=96&d=mm&r=g\",\"contentUrl\":\"https:\\\/\\\/secure.gravatar.com\\\/avatar\\\/6f731b65ffaeb1029d9436acc96fc12c3cef9200131daa85ab7762529a25d1d2?s=96&d=mm&r=g\",\"caption\":\"Petur Mitt\u00fan\"},\"url\":\"https:\\\/\\\/isf.fo\\\/en\\\/author\\\/petur\\\/\"}]}<\/script>\n<!-- \/ Yoast SEO plugin. -->","yoast_head_json":{"title":"\u00cdtr\u00f3ttarn\u00e1tt \u2013 tiltak fyri ungd\u00f3m um alt landi\u00f0 23. mei 2009 - \u00cdtr\u00f3ttasamband F\u00f8roya","robots":{"index":"index","follow":"follow","max-snippet":"max-snippet:-1","max-image-preview":"max-image-preview:large","max-video-preview":"max-video-preview:-1"},"canonical":"https:\/\/isf.fo\/en\/itrottarnatt-tiltak-fyri-ungdom-um-alt-landi\u00f0-23-mei-2009\/","og_locale":"en_US","og_type":"article","og_title":"\u00cdtr\u00f3ttarn\u00e1tt \u2013 tiltak fyri ungd\u00f3m um alt landi\u00f0 23. mei 2009 - \u00cdtr\u00f3ttasamband F\u00f8roya","og_description":"\u00cd 2009 eru ta\u00f0 70 \u00e1r s\u00ed\u00f0an, \u00cdSF var\u00f0 sett \u00e1 stovn. Fyri at markera 70-\u00e1ra stovningardagin, hevur \u00cdSF sett s\u00e6r fyri at seta \u00ed gongd eitt landsumfevnandi tiltak leygarkv\u00f8ldi\u00f0 23. mei 2009.","og_url":"https:\/\/isf.fo\/en\/itrottarnatt-tiltak-fyri-ungdom-um-alt-landi\u00f0-23-mei-2009\/","og_site_name":"\u00cdtr\u00f3ttasamband F\u00f8roya","article_publisher":"https:\/\/www.facebook.com\/itrottasambandid","article_published_time":"2009-05-20T12:12:40+00:00","article_modified_time":"2016-12-04T15:01:50+00:00","og_image":[{"url":"https:\/\/isf.fo\/wp-content\/uploads\/2009\/05\/plakat_stor-1.jpg","type":"","width":"","height":""}],"author":"Petur Mitt\u00fan","twitter_card":"summary_large_image","twitter_misc":{"Written by":"Petur Mitt\u00fan","Est. reading time":"2 minutes"},"schema":{"@context":"https:\/\/schema.org","@graph":[{"@type":"Article","@id":"https:\/\/isf.fo\/itrottarnatt-tiltak-fyri-ungdom-um-alt-landi%c3%b0-23-mei-2009\/#article","isPartOf":{"@id":"https:\/\/isf.fo\/itrottarnatt-tiltak-fyri-ungdom-um-alt-landi%c3%b0-23-mei-2009\/"},"author":{"name":"Petur Mitt\u00fan","@id":"https:\/\/isf.fo\/#\/schema\/person\/78ac1b623dbf0ace868a5dbcdaed016d"},"headline":"\u00cdtr\u00f3ttarn\u00e1tt \u2013 tiltak fyri ungd\u00f3m um alt landi\u00f0 23. mei 2009","datePublished":"2009-05-20T12:12:40+00:00","dateModified":"2016-12-04T15:01:50+00:00","mainEntityOfPage":{"@id":"https:\/\/isf.fo\/itrottarnatt-tiltak-fyri-ungdom-um-alt-landi%c3%b0-23-mei-2009\/"},"wordCount":482,"commentCount":0,"publisher":{"@id":"https:\/\/isf.fo\/#organization"},"image":{"@id":"https:\/\/isf.fo\/itrottarnatt-tiltak-fyri-ungdom-um-alt-landi%c3%b0-23-mei-2009\/#primaryimage"},"thumbnailUrl":"https:\/\/isf.fo\/wp-content\/uploads\/2009\/05\/plakat_stor-1.jpg","articleSection":["\u00cdSF"],"inLanguage":"en-US"},{"@type":"WebPage","@id":"https:\/\/isf.fo\/itrottarnatt-tiltak-fyri-ungdom-um-alt-landi%c3%b0-23-mei-2009\/","url":"https:\/\/isf.fo\/itrottarnatt-tiltak-fyri-ungdom-um-alt-landi%c3%b0-23-mei-2009\/","name":"\u00cdtr\u00f3ttarn\u00e1tt \u2013 tiltak fyri ungd\u00f3m um alt landi\u00f0 23. mei 2009 - \u00cdtr\u00f3ttasamband F\u00f8roya","isPartOf":{"@id":"https:\/\/isf.fo\/#website"},"primaryImageOfPage":{"@id":"https:\/\/isf.fo\/itrottarnatt-tiltak-fyri-ungdom-um-alt-landi%c3%b0-23-mei-2009\/#primaryimage"},"image":{"@id":"https:\/\/isf.fo\/itrottarnatt-tiltak-fyri-ungdom-um-alt-landi%c3%b0-23-mei-2009\/#primaryimage"},"thumbnailUrl":"https:\/\/isf.fo\/wp-content\/uploads\/2009\/05\/plakat_stor-1.jpg","datePublished":"2009-05-20T12:12:40+00:00","dateModified":"2016-12-04T15:01:50+00:00","breadcrumb":{"@id":"https:\/\/isf.fo\/itrottarnatt-tiltak-fyri-ungdom-um-alt-landi%c3%b0-23-mei-2009\/#breadcrumb"},"inLanguage":"en-US","potentialAction":[{"@type":"ReadAction","target":["https:\/\/isf.fo\/itrottarnatt-tiltak-fyri-ungdom-um-alt-landi%c3%b0-23-mei-2009\/"]}]},{"@type":"ImageObject","inLanguage":"en-US","@id":"https:\/\/isf.fo\/itrottarnatt-tiltak-fyri-ungdom-um-alt-landi%c3%b0-23-mei-2009\/#primaryimage","url":"https:\/\/isf.fo\/wp-content\/uploads\/2009\/05\/plakat_stor-1.jpg","contentUrl":"https:\/\/isf.fo\/wp-content\/uploads\/2009\/05\/plakat_stor-1.jpg"},{"@type":"BreadcrumbList","@id":"https:\/\/isf.fo\/itrottarnatt-tiltak-fyri-ungdom-um-alt-landi%c3%b0-23-mei-2009\/#breadcrumb","itemListElement":[{"@type":"ListItem","position":1,"name":"Home","item":"https:\/\/isf.fo\/"},{"@type":"ListItem","position":2,"name":"\u00cdtr\u00f3ttarn\u00e1tt \u2013 tiltak fyri ungd\u00f3m um alt landi\u00f0 23. mei 2009"}]},{"@type":"WebSite","@id":"https:\/\/isf.fo\/#website","url":"https:\/\/isf.fo\/","name":"\u00cdtr\u00f3ttasamband F\u00f8roya","description":"","publisher":{"@id":"https:\/\/isf.fo\/#organization"},"potentialAction":[{"@type":"SearchAction","target":{"@type":"EntryPoint","urlTemplate":"https:\/\/isf.fo\/?s={search_term_string}"},"query-input":{"@type":"PropertyValueSpecification","valueRequired":true,"valueName":"search_term_string"}}],"inLanguage":"en-US"},{"@type":"Organization","@id":"https:\/\/isf.fo\/#organization","name":"\u00cdtr\u00f3ttasamband F\u00f8roya","url":"https:\/\/isf.fo\/","logo":{"@type":"ImageObject","inLanguage":"en-US","@id":"https:\/\/isf.fo\/#\/schema\/logo\/image\/","url":"https:\/\/isf.fo\/wp-content\/uploads\/2025\/06\/ISF_Olympic-Committee-logo.png","contentUrl":"https:\/\/isf.fo\/wp-content\/uploads\/2025\/06\/ISF_Olympic-Committee-logo.png","width":618,"height":121,"caption":"\u00cdtr\u00f3ttasamband F\u00f8roya"},"image":{"@id":"https:\/\/isf.fo\/#\/schema\/logo\/image\/"},"sameAs":["https:\/\/www.facebook.com\/itrottasambandid"]},{"@type":"Person","@id":"https:\/\/isf.fo\/#\/schema\/person\/78ac1b623dbf0ace868a5dbcdaed016d","name":"Petur Mitt\u00fan","image":{"@type":"ImageObject","inLanguage":"en-US","@id":"https:\/\/secure.gravatar.com\/avatar\/6f731b65ffaeb1029d9436acc96fc12c3cef9200131daa85ab7762529a25d1d2?s=96&d=mm&r=g","url":"https:\/\/secure.gravatar.com\/avatar\/6f731b65ffaeb1029d9436acc96fc12c3cef9200131daa85ab7762529a25d1d2?s=96&d=mm&r=g","contentUrl":"https:\/\/secure.gravatar.com\/avatar\/6f731b65ffaeb1029d9436acc96fc12c3cef9200131daa85ab7762529a25d1d2?s=96&d=mm&r=g","caption":"Petur Mitt\u00fan"},"url":"https:\/\/isf.fo\/en\/author\/petur\/"}]}},"_links":{"self":[{"href":"https:\/\/isf.fo\/en\/wp-json\/wp\/v2\/posts\/1019","targetHints":{"allow":["GET"]}}],"collection":[{"href":"https:\/\/isf.fo\/en\/wp-json\/wp\/v2\/posts"}],"about":[{"href":"https:\/\/isf.fo\/en\/wp-json\/wp\/v2\/types\/post"}],"author":[{"embeddable":true,"href":"https:\/\/isf.fo\/en\/wp-json\/wp\/v2\/users\/6"}],"replies":[{"embeddable":true,"href":"https:\/\/isf.fo\/en\/wp-json\/wp\/v2\/comments?post=1019"}],"version-history":[{"count":1,"href":"https:\/\/isf.fo\/en\/wp-json\/wp\/v2\/posts\/1019\/revisions"}],"predecessor-version":[{"id":4842,"href":"https:\/\/isf.fo\/en\/wp-json\/wp\/v2\/posts\/1019\/revisions\/4842"}],"wp:attachment":[{"href":"https:\/\/isf.fo\/en\/wp-json\/wp\/v2\/media?parent=1019"}],"wp:term":[{"taxonomy":"category","embeddable":true,"href":"https:\/\/isf.fo\/en\/wp-json\/wp\/v2\/categories?post=1019"},{"taxonomy":"post_tag","embeddable":true,"href":"https:\/\/isf.fo\/en\/wp-json\/wp\/v2\/tags?post=1019"}],"curies":[{"name":"wp","href":"https:\/\/api.w.org\/{rel}","templated":true}]}}