{"id":10217,"date":"2022-10-28T11:08:01","date_gmt":"2022-10-28T11:08:01","guid":{"rendered":"https:\/\/isf.fo\/?p=10217"},"modified":"2022-11-03T00:18:36","modified_gmt":"2022-11-03T00:18:36","slug":"isf-a-ferd-2","status":"publish","type":"post","link":"https:\/\/isf.fo\/en\/isf-a-ferd-2\/","title":{"rendered":"\u00cdSF \u00e1 fer\u00f0"},"content":{"rendered":"<p>Evniskv\u00f8ld um \u201c<strong><em>Kynstri\u00f0 at skapa brei\u00f0ar felagsskapir fyri b\u00f8rnini, breiddina og tey bestu\u201d<\/em><\/strong><\/p>\n\n\n\n<p>Kom vi\u00f0, t\u00e1 i\u00f0\u00a0<strong>Lene Terp<\/strong>\u00a0(<em>venjari hj\u00e1 A-landsli\u00f0num hj\u00e1 kvinnum<\/em>),\u00a0<strong>Annika Helgad\u00f3ttir Davidsen<\/strong>, (<em>s\u00e1larfr\u00f8\u00f0ingur<\/em>),\u00a0<strong>Mark Lausen-Marcher<\/strong>, (<em>\u00edtr\u00f3ttastj\u00f3ri<\/em>),\u00a0<strong>Heri Ziska<\/strong>, (<em>venjari<\/em>),\u00a0<strong>Gudmundur Joensen<\/strong>, (<em>fyrrv. lei\u00f0ari av \u00cdtr\u00f3ttarh\u00e1sk\u00falanum<\/em>), og\u00a0<strong>\u00d8ssur D. Eiriksfoss<\/strong>\u00a0(<em>fyrrverandi \u00farvals\u00ed\u00f0kari<\/em>), eru gestar\u00f8\u00f0arar \u00e1 tilt\u00f8kum kring landi\u00f0, har vit\u00a0vi\u00f0gera\u00a0innihaldi\u00f0 \u00ed n\u00fdggju \u00e6tlanini hj\u00e1 \u00cdSF fyri n\u00e6stu f\u00fdra \u00e1rini.<\/p>\n\n\n\n<figure class=\"wp-block-image\"><a href=\"https:\/\/www.facebook.com\/events\/538906471413229\"><img decoding=\"async\" data-src=\"https:\/\/isf.fo\/wp-content\/uploads\/2022\/10\/I%CC%81SF-a%CC%81-ferd-gestarodarar-1080-%C3%97-1150px-1080-%C3%97-1080px-1.png\" alt=\"\" class=\"wp-image-10231 lazyload\" src=\"data:image\/svg+xml;base64,PHN2ZyB3aWR0aD0iMSIgaGVpZ2h0PSIxIiB4bWxucz0iaHR0cDovL3d3dy53My5vcmcvMjAwMC9zdmciPjwvc3ZnPg==\" \/><\/a><\/figure>\n\n\n\n<p>Les meir um strategisku \u00e6tlanina <a href=\"https:\/\/isf.fo\/en\/i-felag-fram-imoti-felags-malum\/\">her<\/a>.<\/p>\n\n\n\n<p><strong>\u00cd d\u00f8gunum 8.-17. november fer\u00f0ast \u00cdSF kring landi\u00f0<\/strong>, og vit vilja fegin grei\u00f0a \u00f8llum, sum eru \u00e1huga\u00f0 og virkin \u00ed lokalu \u00edtr\u00f3ttafel\u00f8gunum, fr\u00e1 \u00e6tlanini og hoyra ymiskar hugsanir.<\/p>\n\n\n\n<p><strong><em>Tilt\u00f8kini eru \u00e6tla\u00f0 nevndarlimum, foreldrum, venjarum, sj\u00e1lvbodnum og annars \u00f8llum, sum eru virkin og \u00e1huga\u00f0 \u00ed \u00edtr\u00f3ttarfelagsskapum kring landi\u00f0.&nbsp;<\/em><\/strong><\/p>\n\n\n\n<p><strong>Evnini, sum ver\u00f0a vi\u00f0gj\u00f8rd, eru:<br><\/strong>\u2013 Hvussu kunnu vit \u00ed felag tryggja g\u00f3\u00f0a felagsskapin?<br>\u2013 Hvussu kunnu vit halda sj\u00e1lvbodnum til felagsskapin?<br>\u2013 Hvussu kunnu vit skapa eitt mennandi venjingarumhv\u00f8rvi fyri \u00f8ll \u2013 b\u00e6\u00f0i breidd og framt\u00ed\u00f0ar \u00farvals\u00ed\u00f0karar?<br><br>Tann g\u00f3\u00f0i felagsskapurin er rey\u00f0i tr\u00e1\u00f0urin \u00ed t\u00ed felags \u00e6tlan, sum \u00edtr\u00f3ttagreinar \u00ed F\u00f8royum herfyri samdust um at arbei\u00f0a fram \u00edm\u00f3ti. Eitt h\u00f8vu\u00f0sm\u00e1l er, at \u00f8ll skulu vi\u00f0, og dentur ver\u00f0ur lagdur \u00e1 at vir\u00f0a gle\u00f0ina vi\u00f0 at \u00ed\u00f0ka \u00edtr\u00f3tt eins h\u00f8gt og si\u00f0ursgle\u00f0ina. Og so leggur \u00cdSF fyri fyrstu fer\u00f0 fram eitt tilm\u00e6li um, at b\u00f8rn skulu kunna vera virkin \u00ed fleiri \u00edtr\u00f3ttagreinum \u00ed senn.<\/p>\n\n\n\n<p>Umframt starvsnevndina og onnur umbo\u00f0 fr\u00e1 \u00cdSF ver\u00f0a skiftandi gestar\u00f8\u00f0arar til hv\u00f8rt evniskv\u00f8ld:&nbsp;<\/p>\n\n\n\n<p><strong>Tilt\u00f8kini eru kl. 19.00 &#8211; 21.00 \u00e1 hesum st\u00f8\u00f0um:<\/strong><\/p>\n\n\n\n<ul class=\"wp-block-list\"><li>8. november Eysturoy (L\u00f8ksh\u00f8ll): <em>Mark Lausen-Marcher<\/em><\/li><li>9. november Klaksv\u00edk (Sk\u00falin \u00e1 Sk\u00falatr\u00f8\u00f0): <em>Annika Helgad\u00f3ttir Davidsen<\/em><\/li><li>10. november Nor\u00f0urstreymoy (Sk\u00falin vi\u00f0 Streymin): <em>Heri Ziska<\/em><\/li><li>14. november V\u00e1gar (Sk\u00falin \u00e1 Giljanesi): <em>Lene Terp<\/em><\/li><li>15. november Sandoy (Sta\u00f0 kemur): <em>Gu\u00f0mundur Joensen<\/em><\/li><li>16. november Su\u00f0urstreymoy (Aulan \u00ed Finsen): <em>Lene Terp<\/em><\/li><li>17. november Su\u00f0uroy (Sk\u00falin \u00ed Trongisv\u00e1gi):<em> \u00d8ssur D. Eiriksfoss<\/em><br><\/li><\/ul>\n\n\n\n<p><strong>Um gestar\u00f8\u00f0ararnar:<\/strong><\/p>\n\n\n\n<ul class=\"wp-block-list\"><li><strong>LENE TERP<\/strong>, kvinnulandsli\u00f0svenjari og mennari hj\u00e1&nbsp;FSF:&nbsp;<em>\u201cVenjaraleikluturin skal ra\u00f0festast, um vit vilja tryggja eitt mennandi venjingarumhv\u00f8rvi &#8211; b\u00e6\u00f0i fyri breidd og&nbsp;\u00farval\u201d.<br><\/em><\/li><li><strong>MARK LAUSEN-MARCHER<\/strong>, \u00edtr\u00f3ttastj\u00f3ri&nbsp;HSF:&nbsp;<em>&#8220;G\u00f3\u00f0a venjingarumhv\u00f8rvi\u00f0 og t\u00fddningurin av at venja fleiri \u00edtr\u00f3ttagreinar&#8221;<br><\/em><\/li><li><strong>ANNIKA HELGAD\u00d3TTIR DAVIDSEN<\/strong>, s\u00e1larfr\u00f8\u00f0ingur:&nbsp;<em>\u201cUng, tr\u00fdst og \u00farslit, solei\u00f0is sum b\u00f8rn og ung uppliva ta\u00f0\u201d.<br><\/em><\/li><li><strong>HERI ZISKA<\/strong>, venjari og granskari:&nbsp;<em>\u201cN\u00e6r skal eg velja?&nbsp;\u2013&nbsp;hvat sigur n\u00fdggjasta granskingin um t\u00fddningin av at venja fleiri&nbsp;\u00edtr\u00f3ttagreinar?\u201d.<br><\/em><\/li><li><strong>GU\u00d0MUNDUR JOENSEN<\/strong>, fyrrv. lei\u00f0ari \u00e1&nbsp;\u00cdtr\u00f3ttah\u00e1sk\u00falan \u00ed Su\u00f0uroy:&nbsp;<em>\u201cUm b\u00f8rn og r\u00f8rslugle\u00f0i\u201d<br><\/em><\/li><li><strong>\u00d8SSUR DEBES EIRIKSFOSS<\/strong>, fyrrv. \u00farvals\u00ed\u00f0kari og bachlor \u00ed \u00edtr\u00f3tti&nbsp;<em>\u201cSj\u00f3narhorni\u00f0 hj\u00e1 einum \u00ed\u00f0kara\u201d<\/em>&nbsp;<\/li><\/ul>\n\n\n\n<p><\/p>\n\n\n\n<p>Vit v\u00f3na at s\u00edggja venjarar, \u00ed\u00f0karar, nevndarlimir, foreldur, umbo\u00f0 fyri kommunalu fyrisitingarnar og onnur \u00e1huga\u00f0.<\/p>\n\n\n\n<p>\u00d8ll eru v\u00e6lkomin!&nbsp;<\/p>\n\n\n\n<p><img decoding=\"async\" class=\"wp-image-10235 lazyload\" style=\"width: 900px;\" data-src=\"https:\/\/d21ockg4ri0hhk.cloudfront.net\/wp-content\/uploads\/2022\/10\/30191845\/Ny%CC%81tt-yvirlit.jpeg\" alt=\"\" src=\"data:image\/svg+xml;base64,PHN2ZyB3aWR0aD0iMSIgaGVpZ2h0PSIxIiB4bWxucz0iaHR0cDovL3d3dy53My5vcmcvMjAwMC9zdmciPjwvc3ZnPg==\"><\/p>","protected":false},"excerpt":{"rendered":"<p>Evniskv\u00f8ld um \u201cKynstri\u00f0 at skapa brei\u00f0ar felagsskapir fyri b\u00f8rnini, breiddina og tey bestu\u201d Kom vi\u00f0, t\u00e1 i\u00f0\u00a0Lene Terp\u00a0(venjari hj\u00e1 A-landsli\u00f0num [&hellip;]<\/p>\n","protected":false},"author":10,"featured_media":10235,"comment_status":"closed","ping_status":"closed","sticky":false,"template":"","format":"standard","meta":{"_acf_changed":false,"_relevanssi_hide_post":"","_relevanssi_hide_content":"","_relevanssi_pin_for_all":"","_relevanssi_pin_keywords":"","_relevanssi_unpin_keywords":"","_relevanssi_related_keywords":"","_relevanssi_related_include_ids":"","_relevanssi_related_exclude_ids":"","_relevanssi_related_no_append":"","_relevanssi_related_not_related":"","_relevanssi_related_posts":"","_relevanssi_noindex_reason":"","inline_featured_image":false,"footnotes":""},"categories":[2],"tags":[182,181],"class_list":["post-10217","post","type-post","status-publish","format-standard","has-post-thumbnail","hentry","category-isf","tag-i-felag-fram-imoti-felags-malum","tag-isf-a-ferd"],"acf":[],"yoast_head":"<!-- This site is optimized with the Yoast SEO plugin v27.5 - https:\/\/yoast.com\/product\/yoast-seo-wordpress\/ -->\n<title>\u00cdSF \u00e1 fer\u00f0 - \u00cdtr\u00f3ttasamband F\u00f8roya<\/title>\n<meta name=\"robots\" content=\"index, follow, max-snippet:-1, max-image-preview:large, max-video-preview:-1\" \/>\n<link rel=\"canonical\" href=\"https:\/\/isf.fo\/en\/isf-a-ferd-2\/\" \/>\n<meta property=\"og:locale\" content=\"en_US\" \/>\n<meta property=\"og:type\" content=\"article\" \/>\n<meta property=\"og:title\" content=\"\u00cdSF \u00e1 fer\u00f0 - \u00cdtr\u00f3ttasamband F\u00f8roya\" \/>\n<meta property=\"og:description\" content=\"Evniskv\u00f8ld um \u201cKynstri\u00f0 at skapa brei\u00f0ar felagsskapir fyri b\u00f8rnini, breiddina og tey bestu\u201d Kom vi\u00f0, t\u00e1 i\u00f0\u00a0Lene Terp\u00a0(venjari hj\u00e1 A-landsli\u00f0num [&hellip;]\" \/>\n<meta property=\"og:url\" content=\"https:\/\/isf.fo\/en\/isf-a-ferd-2\/\" \/>\n<meta property=\"og:site_name\" content=\"\u00cdtr\u00f3ttasamband F\u00f8roya\" \/>\n<meta property=\"article:publisher\" content=\"https:\/\/www.facebook.com\/itrottasambandid\" \/>\n<meta property=\"article:published_time\" content=\"2022-10-28T11:08:01+00:00\" \/>\n<meta property=\"article:modified_time\" content=\"2022-11-03T00:18:36+00:00\" \/>\n<meta property=\"og:image\" content=\"https:\/\/d21ockg4ri0hhk.cloudfront.net\/wp-content\/uploads\/2022\/10\/30191845\/Ny%CC%81tt-yvirlit.jpeg\" \/>\n\t<meta property=\"og:image:width\" content=\"640\" \/>\n\t<meta property=\"og:image:height\" content=\"312\" \/>\n\t<meta property=\"og:image:type\" content=\"image\/jpeg\" \/>\n<meta name=\"author\" content=\"Katrin Dam \u00e1 Neystab\u00f8\" \/>\n<meta name=\"twitter:card\" content=\"summary_large_image\" \/>\n<meta name=\"twitter:label1\" content=\"Written by\" \/>\n\t<meta name=\"twitter:data1\" content=\"Katrin Dam \u00e1 Neystab\u00f8\" \/>\n\t<meta name=\"twitter:label2\" content=\"Est. reading time\" \/>\n\t<meta name=\"twitter:data2\" content=\"3 minutes\" \/>\n<script type=\"application\/ld+json\" class=\"yoast-schema-graph\">{\"@context\":\"https:\\\/\\\/schema.org\",\"@graph\":[{\"@type\":\"Article\",\"@id\":\"https:\\\/\\\/isf.fo\\\/isf-a-ferd-2\\\/#article\",\"isPartOf\":{\"@id\":\"https:\\\/\\\/isf.fo\\\/isf-a-ferd-2\\\/\"},\"author\":{\"name\":\"Katrin Dam \u00e1 Neystab\u00f8\",\"@id\":\"https:\\\/\\\/isf.fo\\\/#\\\/schema\\\/person\\\/9246a98c90293eb716bf93be9ae6e565\"},\"headline\":\"\u00cdSF \u00e1 fer\u00f0\",\"datePublished\":\"2022-10-28T11:08:01+00:00\",\"dateModified\":\"2022-11-03T00:18:36+00:00\",\"mainEntityOfPage\":{\"@id\":\"https:\\\/\\\/isf.fo\\\/isf-a-ferd-2\\\/\"},\"wordCount\":516,\"publisher\":{\"@id\":\"https:\\\/\\\/isf.fo\\\/#organization\"},\"image\":{\"@id\":\"https:\\\/\\\/isf.fo\\\/isf-a-ferd-2\\\/#primaryimage\"},\"thumbnailUrl\":\"https:\\\/\\\/d21ockg4ri0hhk.cloudfront.net\\\/wp-content\\\/uploads\\\/2022\\\/10\\\/30191845\\\/Ny%CC%81tt-yvirlit.jpeg\",\"keywords\":[\"\u00cd felag fram \u00edm\u00f3ti felags m\u00e1lum\",\"\u00cdSF \u00e1 fer\u00f0\"],\"articleSection\":[\"\u00cdSF\"],\"inLanguage\":\"en-US\"},{\"@type\":\"WebPage\",\"@id\":\"https:\\\/\\\/isf.fo\\\/isf-a-ferd-2\\\/\",\"url\":\"https:\\\/\\\/isf.fo\\\/isf-a-ferd-2\\\/\",\"name\":\"\u00cdSF \u00e1 fer\u00f0 - \u00cdtr\u00f3ttasamband F\u00f8roya\",\"isPartOf\":{\"@id\":\"https:\\\/\\\/isf.fo\\\/#website\"},\"primaryImageOfPage\":{\"@id\":\"https:\\\/\\\/isf.fo\\\/isf-a-ferd-2\\\/#primaryimage\"},\"image\":{\"@id\":\"https:\\\/\\\/isf.fo\\\/isf-a-ferd-2\\\/#primaryimage\"},\"thumbnailUrl\":\"https:\\\/\\\/d21ockg4ri0hhk.cloudfront.net\\\/wp-content\\\/uploads\\\/2022\\\/10\\\/30191845\\\/Ny%CC%81tt-yvirlit.jpeg\",\"datePublished\":\"2022-10-28T11:08:01+00:00\",\"dateModified\":\"2022-11-03T00:18:36+00:00\",\"breadcrumb\":{\"@id\":\"https:\\\/\\\/isf.fo\\\/isf-a-ferd-2\\\/#breadcrumb\"},\"inLanguage\":\"en-US\",\"potentialAction\":[{\"@type\":\"ReadAction\",\"target\":[\"https:\\\/\\\/isf.fo\\\/isf-a-ferd-2\\\/\"]}]},{\"@type\":\"ImageObject\",\"inLanguage\":\"en-US\",\"@id\":\"https:\\\/\\\/isf.fo\\\/isf-a-ferd-2\\\/#primaryimage\",\"url\":\"https:\\\/\\\/d21ockg4ri0hhk.cloudfront.net\\\/wp-content\\\/uploads\\\/2022\\\/10\\\/30191845\\\/Ny%CC%81tt-yvirlit.jpeg\",\"contentUrl\":\"https:\\\/\\\/d21ockg4ri0hhk.cloudfront.net\\\/wp-content\\\/uploads\\\/2022\\\/10\\\/30191845\\\/Ny%CC%81tt-yvirlit.jpeg\",\"width\":640,\"height\":312},{\"@type\":\"BreadcrumbList\",\"@id\":\"https:\\\/\\\/isf.fo\\\/isf-a-ferd-2\\\/#breadcrumb\",\"itemListElement\":[{\"@type\":\"ListItem\",\"position\":1,\"name\":\"Home\",\"item\":\"https:\\\/\\\/isf.fo\\\/\"},{\"@type\":\"ListItem\",\"position\":2,\"name\":\"\u00cdSF \u00e1 fer\u00f0\"}]},{\"@type\":\"WebSite\",\"@id\":\"https:\\\/\\\/isf.fo\\\/#website\",\"url\":\"https:\\\/\\\/isf.fo\\\/\",\"name\":\"\u00cdtr\u00f3ttasamband F\u00f8roya\",\"description\":\"\",\"publisher\":{\"@id\":\"https:\\\/\\\/isf.fo\\\/#organization\"},\"potentialAction\":[{\"@type\":\"SearchAction\",\"target\":{\"@type\":\"EntryPoint\",\"urlTemplate\":\"https:\\\/\\\/isf.fo\\\/?s={search_term_string}\"},\"query-input\":{\"@type\":\"PropertyValueSpecification\",\"valueRequired\":true,\"valueName\":\"search_term_string\"}}],\"inLanguage\":\"en-US\"},{\"@type\":\"Organization\",\"@id\":\"https:\\\/\\\/isf.fo\\\/#organization\",\"name\":\"\u00cdtr\u00f3ttasamband F\u00f8roya\",\"url\":\"https:\\\/\\\/isf.fo\\\/\",\"logo\":{\"@type\":\"ImageObject\",\"inLanguage\":\"en-US\",\"@id\":\"https:\\\/\\\/isf.fo\\\/#\\\/schema\\\/logo\\\/image\\\/\",\"url\":\"https:\\\/\\\/isf.fo\\\/wp-content\\\/uploads\\\/2025\\\/06\\\/ISF_Olympic-Committee-logo.png\",\"contentUrl\":\"https:\\\/\\\/isf.fo\\\/wp-content\\\/uploads\\\/2025\\\/06\\\/ISF_Olympic-Committee-logo.png\",\"width\":618,\"height\":121,\"caption\":\"\u00cdtr\u00f3ttasamband F\u00f8roya\"},\"image\":{\"@id\":\"https:\\\/\\\/isf.fo\\\/#\\\/schema\\\/logo\\\/image\\\/\"},\"sameAs\":[\"https:\\\/\\\/www.facebook.com\\\/itrottasambandid\"]},{\"@type\":\"Person\",\"@id\":\"https:\\\/\\\/isf.fo\\\/#\\\/schema\\\/person\\\/9246a98c90293eb716bf93be9ae6e565\",\"name\":\"Katrin Dam \u00e1 Neystab\u00f8\",\"image\":{\"@type\":\"ImageObject\",\"inLanguage\":\"en-US\",\"@id\":\"https:\\\/\\\/secure.gravatar.com\\\/avatar\\\/cd20cb8bf0deda1721a187b1a472c5cf4731e13b2bc439a92524d8e439252432?s=96&d=mm&r=g\",\"url\":\"https:\\\/\\\/secure.gravatar.com\\\/avatar\\\/cd20cb8bf0deda1721a187b1a472c5cf4731e13b2bc439a92524d8e439252432?s=96&d=mm&r=g\",\"contentUrl\":\"https:\\\/\\\/secure.gravatar.com\\\/avatar\\\/cd20cb8bf0deda1721a187b1a472c5cf4731e13b2bc439a92524d8e439252432?s=96&d=mm&r=g\",\"caption\":\"Katrin Dam \u00e1 Neystab\u00f8\"},\"url\":\"https:\\\/\\\/isf.fo\\\/en\\\/author\\\/katrin\\\/\"}]}<\/script>\n<!-- \/ Yoast SEO plugin. -->","yoast_head_json":{"title":"\u00cdSF \u00e1 fer\u00f0 - \u00cdtr\u00f3ttasamband F\u00f8roya","robots":{"index":"index","follow":"follow","max-snippet":"max-snippet:-1","max-image-preview":"max-image-preview:large","max-video-preview":"max-video-preview:-1"},"canonical":"https:\/\/isf.fo\/en\/isf-a-ferd-2\/","og_locale":"en_US","og_type":"article","og_title":"\u00cdSF \u00e1 fer\u00f0 - \u00cdtr\u00f3ttasamband F\u00f8roya","og_description":"Evniskv\u00f8ld um \u201cKynstri\u00f0 at skapa brei\u00f0ar felagsskapir fyri b\u00f8rnini, breiddina og tey bestu\u201d Kom vi\u00f0, t\u00e1 i\u00f0\u00a0Lene Terp\u00a0(venjari hj\u00e1 A-landsli\u00f0num [&hellip;]","og_url":"https:\/\/isf.fo\/en\/isf-a-ferd-2\/","og_site_name":"\u00cdtr\u00f3ttasamband F\u00f8roya","article_publisher":"https:\/\/www.facebook.com\/itrottasambandid","article_published_time":"2022-10-28T11:08:01+00:00","article_modified_time":"2022-11-03T00:18:36+00:00","og_image":[{"width":640,"height":312,"url":"https:\/\/d21ockg4ri0hhk.cloudfront.net\/wp-content\/uploads\/2022\/10\/30191845\/Ny%CC%81tt-yvirlit.jpeg","type":"image\/jpeg"}],"author":"Katrin Dam \u00e1 Neystab\u00f8","twitter_card":"summary_large_image","twitter_misc":{"Written by":"Katrin Dam \u00e1 Neystab\u00f8","Est. reading time":"3 minutes"},"schema":{"@context":"https:\/\/schema.org","@graph":[{"@type":"Article","@id":"https:\/\/isf.fo\/isf-a-ferd-2\/#article","isPartOf":{"@id":"https:\/\/isf.fo\/isf-a-ferd-2\/"},"author":{"name":"Katrin Dam \u00e1 Neystab\u00f8","@id":"https:\/\/isf.fo\/#\/schema\/person\/9246a98c90293eb716bf93be9ae6e565"},"headline":"\u00cdSF \u00e1 fer\u00f0","datePublished":"2022-10-28T11:08:01+00:00","dateModified":"2022-11-03T00:18:36+00:00","mainEntityOfPage":{"@id":"https:\/\/isf.fo\/isf-a-ferd-2\/"},"wordCount":516,"publisher":{"@id":"https:\/\/isf.fo\/#organization"},"image":{"@id":"https:\/\/isf.fo\/isf-a-ferd-2\/#primaryimage"},"thumbnailUrl":"https:\/\/d21ockg4ri0hhk.cloudfront.net\/wp-content\/uploads\/2022\/10\/30191845\/Ny%CC%81tt-yvirlit.jpeg","keywords":["\u00cd felag fram \u00edm\u00f3ti felags m\u00e1lum","\u00cdSF \u00e1 fer\u00f0"],"articleSection":["\u00cdSF"],"inLanguage":"en-US"},{"@type":"WebPage","@id":"https:\/\/isf.fo\/isf-a-ferd-2\/","url":"https:\/\/isf.fo\/isf-a-ferd-2\/","name":"\u00cdSF \u00e1 fer\u00f0 - \u00cdtr\u00f3ttasamband F\u00f8roya","isPartOf":{"@id":"https:\/\/isf.fo\/#website"},"primaryImageOfPage":{"@id":"https:\/\/isf.fo\/isf-a-ferd-2\/#primaryimage"},"image":{"@id":"https:\/\/isf.fo\/isf-a-ferd-2\/#primaryimage"},"thumbnailUrl":"https:\/\/d21ockg4ri0hhk.cloudfront.net\/wp-content\/uploads\/2022\/10\/30191845\/Ny%CC%81tt-yvirlit.jpeg","datePublished":"2022-10-28T11:08:01+00:00","dateModified":"2022-11-03T00:18:36+00:00","breadcrumb":{"@id":"https:\/\/isf.fo\/isf-a-ferd-2\/#breadcrumb"},"inLanguage":"en-US","potentialAction":[{"@type":"ReadAction","target":["https:\/\/isf.fo\/isf-a-ferd-2\/"]}]},{"@type":"ImageObject","inLanguage":"en-US","@id":"https:\/\/isf.fo\/isf-a-ferd-2\/#primaryimage","url":"https:\/\/d21ockg4ri0hhk.cloudfront.net\/wp-content\/uploads\/2022\/10\/30191845\/Ny%CC%81tt-yvirlit.jpeg","contentUrl":"https:\/\/d21ockg4ri0hhk.cloudfront.net\/wp-content\/uploads\/2022\/10\/30191845\/Ny%CC%81tt-yvirlit.jpeg","width":640,"height":312},{"@type":"BreadcrumbList","@id":"https:\/\/isf.fo\/isf-a-ferd-2\/#breadcrumb","itemListElement":[{"@type":"ListItem","position":1,"name":"Home","item":"https:\/\/isf.fo\/"},{"@type":"ListItem","position":2,"name":"\u00cdSF \u00e1 fer\u00f0"}]},{"@type":"WebSite","@id":"https:\/\/isf.fo\/#website","url":"https:\/\/isf.fo\/","name":"\u00cdtr\u00f3ttasamband F\u00f8roya","description":"","publisher":{"@id":"https:\/\/isf.fo\/#organization"},"potentialAction":[{"@type":"SearchAction","target":{"@type":"EntryPoint","urlTemplate":"https:\/\/isf.fo\/?s={search_term_string}"},"query-input":{"@type":"PropertyValueSpecification","valueRequired":true,"valueName":"search_term_string"}}],"inLanguage":"en-US"},{"@type":"Organization","@id":"https:\/\/isf.fo\/#organization","name":"\u00cdtr\u00f3ttasamband F\u00f8roya","url":"https:\/\/isf.fo\/","logo":{"@type":"ImageObject","inLanguage":"en-US","@id":"https:\/\/isf.fo\/#\/schema\/logo\/image\/","url":"https:\/\/isf.fo\/wp-content\/uploads\/2025\/06\/ISF_Olympic-Committee-logo.png","contentUrl":"https:\/\/isf.fo\/wp-content\/uploads\/2025\/06\/ISF_Olympic-Committee-logo.png","width":618,"height":121,"caption":"\u00cdtr\u00f3ttasamband F\u00f8roya"},"image":{"@id":"https:\/\/isf.fo\/#\/schema\/logo\/image\/"},"sameAs":["https:\/\/www.facebook.com\/itrottasambandid"]},{"@type":"Person","@id":"https:\/\/isf.fo\/#\/schema\/person\/9246a98c90293eb716bf93be9ae6e565","name":"Katrin Dam \u00e1 Neystab\u00f8","image":{"@type":"ImageObject","inLanguage":"en-US","@id":"https:\/\/secure.gravatar.com\/avatar\/cd20cb8bf0deda1721a187b1a472c5cf4731e13b2bc439a92524d8e439252432?s=96&d=mm&r=g","url":"https:\/\/secure.gravatar.com\/avatar\/cd20cb8bf0deda1721a187b1a472c5cf4731e13b2bc439a92524d8e439252432?s=96&d=mm&r=g","contentUrl":"https:\/\/secure.gravatar.com\/avatar\/cd20cb8bf0deda1721a187b1a472c5cf4731e13b2bc439a92524d8e439252432?s=96&d=mm&r=g","caption":"Katrin Dam \u00e1 Neystab\u00f8"},"url":"https:\/\/isf.fo\/en\/author\/katrin\/"}]}},"_links":{"self":[{"href":"https:\/\/isf.fo\/en\/wp-json\/wp\/v2\/posts\/10217","targetHints":{"allow":["GET"]}}],"collection":[{"href":"https:\/\/isf.fo\/en\/wp-json\/wp\/v2\/posts"}],"about":[{"href":"https:\/\/isf.fo\/en\/wp-json\/wp\/v2\/types\/post"}],"author":[{"embeddable":true,"href":"https:\/\/isf.fo\/en\/wp-json\/wp\/v2\/users\/10"}],"replies":[{"embeddable":true,"href":"https:\/\/isf.fo\/en\/wp-json\/wp\/v2\/comments?post=10217"}],"version-history":[{"count":11,"href":"https:\/\/isf.fo\/en\/wp-json\/wp\/v2\/posts\/10217\/revisions"}],"predecessor-version":[{"id":10242,"href":"https:\/\/isf.fo\/en\/wp-json\/wp\/v2\/posts\/10217\/revisions\/10242"}],"wp:featuredmedia":[{"embeddable":true,"href":"https:\/\/isf.fo\/en\/wp-json\/wp\/v2\/media\/10235"}],"wp:attachment":[{"href":"https:\/\/isf.fo\/en\/wp-json\/wp\/v2\/media?parent=10217"}],"wp:term":[{"taxonomy":"category","embeddable":true,"href":"https:\/\/isf.fo\/en\/wp-json\/wp\/v2\/categories?post=10217"},{"taxonomy":"post_tag","embeddable":true,"href":"https:\/\/isf.fo\/en\/wp-json\/wp\/v2\/tags?post=10217"}],"curies":[{"name":"wp","href":"https:\/\/api.w.org\/{rel}","templated":true}]}}