{"id":1026,"date":"2009-05-21T21:48:02","date_gmt":"2009-05-21T20:48:02","guid":{"rendered":"https:\/\/isf.fo\/?p=1026"},"modified":"2016-12-04T15:01:49","modified_gmt":"2016-12-04T15:01:49","slug":"itrottarnattin-i-runavik-leygarkv%c3%b8ldi%c3%b0","status":"publish","type":"post","link":"https:\/\/isf.fo\/en\/itrottarnattin-i-runavik-leygarkv%c3%b8ldi%c3%b0\/","title":{"rendered":"\u00cdtr\u00f3ttarn\u00e1ttin \u00ed Runav\u00edk leygarkv\u00f8ldi\u00f0"},"content":{"rendered":"<p><a href=\"https:\/\/d21ockg4ri0hhk.cloudfront.net\/wp-content\/uploads\/2009\/05\/30193227\/plakat_stor.jpg\"><img decoding=\"async\" class=\"size-medium wp-image-1024 alignleft lazyload\" style=\"--smush-placeholder-width: 213px; --smush-placeholder-aspect-ratio: 213\/300;margin: 2px;\" title=\"Basic CMYK\" data-src=\"https:\/\/d21ockg4ri0hhk.cloudfront.net\/wp-content\/uploads\/2009\/05\/30193227\/plakat_stor.jpg\" alt=\"\" width=\"213\" height=\"300\" src=\"data:image\/svg+xml;base64,PHN2ZyB3aWR0aD0iMSIgaGVpZ2h0PSIxIiB4bWxucz0iaHR0cDovL3d3dy53My5vcmcvMjAwMC9zdmciPjwvc3ZnPg==\" \/><\/a>Leygarkv\u00f8ldi\u00f0 tann 23. mai 2009 klokkan 20 &#8211; 02 eru \u00edtr\u00f3ttarfel\u00f8gini \u00ed Runav\u00edk og Toftum saman um ungd\u00f3mstiltak \u00ed \u00edtr\u00f3ttarh\u00f8llini \u00ed Runav\u00edk. T\u00e1 ver\u00f0a dyrnar l\u00e6tnar\u00a0 upp fyri tann\u00e1ringum \/ ungd\u00f3mum \u00ed aldrinum 14 &#8211; 20 \u00e1r at \u00ed\u00f0ka \u00edtr\u00f3tt undir hugnaligum og stuttligum umst\u00f8\u00f0um.<br \/>\nEndm\u00e1li\u00f0 er at geva ungd\u00f3mi m\u00f8guleika at samlast og r\u00f8ra seg &#8211; eisini tey sum ikki longu eru virkin \u00ed \u00edtr\u00f3ttarfel\u00f8gum. At minna \u00e1 t\u00fddningin at r\u00f8ra seg og at kveikja \u00e1huga fyri \u00edtr\u00f3tti.<\/p>\n<p>\u00c6tlanin er at ungd\u00f3marnir skulu hava m\u00f8guleika at royna ymiskar \u00edtr\u00f3ttargreinir og sp\u00f8l, i\u00f0 ikki eru so vanlig til dagligt. Dentur ver\u00f0ur lagdur \u00e1 sosiala samver\u00f0u og at ta\u00f0 skal ver\u00f0a stuttligt.<\/p>\n<p>\u00c1 onkrum pl\u00e1ssi hava fyriskipararnir valt at deila pl\u00e1ssi\u00f0 upp, solei\u00f0is at fleiri \u00edtr\u00f3ttargreinir og ymisk sp\u00f8l ver\u00f0a \u00ed\u00f0ka \u00ed senn. A\u00f0rasta\u00f0ni ver\u00f0ur fyriskipa solei\u00f0s at fel\u00f8gini\/\u00edtr\u00f3ttargreinirnar deila kv\u00f8ldi\u00f0 millum s\u00edn, solei\u00f0is at fyrst ver\u00f0ur ein \u00edtr\u00f3ttargrein \u00ed\u00f0ka og so n\u00e6sta part av kv\u00f8ldinum ver\u00f0ur ein onnur o.s.fr.<\/p>\n<p>St\u00f3rt \u00edtr\u00f3ttartiltak ver\u00f0ur \u00ed \u00edtr\u00f3ttarh\u00f8llini \u00ed Runav\u00edk fr\u00e1 kl. 20 og endar kl 02. N\u00f3gv ymiskt spennandi ver\u00f0ur \u00e1 skr\u00e1nni:<\/p>\n<p>Flogb\u00f3ltur, sj\u00f3r\u00e6nahondb\u00f3ltur, r\u00f3gving, arobic, h\u00f8vdingab\u00f3lt, bor\u00f0tennis, linedans, eisini kemur Jens Marni Hansen at sp\u00e6la.<\/p>\n<p>Tiltaki\u00f0 er \u00f3keypis.<\/p>\n<p>Vinarliga<br \/>\nB68 Flogb\u00f3ltur, NS\u00cd, St\u00f8kk, Tjaldur, B68, Kappr\u00f3\u00f0rarfelagi\u00f0 NS\u00cd<\/p>","protected":false},"excerpt":{"rendered":"<p>Leygarkv\u00f8ldi\u00f0 tann 23. mai 2009 klokkan 20 &#8211; 02 eru \u00edtr\u00f3ttarfel\u00f8gini \u00ed Runav\u00edk og Toftum saman um ungd\u00f3mstiltak \u00ed \u00edtr\u00f3ttarh\u00f8llini [&hellip;]<\/p>\n","protected":false},"author":6,"featured_media":0,"comment_status":"open","ping_status":"open","sticky":false,"template":"","format":"standard","meta":{"_acf_changed":false,"_relevanssi_hide_post":"","_relevanssi_hide_content":"","_relevanssi_pin_for_all":"","_relevanssi_pin_keywords":"","_relevanssi_unpin_keywords":"","_relevanssi_related_keywords":"","_relevanssi_related_include_ids":"","_relevanssi_related_exclude_ids":"","_relevanssi_related_no_append":"","_relevanssi_related_not_related":"","_relevanssi_related_posts":"","_relevanssi_noindex_reason":"","inline_featured_image":false,"footnotes":""},"categories":[2],"tags":[],"class_list":["post-1026","post","type-post","status-publish","format-standard","hentry","category-isf"],"acf":[],"yoast_head":"<!-- This site is optimized with the Yoast SEO plugin v27.5 - https:\/\/yoast.com\/product\/yoast-seo-wordpress\/ -->\n<title>\u00cdtr\u00f3ttarn\u00e1ttin \u00ed Runav\u00edk leygarkv\u00f8ldi\u00f0 - \u00cdtr\u00f3ttasamband F\u00f8roya<\/title>\n<meta name=\"robots\" content=\"index, follow, max-snippet:-1, max-image-preview:large, max-video-preview:-1\" \/>\n<link rel=\"canonical\" href=\"https:\/\/isf.fo\/en\/itrottarnattin-i-runavik-leygarkv\u00f8ldi\u00f0\/\" \/>\n<meta property=\"og:locale\" content=\"en_US\" \/>\n<meta property=\"og:type\" content=\"article\" \/>\n<meta property=\"og:title\" content=\"\u00cdtr\u00f3ttarn\u00e1ttin \u00ed Runav\u00edk leygarkv\u00f8ldi\u00f0 - \u00cdtr\u00f3ttasamband F\u00f8roya\" \/>\n<meta property=\"og:description\" content=\"Leygarkv\u00f8ldi\u00f0 tann 23. mai 2009 klokkan 20 &#8211; 02 eru \u00edtr\u00f3ttarfel\u00f8gini \u00ed Runav\u00edk og Toftum saman um ungd\u00f3mstiltak \u00ed \u00edtr\u00f3ttarh\u00f8llini [&hellip;]\" \/>\n<meta property=\"og:url\" content=\"https:\/\/isf.fo\/en\/itrottarnattin-i-runavik-leygarkv\u00f8ldi\u00f0\/\" \/>\n<meta property=\"og:site_name\" content=\"\u00cdtr\u00f3ttasamband F\u00f8roya\" \/>\n<meta property=\"article:publisher\" content=\"https:\/\/www.facebook.com\/itrottasambandid\" \/>\n<meta property=\"article:published_time\" content=\"2009-05-21T20:48:02+00:00\" \/>\n<meta property=\"article:modified_time\" content=\"2016-12-04T15:01:49+00:00\" \/>\n<meta property=\"og:image\" content=\"https:\/\/isf.fo\/wp-content\/uploads\/2009\/05\/plakat_stor-213x300.jpg\" \/>\n<meta name=\"author\" content=\"Petur Mitt\u00fan\" \/>\n<meta name=\"twitter:card\" content=\"summary_large_image\" \/>\n<meta name=\"twitter:label1\" content=\"Written by\" \/>\n\t<meta name=\"twitter:data1\" content=\"Petur Mitt\u00fan\" \/>\n\t<meta name=\"twitter:label2\" content=\"Est. reading time\" \/>\n\t<meta name=\"twitter:data2\" content=\"1 minute\" \/>\n<script type=\"application\/ld+json\" class=\"yoast-schema-graph\">{\"@context\":\"https:\\\/\\\/schema.org\",\"@graph\":[{\"@type\":\"Article\",\"@id\":\"https:\\\/\\\/isf.fo\\\/itrottarnattin-i-runavik-leygarkv%c3%b8ldi%c3%b0\\\/#article\",\"isPartOf\":{\"@id\":\"https:\\\/\\\/isf.fo\\\/itrottarnattin-i-runavik-leygarkv%c3%b8ldi%c3%b0\\\/\"},\"author\":{\"name\":\"Petur Mitt\u00fan\",\"@id\":\"https:\\\/\\\/isf.fo\\\/#\\\/schema\\\/person\\\/78ac1b623dbf0ace868a5dbcdaed016d\"},\"headline\":\"\u00cdtr\u00f3ttarn\u00e1ttin \u00ed Runav\u00edk leygarkv\u00f8ldi\u00f0\",\"datePublished\":\"2009-05-21T20:48:02+00:00\",\"dateModified\":\"2016-12-04T15:01:49+00:00\",\"mainEntityOfPage\":{\"@id\":\"https:\\\/\\\/isf.fo\\\/itrottarnattin-i-runavik-leygarkv%c3%b8ldi%c3%b0\\\/\"},\"wordCount\":265,\"commentCount\":0,\"publisher\":{\"@id\":\"https:\\\/\\\/isf.fo\\\/#organization\"},\"image\":{\"@id\":\"https:\\\/\\\/isf.fo\\\/itrottarnattin-i-runavik-leygarkv%c3%b8ldi%c3%b0\\\/#primaryimage\"},\"thumbnailUrl\":\"https:\\\/\\\/isf.fo\\\/wp-content\\\/uploads\\\/2009\\\/05\\\/plakat_stor-213x300.jpg\",\"articleSection\":[\"\u00cdSF\"],\"inLanguage\":\"en-US\"},{\"@type\":\"WebPage\",\"@id\":\"https:\\\/\\\/isf.fo\\\/itrottarnattin-i-runavik-leygarkv%c3%b8ldi%c3%b0\\\/\",\"url\":\"https:\\\/\\\/isf.fo\\\/itrottarnattin-i-runavik-leygarkv%c3%b8ldi%c3%b0\\\/\",\"name\":\"\u00cdtr\u00f3ttarn\u00e1ttin \u00ed Runav\u00edk leygarkv\u00f8ldi\u00f0 - \u00cdtr\u00f3ttasamband F\u00f8roya\",\"isPartOf\":{\"@id\":\"https:\\\/\\\/isf.fo\\\/#website\"},\"primaryImageOfPage\":{\"@id\":\"https:\\\/\\\/isf.fo\\\/itrottarnattin-i-runavik-leygarkv%c3%b8ldi%c3%b0\\\/#primaryimage\"},\"image\":{\"@id\":\"https:\\\/\\\/isf.fo\\\/itrottarnattin-i-runavik-leygarkv%c3%b8ldi%c3%b0\\\/#primaryimage\"},\"thumbnailUrl\":\"https:\\\/\\\/isf.fo\\\/wp-content\\\/uploads\\\/2009\\\/05\\\/plakat_stor-213x300.jpg\",\"datePublished\":\"2009-05-21T20:48:02+00:00\",\"dateModified\":\"2016-12-04T15:01:49+00:00\",\"breadcrumb\":{\"@id\":\"https:\\\/\\\/isf.fo\\\/itrottarnattin-i-runavik-leygarkv%c3%b8ldi%c3%b0\\\/#breadcrumb\"},\"inLanguage\":\"en-US\",\"potentialAction\":[{\"@type\":\"ReadAction\",\"target\":[\"https:\\\/\\\/isf.fo\\\/itrottarnattin-i-runavik-leygarkv%c3%b8ldi%c3%b0\\\/\"]}]},{\"@type\":\"ImageObject\",\"inLanguage\":\"en-US\",\"@id\":\"https:\\\/\\\/isf.fo\\\/itrottarnattin-i-runavik-leygarkv%c3%b8ldi%c3%b0\\\/#primaryimage\",\"url\":\"https:\\\/\\\/isf.fo\\\/wp-content\\\/uploads\\\/2009\\\/05\\\/plakat_stor-213x300.jpg\",\"contentUrl\":\"https:\\\/\\\/isf.fo\\\/wp-content\\\/uploads\\\/2009\\\/05\\\/plakat_stor-213x300.jpg\"},{\"@type\":\"BreadcrumbList\",\"@id\":\"https:\\\/\\\/isf.fo\\\/itrottarnattin-i-runavik-leygarkv%c3%b8ldi%c3%b0\\\/#breadcrumb\",\"itemListElement\":[{\"@type\":\"ListItem\",\"position\":1,\"name\":\"Home\",\"item\":\"https:\\\/\\\/isf.fo\\\/\"},{\"@type\":\"ListItem\",\"position\":2,\"name\":\"\u00cdtr\u00f3ttarn\u00e1ttin \u00ed Runav\u00edk leygarkv\u00f8ldi\u00f0\"}]},{\"@type\":\"WebSite\",\"@id\":\"https:\\\/\\\/isf.fo\\\/#website\",\"url\":\"https:\\\/\\\/isf.fo\\\/\",\"name\":\"\u00cdtr\u00f3ttasamband F\u00f8roya\",\"description\":\"\",\"publisher\":{\"@id\":\"https:\\\/\\\/isf.fo\\\/#organization\"},\"potentialAction\":[{\"@type\":\"SearchAction\",\"target\":{\"@type\":\"EntryPoint\",\"urlTemplate\":\"https:\\\/\\\/isf.fo\\\/?s={search_term_string}\"},\"query-input\":{\"@type\":\"PropertyValueSpecification\",\"valueRequired\":true,\"valueName\":\"search_term_string\"}}],\"inLanguage\":\"en-US\"},{\"@type\":\"Organization\",\"@id\":\"https:\\\/\\\/isf.fo\\\/#organization\",\"name\":\"\u00cdtr\u00f3ttasamband F\u00f8roya\",\"url\":\"https:\\\/\\\/isf.fo\\\/\",\"logo\":{\"@type\":\"ImageObject\",\"inLanguage\":\"en-US\",\"@id\":\"https:\\\/\\\/isf.fo\\\/#\\\/schema\\\/logo\\\/image\\\/\",\"url\":\"https:\\\/\\\/isf.fo\\\/wp-content\\\/uploads\\\/2025\\\/06\\\/ISF_Olympic-Committee-logo.png\",\"contentUrl\":\"https:\\\/\\\/isf.fo\\\/wp-content\\\/uploads\\\/2025\\\/06\\\/ISF_Olympic-Committee-logo.png\",\"width\":618,\"height\":121,\"caption\":\"\u00cdtr\u00f3ttasamband F\u00f8roya\"},\"image\":{\"@id\":\"https:\\\/\\\/isf.fo\\\/#\\\/schema\\\/logo\\\/image\\\/\"},\"sameAs\":[\"https:\\\/\\\/www.facebook.com\\\/itrottasambandid\"]},{\"@type\":\"Person\",\"@id\":\"https:\\\/\\\/isf.fo\\\/#\\\/schema\\\/person\\\/78ac1b623dbf0ace868a5dbcdaed016d\",\"name\":\"Petur Mitt\u00fan\",\"image\":{\"@type\":\"ImageObject\",\"inLanguage\":\"en-US\",\"@id\":\"https:\\\/\\\/secure.gravatar.com\\\/avatar\\\/6f731b65ffaeb1029d9436acc96fc12c3cef9200131daa85ab7762529a25d1d2?s=96&d=mm&r=g\",\"url\":\"https:\\\/\\\/secure.gravatar.com\\\/avatar\\\/6f731b65ffaeb1029d9436acc96fc12c3cef9200131daa85ab7762529a25d1d2?s=96&d=mm&r=g\",\"contentUrl\":\"https:\\\/\\\/secure.gravatar.com\\\/avatar\\\/6f731b65ffaeb1029d9436acc96fc12c3cef9200131daa85ab7762529a25d1d2?s=96&d=mm&r=g\",\"caption\":\"Petur Mitt\u00fan\"},\"url\":\"https:\\\/\\\/isf.fo\\\/en\\\/author\\\/petur\\\/\"}]}<\/script>\n<!-- \/ Yoast SEO plugin. -->","yoast_head_json":{"title":"\u00cdtr\u00f3ttarn\u00e1ttin \u00ed Runav\u00edk leygarkv\u00f8ldi\u00f0 - \u00cdtr\u00f3ttasamband F\u00f8roya","robots":{"index":"index","follow":"follow","max-snippet":"max-snippet:-1","max-image-preview":"max-image-preview:large","max-video-preview":"max-video-preview:-1"},"canonical":"https:\/\/isf.fo\/en\/itrottarnattin-i-runavik-leygarkv\u00f8ldi\u00f0\/","og_locale":"en_US","og_type":"article","og_title":"\u00cdtr\u00f3ttarn\u00e1ttin \u00ed Runav\u00edk leygarkv\u00f8ldi\u00f0 - \u00cdtr\u00f3ttasamband F\u00f8roya","og_description":"Leygarkv\u00f8ldi\u00f0 tann 23. mai 2009 klokkan 20 &#8211; 02 eru \u00edtr\u00f3ttarfel\u00f8gini \u00ed Runav\u00edk og Toftum saman um ungd\u00f3mstiltak \u00ed \u00edtr\u00f3ttarh\u00f8llini [&hellip;]","og_url":"https:\/\/isf.fo\/en\/itrottarnattin-i-runavik-leygarkv\u00f8ldi\u00f0\/","og_site_name":"\u00cdtr\u00f3ttasamband F\u00f8roya","article_publisher":"https:\/\/www.facebook.com\/itrottasambandid","article_published_time":"2009-05-21T20:48:02+00:00","article_modified_time":"2016-12-04T15:01:49+00:00","og_image":[{"url":"https:\/\/isf.fo\/wp-content\/uploads\/2009\/05\/plakat_stor-213x300.jpg","type":"","width":"","height":""}],"author":"Petur Mitt\u00fan","twitter_card":"summary_large_image","twitter_misc":{"Written by":"Petur Mitt\u00fan","Est. reading time":"1 minute"},"schema":{"@context":"https:\/\/schema.org","@graph":[{"@type":"Article","@id":"https:\/\/isf.fo\/itrottarnattin-i-runavik-leygarkv%c3%b8ldi%c3%b0\/#article","isPartOf":{"@id":"https:\/\/isf.fo\/itrottarnattin-i-runavik-leygarkv%c3%b8ldi%c3%b0\/"},"author":{"name":"Petur Mitt\u00fan","@id":"https:\/\/isf.fo\/#\/schema\/person\/78ac1b623dbf0ace868a5dbcdaed016d"},"headline":"\u00cdtr\u00f3ttarn\u00e1ttin \u00ed Runav\u00edk leygarkv\u00f8ldi\u00f0","datePublished":"2009-05-21T20:48:02+00:00","dateModified":"2016-12-04T15:01:49+00:00","mainEntityOfPage":{"@id":"https:\/\/isf.fo\/itrottarnattin-i-runavik-leygarkv%c3%b8ldi%c3%b0\/"},"wordCount":265,"commentCount":0,"publisher":{"@id":"https:\/\/isf.fo\/#organization"},"image":{"@id":"https:\/\/isf.fo\/itrottarnattin-i-runavik-leygarkv%c3%b8ldi%c3%b0\/#primaryimage"},"thumbnailUrl":"https:\/\/isf.fo\/wp-content\/uploads\/2009\/05\/plakat_stor-213x300.jpg","articleSection":["\u00cdSF"],"inLanguage":"en-US"},{"@type":"WebPage","@id":"https:\/\/isf.fo\/itrottarnattin-i-runavik-leygarkv%c3%b8ldi%c3%b0\/","url":"https:\/\/isf.fo\/itrottarnattin-i-runavik-leygarkv%c3%b8ldi%c3%b0\/","name":"\u00cdtr\u00f3ttarn\u00e1ttin \u00ed Runav\u00edk leygarkv\u00f8ldi\u00f0 - \u00cdtr\u00f3ttasamband F\u00f8roya","isPartOf":{"@id":"https:\/\/isf.fo\/#website"},"primaryImageOfPage":{"@id":"https:\/\/isf.fo\/itrottarnattin-i-runavik-leygarkv%c3%b8ldi%c3%b0\/#primaryimage"},"image":{"@id":"https:\/\/isf.fo\/itrottarnattin-i-runavik-leygarkv%c3%b8ldi%c3%b0\/#primaryimage"},"thumbnailUrl":"https:\/\/isf.fo\/wp-content\/uploads\/2009\/05\/plakat_stor-213x300.jpg","datePublished":"2009-05-21T20:48:02+00:00","dateModified":"2016-12-04T15:01:49+00:00","breadcrumb":{"@id":"https:\/\/isf.fo\/itrottarnattin-i-runavik-leygarkv%c3%b8ldi%c3%b0\/#breadcrumb"},"inLanguage":"en-US","potentialAction":[{"@type":"ReadAction","target":["https:\/\/isf.fo\/itrottarnattin-i-runavik-leygarkv%c3%b8ldi%c3%b0\/"]}]},{"@type":"ImageObject","inLanguage":"en-US","@id":"https:\/\/isf.fo\/itrottarnattin-i-runavik-leygarkv%c3%b8ldi%c3%b0\/#primaryimage","url":"https:\/\/isf.fo\/wp-content\/uploads\/2009\/05\/plakat_stor-213x300.jpg","contentUrl":"https:\/\/isf.fo\/wp-content\/uploads\/2009\/05\/plakat_stor-213x300.jpg"},{"@type":"BreadcrumbList","@id":"https:\/\/isf.fo\/itrottarnattin-i-runavik-leygarkv%c3%b8ldi%c3%b0\/#breadcrumb","itemListElement":[{"@type":"ListItem","position":1,"name":"Home","item":"https:\/\/isf.fo\/"},{"@type":"ListItem","position":2,"name":"\u00cdtr\u00f3ttarn\u00e1ttin \u00ed Runav\u00edk leygarkv\u00f8ldi\u00f0"}]},{"@type":"WebSite","@id":"https:\/\/isf.fo\/#website","url":"https:\/\/isf.fo\/","name":"\u00cdtr\u00f3ttasamband F\u00f8roya","description":"","publisher":{"@id":"https:\/\/isf.fo\/#organization"},"potentialAction":[{"@type":"SearchAction","target":{"@type":"EntryPoint","urlTemplate":"https:\/\/isf.fo\/?s={search_term_string}"},"query-input":{"@type":"PropertyValueSpecification","valueRequired":true,"valueName":"search_term_string"}}],"inLanguage":"en-US"},{"@type":"Organization","@id":"https:\/\/isf.fo\/#organization","name":"\u00cdtr\u00f3ttasamband F\u00f8roya","url":"https:\/\/isf.fo\/","logo":{"@type":"ImageObject","inLanguage":"en-US","@id":"https:\/\/isf.fo\/#\/schema\/logo\/image\/","url":"https:\/\/isf.fo\/wp-content\/uploads\/2025\/06\/ISF_Olympic-Committee-logo.png","contentUrl":"https:\/\/isf.fo\/wp-content\/uploads\/2025\/06\/ISF_Olympic-Committee-logo.png","width":618,"height":121,"caption":"\u00cdtr\u00f3ttasamband F\u00f8roya"},"image":{"@id":"https:\/\/isf.fo\/#\/schema\/logo\/image\/"},"sameAs":["https:\/\/www.facebook.com\/itrottasambandid"]},{"@type":"Person","@id":"https:\/\/isf.fo\/#\/schema\/person\/78ac1b623dbf0ace868a5dbcdaed016d","name":"Petur Mitt\u00fan","image":{"@type":"ImageObject","inLanguage":"en-US","@id":"https:\/\/secure.gravatar.com\/avatar\/6f731b65ffaeb1029d9436acc96fc12c3cef9200131daa85ab7762529a25d1d2?s=96&d=mm&r=g","url":"https:\/\/secure.gravatar.com\/avatar\/6f731b65ffaeb1029d9436acc96fc12c3cef9200131daa85ab7762529a25d1d2?s=96&d=mm&r=g","contentUrl":"https:\/\/secure.gravatar.com\/avatar\/6f731b65ffaeb1029d9436acc96fc12c3cef9200131daa85ab7762529a25d1d2?s=96&d=mm&r=g","caption":"Petur Mitt\u00fan"},"url":"https:\/\/isf.fo\/en\/author\/petur\/"}]}},"_links":{"self":[{"href":"https:\/\/isf.fo\/en\/wp-json\/wp\/v2\/posts\/1026","targetHints":{"allow":["GET"]}}],"collection":[{"href":"https:\/\/isf.fo\/en\/wp-json\/wp\/v2\/posts"}],"about":[{"href":"https:\/\/isf.fo\/en\/wp-json\/wp\/v2\/types\/post"}],"author":[{"embeddable":true,"href":"https:\/\/isf.fo\/en\/wp-json\/wp\/v2\/users\/6"}],"replies":[{"embeddable":true,"href":"https:\/\/isf.fo\/en\/wp-json\/wp\/v2\/comments?post=1026"}],"version-history":[{"count":1,"href":"https:\/\/isf.fo\/en\/wp-json\/wp\/v2\/posts\/1026\/revisions"}],"predecessor-version":[{"id":4840,"href":"https:\/\/isf.fo\/en\/wp-json\/wp\/v2\/posts\/1026\/revisions\/4840"}],"wp:attachment":[{"href":"https:\/\/isf.fo\/en\/wp-json\/wp\/v2\/media?parent=1026"}],"wp:term":[{"taxonomy":"category","embeddable":true,"href":"https:\/\/isf.fo\/en\/wp-json\/wp\/v2\/categories?post=1026"},{"taxonomy":"post_tag","embeddable":true,"href":"https:\/\/isf.fo\/en\/wp-json\/wp\/v2\/tags?post=1026"}],"curies":[{"name":"wp","href":"https:\/\/api.w.org\/{rel}","templated":true}]}}