{"id":10403,"date":"2022-12-22T12:30:05","date_gmt":"2022-12-22T12:30:05","guid":{"rendered":"https:\/\/isf.fo\/?p=10403"},"modified":"2023-01-16T15:45:11","modified_gmt":"2023-01-16T15:45:11","slug":"nyggja-landsstyrid-arbeidir-saman-vid-isf","status":"publish","type":"post","link":"https:\/\/isf.fo\/en\/nyggja-landsstyrid-arbeidir-saman-vid-isf\/","title":{"rendered":"N\u00fdggja landsst\u00fdri\u00f0 arbei\u00f0ir saman vi\u00f0 \u00cdSF"},"content":{"rendered":"<p><strong>N\u00fa samgonguskjali\u00f0 er lagt fram, er greitt, at n\u00fdggja landsst\u00fdri\u00f0 stu\u00f0lar arbei\u00f0inum og m\u00e1lsetningunum hj\u00e1 \u00cdSF. Ta\u00f0 fegnast vit um, t\u00ed ta\u00f0 tryggjar f\u00f8royskum \u00edtr\u00f3ttal\u00edvi g\u00f3\u00f0ar karmar<\/strong><\/p>\n\n\n\n<p>N\u00fdggja samgonguskjali\u00f0 sta\u00f0festir p\u00fara greitt, at <em>\u00bb\u00edtr\u00f3ttur og \u00edtr\u00f3ttafelagsskapir skulu hava g\u00f3\u00f0ar karmar.\u00ab<\/em><\/p>\n\n\n\n<p>Hetta er ein grei\u00f0 og bindandi or\u00f0ing, sum ivaleyst er grunda\u00f0 \u00e1 eina fatan av, at \u00edtr\u00f3tturin hevur \u00f3sigiliga st\u00f3ran t\u00fddning fyri f\u00f8royska samfelagi\u00f0.<\/p>\n\n\n\n<p>Seinasta \u00e1ri\u00f0 hevur \u00cdSF arbeitt mi\u00f0v\u00edst vi\u00f0 at leggja eina langt\u00ed\u00f0ar\u00e6tlan fyri allan f\u00f8royskan \u00edtr\u00f3tt, og t\u00ed er ta\u00f0 sera gle\u00f0iligt, at n\u00fdggja landsst\u00fdri\u00f0 \u00ed samgonguskjalinum sl\u00e6r fast, at: <em>\u00bbArbeitt ver\u00f0ur \u00ed samsvari vi\u00f0 langt\u00ed\u00f0ar\u00e6tlanina hj\u00e1 \u00cdSF, har b\u00e6\u00f0i breidd og \u00farval f\u00e1a st\u00f3ran ans og g\u00f3\u00f0ar treytir\u00ab.<\/em><\/p>\n\n\n\n<p>Hetta gevur okkum politiskan stu\u00f0ul til at halda fram vi\u00f0 arbei\u00f0inum, vit hava sett \u00fat \u00ed korti\u00f0, har \u00cdSF saman vi\u00f0 sambondunum vil lyfta st\u00f8\u00f0i\u00f0 \u00e1 \u00f8llum f\u00f8royskum \u00edtr\u00f3tti.<\/p>\n\n\n\n<p>Eftir at \u00cdSF \u00ed longri t\u00ed\u00f0 hevur v\u00edst \u00e1, at j\u00e1ttanin at kalla hevur sta\u00f0i\u00f0 \u00ed sta\u00f0 seinastu mongu \u00e1rini, h\u00f3ast virksemi\u00f0 \u2013 b\u00e6\u00f0i innanlands og altj\u00f3\u00f0a \u2013 er vaksi\u00f0, f\u00e6r ta\u00f0 avgerandi t\u00fddning fyri f\u00f8royskan \u00edtr\u00f3tt, at n\u00fdggja samgongan skrivar solei\u00f0is: <em>\u00bbArbei\u00f0ast skal fyri at h\u00e6kka rakstrarstu\u00f0ulin til \u00cdSF og styrkja altj\u00f3\u00f0a lutt\u00f8ku. Landi\u00f0 luttekur vi\u00f0 parti av \u00edl\u00f8guni \u00ed \u00edtr\u00f3ttami\u00f0st\u00f8\u00f0ir.\u00ab<\/em><\/p>\n\n\n\n<p>Vit v\u00f3na, at hetta longu fer at s\u00edggjast aftur \u00e1 komandi f\u00edggjarl\u00f3g, t\u00ed \u00ed l\u00f8tuni eru fleiri sambond, i\u00f0 virka vi\u00f0 undirskoti. Ta\u00f0 er ikki ein haldbar st\u00f8\u00f0a, og t\u00f8rvurin \u00e1 h\u00e6gri j\u00e1ttan er sera st\u00f3rur. F\u00f3lkatali\u00f0 veksur j\u00fa st\u00f8\u00f0ugt, og ta\u00f0 s\u00e6st eisini aftur \u00ed \u00ed\u00f0karatalinum. Hartil standa f\u00f8roysk \u00edtr\u00f3ttaf\u00f3lk seg st\u00f8\u00f0ugt betur \u00ed altj\u00f3\u00f0a kappingum, og ta\u00f0 kostar n\u00f3gv at vera vi\u00f0 millum tey bestu.<\/p>\n\n\n\n<p>Eisini fegnast vit um, at landsst\u00fdri\u00f0 \u00e1haldandi sta\u00f0festir, at: <em>\u00bbArbeitt ver\u00f0ir framhaldandi fyri f\u00f8royskari lutt\u00f8ku \u00ed IOC.\u00ab<\/em><\/p>\n\n\n\n<p>F\u00e1a F\u00f8royar eitt sj\u00e1lvst\u00f8\u00f0ugt pl\u00e1ss \u00ed altj\u00f3\u00f0a \u00edtr\u00f3ttarsambandinum, fer ta\u00f0 at lyfta f\u00f8royska st\u00f8\u00f0i\u00f0 \u00f3metaliga n\u00f3gv. Ta\u00f0 s\u00edggja vit \u00ed teimum greinum, sum longu hava vunni\u00f0 s\u00e6r altj\u00f3\u00f0a lutt\u00f8ku.<\/p>\n\n\n\n<p>\u00cdSF gle\u00f0ir seg til eitt gott og t\u00e6tt samstarv vi\u00f0 n\u00fdggju samgonguna, og vit ynskja bl\u00ed\u00f0an byr\u00f0.<\/p>","protected":false},"excerpt":{"rendered":"<p>N\u00fa samgonguskjali\u00f0 er lagt fram, er greitt, at n\u00fdggja landsst\u00fdri\u00f0 stu\u00f0lar arbei\u00f0inum og m\u00e1lsetningunum hj\u00e1 \u00cdSF. Ta\u00f0 fegnast vit um, [&hellip;]<\/p>\n","protected":false},"author":6,"featured_media":10406,"comment_status":"closed","ping_status":"closed","sticky":false,"template":"","format":"standard","meta":{"_acf_changed":false,"_relevanssi_hide_post":"","_relevanssi_hide_content":"","_relevanssi_pin_for_all":"","_relevanssi_pin_keywords":"","_relevanssi_unpin_keywords":"","_relevanssi_related_keywords":"","_relevanssi_related_include_ids":"","_relevanssi_related_exclude_ids":"","_relevanssi_related_no_append":"","_relevanssi_related_not_related":"","_relevanssi_related_posts":"","_relevanssi_noindex_reason":"","inline_featured_image":false,"footnotes":""},"categories":[1],"tags":[],"class_list":["post-10403","post","type-post","status-publish","format-standard","has-post-thumbnail","hentry","category-uncategorized"],"acf":[],"yoast_head":"<!-- This site is optimized with the Yoast SEO plugin v27.3 - https:\/\/yoast.com\/product\/yoast-seo-wordpress\/ -->\n<title>N\u00fdggja landsst\u00fdri\u00f0 arbei\u00f0ir saman vi\u00f0 \u00cdSF - \u00cdtr\u00f3ttasamband F\u00f8roya<\/title>\n<meta name=\"robots\" content=\"index, follow, max-snippet:-1, max-image-preview:large, max-video-preview:-1\" \/>\n<link rel=\"canonical\" href=\"https:\/\/isf.fo\/en\/nyggja-landsstyrid-arbeidir-saman-vid-isf\/\" \/>\n<meta property=\"og:locale\" content=\"en_US\" \/>\n<meta property=\"og:type\" content=\"article\" \/>\n<meta property=\"og:title\" content=\"N\u00fdggja landsst\u00fdri\u00f0 arbei\u00f0ir saman vi\u00f0 \u00cdSF - \u00cdtr\u00f3ttasamband F\u00f8roya\" \/>\n<meta property=\"og:description\" content=\"N\u00fa samgonguskjali\u00f0 er lagt fram, er greitt, at n\u00fdggja landsst\u00fdri\u00f0 stu\u00f0lar arbei\u00f0inum og m\u00e1lsetningunum hj\u00e1 \u00cdSF. Ta\u00f0 fegnast vit um, [&hellip;]\" \/>\n<meta property=\"og:url\" content=\"https:\/\/isf.fo\/en\/nyggja-landsstyrid-arbeidir-saman-vid-isf\/\" \/>\n<meta property=\"og:site_name\" content=\"\u00cdtr\u00f3ttasamband F\u00f8roya\" \/>\n<meta property=\"article:publisher\" content=\"https:\/\/www.facebook.com\/itrottasambandid\" \/>\n<meta property=\"article:published_time\" content=\"2022-12-22T12:30:05+00:00\" \/>\n<meta property=\"article:modified_time\" content=\"2023-01-16T15:45:11+00:00\" \/>\n<meta property=\"og:image\" content=\"https:\/\/d21ockg4ri0hhk.cloudfront.net\/wp-content\/uploads\/2022\/12\/22123149\/Nyggja-landsstyrid-arbeidir-saman-vid-ISF-2.png\" \/>\n\t<meta property=\"og:image:width\" content=\"940\" \/>\n\t<meta property=\"og:image:height\" content=\"788\" \/>\n\t<meta property=\"og:image:type\" content=\"image\/png\" \/>\n<meta name=\"author\" content=\"Petur Mitt\u00fan\" \/>\n<meta name=\"twitter:card\" content=\"summary_large_image\" \/>\n<meta name=\"twitter:label1\" content=\"Written by\" \/>\n\t<meta name=\"twitter:data1\" content=\"Petur Mitt\u00fan\" \/>\n\t<meta name=\"twitter:label2\" content=\"Est. reading time\" \/>\n\t<meta name=\"twitter:data2\" content=\"2 minutes\" \/>\n<script type=\"application\/ld+json\" class=\"yoast-schema-graph\">{\"@context\":\"https:\\\/\\\/schema.org\",\"@graph\":[{\"@type\":\"Article\",\"@id\":\"https:\\\/\\\/isf.fo\\\/nyggja-landsstyrid-arbeidir-saman-vid-isf\\\/#article\",\"isPartOf\":{\"@id\":\"https:\\\/\\\/isf.fo\\\/nyggja-landsstyrid-arbeidir-saman-vid-isf\\\/\"},\"author\":{\"name\":\"Petur Mitt\u00fan\",\"@id\":\"https:\\\/\\\/isf.fo\\\/#\\\/schema\\\/person\\\/78ac1b623dbf0ace868a5dbcdaed016d\"},\"headline\":\"N\u00fdggja landsst\u00fdri\u00f0 arbei\u00f0ir saman vi\u00f0 \u00cdSF\",\"datePublished\":\"2022-12-22T12:30:05+00:00\",\"dateModified\":\"2023-01-16T15:45:11+00:00\",\"mainEntityOfPage\":{\"@id\":\"https:\\\/\\\/isf.fo\\\/nyggja-landsstyrid-arbeidir-saman-vid-isf\\\/\"},\"wordCount\":428,\"publisher\":{\"@id\":\"https:\\\/\\\/isf.fo\\\/#organization\"},\"image\":{\"@id\":\"https:\\\/\\\/isf.fo\\\/nyggja-landsstyrid-arbeidir-saman-vid-isf\\\/#primaryimage\"},\"thumbnailUrl\":\"https:\\\/\\\/d21ockg4ri0hhk.cloudfront.net\\\/wp-content\\\/uploads\\\/2022\\\/12\\\/22123149\\\/Nyggja-landsstyrid-arbeidir-saman-vid-ISF-2.png\",\"articleSection\":[\"Ikki b\u00f3lka\"],\"inLanguage\":\"en-US\"},{\"@type\":\"WebPage\",\"@id\":\"https:\\\/\\\/isf.fo\\\/nyggja-landsstyrid-arbeidir-saman-vid-isf\\\/\",\"url\":\"https:\\\/\\\/isf.fo\\\/nyggja-landsstyrid-arbeidir-saman-vid-isf\\\/\",\"name\":\"N\u00fdggja landsst\u00fdri\u00f0 arbei\u00f0ir saman vi\u00f0 \u00cdSF - \u00cdtr\u00f3ttasamband F\u00f8roya\",\"isPartOf\":{\"@id\":\"https:\\\/\\\/isf.fo\\\/#website\"},\"primaryImageOfPage\":{\"@id\":\"https:\\\/\\\/isf.fo\\\/nyggja-landsstyrid-arbeidir-saman-vid-isf\\\/#primaryimage\"},\"image\":{\"@id\":\"https:\\\/\\\/isf.fo\\\/nyggja-landsstyrid-arbeidir-saman-vid-isf\\\/#primaryimage\"},\"thumbnailUrl\":\"https:\\\/\\\/d21ockg4ri0hhk.cloudfront.net\\\/wp-content\\\/uploads\\\/2022\\\/12\\\/22123149\\\/Nyggja-landsstyrid-arbeidir-saman-vid-ISF-2.png\",\"datePublished\":\"2022-12-22T12:30:05+00:00\",\"dateModified\":\"2023-01-16T15:45:11+00:00\",\"breadcrumb\":{\"@id\":\"https:\\\/\\\/isf.fo\\\/nyggja-landsstyrid-arbeidir-saman-vid-isf\\\/#breadcrumb\"},\"inLanguage\":\"en-US\",\"potentialAction\":[{\"@type\":\"ReadAction\",\"target\":[\"https:\\\/\\\/isf.fo\\\/nyggja-landsstyrid-arbeidir-saman-vid-isf\\\/\"]}]},{\"@type\":\"ImageObject\",\"inLanguage\":\"en-US\",\"@id\":\"https:\\\/\\\/isf.fo\\\/nyggja-landsstyrid-arbeidir-saman-vid-isf\\\/#primaryimage\",\"url\":\"https:\\\/\\\/d21ockg4ri0hhk.cloudfront.net\\\/wp-content\\\/uploads\\\/2022\\\/12\\\/22123149\\\/Nyggja-landsstyrid-arbeidir-saman-vid-ISF-2.png\",\"contentUrl\":\"https:\\\/\\\/d21ockg4ri0hhk.cloudfront.net\\\/wp-content\\\/uploads\\\/2022\\\/12\\\/22123149\\\/Nyggja-landsstyrid-arbeidir-saman-vid-ISF-2.png\",\"width\":940,\"height\":788},{\"@type\":\"BreadcrumbList\",\"@id\":\"https:\\\/\\\/isf.fo\\\/nyggja-landsstyrid-arbeidir-saman-vid-isf\\\/#breadcrumb\",\"itemListElement\":[{\"@type\":\"ListItem\",\"position\":1,\"name\":\"Home\",\"item\":\"https:\\\/\\\/isf.fo\\\/\"},{\"@type\":\"ListItem\",\"position\":2,\"name\":\"N\u00fdggja landsst\u00fdri\u00f0 arbei\u00f0ir saman vi\u00f0 \u00cdSF\"}]},{\"@type\":\"WebSite\",\"@id\":\"https:\\\/\\\/isf.fo\\\/#website\",\"url\":\"https:\\\/\\\/isf.fo\\\/\",\"name\":\"\u00cdtr\u00f3ttasamband F\u00f8roya\",\"description\":\"\",\"publisher\":{\"@id\":\"https:\\\/\\\/isf.fo\\\/#organization\"},\"potentialAction\":[{\"@type\":\"SearchAction\",\"target\":{\"@type\":\"EntryPoint\",\"urlTemplate\":\"https:\\\/\\\/isf.fo\\\/?s={search_term_string}\"},\"query-input\":{\"@type\":\"PropertyValueSpecification\",\"valueRequired\":true,\"valueName\":\"search_term_string\"}}],\"inLanguage\":\"en-US\"},{\"@type\":\"Organization\",\"@id\":\"https:\\\/\\\/isf.fo\\\/#organization\",\"name\":\"\u00cdtr\u00f3ttasamband F\u00f8roya\",\"url\":\"https:\\\/\\\/isf.fo\\\/\",\"logo\":{\"@type\":\"ImageObject\",\"inLanguage\":\"en-US\",\"@id\":\"https:\\\/\\\/isf.fo\\\/#\\\/schema\\\/logo\\\/image\\\/\",\"url\":\"https:\\\/\\\/isf.fo\\\/wp-content\\\/uploads\\\/2025\\\/06\\\/ISF_Olympic-Committee-logo.png\",\"contentUrl\":\"https:\\\/\\\/isf.fo\\\/wp-content\\\/uploads\\\/2025\\\/06\\\/ISF_Olympic-Committee-logo.png\",\"width\":618,\"height\":121,\"caption\":\"\u00cdtr\u00f3ttasamband F\u00f8roya\"},\"image\":{\"@id\":\"https:\\\/\\\/isf.fo\\\/#\\\/schema\\\/logo\\\/image\\\/\"},\"sameAs\":[\"https:\\\/\\\/www.facebook.com\\\/itrottasambandid\"]},{\"@type\":\"Person\",\"@id\":\"https:\\\/\\\/isf.fo\\\/#\\\/schema\\\/person\\\/78ac1b623dbf0ace868a5dbcdaed016d\",\"name\":\"Petur Mitt\u00fan\",\"image\":{\"@type\":\"ImageObject\",\"inLanguage\":\"en-US\",\"@id\":\"https:\\\/\\\/secure.gravatar.com\\\/avatar\\\/6f731b65ffaeb1029d9436acc96fc12c3cef9200131daa85ab7762529a25d1d2?s=96&d=mm&r=g\",\"url\":\"https:\\\/\\\/secure.gravatar.com\\\/avatar\\\/6f731b65ffaeb1029d9436acc96fc12c3cef9200131daa85ab7762529a25d1d2?s=96&d=mm&r=g\",\"contentUrl\":\"https:\\\/\\\/secure.gravatar.com\\\/avatar\\\/6f731b65ffaeb1029d9436acc96fc12c3cef9200131daa85ab7762529a25d1d2?s=96&d=mm&r=g\",\"caption\":\"Petur Mitt\u00fan\"},\"url\":\"https:\\\/\\\/isf.fo\\\/en\\\/author\\\/petur\\\/\"}]}<\/script>\n<!-- \/ Yoast SEO plugin. -->","yoast_head_json":{"title":"N\u00fdggja landsst\u00fdri\u00f0 arbei\u00f0ir saman vi\u00f0 \u00cdSF - \u00cdtr\u00f3ttasamband F\u00f8roya","robots":{"index":"index","follow":"follow","max-snippet":"max-snippet:-1","max-image-preview":"max-image-preview:large","max-video-preview":"max-video-preview:-1"},"canonical":"https:\/\/isf.fo\/en\/nyggja-landsstyrid-arbeidir-saman-vid-isf\/","og_locale":"en_US","og_type":"article","og_title":"N\u00fdggja landsst\u00fdri\u00f0 arbei\u00f0ir saman vi\u00f0 \u00cdSF - \u00cdtr\u00f3ttasamband F\u00f8roya","og_description":"N\u00fa samgonguskjali\u00f0 er lagt fram, er greitt, at n\u00fdggja landsst\u00fdri\u00f0 stu\u00f0lar arbei\u00f0inum og m\u00e1lsetningunum hj\u00e1 \u00cdSF. Ta\u00f0 fegnast vit um, [&hellip;]","og_url":"https:\/\/isf.fo\/en\/nyggja-landsstyrid-arbeidir-saman-vid-isf\/","og_site_name":"\u00cdtr\u00f3ttasamband F\u00f8roya","article_publisher":"https:\/\/www.facebook.com\/itrottasambandid","article_published_time":"2022-12-22T12:30:05+00:00","article_modified_time":"2023-01-16T15:45:11+00:00","og_image":[{"width":940,"height":788,"url":"https:\/\/d21ockg4ri0hhk.cloudfront.net\/wp-content\/uploads\/2022\/12\/22123149\/Nyggja-landsstyrid-arbeidir-saman-vid-ISF-2.png","type":"image\/png"}],"author":"Petur Mitt\u00fan","twitter_card":"summary_large_image","twitter_misc":{"Written by":"Petur Mitt\u00fan","Est. reading time":"2 minutes"},"schema":{"@context":"https:\/\/schema.org","@graph":[{"@type":"Article","@id":"https:\/\/isf.fo\/nyggja-landsstyrid-arbeidir-saman-vid-isf\/#article","isPartOf":{"@id":"https:\/\/isf.fo\/nyggja-landsstyrid-arbeidir-saman-vid-isf\/"},"author":{"name":"Petur Mitt\u00fan","@id":"https:\/\/isf.fo\/#\/schema\/person\/78ac1b623dbf0ace868a5dbcdaed016d"},"headline":"N\u00fdggja landsst\u00fdri\u00f0 arbei\u00f0ir saman vi\u00f0 \u00cdSF","datePublished":"2022-12-22T12:30:05+00:00","dateModified":"2023-01-16T15:45:11+00:00","mainEntityOfPage":{"@id":"https:\/\/isf.fo\/nyggja-landsstyrid-arbeidir-saman-vid-isf\/"},"wordCount":428,"publisher":{"@id":"https:\/\/isf.fo\/#organization"},"image":{"@id":"https:\/\/isf.fo\/nyggja-landsstyrid-arbeidir-saman-vid-isf\/#primaryimage"},"thumbnailUrl":"https:\/\/d21ockg4ri0hhk.cloudfront.net\/wp-content\/uploads\/2022\/12\/22123149\/Nyggja-landsstyrid-arbeidir-saman-vid-ISF-2.png","articleSection":["Ikki b\u00f3lka"],"inLanguage":"en-US"},{"@type":"WebPage","@id":"https:\/\/isf.fo\/nyggja-landsstyrid-arbeidir-saman-vid-isf\/","url":"https:\/\/isf.fo\/nyggja-landsstyrid-arbeidir-saman-vid-isf\/","name":"N\u00fdggja landsst\u00fdri\u00f0 arbei\u00f0ir saman vi\u00f0 \u00cdSF - \u00cdtr\u00f3ttasamband F\u00f8roya","isPartOf":{"@id":"https:\/\/isf.fo\/#website"},"primaryImageOfPage":{"@id":"https:\/\/isf.fo\/nyggja-landsstyrid-arbeidir-saman-vid-isf\/#primaryimage"},"image":{"@id":"https:\/\/isf.fo\/nyggja-landsstyrid-arbeidir-saman-vid-isf\/#primaryimage"},"thumbnailUrl":"https:\/\/d21ockg4ri0hhk.cloudfront.net\/wp-content\/uploads\/2022\/12\/22123149\/Nyggja-landsstyrid-arbeidir-saman-vid-ISF-2.png","datePublished":"2022-12-22T12:30:05+00:00","dateModified":"2023-01-16T15:45:11+00:00","breadcrumb":{"@id":"https:\/\/isf.fo\/nyggja-landsstyrid-arbeidir-saman-vid-isf\/#breadcrumb"},"inLanguage":"en-US","potentialAction":[{"@type":"ReadAction","target":["https:\/\/isf.fo\/nyggja-landsstyrid-arbeidir-saman-vid-isf\/"]}]},{"@type":"ImageObject","inLanguage":"en-US","@id":"https:\/\/isf.fo\/nyggja-landsstyrid-arbeidir-saman-vid-isf\/#primaryimage","url":"https:\/\/d21ockg4ri0hhk.cloudfront.net\/wp-content\/uploads\/2022\/12\/22123149\/Nyggja-landsstyrid-arbeidir-saman-vid-ISF-2.png","contentUrl":"https:\/\/d21ockg4ri0hhk.cloudfront.net\/wp-content\/uploads\/2022\/12\/22123149\/Nyggja-landsstyrid-arbeidir-saman-vid-ISF-2.png","width":940,"height":788},{"@type":"BreadcrumbList","@id":"https:\/\/isf.fo\/nyggja-landsstyrid-arbeidir-saman-vid-isf\/#breadcrumb","itemListElement":[{"@type":"ListItem","position":1,"name":"Home","item":"https:\/\/isf.fo\/"},{"@type":"ListItem","position":2,"name":"N\u00fdggja landsst\u00fdri\u00f0 arbei\u00f0ir saman vi\u00f0 \u00cdSF"}]},{"@type":"WebSite","@id":"https:\/\/isf.fo\/#website","url":"https:\/\/isf.fo\/","name":"\u00cdtr\u00f3ttasamband F\u00f8roya","description":"","publisher":{"@id":"https:\/\/isf.fo\/#organization"},"potentialAction":[{"@type":"SearchAction","target":{"@type":"EntryPoint","urlTemplate":"https:\/\/isf.fo\/?s={search_term_string}"},"query-input":{"@type":"PropertyValueSpecification","valueRequired":true,"valueName":"search_term_string"}}],"inLanguage":"en-US"},{"@type":"Organization","@id":"https:\/\/isf.fo\/#organization","name":"\u00cdtr\u00f3ttasamband F\u00f8roya","url":"https:\/\/isf.fo\/","logo":{"@type":"ImageObject","inLanguage":"en-US","@id":"https:\/\/isf.fo\/#\/schema\/logo\/image\/","url":"https:\/\/isf.fo\/wp-content\/uploads\/2025\/06\/ISF_Olympic-Committee-logo.png","contentUrl":"https:\/\/isf.fo\/wp-content\/uploads\/2025\/06\/ISF_Olympic-Committee-logo.png","width":618,"height":121,"caption":"\u00cdtr\u00f3ttasamband F\u00f8roya"},"image":{"@id":"https:\/\/isf.fo\/#\/schema\/logo\/image\/"},"sameAs":["https:\/\/www.facebook.com\/itrottasambandid"]},{"@type":"Person","@id":"https:\/\/isf.fo\/#\/schema\/person\/78ac1b623dbf0ace868a5dbcdaed016d","name":"Petur Mitt\u00fan","image":{"@type":"ImageObject","inLanguage":"en-US","@id":"https:\/\/secure.gravatar.com\/avatar\/6f731b65ffaeb1029d9436acc96fc12c3cef9200131daa85ab7762529a25d1d2?s=96&d=mm&r=g","url":"https:\/\/secure.gravatar.com\/avatar\/6f731b65ffaeb1029d9436acc96fc12c3cef9200131daa85ab7762529a25d1d2?s=96&d=mm&r=g","contentUrl":"https:\/\/secure.gravatar.com\/avatar\/6f731b65ffaeb1029d9436acc96fc12c3cef9200131daa85ab7762529a25d1d2?s=96&d=mm&r=g","caption":"Petur Mitt\u00fan"},"url":"https:\/\/isf.fo\/en\/author\/petur\/"}]}},"_links":{"self":[{"href":"https:\/\/isf.fo\/en\/wp-json\/wp\/v2\/posts\/10403","targetHints":{"allow":["GET"]}}],"collection":[{"href":"https:\/\/isf.fo\/en\/wp-json\/wp\/v2\/posts"}],"about":[{"href":"https:\/\/isf.fo\/en\/wp-json\/wp\/v2\/types\/post"}],"author":[{"embeddable":true,"href":"https:\/\/isf.fo\/en\/wp-json\/wp\/v2\/users\/6"}],"replies":[{"embeddable":true,"href":"https:\/\/isf.fo\/en\/wp-json\/wp\/v2\/comments?post=10403"}],"version-history":[{"count":3,"href":"https:\/\/isf.fo\/en\/wp-json\/wp\/v2\/posts\/10403\/revisions"}],"predecessor-version":[{"id":10452,"href":"https:\/\/isf.fo\/en\/wp-json\/wp\/v2\/posts\/10403\/revisions\/10452"}],"wp:featuredmedia":[{"embeddable":true,"href":"https:\/\/isf.fo\/en\/wp-json\/wp\/v2\/media\/10406"}],"wp:attachment":[{"href":"https:\/\/isf.fo\/en\/wp-json\/wp\/v2\/media?parent=10403"}],"wp:term":[{"taxonomy":"category","embeddable":true,"href":"https:\/\/isf.fo\/en\/wp-json\/wp\/v2\/categories?post=10403"},{"taxonomy":"post_tag","embeddable":true,"href":"https:\/\/isf.fo\/en\/wp-json\/wp\/v2\/tags?post=10403"}],"curies":[{"name":"wp","href":"https:\/\/api.w.org\/{rel}","templated":true}]}}