{"id":1082,"date":"2009-08-24T13:06:42","date_gmt":"2009-08-24T12:06:42","guid":{"rendered":"https:\/\/isf.fo\/?p=1082"},"modified":"2009-08-24T13:06:42","modified_gmt":"2009-08-24T12:06:42","slug":"lei%c3%b0beining-innan-skatt-og-mvg","status":"publish","type":"post","link":"https:\/\/isf.fo\/en\/lei%c3%b0beining-innan-skatt-og-mvg\/","title":{"rendered":"Lei\u00f0beining innan skatt og mvg"},"content":{"rendered":"<div id=\"_mcePaste\" style=\"position: absolute; left: -10000px; top: 0px; width: 1px; height: 1px; overflow-x: hidden; overflow-y: hidden;\">Lei\u00f0beining innan skatt og mvg<\/div>\n<div id=\"_mcePaste\" style=\"position: absolute; left: -10000px; top: 0px; width: 1px; height: 1px; overflow-x: hidden; overflow-y: hidden;\">\u00cd samband vi\u00f0 a\u00f0alfundin \u00ed mai 2009 gj\u00f8rdi \u00cdtr\u00f3ttasamband F\u00f8roya eina lei\u00f0beining, sum gevur fel\u00f8gum, nevndarlimum, kassameistarum, \u00ed\u00f0karum, hj\u00e1lparf\u00f3lkum v. m. \u2013 teimum, sum \u00ed t\u00ed dagliga vara av \u00edtr\u00f3ttini, innlit \u00ed og svar upp\u00e1 teir mest t\u00fd\u00f0andi t\u00e6ttirnar innan skatt og meirvir\u00f0isgjald, t\u00e1 um \u00edtr\u00f3ttina umr\u00e6\u00f0ur. Dentur hevur veri\u00f0 lagdur \u00e1 at gera lei\u00f0beiningina l\u00e6tt atgongiliga hj\u00e1 leikf\u00f3lki, uttan serligt innlit \u00ed skatta-og mvg vi\u00f0urskifti.<\/div>\n<div id=\"_mcePaste\" style=\"position: absolute; left: -10000px; top: 0px; width: 1px; height: 1px; overflow-x: hidden; overflow-y: hidden;\">Lei\u00f0beiningin er gj\u00f8rd \u00ed t\u00f8ttum samstarvi vi\u00f0 grannsko\u00f0ara \u00cdSF\u00b4s, Sp\/f Grannsko\u00f0aravirki\u00f0 INPACT, l\u00f8ggilt grannsko\u00f0aravirki, sum hevur veitt hj\u00e1lp og r\u00e1\u00f0geving i sambandi vi\u00f0 \u00fatg\u00e1vuna av lei\u00f0beingini. Lei\u00f0beiningin er b\u00fdtt upp \u00ed 2 partar, har fyrri parturin sn\u00fdr seg um skattlig vi\u00f0urskifti, me\u00f0an seinni parturin umr\u00f8\u00f0ur meirvir\u00f0isgjald.<\/div>\n<div id=\"_mcePaste\" style=\"position: absolute; left: -10000px; top: 0px; width: 1px; height: 1px; overflow-x: hidden; overflow-y: hidden;\">Skj\u00f8l:<\/div>\n<div id=\"_mcePaste\" style=\"position: absolute; left: -10000px; top: 0px; width: 1px; height: 1px; overflow-x: hidden; overflow-y: hidden;\">-\u00cdtr\u00f3ttafel\u00f8g skattur og mvg &#8211; Lei\u00f0beining til nevndarlimir, kassameistarar, venjarar, \u00ed\u00f0karar, hj\u00e1lparf\u00f3lk v.m.<\/div>\n<div id=\"_mcePaste\" style=\"position: absolute; left: -10000px; top: 0px; width: 1px; height: 1px; overflow-x: hidden; overflow-y: hidden;\">-Fer\u00f0auppger\u00f0 innanlands<\/div>\n<div id=\"_mcePaste\" style=\"position: absolute; left: -10000px; top: 0px; width: 1px; height: 1px; overflow-x: hidden; overflow-y: hidden;\">-Fer\u00f0auppger\u00f0 koyring \u00ed egnum bili<\/div>\n<p>\u00cd samband vi\u00f0 a\u00f0alfundin \u00ed mai 2009 gj\u00f8rdi \u00cdtr\u00f3ttasamband F\u00f8roya eina lei\u00f0beining, sum gevur fel\u00f8gum, nevndarlimum, kassameistarum, \u00ed\u00f0karum, hj\u00e1lparf\u00f3lkum v. m. \u2013 teimum, sum \u00ed t\u00ed dagliga vara av \u00edtr\u00f3ttini, innlit \u00ed og svar upp\u00e1 teir mest t\u00fd\u00f0andi t\u00e6ttirnar innan skatt og meirvir\u00f0isgjald, t\u00e1 um \u00edtr\u00f3ttina umr\u00e6\u00f0ur. Dentur hevur veri\u00f0 lagdur \u00e1 at gera lei\u00f0beiningina l\u00e6tt atgongiliga hj\u00e1 leikf\u00f3lki, uttan serligt innlit \u00ed skatta-og mvg vi\u00f0urskifti.<\/p>\n<p>Lei\u00f0beiningin er gj\u00f8rd \u00ed t\u00f8ttum samstarvi vi\u00f0 grannsko\u00f0ara \u00cdSF\u00b4s, Sp\/f Grannsko\u00f0aravirki\u00f0 INPACT, l\u00f8ggilt grannsko\u00f0aravirki, sum hevur veitt hj\u00e1lp og r\u00e1\u00f0geving i sambandi vi\u00f0 \u00fatg\u00e1vuna av lei\u00f0beingini. Lei\u00f0beiningin er b\u00fdtt upp \u00ed 2 partar, har fyrri parturin sn\u00fdr seg um skattlig vi\u00f0urskifti, me\u00f0an seinni parturin umr\u00f8\u00f0ur meirvir\u00f0isgjald.<\/p>\n<p>Skj\u00f8l:<br \/>\n<a href=\"https:\/\/isf.fo\/wp-content\/uploads\/2009\/08\/ISF-Skatta-og-MVG-leidbeining-09.pdf\"> -\u00cdtr\u00f3ttafel\u00f8g skattur og mvg &#8211; Lei\u00f0beining til nevndarlimir, kassameistarar, venjarar, \u00ed\u00f0karar, hj\u00e1lparf\u00f3lk v.m.<\/a><br \/>\n<a href=\"https:\/\/isf.fo\/wp-content\/uploads\/2009\/08\/Fer\u00f0auppger\u00f0-innanlands.pdf\"> -Fer\u00f0auppger\u00f0 innanlands<\/a><br \/>\n<a href=\"https:\/\/isf.fo\/wp-content\/uploads\/2009\/08\/Koyring-vi\u00f0-egnum-bili.pdf\"> -Fer\u00f0auppger\u00f0 koyring \u00ed egnum bili<\/a><\/p>","protected":false},"excerpt":{"rendered":"<p>Lei\u00f0beining innan skatt og mvg \u00cd samband vi\u00f0 a\u00f0alfundin \u00ed mai 2009 gj\u00f8rdi \u00cdtr\u00f3ttasamband F\u00f8roya eina lei\u00f0beining, sum gevur fel\u00f8gum, [&hellip;]<\/p>\n","protected":false},"author":6,"featured_media":0,"comment_status":"open","ping_status":"open","sticky":false,"template":"","format":"standard","meta":{"_acf_changed":false,"_relevanssi_hide_post":"","_relevanssi_hide_content":"","_relevanssi_pin_for_all":"","_relevanssi_pin_keywords":"","_relevanssi_unpin_keywords":"","_relevanssi_related_keywords":"","_relevanssi_related_include_ids":"","_relevanssi_related_exclude_ids":"","_relevanssi_related_no_append":"","_relevanssi_related_not_related":"","_relevanssi_related_posts":"","_relevanssi_noindex_reason":"","inline_featured_image":false,"footnotes":""},"categories":[2],"tags":[],"class_list":["post-1082","post","type-post","status-publish","format-standard","hentry","category-isf"],"acf":[],"yoast_head":"<!-- This site is optimized with the Yoast SEO plugin v27.5 - https:\/\/yoast.com\/product\/yoast-seo-wordpress\/ -->\n<title>Lei\u00f0beining innan skatt og mvg - \u00cdtr\u00f3ttasamband F\u00f8roya<\/title>\n<meta name=\"robots\" content=\"index, follow, max-snippet:-1, max-image-preview:large, max-video-preview:-1\" \/>\n<link rel=\"canonical\" href=\"https:\/\/isf.fo\/en\/lei\u00f0beining-innan-skatt-og-mvg\/\" \/>\n<meta property=\"og:locale\" content=\"en_US\" \/>\n<meta property=\"og:type\" content=\"article\" \/>\n<meta property=\"og:title\" content=\"Lei\u00f0beining innan skatt og mvg - \u00cdtr\u00f3ttasamband F\u00f8roya\" \/>\n<meta property=\"og:description\" content=\"Lei\u00f0beining innan skatt og mvg \u00cd samband vi\u00f0 a\u00f0alfundin \u00ed mai 2009 gj\u00f8rdi \u00cdtr\u00f3ttasamband F\u00f8roya eina lei\u00f0beining, sum gevur fel\u00f8gum, [&hellip;]\" \/>\n<meta property=\"og:url\" content=\"https:\/\/isf.fo\/en\/lei\u00f0beining-innan-skatt-og-mvg\/\" \/>\n<meta property=\"og:site_name\" content=\"\u00cdtr\u00f3ttasamband F\u00f8roya\" \/>\n<meta property=\"article:publisher\" content=\"https:\/\/www.facebook.com\/itrottasambandid\" \/>\n<meta property=\"article:published_time\" content=\"2009-08-24T12:06:42+00:00\" \/>\n<meta name=\"author\" content=\"Petur Mitt\u00fan\" \/>\n<meta name=\"twitter:card\" content=\"summary_large_image\" \/>\n<meta name=\"twitter:label1\" content=\"Written by\" \/>\n\t<meta name=\"twitter:data1\" content=\"Petur Mitt\u00fan\" \/>\n\t<meta name=\"twitter:label2\" content=\"Est. reading time\" \/>\n\t<meta name=\"twitter:data2\" content=\"2 minutes\" \/>\n<script type=\"application\/ld+json\" class=\"yoast-schema-graph\">{\"@context\":\"https:\\\/\\\/schema.org\",\"@graph\":[{\"@type\":\"Article\",\"@id\":\"https:\\\/\\\/isf.fo\\\/lei%c3%b0beining-innan-skatt-og-mvg\\\/#article\",\"isPartOf\":{\"@id\":\"https:\\\/\\\/isf.fo\\\/lei%c3%b0beining-innan-skatt-og-mvg\\\/\"},\"author\":{\"name\":\"Petur Mitt\u00fan\",\"@id\":\"https:\\\/\\\/isf.fo\\\/#\\\/schema\\\/person\\\/78ac1b623dbf0ace868a5dbcdaed016d\"},\"headline\":\"Lei\u00f0beining innan skatt og mvg\",\"datePublished\":\"2009-08-24T12:06:42+00:00\",\"mainEntityOfPage\":{\"@id\":\"https:\\\/\\\/isf.fo\\\/lei%c3%b0beining-innan-skatt-og-mvg\\\/\"},\"wordCount\":350,\"commentCount\":0,\"publisher\":{\"@id\":\"https:\\\/\\\/isf.fo\\\/#organization\"},\"articleSection\":[\"\u00cdSF\"],\"inLanguage\":\"en-US\"},{\"@type\":\"WebPage\",\"@id\":\"https:\\\/\\\/isf.fo\\\/lei%c3%b0beining-innan-skatt-og-mvg\\\/\",\"url\":\"https:\\\/\\\/isf.fo\\\/lei%c3%b0beining-innan-skatt-og-mvg\\\/\",\"name\":\"Lei\u00f0beining innan skatt og mvg - \u00cdtr\u00f3ttasamband F\u00f8roya\",\"isPartOf\":{\"@id\":\"https:\\\/\\\/isf.fo\\\/#website\"},\"datePublished\":\"2009-08-24T12:06:42+00:00\",\"breadcrumb\":{\"@id\":\"https:\\\/\\\/isf.fo\\\/lei%c3%b0beining-innan-skatt-og-mvg\\\/#breadcrumb\"},\"inLanguage\":\"en-US\",\"potentialAction\":[{\"@type\":\"ReadAction\",\"target\":[\"https:\\\/\\\/isf.fo\\\/lei%c3%b0beining-innan-skatt-og-mvg\\\/\"]}]},{\"@type\":\"BreadcrumbList\",\"@id\":\"https:\\\/\\\/isf.fo\\\/lei%c3%b0beining-innan-skatt-og-mvg\\\/#breadcrumb\",\"itemListElement\":[{\"@type\":\"ListItem\",\"position\":1,\"name\":\"Home\",\"item\":\"https:\\\/\\\/isf.fo\\\/\"},{\"@type\":\"ListItem\",\"position\":2,\"name\":\"Lei\u00f0beining innan skatt og mvg\"}]},{\"@type\":\"WebSite\",\"@id\":\"https:\\\/\\\/isf.fo\\\/#website\",\"url\":\"https:\\\/\\\/isf.fo\\\/\",\"name\":\"\u00cdtr\u00f3ttasamband F\u00f8roya\",\"description\":\"\",\"publisher\":{\"@id\":\"https:\\\/\\\/isf.fo\\\/#organization\"},\"potentialAction\":[{\"@type\":\"SearchAction\",\"target\":{\"@type\":\"EntryPoint\",\"urlTemplate\":\"https:\\\/\\\/isf.fo\\\/?s={search_term_string}\"},\"query-input\":{\"@type\":\"PropertyValueSpecification\",\"valueRequired\":true,\"valueName\":\"search_term_string\"}}],\"inLanguage\":\"en-US\"},{\"@type\":\"Organization\",\"@id\":\"https:\\\/\\\/isf.fo\\\/#organization\",\"name\":\"\u00cdtr\u00f3ttasamband F\u00f8roya\",\"url\":\"https:\\\/\\\/isf.fo\\\/\",\"logo\":{\"@type\":\"ImageObject\",\"inLanguage\":\"en-US\",\"@id\":\"https:\\\/\\\/isf.fo\\\/#\\\/schema\\\/logo\\\/image\\\/\",\"url\":\"https:\\\/\\\/isf.fo\\\/wp-content\\\/uploads\\\/2025\\\/06\\\/ISF_Olympic-Committee-logo.png\",\"contentUrl\":\"https:\\\/\\\/isf.fo\\\/wp-content\\\/uploads\\\/2025\\\/06\\\/ISF_Olympic-Committee-logo.png\",\"width\":618,\"height\":121,\"caption\":\"\u00cdtr\u00f3ttasamband F\u00f8roya\"},\"image\":{\"@id\":\"https:\\\/\\\/isf.fo\\\/#\\\/schema\\\/logo\\\/image\\\/\"},\"sameAs\":[\"https:\\\/\\\/www.facebook.com\\\/itrottasambandid\"]},{\"@type\":\"Person\",\"@id\":\"https:\\\/\\\/isf.fo\\\/#\\\/schema\\\/person\\\/78ac1b623dbf0ace868a5dbcdaed016d\",\"name\":\"Petur Mitt\u00fan\",\"image\":{\"@type\":\"ImageObject\",\"inLanguage\":\"en-US\",\"@id\":\"https:\\\/\\\/secure.gravatar.com\\\/avatar\\\/6f731b65ffaeb1029d9436acc96fc12c3cef9200131daa85ab7762529a25d1d2?s=96&d=mm&r=g\",\"url\":\"https:\\\/\\\/secure.gravatar.com\\\/avatar\\\/6f731b65ffaeb1029d9436acc96fc12c3cef9200131daa85ab7762529a25d1d2?s=96&d=mm&r=g\",\"contentUrl\":\"https:\\\/\\\/secure.gravatar.com\\\/avatar\\\/6f731b65ffaeb1029d9436acc96fc12c3cef9200131daa85ab7762529a25d1d2?s=96&d=mm&r=g\",\"caption\":\"Petur Mitt\u00fan\"},\"url\":\"https:\\\/\\\/isf.fo\\\/en\\\/author\\\/petur\\\/\"}]}<\/script>\n<!-- \/ Yoast SEO plugin. -->","yoast_head_json":{"title":"Lei\u00f0beining innan skatt og mvg - \u00cdtr\u00f3ttasamband F\u00f8roya","robots":{"index":"index","follow":"follow","max-snippet":"max-snippet:-1","max-image-preview":"max-image-preview:large","max-video-preview":"max-video-preview:-1"},"canonical":"https:\/\/isf.fo\/en\/lei\u00f0beining-innan-skatt-og-mvg\/","og_locale":"en_US","og_type":"article","og_title":"Lei\u00f0beining innan skatt og mvg - \u00cdtr\u00f3ttasamband F\u00f8roya","og_description":"Lei\u00f0beining innan skatt og mvg \u00cd samband vi\u00f0 a\u00f0alfundin \u00ed mai 2009 gj\u00f8rdi \u00cdtr\u00f3ttasamband F\u00f8roya eina lei\u00f0beining, sum gevur fel\u00f8gum, [&hellip;]","og_url":"https:\/\/isf.fo\/en\/lei\u00f0beining-innan-skatt-og-mvg\/","og_site_name":"\u00cdtr\u00f3ttasamband F\u00f8roya","article_publisher":"https:\/\/www.facebook.com\/itrottasambandid","article_published_time":"2009-08-24T12:06:42+00:00","author":"Petur Mitt\u00fan","twitter_card":"summary_large_image","twitter_misc":{"Written by":"Petur Mitt\u00fan","Est. reading time":"2 minutes"},"schema":{"@context":"https:\/\/schema.org","@graph":[{"@type":"Article","@id":"https:\/\/isf.fo\/lei%c3%b0beining-innan-skatt-og-mvg\/#article","isPartOf":{"@id":"https:\/\/isf.fo\/lei%c3%b0beining-innan-skatt-og-mvg\/"},"author":{"name":"Petur Mitt\u00fan","@id":"https:\/\/isf.fo\/#\/schema\/person\/78ac1b623dbf0ace868a5dbcdaed016d"},"headline":"Lei\u00f0beining innan skatt og mvg","datePublished":"2009-08-24T12:06:42+00:00","mainEntityOfPage":{"@id":"https:\/\/isf.fo\/lei%c3%b0beining-innan-skatt-og-mvg\/"},"wordCount":350,"commentCount":0,"publisher":{"@id":"https:\/\/isf.fo\/#organization"},"articleSection":["\u00cdSF"],"inLanguage":"en-US"},{"@type":"WebPage","@id":"https:\/\/isf.fo\/lei%c3%b0beining-innan-skatt-og-mvg\/","url":"https:\/\/isf.fo\/lei%c3%b0beining-innan-skatt-og-mvg\/","name":"Lei\u00f0beining innan skatt og mvg - \u00cdtr\u00f3ttasamband F\u00f8roya","isPartOf":{"@id":"https:\/\/isf.fo\/#website"},"datePublished":"2009-08-24T12:06:42+00:00","breadcrumb":{"@id":"https:\/\/isf.fo\/lei%c3%b0beining-innan-skatt-og-mvg\/#breadcrumb"},"inLanguage":"en-US","potentialAction":[{"@type":"ReadAction","target":["https:\/\/isf.fo\/lei%c3%b0beining-innan-skatt-og-mvg\/"]}]},{"@type":"BreadcrumbList","@id":"https:\/\/isf.fo\/lei%c3%b0beining-innan-skatt-og-mvg\/#breadcrumb","itemListElement":[{"@type":"ListItem","position":1,"name":"Home","item":"https:\/\/isf.fo\/"},{"@type":"ListItem","position":2,"name":"Lei\u00f0beining innan skatt og mvg"}]},{"@type":"WebSite","@id":"https:\/\/isf.fo\/#website","url":"https:\/\/isf.fo\/","name":"\u00cdtr\u00f3ttasamband F\u00f8roya","description":"","publisher":{"@id":"https:\/\/isf.fo\/#organization"},"potentialAction":[{"@type":"SearchAction","target":{"@type":"EntryPoint","urlTemplate":"https:\/\/isf.fo\/?s={search_term_string}"},"query-input":{"@type":"PropertyValueSpecification","valueRequired":true,"valueName":"search_term_string"}}],"inLanguage":"en-US"},{"@type":"Organization","@id":"https:\/\/isf.fo\/#organization","name":"\u00cdtr\u00f3ttasamband F\u00f8roya","url":"https:\/\/isf.fo\/","logo":{"@type":"ImageObject","inLanguage":"en-US","@id":"https:\/\/isf.fo\/#\/schema\/logo\/image\/","url":"https:\/\/isf.fo\/wp-content\/uploads\/2025\/06\/ISF_Olympic-Committee-logo.png","contentUrl":"https:\/\/isf.fo\/wp-content\/uploads\/2025\/06\/ISF_Olympic-Committee-logo.png","width":618,"height":121,"caption":"\u00cdtr\u00f3ttasamband F\u00f8roya"},"image":{"@id":"https:\/\/isf.fo\/#\/schema\/logo\/image\/"},"sameAs":["https:\/\/www.facebook.com\/itrottasambandid"]},{"@type":"Person","@id":"https:\/\/isf.fo\/#\/schema\/person\/78ac1b623dbf0ace868a5dbcdaed016d","name":"Petur Mitt\u00fan","image":{"@type":"ImageObject","inLanguage":"en-US","@id":"https:\/\/secure.gravatar.com\/avatar\/6f731b65ffaeb1029d9436acc96fc12c3cef9200131daa85ab7762529a25d1d2?s=96&d=mm&r=g","url":"https:\/\/secure.gravatar.com\/avatar\/6f731b65ffaeb1029d9436acc96fc12c3cef9200131daa85ab7762529a25d1d2?s=96&d=mm&r=g","contentUrl":"https:\/\/secure.gravatar.com\/avatar\/6f731b65ffaeb1029d9436acc96fc12c3cef9200131daa85ab7762529a25d1d2?s=96&d=mm&r=g","caption":"Petur Mitt\u00fan"},"url":"https:\/\/isf.fo\/en\/author\/petur\/"}]}},"_links":{"self":[{"href":"https:\/\/isf.fo\/en\/wp-json\/wp\/v2\/posts\/1082","targetHints":{"allow":["GET"]}}],"collection":[{"href":"https:\/\/isf.fo\/en\/wp-json\/wp\/v2\/posts"}],"about":[{"href":"https:\/\/isf.fo\/en\/wp-json\/wp\/v2\/types\/post"}],"author":[{"embeddable":true,"href":"https:\/\/isf.fo\/en\/wp-json\/wp\/v2\/users\/6"}],"replies":[{"embeddable":true,"href":"https:\/\/isf.fo\/en\/wp-json\/wp\/v2\/comments?post=1082"}],"version-history":[{"count":0,"href":"https:\/\/isf.fo\/en\/wp-json\/wp\/v2\/posts\/1082\/revisions"}],"wp:attachment":[{"href":"https:\/\/isf.fo\/en\/wp-json\/wp\/v2\/media?parent=1082"}],"wp:term":[{"taxonomy":"category","embeddable":true,"href":"https:\/\/isf.fo\/en\/wp-json\/wp\/v2\/categories?post=1082"},{"taxonomy":"post_tag","embeddable":true,"href":"https:\/\/isf.fo\/en\/wp-json\/wp\/v2\/tags?post=1082"}],"curies":[{"name":"wp","href":"https:\/\/api.w.org\/{rel}","templated":true}]}}