{"id":10847,"date":"2023-07-04T16:54:11","date_gmt":"2023-07-04T16:54:11","guid":{"rendered":"https:\/\/isf.fo\/?p=10847"},"modified":"2023-07-04T16:54:15","modified_gmt":"2023-07-04T16:54:15","slug":"bordtennislegenda-verdur-flaggberi-a-oyggjaleikunum","status":"publish","type":"post","link":"https:\/\/isf.fo\/en\/bordtennislegenda-verdur-flaggberi-a-oyggjaleikunum\/","title":{"rendered":"Bor\u00f0tennislegenda ver\u00f0ur flaggberi \u00e1 Oyggjaleikunum"},"content":{"rendered":"<p>Oyggjaleikirnir \u00e1 Guernsey ver\u00f0a settir leygarkv\u00f8ldi\u00f0 8. juli kl. 18 \u00e1 Albert Pier \u00ed St Peter Port.<\/p>\n\n\n\n<p>St\u00f3ra h\u00e1t\u00ed\u00f0arhaldi\u00f0 er t\u00fd\u00f0andi partur av leikunum, og setanin hevur fleiri si\u00f0bundin innsl\u00f8g, sum eru f\u00f8st \u00e1 hv\u00f8rjum leikum.<\/p>\n\n\n\n<p>T\u00e1 limaoyggjarnar marsjera inn, gongur ein flaggberi fremst vi\u00f0 Merkinum saman vi\u00f0 einum vatnbera.<\/p>\n\n\n\n<p>Bor\u00f0tennislegendan Peter Hentze Niclasen fer at bera Merki\u00f0 leygarkv\u00f8ldi\u00f0. Peter man ver\u00f0a ein tann f\u00f8royingurin, sum hevur luttiki\u00f0 \u00e1 flest oyggjaleikum tilsaman. Hann hevur veri\u00f0 vi\u00f0 til allar oyggjaleikirnar l\u00edka s\u00ed\u00f0an 1989, t\u00f3 undantiki\u00f0 2013, t\u00e1 bor\u00f0tennis ikki var \u00e1 skr\u00e1nni.<br><br>\u00cd 1989 &#8211; 2005 sum leikari, 2007-2011 sum venjari og fr\u00e1 2011 til \u00ed \u00e1r sum hj\u00e1lparvenjari ella lei\u00f0ari.<\/p>\n\n\n\n<p>Peter hevur eisini veri\u00f0 vi\u00f0 til at vinna hei\u00f0ursmerkir \u00e1 oyggjaleikunum, b\u00e6\u00f0i sum sp\u00e6lari og sum venjari. Serliga sterkt \u00ed minnium er bronsuhei\u00f0urmerki\u00f0, sum Peter vann \u00ed li\u00f0kappingi \u00ed F\u00f8royum \u00ed 1989 og gullhei\u00f0ursmerki\u00f0, sum Durita Fr\u00ed\u00f0ad\u00f3ttur Jensen og Henriette N\u00f8rr vunnu \u00ed tv\u00edmannsleiki \u00e1 oyggjaleikunum \u00e1 Gotlandi \u00ed 2017.<\/p>\n\n\n\n<p>Sj\u00e1lvur sigur Peter at \u201d ta\u00f0 er ein st\u00f3rur hei\u00f0ur at bera Merki\u00f0 til setanina av oyggjaleikunum, t\u00ed Merki\u00f0 er j\u00fa samleikapr\u00f3gv fyri f\u00f8royska \u00edtr\u00f3ttarh\u00f3pin og samstundis er ta\u00f0 eitt st\u00f3rt her\u00f0aklapp at bl\u00edva spurdur um hesa t\u00e6nastu \u201d<\/p>","protected":false},"excerpt":{"rendered":"<p>Oyggjaleikirnir \u00e1 Guernsey ver\u00f0a settir leygarkv\u00f8ldi\u00f0 8. juli kl. 18 \u00e1 Albert Pier \u00ed St Peter Port. St\u00f3ra h\u00e1t\u00ed\u00f0arhaldi\u00f0 er [&hellip;]<\/p>\n","protected":false},"author":8,"featured_media":10848,"comment_status":"closed","ping_status":"closed","sticky":false,"template":"","format":"standard","meta":{"_acf_changed":false,"_relevanssi_hide_post":"","_relevanssi_hide_content":"","_relevanssi_pin_for_all":"","_relevanssi_pin_keywords":"","_relevanssi_unpin_keywords":"","_relevanssi_related_keywords":"","_relevanssi_related_include_ids":"","_relevanssi_related_exclude_ids":"","_relevanssi_related_no_append":"","_relevanssi_related_not_related":"","_relevanssi_related_posts":"","_relevanssi_noindex_reason":"","inline_featured_image":false,"footnotes":""},"categories":[1],"tags":[],"class_list":["post-10847","post","type-post","status-publish","format-standard","has-post-thumbnail","hentry","category-uncategorized"],"acf":[],"yoast_head":"<!-- This site is optimized with the Yoast SEO plugin v27.3 - https:\/\/yoast.com\/product\/yoast-seo-wordpress\/ -->\n<title>Bor\u00f0tennislegenda ver\u00f0ur flaggberi \u00e1 Oyggjaleikunum - \u00cdtr\u00f3ttasamband F\u00f8roya<\/title>\n<meta name=\"robots\" content=\"index, follow, max-snippet:-1, max-image-preview:large, max-video-preview:-1\" \/>\n<link rel=\"canonical\" href=\"https:\/\/isf.fo\/en\/bordtennislegenda-verdur-flaggberi-a-oyggjaleikunum\/\" \/>\n<meta property=\"og:locale\" content=\"en_US\" \/>\n<meta property=\"og:type\" content=\"article\" \/>\n<meta property=\"og:title\" content=\"Bor\u00f0tennislegenda ver\u00f0ur flaggberi \u00e1 Oyggjaleikunum - \u00cdtr\u00f3ttasamband F\u00f8roya\" \/>\n<meta property=\"og:description\" content=\"Oyggjaleikirnir \u00e1 Guernsey ver\u00f0a settir leygarkv\u00f8ldi\u00f0 8. juli kl. 18 \u00e1 Albert Pier \u00ed St Peter Port. St\u00f3ra h\u00e1t\u00ed\u00f0arhaldi\u00f0 er [&hellip;]\" \/>\n<meta property=\"og:url\" content=\"https:\/\/isf.fo\/en\/bordtennislegenda-verdur-flaggberi-a-oyggjaleikunum\/\" \/>\n<meta property=\"og:site_name\" content=\"\u00cdtr\u00f3ttasamband F\u00f8roya\" \/>\n<meta property=\"article:publisher\" content=\"https:\/\/www.facebook.com\/itrottasambandid\" \/>\n<meta property=\"article:published_time\" content=\"2023-07-04T16:54:11+00:00\" \/>\n<meta property=\"article:modified_time\" content=\"2023-07-04T16:54:15+00:00\" \/>\n<meta property=\"og:image\" content=\"https:\/\/d21ockg4ri0hhk.cloudfront.net\/wp-content\/uploads\/2023\/07\/04165056\/DSC_4310-2-scaled.jpeg\" \/>\n\t<meta property=\"og:image:width\" content=\"1950\" \/>\n\t<meta property=\"og:image:height\" content=\"2560\" \/>\n\t<meta property=\"og:image:type\" content=\"image\/jpeg\" \/>\n<meta name=\"author\" content=\"Andras Nols\u00f8e\" \/>\n<meta name=\"twitter:card\" content=\"summary_large_image\" \/>\n<meta name=\"twitter:label1\" content=\"Written by\" \/>\n\t<meta name=\"twitter:data1\" content=\"Andras Nols\u00f8e\" \/>\n\t<meta name=\"twitter:label2\" content=\"Est. reading time\" \/>\n\t<meta name=\"twitter:data2\" content=\"2 minutes\" \/>\n<script type=\"application\/ld+json\" class=\"yoast-schema-graph\">{\"@context\":\"https:\\\/\\\/schema.org\",\"@graph\":[{\"@type\":\"Article\",\"@id\":\"https:\\\/\\\/isf.fo\\\/bordtennislegenda-verdur-flaggberi-a-oyggjaleikunum\\\/#article\",\"isPartOf\":{\"@id\":\"https:\\\/\\\/isf.fo\\\/bordtennislegenda-verdur-flaggberi-a-oyggjaleikunum\\\/\"},\"author\":{\"name\":\"Andras Nols\u00f8e\",\"@id\":\"https:\\\/\\\/isf.fo\\\/#\\\/schema\\\/person\\\/9362fc12ce91e7026317156d98d1ff4f\"},\"headline\":\"Bor\u00f0tennislegenda ver\u00f0ur flaggberi \u00e1 Oyggjaleikunum\",\"datePublished\":\"2023-07-04T16:54:11+00:00\",\"dateModified\":\"2023-07-04T16:54:15+00:00\",\"mainEntityOfPage\":{\"@id\":\"https:\\\/\\\/isf.fo\\\/bordtennislegenda-verdur-flaggberi-a-oyggjaleikunum\\\/\"},\"wordCount\":219,\"publisher\":{\"@id\":\"https:\\\/\\\/isf.fo\\\/#organization\"},\"image\":{\"@id\":\"https:\\\/\\\/isf.fo\\\/bordtennislegenda-verdur-flaggberi-a-oyggjaleikunum\\\/#primaryimage\"},\"thumbnailUrl\":\"https:\\\/\\\/d21ockg4ri0hhk.cloudfront.net\\\/wp-content\\\/uploads\\\/2023\\\/07\\\/04165056\\\/DSC_4310-2-scaled.jpeg\",\"articleSection\":[\"Ikki b\u00f3lka\"],\"inLanguage\":\"en-US\"},{\"@type\":\"WebPage\",\"@id\":\"https:\\\/\\\/isf.fo\\\/bordtennislegenda-verdur-flaggberi-a-oyggjaleikunum\\\/\",\"url\":\"https:\\\/\\\/isf.fo\\\/bordtennislegenda-verdur-flaggberi-a-oyggjaleikunum\\\/\",\"name\":\"Bor\u00f0tennislegenda ver\u00f0ur flaggberi \u00e1 Oyggjaleikunum - \u00cdtr\u00f3ttasamband F\u00f8roya\",\"isPartOf\":{\"@id\":\"https:\\\/\\\/isf.fo\\\/#website\"},\"primaryImageOfPage\":{\"@id\":\"https:\\\/\\\/isf.fo\\\/bordtennislegenda-verdur-flaggberi-a-oyggjaleikunum\\\/#primaryimage\"},\"image\":{\"@id\":\"https:\\\/\\\/isf.fo\\\/bordtennislegenda-verdur-flaggberi-a-oyggjaleikunum\\\/#primaryimage\"},\"thumbnailUrl\":\"https:\\\/\\\/d21ockg4ri0hhk.cloudfront.net\\\/wp-content\\\/uploads\\\/2023\\\/07\\\/04165056\\\/DSC_4310-2-scaled.jpeg\",\"datePublished\":\"2023-07-04T16:54:11+00:00\",\"dateModified\":\"2023-07-04T16:54:15+00:00\",\"breadcrumb\":{\"@id\":\"https:\\\/\\\/isf.fo\\\/bordtennislegenda-verdur-flaggberi-a-oyggjaleikunum\\\/#breadcrumb\"},\"inLanguage\":\"en-US\",\"potentialAction\":[{\"@type\":\"ReadAction\",\"target\":[\"https:\\\/\\\/isf.fo\\\/bordtennislegenda-verdur-flaggberi-a-oyggjaleikunum\\\/\"]}]},{\"@type\":\"ImageObject\",\"inLanguage\":\"en-US\",\"@id\":\"https:\\\/\\\/isf.fo\\\/bordtennislegenda-verdur-flaggberi-a-oyggjaleikunum\\\/#primaryimage\",\"url\":\"https:\\\/\\\/d21ockg4ri0hhk.cloudfront.net\\\/wp-content\\\/uploads\\\/2023\\\/07\\\/04165056\\\/DSC_4310-2-scaled.jpeg\",\"contentUrl\":\"https:\\\/\\\/d21ockg4ri0hhk.cloudfront.net\\\/wp-content\\\/uploads\\\/2023\\\/07\\\/04165056\\\/DSC_4310-2-scaled.jpeg\",\"width\":1950,\"height\":2560},{\"@type\":\"BreadcrumbList\",\"@id\":\"https:\\\/\\\/isf.fo\\\/bordtennislegenda-verdur-flaggberi-a-oyggjaleikunum\\\/#breadcrumb\",\"itemListElement\":[{\"@type\":\"ListItem\",\"position\":1,\"name\":\"Home\",\"item\":\"https:\\\/\\\/isf.fo\\\/\"},{\"@type\":\"ListItem\",\"position\":2,\"name\":\"Bor\u00f0tennislegenda ver\u00f0ur flaggberi \u00e1 Oyggjaleikunum\"}]},{\"@type\":\"WebSite\",\"@id\":\"https:\\\/\\\/isf.fo\\\/#website\",\"url\":\"https:\\\/\\\/isf.fo\\\/\",\"name\":\"\u00cdtr\u00f3ttasamband F\u00f8roya\",\"description\":\"\",\"publisher\":{\"@id\":\"https:\\\/\\\/isf.fo\\\/#organization\"},\"potentialAction\":[{\"@type\":\"SearchAction\",\"target\":{\"@type\":\"EntryPoint\",\"urlTemplate\":\"https:\\\/\\\/isf.fo\\\/?s={search_term_string}\"},\"query-input\":{\"@type\":\"PropertyValueSpecification\",\"valueRequired\":true,\"valueName\":\"search_term_string\"}}],\"inLanguage\":\"en-US\"},{\"@type\":\"Organization\",\"@id\":\"https:\\\/\\\/isf.fo\\\/#organization\",\"name\":\"\u00cdtr\u00f3ttasamband F\u00f8roya\",\"url\":\"https:\\\/\\\/isf.fo\\\/\",\"logo\":{\"@type\":\"ImageObject\",\"inLanguage\":\"en-US\",\"@id\":\"https:\\\/\\\/isf.fo\\\/#\\\/schema\\\/logo\\\/image\\\/\",\"url\":\"https:\\\/\\\/isf.fo\\\/wp-content\\\/uploads\\\/2025\\\/06\\\/ISF_Olympic-Committee-logo.png\",\"contentUrl\":\"https:\\\/\\\/isf.fo\\\/wp-content\\\/uploads\\\/2025\\\/06\\\/ISF_Olympic-Committee-logo.png\",\"width\":618,\"height\":121,\"caption\":\"\u00cdtr\u00f3ttasamband F\u00f8roya\"},\"image\":{\"@id\":\"https:\\\/\\\/isf.fo\\\/#\\\/schema\\\/logo\\\/image\\\/\"},\"sameAs\":[\"https:\\\/\\\/www.facebook.com\\\/itrottasambandid\"]},{\"@type\":\"Person\",\"@id\":\"https:\\\/\\\/isf.fo\\\/#\\\/schema\\\/person\\\/9362fc12ce91e7026317156d98d1ff4f\",\"name\":\"Andras Nols\u00f8e\",\"image\":{\"@type\":\"ImageObject\",\"inLanguage\":\"en-US\",\"@id\":\"https:\\\/\\\/secure.gravatar.com\\\/avatar\\\/9273eeace6b01b8154df2bf51835dcc2702210c09bbd2d02e25c681717bbc78f?s=96&d=mm&r=g\",\"url\":\"https:\\\/\\\/secure.gravatar.com\\\/avatar\\\/9273eeace6b01b8154df2bf51835dcc2702210c09bbd2d02e25c681717bbc78f?s=96&d=mm&r=g\",\"contentUrl\":\"https:\\\/\\\/secure.gravatar.com\\\/avatar\\\/9273eeace6b01b8154df2bf51835dcc2702210c09bbd2d02e25c681717bbc78f?s=96&d=mm&r=g\",\"caption\":\"Andras Nols\u00f8e\"},\"url\":\"https:\\\/\\\/isf.fo\\\/en\\\/author\\\/andras\\\/\"}]}<\/script>\n<!-- \/ Yoast SEO plugin. -->","yoast_head_json":{"title":"Bor\u00f0tennislegenda ver\u00f0ur flaggberi \u00e1 Oyggjaleikunum - \u00cdtr\u00f3ttasamband F\u00f8roya","robots":{"index":"index","follow":"follow","max-snippet":"max-snippet:-1","max-image-preview":"max-image-preview:large","max-video-preview":"max-video-preview:-1"},"canonical":"https:\/\/isf.fo\/en\/bordtennislegenda-verdur-flaggberi-a-oyggjaleikunum\/","og_locale":"en_US","og_type":"article","og_title":"Bor\u00f0tennislegenda ver\u00f0ur flaggberi \u00e1 Oyggjaleikunum - \u00cdtr\u00f3ttasamband F\u00f8roya","og_description":"Oyggjaleikirnir \u00e1 Guernsey ver\u00f0a settir leygarkv\u00f8ldi\u00f0 8. juli kl. 18 \u00e1 Albert Pier \u00ed St Peter Port. St\u00f3ra h\u00e1t\u00ed\u00f0arhaldi\u00f0 er [&hellip;]","og_url":"https:\/\/isf.fo\/en\/bordtennislegenda-verdur-flaggberi-a-oyggjaleikunum\/","og_site_name":"\u00cdtr\u00f3ttasamband F\u00f8roya","article_publisher":"https:\/\/www.facebook.com\/itrottasambandid","article_published_time":"2023-07-04T16:54:11+00:00","article_modified_time":"2023-07-04T16:54:15+00:00","og_image":[{"width":1950,"height":2560,"url":"https:\/\/d21ockg4ri0hhk.cloudfront.net\/wp-content\/uploads\/2023\/07\/04165056\/DSC_4310-2-scaled.jpeg","type":"image\/jpeg"}],"author":"Andras Nols\u00f8e","twitter_card":"summary_large_image","twitter_misc":{"Written by":"Andras Nols\u00f8e","Est. reading time":"2 minutes"},"schema":{"@context":"https:\/\/schema.org","@graph":[{"@type":"Article","@id":"https:\/\/isf.fo\/bordtennislegenda-verdur-flaggberi-a-oyggjaleikunum\/#article","isPartOf":{"@id":"https:\/\/isf.fo\/bordtennislegenda-verdur-flaggberi-a-oyggjaleikunum\/"},"author":{"name":"Andras Nols\u00f8e","@id":"https:\/\/isf.fo\/#\/schema\/person\/9362fc12ce91e7026317156d98d1ff4f"},"headline":"Bor\u00f0tennislegenda ver\u00f0ur flaggberi \u00e1 Oyggjaleikunum","datePublished":"2023-07-04T16:54:11+00:00","dateModified":"2023-07-04T16:54:15+00:00","mainEntityOfPage":{"@id":"https:\/\/isf.fo\/bordtennislegenda-verdur-flaggberi-a-oyggjaleikunum\/"},"wordCount":219,"publisher":{"@id":"https:\/\/isf.fo\/#organization"},"image":{"@id":"https:\/\/isf.fo\/bordtennislegenda-verdur-flaggberi-a-oyggjaleikunum\/#primaryimage"},"thumbnailUrl":"https:\/\/d21ockg4ri0hhk.cloudfront.net\/wp-content\/uploads\/2023\/07\/04165056\/DSC_4310-2-scaled.jpeg","articleSection":["Ikki b\u00f3lka"],"inLanguage":"en-US"},{"@type":"WebPage","@id":"https:\/\/isf.fo\/bordtennislegenda-verdur-flaggberi-a-oyggjaleikunum\/","url":"https:\/\/isf.fo\/bordtennislegenda-verdur-flaggberi-a-oyggjaleikunum\/","name":"Bor\u00f0tennislegenda ver\u00f0ur flaggberi \u00e1 Oyggjaleikunum - \u00cdtr\u00f3ttasamband F\u00f8roya","isPartOf":{"@id":"https:\/\/isf.fo\/#website"},"primaryImageOfPage":{"@id":"https:\/\/isf.fo\/bordtennislegenda-verdur-flaggberi-a-oyggjaleikunum\/#primaryimage"},"image":{"@id":"https:\/\/isf.fo\/bordtennislegenda-verdur-flaggberi-a-oyggjaleikunum\/#primaryimage"},"thumbnailUrl":"https:\/\/d21ockg4ri0hhk.cloudfront.net\/wp-content\/uploads\/2023\/07\/04165056\/DSC_4310-2-scaled.jpeg","datePublished":"2023-07-04T16:54:11+00:00","dateModified":"2023-07-04T16:54:15+00:00","breadcrumb":{"@id":"https:\/\/isf.fo\/bordtennislegenda-verdur-flaggberi-a-oyggjaleikunum\/#breadcrumb"},"inLanguage":"en-US","potentialAction":[{"@type":"ReadAction","target":["https:\/\/isf.fo\/bordtennislegenda-verdur-flaggberi-a-oyggjaleikunum\/"]}]},{"@type":"ImageObject","inLanguage":"en-US","@id":"https:\/\/isf.fo\/bordtennislegenda-verdur-flaggberi-a-oyggjaleikunum\/#primaryimage","url":"https:\/\/d21ockg4ri0hhk.cloudfront.net\/wp-content\/uploads\/2023\/07\/04165056\/DSC_4310-2-scaled.jpeg","contentUrl":"https:\/\/d21ockg4ri0hhk.cloudfront.net\/wp-content\/uploads\/2023\/07\/04165056\/DSC_4310-2-scaled.jpeg","width":1950,"height":2560},{"@type":"BreadcrumbList","@id":"https:\/\/isf.fo\/bordtennislegenda-verdur-flaggberi-a-oyggjaleikunum\/#breadcrumb","itemListElement":[{"@type":"ListItem","position":1,"name":"Home","item":"https:\/\/isf.fo\/"},{"@type":"ListItem","position":2,"name":"Bor\u00f0tennislegenda ver\u00f0ur flaggberi \u00e1 Oyggjaleikunum"}]},{"@type":"WebSite","@id":"https:\/\/isf.fo\/#website","url":"https:\/\/isf.fo\/","name":"\u00cdtr\u00f3ttasamband F\u00f8roya","description":"","publisher":{"@id":"https:\/\/isf.fo\/#organization"},"potentialAction":[{"@type":"SearchAction","target":{"@type":"EntryPoint","urlTemplate":"https:\/\/isf.fo\/?s={search_term_string}"},"query-input":{"@type":"PropertyValueSpecification","valueRequired":true,"valueName":"search_term_string"}}],"inLanguage":"en-US"},{"@type":"Organization","@id":"https:\/\/isf.fo\/#organization","name":"\u00cdtr\u00f3ttasamband F\u00f8roya","url":"https:\/\/isf.fo\/","logo":{"@type":"ImageObject","inLanguage":"en-US","@id":"https:\/\/isf.fo\/#\/schema\/logo\/image\/","url":"https:\/\/isf.fo\/wp-content\/uploads\/2025\/06\/ISF_Olympic-Committee-logo.png","contentUrl":"https:\/\/isf.fo\/wp-content\/uploads\/2025\/06\/ISF_Olympic-Committee-logo.png","width":618,"height":121,"caption":"\u00cdtr\u00f3ttasamband F\u00f8roya"},"image":{"@id":"https:\/\/isf.fo\/#\/schema\/logo\/image\/"},"sameAs":["https:\/\/www.facebook.com\/itrottasambandid"]},{"@type":"Person","@id":"https:\/\/isf.fo\/#\/schema\/person\/9362fc12ce91e7026317156d98d1ff4f","name":"Andras Nols\u00f8e","image":{"@type":"ImageObject","inLanguage":"en-US","@id":"https:\/\/secure.gravatar.com\/avatar\/9273eeace6b01b8154df2bf51835dcc2702210c09bbd2d02e25c681717bbc78f?s=96&d=mm&r=g","url":"https:\/\/secure.gravatar.com\/avatar\/9273eeace6b01b8154df2bf51835dcc2702210c09bbd2d02e25c681717bbc78f?s=96&d=mm&r=g","contentUrl":"https:\/\/secure.gravatar.com\/avatar\/9273eeace6b01b8154df2bf51835dcc2702210c09bbd2d02e25c681717bbc78f?s=96&d=mm&r=g","caption":"Andras Nols\u00f8e"},"url":"https:\/\/isf.fo\/en\/author\/andras\/"}]}},"_links":{"self":[{"href":"https:\/\/isf.fo\/en\/wp-json\/wp\/v2\/posts\/10847","targetHints":{"allow":["GET"]}}],"collection":[{"href":"https:\/\/isf.fo\/en\/wp-json\/wp\/v2\/posts"}],"about":[{"href":"https:\/\/isf.fo\/en\/wp-json\/wp\/v2\/types\/post"}],"author":[{"embeddable":true,"href":"https:\/\/isf.fo\/en\/wp-json\/wp\/v2\/users\/8"}],"replies":[{"embeddable":true,"href":"https:\/\/isf.fo\/en\/wp-json\/wp\/v2\/comments?post=10847"}],"version-history":[{"count":1,"href":"https:\/\/isf.fo\/en\/wp-json\/wp\/v2\/posts\/10847\/revisions"}],"predecessor-version":[{"id":10849,"href":"https:\/\/isf.fo\/en\/wp-json\/wp\/v2\/posts\/10847\/revisions\/10849"}],"wp:featuredmedia":[{"embeddable":true,"href":"https:\/\/isf.fo\/en\/wp-json\/wp\/v2\/media\/10848"}],"wp:attachment":[{"href":"https:\/\/isf.fo\/en\/wp-json\/wp\/v2\/media?parent=10847"}],"wp:term":[{"taxonomy":"category","embeddable":true,"href":"https:\/\/isf.fo\/en\/wp-json\/wp\/v2\/categories?post=10847"},{"taxonomy":"post_tag","embeddable":true,"href":"https:\/\/isf.fo\/en\/wp-json\/wp\/v2\/tags?post=10847"}],"curies":[{"name":"wp","href":"https:\/\/api.w.org\/{rel}","templated":true}]}}