{"id":11144,"date":"2024-01-22T16:27:00","date_gmt":"2024-01-22T16:27:00","guid":{"rendered":"https:\/\/isf.fo\/?p=11144"},"modified":"2024-01-22T22:19:06","modified_gmt":"2024-01-22T22:19:06","slug":"stor-itrottaradstevna-i-foroyum-2-februar","status":"publish","type":"post","link":"https:\/\/isf.fo\/en\/stor-itrottaradstevna-i-foroyum-2-februar\/","title":{"rendered":"St\u00f3r \u00edtr\u00f3ttar\u00e1\u00f0stevna \u00ed F\u00f8royum 2. februar"},"content":{"rendered":"<p><em>&#8211; Vit hava \u00ed F\u00f8royum n\u00f3gva g\u00f3\u00f0a gransking innan r\u00f8rslu og \u00edtr\u00f3tt &#8211; og vit hava eisini sera n\u00f3gvar \u00ed\u00f0karar og eitt r\u00edkt \u00edtr\u00f3ttal\u00edv. T\u00ed hava \u00cdSF og Setri\u00f0 n\u00fa sligi\u00f0 seg saman og skipa \u00ed felag fyri eini st\u00f3rari r\u00e1\u00f0stevnu um b\u00f8rn og \u00edtr\u00f3tt &#8211; og t\u00fddningin av r\u00f8rslu alt l\u00edvi\u00f0,<\/em> sigur Elin H. Joensen, forseti \u00ed \u00cdSF.<\/p>\n\n\n\n<p><strong>B\u00f8rnini, breiddin og tey bestu &#8211; hvat kunnu vit \u00ed F\u00f8royum?<\/strong><\/p>\n\n\n\n<p>\u00c1 r\u00e1\u00f0stevnini, sum hevur fingi\u00f0 heiti\u00f0 <em>\u00bbB\u00f8rnini, breiddin og tey bestu \u2013 hvat kunnu vit \u00ed F\u00f8royum?\u00ab<\/em>, ver\u00f0ur dentur lagdur \u00e1 tr\u00fd ymisk evni.<\/p>\n\n\n\n<p>Fyrsti partur sn\u00fdr seg um barna\u00edtr\u00f3tt og \u00edtr\u00f3tt innan sk\u00falag\u00e1tt.&nbsp;<\/p>\n\n\n\n<p>Annar partur sn\u00fdr seg um samstarv millum \u00edtr\u00f3tt og heilsuverki\u00f0 &#8211; og \u00edtr\u00f3tt sum heiliv\u00e1g.&nbsp;<\/p>\n\n\n\n<p>Tri\u00f0i og seinasti partur sn\u00fdr seg um tey, sum \u00ed\u00f0ka \u00farvals\u00edtr\u00f3tt. Eitt n\u00fa f\u00e1a vit eitt bo\u00f0 upp\u00e1 spurningin: Hvat er ta\u00f0, sum vit kunnu \u00ed F\u00f8royum, sum man ikki kann a\u00f0rasta\u00f0ni?&nbsp;<\/p>\n\n\n\n<p>Ta\u00f0 ver\u00f0a \u00ed h\u00f8vu\u00f0sheitum f\u00f8royskir granskarar, sum fara at hava fyrilestrarnar og leggja s\u00edna vitan fram. St\u00f8\u00f0i\u00f0 ver\u00f0ur t\u00ed sum heild tiki\u00f0 \u00ed f\u00f8royskum vi\u00f0urskiftum. Hartil ver\u00f0a eisini tveir \u00fatlendskir granskarar vi\u00f0, umframt umbo\u00f0 fyri \u00cdSF og Setri\u00f0.<\/p>\n\n\n\n<p>Magni Mohr, professari \u00ed \u00edtr\u00f3tti \u00e1 Setrinum, sigur, at ta\u00f0 er n\u00f3gv vi\u00f0komandi vitan um r\u00f8rslu \u00ed F\u00f8royum, t\u00ed vit hava eftirhondini eitt granskingarumhv\u00f8rvi\u00f0 vi\u00f0 n\u00f3gvum granskarar innan hetta evni\u00f0.<\/p>\n\n\n\n<p><em>&#8211; Hinvegin eru eisini n\u00f3gv f\u00f3lk \u00ed F\u00f8royum, sum onkursvegna hava vi\u00f0 \u00ed\u00f0karar, \u00edtr\u00f3tt ella r\u00f8rslu at gera. B\u00e6\u00f0i \u00ed \u00edtr\u00f3ttarl\u00edvinum, innan sk\u00falan ella innan heilsuverki\u00f0. Vit vilja fegin savna \u00f8ll hesi f\u00f3lkini og grei\u00f0a teimum fr\u00e1 p\u00f8rtum av t\u00ed vitan, sum f\u00f8royskir granskarar hava funni\u00f0 fram til, <\/em>sigur Magni Mohr.&nbsp;<\/p>\n\n\n\n<p>R\u00e1\u00f0stevnan er \u00e6tla\u00f0 fel\u00f8gum, sambondum, kommunum, landsmyndugleikum, myndugleikum, sum var\u00f0a av \u00edtr\u00f3tti og av f\u00f3lkask\u00falum &#8211; og f\u00f3lki innan heilsu\u00f8ki\u00f0. Eisini er opi\u00f0 fyri almenninginum.<\/p>\n\n\n\n<p>Elin H. Joensen, forseti \u00ed \u00cdSF, v\u00f3nar, at r\u00e1\u00f0stevnan fer at savna \u00f8ll tey, sum onkursvegna f\u00e1ast vi\u00f0 \u00ed\u00f0karar, \u00edtr\u00f3tt ella r\u00f8rslu \u00ed F\u00f8royum.<\/p>\n\n\n\n<p><em>&#8211; Vit vita, at r\u00f8rsla og \u00edtr\u00f3ttur hava \u00f3teljandi fyrimunir vi\u00f0 s\u00e6r &#8211; b\u00e6\u00f0i fyri tann einstaka og fyri samfelagi\u00f0 sum heild. Men spurningurin er, hvussu vit best arbei\u00f0a saman um r\u00f8rslu og \u00edtr\u00f3tt \u2013 b\u00e6\u00f0i land, kommunur, sk\u00falar, heilsuverk og f\u00f8royskur \u00edtr\u00f3ttur. Ta\u00f0 hevur t\u00fddning at vit tosa um, hvussu vit skipa okkum best. T\u00ed v\u00f3ni eg, at r\u00e1\u00f0stevnan f\u00e6r g\u00f3\u00f0a og brei\u00f0a undirt\u00f8ku,<\/em> sigur Elin H. Joensen.&nbsp;<\/p>\n\n\n\n<p>\u00cdtr\u00f3ttarr\u00e1\u00f0stevnan ver\u00f0ur \u00ed Kongsh\u00f8ll \u00e1 Vestaru Bryggju 02.02.24. <\/p>\n\n\n\n<p>R\u00e1\u00f0stevnan byrjar kl. 9.30 &#8211; 14.00 (vit bj\u00f3\u00f0a \u00e1bit \u00e1 middegi).<\/p>\n\n\n\n<p>R\u00e1\u00f0stevnan er \u00f3keypis, men tilmeldingin fer fram \u00e1 <a href=\"https:\/\/www.atgongumerki.fo\/2431496\/radstevna-um-itrott-boernini-breiddin-og-tey-bestu-hvat-kunnu-vit-i-foeroyum\">www.atgongumerki.fo<\/a>&nbsp; \u00ed seinasta lagi 31. januar 2024.<\/p>\n\n\n\n<p>Tak alla skr\u00e1nna ni\u00f0ur <a href=\"https:\/\/isf.fo\/wp-content\/uploads\/2024\/01\/Radstevna-um-itrott-Bornini-breiddin-og-tey-bestu-hvat-kunnu-vit-i-Foroyum-Skra-6.pdf\">her<\/a>.<\/p>","protected":false},"excerpt":{"rendered":"<p>&#8211; Vit hava \u00ed F\u00f8royum n\u00f3gva g\u00f3\u00f0a gransking innan r\u00f8rslu og \u00edtr\u00f3tt &#8211; og vit hava eisini sera n\u00f3gvar \u00ed\u00f0karar [&hellip;]<\/p>\n","protected":false},"author":10,"featured_media":11145,"comment_status":"closed","ping_status":"closed","sticky":false,"template":"","format":"standard","meta":{"_acf_changed":false,"_relevanssi_hide_post":"","_relevanssi_hide_content":"","_relevanssi_pin_for_all":"","_relevanssi_pin_keywords":"","_relevanssi_unpin_keywords":"","_relevanssi_related_keywords":"","_relevanssi_related_include_ids":"","_relevanssi_related_exclude_ids":"","_relevanssi_related_no_append":"","_relevanssi_related_not_related":"","_relevanssi_related_posts":"","_relevanssi_noindex_reason":"","inline_featured_image":false,"footnotes":""},"categories":[2],"tags":[199],"class_list":["post-11144","post","type-post","status-publish","format-standard","has-post-thumbnail","hentry","category-isf","tag-stor-radstevna-um-itrott"],"acf":[],"yoast_head":"<!-- This site is optimized with the Yoast SEO plugin v27.5 - https:\/\/yoast.com\/product\/yoast-seo-wordpress\/ -->\n<title>St\u00f3r \u00edtr\u00f3ttar\u00e1\u00f0stevna \u00ed F\u00f8royum 2. februar - \u00cdtr\u00f3ttasamband F\u00f8roya<\/title>\n<meta name=\"robots\" content=\"index, follow, max-snippet:-1, max-image-preview:large, max-video-preview:-1\" \/>\n<link rel=\"canonical\" href=\"https:\/\/isf.fo\/en\/stor-itrottaradstevna-i-foroyum-2-februar\/\" \/>\n<meta property=\"og:locale\" content=\"en_US\" \/>\n<meta property=\"og:type\" content=\"article\" \/>\n<meta property=\"og:title\" content=\"St\u00f3r \u00edtr\u00f3ttar\u00e1\u00f0stevna \u00ed F\u00f8royum 2. februar - \u00cdtr\u00f3ttasamband F\u00f8roya\" \/>\n<meta property=\"og:description\" content=\"&#8211; Vit hava \u00ed F\u00f8royum n\u00f3gva g\u00f3\u00f0a gransking innan r\u00f8rslu og \u00edtr\u00f3tt &#8211; og vit hava eisini sera n\u00f3gvar \u00ed\u00f0karar [&hellip;]\" \/>\n<meta property=\"og:url\" content=\"https:\/\/isf.fo\/en\/stor-itrottaradstevna-i-foroyum-2-februar\/\" \/>\n<meta property=\"og:site_name\" content=\"\u00cdtr\u00f3ttasamband F\u00f8roya\" \/>\n<meta property=\"article:publisher\" content=\"https:\/\/www.facebook.com\/itrottasambandid\" \/>\n<meta property=\"article:published_time\" content=\"2024-01-22T16:27:00+00:00\" \/>\n<meta property=\"article:modified_time\" content=\"2024-01-22T22:19:06+00:00\" \/>\n<meta property=\"og:image\" content=\"https:\/\/isf.fo\/wp-content\/uploads\/2024\/01\/Radstevna-um-itrott-1.png\" \/>\n\t<meta property=\"og:image:width\" content=\"1640\" \/>\n\t<meta property=\"og:image:height\" content=\"924\" \/>\n\t<meta property=\"og:image:type\" content=\"image\/png\" \/>\n<meta name=\"author\" content=\"Katrin Dam \u00e1 Neystab\u00f8\" \/>\n<meta name=\"twitter:card\" content=\"summary_large_image\" \/>\n<meta name=\"twitter:label1\" content=\"Written by\" \/>\n\t<meta name=\"twitter:data1\" content=\"Katrin Dam \u00e1 Neystab\u00f8\" \/>\n\t<meta name=\"twitter:label2\" content=\"Est. reading time\" \/>\n\t<meta name=\"twitter:data2\" content=\"3 minutes\" \/>\n<script type=\"application\/ld+json\" class=\"yoast-schema-graph\">{\"@context\":\"https:\\\/\\\/schema.org\",\"@graph\":[{\"@type\":\"Article\",\"@id\":\"https:\\\/\\\/isf.fo\\\/stor-itrottaradstevna-i-foroyum-2-februar\\\/#article\",\"isPartOf\":{\"@id\":\"https:\\\/\\\/isf.fo\\\/stor-itrottaradstevna-i-foroyum-2-februar\\\/\"},\"author\":{\"name\":\"Katrin Dam \u00e1 Neystab\u00f8\",\"@id\":\"https:\\\/\\\/isf.fo\\\/#\\\/schema\\\/person\\\/9246a98c90293eb716bf93be9ae6e565\"},\"headline\":\"St\u00f3r \u00edtr\u00f3ttar\u00e1\u00f0stevna \u00ed F\u00f8royum 2. februar\",\"datePublished\":\"2024-01-22T16:27:00+00:00\",\"dateModified\":\"2024-01-22T22:19:06+00:00\",\"mainEntityOfPage\":{\"@id\":\"https:\\\/\\\/isf.fo\\\/stor-itrottaradstevna-i-foroyum-2-februar\\\/\"},\"wordCount\":525,\"publisher\":{\"@id\":\"https:\\\/\\\/isf.fo\\\/#organization\"},\"image\":{\"@id\":\"https:\\\/\\\/isf.fo\\\/stor-itrottaradstevna-i-foroyum-2-februar\\\/#primaryimage\"},\"thumbnailUrl\":\"https:\\\/\\\/isf.fo\\\/wp-content\\\/uploads\\\/2024\\\/01\\\/Radstevna-um-itrott-1.png\",\"keywords\":[\"St\u00f3r r\u00e1\u00f0stevna um \u00edtr\u00f3tt\"],\"articleSection\":[\"\u00cdSF\"],\"inLanguage\":\"en-US\"},{\"@type\":\"WebPage\",\"@id\":\"https:\\\/\\\/isf.fo\\\/stor-itrottaradstevna-i-foroyum-2-februar\\\/\",\"url\":\"https:\\\/\\\/isf.fo\\\/stor-itrottaradstevna-i-foroyum-2-februar\\\/\",\"name\":\"St\u00f3r \u00edtr\u00f3ttar\u00e1\u00f0stevna \u00ed F\u00f8royum 2. februar - \u00cdtr\u00f3ttasamband F\u00f8roya\",\"isPartOf\":{\"@id\":\"https:\\\/\\\/isf.fo\\\/#website\"},\"primaryImageOfPage\":{\"@id\":\"https:\\\/\\\/isf.fo\\\/stor-itrottaradstevna-i-foroyum-2-februar\\\/#primaryimage\"},\"image\":{\"@id\":\"https:\\\/\\\/isf.fo\\\/stor-itrottaradstevna-i-foroyum-2-februar\\\/#primaryimage\"},\"thumbnailUrl\":\"https:\\\/\\\/isf.fo\\\/wp-content\\\/uploads\\\/2024\\\/01\\\/Radstevna-um-itrott-1.png\",\"datePublished\":\"2024-01-22T16:27:00+00:00\",\"dateModified\":\"2024-01-22T22:19:06+00:00\",\"breadcrumb\":{\"@id\":\"https:\\\/\\\/isf.fo\\\/stor-itrottaradstevna-i-foroyum-2-februar\\\/#breadcrumb\"},\"inLanguage\":\"en-US\",\"potentialAction\":[{\"@type\":\"ReadAction\",\"target\":[\"https:\\\/\\\/isf.fo\\\/stor-itrottaradstevna-i-foroyum-2-februar\\\/\"]}]},{\"@type\":\"ImageObject\",\"inLanguage\":\"en-US\",\"@id\":\"https:\\\/\\\/isf.fo\\\/stor-itrottaradstevna-i-foroyum-2-februar\\\/#primaryimage\",\"url\":\"https:\\\/\\\/isf.fo\\\/wp-content\\\/uploads\\\/2024\\\/01\\\/Radstevna-um-itrott-1.png\",\"contentUrl\":\"https:\\\/\\\/isf.fo\\\/wp-content\\\/uploads\\\/2024\\\/01\\\/Radstevna-um-itrott-1.png\",\"width\":1640,\"height\":924},{\"@type\":\"BreadcrumbList\",\"@id\":\"https:\\\/\\\/isf.fo\\\/stor-itrottaradstevna-i-foroyum-2-februar\\\/#breadcrumb\",\"itemListElement\":[{\"@type\":\"ListItem\",\"position\":1,\"name\":\"Home\",\"item\":\"https:\\\/\\\/isf.fo\\\/\"},{\"@type\":\"ListItem\",\"position\":2,\"name\":\"St\u00f3r \u00edtr\u00f3ttar\u00e1\u00f0stevna \u00ed F\u00f8royum 2. februar\"}]},{\"@type\":\"WebSite\",\"@id\":\"https:\\\/\\\/isf.fo\\\/#website\",\"url\":\"https:\\\/\\\/isf.fo\\\/\",\"name\":\"\u00cdtr\u00f3ttasamband F\u00f8roya\",\"description\":\"\",\"publisher\":{\"@id\":\"https:\\\/\\\/isf.fo\\\/#organization\"},\"potentialAction\":[{\"@type\":\"SearchAction\",\"target\":{\"@type\":\"EntryPoint\",\"urlTemplate\":\"https:\\\/\\\/isf.fo\\\/?s={search_term_string}\"},\"query-input\":{\"@type\":\"PropertyValueSpecification\",\"valueRequired\":true,\"valueName\":\"search_term_string\"}}],\"inLanguage\":\"en-US\"},{\"@type\":\"Organization\",\"@id\":\"https:\\\/\\\/isf.fo\\\/#organization\",\"name\":\"\u00cdtr\u00f3ttasamband F\u00f8roya\",\"url\":\"https:\\\/\\\/isf.fo\\\/\",\"logo\":{\"@type\":\"ImageObject\",\"inLanguage\":\"en-US\",\"@id\":\"https:\\\/\\\/isf.fo\\\/#\\\/schema\\\/logo\\\/image\\\/\",\"url\":\"https:\\\/\\\/isf.fo\\\/wp-content\\\/uploads\\\/2025\\\/06\\\/ISF_Olympic-Committee-logo.png\",\"contentUrl\":\"https:\\\/\\\/isf.fo\\\/wp-content\\\/uploads\\\/2025\\\/06\\\/ISF_Olympic-Committee-logo.png\",\"width\":618,\"height\":121,\"caption\":\"\u00cdtr\u00f3ttasamband F\u00f8roya\"},\"image\":{\"@id\":\"https:\\\/\\\/isf.fo\\\/#\\\/schema\\\/logo\\\/image\\\/\"},\"sameAs\":[\"https:\\\/\\\/www.facebook.com\\\/itrottasambandid\"]},{\"@type\":\"Person\",\"@id\":\"https:\\\/\\\/isf.fo\\\/#\\\/schema\\\/person\\\/9246a98c90293eb716bf93be9ae6e565\",\"name\":\"Katrin Dam \u00e1 Neystab\u00f8\",\"image\":{\"@type\":\"ImageObject\",\"inLanguage\":\"en-US\",\"@id\":\"https:\\\/\\\/secure.gravatar.com\\\/avatar\\\/cd20cb8bf0deda1721a187b1a472c5cf4731e13b2bc439a92524d8e439252432?s=96&d=mm&r=g\",\"url\":\"https:\\\/\\\/secure.gravatar.com\\\/avatar\\\/cd20cb8bf0deda1721a187b1a472c5cf4731e13b2bc439a92524d8e439252432?s=96&d=mm&r=g\",\"contentUrl\":\"https:\\\/\\\/secure.gravatar.com\\\/avatar\\\/cd20cb8bf0deda1721a187b1a472c5cf4731e13b2bc439a92524d8e439252432?s=96&d=mm&r=g\",\"caption\":\"Katrin Dam \u00e1 Neystab\u00f8\"},\"url\":\"https:\\\/\\\/isf.fo\\\/en\\\/author\\\/katrin\\\/\"}]}<\/script>\n<!-- \/ Yoast SEO plugin. -->","yoast_head_json":{"title":"St\u00f3r \u00edtr\u00f3ttar\u00e1\u00f0stevna \u00ed F\u00f8royum 2. februar - \u00cdtr\u00f3ttasamband F\u00f8roya","robots":{"index":"index","follow":"follow","max-snippet":"max-snippet:-1","max-image-preview":"max-image-preview:large","max-video-preview":"max-video-preview:-1"},"canonical":"https:\/\/isf.fo\/en\/stor-itrottaradstevna-i-foroyum-2-februar\/","og_locale":"en_US","og_type":"article","og_title":"St\u00f3r \u00edtr\u00f3ttar\u00e1\u00f0stevna \u00ed F\u00f8royum 2. februar - \u00cdtr\u00f3ttasamband F\u00f8roya","og_description":"&#8211; Vit hava \u00ed F\u00f8royum n\u00f3gva g\u00f3\u00f0a gransking innan r\u00f8rslu og \u00edtr\u00f3tt &#8211; og vit hava eisini sera n\u00f3gvar \u00ed\u00f0karar [&hellip;]","og_url":"https:\/\/isf.fo\/en\/stor-itrottaradstevna-i-foroyum-2-februar\/","og_site_name":"\u00cdtr\u00f3ttasamband F\u00f8roya","article_publisher":"https:\/\/www.facebook.com\/itrottasambandid","article_published_time":"2024-01-22T16:27:00+00:00","article_modified_time":"2024-01-22T22:19:06+00:00","og_image":[{"width":1640,"height":924,"url":"https:\/\/isf.fo\/wp-content\/uploads\/2024\/01\/Radstevna-um-itrott-1.png","type":"image\/png"}],"author":"Katrin Dam \u00e1 Neystab\u00f8","twitter_card":"summary_large_image","twitter_misc":{"Written by":"Katrin Dam \u00e1 Neystab\u00f8","Est. reading time":"3 minutes"},"schema":{"@context":"https:\/\/schema.org","@graph":[{"@type":"Article","@id":"https:\/\/isf.fo\/stor-itrottaradstevna-i-foroyum-2-februar\/#article","isPartOf":{"@id":"https:\/\/isf.fo\/stor-itrottaradstevna-i-foroyum-2-februar\/"},"author":{"name":"Katrin Dam \u00e1 Neystab\u00f8","@id":"https:\/\/isf.fo\/#\/schema\/person\/9246a98c90293eb716bf93be9ae6e565"},"headline":"St\u00f3r \u00edtr\u00f3ttar\u00e1\u00f0stevna \u00ed F\u00f8royum 2. februar","datePublished":"2024-01-22T16:27:00+00:00","dateModified":"2024-01-22T22:19:06+00:00","mainEntityOfPage":{"@id":"https:\/\/isf.fo\/stor-itrottaradstevna-i-foroyum-2-februar\/"},"wordCount":525,"publisher":{"@id":"https:\/\/isf.fo\/#organization"},"image":{"@id":"https:\/\/isf.fo\/stor-itrottaradstevna-i-foroyum-2-februar\/#primaryimage"},"thumbnailUrl":"https:\/\/isf.fo\/wp-content\/uploads\/2024\/01\/Radstevna-um-itrott-1.png","keywords":["St\u00f3r r\u00e1\u00f0stevna um \u00edtr\u00f3tt"],"articleSection":["\u00cdSF"],"inLanguage":"en-US"},{"@type":"WebPage","@id":"https:\/\/isf.fo\/stor-itrottaradstevna-i-foroyum-2-februar\/","url":"https:\/\/isf.fo\/stor-itrottaradstevna-i-foroyum-2-februar\/","name":"St\u00f3r \u00edtr\u00f3ttar\u00e1\u00f0stevna \u00ed F\u00f8royum 2. februar - \u00cdtr\u00f3ttasamband F\u00f8roya","isPartOf":{"@id":"https:\/\/isf.fo\/#website"},"primaryImageOfPage":{"@id":"https:\/\/isf.fo\/stor-itrottaradstevna-i-foroyum-2-februar\/#primaryimage"},"image":{"@id":"https:\/\/isf.fo\/stor-itrottaradstevna-i-foroyum-2-februar\/#primaryimage"},"thumbnailUrl":"https:\/\/isf.fo\/wp-content\/uploads\/2024\/01\/Radstevna-um-itrott-1.png","datePublished":"2024-01-22T16:27:00+00:00","dateModified":"2024-01-22T22:19:06+00:00","breadcrumb":{"@id":"https:\/\/isf.fo\/stor-itrottaradstevna-i-foroyum-2-februar\/#breadcrumb"},"inLanguage":"en-US","potentialAction":[{"@type":"ReadAction","target":["https:\/\/isf.fo\/stor-itrottaradstevna-i-foroyum-2-februar\/"]}]},{"@type":"ImageObject","inLanguage":"en-US","@id":"https:\/\/isf.fo\/stor-itrottaradstevna-i-foroyum-2-februar\/#primaryimage","url":"https:\/\/isf.fo\/wp-content\/uploads\/2024\/01\/Radstevna-um-itrott-1.png","contentUrl":"https:\/\/isf.fo\/wp-content\/uploads\/2024\/01\/Radstevna-um-itrott-1.png","width":1640,"height":924},{"@type":"BreadcrumbList","@id":"https:\/\/isf.fo\/stor-itrottaradstevna-i-foroyum-2-februar\/#breadcrumb","itemListElement":[{"@type":"ListItem","position":1,"name":"Home","item":"https:\/\/isf.fo\/"},{"@type":"ListItem","position":2,"name":"St\u00f3r \u00edtr\u00f3ttar\u00e1\u00f0stevna \u00ed F\u00f8royum 2. februar"}]},{"@type":"WebSite","@id":"https:\/\/isf.fo\/#website","url":"https:\/\/isf.fo\/","name":"\u00cdtr\u00f3ttasamband F\u00f8roya","description":"","publisher":{"@id":"https:\/\/isf.fo\/#organization"},"potentialAction":[{"@type":"SearchAction","target":{"@type":"EntryPoint","urlTemplate":"https:\/\/isf.fo\/?s={search_term_string}"},"query-input":{"@type":"PropertyValueSpecification","valueRequired":true,"valueName":"search_term_string"}}],"inLanguage":"en-US"},{"@type":"Organization","@id":"https:\/\/isf.fo\/#organization","name":"\u00cdtr\u00f3ttasamband F\u00f8roya","url":"https:\/\/isf.fo\/","logo":{"@type":"ImageObject","inLanguage":"en-US","@id":"https:\/\/isf.fo\/#\/schema\/logo\/image\/","url":"https:\/\/isf.fo\/wp-content\/uploads\/2025\/06\/ISF_Olympic-Committee-logo.png","contentUrl":"https:\/\/isf.fo\/wp-content\/uploads\/2025\/06\/ISF_Olympic-Committee-logo.png","width":618,"height":121,"caption":"\u00cdtr\u00f3ttasamband F\u00f8roya"},"image":{"@id":"https:\/\/isf.fo\/#\/schema\/logo\/image\/"},"sameAs":["https:\/\/www.facebook.com\/itrottasambandid"]},{"@type":"Person","@id":"https:\/\/isf.fo\/#\/schema\/person\/9246a98c90293eb716bf93be9ae6e565","name":"Katrin Dam \u00e1 Neystab\u00f8","image":{"@type":"ImageObject","inLanguage":"en-US","@id":"https:\/\/secure.gravatar.com\/avatar\/cd20cb8bf0deda1721a187b1a472c5cf4731e13b2bc439a92524d8e439252432?s=96&d=mm&r=g","url":"https:\/\/secure.gravatar.com\/avatar\/cd20cb8bf0deda1721a187b1a472c5cf4731e13b2bc439a92524d8e439252432?s=96&d=mm&r=g","contentUrl":"https:\/\/secure.gravatar.com\/avatar\/cd20cb8bf0deda1721a187b1a472c5cf4731e13b2bc439a92524d8e439252432?s=96&d=mm&r=g","caption":"Katrin Dam \u00e1 Neystab\u00f8"},"url":"https:\/\/isf.fo\/en\/author\/katrin\/"}]}},"_links":{"self":[{"href":"https:\/\/isf.fo\/en\/wp-json\/wp\/v2\/posts\/11144","targetHints":{"allow":["GET"]}}],"collection":[{"href":"https:\/\/isf.fo\/en\/wp-json\/wp\/v2\/posts"}],"about":[{"href":"https:\/\/isf.fo\/en\/wp-json\/wp\/v2\/types\/post"}],"author":[{"embeddable":true,"href":"https:\/\/isf.fo\/en\/wp-json\/wp\/v2\/users\/10"}],"replies":[{"embeddable":true,"href":"https:\/\/isf.fo\/en\/wp-json\/wp\/v2\/comments?post=11144"}],"version-history":[{"count":4,"href":"https:\/\/isf.fo\/en\/wp-json\/wp\/v2\/posts\/11144\/revisions"}],"predecessor-version":[{"id":11151,"href":"https:\/\/isf.fo\/en\/wp-json\/wp\/v2\/posts\/11144\/revisions\/11151"}],"wp:featuredmedia":[{"embeddable":true,"href":"https:\/\/isf.fo\/en\/wp-json\/wp\/v2\/media\/11145"}],"wp:attachment":[{"href":"https:\/\/isf.fo\/en\/wp-json\/wp\/v2\/media?parent=11144"}],"wp:term":[{"taxonomy":"category","embeddable":true,"href":"https:\/\/isf.fo\/en\/wp-json\/wp\/v2\/categories?post=11144"},{"taxonomy":"post_tag","embeddable":true,"href":"https:\/\/isf.fo\/en\/wp-json\/wp\/v2\/tags?post=11144"}],"curies":[{"name":"wp","href":"https:\/\/api.w.org\/{rel}","templated":true}]}}