{"id":11787,"date":"2024-08-29T08:50:46","date_gmt":"2024-08-29T08:50:46","guid":{"rendered":"https:\/\/isf.fo\/?p=11787"},"modified":"2024-08-29T08:50:47","modified_gmt":"2024-08-29T08:50:47","slug":"22-nyggj-itrottafelog-uppa-tvey-ar","status":"publish","type":"post","link":"https:\/\/isf.fo\/en\/22-nyggj-itrottafelog-uppa-tvey-ar\/","title":{"rendered":"22 n\u00fdggj \u00edtr\u00f3ttafel\u00f8g upp\u00e1 tvey \u00e1r"},"content":{"rendered":"<p><strong>F\u00f8royskur \u00edtr\u00f3ttur er \u00ed r\u00fakandi menning. Ta\u00f0 sta\u00f0festir \u00cdSF, n\u00fa tey eru li\u00f0ug at skr\u00e1seta \u00f8ll \u00edtr\u00f3ttafel\u00f8g \u00ed landinum. Tali\u00f0 er vaksi\u00f0 vi\u00f0 22 fel\u00f8gum seinastu tvey \u00e1rini.<\/strong><\/p>\n\n\n\n<p>&#8211; Ta\u00f0 er sera gle\u00f0iligt, at vit hava so n\u00f3gv, g\u00f3\u00f0 f\u00f3lk kring alt landi\u00f0, sum taka stig til at skipa \u00edtr\u00f3tt fyri \u00f8ll, sta\u00f0festir Elin H. Joensen, forseti \u00ed \u00cdSF, n\u00fa r\u00fagvismikla virksemi\u00f0 innan \u00edtr\u00f3tt er sta\u00f0fest.<\/p>\n\n\n\n<p>&#8211; Vit s\u00edggja, at virksemi\u00f0 allat\u00ed\u00f0ina \u00f8kist og tilbo\u00f0ini ver\u00f0a fleiri. Og ta\u00f0 sigur seg sj\u00e1lvt, at j\u00fa fleiri fel\u00f8g eru, j\u00fa st\u00f8rri m\u00f8guleika hava vit at f\u00e1a \u00f8ll vi\u00f0. Ta\u00f0 vilja vit, t\u00ed vit vita, at g\u00f3\u00f0ir og v\u00e6l skipa\u00f0ir felagsskapir halda b\u00f8rnum og ungum fr\u00e1 \u00f8\u00f0rum lei\u00f0um, sum vit ikki vilja hava tey at fara, v\u00edsir Elin H. Joensen \u00e1.<\/p>\n\n\n\n<p>Hartil koma heilsuligu og sosialu fyrimunirnir vi\u00f0 at vera \u00ed einum \u00edtr\u00f3ttafelagi. &nbsp;<\/p>\n\n\n\n<p>Tilsamans&nbsp;eru n\u00fa skr\u00e1sett 164 \u00edtr\u00f3ttafel\u00f8g innan 26 ymsar \u00edtr\u00f3ttagreinar. Eisini eru tvey n\u00fdggj menningarsambond stovna\u00f0 \u2013 tey eru Klintring&nbsp;og Pool.<\/p>\n\n\n\n<p>Um f\u00f3lk vilja vita meiri um, hv\u00f8rji tilbo\u00f0 eru \u00ed F\u00f8royum, ber til at lesa meiri \u00e1 heimas\u00ed\u00f0uni hj\u00e1 \u00cdSF. Har eru uppl\u00fdsingar um \u00f8ll fel\u00f8g og allar \u00edtr\u00f3ttagreinar, sum eru limir \u00ed sambondnum undir \u00cdSF, og til ber at leita b\u00e6\u00f0i eftir \u00edtr\u00f3ttagrein\u00a0og eftir \u00f8ki. Les meira \u00e1:\u00a0<a href=\"https:\/\/isf.fo\/en\/felog-i-foroyum\/\" target=\"_blank\" rel=\"noreferrer noopener\"><strong>https:\/\/isf.fo\/felog-i-foroyum\/<\/strong><\/a><\/p>","protected":false},"excerpt":{"rendered":"<p>F\u00f8royskur \u00edtr\u00f3ttur er \u00ed r\u00fakandi menning. Ta\u00f0 sta\u00f0festir \u00cdSF, n\u00fa tey eru li\u00f0ug at skr\u00e1seta \u00f8ll \u00edtr\u00f3ttafel\u00f8g \u00ed landinum. Tali\u00f0 [&hellip;]<\/p>\n","protected":false},"author":7,"featured_media":11788,"comment_status":"closed","ping_status":"closed","sticky":false,"template":"","format":"standard","meta":{"_acf_changed":false,"_relevanssi_hide_post":"","_relevanssi_hide_content":"","_relevanssi_pin_for_all":"","_relevanssi_pin_keywords":"","_relevanssi_unpin_keywords":"","_relevanssi_related_keywords":"","_relevanssi_related_include_ids":"","_relevanssi_related_exclude_ids":"","_relevanssi_related_no_append":"","_relevanssi_related_not_related":"","_relevanssi_related_posts":"","_relevanssi_noindex_reason":"","inline_featured_image":false,"footnotes":""},"categories":[2,4],"tags":[],"class_list":["post-11787","post","type-post","status-publish","format-standard","has-post-thumbnail","hentry","category-isf","category-menning"],"acf":[],"yoast_head":"<!-- This site is optimized with the Yoast SEO plugin v27.5 - https:\/\/yoast.com\/product\/yoast-seo-wordpress\/ -->\n<title>22 n\u00fdggj \u00edtr\u00f3ttafel\u00f8g upp\u00e1 tvey \u00e1r - \u00cdtr\u00f3ttasamband F\u00f8roya<\/title>\n<meta name=\"robots\" content=\"index, follow, max-snippet:-1, max-image-preview:large, max-video-preview:-1\" \/>\n<link rel=\"canonical\" href=\"https:\/\/isf.fo\/en\/22-nyggj-itrottafelog-uppa-tvey-ar\/\" \/>\n<meta property=\"og:locale\" content=\"en_US\" \/>\n<meta property=\"og:type\" content=\"article\" \/>\n<meta property=\"og:title\" content=\"22 n\u00fdggj \u00edtr\u00f3ttafel\u00f8g upp\u00e1 tvey \u00e1r - \u00cdtr\u00f3ttasamband F\u00f8roya\" \/>\n<meta property=\"og:description\" content=\"F\u00f8royskur \u00edtr\u00f3ttur er \u00ed r\u00fakandi menning. Ta\u00f0 sta\u00f0festir \u00cdSF, n\u00fa tey eru li\u00f0ug at skr\u00e1seta \u00f8ll \u00edtr\u00f3ttafel\u00f8g \u00ed landinum. Tali\u00f0 [&hellip;]\" \/>\n<meta property=\"og:url\" content=\"https:\/\/isf.fo\/en\/22-nyggj-itrottafelog-uppa-tvey-ar\/\" \/>\n<meta property=\"og:site_name\" content=\"\u00cdtr\u00f3ttasamband F\u00f8roya\" \/>\n<meta property=\"article:publisher\" content=\"https:\/\/www.facebook.com\/itrottasambandid\" \/>\n<meta property=\"article:published_time\" content=\"2024-08-29T08:50:46+00:00\" \/>\n<meta property=\"article:modified_time\" content=\"2024-08-29T08:50:47+00:00\" \/>\n<meta property=\"og:image\" content=\"https:\/\/isf.fo\/wp-content\/uploads\/2024\/08\/ISF_ARSFRAGREIDING_2024_KLINTRING-9-minni-scaled.jpg\" \/>\n\t<meta property=\"og:image:width\" content=\"2560\" \/>\n\t<meta property=\"og:image:height\" content=\"1708\" \/>\n\t<meta property=\"og:image:type\" content=\"image\/jpeg\" \/>\n<meta name=\"author\" content=\"Finnbj\u00f8rg Nattestad\" \/>\n<meta name=\"twitter:card\" content=\"summary_large_image\" \/>\n<meta name=\"twitter:label1\" content=\"Written by\" \/>\n\t<meta name=\"twitter:data1\" content=\"Finnbj\u00f8rg Nattestad\" \/>\n\t<meta name=\"twitter:label2\" content=\"Est. reading time\" \/>\n\t<meta name=\"twitter:data2\" content=\"2 minutes\" \/>\n<script type=\"application\/ld+json\" class=\"yoast-schema-graph\">{\"@context\":\"https:\\\/\\\/schema.org\",\"@graph\":[{\"@type\":\"Article\",\"@id\":\"https:\\\/\\\/isf.fo\\\/22-nyggj-itrottafelog-uppa-tvey-ar\\\/#article\",\"isPartOf\":{\"@id\":\"https:\\\/\\\/isf.fo\\\/22-nyggj-itrottafelog-uppa-tvey-ar\\\/\"},\"author\":{\"name\":\"Finnbj\u00f8rg Nattestad\",\"@id\":\"https:\\\/\\\/isf.fo\\\/#\\\/schema\\\/person\\\/40282266438b1b15251ad39401612366\"},\"headline\":\"22 n\u00fdggj \u00edtr\u00f3ttafel\u00f8g upp\u00e1 tvey \u00e1r\",\"datePublished\":\"2024-08-29T08:50:46+00:00\",\"dateModified\":\"2024-08-29T08:50:47+00:00\",\"mainEntityOfPage\":{\"@id\":\"https:\\\/\\\/isf.fo\\\/22-nyggj-itrottafelog-uppa-tvey-ar\\\/\"},\"wordCount\":261,\"publisher\":{\"@id\":\"https:\\\/\\\/isf.fo\\\/#organization\"},\"image\":{\"@id\":\"https:\\\/\\\/isf.fo\\\/22-nyggj-itrottafelog-uppa-tvey-ar\\\/#primaryimage\"},\"thumbnailUrl\":\"https:\\\/\\\/isf.fo\\\/wp-content\\\/uploads\\\/2024\\\/08\\\/ISF_ARSFRAGREIDING_2024_KLINTRING-9-minni-scaled.jpg\",\"articleSection\":[\"\u00cdSF\",\"Menning\"],\"inLanguage\":\"en-US\"},{\"@type\":\"WebPage\",\"@id\":\"https:\\\/\\\/isf.fo\\\/22-nyggj-itrottafelog-uppa-tvey-ar\\\/\",\"url\":\"https:\\\/\\\/isf.fo\\\/22-nyggj-itrottafelog-uppa-tvey-ar\\\/\",\"name\":\"22 n\u00fdggj \u00edtr\u00f3ttafel\u00f8g upp\u00e1 tvey \u00e1r - \u00cdtr\u00f3ttasamband F\u00f8roya\",\"isPartOf\":{\"@id\":\"https:\\\/\\\/isf.fo\\\/#website\"},\"primaryImageOfPage\":{\"@id\":\"https:\\\/\\\/isf.fo\\\/22-nyggj-itrottafelog-uppa-tvey-ar\\\/#primaryimage\"},\"image\":{\"@id\":\"https:\\\/\\\/isf.fo\\\/22-nyggj-itrottafelog-uppa-tvey-ar\\\/#primaryimage\"},\"thumbnailUrl\":\"https:\\\/\\\/isf.fo\\\/wp-content\\\/uploads\\\/2024\\\/08\\\/ISF_ARSFRAGREIDING_2024_KLINTRING-9-minni-scaled.jpg\",\"datePublished\":\"2024-08-29T08:50:46+00:00\",\"dateModified\":\"2024-08-29T08:50:47+00:00\",\"breadcrumb\":{\"@id\":\"https:\\\/\\\/isf.fo\\\/22-nyggj-itrottafelog-uppa-tvey-ar\\\/#breadcrumb\"},\"inLanguage\":\"en-US\",\"potentialAction\":[{\"@type\":\"ReadAction\",\"target\":[\"https:\\\/\\\/isf.fo\\\/22-nyggj-itrottafelog-uppa-tvey-ar\\\/\"]}]},{\"@type\":\"ImageObject\",\"inLanguage\":\"en-US\",\"@id\":\"https:\\\/\\\/isf.fo\\\/22-nyggj-itrottafelog-uppa-tvey-ar\\\/#primaryimage\",\"url\":\"https:\\\/\\\/isf.fo\\\/wp-content\\\/uploads\\\/2024\\\/08\\\/ISF_ARSFRAGREIDING_2024_KLINTRING-9-minni-scaled.jpg\",\"contentUrl\":\"https:\\\/\\\/isf.fo\\\/wp-content\\\/uploads\\\/2024\\\/08\\\/ISF_ARSFRAGREIDING_2024_KLINTRING-9-minni-scaled.jpg\",\"width\":2560,\"height\":1708},{\"@type\":\"BreadcrumbList\",\"@id\":\"https:\\\/\\\/isf.fo\\\/22-nyggj-itrottafelog-uppa-tvey-ar\\\/#breadcrumb\",\"itemListElement\":[{\"@type\":\"ListItem\",\"position\":1,\"name\":\"Home\",\"item\":\"https:\\\/\\\/isf.fo\\\/\"},{\"@type\":\"ListItem\",\"position\":2,\"name\":\"22 n\u00fdggj \u00edtr\u00f3ttafel\u00f8g upp\u00e1 tvey \u00e1r\"}]},{\"@type\":\"WebSite\",\"@id\":\"https:\\\/\\\/isf.fo\\\/#website\",\"url\":\"https:\\\/\\\/isf.fo\\\/\",\"name\":\"\u00cdtr\u00f3ttasamband F\u00f8roya\",\"description\":\"\",\"publisher\":{\"@id\":\"https:\\\/\\\/isf.fo\\\/#organization\"},\"potentialAction\":[{\"@type\":\"SearchAction\",\"target\":{\"@type\":\"EntryPoint\",\"urlTemplate\":\"https:\\\/\\\/isf.fo\\\/?s={search_term_string}\"},\"query-input\":{\"@type\":\"PropertyValueSpecification\",\"valueRequired\":true,\"valueName\":\"search_term_string\"}}],\"inLanguage\":\"en-US\"},{\"@type\":\"Organization\",\"@id\":\"https:\\\/\\\/isf.fo\\\/#organization\",\"name\":\"\u00cdtr\u00f3ttasamband F\u00f8roya\",\"url\":\"https:\\\/\\\/isf.fo\\\/\",\"logo\":{\"@type\":\"ImageObject\",\"inLanguage\":\"en-US\",\"@id\":\"https:\\\/\\\/isf.fo\\\/#\\\/schema\\\/logo\\\/image\\\/\",\"url\":\"https:\\\/\\\/isf.fo\\\/wp-content\\\/uploads\\\/2025\\\/06\\\/ISF_Olympic-Committee-logo.png\",\"contentUrl\":\"https:\\\/\\\/isf.fo\\\/wp-content\\\/uploads\\\/2025\\\/06\\\/ISF_Olympic-Committee-logo.png\",\"width\":618,\"height\":121,\"caption\":\"\u00cdtr\u00f3ttasamband F\u00f8roya\"},\"image\":{\"@id\":\"https:\\\/\\\/isf.fo\\\/#\\\/schema\\\/logo\\\/image\\\/\"},\"sameAs\":[\"https:\\\/\\\/www.facebook.com\\\/itrottasambandid\"]},{\"@type\":\"Person\",\"@id\":\"https:\\\/\\\/isf.fo\\\/#\\\/schema\\\/person\\\/40282266438b1b15251ad39401612366\",\"name\":\"Finnbj\u00f8rg Nattestad\",\"image\":{\"@type\":\"ImageObject\",\"inLanguage\":\"en-US\",\"@id\":\"https:\\\/\\\/secure.gravatar.com\\\/avatar\\\/8abac675fc6517af7fca6afac1f3d82d100c45ced81d3c217cda179b6904938f?s=96&d=mm&r=g\",\"url\":\"https:\\\/\\\/secure.gravatar.com\\\/avatar\\\/8abac675fc6517af7fca6afac1f3d82d100c45ced81d3c217cda179b6904938f?s=96&d=mm&r=g\",\"contentUrl\":\"https:\\\/\\\/secure.gravatar.com\\\/avatar\\\/8abac675fc6517af7fca6afac1f3d82d100c45ced81d3c217cda179b6904938f?s=96&d=mm&r=g\",\"caption\":\"Finnbj\u00f8rg Nattestad\"},\"url\":\"https:\\\/\\\/isf.fo\\\/en\\\/author\\\/finnbjorg\\\/\"}]}<\/script>\n<!-- \/ Yoast SEO plugin. -->","yoast_head_json":{"title":"22 n\u00fdggj \u00edtr\u00f3ttafel\u00f8g upp\u00e1 tvey \u00e1r - \u00cdtr\u00f3ttasamband F\u00f8roya","robots":{"index":"index","follow":"follow","max-snippet":"max-snippet:-1","max-image-preview":"max-image-preview:large","max-video-preview":"max-video-preview:-1"},"canonical":"https:\/\/isf.fo\/en\/22-nyggj-itrottafelog-uppa-tvey-ar\/","og_locale":"en_US","og_type":"article","og_title":"22 n\u00fdggj \u00edtr\u00f3ttafel\u00f8g upp\u00e1 tvey \u00e1r - \u00cdtr\u00f3ttasamband F\u00f8roya","og_description":"F\u00f8royskur \u00edtr\u00f3ttur er \u00ed r\u00fakandi menning. Ta\u00f0 sta\u00f0festir \u00cdSF, n\u00fa tey eru li\u00f0ug at skr\u00e1seta \u00f8ll \u00edtr\u00f3ttafel\u00f8g \u00ed landinum. Tali\u00f0 [&hellip;]","og_url":"https:\/\/isf.fo\/en\/22-nyggj-itrottafelog-uppa-tvey-ar\/","og_site_name":"\u00cdtr\u00f3ttasamband F\u00f8roya","article_publisher":"https:\/\/www.facebook.com\/itrottasambandid","article_published_time":"2024-08-29T08:50:46+00:00","article_modified_time":"2024-08-29T08:50:47+00:00","og_image":[{"width":2560,"height":1708,"url":"https:\/\/isf.fo\/wp-content\/uploads\/2024\/08\/ISF_ARSFRAGREIDING_2024_KLINTRING-9-minni-scaled.jpg","type":"image\/jpeg"}],"author":"Finnbj\u00f8rg Nattestad","twitter_card":"summary_large_image","twitter_misc":{"Written by":"Finnbj\u00f8rg Nattestad","Est. reading time":"2 minutes"},"schema":{"@context":"https:\/\/schema.org","@graph":[{"@type":"Article","@id":"https:\/\/isf.fo\/22-nyggj-itrottafelog-uppa-tvey-ar\/#article","isPartOf":{"@id":"https:\/\/isf.fo\/22-nyggj-itrottafelog-uppa-tvey-ar\/"},"author":{"name":"Finnbj\u00f8rg Nattestad","@id":"https:\/\/isf.fo\/#\/schema\/person\/40282266438b1b15251ad39401612366"},"headline":"22 n\u00fdggj \u00edtr\u00f3ttafel\u00f8g upp\u00e1 tvey \u00e1r","datePublished":"2024-08-29T08:50:46+00:00","dateModified":"2024-08-29T08:50:47+00:00","mainEntityOfPage":{"@id":"https:\/\/isf.fo\/22-nyggj-itrottafelog-uppa-tvey-ar\/"},"wordCount":261,"publisher":{"@id":"https:\/\/isf.fo\/#organization"},"image":{"@id":"https:\/\/isf.fo\/22-nyggj-itrottafelog-uppa-tvey-ar\/#primaryimage"},"thumbnailUrl":"https:\/\/isf.fo\/wp-content\/uploads\/2024\/08\/ISF_ARSFRAGREIDING_2024_KLINTRING-9-minni-scaled.jpg","articleSection":["\u00cdSF","Menning"],"inLanguage":"en-US"},{"@type":"WebPage","@id":"https:\/\/isf.fo\/22-nyggj-itrottafelog-uppa-tvey-ar\/","url":"https:\/\/isf.fo\/22-nyggj-itrottafelog-uppa-tvey-ar\/","name":"22 n\u00fdggj \u00edtr\u00f3ttafel\u00f8g upp\u00e1 tvey \u00e1r - \u00cdtr\u00f3ttasamband F\u00f8roya","isPartOf":{"@id":"https:\/\/isf.fo\/#website"},"primaryImageOfPage":{"@id":"https:\/\/isf.fo\/22-nyggj-itrottafelog-uppa-tvey-ar\/#primaryimage"},"image":{"@id":"https:\/\/isf.fo\/22-nyggj-itrottafelog-uppa-tvey-ar\/#primaryimage"},"thumbnailUrl":"https:\/\/isf.fo\/wp-content\/uploads\/2024\/08\/ISF_ARSFRAGREIDING_2024_KLINTRING-9-minni-scaled.jpg","datePublished":"2024-08-29T08:50:46+00:00","dateModified":"2024-08-29T08:50:47+00:00","breadcrumb":{"@id":"https:\/\/isf.fo\/22-nyggj-itrottafelog-uppa-tvey-ar\/#breadcrumb"},"inLanguage":"en-US","potentialAction":[{"@type":"ReadAction","target":["https:\/\/isf.fo\/22-nyggj-itrottafelog-uppa-tvey-ar\/"]}]},{"@type":"ImageObject","inLanguage":"en-US","@id":"https:\/\/isf.fo\/22-nyggj-itrottafelog-uppa-tvey-ar\/#primaryimage","url":"https:\/\/isf.fo\/wp-content\/uploads\/2024\/08\/ISF_ARSFRAGREIDING_2024_KLINTRING-9-minni-scaled.jpg","contentUrl":"https:\/\/isf.fo\/wp-content\/uploads\/2024\/08\/ISF_ARSFRAGREIDING_2024_KLINTRING-9-minni-scaled.jpg","width":2560,"height":1708},{"@type":"BreadcrumbList","@id":"https:\/\/isf.fo\/22-nyggj-itrottafelog-uppa-tvey-ar\/#breadcrumb","itemListElement":[{"@type":"ListItem","position":1,"name":"Home","item":"https:\/\/isf.fo\/"},{"@type":"ListItem","position":2,"name":"22 n\u00fdggj \u00edtr\u00f3ttafel\u00f8g upp\u00e1 tvey \u00e1r"}]},{"@type":"WebSite","@id":"https:\/\/isf.fo\/#website","url":"https:\/\/isf.fo\/","name":"\u00cdtr\u00f3ttasamband F\u00f8roya","description":"","publisher":{"@id":"https:\/\/isf.fo\/#organization"},"potentialAction":[{"@type":"SearchAction","target":{"@type":"EntryPoint","urlTemplate":"https:\/\/isf.fo\/?s={search_term_string}"},"query-input":{"@type":"PropertyValueSpecification","valueRequired":true,"valueName":"search_term_string"}}],"inLanguage":"en-US"},{"@type":"Organization","@id":"https:\/\/isf.fo\/#organization","name":"\u00cdtr\u00f3ttasamband F\u00f8roya","url":"https:\/\/isf.fo\/","logo":{"@type":"ImageObject","inLanguage":"en-US","@id":"https:\/\/isf.fo\/#\/schema\/logo\/image\/","url":"https:\/\/isf.fo\/wp-content\/uploads\/2025\/06\/ISF_Olympic-Committee-logo.png","contentUrl":"https:\/\/isf.fo\/wp-content\/uploads\/2025\/06\/ISF_Olympic-Committee-logo.png","width":618,"height":121,"caption":"\u00cdtr\u00f3ttasamband F\u00f8roya"},"image":{"@id":"https:\/\/isf.fo\/#\/schema\/logo\/image\/"},"sameAs":["https:\/\/www.facebook.com\/itrottasambandid"]},{"@type":"Person","@id":"https:\/\/isf.fo\/#\/schema\/person\/40282266438b1b15251ad39401612366","name":"Finnbj\u00f8rg Nattestad","image":{"@type":"ImageObject","inLanguage":"en-US","@id":"https:\/\/secure.gravatar.com\/avatar\/8abac675fc6517af7fca6afac1f3d82d100c45ced81d3c217cda179b6904938f?s=96&d=mm&r=g","url":"https:\/\/secure.gravatar.com\/avatar\/8abac675fc6517af7fca6afac1f3d82d100c45ced81d3c217cda179b6904938f?s=96&d=mm&r=g","contentUrl":"https:\/\/secure.gravatar.com\/avatar\/8abac675fc6517af7fca6afac1f3d82d100c45ced81d3c217cda179b6904938f?s=96&d=mm&r=g","caption":"Finnbj\u00f8rg Nattestad"},"url":"https:\/\/isf.fo\/en\/author\/finnbjorg\/"}]}},"_links":{"self":[{"href":"https:\/\/isf.fo\/en\/wp-json\/wp\/v2\/posts\/11787","targetHints":{"allow":["GET"]}}],"collection":[{"href":"https:\/\/isf.fo\/en\/wp-json\/wp\/v2\/posts"}],"about":[{"href":"https:\/\/isf.fo\/en\/wp-json\/wp\/v2\/types\/post"}],"author":[{"embeddable":true,"href":"https:\/\/isf.fo\/en\/wp-json\/wp\/v2\/users\/7"}],"replies":[{"embeddable":true,"href":"https:\/\/isf.fo\/en\/wp-json\/wp\/v2\/comments?post=11787"}],"version-history":[{"count":2,"href":"https:\/\/isf.fo\/en\/wp-json\/wp\/v2\/posts\/11787\/revisions"}],"predecessor-version":[{"id":11790,"href":"https:\/\/isf.fo\/en\/wp-json\/wp\/v2\/posts\/11787\/revisions\/11790"}],"wp:featuredmedia":[{"embeddable":true,"href":"https:\/\/isf.fo\/en\/wp-json\/wp\/v2\/media\/11788"}],"wp:attachment":[{"href":"https:\/\/isf.fo\/en\/wp-json\/wp\/v2\/media?parent=11787"}],"wp:term":[{"taxonomy":"category","embeddable":true,"href":"https:\/\/isf.fo\/en\/wp-json\/wp\/v2\/categories?post=11787"},{"taxonomy":"post_tag","embeddable":true,"href":"https:\/\/isf.fo\/en\/wp-json\/wp\/v2\/tags?post=11787"}],"curies":[{"name":"wp","href":"https:\/\/api.w.org\/{rel}","templated":true}]}}