{"id":12505,"date":"2025-04-24T13:03:10","date_gmt":"2025-04-24T13:03:10","guid":{"rendered":"https:\/\/isf.fo\/?p=12505"},"modified":"2025-04-26T12:40:54","modified_gmt":"2025-04-26T12:40:54","slug":"venjarin-hja-bornunum-breiddini-og-teimum-bestu","status":"publish","type":"post","link":"https:\/\/isf.fo\/en\/venjarin-hja-bornunum-breiddini-og-teimum-bestu\/","title":{"rendered":"Venjarin hj\u00e1 b\u00f8rnunum, breiddini og teimum bestu"},"content":{"rendered":"<h3 class=\"wp-block-heading\">Claus Dalgaard-Hansen vitjar til  \u00cdtr\u00f3ttatingini 2025:<\/h3>\n\n\n\n<p><strong>Venjarin er hjartasl\u00e1tturin \u00ed f\u00f8royskum \u00edtr\u00f3tti.<\/strong>&nbsp;Tey standa \u00ed kulda og regni, t\u00ed\u00f0liga og seint. Tey arbei\u00f0a treytaleyst og sj\u00e1lvbo\u00f0in, vi\u00f0 eldhuga og gle\u00f0ini, sum bara \u00edtr\u00f3ttur kann geva. Men hv\u00f8rt \u00e1r mangla vit fleiri.<br>Til \u00edtr\u00f3ttatingini 2025 seta vit venjaraleiklutin \u00ed mi\u00f0depilin.<\/p>\n\n\n\n<hr class=\"wp-block-separator has-alpha-channel-opacity\"\/>\n\n\n\n<p>Undir yvirskriftini&nbsp;<strong>&#8220;Venjarin hj\u00e1 b\u00f8rnunum, breiddini og teimum bestu&#8221;<\/strong>&nbsp;seta vit sj\u00f3neykuna beinlei\u00f0is \u00e1 venjaran \u2013 og hvussu vit \u00ed fel\u00f8gum og sambondum kunnu styrkja og menna henda avgerandi leiklut.<\/p>\n\n\n\n<figure class=\"wp-block-pullquote\"><blockquote><p><em><strong>Hvussu gera vit ta\u00f0 l\u00e6ttari at gerast og vera venjari? Hvussu menna vit dygdarg\u00f3\u00f0ar venjarar? Og hvussu skapa vit karmar, har venjarar tr\u00edvast, mennast og ver\u00f0a virdir, sum lyklapers\u00f3narnir \u00ed f\u00f8royska \u00edtr\u00f3ttafelagsskapunum?<\/strong><\/em><\/p><\/blockquote><\/figure>\n\n\n\n<hr class=\"wp-block-separator has-alpha-channel-opacity\"\/>\n\n\n\n<h3 class=\"wp-block-heading\"><strong>Vit f\u00e1a vitjan av Claus Dalgaard-Hansen<\/strong><\/h3>\n\n\n\n<p>Til hesi kv\u00f8ldini f\u00e1a vit vitjan av einum av royndastu og kendu venjara- og talentmennarum \u00ed nor\u00f0urlondum:&nbsp;<strong>Claus Dalgaard-Hansen<\/strong>.<\/p>\n\n\n\n<ul class=\"wp-block-list\">\n<li>Claus hevur veri\u00f0 virkin \u00ed hondb\u00f3ltsheiminum \u00ed fleiri \u00e1rat\u00edggju og hevur dr\u00fagvar royndir sum venjari hj\u00e1 b\u00f8rnum, ungum og vaksnum.<\/li>\n\n\n\n<li>Fr\u00e1&nbsp;<strong>2008 til 2018<\/strong>&nbsp;var hann&nbsp;<strong>ungd\u00f3mslandsli\u00f0svenjari og talentstj\u00f3ri<\/strong>&nbsp;\u00ed Danska hondb\u00f3ltssambandinum.<\/li>\n\n\n\n<li>Hann hevur veri\u00f0&nbsp;<strong>hj\u00e1lparvenjari hj\u00e1 danska A-landsli\u00f0num hj\u00e1 monnum<\/strong>.<\/li>\n\n\n\n<li>Seinastu \u00e1rini hevur hann virka\u00f0 sum&nbsp;<strong>talentmennari<\/strong>&nbsp;fyri Norska hondb\u00f3ltssambandi\u00f0, har hann b\u00e6\u00f0i arbei\u00f0ir beinlei\u00f0is vi\u00f0 leikarum og vi\u00f0 at styrkja menningararbei\u00f0i\u00f0 hj\u00e1 fel\u00f8gum kring landi\u00f0.<\/li>\n<\/ul>\n\n\n\n<p>Claus er eisini kendur fyri \u00e1haldandi at virka fyri n\u00f8krum grundleggjandi hugsj\u00f3num um at s\u00edggja \u00ed\u00f0karar sum &#8220;<strong>heil menniskju<\/strong>&#8221;&nbsp;\u2013 ikki bara sum \u00edtr\u00f3ttaf\u00f3lk. At skapa&nbsp;<strong>trygg, kveikjandi og mennandi venjingarumhv\u00f8rvi<\/strong>, og at varpa lj\u00f3sa \u00e1 t\u00fddningin av&nbsp;<strong>samstarvi millum fel\u00f8g, \u00fatb\u00fagvingarstovnar, foreldur og sambond<\/strong>&nbsp;fyri at tryggja eina heildarmenning av ungum \u00ed\u00f0karum.<\/p>\n\n\n\n<hr class=\"wp-block-separator has-alpha-channel-opacity\"\/>\n\n\n\n<h3 class=\"wp-block-heading\"><strong>\u00cdtr\u00f3ttatingini 2025<\/strong><\/h3>\n\n\n\n<p>\u00cdtr\u00f3ttatingini ver\u00f0a t\u00fdskv\u00f8ldi\u00f0 27. mai \u00ed T\u00f3rshavn og mikukv\u00f8ldi\u00f0 28. mai \u00ed Klaksv\u00edk. <\/p>\n\n\n\n<p>Tilt\u00f8kini eru \u00f3keypis, men ta\u00f0 krevur tilmelding. Tilmelding fer fram umvegis www. atgongumerki.fo<\/p>\n\n\n\n<p><a href=\"https:\/\/www.atgongumerki.fo\/2934616\/venjarin-hja-boernunum-breiddini-og-teimum-bestu\">Leinkja<\/a>&nbsp;til tiltaki\u00f0 \u00ed T\u00f3rshavn<\/p>\n\n\n\n<p><a href=\"https:\/\/www.atgongumerki.fo\/3027902\/venjarin-hja-boernunum-breiddini-og-teimum-bestu\">Leinkja<\/a>&nbsp;til tiltaki\u00f0 \u00ed Klaksv\u00edk<\/p>\n\n\n\n<h3 class=\"wp-block-heading\">Skr\u00e1: <\/h3>\n\n\n\n<p><strong>Kl. 19:00<\/strong>&nbsp;\u2013 V\u00e6lkomin<br><strong>Kl. 19:15<\/strong>&nbsp;\u2013 Claus Dalgaard-Hansen:&nbsp;<em>Hvussu styrkja vit venjaraleiklutin \u00ed fel\u00f8gum kring landi\u00f0?<\/em><br><strong>Kl. 20:15<\/strong>&nbsp;\u2013 Ste\u00f0gur<br><strong>Kl. 20:30<\/strong>&nbsp;\u2013 Umbo\u00f0 fr\u00e1 sambondum og fel\u00f8gum grei\u00f0a fr\u00e1 s\u00ednum arbei\u00f0i vi\u00f0 venjaramenning<br><strong>Kl. 21:00<\/strong>&nbsp;\u2013 Kjak og or\u00f0askifti<\/p>\n\n\n\n<hr class=\"wp-block-separator has-alpha-channel-opacity\"\/>\n\n\n\n<p>Vit gle\u00f0a okkum at s\u00edggja teg!<\/p>","protected":false},"excerpt":{"rendered":"<p>Claus Dalgaard-Hansen vitjar til \u00cdtr\u00f3ttatingini 2025: Venjarin er hjartasl\u00e1tturin \u00ed f\u00f8royskum \u00edtr\u00f3tti.&nbsp;Tey standa \u00ed kulda og regni, t\u00ed\u00f0liga og seint. [&hellip;]<\/p>\n","protected":false},"author":10,"featured_media":12506,"comment_status":"closed","ping_status":"closed","sticky":false,"template":"","format":"standard","meta":{"_acf_changed":false,"_relevanssi_hide_post":"","_relevanssi_hide_content":"","_relevanssi_pin_for_all":"","_relevanssi_pin_keywords":"","_relevanssi_unpin_keywords":"","_relevanssi_related_keywords":"","_relevanssi_related_include_ids":"","_relevanssi_related_exclude_ids":"","_relevanssi_related_no_append":"","_relevanssi_related_not_related":"","_relevanssi_related_posts":"","_relevanssi_noindex_reason":"","inline_featured_image":false,"footnotes":""},"categories":[188],"tags":[182,217],"class_list":["post-12505","post","type-post","status-publish","format-standard","has-post-thumbnail","hentry","category-itrottating","tag-i-felag-fram-imoti-felags-malum","tag-venjaraleikluturin"],"acf":[],"yoast_head":"<!-- This site is optimized with the Yoast SEO plugin v27.5 - https:\/\/yoast.com\/product\/yoast-seo-wordpress\/ -->\n<title>Venjarin hj\u00e1 b\u00f8rnunum, breiddini og teimum bestu - \u00cdtr\u00f3ttasamband F\u00f8roya<\/title>\n<meta name=\"robots\" content=\"index, follow, max-snippet:-1, max-image-preview:large, max-video-preview:-1\" \/>\n<link rel=\"canonical\" href=\"https:\/\/isf.fo\/en\/venjarin-hja-bornunum-breiddini-og-teimum-bestu\/\" \/>\n<meta property=\"og:locale\" content=\"en_US\" \/>\n<meta property=\"og:type\" content=\"article\" \/>\n<meta property=\"og:title\" content=\"Venjarin hj\u00e1 b\u00f8rnunum, breiddini og teimum bestu - \u00cdtr\u00f3ttasamband F\u00f8roya\" \/>\n<meta property=\"og:description\" content=\"Claus Dalgaard-Hansen vitjar til \u00cdtr\u00f3ttatingini 2025: Venjarin er hjartasl\u00e1tturin \u00ed f\u00f8royskum \u00edtr\u00f3tti.&nbsp;Tey standa \u00ed kulda og regni, t\u00ed\u00f0liga og seint. [&hellip;]\" \/>\n<meta property=\"og:url\" content=\"https:\/\/isf.fo\/en\/venjarin-hja-bornunum-breiddini-og-teimum-bestu\/\" \/>\n<meta property=\"og:site_name\" content=\"\u00cdtr\u00f3ttasamband F\u00f8roya\" \/>\n<meta property=\"article:publisher\" content=\"https:\/\/www.facebook.com\/itrottasambandid\" \/>\n<meta property=\"article:published_time\" content=\"2025-04-24T13:03:10+00:00\" \/>\n<meta property=\"article:modified_time\" content=\"2025-04-26T12:40:54+00:00\" \/>\n<meta property=\"og:image\" content=\"https:\/\/isf.fo\/wp-content\/uploads\/2025\/04\/Itrottatingid-2025-1.png\" \/>\n\t<meta property=\"og:image:width\" content=\"940\" \/>\n\t<meta property=\"og:image:height\" content=\"788\" \/>\n\t<meta property=\"og:image:type\" content=\"image\/png\" \/>\n<meta name=\"author\" content=\"Katrin Dam \u00e1 Neystab\u00f8\" \/>\n<meta name=\"twitter:card\" content=\"summary_large_image\" \/>\n<meta name=\"twitter:label1\" content=\"Written by\" \/>\n\t<meta name=\"twitter:data1\" content=\"Katrin Dam \u00e1 Neystab\u00f8\" \/>\n\t<meta name=\"twitter:label2\" content=\"Est. reading time\" \/>\n\t<meta name=\"twitter:data2\" content=\"2 minutes\" \/>\n<script type=\"application\/ld+json\" class=\"yoast-schema-graph\">{\"@context\":\"https:\\\/\\\/schema.org\",\"@graph\":[{\"@type\":\"Article\",\"@id\":\"https:\\\/\\\/isf.fo\\\/venjarin-hja-bornunum-breiddini-og-teimum-bestu\\\/#article\",\"isPartOf\":{\"@id\":\"https:\\\/\\\/isf.fo\\\/venjarin-hja-bornunum-breiddini-og-teimum-bestu\\\/\"},\"author\":{\"name\":\"Katrin Dam \u00e1 Neystab\u00f8\",\"@id\":\"https:\\\/\\\/isf.fo\\\/#\\\/schema\\\/person\\\/9246a98c90293eb716bf93be9ae6e565\"},\"headline\":\"Venjarin hj\u00e1 b\u00f8rnunum, breiddini og teimum bestu\",\"datePublished\":\"2025-04-24T13:03:10+00:00\",\"dateModified\":\"2025-04-26T12:40:54+00:00\",\"mainEntityOfPage\":{\"@id\":\"https:\\\/\\\/isf.fo\\\/venjarin-hja-bornunum-breiddini-og-teimum-bestu\\\/\"},\"wordCount\":414,\"publisher\":{\"@id\":\"https:\\\/\\\/isf.fo\\\/#organization\"},\"image\":{\"@id\":\"https:\\\/\\\/isf.fo\\\/venjarin-hja-bornunum-breiddini-og-teimum-bestu\\\/#primaryimage\"},\"thumbnailUrl\":\"https:\\\/\\\/isf.fo\\\/wp-content\\\/uploads\\\/2025\\\/04\\\/Itrottatingid-2025-1.png\",\"keywords\":[\"\u00cd felag fram \u00edm\u00f3ti felags m\u00e1lum\",\"Venjaraleikluturin\"],\"articleSection\":[\"\u00cdtr\u00f3ttating\"],\"inLanguage\":\"en-US\"},{\"@type\":\"WebPage\",\"@id\":\"https:\\\/\\\/isf.fo\\\/venjarin-hja-bornunum-breiddini-og-teimum-bestu\\\/\",\"url\":\"https:\\\/\\\/isf.fo\\\/venjarin-hja-bornunum-breiddini-og-teimum-bestu\\\/\",\"name\":\"Venjarin hj\u00e1 b\u00f8rnunum, breiddini og teimum bestu - \u00cdtr\u00f3ttasamband F\u00f8roya\",\"isPartOf\":{\"@id\":\"https:\\\/\\\/isf.fo\\\/#website\"},\"primaryImageOfPage\":{\"@id\":\"https:\\\/\\\/isf.fo\\\/venjarin-hja-bornunum-breiddini-og-teimum-bestu\\\/#primaryimage\"},\"image\":{\"@id\":\"https:\\\/\\\/isf.fo\\\/venjarin-hja-bornunum-breiddini-og-teimum-bestu\\\/#primaryimage\"},\"thumbnailUrl\":\"https:\\\/\\\/isf.fo\\\/wp-content\\\/uploads\\\/2025\\\/04\\\/Itrottatingid-2025-1.png\",\"datePublished\":\"2025-04-24T13:03:10+00:00\",\"dateModified\":\"2025-04-26T12:40:54+00:00\",\"breadcrumb\":{\"@id\":\"https:\\\/\\\/isf.fo\\\/venjarin-hja-bornunum-breiddini-og-teimum-bestu\\\/#breadcrumb\"},\"inLanguage\":\"en-US\",\"potentialAction\":[{\"@type\":\"ReadAction\",\"target\":[\"https:\\\/\\\/isf.fo\\\/venjarin-hja-bornunum-breiddini-og-teimum-bestu\\\/\"]}]},{\"@type\":\"ImageObject\",\"inLanguage\":\"en-US\",\"@id\":\"https:\\\/\\\/isf.fo\\\/venjarin-hja-bornunum-breiddini-og-teimum-bestu\\\/#primaryimage\",\"url\":\"https:\\\/\\\/isf.fo\\\/wp-content\\\/uploads\\\/2025\\\/04\\\/Itrottatingid-2025-1.png\",\"contentUrl\":\"https:\\\/\\\/isf.fo\\\/wp-content\\\/uploads\\\/2025\\\/04\\\/Itrottatingid-2025-1.png\",\"width\":940,\"height\":788},{\"@type\":\"BreadcrumbList\",\"@id\":\"https:\\\/\\\/isf.fo\\\/venjarin-hja-bornunum-breiddini-og-teimum-bestu\\\/#breadcrumb\",\"itemListElement\":[{\"@type\":\"ListItem\",\"position\":1,\"name\":\"Home\",\"item\":\"https:\\\/\\\/isf.fo\\\/\"},{\"@type\":\"ListItem\",\"position\":2,\"name\":\"Venjarin hj\u00e1 b\u00f8rnunum, breiddini og teimum bestu\"}]},{\"@type\":\"WebSite\",\"@id\":\"https:\\\/\\\/isf.fo\\\/#website\",\"url\":\"https:\\\/\\\/isf.fo\\\/\",\"name\":\"\u00cdtr\u00f3ttasamband F\u00f8roya\",\"description\":\"\",\"publisher\":{\"@id\":\"https:\\\/\\\/isf.fo\\\/#organization\"},\"potentialAction\":[{\"@type\":\"SearchAction\",\"target\":{\"@type\":\"EntryPoint\",\"urlTemplate\":\"https:\\\/\\\/isf.fo\\\/?s={search_term_string}\"},\"query-input\":{\"@type\":\"PropertyValueSpecification\",\"valueRequired\":true,\"valueName\":\"search_term_string\"}}],\"inLanguage\":\"en-US\"},{\"@type\":\"Organization\",\"@id\":\"https:\\\/\\\/isf.fo\\\/#organization\",\"name\":\"\u00cdtr\u00f3ttasamband F\u00f8roya\",\"url\":\"https:\\\/\\\/isf.fo\\\/\",\"logo\":{\"@type\":\"ImageObject\",\"inLanguage\":\"en-US\",\"@id\":\"https:\\\/\\\/isf.fo\\\/#\\\/schema\\\/logo\\\/image\\\/\",\"url\":\"https:\\\/\\\/isf.fo\\\/wp-content\\\/uploads\\\/2025\\\/06\\\/ISF_Olympic-Committee-logo.png\",\"contentUrl\":\"https:\\\/\\\/isf.fo\\\/wp-content\\\/uploads\\\/2025\\\/06\\\/ISF_Olympic-Committee-logo.png\",\"width\":618,\"height\":121,\"caption\":\"\u00cdtr\u00f3ttasamband F\u00f8roya\"},\"image\":{\"@id\":\"https:\\\/\\\/isf.fo\\\/#\\\/schema\\\/logo\\\/image\\\/\"},\"sameAs\":[\"https:\\\/\\\/www.facebook.com\\\/itrottasambandid\"]},{\"@type\":\"Person\",\"@id\":\"https:\\\/\\\/isf.fo\\\/#\\\/schema\\\/person\\\/9246a98c90293eb716bf93be9ae6e565\",\"name\":\"Katrin Dam \u00e1 Neystab\u00f8\",\"image\":{\"@type\":\"ImageObject\",\"inLanguage\":\"en-US\",\"@id\":\"https:\\\/\\\/secure.gravatar.com\\\/avatar\\\/cd20cb8bf0deda1721a187b1a472c5cf4731e13b2bc439a92524d8e439252432?s=96&d=mm&r=g\",\"url\":\"https:\\\/\\\/secure.gravatar.com\\\/avatar\\\/cd20cb8bf0deda1721a187b1a472c5cf4731e13b2bc439a92524d8e439252432?s=96&d=mm&r=g\",\"contentUrl\":\"https:\\\/\\\/secure.gravatar.com\\\/avatar\\\/cd20cb8bf0deda1721a187b1a472c5cf4731e13b2bc439a92524d8e439252432?s=96&d=mm&r=g\",\"caption\":\"Katrin Dam \u00e1 Neystab\u00f8\"},\"url\":\"https:\\\/\\\/isf.fo\\\/en\\\/author\\\/katrin\\\/\"}]}<\/script>\n<!-- \/ Yoast SEO plugin. -->","yoast_head_json":{"title":"Venjarin hj\u00e1 b\u00f8rnunum, breiddini og teimum bestu - \u00cdtr\u00f3ttasamband F\u00f8roya","robots":{"index":"index","follow":"follow","max-snippet":"max-snippet:-1","max-image-preview":"max-image-preview:large","max-video-preview":"max-video-preview:-1"},"canonical":"https:\/\/isf.fo\/en\/venjarin-hja-bornunum-breiddini-og-teimum-bestu\/","og_locale":"en_US","og_type":"article","og_title":"Venjarin hj\u00e1 b\u00f8rnunum, breiddini og teimum bestu - \u00cdtr\u00f3ttasamband F\u00f8roya","og_description":"Claus Dalgaard-Hansen vitjar til \u00cdtr\u00f3ttatingini 2025: Venjarin er hjartasl\u00e1tturin \u00ed f\u00f8royskum \u00edtr\u00f3tti.&nbsp;Tey standa \u00ed kulda og regni, t\u00ed\u00f0liga og seint. [&hellip;]","og_url":"https:\/\/isf.fo\/en\/venjarin-hja-bornunum-breiddini-og-teimum-bestu\/","og_site_name":"\u00cdtr\u00f3ttasamband F\u00f8roya","article_publisher":"https:\/\/www.facebook.com\/itrottasambandid","article_published_time":"2025-04-24T13:03:10+00:00","article_modified_time":"2025-04-26T12:40:54+00:00","og_image":[{"width":940,"height":788,"url":"https:\/\/isf.fo\/wp-content\/uploads\/2025\/04\/Itrottatingid-2025-1.png","type":"image\/png"}],"author":"Katrin Dam \u00e1 Neystab\u00f8","twitter_card":"summary_large_image","twitter_misc":{"Written by":"Katrin Dam \u00e1 Neystab\u00f8","Est. reading time":"2 minutes"},"schema":{"@context":"https:\/\/schema.org","@graph":[{"@type":"Article","@id":"https:\/\/isf.fo\/venjarin-hja-bornunum-breiddini-og-teimum-bestu\/#article","isPartOf":{"@id":"https:\/\/isf.fo\/venjarin-hja-bornunum-breiddini-og-teimum-bestu\/"},"author":{"name":"Katrin Dam \u00e1 Neystab\u00f8","@id":"https:\/\/isf.fo\/#\/schema\/person\/9246a98c90293eb716bf93be9ae6e565"},"headline":"Venjarin hj\u00e1 b\u00f8rnunum, breiddini og teimum bestu","datePublished":"2025-04-24T13:03:10+00:00","dateModified":"2025-04-26T12:40:54+00:00","mainEntityOfPage":{"@id":"https:\/\/isf.fo\/venjarin-hja-bornunum-breiddini-og-teimum-bestu\/"},"wordCount":414,"publisher":{"@id":"https:\/\/isf.fo\/#organization"},"image":{"@id":"https:\/\/isf.fo\/venjarin-hja-bornunum-breiddini-og-teimum-bestu\/#primaryimage"},"thumbnailUrl":"https:\/\/isf.fo\/wp-content\/uploads\/2025\/04\/Itrottatingid-2025-1.png","keywords":["\u00cd felag fram \u00edm\u00f3ti felags m\u00e1lum","Venjaraleikluturin"],"articleSection":["\u00cdtr\u00f3ttating"],"inLanguage":"en-US"},{"@type":"WebPage","@id":"https:\/\/isf.fo\/venjarin-hja-bornunum-breiddini-og-teimum-bestu\/","url":"https:\/\/isf.fo\/venjarin-hja-bornunum-breiddini-og-teimum-bestu\/","name":"Venjarin hj\u00e1 b\u00f8rnunum, breiddini og teimum bestu - \u00cdtr\u00f3ttasamband F\u00f8roya","isPartOf":{"@id":"https:\/\/isf.fo\/#website"},"primaryImageOfPage":{"@id":"https:\/\/isf.fo\/venjarin-hja-bornunum-breiddini-og-teimum-bestu\/#primaryimage"},"image":{"@id":"https:\/\/isf.fo\/venjarin-hja-bornunum-breiddini-og-teimum-bestu\/#primaryimage"},"thumbnailUrl":"https:\/\/isf.fo\/wp-content\/uploads\/2025\/04\/Itrottatingid-2025-1.png","datePublished":"2025-04-24T13:03:10+00:00","dateModified":"2025-04-26T12:40:54+00:00","breadcrumb":{"@id":"https:\/\/isf.fo\/venjarin-hja-bornunum-breiddini-og-teimum-bestu\/#breadcrumb"},"inLanguage":"en-US","potentialAction":[{"@type":"ReadAction","target":["https:\/\/isf.fo\/venjarin-hja-bornunum-breiddini-og-teimum-bestu\/"]}]},{"@type":"ImageObject","inLanguage":"en-US","@id":"https:\/\/isf.fo\/venjarin-hja-bornunum-breiddini-og-teimum-bestu\/#primaryimage","url":"https:\/\/isf.fo\/wp-content\/uploads\/2025\/04\/Itrottatingid-2025-1.png","contentUrl":"https:\/\/isf.fo\/wp-content\/uploads\/2025\/04\/Itrottatingid-2025-1.png","width":940,"height":788},{"@type":"BreadcrumbList","@id":"https:\/\/isf.fo\/venjarin-hja-bornunum-breiddini-og-teimum-bestu\/#breadcrumb","itemListElement":[{"@type":"ListItem","position":1,"name":"Home","item":"https:\/\/isf.fo\/"},{"@type":"ListItem","position":2,"name":"Venjarin hj\u00e1 b\u00f8rnunum, breiddini og teimum bestu"}]},{"@type":"WebSite","@id":"https:\/\/isf.fo\/#website","url":"https:\/\/isf.fo\/","name":"\u00cdtr\u00f3ttasamband F\u00f8roya","description":"","publisher":{"@id":"https:\/\/isf.fo\/#organization"},"potentialAction":[{"@type":"SearchAction","target":{"@type":"EntryPoint","urlTemplate":"https:\/\/isf.fo\/?s={search_term_string}"},"query-input":{"@type":"PropertyValueSpecification","valueRequired":true,"valueName":"search_term_string"}}],"inLanguage":"en-US"},{"@type":"Organization","@id":"https:\/\/isf.fo\/#organization","name":"\u00cdtr\u00f3ttasamband F\u00f8roya","url":"https:\/\/isf.fo\/","logo":{"@type":"ImageObject","inLanguage":"en-US","@id":"https:\/\/isf.fo\/#\/schema\/logo\/image\/","url":"https:\/\/isf.fo\/wp-content\/uploads\/2025\/06\/ISF_Olympic-Committee-logo.png","contentUrl":"https:\/\/isf.fo\/wp-content\/uploads\/2025\/06\/ISF_Olympic-Committee-logo.png","width":618,"height":121,"caption":"\u00cdtr\u00f3ttasamband F\u00f8roya"},"image":{"@id":"https:\/\/isf.fo\/#\/schema\/logo\/image\/"},"sameAs":["https:\/\/www.facebook.com\/itrottasambandid"]},{"@type":"Person","@id":"https:\/\/isf.fo\/#\/schema\/person\/9246a98c90293eb716bf93be9ae6e565","name":"Katrin Dam \u00e1 Neystab\u00f8","image":{"@type":"ImageObject","inLanguage":"en-US","@id":"https:\/\/secure.gravatar.com\/avatar\/cd20cb8bf0deda1721a187b1a472c5cf4731e13b2bc439a92524d8e439252432?s=96&d=mm&r=g","url":"https:\/\/secure.gravatar.com\/avatar\/cd20cb8bf0deda1721a187b1a472c5cf4731e13b2bc439a92524d8e439252432?s=96&d=mm&r=g","contentUrl":"https:\/\/secure.gravatar.com\/avatar\/cd20cb8bf0deda1721a187b1a472c5cf4731e13b2bc439a92524d8e439252432?s=96&d=mm&r=g","caption":"Katrin Dam \u00e1 Neystab\u00f8"},"url":"https:\/\/isf.fo\/en\/author\/katrin\/"}]}},"_links":{"self":[{"href":"https:\/\/isf.fo\/en\/wp-json\/wp\/v2\/posts\/12505","targetHints":{"allow":["GET"]}}],"collection":[{"href":"https:\/\/isf.fo\/en\/wp-json\/wp\/v2\/posts"}],"about":[{"href":"https:\/\/isf.fo\/en\/wp-json\/wp\/v2\/types\/post"}],"author":[{"embeddable":true,"href":"https:\/\/isf.fo\/en\/wp-json\/wp\/v2\/users\/10"}],"replies":[{"embeddable":true,"href":"https:\/\/isf.fo\/en\/wp-json\/wp\/v2\/comments?post=12505"}],"version-history":[{"count":10,"href":"https:\/\/isf.fo\/en\/wp-json\/wp\/v2\/posts\/12505\/revisions"}],"predecessor-version":[{"id":12523,"href":"https:\/\/isf.fo\/en\/wp-json\/wp\/v2\/posts\/12505\/revisions\/12523"}],"wp:featuredmedia":[{"embeddable":true,"href":"https:\/\/isf.fo\/en\/wp-json\/wp\/v2\/media\/12506"}],"wp:attachment":[{"href":"https:\/\/isf.fo\/en\/wp-json\/wp\/v2\/media?parent=12505"}],"wp:term":[{"taxonomy":"category","embeddable":true,"href":"https:\/\/isf.fo\/en\/wp-json\/wp\/v2\/categories?post=12505"},{"taxonomy":"post_tag","embeddable":true,"href":"https:\/\/isf.fo\/en\/wp-json\/wp\/v2\/tags?post=12505"}],"curies":[{"name":"wp","href":"https:\/\/api.w.org\/{rel}","templated":true}]}}