{"id":12527,"date":"2025-05-02T09:51:29","date_gmt":"2025-05-02T09:51:29","guid":{"rendered":"https:\/\/isf.fo\/?p=12527"},"modified":"2025-05-23T09:35:47","modified_gmt":"2025-05-23T09:35:47","slug":"broyttar-mannagongdir-i-samband-vid-ferding-hja-itrottarfelogum","status":"publish","type":"post","link":"https:\/\/isf.fo\/en\/broyttar-mannagongdir-i-samband-vid-ferding-hja-itrottarfelogum\/","title":{"rendered":"Broyttar mannagongdir \u00ed samband vi\u00f0 fer\u00f0ing hj\u00e1 \u00edtr\u00f3ttarfel\u00f8gum"},"content":{"rendered":"<p>Hervi\u00f0 kunning um broyttar mannagongdir \u00ed samband vi\u00f0 fer\u00f0ing hj\u00e1 \u00edtr\u00f3ttarfel\u00f8gum vi\u00f0 Smyrli, n\u00fa n\u00fdggjur pr\u00edsmunarbygna\u00f0ur er settur \u00ed gildi.<\/p>\n\n\n\n<p>Umbor\u00f0 \u00e1 Smyrli er ta\u00f0 n\u00fa solei\u00f0is, at fer\u00f0andi skulu gjalda fyri fer\u00f0ase\u00f0ilin, \u00e1\u00f0renn fari\u00f0 ver\u00f0ur umbor\u00f0. Vit hava hoyrt fr\u00e1 fleiri, i\u00f0 ivast hvussu tey best fyrihalda seg, t\u00e1 tey sum \u00edtr\u00f3ttarli\u00f0 fer\u00f0ast vi\u00f0 Smyrli. Hetta kemst serliga av, at b\u00f8rn og ung ofta fer\u00f0ast \u00ed st\u00f8rri b\u00f3lkum og ta\u00f0 kann vera ein avbj\u00f3\u00f0ing hj\u00e1 lei\u00f0arum at samskipa gjalding og umbor\u00f0gongu, m\u00f8guliga samstundis sum tey skulu hava bil vi\u00f0.<\/p>\n\n\n\n<p><strong>Fylgjandi er ein fyribils loysn \u00ed trimum stigum, sum kann n\u00fdtast, t\u00e1 \u00edtr\u00f3ttarli\u00f0 skulu fer\u00f0ast:<\/strong><\/p>\n\n\n\n<ol class=\"wp-block-list\">\n<li><strong>\u00c1byrgdarf\u00f3lk vi\u00f0 landgongdina:<\/strong> \u00cdtr\u00f3ttarfel\u00f8gini royna, so v\u00edtt gj\u00f8rligt, at hava ein vaksnan (lei\u00f0ara ella foreldur) standandi vi\u00f0 landgongdina at gjalda fyri b\u00f3lkin og tryggja, at \u00f8ll koma umbor\u00f0. Hetta kann eisini vera ein lei\u00f0ari fr\u00e1 einum \u00f8\u00f0rum li\u00f0i ella eitt foreldur, sum kortini skal koyra barn til b\u00e1tin.<\/li>\n\n\n\n<li><strong>Lei\u00f0arin gongur fr\u00e1 bilinum:<\/strong> Um ta\u00f0 ikki ber til at hava eitt \u00e1byrgdarf\u00f3lk vi\u00f0 landgongdina (t.d. t\u00ed lei\u00f0arin skal koyra bil umbor\u00f0), kann lei\u00f0arin koyra bilin umbor\u00f0 fyrst, og s\u00ed\u00f0ani fara upp \u00e1 dekki\u00f0 og \u00fat \u00e1 landgongdina aftur at taka \u00edm\u00f3ti b\u00f8rnunum.<\/li>\n\n\n\n<li><strong>Fr\u00e1bo\u00f0an til SSL:<\/strong> Um hv\u00f8rki av omanfyristandandi stigum ber til, skal lei\u00f0arin bo\u00f0a Strandfaraskip Landsins fr\u00e1 frammanundan vi\u00f0 at senda ein teldupost. Ein n\u00fdggj teldupostadressa, <strong>\u00edtr\u00f3ttur@ssl.fo<\/strong>, ver\u00f0ur skj\u00f3tast gj\u00f8rligt sett upp til hetta (v\u00e6ntandi fr\u00edggjadagin ella m\u00e1nadagin). <strong>Inntil tann adressan er virkin, kann skrivast til smyril.catering@ssl.fo.<\/strong> \u00cd teldupostinum skal st\u00f8\u00f0an l\u00fdsast stutt (hvat li\u00f0, n\u00e6r fer\u00f0ast ver\u00f0ur, og tali\u00f0 av fer\u00f0andi). Starvsf\u00f3lkini hj\u00e1 SSL eru t\u00e1 kunna\u00f0 og kunnu hj\u00e1lpa vi\u00f0 at f\u00e1a b\u00f3lkin umbor\u00f0, eftir at lei\u00f0arin hevur goldi\u00f0.<\/li>\n<\/ol>\n\n\n\n<p><strong>Vi\u00f0v\u00edkjandi B\u00fasitandi pr\u00edsi:<\/strong><\/p>\n\n\n\n<p>Vit vilja eisini kunna um, at fyri at f\u00e1a b\u00fasitandi pr\u00eds, krevst vanliga, at p-tal er skr\u00e1sett \u00e1 br\u00fakarakontuni hj\u00e1 SSL. Av t\u00ed at \u00edtr\u00f3ttarfel\u00f8g ikki hava p-tal, kann hetta tykjast trupult. T\u00f3 ber til hj\u00e1 teimum \u00edtr\u00f3ttarfel\u00f8gum, sum longu hava egnan SSL-br\u00fakara (t.d. til at gjalda fyri bil), at venda s\u00e6r til Strandfaraskip Landsins. Uppl\u00fdsi\u00f0 t\u00e1 teldupostadressuna, sum ver\u00f0ur n\u00fdtt til innriting \u00e1 kontuna, so kann SSL manuelt skr\u00e1seta br\u00fakaran sum &#8216;b\u00fasitandi&#8217;.<\/p>\n\n\n\n<p>Hetta er til kunningar hj\u00e1 \u00cdSF. Vit v\u00f3na, at henda veglei\u00f0ing kann vera til hj\u00e1lpar hj\u00e1 \u00edtr\u00f3ttarfel\u00f8gunum, me\u00f0an arbeitt ver\u00f0ur vi\u00f0 at finna eina meira varandi og smidliga skipan. <\/p>\n\n\n\n<p><em>(mynd: ssl.fo)<\/em><\/p>","protected":false},"excerpt":{"rendered":"<p>Hervi\u00f0 kunning um broyttar mannagongdir \u00ed samband vi\u00f0 fer\u00f0ing hj\u00e1 \u00edtr\u00f3ttarfel\u00f8gum vi\u00f0 Smyrli, n\u00fa n\u00fdggjur pr\u00edsmunarbygna\u00f0ur er settur \u00ed gildi. [&hellip;]<\/p>\n","protected":false},"author":7,"featured_media":12528,"comment_status":"closed","ping_status":"closed","sticky":false,"template":"","format":"standard","meta":{"_acf_changed":false,"_relevanssi_hide_post":"","_relevanssi_hide_content":"","_relevanssi_pin_for_all":"","_relevanssi_pin_keywords":"","_relevanssi_unpin_keywords":"","_relevanssi_related_keywords":"","_relevanssi_related_include_ids":"","_relevanssi_related_exclude_ids":"","_relevanssi_related_no_append":"","_relevanssi_related_not_related":"","_relevanssi_related_posts":"","_relevanssi_noindex_reason":"","inline_featured_image":false,"footnotes":""},"categories":[2],"tags":[],"class_list":["post-12527","post","type-post","status-publish","format-standard","has-post-thumbnail","hentry","category-isf"],"acf":[],"yoast_head":"<!-- This site is optimized with the Yoast SEO plugin v27.5 - https:\/\/yoast.com\/product\/yoast-seo-wordpress\/ -->\n<title>Broyttar mannagongdir \u00ed samband vi\u00f0 fer\u00f0ing hj\u00e1 \u00edtr\u00f3ttarfel\u00f8gum - \u00cdtr\u00f3ttasamband F\u00f8roya<\/title>\n<meta name=\"robots\" content=\"index, follow, max-snippet:-1, max-image-preview:large, max-video-preview:-1\" \/>\n<link rel=\"canonical\" href=\"https:\/\/isf.fo\/en\/broyttar-mannagongdir-i-samband-vid-ferding-hja-itrottarfelogum\/\" \/>\n<meta property=\"og:locale\" content=\"en_US\" \/>\n<meta property=\"og:type\" content=\"article\" \/>\n<meta property=\"og:title\" content=\"Broyttar mannagongdir \u00ed samband vi\u00f0 fer\u00f0ing hj\u00e1 \u00edtr\u00f3ttarfel\u00f8gum - \u00cdtr\u00f3ttasamband F\u00f8roya\" \/>\n<meta property=\"og:description\" content=\"Hervi\u00f0 kunning um broyttar mannagongdir \u00ed samband vi\u00f0 fer\u00f0ing hj\u00e1 \u00edtr\u00f3ttarfel\u00f8gum vi\u00f0 Smyrli, n\u00fa n\u00fdggjur pr\u00edsmunarbygna\u00f0ur er settur \u00ed gildi. [&hellip;]\" \/>\n<meta property=\"og:url\" content=\"https:\/\/isf.fo\/en\/broyttar-mannagongdir-i-samband-vid-ferding-hja-itrottarfelogum\/\" \/>\n<meta property=\"og:site_name\" content=\"\u00cdtr\u00f3ttasamband F\u00f8roya\" \/>\n<meta property=\"article:publisher\" content=\"https:\/\/www.facebook.com\/itrottasambandid\" \/>\n<meta property=\"article:published_time\" content=\"2025-05-02T09:51:29+00:00\" \/>\n<meta property=\"article:modified_time\" content=\"2025-05-23T09:35:47+00:00\" \/>\n<meta property=\"og:image\" content=\"https:\/\/isf.fo\/wp-content\/uploads\/2025\/05\/smyril-2.jpg\" \/>\n\t<meta property=\"og:image:width\" content=\"1131\" \/>\n\t<meta property=\"og:image:height\" content=\"848\" \/>\n\t<meta property=\"og:image:type\" content=\"image\/jpeg\" \/>\n<meta name=\"author\" content=\"Finnbj\u00f8rg Nattestad\" \/>\n<meta name=\"twitter:card\" content=\"summary_large_image\" \/>\n<meta name=\"twitter:label1\" content=\"Written by\" \/>\n\t<meta name=\"twitter:data1\" content=\"Finnbj\u00f8rg Nattestad\" \/>\n\t<meta name=\"twitter:label2\" content=\"Est. reading time\" \/>\n\t<meta name=\"twitter:data2\" content=\"3 minutes\" \/>\n<script type=\"application\/ld+json\" class=\"yoast-schema-graph\">{\"@context\":\"https:\\\/\\\/schema.org\",\"@graph\":[{\"@type\":\"Article\",\"@id\":\"https:\\\/\\\/isf.fo\\\/broyttar-mannagongdir-i-samband-vid-ferding-hja-itrottarfelogum\\\/#article\",\"isPartOf\":{\"@id\":\"https:\\\/\\\/isf.fo\\\/broyttar-mannagongdir-i-samband-vid-ferding-hja-itrottarfelogum\\\/\"},\"author\":{\"name\":\"Finnbj\u00f8rg Nattestad\",\"@id\":\"https:\\\/\\\/isf.fo\\\/#\\\/schema\\\/person\\\/40282266438b1b15251ad39401612366\"},\"headline\":\"Broyttar mannagongdir \u00ed samband vi\u00f0 fer\u00f0ing hj\u00e1 \u00edtr\u00f3ttarfel\u00f8gum\",\"datePublished\":\"2025-05-02T09:51:29+00:00\",\"dateModified\":\"2025-05-23T09:35:47+00:00\",\"mainEntityOfPage\":{\"@id\":\"https:\\\/\\\/isf.fo\\\/broyttar-mannagongdir-i-samband-vid-ferding-hja-itrottarfelogum\\\/\"},\"wordCount\":484,\"publisher\":{\"@id\":\"https:\\\/\\\/isf.fo\\\/#organization\"},\"image\":{\"@id\":\"https:\\\/\\\/isf.fo\\\/broyttar-mannagongdir-i-samband-vid-ferding-hja-itrottarfelogum\\\/#primaryimage\"},\"thumbnailUrl\":\"https:\\\/\\\/isf.fo\\\/wp-content\\\/uploads\\\/2025\\\/05\\\/smyril-2.jpg\",\"articleSection\":[\"\u00cdSF\"],\"inLanguage\":\"en-US\"},{\"@type\":\"WebPage\",\"@id\":\"https:\\\/\\\/isf.fo\\\/broyttar-mannagongdir-i-samband-vid-ferding-hja-itrottarfelogum\\\/\",\"url\":\"https:\\\/\\\/isf.fo\\\/broyttar-mannagongdir-i-samband-vid-ferding-hja-itrottarfelogum\\\/\",\"name\":\"Broyttar mannagongdir \u00ed samband vi\u00f0 fer\u00f0ing hj\u00e1 \u00edtr\u00f3ttarfel\u00f8gum - \u00cdtr\u00f3ttasamband F\u00f8roya\",\"isPartOf\":{\"@id\":\"https:\\\/\\\/isf.fo\\\/#website\"},\"primaryImageOfPage\":{\"@id\":\"https:\\\/\\\/isf.fo\\\/broyttar-mannagongdir-i-samband-vid-ferding-hja-itrottarfelogum\\\/#primaryimage\"},\"image\":{\"@id\":\"https:\\\/\\\/isf.fo\\\/broyttar-mannagongdir-i-samband-vid-ferding-hja-itrottarfelogum\\\/#primaryimage\"},\"thumbnailUrl\":\"https:\\\/\\\/isf.fo\\\/wp-content\\\/uploads\\\/2025\\\/05\\\/smyril-2.jpg\",\"datePublished\":\"2025-05-02T09:51:29+00:00\",\"dateModified\":\"2025-05-23T09:35:47+00:00\",\"breadcrumb\":{\"@id\":\"https:\\\/\\\/isf.fo\\\/broyttar-mannagongdir-i-samband-vid-ferding-hja-itrottarfelogum\\\/#breadcrumb\"},\"inLanguage\":\"en-US\",\"potentialAction\":[{\"@type\":\"ReadAction\",\"target\":[\"https:\\\/\\\/isf.fo\\\/broyttar-mannagongdir-i-samband-vid-ferding-hja-itrottarfelogum\\\/\"]}]},{\"@type\":\"ImageObject\",\"inLanguage\":\"en-US\",\"@id\":\"https:\\\/\\\/isf.fo\\\/broyttar-mannagongdir-i-samband-vid-ferding-hja-itrottarfelogum\\\/#primaryimage\",\"url\":\"https:\\\/\\\/isf.fo\\\/wp-content\\\/uploads\\\/2025\\\/05\\\/smyril-2.jpg\",\"contentUrl\":\"https:\\\/\\\/isf.fo\\\/wp-content\\\/uploads\\\/2025\\\/05\\\/smyril-2.jpg\",\"width\":1131,\"height\":848},{\"@type\":\"BreadcrumbList\",\"@id\":\"https:\\\/\\\/isf.fo\\\/broyttar-mannagongdir-i-samband-vid-ferding-hja-itrottarfelogum\\\/#breadcrumb\",\"itemListElement\":[{\"@type\":\"ListItem\",\"position\":1,\"name\":\"Home\",\"item\":\"https:\\\/\\\/isf.fo\\\/\"},{\"@type\":\"ListItem\",\"position\":2,\"name\":\"Broyttar mannagongdir \u00ed samband vi\u00f0 fer\u00f0ing hj\u00e1 \u00edtr\u00f3ttarfel\u00f8gum\"}]},{\"@type\":\"WebSite\",\"@id\":\"https:\\\/\\\/isf.fo\\\/#website\",\"url\":\"https:\\\/\\\/isf.fo\\\/\",\"name\":\"\u00cdtr\u00f3ttasamband F\u00f8roya\",\"description\":\"\",\"publisher\":{\"@id\":\"https:\\\/\\\/isf.fo\\\/#organization\"},\"potentialAction\":[{\"@type\":\"SearchAction\",\"target\":{\"@type\":\"EntryPoint\",\"urlTemplate\":\"https:\\\/\\\/isf.fo\\\/?s={search_term_string}\"},\"query-input\":{\"@type\":\"PropertyValueSpecification\",\"valueRequired\":true,\"valueName\":\"search_term_string\"}}],\"inLanguage\":\"en-US\"},{\"@type\":\"Organization\",\"@id\":\"https:\\\/\\\/isf.fo\\\/#organization\",\"name\":\"\u00cdtr\u00f3ttasamband F\u00f8roya\",\"url\":\"https:\\\/\\\/isf.fo\\\/\",\"logo\":{\"@type\":\"ImageObject\",\"inLanguage\":\"en-US\",\"@id\":\"https:\\\/\\\/isf.fo\\\/#\\\/schema\\\/logo\\\/image\\\/\",\"url\":\"https:\\\/\\\/isf.fo\\\/wp-content\\\/uploads\\\/2025\\\/06\\\/ISF_Olympic-Committee-logo.png\",\"contentUrl\":\"https:\\\/\\\/isf.fo\\\/wp-content\\\/uploads\\\/2025\\\/06\\\/ISF_Olympic-Committee-logo.png\",\"width\":618,\"height\":121,\"caption\":\"\u00cdtr\u00f3ttasamband F\u00f8roya\"},\"image\":{\"@id\":\"https:\\\/\\\/isf.fo\\\/#\\\/schema\\\/logo\\\/image\\\/\"},\"sameAs\":[\"https:\\\/\\\/www.facebook.com\\\/itrottasambandid\"]},{\"@type\":\"Person\",\"@id\":\"https:\\\/\\\/isf.fo\\\/#\\\/schema\\\/person\\\/40282266438b1b15251ad39401612366\",\"name\":\"Finnbj\u00f8rg Nattestad\",\"image\":{\"@type\":\"ImageObject\",\"inLanguage\":\"en-US\",\"@id\":\"https:\\\/\\\/secure.gravatar.com\\\/avatar\\\/8abac675fc6517af7fca6afac1f3d82d100c45ced81d3c217cda179b6904938f?s=96&d=mm&r=g\",\"url\":\"https:\\\/\\\/secure.gravatar.com\\\/avatar\\\/8abac675fc6517af7fca6afac1f3d82d100c45ced81d3c217cda179b6904938f?s=96&d=mm&r=g\",\"contentUrl\":\"https:\\\/\\\/secure.gravatar.com\\\/avatar\\\/8abac675fc6517af7fca6afac1f3d82d100c45ced81d3c217cda179b6904938f?s=96&d=mm&r=g\",\"caption\":\"Finnbj\u00f8rg Nattestad\"},\"url\":\"https:\\\/\\\/isf.fo\\\/en\\\/author\\\/finnbjorg\\\/\"}]}<\/script>\n<!-- \/ Yoast SEO plugin. -->","yoast_head_json":{"title":"Broyttar mannagongdir \u00ed samband vi\u00f0 fer\u00f0ing hj\u00e1 \u00edtr\u00f3ttarfel\u00f8gum - \u00cdtr\u00f3ttasamband F\u00f8roya","robots":{"index":"index","follow":"follow","max-snippet":"max-snippet:-1","max-image-preview":"max-image-preview:large","max-video-preview":"max-video-preview:-1"},"canonical":"https:\/\/isf.fo\/en\/broyttar-mannagongdir-i-samband-vid-ferding-hja-itrottarfelogum\/","og_locale":"en_US","og_type":"article","og_title":"Broyttar mannagongdir \u00ed samband vi\u00f0 fer\u00f0ing hj\u00e1 \u00edtr\u00f3ttarfel\u00f8gum - \u00cdtr\u00f3ttasamband F\u00f8roya","og_description":"Hervi\u00f0 kunning um broyttar mannagongdir \u00ed samband vi\u00f0 fer\u00f0ing hj\u00e1 \u00edtr\u00f3ttarfel\u00f8gum vi\u00f0 Smyrli, n\u00fa n\u00fdggjur pr\u00edsmunarbygna\u00f0ur er settur \u00ed gildi. [&hellip;]","og_url":"https:\/\/isf.fo\/en\/broyttar-mannagongdir-i-samband-vid-ferding-hja-itrottarfelogum\/","og_site_name":"\u00cdtr\u00f3ttasamband F\u00f8roya","article_publisher":"https:\/\/www.facebook.com\/itrottasambandid","article_published_time":"2025-05-02T09:51:29+00:00","article_modified_time":"2025-05-23T09:35:47+00:00","og_image":[{"width":1131,"height":848,"url":"https:\/\/isf.fo\/wp-content\/uploads\/2025\/05\/smyril-2.jpg","type":"image\/jpeg"}],"author":"Finnbj\u00f8rg Nattestad","twitter_card":"summary_large_image","twitter_misc":{"Written by":"Finnbj\u00f8rg Nattestad","Est. reading time":"3 minutes"},"schema":{"@context":"https:\/\/schema.org","@graph":[{"@type":"Article","@id":"https:\/\/isf.fo\/broyttar-mannagongdir-i-samband-vid-ferding-hja-itrottarfelogum\/#article","isPartOf":{"@id":"https:\/\/isf.fo\/broyttar-mannagongdir-i-samband-vid-ferding-hja-itrottarfelogum\/"},"author":{"name":"Finnbj\u00f8rg Nattestad","@id":"https:\/\/isf.fo\/#\/schema\/person\/40282266438b1b15251ad39401612366"},"headline":"Broyttar mannagongdir \u00ed samband vi\u00f0 fer\u00f0ing hj\u00e1 \u00edtr\u00f3ttarfel\u00f8gum","datePublished":"2025-05-02T09:51:29+00:00","dateModified":"2025-05-23T09:35:47+00:00","mainEntityOfPage":{"@id":"https:\/\/isf.fo\/broyttar-mannagongdir-i-samband-vid-ferding-hja-itrottarfelogum\/"},"wordCount":484,"publisher":{"@id":"https:\/\/isf.fo\/#organization"},"image":{"@id":"https:\/\/isf.fo\/broyttar-mannagongdir-i-samband-vid-ferding-hja-itrottarfelogum\/#primaryimage"},"thumbnailUrl":"https:\/\/isf.fo\/wp-content\/uploads\/2025\/05\/smyril-2.jpg","articleSection":["\u00cdSF"],"inLanguage":"en-US"},{"@type":"WebPage","@id":"https:\/\/isf.fo\/broyttar-mannagongdir-i-samband-vid-ferding-hja-itrottarfelogum\/","url":"https:\/\/isf.fo\/broyttar-mannagongdir-i-samband-vid-ferding-hja-itrottarfelogum\/","name":"Broyttar mannagongdir \u00ed samband vi\u00f0 fer\u00f0ing hj\u00e1 \u00edtr\u00f3ttarfel\u00f8gum - \u00cdtr\u00f3ttasamband F\u00f8roya","isPartOf":{"@id":"https:\/\/isf.fo\/#website"},"primaryImageOfPage":{"@id":"https:\/\/isf.fo\/broyttar-mannagongdir-i-samband-vid-ferding-hja-itrottarfelogum\/#primaryimage"},"image":{"@id":"https:\/\/isf.fo\/broyttar-mannagongdir-i-samband-vid-ferding-hja-itrottarfelogum\/#primaryimage"},"thumbnailUrl":"https:\/\/isf.fo\/wp-content\/uploads\/2025\/05\/smyril-2.jpg","datePublished":"2025-05-02T09:51:29+00:00","dateModified":"2025-05-23T09:35:47+00:00","breadcrumb":{"@id":"https:\/\/isf.fo\/broyttar-mannagongdir-i-samband-vid-ferding-hja-itrottarfelogum\/#breadcrumb"},"inLanguage":"en-US","potentialAction":[{"@type":"ReadAction","target":["https:\/\/isf.fo\/broyttar-mannagongdir-i-samband-vid-ferding-hja-itrottarfelogum\/"]}]},{"@type":"ImageObject","inLanguage":"en-US","@id":"https:\/\/isf.fo\/broyttar-mannagongdir-i-samband-vid-ferding-hja-itrottarfelogum\/#primaryimage","url":"https:\/\/isf.fo\/wp-content\/uploads\/2025\/05\/smyril-2.jpg","contentUrl":"https:\/\/isf.fo\/wp-content\/uploads\/2025\/05\/smyril-2.jpg","width":1131,"height":848},{"@type":"BreadcrumbList","@id":"https:\/\/isf.fo\/broyttar-mannagongdir-i-samband-vid-ferding-hja-itrottarfelogum\/#breadcrumb","itemListElement":[{"@type":"ListItem","position":1,"name":"Home","item":"https:\/\/isf.fo\/"},{"@type":"ListItem","position":2,"name":"Broyttar mannagongdir \u00ed samband vi\u00f0 fer\u00f0ing hj\u00e1 \u00edtr\u00f3ttarfel\u00f8gum"}]},{"@type":"WebSite","@id":"https:\/\/isf.fo\/#website","url":"https:\/\/isf.fo\/","name":"\u00cdtr\u00f3ttasamband F\u00f8roya","description":"","publisher":{"@id":"https:\/\/isf.fo\/#organization"},"potentialAction":[{"@type":"SearchAction","target":{"@type":"EntryPoint","urlTemplate":"https:\/\/isf.fo\/?s={search_term_string}"},"query-input":{"@type":"PropertyValueSpecification","valueRequired":true,"valueName":"search_term_string"}}],"inLanguage":"en-US"},{"@type":"Organization","@id":"https:\/\/isf.fo\/#organization","name":"\u00cdtr\u00f3ttasamband F\u00f8roya","url":"https:\/\/isf.fo\/","logo":{"@type":"ImageObject","inLanguage":"en-US","@id":"https:\/\/isf.fo\/#\/schema\/logo\/image\/","url":"https:\/\/isf.fo\/wp-content\/uploads\/2025\/06\/ISF_Olympic-Committee-logo.png","contentUrl":"https:\/\/isf.fo\/wp-content\/uploads\/2025\/06\/ISF_Olympic-Committee-logo.png","width":618,"height":121,"caption":"\u00cdtr\u00f3ttasamband F\u00f8roya"},"image":{"@id":"https:\/\/isf.fo\/#\/schema\/logo\/image\/"},"sameAs":["https:\/\/www.facebook.com\/itrottasambandid"]},{"@type":"Person","@id":"https:\/\/isf.fo\/#\/schema\/person\/40282266438b1b15251ad39401612366","name":"Finnbj\u00f8rg Nattestad","image":{"@type":"ImageObject","inLanguage":"en-US","@id":"https:\/\/secure.gravatar.com\/avatar\/8abac675fc6517af7fca6afac1f3d82d100c45ced81d3c217cda179b6904938f?s=96&d=mm&r=g","url":"https:\/\/secure.gravatar.com\/avatar\/8abac675fc6517af7fca6afac1f3d82d100c45ced81d3c217cda179b6904938f?s=96&d=mm&r=g","contentUrl":"https:\/\/secure.gravatar.com\/avatar\/8abac675fc6517af7fca6afac1f3d82d100c45ced81d3c217cda179b6904938f?s=96&d=mm&r=g","caption":"Finnbj\u00f8rg Nattestad"},"url":"https:\/\/isf.fo\/en\/author\/finnbjorg\/"}]}},"_links":{"self":[{"href":"https:\/\/isf.fo\/en\/wp-json\/wp\/v2\/posts\/12527","targetHints":{"allow":["GET"]}}],"collection":[{"href":"https:\/\/isf.fo\/en\/wp-json\/wp\/v2\/posts"}],"about":[{"href":"https:\/\/isf.fo\/en\/wp-json\/wp\/v2\/types\/post"}],"author":[{"embeddable":true,"href":"https:\/\/isf.fo\/en\/wp-json\/wp\/v2\/users\/7"}],"replies":[{"embeddable":true,"href":"https:\/\/isf.fo\/en\/wp-json\/wp\/v2\/comments?post=12527"}],"version-history":[{"count":2,"href":"https:\/\/isf.fo\/en\/wp-json\/wp\/v2\/posts\/12527\/revisions"}],"predecessor-version":[{"id":12574,"href":"https:\/\/isf.fo\/en\/wp-json\/wp\/v2\/posts\/12527\/revisions\/12574"}],"wp:featuredmedia":[{"embeddable":true,"href":"https:\/\/isf.fo\/en\/wp-json\/wp\/v2\/media\/12528"}],"wp:attachment":[{"href":"https:\/\/isf.fo\/en\/wp-json\/wp\/v2\/media?parent=12527"}],"wp:term":[{"taxonomy":"category","embeddable":true,"href":"https:\/\/isf.fo\/en\/wp-json\/wp\/v2\/categories?post=12527"},{"taxonomy":"post_tag","embeddable":true,"href":"https:\/\/isf.fo\/en\/wp-json\/wp\/v2\/tags?post=12527"}],"curies":[{"name":"wp","href":"https:\/\/api.w.org\/{rel}","templated":true}]}}