{"id":12533,"date":"2025-05-09T11:39:38","date_gmt":"2025-05-09T11:39:38","guid":{"rendered":"https:\/\/isf.fo\/?p=12533"},"modified":"2025-05-09T11:46:32","modified_gmt":"2025-05-09T11:46:32","slug":"enn-eitt-vaeleydnad-skeid-fyri-nevndir","status":"publish","type":"post","link":"https:\/\/isf.fo\/en\/enn-eitt-vaeleydnad-skeid-fyri-nevndir\/","title":{"rendered":"Enn eitt v\u00e6leydna\u00f0 skei\u00f0 fyri nevndir"},"content":{"rendered":"<p>H\u00f3skv\u00f8ldi\u00f0 8. mai skipa\u00f0i \u00cdSF enn eitt skei\u00f0 fyri nevndarlimum \u00ed f\u00f8roysku \u00edtr\u00f3ttafel\u00f8gunum.<br>Skei\u00f0shaldarar v\u00f3ru Katrin \u00e1 Neystab\u00f8 og Andras Nols\u00f8e, \u00edtr\u00f3ttar\u00e1gevarar hj\u00e1 \u00cdSF.<\/p>\n\n\n\n<p>Skei\u00f0i er sett saman av b\u00e6\u00f0i teori og praksis. Teoretiski parturin handlar um nevndararbei\u00f0i \u00ed praksis, me\u00f0an tann praktiski parturin er bygdur upp sum ein verkstova, har nevndin saman arbei\u00f0ir vi\u00f0 ymiskum uppg\u00e1vum, sum eru vi\u00f0komandi fyri j\u00fast teirra egna felag.<br><br>N\u00e6sta skei\u00f0 ver\u00f0ur \u00e1 skr\u00e1 17. september 2025, og fel\u00f8g kunnu melda seg til <a href=\"https:\/\/docs.google.com\/forms\/d\/e\/1FAIpQLScw1pWTWPzt1v_xVjMGiGD3uz7bdjyh33p9Ll2s9pnzvwDBQg\/viewform?usp=dialog\">her<\/a>.  <\/p>\n\n\n\n<p>Vit gle\u00f0ast um at afturmeldingarnar eru g\u00f3\u00f0ar og luttakarar siga, at skei\u00f0i vi\u00f0komandi fyri tey, og tey fara heim vi\u00f0 \u00edt\u00f8kilgum ambo\u00f0um og n\u00fdggjum \u00edbl\u00e1stri.<\/p>\n\n\n\n<p><strong>Her eru n\u00f8kur \u00fattalilsi fr\u00e1 luttakarum:<\/strong><\/p>\n\n\n\n<blockquote class=\"wp-block-quote is-layout-flow wp-block-quote-is-layout-flow\">\n<p>Hjartans takk til \u00cdSF fyri eitt sera v\u00e6l skipa\u00f0 og inspirerandi nevndarskei\u00f0! Skei\u00f0i\u00f0 var b\u00e6\u00f0i fakliga sterkt og v\u00e6l lagt til r\u00e6ttis, vi\u00f0 g\u00f3\u00f0um framl\u00f8gum, praktiskum d\u00f8mum og h\u00f8vi til virknan dialog. Ta\u00f0 gav okkum luttakarum eina grei\u00f0a fatan av leiklutinum hj\u00e1 einum nevndarlimi, \u00e1byrgdunum og hvussu vit kunnu virka fyri einum sterkum felagsskapi.<\/p>\n\n\n\n<p>Ta\u00f0 var eisini sera gevandi at hittast og tosa saman vi\u00f0 f\u00f3lk \u00far \u00f8\u00f0rum fel\u00f8gum. Vit fingu b\u00e6\u00f0i \u00edbl\u00e1stur og g\u00f3\u00f0 r\u00e1\u00f0 at taka vi\u00f0 okkum aftur til okkara egnu nevnd.<\/p>\n<\/blockquote>\n\n\n\n<blockquote class=\"wp-block-quote is-layout-flow wp-block-quote-is-layout-flow\">\n<p>Skei\u00f0i\u00f0 var sera gott skipa\u00f0 og vit fingu n\u00f3gv burtur\u00far.<\/p>\n<\/blockquote>\n\n\n\n<blockquote class=\"wp-block-quote is-layout-flow wp-block-quote-is-layout-flow\">\n<p>Eg haldi at skei\u00f0i\u00f0 var sera vi\u00f0komandi, og fekk n\u00f3gva vitan innan nevndar arbei\u00f0i.<\/p>\n<\/blockquote>\n\n\n\n<blockquote class=\"wp-block-quote is-layout-flow wp-block-quote-is-layout-flow\">\n<p>Gott og vi\u00f0komandi skei\u00f0. Fekk geistin at gera meira vi\u00f0 at skipa arbei\u00f0i \u00ed nevndini.<\/p>\n<\/blockquote>\n\n\n\n<blockquote class=\"wp-block-quote is-layout-flow wp-block-quote-is-layout-flow\">\n<p>Skei\u00f0i\u00f0 var sera \u00e1hugavert, ta\u00f0 eru n\u00f3gv punkt, sum man ikki hugsar um \u00ed dagliga degnum, sum heilt sikkurt skulu prioriterast.<\/p>\n\n\n\n<p><\/p>\n<\/blockquote>\n\n\n\n<p><strong>Herundir eru nakrar myndir fr\u00e1 skei\u00f0num, sum var hildi \u00ed felagsh\u00f8lunum hj\u00e1 \u00cdSF \u00e1 Eystaru Bryggju \u00ed Havn.<\/strong><\/p>\n\n\n\n<figure class=\"wp-block-image size-large\"><img decoding=\"async\" width=\"700\" height=\"587\" data-src=\"https:\/\/isf.fo\/wp-content\/uploads\/2025\/05\/6-700x587.png\" alt=\"\" class=\"wp-image-12534 lazyload\" data-srcset=\"https:\/\/isf.fo\/wp-content\/uploads\/2025\/05\/6-700x587.png 700w, https:\/\/isf.fo\/wp-content\/uploads\/2025\/05\/6-300x251.png 300w, https:\/\/isf.fo\/wp-content\/uploads\/2025\/05\/6-768x644.png 768w, https:\/\/isf.fo\/wp-content\/uploads\/2025\/05\/6-14x12.png 14w, https:\/\/isf.fo\/wp-content\/uploads\/2025\/05\/6-24x20.png 24w, https:\/\/isf.fo\/wp-content\/uploads\/2025\/05\/6-36x30.png 36w, https:\/\/isf.fo\/wp-content\/uploads\/2025\/05\/6-48x40.png 48w, https:\/\/isf.fo\/wp-content\/uploads\/2025\/05\/6.png 940w\" data-sizes=\"(max-width: 700px) 100vw, 700px\" src=\"data:image\/svg+xml;base64,PHN2ZyB3aWR0aD0iMSIgaGVpZ2h0PSIxIiB4bWxucz0iaHR0cDovL3d3dy53My5vcmcvMjAwMC9zdmciPjwvc3ZnPg==\" style=\"--smush-placeholder-width: 700px; --smush-placeholder-aspect-ratio: 700\/587;\" \/><\/figure>\n\n\n\n<figure class=\"wp-block-image size-large\"><img decoding=\"async\" width=\"940\" height=\"788\" data-src=\"https:\/\/isf.fo\/wp-content\/uploads\/2025\/05\/7-700x587.png\" alt=\"\" class=\"wp-image-12535 lazyload\" data-srcset=\"https:\/\/isf.fo\/wp-content\/uploads\/2025\/05\/7-700x587.png 700w, https:\/\/isf.fo\/wp-content\/uploads\/2025\/05\/7-300x251.png 300w, https:\/\/isf.fo\/wp-content\/uploads\/2025\/05\/7-768x644.png 768w, https:\/\/isf.fo\/wp-content\/uploads\/2025\/05\/7-14x12.png 14w, https:\/\/isf.fo\/wp-content\/uploads\/2025\/05\/7-24x20.png 24w, https:\/\/isf.fo\/wp-content\/uploads\/2025\/05\/7-36x30.png 36w, https:\/\/isf.fo\/wp-content\/uploads\/2025\/05\/7-48x40.png 48w, https:\/\/isf.fo\/wp-content\/uploads\/2025\/05\/7.png 940w\" data-sizes=\"(max-width: 940px) 100vw, 940px\" src=\"data:image\/svg+xml;base64,PHN2ZyB3aWR0aD0iMSIgaGVpZ2h0PSIxIiB4bWxucz0iaHR0cDovL3d3dy53My5vcmcvMjAwMC9zdmciPjwvc3ZnPg==\" style=\"--smush-placeholder-width: 940px; --smush-placeholder-aspect-ratio: 940\/788;\" \/><\/figure>\n\n\n\n<figure class=\"wp-block-image size-large\"><img decoding=\"async\" width=\"700\" height=\"587\" data-src=\"https:\/\/isf.fo\/wp-content\/uploads\/2025\/05\/8-700x587.png\" alt=\"\" class=\"wp-image-12536 lazyload\" data-srcset=\"https:\/\/isf.fo\/wp-content\/uploads\/2025\/05\/8-700x587.png 700w, https:\/\/isf.fo\/wp-content\/uploads\/2025\/05\/8-300x251.png 300w, https:\/\/isf.fo\/wp-content\/uploads\/2025\/05\/8-768x644.png 768w, https:\/\/isf.fo\/wp-content\/uploads\/2025\/05\/8-14x12.png 14w, https:\/\/isf.fo\/wp-content\/uploads\/2025\/05\/8-24x20.png 24w, https:\/\/isf.fo\/wp-content\/uploads\/2025\/05\/8-36x30.png 36w, https:\/\/isf.fo\/wp-content\/uploads\/2025\/05\/8-48x40.png 48w, https:\/\/isf.fo\/wp-content\/uploads\/2025\/05\/8.png 940w\" data-sizes=\"(max-width: 700px) 100vw, 700px\" src=\"data:image\/svg+xml;base64,PHN2ZyB3aWR0aD0iMSIgaGVpZ2h0PSIxIiB4bWxucz0iaHR0cDovL3d3dy53My5vcmcvMjAwMC9zdmciPjwvc3ZnPg==\" style=\"--smush-placeholder-width: 700px; --smush-placeholder-aspect-ratio: 700\/587;\" \/><\/figure>\n\n\n\n<figure class=\"wp-block-image size-large\"><img decoding=\"async\" width=\"700\" height=\"587\" data-src=\"https:\/\/isf.fo\/wp-content\/uploads\/2025\/05\/9-700x587.png\" alt=\"\" class=\"wp-image-12537 lazyload\" data-srcset=\"https:\/\/isf.fo\/wp-content\/uploads\/2025\/05\/9-700x587.png 700w, https:\/\/isf.fo\/wp-content\/uploads\/2025\/05\/9-300x251.png 300w, https:\/\/isf.fo\/wp-content\/uploads\/2025\/05\/9-768x644.png 768w, https:\/\/isf.fo\/wp-content\/uploads\/2025\/05\/9-14x12.png 14w, https:\/\/isf.fo\/wp-content\/uploads\/2025\/05\/9-24x20.png 24w, https:\/\/isf.fo\/wp-content\/uploads\/2025\/05\/9-36x30.png 36w, https:\/\/isf.fo\/wp-content\/uploads\/2025\/05\/9-48x40.png 48w, https:\/\/isf.fo\/wp-content\/uploads\/2025\/05\/9.png 940w\" data-sizes=\"(max-width: 700px) 100vw, 700px\" src=\"data:image\/svg+xml;base64,PHN2ZyB3aWR0aD0iMSIgaGVpZ2h0PSIxIiB4bWxucz0iaHR0cDovL3d3dy53My5vcmcvMjAwMC9zdmciPjwvc3ZnPg==\" style=\"--smush-placeholder-width: 700px; --smush-placeholder-aspect-ratio: 700\/587;\" \/><\/figure>","protected":false},"excerpt":{"rendered":"<p>H\u00f3skv\u00f8ldi\u00f0 8. mai skipa\u00f0i \u00cdSF enn eitt skei\u00f0 fyri nevndarlimum \u00ed f\u00f8roysku \u00edtr\u00f3ttafel\u00f8gunum.Skei\u00f0shaldarar v\u00f3ru Katrin \u00e1 Neystab\u00f8 og Andras Nols\u00f8e, [&hellip;]<\/p>\n","protected":false},"author":10,"featured_media":12541,"comment_status":"closed","ping_status":"closed","sticky":false,"template":"","format":"standard","meta":{"_acf_changed":false,"_relevanssi_hide_post":"","_relevanssi_hide_content":"","_relevanssi_pin_for_all":"","_relevanssi_pin_keywords":"","_relevanssi_unpin_keywords":"","_relevanssi_related_keywords":"","_relevanssi_related_include_ids":"","_relevanssi_related_exclude_ids":"","_relevanssi_related_no_append":"","_relevanssi_related_not_related":"","_relevanssi_related_posts":"","_relevanssi_noindex_reason":"","inline_featured_image":false,"footnotes":""},"categories":[31],"tags":[182,218],"class_list":["post-12533","post","type-post","status-publish","format-standard","has-post-thumbnail","hentry","category-skeid","tag-i-felag-fram-imoti-felags-malum","tag-nevndarskeid"],"acf":[],"yoast_head":"<!-- This site is optimized with the Yoast SEO plugin v27.5 - https:\/\/yoast.com\/product\/yoast-seo-wordpress\/ -->\n<title>Enn eitt v\u00e6leydna\u00f0 skei\u00f0 fyri nevndir - \u00cdtr\u00f3ttasamband F\u00f8roya<\/title>\n<meta name=\"robots\" content=\"index, follow, max-snippet:-1, max-image-preview:large, max-video-preview:-1\" \/>\n<link rel=\"canonical\" href=\"https:\/\/isf.fo\/en\/enn-eitt-vaeleydnad-skeid-fyri-nevndir\/\" \/>\n<meta property=\"og:locale\" content=\"en_US\" \/>\n<meta property=\"og:type\" content=\"article\" \/>\n<meta property=\"og:title\" content=\"Enn eitt v\u00e6leydna\u00f0 skei\u00f0 fyri nevndir - \u00cdtr\u00f3ttasamband F\u00f8roya\" \/>\n<meta property=\"og:description\" content=\"H\u00f3skv\u00f8ldi\u00f0 8. mai skipa\u00f0i \u00cdSF enn eitt skei\u00f0 fyri nevndarlimum \u00ed f\u00f8roysku \u00edtr\u00f3ttafel\u00f8gunum.Skei\u00f0shaldarar v\u00f3ru Katrin \u00e1 Neystab\u00f8 og Andras Nols\u00f8e, [&hellip;]\" \/>\n<meta property=\"og:url\" content=\"https:\/\/isf.fo\/en\/enn-eitt-vaeleydnad-skeid-fyri-nevndir\/\" \/>\n<meta property=\"og:site_name\" content=\"\u00cdtr\u00f3ttasamband F\u00f8roya\" \/>\n<meta property=\"article:publisher\" content=\"https:\/\/www.facebook.com\/itrottasambandid\" \/>\n<meta property=\"article:published_time\" content=\"2025-05-09T11:39:38+00:00\" \/>\n<meta property=\"article:modified_time\" content=\"2025-05-09T11:46:32+00:00\" \/>\n<meta property=\"og:image\" content=\"https:\/\/isf.fo\/wp-content\/uploads\/2025\/05\/9b441ae7-eb20-4161-87a6-db70f0e34616.jpeg\" \/>\n\t<meta property=\"og:image:width\" content=\"2048\" \/>\n\t<meta property=\"og:image:height\" content=\"1536\" \/>\n\t<meta property=\"og:image:type\" content=\"image\/jpeg\" \/>\n<meta name=\"author\" content=\"Katrin Dam \u00e1 Neystab\u00f8\" \/>\n<meta name=\"twitter:card\" content=\"summary_large_image\" \/>\n<meta name=\"twitter:label1\" content=\"Written by\" \/>\n\t<meta name=\"twitter:data1\" content=\"Katrin Dam \u00e1 Neystab\u00f8\" \/>\n\t<meta name=\"twitter:label2\" content=\"Est. reading time\" \/>\n\t<meta name=\"twitter:data2\" content=\"3 minutes\" \/>\n<script type=\"application\/ld+json\" class=\"yoast-schema-graph\">{\"@context\":\"https:\\\/\\\/schema.org\",\"@graph\":[{\"@type\":\"Article\",\"@id\":\"https:\\\/\\\/isf.fo\\\/enn-eitt-vaeleydnad-skeid-fyri-nevndir\\\/#article\",\"isPartOf\":{\"@id\":\"https:\\\/\\\/isf.fo\\\/enn-eitt-vaeleydnad-skeid-fyri-nevndir\\\/\"},\"author\":{\"name\":\"Katrin Dam \u00e1 Neystab\u00f8\",\"@id\":\"https:\\\/\\\/isf.fo\\\/#\\\/schema\\\/person\\\/9246a98c90293eb716bf93be9ae6e565\"},\"headline\":\"Enn eitt v\u00e6leydna\u00f0 skei\u00f0 fyri nevndir\",\"datePublished\":\"2025-05-09T11:39:38+00:00\",\"dateModified\":\"2025-05-09T11:46:32+00:00\",\"mainEntityOfPage\":{\"@id\":\"https:\\\/\\\/isf.fo\\\/enn-eitt-vaeleydnad-skeid-fyri-nevndir\\\/\"},\"wordCount\":327,\"publisher\":{\"@id\":\"https:\\\/\\\/isf.fo\\\/#organization\"},\"image\":{\"@id\":\"https:\\\/\\\/isf.fo\\\/enn-eitt-vaeleydnad-skeid-fyri-nevndir\\\/#primaryimage\"},\"thumbnailUrl\":\"https:\\\/\\\/isf.fo\\\/wp-content\\\/uploads\\\/2025\\\/05\\\/9b441ae7-eb20-4161-87a6-db70f0e34616.jpeg\",\"keywords\":[\"\u00cd felag fram \u00edm\u00f3ti felags m\u00e1lum\",\"Nevndarskei\u00f0\"],\"articleSection\":[\"Skei\u00f0\"],\"inLanguage\":\"en-US\"},{\"@type\":\"WebPage\",\"@id\":\"https:\\\/\\\/isf.fo\\\/enn-eitt-vaeleydnad-skeid-fyri-nevndir\\\/\",\"url\":\"https:\\\/\\\/isf.fo\\\/enn-eitt-vaeleydnad-skeid-fyri-nevndir\\\/\",\"name\":\"Enn eitt v\u00e6leydna\u00f0 skei\u00f0 fyri nevndir - \u00cdtr\u00f3ttasamband F\u00f8roya\",\"isPartOf\":{\"@id\":\"https:\\\/\\\/isf.fo\\\/#website\"},\"primaryImageOfPage\":{\"@id\":\"https:\\\/\\\/isf.fo\\\/enn-eitt-vaeleydnad-skeid-fyri-nevndir\\\/#primaryimage\"},\"image\":{\"@id\":\"https:\\\/\\\/isf.fo\\\/enn-eitt-vaeleydnad-skeid-fyri-nevndir\\\/#primaryimage\"},\"thumbnailUrl\":\"https:\\\/\\\/isf.fo\\\/wp-content\\\/uploads\\\/2025\\\/05\\\/9b441ae7-eb20-4161-87a6-db70f0e34616.jpeg\",\"datePublished\":\"2025-05-09T11:39:38+00:00\",\"dateModified\":\"2025-05-09T11:46:32+00:00\",\"breadcrumb\":{\"@id\":\"https:\\\/\\\/isf.fo\\\/enn-eitt-vaeleydnad-skeid-fyri-nevndir\\\/#breadcrumb\"},\"inLanguage\":\"en-US\",\"potentialAction\":[{\"@type\":\"ReadAction\",\"target\":[\"https:\\\/\\\/isf.fo\\\/enn-eitt-vaeleydnad-skeid-fyri-nevndir\\\/\"]}]},{\"@type\":\"ImageObject\",\"inLanguage\":\"en-US\",\"@id\":\"https:\\\/\\\/isf.fo\\\/enn-eitt-vaeleydnad-skeid-fyri-nevndir\\\/#primaryimage\",\"url\":\"https:\\\/\\\/isf.fo\\\/wp-content\\\/uploads\\\/2025\\\/05\\\/9b441ae7-eb20-4161-87a6-db70f0e34616.jpeg\",\"contentUrl\":\"https:\\\/\\\/isf.fo\\\/wp-content\\\/uploads\\\/2025\\\/05\\\/9b441ae7-eb20-4161-87a6-db70f0e34616.jpeg\",\"width\":2048,\"height\":1536},{\"@type\":\"BreadcrumbList\",\"@id\":\"https:\\\/\\\/isf.fo\\\/enn-eitt-vaeleydnad-skeid-fyri-nevndir\\\/#breadcrumb\",\"itemListElement\":[{\"@type\":\"ListItem\",\"position\":1,\"name\":\"Home\",\"item\":\"https:\\\/\\\/isf.fo\\\/\"},{\"@type\":\"ListItem\",\"position\":2,\"name\":\"Enn eitt v\u00e6leydna\u00f0 skei\u00f0 fyri nevndir\"}]},{\"@type\":\"WebSite\",\"@id\":\"https:\\\/\\\/isf.fo\\\/#website\",\"url\":\"https:\\\/\\\/isf.fo\\\/\",\"name\":\"\u00cdtr\u00f3ttasamband F\u00f8roya\",\"description\":\"\",\"publisher\":{\"@id\":\"https:\\\/\\\/isf.fo\\\/#organization\"},\"potentialAction\":[{\"@type\":\"SearchAction\",\"target\":{\"@type\":\"EntryPoint\",\"urlTemplate\":\"https:\\\/\\\/isf.fo\\\/?s={search_term_string}\"},\"query-input\":{\"@type\":\"PropertyValueSpecification\",\"valueRequired\":true,\"valueName\":\"search_term_string\"}}],\"inLanguage\":\"en-US\"},{\"@type\":\"Organization\",\"@id\":\"https:\\\/\\\/isf.fo\\\/#organization\",\"name\":\"\u00cdtr\u00f3ttasamband F\u00f8roya\",\"url\":\"https:\\\/\\\/isf.fo\\\/\",\"logo\":{\"@type\":\"ImageObject\",\"inLanguage\":\"en-US\",\"@id\":\"https:\\\/\\\/isf.fo\\\/#\\\/schema\\\/logo\\\/image\\\/\",\"url\":\"https:\\\/\\\/isf.fo\\\/wp-content\\\/uploads\\\/2025\\\/06\\\/ISF_Olympic-Committee-logo.png\",\"contentUrl\":\"https:\\\/\\\/isf.fo\\\/wp-content\\\/uploads\\\/2025\\\/06\\\/ISF_Olympic-Committee-logo.png\",\"width\":618,\"height\":121,\"caption\":\"\u00cdtr\u00f3ttasamband F\u00f8roya\"},\"image\":{\"@id\":\"https:\\\/\\\/isf.fo\\\/#\\\/schema\\\/logo\\\/image\\\/\"},\"sameAs\":[\"https:\\\/\\\/www.facebook.com\\\/itrottasambandid\"]},{\"@type\":\"Person\",\"@id\":\"https:\\\/\\\/isf.fo\\\/#\\\/schema\\\/person\\\/9246a98c90293eb716bf93be9ae6e565\",\"name\":\"Katrin Dam \u00e1 Neystab\u00f8\",\"image\":{\"@type\":\"ImageObject\",\"inLanguage\":\"en-US\",\"@id\":\"https:\\\/\\\/secure.gravatar.com\\\/avatar\\\/cd20cb8bf0deda1721a187b1a472c5cf4731e13b2bc439a92524d8e439252432?s=96&d=mm&r=g\",\"url\":\"https:\\\/\\\/secure.gravatar.com\\\/avatar\\\/cd20cb8bf0deda1721a187b1a472c5cf4731e13b2bc439a92524d8e439252432?s=96&d=mm&r=g\",\"contentUrl\":\"https:\\\/\\\/secure.gravatar.com\\\/avatar\\\/cd20cb8bf0deda1721a187b1a472c5cf4731e13b2bc439a92524d8e439252432?s=96&d=mm&r=g\",\"caption\":\"Katrin Dam \u00e1 Neystab\u00f8\"},\"url\":\"https:\\\/\\\/isf.fo\\\/en\\\/author\\\/katrin\\\/\"}]}<\/script>\n<!-- \/ Yoast SEO plugin. -->","yoast_head_json":{"title":"Enn eitt v\u00e6leydna\u00f0 skei\u00f0 fyri nevndir - \u00cdtr\u00f3ttasamband F\u00f8roya","robots":{"index":"index","follow":"follow","max-snippet":"max-snippet:-1","max-image-preview":"max-image-preview:large","max-video-preview":"max-video-preview:-1"},"canonical":"https:\/\/isf.fo\/en\/enn-eitt-vaeleydnad-skeid-fyri-nevndir\/","og_locale":"en_US","og_type":"article","og_title":"Enn eitt v\u00e6leydna\u00f0 skei\u00f0 fyri nevndir - \u00cdtr\u00f3ttasamband F\u00f8roya","og_description":"H\u00f3skv\u00f8ldi\u00f0 8. mai skipa\u00f0i \u00cdSF enn eitt skei\u00f0 fyri nevndarlimum \u00ed f\u00f8roysku \u00edtr\u00f3ttafel\u00f8gunum.Skei\u00f0shaldarar v\u00f3ru Katrin \u00e1 Neystab\u00f8 og Andras Nols\u00f8e, [&hellip;]","og_url":"https:\/\/isf.fo\/en\/enn-eitt-vaeleydnad-skeid-fyri-nevndir\/","og_site_name":"\u00cdtr\u00f3ttasamband F\u00f8roya","article_publisher":"https:\/\/www.facebook.com\/itrottasambandid","article_published_time":"2025-05-09T11:39:38+00:00","article_modified_time":"2025-05-09T11:46:32+00:00","og_image":[{"width":2048,"height":1536,"url":"https:\/\/isf.fo\/wp-content\/uploads\/2025\/05\/9b441ae7-eb20-4161-87a6-db70f0e34616.jpeg","type":"image\/jpeg"}],"author":"Katrin Dam \u00e1 Neystab\u00f8","twitter_card":"summary_large_image","twitter_misc":{"Written by":"Katrin Dam \u00e1 Neystab\u00f8","Est. reading time":"3 minutes"},"schema":{"@context":"https:\/\/schema.org","@graph":[{"@type":"Article","@id":"https:\/\/isf.fo\/enn-eitt-vaeleydnad-skeid-fyri-nevndir\/#article","isPartOf":{"@id":"https:\/\/isf.fo\/enn-eitt-vaeleydnad-skeid-fyri-nevndir\/"},"author":{"name":"Katrin Dam \u00e1 Neystab\u00f8","@id":"https:\/\/isf.fo\/#\/schema\/person\/9246a98c90293eb716bf93be9ae6e565"},"headline":"Enn eitt v\u00e6leydna\u00f0 skei\u00f0 fyri nevndir","datePublished":"2025-05-09T11:39:38+00:00","dateModified":"2025-05-09T11:46:32+00:00","mainEntityOfPage":{"@id":"https:\/\/isf.fo\/enn-eitt-vaeleydnad-skeid-fyri-nevndir\/"},"wordCount":327,"publisher":{"@id":"https:\/\/isf.fo\/#organization"},"image":{"@id":"https:\/\/isf.fo\/enn-eitt-vaeleydnad-skeid-fyri-nevndir\/#primaryimage"},"thumbnailUrl":"https:\/\/isf.fo\/wp-content\/uploads\/2025\/05\/9b441ae7-eb20-4161-87a6-db70f0e34616.jpeg","keywords":["\u00cd felag fram \u00edm\u00f3ti felags m\u00e1lum","Nevndarskei\u00f0"],"articleSection":["Skei\u00f0"],"inLanguage":"en-US"},{"@type":"WebPage","@id":"https:\/\/isf.fo\/enn-eitt-vaeleydnad-skeid-fyri-nevndir\/","url":"https:\/\/isf.fo\/enn-eitt-vaeleydnad-skeid-fyri-nevndir\/","name":"Enn eitt v\u00e6leydna\u00f0 skei\u00f0 fyri nevndir - \u00cdtr\u00f3ttasamband F\u00f8roya","isPartOf":{"@id":"https:\/\/isf.fo\/#website"},"primaryImageOfPage":{"@id":"https:\/\/isf.fo\/enn-eitt-vaeleydnad-skeid-fyri-nevndir\/#primaryimage"},"image":{"@id":"https:\/\/isf.fo\/enn-eitt-vaeleydnad-skeid-fyri-nevndir\/#primaryimage"},"thumbnailUrl":"https:\/\/isf.fo\/wp-content\/uploads\/2025\/05\/9b441ae7-eb20-4161-87a6-db70f0e34616.jpeg","datePublished":"2025-05-09T11:39:38+00:00","dateModified":"2025-05-09T11:46:32+00:00","breadcrumb":{"@id":"https:\/\/isf.fo\/enn-eitt-vaeleydnad-skeid-fyri-nevndir\/#breadcrumb"},"inLanguage":"en-US","potentialAction":[{"@type":"ReadAction","target":["https:\/\/isf.fo\/enn-eitt-vaeleydnad-skeid-fyri-nevndir\/"]}]},{"@type":"ImageObject","inLanguage":"en-US","@id":"https:\/\/isf.fo\/enn-eitt-vaeleydnad-skeid-fyri-nevndir\/#primaryimage","url":"https:\/\/isf.fo\/wp-content\/uploads\/2025\/05\/9b441ae7-eb20-4161-87a6-db70f0e34616.jpeg","contentUrl":"https:\/\/isf.fo\/wp-content\/uploads\/2025\/05\/9b441ae7-eb20-4161-87a6-db70f0e34616.jpeg","width":2048,"height":1536},{"@type":"BreadcrumbList","@id":"https:\/\/isf.fo\/enn-eitt-vaeleydnad-skeid-fyri-nevndir\/#breadcrumb","itemListElement":[{"@type":"ListItem","position":1,"name":"Home","item":"https:\/\/isf.fo\/"},{"@type":"ListItem","position":2,"name":"Enn eitt v\u00e6leydna\u00f0 skei\u00f0 fyri nevndir"}]},{"@type":"WebSite","@id":"https:\/\/isf.fo\/#website","url":"https:\/\/isf.fo\/","name":"\u00cdtr\u00f3ttasamband F\u00f8roya","description":"","publisher":{"@id":"https:\/\/isf.fo\/#organization"},"potentialAction":[{"@type":"SearchAction","target":{"@type":"EntryPoint","urlTemplate":"https:\/\/isf.fo\/?s={search_term_string}"},"query-input":{"@type":"PropertyValueSpecification","valueRequired":true,"valueName":"search_term_string"}}],"inLanguage":"en-US"},{"@type":"Organization","@id":"https:\/\/isf.fo\/#organization","name":"\u00cdtr\u00f3ttasamband F\u00f8roya","url":"https:\/\/isf.fo\/","logo":{"@type":"ImageObject","inLanguage":"en-US","@id":"https:\/\/isf.fo\/#\/schema\/logo\/image\/","url":"https:\/\/isf.fo\/wp-content\/uploads\/2025\/06\/ISF_Olympic-Committee-logo.png","contentUrl":"https:\/\/isf.fo\/wp-content\/uploads\/2025\/06\/ISF_Olympic-Committee-logo.png","width":618,"height":121,"caption":"\u00cdtr\u00f3ttasamband F\u00f8roya"},"image":{"@id":"https:\/\/isf.fo\/#\/schema\/logo\/image\/"},"sameAs":["https:\/\/www.facebook.com\/itrottasambandid"]},{"@type":"Person","@id":"https:\/\/isf.fo\/#\/schema\/person\/9246a98c90293eb716bf93be9ae6e565","name":"Katrin Dam \u00e1 Neystab\u00f8","image":{"@type":"ImageObject","inLanguage":"en-US","@id":"https:\/\/secure.gravatar.com\/avatar\/cd20cb8bf0deda1721a187b1a472c5cf4731e13b2bc439a92524d8e439252432?s=96&d=mm&r=g","url":"https:\/\/secure.gravatar.com\/avatar\/cd20cb8bf0deda1721a187b1a472c5cf4731e13b2bc439a92524d8e439252432?s=96&d=mm&r=g","contentUrl":"https:\/\/secure.gravatar.com\/avatar\/cd20cb8bf0deda1721a187b1a472c5cf4731e13b2bc439a92524d8e439252432?s=96&d=mm&r=g","caption":"Katrin Dam \u00e1 Neystab\u00f8"},"url":"https:\/\/isf.fo\/en\/author\/katrin\/"}]}},"_links":{"self":[{"href":"https:\/\/isf.fo\/en\/wp-json\/wp\/v2\/posts\/12533","targetHints":{"allow":["GET"]}}],"collection":[{"href":"https:\/\/isf.fo\/en\/wp-json\/wp\/v2\/posts"}],"about":[{"href":"https:\/\/isf.fo\/en\/wp-json\/wp\/v2\/types\/post"}],"author":[{"embeddable":true,"href":"https:\/\/isf.fo\/en\/wp-json\/wp\/v2\/users\/10"}],"replies":[{"embeddable":true,"href":"https:\/\/isf.fo\/en\/wp-json\/wp\/v2\/comments?post=12533"}],"version-history":[{"count":6,"href":"https:\/\/isf.fo\/en\/wp-json\/wp\/v2\/posts\/12533\/revisions"}],"predecessor-version":[{"id":12546,"href":"https:\/\/isf.fo\/en\/wp-json\/wp\/v2\/posts\/12533\/revisions\/12546"}],"wp:featuredmedia":[{"embeddable":true,"href":"https:\/\/isf.fo\/en\/wp-json\/wp\/v2\/media\/12541"}],"wp:attachment":[{"href":"https:\/\/isf.fo\/en\/wp-json\/wp\/v2\/media?parent=12533"}],"wp:term":[{"taxonomy":"category","embeddable":true,"href":"https:\/\/isf.fo\/en\/wp-json\/wp\/v2\/categories?post=12533"},{"taxonomy":"post_tag","embeddable":true,"href":"https:\/\/isf.fo\/en\/wp-json\/wp\/v2\/tags?post=12533"}],"curies":[{"name":"wp","href":"https:\/\/api.w.org\/{rel}","templated":true}]}}