{"id":12910,"date":"2025-07-15T15:43:51","date_gmt":"2025-07-15T15:43:51","guid":{"rendered":"https:\/\/isf.fo\/?p=12910"},"modified":"2025-07-15T16:09:08","modified_gmt":"2025-07-15T16:09:08","slug":"annika-lindenskov-vald-i-altjoda-oyggjaleikanevndina-iiga","status":"publish","type":"post","link":"https:\/\/isf.fo\/en\/annika-lindenskov-vald-i-altjoda-oyggjaleikanevndina-iiga\/","title":{"rendered":"Annika Lindenskov vald \u00ed altj\u00f3\u00f0a oyggjaleikanevndina (IIGA)"},"content":{"rendered":"<p>IIGA hevur havt a\u00f0alfund \u00ed Orknoyum fyrrapartin, har f\u00f8royskt umbo\u00f0 var\u00f0 valt \u00ed nevndina. Eisini kunna\u00f0u F\u00f8royar um fyrireikingarnar til Betri Oyggjaleikir \u00ed F\u00f8royum \u00ed 2027, eins og n\u00fdggja f\u00f8royska oyggjaleikaheimas\u00ed\u00f0an var almannakunngj\u00f8rd<\/p>\n\n\n\n<p>Altj\u00f3\u00f0a oyggjaleikanevndin hevur fingi\u00f0 f\u00f8royska umbo\u00f0an. Hetta hendi \u00e1 a\u00f0alfundi hj\u00e1 International Island Games Association \u00ed Orknoyum \u00ed dag, t\u00e1 i\u00f0 Annika Lindenskov bleiv vald \u00ed IIGA. Annika Lindenskov hevur dr\u00fagvar royndir \u00ed f\u00f8royskum \u00edtr\u00f3tti. Hon hevur arbeitt \u00ed \u00cdtr\u00f3ttasambandi F\u00f8roya og veri\u00f0 \u00e1 fleiri oyggjaleikum s\u00ed\u00f0an 2008. Annika er tilrei\u00f0ar at fara til abei\u00f0is \u00ed altj\u00f3\u00f0a oyggjaleikanevndini, har hon fer at br\u00faka s\u00ednar royndir oyggjaleikum og IIGA at frama.&nbsp;<\/p>\n\n\n\n<p>&#8211; Annika er ein fongur fyri IIGA, og vit gle\u00f0a okkum til samstarvi\u00f0, seg\u00f0i Andrew Inkster, forma\u00f0ur \u00ed IIGA, \u00e1 a\u00f0alfundinum.<\/p>\n\n\n\n<p>Elin He\u00f0insd\u00f3ttir Joensen, forseti \u00ed \u00cdSF, tekur undir vi\u00f0 formanninum \u00ed IIGA og leggur afturat, at hetta er serstakliga gott fyri f\u00f8royskan \u00edtr\u00f3tt og fer at styrkja um f\u00f8roysku \u00e1virkanina \u00ed oyggjaleikah\u00f8pi.<\/p>\n\n\n\n<p>A\u00f0alfundurin hj\u00e1 IIGA var\u00f0 hildin, samstundis sum Oyggjaleikir 2025 eru \u00ed gongd \u00ed Orknoyum. Higartil hava 20. leikirnir veri\u00f0 sera v\u00e6l eydna\u00f0ir vi\u00f0 fram\u00farskarandi ve\u00f0ri undir g\u00f3\u00f0um umst\u00f8\u00f0um. F\u00f8roysku \u00ed\u00f0kararnir hava longu gj\u00f8rt eitt ordans h\u00e1l og vunnu 33 hei\u00f0ursmerki annan kappingardagin.<\/p>\n\n\n\n<p><strong>N\u00fdggj oyggjaleikaheimas\u00ed\u00f0a<\/strong><\/p>\n\n\n\n<p>\u00c1 a\u00f0alfundinum v\u00f3ru eisini framl\u00f8gur hj\u00e1 komandi vertsoyggjum \u00e1 skr\u00e1nni, og um tvey \u00e1r eru F\u00f8royar vertir. Teitur Samuelsen, forma\u00f0ur \u00ed f\u00f8roysku oyggjaleikanevndini og Solby Christiansd\u00f3ttir, oyggjaleikasamskipari, greiddu fr\u00e1 fyrireikingunum til Betri Oyggjaleikir 2027 \u00ed F\u00f8royum.&nbsp;<\/p>\n\n\n\n<p>Undir framl\u00f8guni kom millum anna\u00f0 fram, at leikirnir ver\u00f0a hildnir um alt landi\u00f0, og at F\u00f8royar v\u00e6nta einar 2.500-3.000 luttakarar.&nbsp;<\/p>\n\n\n\n<p>\u00cd hesum sambandi var\u00f0 n\u00fdggja heimas\u00ed\u00f0an hj\u00e1 leikunum \u00ed F\u00f8royum almannakunngj\u00f8rd. S\u00ed\u00f0an er at finna \u00e1\u00a0<a href=\"https:\/\/www.faroeislands2027.fo\/\">https:\/\/www.faroeislands2027.fo\/<\/a>.\u00a0<\/p>\n\n\n\n<p>Oyggjaleikaheimas\u00ed\u00f0an er ein t\u00fd\u00f0andi kelda til kunning hj\u00e1 b\u00e6\u00f0i luttakarum, fj\u00f8lmi\u00f0lum og almenninginum \u00ed sambandi vi\u00f0 Betri Oyggjaleikir \u00ed F\u00f8royum 3.-9. juli 2027.&nbsp;<\/p>\n\n\n\n<p>Ta\u00f0 er samskiftisfyrit\u00f8kan Sansir, sum hevur ment f\u00f8roysku oyggjaleikaheimas\u00ed\u00f0una.&nbsp;<\/p>","protected":false},"excerpt":{"rendered":"<p>IIGA hevur havt a\u00f0alfund \u00ed Orknoyum fyrrapartin, har f\u00f8royskt umbo\u00f0 var\u00f0 valt \u00ed nevndina. Eisini kunna\u00f0u F\u00f8royar um fyrireikingarnar til [&hellip;]<\/p>\n","protected":false},"author":6,"featured_media":12911,"comment_status":"closed","ping_status":"closed","sticky":false,"template":"","format":"standard","meta":{"_acf_changed":false,"_relevanssi_hide_post":"","_relevanssi_hide_content":"","_relevanssi_pin_for_all":"","_relevanssi_pin_keywords":"","_relevanssi_unpin_keywords":"","_relevanssi_related_keywords":"","_relevanssi_related_include_ids":"","_relevanssi_related_exclude_ids":"","_relevanssi_related_no_append":"","_relevanssi_related_not_related":"","_relevanssi_related_posts":"","_relevanssi_noindex_reason":"","inline_featured_image":false,"footnotes":""},"categories":[1],"tags":[],"class_list":["post-12910","post","type-post","status-publish","format-standard","has-post-thumbnail","hentry","category-uncategorized"],"acf":[],"yoast_head":"<!-- This site is optimized with the Yoast SEO plugin v27.5 - https:\/\/yoast.com\/product\/yoast-seo-wordpress\/ -->\n<title>Annika Lindenskov vald \u00ed altj\u00f3\u00f0a oyggjaleikanevndina (IIGA) - \u00cdtr\u00f3ttasamband F\u00f8roya<\/title>\n<meta name=\"robots\" content=\"index, follow, max-snippet:-1, max-image-preview:large, max-video-preview:-1\" \/>\n<link rel=\"canonical\" href=\"https:\/\/isf.fo\/en\/annika-lindenskov-vald-i-altjoda-oyggjaleikanevndina-iiga\/\" \/>\n<meta property=\"og:locale\" content=\"en_US\" \/>\n<meta property=\"og:type\" content=\"article\" \/>\n<meta property=\"og:title\" content=\"Annika Lindenskov vald \u00ed altj\u00f3\u00f0a oyggjaleikanevndina (IIGA) - \u00cdtr\u00f3ttasamband F\u00f8roya\" \/>\n<meta property=\"og:description\" content=\"IIGA hevur havt a\u00f0alfund \u00ed Orknoyum fyrrapartin, har f\u00f8royskt umbo\u00f0 var\u00f0 valt \u00ed nevndina. Eisini kunna\u00f0u F\u00f8royar um fyrireikingarnar til [&hellip;]\" \/>\n<meta property=\"og:url\" content=\"https:\/\/isf.fo\/en\/annika-lindenskov-vald-i-altjoda-oyggjaleikanevndina-iiga\/\" \/>\n<meta property=\"og:site_name\" content=\"\u00cdtr\u00f3ttasamband F\u00f8roya\" \/>\n<meta property=\"article:publisher\" content=\"https:\/\/www.facebook.com\/itrottasambandid\" \/>\n<meta property=\"article:published_time\" content=\"2025-07-15T15:43:51+00:00\" \/>\n<meta property=\"article:modified_time\" content=\"2025-07-15T16:09:08+00:00\" \/>\n<meta property=\"og:image\" content=\"https:\/\/isf.fo\/wp-content\/uploads\/2025\/07\/Annika-Lindenskov-e1752594213311.jpg\" \/>\n\t<meta property=\"og:image:width\" content=\"1080\" \/>\n\t<meta property=\"og:image:height\" content=\"1020\" \/>\n\t<meta property=\"og:image:type\" content=\"image\/jpeg\" \/>\n<meta name=\"author\" content=\"Petur Mitt\u00fan\" \/>\n<meta name=\"twitter:card\" content=\"summary_large_image\" \/>\n<meta name=\"twitter:label1\" content=\"Written by\" \/>\n\t<meta name=\"twitter:data1\" content=\"Petur Mitt\u00fan\" \/>\n\t<meta name=\"twitter:label2\" content=\"Est. reading time\" \/>\n\t<meta name=\"twitter:data2\" content=\"2 minutes\" \/>\n<script type=\"application\/ld+json\" class=\"yoast-schema-graph\">{\"@context\":\"https:\\\/\\\/schema.org\",\"@graph\":[{\"@type\":\"Article\",\"@id\":\"https:\\\/\\\/isf.fo\\\/annika-lindenskov-vald-i-altjoda-oyggjaleikanevndina-iiga\\\/#article\",\"isPartOf\":{\"@id\":\"https:\\\/\\\/isf.fo\\\/annika-lindenskov-vald-i-altjoda-oyggjaleikanevndina-iiga\\\/\"},\"author\":{\"name\":\"Petur Mitt\u00fan\",\"@id\":\"https:\\\/\\\/isf.fo\\\/#\\\/schema\\\/person\\\/78ac1b623dbf0ace868a5dbcdaed016d\"},\"headline\":\"Annika Lindenskov vald \u00ed altj\u00f3\u00f0a oyggjaleikanevndina (IIGA)\",\"datePublished\":\"2025-07-15T15:43:51+00:00\",\"dateModified\":\"2025-07-15T16:09:08+00:00\",\"mainEntityOfPage\":{\"@id\":\"https:\\\/\\\/isf.fo\\\/annika-lindenskov-vald-i-altjoda-oyggjaleikanevndina-iiga\\\/\"},\"wordCount\":359,\"publisher\":{\"@id\":\"https:\\\/\\\/isf.fo\\\/#organization\"},\"image\":{\"@id\":\"https:\\\/\\\/isf.fo\\\/annika-lindenskov-vald-i-altjoda-oyggjaleikanevndina-iiga\\\/#primaryimage\"},\"thumbnailUrl\":\"https:\\\/\\\/isf.fo\\\/wp-content\\\/uploads\\\/2025\\\/07\\\/Annika-Lindenskov-e1752594213311.jpg\",\"articleSection\":[\"Ikki b\u00f3lka\"],\"inLanguage\":\"en-US\"},{\"@type\":\"WebPage\",\"@id\":\"https:\\\/\\\/isf.fo\\\/annika-lindenskov-vald-i-altjoda-oyggjaleikanevndina-iiga\\\/\",\"url\":\"https:\\\/\\\/isf.fo\\\/annika-lindenskov-vald-i-altjoda-oyggjaleikanevndina-iiga\\\/\",\"name\":\"Annika Lindenskov vald \u00ed altj\u00f3\u00f0a oyggjaleikanevndina (IIGA) - \u00cdtr\u00f3ttasamband F\u00f8roya\",\"isPartOf\":{\"@id\":\"https:\\\/\\\/isf.fo\\\/#website\"},\"primaryImageOfPage\":{\"@id\":\"https:\\\/\\\/isf.fo\\\/annika-lindenskov-vald-i-altjoda-oyggjaleikanevndina-iiga\\\/#primaryimage\"},\"image\":{\"@id\":\"https:\\\/\\\/isf.fo\\\/annika-lindenskov-vald-i-altjoda-oyggjaleikanevndina-iiga\\\/#primaryimage\"},\"thumbnailUrl\":\"https:\\\/\\\/isf.fo\\\/wp-content\\\/uploads\\\/2025\\\/07\\\/Annika-Lindenskov-e1752594213311.jpg\",\"datePublished\":\"2025-07-15T15:43:51+00:00\",\"dateModified\":\"2025-07-15T16:09:08+00:00\",\"breadcrumb\":{\"@id\":\"https:\\\/\\\/isf.fo\\\/annika-lindenskov-vald-i-altjoda-oyggjaleikanevndina-iiga\\\/#breadcrumb\"},\"inLanguage\":\"en-US\",\"potentialAction\":[{\"@type\":\"ReadAction\",\"target\":[\"https:\\\/\\\/isf.fo\\\/annika-lindenskov-vald-i-altjoda-oyggjaleikanevndina-iiga\\\/\"]}]},{\"@type\":\"ImageObject\",\"inLanguage\":\"en-US\",\"@id\":\"https:\\\/\\\/isf.fo\\\/annika-lindenskov-vald-i-altjoda-oyggjaleikanevndina-iiga\\\/#primaryimage\",\"url\":\"https:\\\/\\\/isf.fo\\\/wp-content\\\/uploads\\\/2025\\\/07\\\/Annika-Lindenskov-e1752594213311.jpg\",\"contentUrl\":\"https:\\\/\\\/isf.fo\\\/wp-content\\\/uploads\\\/2025\\\/07\\\/Annika-Lindenskov-e1752594213311.jpg\",\"width\":1080,\"height\":1020},{\"@type\":\"BreadcrumbList\",\"@id\":\"https:\\\/\\\/isf.fo\\\/annika-lindenskov-vald-i-altjoda-oyggjaleikanevndina-iiga\\\/#breadcrumb\",\"itemListElement\":[{\"@type\":\"ListItem\",\"position\":1,\"name\":\"Home\",\"item\":\"https:\\\/\\\/isf.fo\\\/\"},{\"@type\":\"ListItem\",\"position\":2,\"name\":\"Annika Lindenskov vald \u00ed altj\u00f3\u00f0a oyggjaleikanevndina (IIGA)\"}]},{\"@type\":\"WebSite\",\"@id\":\"https:\\\/\\\/isf.fo\\\/#website\",\"url\":\"https:\\\/\\\/isf.fo\\\/\",\"name\":\"\u00cdtr\u00f3ttasamband F\u00f8roya\",\"description\":\"\",\"publisher\":{\"@id\":\"https:\\\/\\\/isf.fo\\\/#organization\"},\"potentialAction\":[{\"@type\":\"SearchAction\",\"target\":{\"@type\":\"EntryPoint\",\"urlTemplate\":\"https:\\\/\\\/isf.fo\\\/?s={search_term_string}\"},\"query-input\":{\"@type\":\"PropertyValueSpecification\",\"valueRequired\":true,\"valueName\":\"search_term_string\"}}],\"inLanguage\":\"en-US\"},{\"@type\":\"Organization\",\"@id\":\"https:\\\/\\\/isf.fo\\\/#organization\",\"name\":\"\u00cdtr\u00f3ttasamband F\u00f8roya\",\"url\":\"https:\\\/\\\/isf.fo\\\/\",\"logo\":{\"@type\":\"ImageObject\",\"inLanguage\":\"en-US\",\"@id\":\"https:\\\/\\\/isf.fo\\\/#\\\/schema\\\/logo\\\/image\\\/\",\"url\":\"https:\\\/\\\/isf.fo\\\/wp-content\\\/uploads\\\/2025\\\/06\\\/ISF_Olympic-Committee-logo.png\",\"contentUrl\":\"https:\\\/\\\/isf.fo\\\/wp-content\\\/uploads\\\/2025\\\/06\\\/ISF_Olympic-Committee-logo.png\",\"width\":618,\"height\":121,\"caption\":\"\u00cdtr\u00f3ttasamband F\u00f8roya\"},\"image\":{\"@id\":\"https:\\\/\\\/isf.fo\\\/#\\\/schema\\\/logo\\\/image\\\/\"},\"sameAs\":[\"https:\\\/\\\/www.facebook.com\\\/itrottasambandid\"]},{\"@type\":\"Person\",\"@id\":\"https:\\\/\\\/isf.fo\\\/#\\\/schema\\\/person\\\/78ac1b623dbf0ace868a5dbcdaed016d\",\"name\":\"Petur Mitt\u00fan\",\"image\":{\"@type\":\"ImageObject\",\"inLanguage\":\"en-US\",\"@id\":\"https:\\\/\\\/secure.gravatar.com\\\/avatar\\\/6f731b65ffaeb1029d9436acc96fc12c3cef9200131daa85ab7762529a25d1d2?s=96&d=mm&r=g\",\"url\":\"https:\\\/\\\/secure.gravatar.com\\\/avatar\\\/6f731b65ffaeb1029d9436acc96fc12c3cef9200131daa85ab7762529a25d1d2?s=96&d=mm&r=g\",\"contentUrl\":\"https:\\\/\\\/secure.gravatar.com\\\/avatar\\\/6f731b65ffaeb1029d9436acc96fc12c3cef9200131daa85ab7762529a25d1d2?s=96&d=mm&r=g\",\"caption\":\"Petur Mitt\u00fan\"},\"url\":\"https:\\\/\\\/isf.fo\\\/en\\\/author\\\/petur\\\/\"}]}<\/script>\n<!-- \/ Yoast SEO plugin. -->","yoast_head_json":{"title":"Annika Lindenskov vald \u00ed altj\u00f3\u00f0a oyggjaleikanevndina (IIGA) - \u00cdtr\u00f3ttasamband F\u00f8roya","robots":{"index":"index","follow":"follow","max-snippet":"max-snippet:-1","max-image-preview":"max-image-preview:large","max-video-preview":"max-video-preview:-1"},"canonical":"https:\/\/isf.fo\/en\/annika-lindenskov-vald-i-altjoda-oyggjaleikanevndina-iiga\/","og_locale":"en_US","og_type":"article","og_title":"Annika Lindenskov vald \u00ed altj\u00f3\u00f0a oyggjaleikanevndina (IIGA) - \u00cdtr\u00f3ttasamband F\u00f8roya","og_description":"IIGA hevur havt a\u00f0alfund \u00ed Orknoyum fyrrapartin, har f\u00f8royskt umbo\u00f0 var\u00f0 valt \u00ed nevndina. Eisini kunna\u00f0u F\u00f8royar um fyrireikingarnar til [&hellip;]","og_url":"https:\/\/isf.fo\/en\/annika-lindenskov-vald-i-altjoda-oyggjaleikanevndina-iiga\/","og_site_name":"\u00cdtr\u00f3ttasamband F\u00f8roya","article_publisher":"https:\/\/www.facebook.com\/itrottasambandid","article_published_time":"2025-07-15T15:43:51+00:00","article_modified_time":"2025-07-15T16:09:08+00:00","og_image":[{"width":1080,"height":1020,"url":"https:\/\/isf.fo\/wp-content\/uploads\/2025\/07\/Annika-Lindenskov-e1752594213311.jpg","type":"image\/jpeg"}],"author":"Petur Mitt\u00fan","twitter_card":"summary_large_image","twitter_misc":{"Written by":"Petur Mitt\u00fan","Est. reading time":"2 minutes"},"schema":{"@context":"https:\/\/schema.org","@graph":[{"@type":"Article","@id":"https:\/\/isf.fo\/annika-lindenskov-vald-i-altjoda-oyggjaleikanevndina-iiga\/#article","isPartOf":{"@id":"https:\/\/isf.fo\/annika-lindenskov-vald-i-altjoda-oyggjaleikanevndina-iiga\/"},"author":{"name":"Petur Mitt\u00fan","@id":"https:\/\/isf.fo\/#\/schema\/person\/78ac1b623dbf0ace868a5dbcdaed016d"},"headline":"Annika Lindenskov vald \u00ed altj\u00f3\u00f0a oyggjaleikanevndina (IIGA)","datePublished":"2025-07-15T15:43:51+00:00","dateModified":"2025-07-15T16:09:08+00:00","mainEntityOfPage":{"@id":"https:\/\/isf.fo\/annika-lindenskov-vald-i-altjoda-oyggjaleikanevndina-iiga\/"},"wordCount":359,"publisher":{"@id":"https:\/\/isf.fo\/#organization"},"image":{"@id":"https:\/\/isf.fo\/annika-lindenskov-vald-i-altjoda-oyggjaleikanevndina-iiga\/#primaryimage"},"thumbnailUrl":"https:\/\/isf.fo\/wp-content\/uploads\/2025\/07\/Annika-Lindenskov-e1752594213311.jpg","articleSection":["Ikki b\u00f3lka"],"inLanguage":"en-US"},{"@type":"WebPage","@id":"https:\/\/isf.fo\/annika-lindenskov-vald-i-altjoda-oyggjaleikanevndina-iiga\/","url":"https:\/\/isf.fo\/annika-lindenskov-vald-i-altjoda-oyggjaleikanevndina-iiga\/","name":"Annika Lindenskov vald \u00ed altj\u00f3\u00f0a oyggjaleikanevndina (IIGA) - \u00cdtr\u00f3ttasamband F\u00f8roya","isPartOf":{"@id":"https:\/\/isf.fo\/#website"},"primaryImageOfPage":{"@id":"https:\/\/isf.fo\/annika-lindenskov-vald-i-altjoda-oyggjaleikanevndina-iiga\/#primaryimage"},"image":{"@id":"https:\/\/isf.fo\/annika-lindenskov-vald-i-altjoda-oyggjaleikanevndina-iiga\/#primaryimage"},"thumbnailUrl":"https:\/\/isf.fo\/wp-content\/uploads\/2025\/07\/Annika-Lindenskov-e1752594213311.jpg","datePublished":"2025-07-15T15:43:51+00:00","dateModified":"2025-07-15T16:09:08+00:00","breadcrumb":{"@id":"https:\/\/isf.fo\/annika-lindenskov-vald-i-altjoda-oyggjaleikanevndina-iiga\/#breadcrumb"},"inLanguage":"en-US","potentialAction":[{"@type":"ReadAction","target":["https:\/\/isf.fo\/annika-lindenskov-vald-i-altjoda-oyggjaleikanevndina-iiga\/"]}]},{"@type":"ImageObject","inLanguage":"en-US","@id":"https:\/\/isf.fo\/annika-lindenskov-vald-i-altjoda-oyggjaleikanevndina-iiga\/#primaryimage","url":"https:\/\/isf.fo\/wp-content\/uploads\/2025\/07\/Annika-Lindenskov-e1752594213311.jpg","contentUrl":"https:\/\/isf.fo\/wp-content\/uploads\/2025\/07\/Annika-Lindenskov-e1752594213311.jpg","width":1080,"height":1020},{"@type":"BreadcrumbList","@id":"https:\/\/isf.fo\/annika-lindenskov-vald-i-altjoda-oyggjaleikanevndina-iiga\/#breadcrumb","itemListElement":[{"@type":"ListItem","position":1,"name":"Home","item":"https:\/\/isf.fo\/"},{"@type":"ListItem","position":2,"name":"Annika Lindenskov vald \u00ed altj\u00f3\u00f0a oyggjaleikanevndina (IIGA)"}]},{"@type":"WebSite","@id":"https:\/\/isf.fo\/#website","url":"https:\/\/isf.fo\/","name":"\u00cdtr\u00f3ttasamband F\u00f8roya","description":"","publisher":{"@id":"https:\/\/isf.fo\/#organization"},"potentialAction":[{"@type":"SearchAction","target":{"@type":"EntryPoint","urlTemplate":"https:\/\/isf.fo\/?s={search_term_string}"},"query-input":{"@type":"PropertyValueSpecification","valueRequired":true,"valueName":"search_term_string"}}],"inLanguage":"en-US"},{"@type":"Organization","@id":"https:\/\/isf.fo\/#organization","name":"\u00cdtr\u00f3ttasamband F\u00f8roya","url":"https:\/\/isf.fo\/","logo":{"@type":"ImageObject","inLanguage":"en-US","@id":"https:\/\/isf.fo\/#\/schema\/logo\/image\/","url":"https:\/\/isf.fo\/wp-content\/uploads\/2025\/06\/ISF_Olympic-Committee-logo.png","contentUrl":"https:\/\/isf.fo\/wp-content\/uploads\/2025\/06\/ISF_Olympic-Committee-logo.png","width":618,"height":121,"caption":"\u00cdtr\u00f3ttasamband F\u00f8roya"},"image":{"@id":"https:\/\/isf.fo\/#\/schema\/logo\/image\/"},"sameAs":["https:\/\/www.facebook.com\/itrottasambandid"]},{"@type":"Person","@id":"https:\/\/isf.fo\/#\/schema\/person\/78ac1b623dbf0ace868a5dbcdaed016d","name":"Petur Mitt\u00fan","image":{"@type":"ImageObject","inLanguage":"en-US","@id":"https:\/\/secure.gravatar.com\/avatar\/6f731b65ffaeb1029d9436acc96fc12c3cef9200131daa85ab7762529a25d1d2?s=96&d=mm&r=g","url":"https:\/\/secure.gravatar.com\/avatar\/6f731b65ffaeb1029d9436acc96fc12c3cef9200131daa85ab7762529a25d1d2?s=96&d=mm&r=g","contentUrl":"https:\/\/secure.gravatar.com\/avatar\/6f731b65ffaeb1029d9436acc96fc12c3cef9200131daa85ab7762529a25d1d2?s=96&d=mm&r=g","caption":"Petur Mitt\u00fan"},"url":"https:\/\/isf.fo\/en\/author\/petur\/"}]}},"_links":{"self":[{"href":"https:\/\/isf.fo\/en\/wp-json\/wp\/v2\/posts\/12910","targetHints":{"allow":["GET"]}}],"collection":[{"href":"https:\/\/isf.fo\/en\/wp-json\/wp\/v2\/posts"}],"about":[{"href":"https:\/\/isf.fo\/en\/wp-json\/wp\/v2\/types\/post"}],"author":[{"embeddable":true,"href":"https:\/\/isf.fo\/en\/wp-json\/wp\/v2\/users\/6"}],"replies":[{"embeddable":true,"href":"https:\/\/isf.fo\/en\/wp-json\/wp\/v2\/comments?post=12910"}],"version-history":[{"count":2,"href":"https:\/\/isf.fo\/en\/wp-json\/wp\/v2\/posts\/12910\/revisions"}],"predecessor-version":[{"id":12915,"href":"https:\/\/isf.fo\/en\/wp-json\/wp\/v2\/posts\/12910\/revisions\/12915"}],"wp:featuredmedia":[{"embeddable":true,"href":"https:\/\/isf.fo\/en\/wp-json\/wp\/v2\/media\/12911"}],"wp:attachment":[{"href":"https:\/\/isf.fo\/en\/wp-json\/wp\/v2\/media?parent=12910"}],"wp:term":[{"taxonomy":"category","embeddable":true,"href":"https:\/\/isf.fo\/en\/wp-json\/wp\/v2\/categories?post=12910"},{"taxonomy":"post_tag","embeddable":true,"href":"https:\/\/isf.fo\/en\/wp-json\/wp\/v2\/tags?post=12910"}],"curies":[{"name":"wp","href":"https:\/\/api.w.org\/{rel}","templated":true}]}}