{"id":13344,"date":"2026-01-20T11:03:58","date_gmt":"2026-01-20T11:03:58","guid":{"rendered":"https:\/\/isf.fo\/?p=13344"},"modified":"2026-01-20T12:20:22","modified_gmt":"2026-01-20T12:20:22","slug":"itrottastjornuskotid-2025","status":"publish","type":"post","link":"https:\/\/isf.fo\/en\/itrottastjornuskotid-2025\/","title":{"rendered":"\u00cdtr\u00f3ttaSTJ\u00d8RNUSKOTI\u00d0 2025"},"content":{"rendered":"<p><em>Tey innstilla\u00f0u til hei\u00f0urin \u00cdtr\u00f3ttaSTJ\u00d8RNUSKOTI\u00d0 2025 er U21 hondb\u00f3ltslandsli\u00f0i\u00f0 hj\u00e1 monnum, <em>ambo\u00f0s fimleikarin Marin Danielsen<\/em> og r\u00f3gvarin Pauli Joensen. <\/em><\/p>\n\n\n\n<p>Hei\u00f0urin ver\u00f0ur latin einum ungum \u00edtr\u00f3ttaf\u00f3lki ella li\u00f0i, sum hevur skara\u00f0 fram\u00far \u00ed undanfarna \u00e1ri. \u00cdtr\u00f3ttaSTJ\u00d8RNUSKOTI\u00d0 er ein av teimum 8 hei\u00f0ursl\u00f8nunum, i\u00f0 ver\u00f0a latnar \u00e1 \u00cdtr\u00f3ttaFAGNA\u00d0INUM, sum ver\u00f0ur \u00ed Varpinum \u00ed Klaksv\u00edk, leygarkv\u00f8ldi\u00f0 7. februar 2026.<\/p>\n\n\n\n<p><\/p>\n\n\n\n<p><strong>U21 Menn landsli\u00f0 &#8211; Hondb\u00f3ltur<\/strong><\/p>\n\n\n\n<p>Ungu U21 menninir bergt\u00f3ku alla tj\u00f3\u00f0ina, t\u00e1 teir farna summar vunnu bronsu til U21 HM \u00ed P\u00f3llandi. Teir skriva\u00f0u f\u00f8royska \u00edtr\u00f3ttars\u00f8gu og gj\u00f8rdust fyrsta f\u00f8royska ungd\u00f3msli\u00f0 at vinna hei\u00f0ursmerki til eitt endasp\u00e6l.&nbsp;<\/p>\n\n\n\n<p>H\u00f3ast teir komu vi\u00f0 upp \u00e1 eitt sokalla\u00f0 \u201cwildcard\u201d, enda\u00f0u teir vi\u00f0 at ver\u00f0a ta\u00f0 li\u00f0i\u00f0, sum gj\u00f8rdi flest f\u00f3lk bilsin. \u00cd b\u00f3lkasp\u00e6linum vunnu dreingirnir tveir dystir, og leiktu javnt \u00edm\u00f3ti \u00cdslandi.&nbsp;<\/p>\n\n\n\n<p>\u00cd meginumfarinum st\u00f3\u00f0 Frakland fyrst fyri skotum. Tann dystin vunnu F\u00f8royar 28-27, og ta\u00f0 tryggja\u00f0i eitt pl\u00e1ss \u00ed fj\u00f3r\u00f0ingsfinaluni. Hin dystin vann Danmark sannf\u00f8randi, t\u00e1 fleiri av f\u00f8roysku leikarunum fingu hv\u00edld.&nbsp;<\/p>\n\n\n\n<p>\u00cd fj\u00f3r\u00f0ingsfinaluni \u00edm\u00f3ti Slovenia vunnu F\u00f8royar aftur og komu \u00ed h\u00e1lvfinaluna m\u00f3ti Portugal.<br>Allar F\u00f8royar hildu ondini, t\u00e1 li\u00f0ini tv\u00e6r fer\u00f0ir f\u00f3ru \u00ed longda leikt\u00ed\u00f0. H\u00f3ast ta\u00f0 ikki bleiv til eitt finalupl\u00e1ss, v\u00f3ru \u00f8ll errin av ungu monnunum, sum s\u00ed\u00f0ani sp\u00e6ldu um bronsuna \u00edm\u00f3ti Sv\u00f8r\u00edki. Teir reistu seg aftur, sp\u00e6ldu sannf\u00f8randi og sta\u00f0festu, at teir eru tri\u00f0bestir \u00ed heiminum.<\/p>\n\n\n\n<p>Enn eina fer\u00f0 er sta\u00f0fest, at F\u00f8royar eiga hondb\u00f3ltsleikarar, sum gera seg galdandi millum heimsins bestu. Li\u00f0i\u00f0 er manna\u00f0 vi\u00f0 leikarum \u00far n\u00f3gvum ymsum fel\u00f8gum. N\u00f3gvir eru eisini \u00e1 A-landsli\u00f0num &#8211; og teir hava v\u00edst, at alt ber til.&nbsp;<br><\/p>\n\n\n\n<p><strong>Marin Danielsen &#8211; Ambo\u00f0sfimleikur<\/strong><\/p>\n\n\n\n<p>Marin Danielsen er 15 \u00e1r, og h\u00f3ast s\u00edn unga aldur er hon ein av fremstu fimleikarunum \u00ed danska r\u00edkinum.&nbsp;<\/p>\n\n\n\n<p>Seinasta \u00e1ri\u00f0 hevur hon fingi\u00f0 h\u00f3patals \u00farslit, sum pr\u00f3gva, at hon eisini er \u00e1 h\u00e6dd vi\u00f0 bestu Nor\u00f0urlendsku \u00ed\u00f0kararnar.<\/p>\n\n\n\n<p>Marin vann gull \u00ed DM fyri juniorar \u00e1 barr og g\u00f3lvi. Hon vann silvur \u00ed lopi, bronsu \u00e1 bitanum og bronsu samanlagt. Hartil gull \u00ed li\u00f0kappingini saman vi\u00f0 danska li\u00f0num KG 66.<br>\u00c1 oyggjaleikum vunnu Marin og li\u00f0felagarnir sannf\u00f8randi. Sj\u00e1lv vann Marin gull \u00e1 g\u00f3lvi b\u00e6\u00f0i \u00ed bundnum serium og \u00ed finaluni.<br>Til FM vann hon gull \u00ed \u00f8llum ambo\u00f0um &#8211; lopi, barr, bita og g\u00f3lvi &#8211; og gull samanlagt.<\/p>\n\n\n\n<p>Hon umbo\u00f0a\u00f0i eisini F\u00f8royar \u00e1 Northern European Championships \u00ed Leicester og enda\u00f0i nr 29 samanlagt &#8211; bara 15 \u00e1ra gomul. Sera flott!<\/p>\n\n\n\n<p>Marin hevur v\u00edst st\u00f3rt \u00e1gr\u00fdtni og fram\u00far g\u00f3\u00f0 evni. Hon venur upp til 26 t\u00edmar um vikuna &#8211; og b\u00e6\u00f0i framgongd og \u00farslit eru ey\u00f0s\u00fdnd. Hon v\u00edsir altj\u00f3\u00f0a potentiali og styrki, og hon hevur allar fortreytir fyri at r\u00f8kka toppinum \u00ed altj\u00f3\u00f0a fimleiki komandi \u00e1rini.<\/p>\n\n\n\n<p>Hartil er Marin eisini ein sonn fyrimynd fyri a\u00f0rar ungar fimleikarar. Hon er hj\u00e1lpsom og fitt &#8211; og alt\u00ed\u00f0 kl\u00e1r at hj\u00e1lpa og veglei\u00f0a yngru \u00ed\u00f0karum.<\/p>\n\n\n\n<p><strong>Pauli Joensen &#8211; Innir\u00f3\u00f0ur<\/strong><\/p>\n\n\n\n<p>2025 hevur veri\u00f0 eitt fram\u00far menningar\u00e1r hj\u00e1 Paula Joensen.&nbsp;<\/p>\n\n\n\n<p>Hann er l\u00edtill\u00e1tin av lyndi, men ein verulig maskina, t\u00e1 hann r\u00f8r. Hann arbei\u00f0ir mi\u00f0v\u00edst, disiplinera\u00f0 og vi\u00f0 st\u00f3rum \u00e1r\u00e6\u00f0i. Ta\u00f0 s\u00e6st aftur \u00ed \u00farslitunum. Hann er ein fj\u00f8lbroyttur \u00ed\u00f0kari, i\u00f0 stendur seg v\u00e6l b\u00e6\u00f0i \u00e1 stuttu og longu teinunum.<\/p>\n\n\n\n<p>\u00cd fyrru \u00e1rsh\u00e1lvu lutt\u00f3k Pauli b\u00e6\u00f0i \u00ed F\u00f8roya-, Danmarks-, Nor\u00f0urlanda- og Heimsmeistarakappingini. \u00darslitini pr\u00f3gva st\u00f8\u00f0uga frambur\u00f0in, menningina og framt\u00ed\u00f0arpotentiali\u00f0.<\/p>\n\n\n\n<p>\u00cd seinnu seinnu h\u00e1lvu vann Pauli allar grand prix kappingarnar hj\u00e1 RSF sannf\u00f8randi, og hann t\u00f3k lut \u00ed Bretska meistaraheitinum, eisini kalla BRIC &#8211; \u00ed b\u00f3lkinum junior 2. Har vann hann tv\u00e6r bronsu, tr\u00edggjar silvur og eina gull.&nbsp;<\/p>\n\n\n\n<p>Hann hevur b\u00f8tt um t\u00ed\u00f0ina &#8211; og sostatt sett pers\u00f3nligt met &#8211; til hv\u00f8rja einastu kapping. Hetta er ein grei\u00f0 \u00e1bending um, at Pauli er \u00e1 r\u00e6ttari lei\u00f0, og at hann kann fara heilt til tops \u00ed altj\u00f3\u00f0a innir\u00f3\u00f0ri.<\/p>\n\n\n\n<p>Pauli Joensen er \u00ed \u00f8llum lutum ein \u00ed\u00f0kari, sum hevur flutt seg langt eftir stuttari t\u00ed\u00f0. Hann v\u00edsir \u00e1haldni, \u00e1r\u00e6\u00f0i, menning &#8211; og eitt framt\u00ed\u00f0arpotentiali, sum er \u00f3vanliga lovandi.&nbsp;<\/p>\n\n\n\n<p><\/p>\n\n\n\n<p><strong>\u00cdtr\u00f3ttaFAGNA\u00d0URIN 2025 ver\u00f0ur \u00ed Varpinum \u00ed Klaksv\u00edk leygarkv\u00f8ldi\u00f0 7. februar 2026 og ver\u00f0ur v\u00edstur beinlei\u00f0is \u00ed sj\u00f3nvarpinum hj\u00e1 Kringvarpinum.&nbsp;<\/strong><\/p>\n\n\n\n<p>Samstarvsfelagar til \u00cdtr\u00f3ttafagna\u00f0in 2026 eru:<\/p>\n\n\n\n<p>SMS &#8211; Bakkafrost &#8211; MBM &#8211; Betri &#8211; Atlantic Airways &#8211; Smyril Line &#8211; Klaksv\u00edkar Kommuna<\/p>\n\n\n\n<p><\/p>","protected":false},"excerpt":{"rendered":"<p>Tey innstilla\u00f0u til hei\u00f0urin \u00cdtr\u00f3ttaSTJ\u00d8RNUSKOTI\u00d0 2025 er U21 hondb\u00f3ltslandsli\u00f0i\u00f0 hj\u00e1 monnum, ambo\u00f0s fimleikarin Marin Danielsen og r\u00f3gvarin Pauli Joensen. Hei\u00f0urin [&hellip;]<\/p>\n","protected":false},"author":8,"featured_media":13345,"comment_status":"closed","ping_status":"closed","sticky":false,"template":"","format":"standard","meta":{"_acf_changed":false,"_relevanssi_hide_post":"","_relevanssi_hide_content":"","_relevanssi_pin_for_all":"","_relevanssi_pin_keywords":"","_relevanssi_unpin_keywords":"","_relevanssi_related_keywords":"","_relevanssi_related_include_ids":"","_relevanssi_related_exclude_ids":"","_relevanssi_related_no_append":"","_relevanssi_related_not_related":"","_relevanssi_related_posts":"","_relevanssi_noindex_reason":"","inline_featured_image":false,"footnotes":""},"categories":[168],"tags":[],"class_list":["post-13344","post","type-post","status-publish","format-standard","has-post-thumbnail","hentry","category-itrottafagnadur"],"acf":[],"yoast_head":"<!-- This site is optimized with the Yoast SEO plugin v27.3 - https:\/\/yoast.com\/product\/yoast-seo-wordpress\/ -->\n<title>\u00cdtr\u00f3ttaSTJ\u00d8RNUSKOTI\u00d0 2025 - \u00cdtr\u00f3ttasamband F\u00f8roya<\/title>\n<meta name=\"robots\" content=\"index, follow, max-snippet:-1, max-image-preview:large, max-video-preview:-1\" \/>\n<link rel=\"canonical\" href=\"https:\/\/isf.fo\/en\/itrottastjornuskotid-2025\/\" \/>\n<meta property=\"og:locale\" content=\"en_US\" \/>\n<meta property=\"og:type\" content=\"article\" \/>\n<meta property=\"og:title\" content=\"\u00cdtr\u00f3ttaSTJ\u00d8RNUSKOTI\u00d0 2025 - \u00cdtr\u00f3ttasamband F\u00f8roya\" \/>\n<meta property=\"og:description\" content=\"Tey innstilla\u00f0u til hei\u00f0urin \u00cdtr\u00f3ttaSTJ\u00d8RNUSKOTI\u00d0 2025 er U21 hondb\u00f3ltslandsli\u00f0i\u00f0 hj\u00e1 monnum, ambo\u00f0s fimleikarin Marin Danielsen og r\u00f3gvarin Pauli Joensen. Hei\u00f0urin [&hellip;]\" \/>\n<meta property=\"og:url\" content=\"https:\/\/isf.fo\/en\/itrottastjornuskotid-2025\/\" \/>\n<meta property=\"og:site_name\" content=\"\u00cdtr\u00f3ttasamband F\u00f8roya\" \/>\n<meta property=\"article:publisher\" content=\"https:\/\/www.facebook.com\/itrottasambandid\" \/>\n<meta property=\"article:published_time\" content=\"2026-01-20T11:03:58+00:00\" \/>\n<meta property=\"article:modified_time\" content=\"2026-01-20T12:20:22+00:00\" \/>\n<meta property=\"og:image\" content=\"https:\/\/isf.fo\/wp-content\/uploads\/2026\/01\/ItrottaSTJORNUSKOTID-2025.png\" \/>\n\t<meta property=\"og:image:width\" content=\"1654\" \/>\n\t<meta property=\"og:image:height\" content=\"1102\" \/>\n\t<meta property=\"og:image:type\" content=\"image\/png\" \/>\n<meta name=\"author\" content=\"Andras Nols\u00f8e\" \/>\n<meta name=\"twitter:card\" content=\"summary_large_image\" \/>\n<meta name=\"twitter:label1\" content=\"Written by\" \/>\n\t<meta name=\"twitter:data1\" content=\"Andras Nols\u00f8e\" \/>\n\t<meta name=\"twitter:label2\" content=\"Est. reading time\" \/>\n\t<meta name=\"twitter:data2\" content=\"4 minutes\" \/>\n<script type=\"application\/ld+json\" class=\"yoast-schema-graph\">{\"@context\":\"https:\\\/\\\/schema.org\",\"@graph\":[{\"@type\":\"Article\",\"@id\":\"https:\\\/\\\/isf.fo\\\/itrottastjornuskotid-2025\\\/#article\",\"isPartOf\":{\"@id\":\"https:\\\/\\\/isf.fo\\\/itrottastjornuskotid-2025\\\/\"},\"author\":{\"name\":\"Andras Nols\u00f8e\",\"@id\":\"https:\\\/\\\/isf.fo\\\/#\\\/schema\\\/person\\\/9362fc12ce91e7026317156d98d1ff4f\"},\"headline\":\"\u00cdtr\u00f3ttaSTJ\u00d8RNUSKOTI\u00d0 2025\",\"datePublished\":\"2026-01-20T11:03:58+00:00\",\"dateModified\":\"2026-01-20T12:20:22+00:00\",\"mainEntityOfPage\":{\"@id\":\"https:\\\/\\\/isf.fo\\\/itrottastjornuskotid-2025\\\/\"},\"wordCount\":809,\"publisher\":{\"@id\":\"https:\\\/\\\/isf.fo\\\/#organization\"},\"image\":{\"@id\":\"https:\\\/\\\/isf.fo\\\/itrottastjornuskotid-2025\\\/#primaryimage\"},\"thumbnailUrl\":\"https:\\\/\\\/isf.fo\\\/wp-content\\\/uploads\\\/2026\\\/01\\\/ItrottaSTJORNUSKOTID-2025.png\",\"articleSection\":[\"\u00cdtr\u00f3ttaFAGNA\u00d0UR\"],\"inLanguage\":\"en-US\"},{\"@type\":\"WebPage\",\"@id\":\"https:\\\/\\\/isf.fo\\\/itrottastjornuskotid-2025\\\/\",\"url\":\"https:\\\/\\\/isf.fo\\\/itrottastjornuskotid-2025\\\/\",\"name\":\"\u00cdtr\u00f3ttaSTJ\u00d8RNUSKOTI\u00d0 2025 - \u00cdtr\u00f3ttasamband F\u00f8roya\",\"isPartOf\":{\"@id\":\"https:\\\/\\\/isf.fo\\\/#website\"},\"primaryImageOfPage\":{\"@id\":\"https:\\\/\\\/isf.fo\\\/itrottastjornuskotid-2025\\\/#primaryimage\"},\"image\":{\"@id\":\"https:\\\/\\\/isf.fo\\\/itrottastjornuskotid-2025\\\/#primaryimage\"},\"thumbnailUrl\":\"https:\\\/\\\/isf.fo\\\/wp-content\\\/uploads\\\/2026\\\/01\\\/ItrottaSTJORNUSKOTID-2025.png\",\"datePublished\":\"2026-01-20T11:03:58+00:00\",\"dateModified\":\"2026-01-20T12:20:22+00:00\",\"breadcrumb\":{\"@id\":\"https:\\\/\\\/isf.fo\\\/itrottastjornuskotid-2025\\\/#breadcrumb\"},\"inLanguage\":\"en-US\",\"potentialAction\":[{\"@type\":\"ReadAction\",\"target\":[\"https:\\\/\\\/isf.fo\\\/itrottastjornuskotid-2025\\\/\"]}]},{\"@type\":\"ImageObject\",\"inLanguage\":\"en-US\",\"@id\":\"https:\\\/\\\/isf.fo\\\/itrottastjornuskotid-2025\\\/#primaryimage\",\"url\":\"https:\\\/\\\/isf.fo\\\/wp-content\\\/uploads\\\/2026\\\/01\\\/ItrottaSTJORNUSKOTID-2025.png\",\"contentUrl\":\"https:\\\/\\\/isf.fo\\\/wp-content\\\/uploads\\\/2026\\\/01\\\/ItrottaSTJORNUSKOTID-2025.png\",\"width\":1654,\"height\":1102},{\"@type\":\"BreadcrumbList\",\"@id\":\"https:\\\/\\\/isf.fo\\\/itrottastjornuskotid-2025\\\/#breadcrumb\",\"itemListElement\":[{\"@type\":\"ListItem\",\"position\":1,\"name\":\"Home\",\"item\":\"https:\\\/\\\/isf.fo\\\/\"},{\"@type\":\"ListItem\",\"position\":2,\"name\":\"\u00cdtr\u00f3ttaSTJ\u00d8RNUSKOTI\u00d0 2025\"}]},{\"@type\":\"WebSite\",\"@id\":\"https:\\\/\\\/isf.fo\\\/#website\",\"url\":\"https:\\\/\\\/isf.fo\\\/\",\"name\":\"\u00cdtr\u00f3ttasamband F\u00f8roya\",\"description\":\"\",\"publisher\":{\"@id\":\"https:\\\/\\\/isf.fo\\\/#organization\"},\"potentialAction\":[{\"@type\":\"SearchAction\",\"target\":{\"@type\":\"EntryPoint\",\"urlTemplate\":\"https:\\\/\\\/isf.fo\\\/?s={search_term_string}\"},\"query-input\":{\"@type\":\"PropertyValueSpecification\",\"valueRequired\":true,\"valueName\":\"search_term_string\"}}],\"inLanguage\":\"en-US\"},{\"@type\":\"Organization\",\"@id\":\"https:\\\/\\\/isf.fo\\\/#organization\",\"name\":\"\u00cdtr\u00f3ttasamband F\u00f8roya\",\"url\":\"https:\\\/\\\/isf.fo\\\/\",\"logo\":{\"@type\":\"ImageObject\",\"inLanguage\":\"en-US\",\"@id\":\"https:\\\/\\\/isf.fo\\\/#\\\/schema\\\/logo\\\/image\\\/\",\"url\":\"https:\\\/\\\/isf.fo\\\/wp-content\\\/uploads\\\/2025\\\/06\\\/ISF_Olympic-Committee-logo.png\",\"contentUrl\":\"https:\\\/\\\/isf.fo\\\/wp-content\\\/uploads\\\/2025\\\/06\\\/ISF_Olympic-Committee-logo.png\",\"width\":618,\"height\":121,\"caption\":\"\u00cdtr\u00f3ttasamband F\u00f8roya\"},\"image\":{\"@id\":\"https:\\\/\\\/isf.fo\\\/#\\\/schema\\\/logo\\\/image\\\/\"},\"sameAs\":[\"https:\\\/\\\/www.facebook.com\\\/itrottasambandid\"]},{\"@type\":\"Person\",\"@id\":\"https:\\\/\\\/isf.fo\\\/#\\\/schema\\\/person\\\/9362fc12ce91e7026317156d98d1ff4f\",\"name\":\"Andras Nols\u00f8e\",\"image\":{\"@type\":\"ImageObject\",\"inLanguage\":\"en-US\",\"@id\":\"https:\\\/\\\/secure.gravatar.com\\\/avatar\\\/9273eeace6b01b8154df2bf51835dcc2702210c09bbd2d02e25c681717bbc78f?s=96&d=mm&r=g\",\"url\":\"https:\\\/\\\/secure.gravatar.com\\\/avatar\\\/9273eeace6b01b8154df2bf51835dcc2702210c09bbd2d02e25c681717bbc78f?s=96&d=mm&r=g\",\"contentUrl\":\"https:\\\/\\\/secure.gravatar.com\\\/avatar\\\/9273eeace6b01b8154df2bf51835dcc2702210c09bbd2d02e25c681717bbc78f?s=96&d=mm&r=g\",\"caption\":\"Andras Nols\u00f8e\"},\"url\":\"https:\\\/\\\/isf.fo\\\/en\\\/author\\\/andras\\\/\"}]}<\/script>\n<!-- \/ Yoast SEO plugin. -->","yoast_head_json":{"title":"\u00cdtr\u00f3ttaSTJ\u00d8RNUSKOTI\u00d0 2025 - \u00cdtr\u00f3ttasamband F\u00f8roya","robots":{"index":"index","follow":"follow","max-snippet":"max-snippet:-1","max-image-preview":"max-image-preview:large","max-video-preview":"max-video-preview:-1"},"canonical":"https:\/\/isf.fo\/en\/itrottastjornuskotid-2025\/","og_locale":"en_US","og_type":"article","og_title":"\u00cdtr\u00f3ttaSTJ\u00d8RNUSKOTI\u00d0 2025 - \u00cdtr\u00f3ttasamband F\u00f8roya","og_description":"Tey innstilla\u00f0u til hei\u00f0urin \u00cdtr\u00f3ttaSTJ\u00d8RNUSKOTI\u00d0 2025 er U21 hondb\u00f3ltslandsli\u00f0i\u00f0 hj\u00e1 monnum, ambo\u00f0s fimleikarin Marin Danielsen og r\u00f3gvarin Pauli Joensen. Hei\u00f0urin [&hellip;]","og_url":"https:\/\/isf.fo\/en\/itrottastjornuskotid-2025\/","og_site_name":"\u00cdtr\u00f3ttasamband F\u00f8roya","article_publisher":"https:\/\/www.facebook.com\/itrottasambandid","article_published_time":"2026-01-20T11:03:58+00:00","article_modified_time":"2026-01-20T12:20:22+00:00","og_image":[{"width":1654,"height":1102,"url":"https:\/\/isf.fo\/wp-content\/uploads\/2026\/01\/ItrottaSTJORNUSKOTID-2025.png","type":"image\/png"}],"author":"Andras Nols\u00f8e","twitter_card":"summary_large_image","twitter_misc":{"Written by":"Andras Nols\u00f8e","Est. reading time":"4 minutes"},"schema":{"@context":"https:\/\/schema.org","@graph":[{"@type":"Article","@id":"https:\/\/isf.fo\/itrottastjornuskotid-2025\/#article","isPartOf":{"@id":"https:\/\/isf.fo\/itrottastjornuskotid-2025\/"},"author":{"name":"Andras Nols\u00f8e","@id":"https:\/\/isf.fo\/#\/schema\/person\/9362fc12ce91e7026317156d98d1ff4f"},"headline":"\u00cdtr\u00f3ttaSTJ\u00d8RNUSKOTI\u00d0 2025","datePublished":"2026-01-20T11:03:58+00:00","dateModified":"2026-01-20T12:20:22+00:00","mainEntityOfPage":{"@id":"https:\/\/isf.fo\/itrottastjornuskotid-2025\/"},"wordCount":809,"publisher":{"@id":"https:\/\/isf.fo\/#organization"},"image":{"@id":"https:\/\/isf.fo\/itrottastjornuskotid-2025\/#primaryimage"},"thumbnailUrl":"https:\/\/isf.fo\/wp-content\/uploads\/2026\/01\/ItrottaSTJORNUSKOTID-2025.png","articleSection":["\u00cdtr\u00f3ttaFAGNA\u00d0UR"],"inLanguage":"en-US"},{"@type":"WebPage","@id":"https:\/\/isf.fo\/itrottastjornuskotid-2025\/","url":"https:\/\/isf.fo\/itrottastjornuskotid-2025\/","name":"\u00cdtr\u00f3ttaSTJ\u00d8RNUSKOTI\u00d0 2025 - \u00cdtr\u00f3ttasamband F\u00f8roya","isPartOf":{"@id":"https:\/\/isf.fo\/#website"},"primaryImageOfPage":{"@id":"https:\/\/isf.fo\/itrottastjornuskotid-2025\/#primaryimage"},"image":{"@id":"https:\/\/isf.fo\/itrottastjornuskotid-2025\/#primaryimage"},"thumbnailUrl":"https:\/\/isf.fo\/wp-content\/uploads\/2026\/01\/ItrottaSTJORNUSKOTID-2025.png","datePublished":"2026-01-20T11:03:58+00:00","dateModified":"2026-01-20T12:20:22+00:00","breadcrumb":{"@id":"https:\/\/isf.fo\/itrottastjornuskotid-2025\/#breadcrumb"},"inLanguage":"en-US","potentialAction":[{"@type":"ReadAction","target":["https:\/\/isf.fo\/itrottastjornuskotid-2025\/"]}]},{"@type":"ImageObject","inLanguage":"en-US","@id":"https:\/\/isf.fo\/itrottastjornuskotid-2025\/#primaryimage","url":"https:\/\/isf.fo\/wp-content\/uploads\/2026\/01\/ItrottaSTJORNUSKOTID-2025.png","contentUrl":"https:\/\/isf.fo\/wp-content\/uploads\/2026\/01\/ItrottaSTJORNUSKOTID-2025.png","width":1654,"height":1102},{"@type":"BreadcrumbList","@id":"https:\/\/isf.fo\/itrottastjornuskotid-2025\/#breadcrumb","itemListElement":[{"@type":"ListItem","position":1,"name":"Home","item":"https:\/\/isf.fo\/"},{"@type":"ListItem","position":2,"name":"\u00cdtr\u00f3ttaSTJ\u00d8RNUSKOTI\u00d0 2025"}]},{"@type":"WebSite","@id":"https:\/\/isf.fo\/#website","url":"https:\/\/isf.fo\/","name":"\u00cdtr\u00f3ttasamband F\u00f8roya","description":"","publisher":{"@id":"https:\/\/isf.fo\/#organization"},"potentialAction":[{"@type":"SearchAction","target":{"@type":"EntryPoint","urlTemplate":"https:\/\/isf.fo\/?s={search_term_string}"},"query-input":{"@type":"PropertyValueSpecification","valueRequired":true,"valueName":"search_term_string"}}],"inLanguage":"en-US"},{"@type":"Organization","@id":"https:\/\/isf.fo\/#organization","name":"\u00cdtr\u00f3ttasamband F\u00f8roya","url":"https:\/\/isf.fo\/","logo":{"@type":"ImageObject","inLanguage":"en-US","@id":"https:\/\/isf.fo\/#\/schema\/logo\/image\/","url":"https:\/\/isf.fo\/wp-content\/uploads\/2025\/06\/ISF_Olympic-Committee-logo.png","contentUrl":"https:\/\/isf.fo\/wp-content\/uploads\/2025\/06\/ISF_Olympic-Committee-logo.png","width":618,"height":121,"caption":"\u00cdtr\u00f3ttasamband F\u00f8roya"},"image":{"@id":"https:\/\/isf.fo\/#\/schema\/logo\/image\/"},"sameAs":["https:\/\/www.facebook.com\/itrottasambandid"]},{"@type":"Person","@id":"https:\/\/isf.fo\/#\/schema\/person\/9362fc12ce91e7026317156d98d1ff4f","name":"Andras Nols\u00f8e","image":{"@type":"ImageObject","inLanguage":"en-US","@id":"https:\/\/secure.gravatar.com\/avatar\/9273eeace6b01b8154df2bf51835dcc2702210c09bbd2d02e25c681717bbc78f?s=96&d=mm&r=g","url":"https:\/\/secure.gravatar.com\/avatar\/9273eeace6b01b8154df2bf51835dcc2702210c09bbd2d02e25c681717bbc78f?s=96&d=mm&r=g","contentUrl":"https:\/\/secure.gravatar.com\/avatar\/9273eeace6b01b8154df2bf51835dcc2702210c09bbd2d02e25c681717bbc78f?s=96&d=mm&r=g","caption":"Andras Nols\u00f8e"},"url":"https:\/\/isf.fo\/en\/author\/andras\/"}]}},"_links":{"self":[{"href":"https:\/\/isf.fo\/en\/wp-json\/wp\/v2\/posts\/13344","targetHints":{"allow":["GET"]}}],"collection":[{"href":"https:\/\/isf.fo\/en\/wp-json\/wp\/v2\/posts"}],"about":[{"href":"https:\/\/isf.fo\/en\/wp-json\/wp\/v2\/types\/post"}],"author":[{"embeddable":true,"href":"https:\/\/isf.fo\/en\/wp-json\/wp\/v2\/users\/8"}],"replies":[{"embeddable":true,"href":"https:\/\/isf.fo\/en\/wp-json\/wp\/v2\/comments?post=13344"}],"version-history":[{"count":2,"href":"https:\/\/isf.fo\/en\/wp-json\/wp\/v2\/posts\/13344\/revisions"}],"predecessor-version":[{"id":13348,"href":"https:\/\/isf.fo\/en\/wp-json\/wp\/v2\/posts\/13344\/revisions\/13348"}],"wp:featuredmedia":[{"embeddable":true,"href":"https:\/\/isf.fo\/en\/wp-json\/wp\/v2\/media\/13345"}],"wp:attachment":[{"href":"https:\/\/isf.fo\/en\/wp-json\/wp\/v2\/media?parent=13344"}],"wp:term":[{"taxonomy":"category","embeddable":true,"href":"https:\/\/isf.fo\/en\/wp-json\/wp\/v2\/categories?post=13344"},{"taxonomy":"post_tag","embeddable":true,"href":"https:\/\/isf.fo\/en\/wp-json\/wp\/v2\/tags?post=13344"}],"curies":[{"name":"wp","href":"https:\/\/api.w.org\/{rel}","templated":true}]}}