{"id":13349,"date":"2026-01-21T10:30:27","date_gmt":"2026-01-21T10:30:27","guid":{"rendered":"https:\/\/isf.fo\/?p=13349"},"modified":"2026-01-21T10:32:26","modified_gmt":"2026-01-21T10:32:26","slug":"tilnevningar-til-itrottafelagsskapin-2025","status":"publish","type":"post","link":"https:\/\/isf.fo\/en\/tilnevningar-til-itrottafelagsskapin-2025\/","title":{"rendered":"Tilnevningar til \u00cdtr\u00f3ttaFELAGSSKAPIN 2025"},"content":{"rendered":"<p><em>Tey tilnevndu til hei\u00f0urin \u00cdtr\u00f3ttaFELAGSSKAPURIN 2025 eru <em>Svimjifelagi\u00f0 Hellufossur <em>\u00far Kv\u00edv\u00edk<\/em><\/em><\/em>,<em><em> <\/em>H\u00f3sv\u00edkar R\u00f3\u00f0rarfelag og Havnar Tennisfelag.\u00a0<\/em><\/p>\n\n\n\n<p>\u00c1 \u00cdtr\u00f3ttaFAGNA\u00d0INUM hj\u00e1 \u00cdSF ver\u00f0ur st\u00f3ra arbei\u00f0i\u00f0, sum fer fram \u00ed \u00edtr\u00f3ttafel\u00f8gunum og sambondunum, vi\u00f0urkent vi\u00f0 hei\u00f0ursl\u00f8nini Felagsskapurin 2025. Her ber til at skj\u00f3ta upp eitt v\u00e6lvirkandi felag ella samband, sum ger eitt gott \u00edtr\u00f3ttaligt og samfelagsligt arbei\u00f0i.<\/p>\n\n\n\n<p><strong>Svimjifelagi\u00f0 Hellufossur &#8211; Kv\u00edv\u00edk<\/strong><\/p>\n\n\n\n<p>Svimjifelagi\u00f0 Hellufossur var\u00f0 stovna\u00f0 \u00ed 2023 av lokalum f\u00f3lki, sum &#8211; h\u00f3ast tey ongar svimjif\u00f8rleikar h\u00f8vdu &#8211; vildu skapa eitt \u00edtr\u00f3ttartilbo\u00f0 til b\u00f8rn og ung \u00ed Kv\u00edv\u00edk og grannabygdunum.<\/p>\n\n\n\n<p>Endam\u00e1li\u00f0 var, at \u00f8ll b\u00f8rn skuldu l\u00e6ra at svimja, gerast vatnvon \u00e1 egnum st\u00f8\u00f0i &#8211; og at byggja ein sunnan, tryggan og sterkan sosialan felagsskap \u00ed n\u00e6rumhv\u00f8rvinum.<\/p>\n\n\n\n<p>\u00cd Hellufossi ver\u00f0ur dentur lagdur \u00e1 trygd, menning og eitt r\u00famligt umhv\u00f8rvi, har b\u00f8rn kenna seg v\u00e6l, og har fr\u00edt\u00ed\u00f0in gerst b\u00e6\u00f0i gevandi og stuttlig.<\/p>\n\n\n\n<p>Limatali\u00f0 er st\u00f8\u00f0ugt vaksandi vi\u00f0 74 \u00ed\u00f0kandi \u00far Kv\u00edv\u00edk, Vestmanna, Kollafir\u00f0i og fleiri \u00f8\u00f0rum bygdum, og felagi\u00f0 hevur eitt umfatandi tilbo\u00f0 vi\u00f0 venjingum, tilt\u00f8kum og kappingum.<\/p>\n\n\n\n<p>Stu\u00f0ulin fr\u00e1 foreldrum, kommunu og lokalum fel\u00f8gum hevur veri\u00f0 st\u00f3rur, og svimjifelagi\u00f0 hevur skapt eitt tiltrongt tilbo\u00f0. Ta\u00f0 hevur st\u00f3ran t\u00fddning fyri b\u00f8rn, ung og familjur \u00ed \u00f8kinum.&nbsp;<\/p>\n\n\n\n<p>Felagi\u00f0 styrkir lokala \u00edtr\u00f3ttal\u00edvi\u00f0, skapar stoltleika og savnar bygdirnar um eitt felags m\u00e1l &#8211; og \u00f8ll eru v\u00e6lkomin \u00f3ans\u00e6\u00f0 st\u00f8\u00f0i, aldur og bakgrund.&nbsp;<\/p>\n\n\n\n<p>Svimjifelagi\u00f0 Hellufossur er eitt d\u00f8mi um, at hugbur\u00f0ur, vilji og felagsskapur kunnu skapa naka\u00f0 st\u00f3rt \u2014 eisini t\u00e1 ein byrjar vi\u00f0 ongum \u00f8\u00f0rum enn eini svimjih\u00f8ll og einum sterkum vilja.<\/p>\n\n\n\n<p>***<\/p>\n\n\n\n<p><strong>H\u00f3sv\u00edkar R\u00f3\u00f0rarfelag<\/strong><\/p>\n\n\n\n<p>H\u00f3sv\u00edkar R\u00f3\u00f0rarfelag hevur ein savnandi leiklut \u00ed bygdini og \u00ed Sundalagnum. Felagi\u00f0 er sera virki\u00f0 og ein t\u00fd\u00f0andi felagsskapur.<\/p>\n\n\n\n<p>Felagi\u00f0 er \u00ed st\u00f8\u00f0ugum v\u00f8kstri og telist millum st\u00f8rstu r\u00f3\u00f0rarfel\u00f8g \u00ed landinum. Vi\u00f0 mongu sj\u00e1lvbodnu kreftunum skipar HVR javnan fyri ymiskum tilt\u00f8kum &#8211; eitt n\u00fa \u00e1rligu Regatta-siglingini, sum savnar allar F\u00f8royar.<\/p>\n\n\n\n<p>H\u00f3sv\u00edkar R\u00f3\u00f0rarfelag er fari\u00f0 at menna eitt n\u00fat\u00edmans neyst, og n\u00fdggir karmar eru ney\u00f0ugir, t\u00ed \u00ed 2025 v\u00f3ru heilar 7 manningar. \u00darslitini hava veri\u00f0 g\u00f3\u00f0 b\u00e6\u00f0i til FM-r\u00f3\u00f0urin &#8211; og til FM, NM, EM og HM \u00ed innir\u00f3\u00f0ri. Dentur ver\u00f0ur eisini lagdur \u00e1 breiddina, og ta\u00f0 skapar tilgongd.&nbsp;&nbsp;<\/p>\n\n\n\n<p>T\u00e1 manningarnar koma heim eftir kapping, bj\u00f3\u00f0ar felagi\u00f0 \u00f8llum bygdarf\u00f3lkinum til d\u00f8gur\u00f0a og kaffi \u00ed neystinum. Hetta samansj\u00f3\u00f0ar, styrkir lokala samleikan og skapar trivna\u00f0 \u00ed bygdini.&nbsp;<\/p>\n\n\n\n<p>Trivna\u00f0urin er sum heild eitt av h\u00f8vu\u00f0s\u00f8kjunum \u00ed H\u00f3sv\u00edkar R\u00f3\u00f0rarfelag, og felagi\u00f0 arbei\u00f0ir mi\u00f0v\u00edst vi\u00f0 b\u00e6\u00f0i venjingarlegum, team-building og tilt\u00f8kum fyri limirnar.<\/p>\n\n\n\n<p>H\u00f3sv\u00edkar R\u00f3\u00f0rarfelag er eitt fyrimyndarligt d\u00f8mi um ein \u00edtr\u00f3ttafelagsskap, i\u00f0 sameinir n\u00fdhugsan, dirvi, trivna\u00f0, breidd og \u00farslit. Felagi\u00f0 arbei\u00f0ir mi\u00f0v\u00edst vi\u00f0 sterkari sj\u00e1lvbodnari megi og setir menniskja\u00f0 og felagsskapin \u00ed mi\u00f0depilin.<\/p>\n\n\n\n<p>***<\/p>\n\n\n\n<p><strong>Havnar Tennisfelag<\/strong><\/p>\n\n\n\n<p>Havnar Tennisfelag er ein st\u00f8\u00f0ugt vaksandi felagsskapur, t\u00ed elds\u00e1lir hava fingi\u00f0 n\u00fdtt l\u00edv \u00ed tennis \u00ed F\u00f8royum.&nbsp;<\/p>\n\n\n\n<p>Somu f\u00f3lk eru eisini \u00ed Tennissambandinum, har vit hava s\u00e6\u00f0 g\u00f3\u00f0 \u00farslit \u00ed 2025, altj\u00f3\u00f0a limaskap og mi\u00f0v\u00edst landsli\u00f0sarbei\u00f0i.<\/p>\n\n\n\n<p>Elds\u00e1lirnar ganga \u00e1 odda \u00ed HT &#8211; og venja b\u00e6\u00f0i b\u00f8rnini og hv\u00f8r annan.<\/p>\n\n\n\n<p>\u00cd summar hev\u00f0i felagi\u00f0 ein polskan venjara. Dygdarg\u00f3\u00f0ar venjingar v\u00f3ru alt summari\u00f0 fyri b\u00f8rn og vaksin, og hetta var ein h\u00e1ttur at h\u00e6kka st\u00f8\u00f0i\u00f0 \u00ed F\u00f8royum.<\/p>\n\n\n\n<p>Felagi\u00f0 hevur eisini havt skei\u00f0 og venjingar fyri tey, sum hava havt langan tennisste\u00f0g ella aldri hava vant. Skei\u00f0ini hava veri\u00f0 fulltekna\u00f0 b\u00e6\u00f0i av kvinnum og monnum, og n\u00f3gv taka lut \u00ed \u00f8llum skei\u00f0um. Eisini hava venjaraskei\u00f0 eggja\u00f0 fleiri til at gerast venjarar.<\/p>\n\n\n\n<p>Havnar Tennisfelag hevur seinastu \u00e1rini arbeitt mi\u00f0v\u00edst vi\u00f0 at betra\u00f0 umst\u00f8\u00f0urnar kring v\u00f8llin, f\u00e1a n\u00fdggjar venjingarm\u00f8guleikar og skipa venjingar fyri b\u00f8rn. \u00cd heyst var h\u00f3pur av b\u00f8rnum eitt venjingarvikuskifti \u00ed \u00cdslandi. Hetta \u00f8kti motivati\u00f3nina og kveikti \u00e1hugan til at taka tennis \u00ed st\u00f8rri \u00e1lvara.<\/p>\n\n\n\n<p>Sosiali felagsskapurin er g\u00f3\u00f0ur, og av t\u00ed, at felagi\u00f0 er l\u00edti\u00f0, er l\u00e6tt at kenna seg v\u00e6lkomnan. Ta\u00f0 ver\u00f0ur skipa\u00f0 fyri \u00e1rsveitslum, arbei\u00f0sd\u00f8gnum og barnakappingum, har st\u00f3r og sm\u00e1 eru vi\u00f0 kring v\u00f8llin.<\/p>\n\n\n\n<p><strong>\u00cdtr\u00f3ttaFAGNA\u00d0URIN 2025 ver\u00f0ur \u00ed Varpinum \u00ed Klaksv\u00edk leygarkv\u00f8ldi\u00f0 7. Februar 2026&nbsp; og ver\u00f0ur v\u00edstur beinlei\u00f0is \u00ed sj\u00f3nvarpinum hj\u00e1 Kringvarpinum.&nbsp;<\/strong><\/p>\n\n\n\n<p>Samstarvsfelagar hj\u00e1 \u00cdtr\u00f3ttafagna\u00f0inum 2025 eru:<\/p>\n\n\n\n<p>SMS &#8211; Bakkafrost &#8211; Smyril Line &#8211; Betri &#8211; MBM &#8211; Atlantic Airways &#8211; Klaksv\u00edkar Kommuna<\/p>\n\n\n\n<p><\/p>","protected":false},"excerpt":{"rendered":"<p>Tey tilnevndu til hei\u00f0urin \u00cdtr\u00f3ttaFELAGSSKAPURIN 2025 eru Svimjifelagi\u00f0 Hellufossur \u00far Kv\u00edv\u00edk, H\u00f3sv\u00edkar R\u00f3\u00f0rarfelag og Havnar Tennisfelag.\u00a0 \u00c1 \u00cdtr\u00f3ttaFAGNA\u00d0INUM hj\u00e1 \u00cdSF [&hellip;]<\/p>\n","protected":false},"author":8,"featured_media":13350,"comment_status":"closed","ping_status":"closed","sticky":false,"template":"","format":"standard","meta":{"_acf_changed":false,"_relevanssi_hide_post":"","_relevanssi_hide_content":"","_relevanssi_pin_for_all":"","_relevanssi_pin_keywords":"","_relevanssi_unpin_keywords":"","_relevanssi_related_keywords":"","_relevanssi_related_include_ids":"","_relevanssi_related_exclude_ids":"","_relevanssi_related_no_append":"","_relevanssi_related_not_related":"","_relevanssi_related_posts":"","_relevanssi_noindex_reason":"","inline_featured_image":false,"footnotes":""},"categories":[168],"tags":[],"class_list":["post-13349","post","type-post","status-publish","format-standard","has-post-thumbnail","hentry","category-itrottafagnadur"],"acf":[],"yoast_head":"<!-- This site is optimized with the Yoast SEO plugin v27.3 - https:\/\/yoast.com\/product\/yoast-seo-wordpress\/ -->\n<title>Tilnevningar til \u00cdtr\u00f3ttaFELAGSSKAPIN 2025 - \u00cdtr\u00f3ttasamband F\u00f8roya<\/title>\n<meta name=\"robots\" content=\"index, follow, max-snippet:-1, max-image-preview:large, max-video-preview:-1\" \/>\n<link rel=\"canonical\" href=\"https:\/\/isf.fo\/en\/tilnevningar-til-itrottafelagsskapin-2025\/\" \/>\n<meta property=\"og:locale\" content=\"en_US\" \/>\n<meta property=\"og:type\" content=\"article\" \/>\n<meta property=\"og:title\" content=\"Tilnevningar til \u00cdtr\u00f3ttaFELAGSSKAPIN 2025 - \u00cdtr\u00f3ttasamband F\u00f8roya\" \/>\n<meta property=\"og:description\" content=\"Tey tilnevndu til hei\u00f0urin \u00cdtr\u00f3ttaFELAGSSKAPURIN 2025 eru Svimjifelagi\u00f0 Hellufossur \u00far Kv\u00edv\u00edk, H\u00f3sv\u00edkar R\u00f3\u00f0rarfelag og Havnar Tennisfelag.\u00a0 \u00c1 \u00cdtr\u00f3ttaFAGNA\u00d0INUM hj\u00e1 \u00cdSF [&hellip;]\" \/>\n<meta property=\"og:url\" content=\"https:\/\/isf.fo\/en\/tilnevningar-til-itrottafelagsskapin-2025\/\" \/>\n<meta property=\"og:site_name\" content=\"\u00cdtr\u00f3ttasamband F\u00f8roya\" \/>\n<meta property=\"article:publisher\" content=\"https:\/\/www.facebook.com\/itrottasambandid\" \/>\n<meta property=\"article:published_time\" content=\"2026-01-21T10:30:27+00:00\" \/>\n<meta property=\"article:modified_time\" content=\"2026-01-21T10:32:26+00:00\" \/>\n<meta property=\"og:image\" content=\"https:\/\/isf.fo\/wp-content\/uploads\/2026\/01\/ItrottaFELAGSSKAPURIN-2025.png\" \/>\n\t<meta property=\"og:image:width\" content=\"1654\" \/>\n\t<meta property=\"og:image:height\" content=\"1102\" \/>\n\t<meta property=\"og:image:type\" content=\"image\/png\" \/>\n<meta name=\"author\" content=\"Andras Nols\u00f8e\" \/>\n<meta name=\"twitter:card\" content=\"summary_large_image\" \/>\n<meta name=\"twitter:label1\" content=\"Written by\" \/>\n\t<meta name=\"twitter:data1\" content=\"Andras Nols\u00f8e\" \/>\n\t<meta name=\"twitter:label2\" content=\"Est. reading time\" \/>\n\t<meta name=\"twitter:data2\" content=\"4 minutes\" \/>\n<script type=\"application\/ld+json\" class=\"yoast-schema-graph\">{\"@context\":\"https:\\\/\\\/schema.org\",\"@graph\":[{\"@type\":\"Article\",\"@id\":\"https:\\\/\\\/isf.fo\\\/tilnevningar-til-itrottafelagsskapin-2025\\\/#article\",\"isPartOf\":{\"@id\":\"https:\\\/\\\/isf.fo\\\/tilnevningar-til-itrottafelagsskapin-2025\\\/\"},\"author\":{\"name\":\"Andras Nols\u00f8e\",\"@id\":\"https:\\\/\\\/isf.fo\\\/#\\\/schema\\\/person\\\/9362fc12ce91e7026317156d98d1ff4f\"},\"headline\":\"Tilnevningar til \u00cdtr\u00f3ttaFELAGSSKAPIN 2025\",\"datePublished\":\"2026-01-21T10:30:27+00:00\",\"dateModified\":\"2026-01-21T10:32:26+00:00\",\"mainEntityOfPage\":{\"@id\":\"https:\\\/\\\/isf.fo\\\/tilnevningar-til-itrottafelagsskapin-2025\\\/\"},\"wordCount\":809,\"publisher\":{\"@id\":\"https:\\\/\\\/isf.fo\\\/#organization\"},\"image\":{\"@id\":\"https:\\\/\\\/isf.fo\\\/tilnevningar-til-itrottafelagsskapin-2025\\\/#primaryimage\"},\"thumbnailUrl\":\"https:\\\/\\\/isf.fo\\\/wp-content\\\/uploads\\\/2026\\\/01\\\/ItrottaFELAGSSKAPURIN-2025.png\",\"articleSection\":[\"\u00cdtr\u00f3ttaFAGNA\u00d0UR\"],\"inLanguage\":\"en-US\"},{\"@type\":\"WebPage\",\"@id\":\"https:\\\/\\\/isf.fo\\\/tilnevningar-til-itrottafelagsskapin-2025\\\/\",\"url\":\"https:\\\/\\\/isf.fo\\\/tilnevningar-til-itrottafelagsskapin-2025\\\/\",\"name\":\"Tilnevningar til \u00cdtr\u00f3ttaFELAGSSKAPIN 2025 - \u00cdtr\u00f3ttasamband F\u00f8roya\",\"isPartOf\":{\"@id\":\"https:\\\/\\\/isf.fo\\\/#website\"},\"primaryImageOfPage\":{\"@id\":\"https:\\\/\\\/isf.fo\\\/tilnevningar-til-itrottafelagsskapin-2025\\\/#primaryimage\"},\"image\":{\"@id\":\"https:\\\/\\\/isf.fo\\\/tilnevningar-til-itrottafelagsskapin-2025\\\/#primaryimage\"},\"thumbnailUrl\":\"https:\\\/\\\/isf.fo\\\/wp-content\\\/uploads\\\/2026\\\/01\\\/ItrottaFELAGSSKAPURIN-2025.png\",\"datePublished\":\"2026-01-21T10:30:27+00:00\",\"dateModified\":\"2026-01-21T10:32:26+00:00\",\"breadcrumb\":{\"@id\":\"https:\\\/\\\/isf.fo\\\/tilnevningar-til-itrottafelagsskapin-2025\\\/#breadcrumb\"},\"inLanguage\":\"en-US\",\"potentialAction\":[{\"@type\":\"ReadAction\",\"target\":[\"https:\\\/\\\/isf.fo\\\/tilnevningar-til-itrottafelagsskapin-2025\\\/\"]}]},{\"@type\":\"ImageObject\",\"inLanguage\":\"en-US\",\"@id\":\"https:\\\/\\\/isf.fo\\\/tilnevningar-til-itrottafelagsskapin-2025\\\/#primaryimage\",\"url\":\"https:\\\/\\\/isf.fo\\\/wp-content\\\/uploads\\\/2026\\\/01\\\/ItrottaFELAGSSKAPURIN-2025.png\",\"contentUrl\":\"https:\\\/\\\/isf.fo\\\/wp-content\\\/uploads\\\/2026\\\/01\\\/ItrottaFELAGSSKAPURIN-2025.png\",\"width\":1654,\"height\":1102},{\"@type\":\"BreadcrumbList\",\"@id\":\"https:\\\/\\\/isf.fo\\\/tilnevningar-til-itrottafelagsskapin-2025\\\/#breadcrumb\",\"itemListElement\":[{\"@type\":\"ListItem\",\"position\":1,\"name\":\"Home\",\"item\":\"https:\\\/\\\/isf.fo\\\/\"},{\"@type\":\"ListItem\",\"position\":2,\"name\":\"Tilnevningar til \u00cdtr\u00f3ttaFELAGSSKAPIN 2025\"}]},{\"@type\":\"WebSite\",\"@id\":\"https:\\\/\\\/isf.fo\\\/#website\",\"url\":\"https:\\\/\\\/isf.fo\\\/\",\"name\":\"\u00cdtr\u00f3ttasamband F\u00f8roya\",\"description\":\"\",\"publisher\":{\"@id\":\"https:\\\/\\\/isf.fo\\\/#organization\"},\"potentialAction\":[{\"@type\":\"SearchAction\",\"target\":{\"@type\":\"EntryPoint\",\"urlTemplate\":\"https:\\\/\\\/isf.fo\\\/?s={search_term_string}\"},\"query-input\":{\"@type\":\"PropertyValueSpecification\",\"valueRequired\":true,\"valueName\":\"search_term_string\"}}],\"inLanguage\":\"en-US\"},{\"@type\":\"Organization\",\"@id\":\"https:\\\/\\\/isf.fo\\\/#organization\",\"name\":\"\u00cdtr\u00f3ttasamband F\u00f8roya\",\"url\":\"https:\\\/\\\/isf.fo\\\/\",\"logo\":{\"@type\":\"ImageObject\",\"inLanguage\":\"en-US\",\"@id\":\"https:\\\/\\\/isf.fo\\\/#\\\/schema\\\/logo\\\/image\\\/\",\"url\":\"https:\\\/\\\/isf.fo\\\/wp-content\\\/uploads\\\/2025\\\/06\\\/ISF_Olympic-Committee-logo.png\",\"contentUrl\":\"https:\\\/\\\/isf.fo\\\/wp-content\\\/uploads\\\/2025\\\/06\\\/ISF_Olympic-Committee-logo.png\",\"width\":618,\"height\":121,\"caption\":\"\u00cdtr\u00f3ttasamband F\u00f8roya\"},\"image\":{\"@id\":\"https:\\\/\\\/isf.fo\\\/#\\\/schema\\\/logo\\\/image\\\/\"},\"sameAs\":[\"https:\\\/\\\/www.facebook.com\\\/itrottasambandid\"]},{\"@type\":\"Person\",\"@id\":\"https:\\\/\\\/isf.fo\\\/#\\\/schema\\\/person\\\/9362fc12ce91e7026317156d98d1ff4f\",\"name\":\"Andras Nols\u00f8e\",\"image\":{\"@type\":\"ImageObject\",\"inLanguage\":\"en-US\",\"@id\":\"https:\\\/\\\/secure.gravatar.com\\\/avatar\\\/9273eeace6b01b8154df2bf51835dcc2702210c09bbd2d02e25c681717bbc78f?s=96&d=mm&r=g\",\"url\":\"https:\\\/\\\/secure.gravatar.com\\\/avatar\\\/9273eeace6b01b8154df2bf51835dcc2702210c09bbd2d02e25c681717bbc78f?s=96&d=mm&r=g\",\"contentUrl\":\"https:\\\/\\\/secure.gravatar.com\\\/avatar\\\/9273eeace6b01b8154df2bf51835dcc2702210c09bbd2d02e25c681717bbc78f?s=96&d=mm&r=g\",\"caption\":\"Andras Nols\u00f8e\"},\"url\":\"https:\\\/\\\/isf.fo\\\/en\\\/author\\\/andras\\\/\"}]}<\/script>\n<!-- \/ Yoast SEO plugin. -->","yoast_head_json":{"title":"Tilnevningar til \u00cdtr\u00f3ttaFELAGSSKAPIN 2025 - \u00cdtr\u00f3ttasamband F\u00f8roya","robots":{"index":"index","follow":"follow","max-snippet":"max-snippet:-1","max-image-preview":"max-image-preview:large","max-video-preview":"max-video-preview:-1"},"canonical":"https:\/\/isf.fo\/en\/tilnevningar-til-itrottafelagsskapin-2025\/","og_locale":"en_US","og_type":"article","og_title":"Tilnevningar til \u00cdtr\u00f3ttaFELAGSSKAPIN 2025 - \u00cdtr\u00f3ttasamband F\u00f8roya","og_description":"Tey tilnevndu til hei\u00f0urin \u00cdtr\u00f3ttaFELAGSSKAPURIN 2025 eru Svimjifelagi\u00f0 Hellufossur \u00far Kv\u00edv\u00edk, H\u00f3sv\u00edkar R\u00f3\u00f0rarfelag og Havnar Tennisfelag.\u00a0 \u00c1 \u00cdtr\u00f3ttaFAGNA\u00d0INUM hj\u00e1 \u00cdSF [&hellip;]","og_url":"https:\/\/isf.fo\/en\/tilnevningar-til-itrottafelagsskapin-2025\/","og_site_name":"\u00cdtr\u00f3ttasamband F\u00f8roya","article_publisher":"https:\/\/www.facebook.com\/itrottasambandid","article_published_time":"2026-01-21T10:30:27+00:00","article_modified_time":"2026-01-21T10:32:26+00:00","og_image":[{"width":1654,"height":1102,"url":"https:\/\/isf.fo\/wp-content\/uploads\/2026\/01\/ItrottaFELAGSSKAPURIN-2025.png","type":"image\/png"}],"author":"Andras Nols\u00f8e","twitter_card":"summary_large_image","twitter_misc":{"Written by":"Andras Nols\u00f8e","Est. reading time":"4 minutes"},"schema":{"@context":"https:\/\/schema.org","@graph":[{"@type":"Article","@id":"https:\/\/isf.fo\/tilnevningar-til-itrottafelagsskapin-2025\/#article","isPartOf":{"@id":"https:\/\/isf.fo\/tilnevningar-til-itrottafelagsskapin-2025\/"},"author":{"name":"Andras Nols\u00f8e","@id":"https:\/\/isf.fo\/#\/schema\/person\/9362fc12ce91e7026317156d98d1ff4f"},"headline":"Tilnevningar til \u00cdtr\u00f3ttaFELAGSSKAPIN 2025","datePublished":"2026-01-21T10:30:27+00:00","dateModified":"2026-01-21T10:32:26+00:00","mainEntityOfPage":{"@id":"https:\/\/isf.fo\/tilnevningar-til-itrottafelagsskapin-2025\/"},"wordCount":809,"publisher":{"@id":"https:\/\/isf.fo\/#organization"},"image":{"@id":"https:\/\/isf.fo\/tilnevningar-til-itrottafelagsskapin-2025\/#primaryimage"},"thumbnailUrl":"https:\/\/isf.fo\/wp-content\/uploads\/2026\/01\/ItrottaFELAGSSKAPURIN-2025.png","articleSection":["\u00cdtr\u00f3ttaFAGNA\u00d0UR"],"inLanguage":"en-US"},{"@type":"WebPage","@id":"https:\/\/isf.fo\/tilnevningar-til-itrottafelagsskapin-2025\/","url":"https:\/\/isf.fo\/tilnevningar-til-itrottafelagsskapin-2025\/","name":"Tilnevningar til \u00cdtr\u00f3ttaFELAGSSKAPIN 2025 - \u00cdtr\u00f3ttasamband F\u00f8roya","isPartOf":{"@id":"https:\/\/isf.fo\/#website"},"primaryImageOfPage":{"@id":"https:\/\/isf.fo\/tilnevningar-til-itrottafelagsskapin-2025\/#primaryimage"},"image":{"@id":"https:\/\/isf.fo\/tilnevningar-til-itrottafelagsskapin-2025\/#primaryimage"},"thumbnailUrl":"https:\/\/isf.fo\/wp-content\/uploads\/2026\/01\/ItrottaFELAGSSKAPURIN-2025.png","datePublished":"2026-01-21T10:30:27+00:00","dateModified":"2026-01-21T10:32:26+00:00","breadcrumb":{"@id":"https:\/\/isf.fo\/tilnevningar-til-itrottafelagsskapin-2025\/#breadcrumb"},"inLanguage":"en-US","potentialAction":[{"@type":"ReadAction","target":["https:\/\/isf.fo\/tilnevningar-til-itrottafelagsskapin-2025\/"]}]},{"@type":"ImageObject","inLanguage":"en-US","@id":"https:\/\/isf.fo\/tilnevningar-til-itrottafelagsskapin-2025\/#primaryimage","url":"https:\/\/isf.fo\/wp-content\/uploads\/2026\/01\/ItrottaFELAGSSKAPURIN-2025.png","contentUrl":"https:\/\/isf.fo\/wp-content\/uploads\/2026\/01\/ItrottaFELAGSSKAPURIN-2025.png","width":1654,"height":1102},{"@type":"BreadcrumbList","@id":"https:\/\/isf.fo\/tilnevningar-til-itrottafelagsskapin-2025\/#breadcrumb","itemListElement":[{"@type":"ListItem","position":1,"name":"Home","item":"https:\/\/isf.fo\/"},{"@type":"ListItem","position":2,"name":"Tilnevningar til \u00cdtr\u00f3ttaFELAGSSKAPIN 2025"}]},{"@type":"WebSite","@id":"https:\/\/isf.fo\/#website","url":"https:\/\/isf.fo\/","name":"\u00cdtr\u00f3ttasamband F\u00f8roya","description":"","publisher":{"@id":"https:\/\/isf.fo\/#organization"},"potentialAction":[{"@type":"SearchAction","target":{"@type":"EntryPoint","urlTemplate":"https:\/\/isf.fo\/?s={search_term_string}"},"query-input":{"@type":"PropertyValueSpecification","valueRequired":true,"valueName":"search_term_string"}}],"inLanguage":"en-US"},{"@type":"Organization","@id":"https:\/\/isf.fo\/#organization","name":"\u00cdtr\u00f3ttasamband F\u00f8roya","url":"https:\/\/isf.fo\/","logo":{"@type":"ImageObject","inLanguage":"en-US","@id":"https:\/\/isf.fo\/#\/schema\/logo\/image\/","url":"https:\/\/isf.fo\/wp-content\/uploads\/2025\/06\/ISF_Olympic-Committee-logo.png","contentUrl":"https:\/\/isf.fo\/wp-content\/uploads\/2025\/06\/ISF_Olympic-Committee-logo.png","width":618,"height":121,"caption":"\u00cdtr\u00f3ttasamband F\u00f8roya"},"image":{"@id":"https:\/\/isf.fo\/#\/schema\/logo\/image\/"},"sameAs":["https:\/\/www.facebook.com\/itrottasambandid"]},{"@type":"Person","@id":"https:\/\/isf.fo\/#\/schema\/person\/9362fc12ce91e7026317156d98d1ff4f","name":"Andras Nols\u00f8e","image":{"@type":"ImageObject","inLanguage":"en-US","@id":"https:\/\/secure.gravatar.com\/avatar\/9273eeace6b01b8154df2bf51835dcc2702210c09bbd2d02e25c681717bbc78f?s=96&d=mm&r=g","url":"https:\/\/secure.gravatar.com\/avatar\/9273eeace6b01b8154df2bf51835dcc2702210c09bbd2d02e25c681717bbc78f?s=96&d=mm&r=g","contentUrl":"https:\/\/secure.gravatar.com\/avatar\/9273eeace6b01b8154df2bf51835dcc2702210c09bbd2d02e25c681717bbc78f?s=96&d=mm&r=g","caption":"Andras Nols\u00f8e"},"url":"https:\/\/isf.fo\/en\/author\/andras\/"}]}},"_links":{"self":[{"href":"https:\/\/isf.fo\/en\/wp-json\/wp\/v2\/posts\/13349","targetHints":{"allow":["GET"]}}],"collection":[{"href":"https:\/\/isf.fo\/en\/wp-json\/wp\/v2\/posts"}],"about":[{"href":"https:\/\/isf.fo\/en\/wp-json\/wp\/v2\/types\/post"}],"author":[{"embeddable":true,"href":"https:\/\/isf.fo\/en\/wp-json\/wp\/v2\/users\/8"}],"replies":[{"embeddable":true,"href":"https:\/\/isf.fo\/en\/wp-json\/wp\/v2\/comments?post=13349"}],"version-history":[{"count":3,"href":"https:\/\/isf.fo\/en\/wp-json\/wp\/v2\/posts\/13349\/revisions"}],"predecessor-version":[{"id":13354,"href":"https:\/\/isf.fo\/en\/wp-json\/wp\/v2\/posts\/13349\/revisions\/13354"}],"wp:featuredmedia":[{"embeddable":true,"href":"https:\/\/isf.fo\/en\/wp-json\/wp\/v2\/media\/13350"}],"wp:attachment":[{"href":"https:\/\/isf.fo\/en\/wp-json\/wp\/v2\/media?parent=13349"}],"wp:term":[{"taxonomy":"category","embeddable":true,"href":"https:\/\/isf.fo\/en\/wp-json\/wp\/v2\/categories?post=13349"},{"taxonomy":"post_tag","embeddable":true,"href":"https:\/\/isf.fo\/en\/wp-json\/wp\/v2\/tags?post=13349"}],"curies":[{"name":"wp","href":"https:\/\/api.w.org\/{rel}","templated":true}]}}