{"id":2050,"date":"2011-07-13T09:58:17","date_gmt":"2011-07-13T08:58:17","guid":{"rendered":"https:\/\/isf.fo\/?p=2050"},"modified":"2011-07-13T09:58:17","modified_gmt":"2011-07-13T08:58:17","slug":"skeid-fyri-venjarum-hja-b%c3%b8rnum-og-ungum","status":"publish","type":"post","link":"https:\/\/isf.fo\/en\/skeid-fyri-venjarum-hja-b%c3%b8rnum-og-ungum\/","title":{"rendered":"Skei\u00f0 fyri venjarum hj\u00e1 b\u00f8rnum og ungum"},"content":{"rendered":"<p>&#8211; \u00cdtr\u00f3ttur fyri b\u00f8rn og ung.<\/p>\n<p>Fyrra skei\u00f0i\u00f0 ver\u00f0ur 2. og 3 sept.   2011 \u00ed \u00cdSF-h\u00fasinum \u00ed Havn<br \/>\nSeinna skei\u00f0i\u00f0  9.  og 10.  sept 2011 \u00ed \u00cdSF-h\u00fasinum \u00ed Havn. <\/p>\n<p>Byrja\u00f0 ver\u00f0ur fr\u00edggjakv\u00f8ldi\u00f0  kl. 18.00 til 22.00 og leygardagin er ta\u00f0 fr\u00e1 kl. 09.00 til 17.00.<br \/>\nEvni:<br \/>\n&#8211;\t\u00cdtr\u00f3ttan\u00e1msfr\u00f8\u00f0i<br \/>\n&#8211;\t\u00cdtr\u00f3ttaumhv\u00f8rvi<br \/>\n&#8211;\tMenning hj\u00e1 b\u00f8rnum<br \/>\n&#8211;\tVenjing<br \/>\n&#8211;\tTrygd og \u00e1byrgd<br \/>\n&#8211;\tEtikkur og moralur<\/p>\n<p>Skei\u00f0i\u00f0 skiftir \u00edmillum at vera teoretiskt og praktiskt. Leygardagin ver\u00f0ur praktisk venjing, so t\u00e1 er gott vi\u00f0 \u00edtr\u00f3ttakl\u00e6\u00f0um.<br \/>\nOngin pr\u00f3vt\u00f8ka er, men kravt ver\u00f0ur,  at uppm\u00f8tingin er 100%. Eftir loki\u00f0 skei\u00f0 ver\u00f0ur lutt\u00f8kubr\u00e6v \u00fatfl\u00fdggja\u00f0.<br \/>\nSkei\u00f0i\u00f0 er ein partur av venjara\u00fatb\u00fagvingini hj\u00e1 DIF, Danska \u00cdtr\u00f3ttasambandinum. M\u00f8guleiki er sostatt at byggja v\u00ed\u00f0ari upp \u00e1 skei\u00f0i\u00f0.<br \/>\nM\u00e1lb\u00f3lkur: Venjarar, hj\u00e1lparf\u00f3lk og lei\u00f0arar hj\u00e1 b\u00f8rnum og ungum. \u00d8ll sum hava \u00e1huga \u00ed og \u00e1byrgd av b\u00f8rnum og ungum, sum luttaka \u00ed \u00edtr\u00f3tti.<\/p>\n<p>Hvat f\u00e6rt t\u00fa burtur\u00far:<br \/>\n&#8211;\tVitan um menningina hj\u00e1 b\u00f8rnum, fysiskt, psykiskt og samfelagsligt<br \/>\n&#8211;\tT\u00fa  l\u00e6rir naka\u00f0 um n\u00e1msfr\u00f8\u00f0i,venjarar av ymsum slag, at seta s\u00e6r m\u00e1l, um t\u00fddningin av g\u00f3\u00f0um \u00edtr\u00f3ttaumhv\u00f8rvi.<br \/>\n&#8211;\t\u00cdt\u00f8kilig hugskot til sp\u00f8l og venjing hj\u00e1 b\u00f8rnum og ungum<\/p>\n<p><strong>Uppt\u00f8kutreytir:<\/strong> Luttakari skal vera 15 \u00e1r ella eldri. T\u00f3 kunnu vit gera fr\u00e1vik fr\u00e1 regluni um uppt\u00f8ku, um serst\u00f8k vi\u00f0urskifti tala fyri hesum.<br \/>\n<strong>Lutt\u00f8kugjald:<\/strong> Kostna\u00f0urin fyri skei\u00f0i\u00f0 er 250 kr at gjalda \u00e1 konto 9181  151.233.3.<br \/>\n\u00cdrokna\u00f0 er fr\u00e1l\u00e6rutilfar og matur. Eisini er m\u00f8guligt at f\u00e1a innivist, so m\u00e1 ver\u00f0a sagt fr\u00e1.<\/p>\n<p><strong>Tilmelding<\/strong><br \/>\nTilmelding er ney\u00f0ug og seinasta freist at melda til fyrra skei\u00f0i\u00f0 er mikudagin 24. august 2011   og seinna skei\u00f0i\u00f0 mikudagin 31. august 2011 \u00e1 jfh@isf.fo ella \u00e1 tlf. 312606 ella 280706.   Meiri f\u00e6st at vita fr\u00e1 \u00cdSF skrivstovuni tlf.: 312606 ella fr\u00e1 Jarvin \u00e1 telduposti jfh@isf.fo ella \u00e1 tlf.: 280706.<\/p>","protected":false},"excerpt":{"rendered":"<p>&#8211; \u00cdtr\u00f3ttur fyri b\u00f8rn og ung. Fyrra skei\u00f0i\u00f0 ver\u00f0ur 2. og 3 sept. 2011 \u00ed \u00cdSF-h\u00fasinum \u00ed Havn Seinna skei\u00f0i\u00f0 [&hellip;]<\/p>\n","protected":false},"author":6,"featured_media":0,"comment_status":"open","ping_status":"open","sticky":false,"template":"","format":"standard","meta":{"_acf_changed":false,"_relevanssi_hide_post":"","_relevanssi_hide_content":"","_relevanssi_pin_for_all":"","_relevanssi_pin_keywords":"","_relevanssi_unpin_keywords":"","_relevanssi_related_keywords":"","_relevanssi_related_include_ids":"","_relevanssi_related_exclude_ids":"","_relevanssi_related_no_append":"","_relevanssi_related_not_related":"","_relevanssi_related_posts":"","_relevanssi_noindex_reason":"","inline_featured_image":false,"footnotes":""},"categories":[2],"tags":[],"class_list":["post-2050","post","type-post","status-publish","format-standard","hentry","category-isf"],"acf":[],"yoast_head":"<!-- This site is optimized with the Yoast SEO plugin v27.5 - https:\/\/yoast.com\/product\/yoast-seo-wordpress\/ -->\n<title>Skei\u00f0 fyri venjarum hj\u00e1 b\u00f8rnum og ungum - \u00cdtr\u00f3ttasamband F\u00f8roya<\/title>\n<meta name=\"robots\" content=\"index, follow, max-snippet:-1, max-image-preview:large, max-video-preview:-1\" \/>\n<link rel=\"canonical\" href=\"https:\/\/isf.fo\/en\/skeid-fyri-venjarum-hja-b\u00f8rnum-og-ungum\/\" \/>\n<meta property=\"og:locale\" content=\"en_US\" \/>\n<meta property=\"og:type\" content=\"article\" \/>\n<meta property=\"og:title\" content=\"Skei\u00f0 fyri venjarum hj\u00e1 b\u00f8rnum og ungum - \u00cdtr\u00f3ttasamband F\u00f8roya\" \/>\n<meta property=\"og:description\" content=\"&#8211; \u00cdtr\u00f3ttur fyri b\u00f8rn og ung. Fyrra skei\u00f0i\u00f0 ver\u00f0ur 2. og 3 sept. 2011 \u00ed \u00cdSF-h\u00fasinum \u00ed Havn Seinna skei\u00f0i\u00f0 [&hellip;]\" \/>\n<meta property=\"og:url\" content=\"https:\/\/isf.fo\/en\/skeid-fyri-venjarum-hja-b\u00f8rnum-og-ungum\/\" \/>\n<meta property=\"og:site_name\" content=\"\u00cdtr\u00f3ttasamband F\u00f8roya\" \/>\n<meta property=\"article:publisher\" content=\"https:\/\/www.facebook.com\/itrottasambandid\" \/>\n<meta property=\"article:published_time\" content=\"2011-07-13T08:58:17+00:00\" \/>\n<meta name=\"author\" content=\"Petur Mitt\u00fan\" \/>\n<meta name=\"twitter:card\" content=\"summary_large_image\" \/>\n<meta name=\"twitter:label1\" content=\"Written by\" \/>\n\t<meta name=\"twitter:data1\" content=\"Petur Mitt\u00fan\" \/>\n\t<meta name=\"twitter:label2\" content=\"Est. reading time\" \/>\n\t<meta name=\"twitter:data2\" content=\"2 minutes\" \/>\n<script type=\"application\/ld+json\" class=\"yoast-schema-graph\">{\"@context\":\"https:\\\/\\\/schema.org\",\"@graph\":[{\"@type\":\"Article\",\"@id\":\"https:\\\/\\\/isf.fo\\\/skeid-fyri-venjarum-hja-b%c3%b8rnum-og-ungum\\\/#article\",\"isPartOf\":{\"@id\":\"https:\\\/\\\/isf.fo\\\/skeid-fyri-venjarum-hja-b%c3%b8rnum-og-ungum\\\/\"},\"author\":{\"name\":\"Petur Mitt\u00fan\",\"@id\":\"https:\\\/\\\/isf.fo\\\/#\\\/schema\\\/person\\\/78ac1b623dbf0ace868a5dbcdaed016d\"},\"headline\":\"Skei\u00f0 fyri venjarum hj\u00e1 b\u00f8rnum og ungum\",\"datePublished\":\"2011-07-13T08:58:17+00:00\",\"mainEntityOfPage\":{\"@id\":\"https:\\\/\\\/isf.fo\\\/skeid-fyri-venjarum-hja-b%c3%b8rnum-og-ungum\\\/\"},\"wordCount\":340,\"commentCount\":0,\"publisher\":{\"@id\":\"https:\\\/\\\/isf.fo\\\/#organization\"},\"articleSection\":[\"\u00cdSF\"],\"inLanguage\":\"en-US\"},{\"@type\":\"WebPage\",\"@id\":\"https:\\\/\\\/isf.fo\\\/skeid-fyri-venjarum-hja-b%c3%b8rnum-og-ungum\\\/\",\"url\":\"https:\\\/\\\/isf.fo\\\/skeid-fyri-venjarum-hja-b%c3%b8rnum-og-ungum\\\/\",\"name\":\"Skei\u00f0 fyri venjarum hj\u00e1 b\u00f8rnum og ungum - \u00cdtr\u00f3ttasamband F\u00f8roya\",\"isPartOf\":{\"@id\":\"https:\\\/\\\/isf.fo\\\/#website\"},\"datePublished\":\"2011-07-13T08:58:17+00:00\",\"breadcrumb\":{\"@id\":\"https:\\\/\\\/isf.fo\\\/skeid-fyri-venjarum-hja-b%c3%b8rnum-og-ungum\\\/#breadcrumb\"},\"inLanguage\":\"en-US\",\"potentialAction\":[{\"@type\":\"ReadAction\",\"target\":[\"https:\\\/\\\/isf.fo\\\/skeid-fyri-venjarum-hja-b%c3%b8rnum-og-ungum\\\/\"]}]},{\"@type\":\"BreadcrumbList\",\"@id\":\"https:\\\/\\\/isf.fo\\\/skeid-fyri-venjarum-hja-b%c3%b8rnum-og-ungum\\\/#breadcrumb\",\"itemListElement\":[{\"@type\":\"ListItem\",\"position\":1,\"name\":\"Home\",\"item\":\"https:\\\/\\\/isf.fo\\\/\"},{\"@type\":\"ListItem\",\"position\":2,\"name\":\"Skei\u00f0 fyri venjarum hj\u00e1 b\u00f8rnum og ungum\"}]},{\"@type\":\"WebSite\",\"@id\":\"https:\\\/\\\/isf.fo\\\/#website\",\"url\":\"https:\\\/\\\/isf.fo\\\/\",\"name\":\"\u00cdtr\u00f3ttasamband F\u00f8roya\",\"description\":\"\",\"publisher\":{\"@id\":\"https:\\\/\\\/isf.fo\\\/#organization\"},\"potentialAction\":[{\"@type\":\"SearchAction\",\"target\":{\"@type\":\"EntryPoint\",\"urlTemplate\":\"https:\\\/\\\/isf.fo\\\/?s={search_term_string}\"},\"query-input\":{\"@type\":\"PropertyValueSpecification\",\"valueRequired\":true,\"valueName\":\"search_term_string\"}}],\"inLanguage\":\"en-US\"},{\"@type\":\"Organization\",\"@id\":\"https:\\\/\\\/isf.fo\\\/#organization\",\"name\":\"\u00cdtr\u00f3ttasamband F\u00f8roya\",\"url\":\"https:\\\/\\\/isf.fo\\\/\",\"logo\":{\"@type\":\"ImageObject\",\"inLanguage\":\"en-US\",\"@id\":\"https:\\\/\\\/isf.fo\\\/#\\\/schema\\\/logo\\\/image\\\/\",\"url\":\"https:\\\/\\\/isf.fo\\\/wp-content\\\/uploads\\\/2025\\\/06\\\/ISF_Olympic-Committee-logo.png\",\"contentUrl\":\"https:\\\/\\\/isf.fo\\\/wp-content\\\/uploads\\\/2025\\\/06\\\/ISF_Olympic-Committee-logo.png\",\"width\":618,\"height\":121,\"caption\":\"\u00cdtr\u00f3ttasamband F\u00f8roya\"},\"image\":{\"@id\":\"https:\\\/\\\/isf.fo\\\/#\\\/schema\\\/logo\\\/image\\\/\"},\"sameAs\":[\"https:\\\/\\\/www.facebook.com\\\/itrottasambandid\"]},{\"@type\":\"Person\",\"@id\":\"https:\\\/\\\/isf.fo\\\/#\\\/schema\\\/person\\\/78ac1b623dbf0ace868a5dbcdaed016d\",\"name\":\"Petur Mitt\u00fan\",\"image\":{\"@type\":\"ImageObject\",\"inLanguage\":\"en-US\",\"@id\":\"https:\\\/\\\/secure.gravatar.com\\\/avatar\\\/6f731b65ffaeb1029d9436acc96fc12c3cef9200131daa85ab7762529a25d1d2?s=96&d=mm&r=g\",\"url\":\"https:\\\/\\\/secure.gravatar.com\\\/avatar\\\/6f731b65ffaeb1029d9436acc96fc12c3cef9200131daa85ab7762529a25d1d2?s=96&d=mm&r=g\",\"contentUrl\":\"https:\\\/\\\/secure.gravatar.com\\\/avatar\\\/6f731b65ffaeb1029d9436acc96fc12c3cef9200131daa85ab7762529a25d1d2?s=96&d=mm&r=g\",\"caption\":\"Petur Mitt\u00fan\"},\"url\":\"https:\\\/\\\/isf.fo\\\/en\\\/author\\\/petur\\\/\"}]}<\/script>\n<!-- \/ Yoast SEO plugin. -->","yoast_head_json":{"title":"Skei\u00f0 fyri venjarum hj\u00e1 b\u00f8rnum og ungum - \u00cdtr\u00f3ttasamband F\u00f8roya","robots":{"index":"index","follow":"follow","max-snippet":"max-snippet:-1","max-image-preview":"max-image-preview:large","max-video-preview":"max-video-preview:-1"},"canonical":"https:\/\/isf.fo\/en\/skeid-fyri-venjarum-hja-b\u00f8rnum-og-ungum\/","og_locale":"en_US","og_type":"article","og_title":"Skei\u00f0 fyri venjarum hj\u00e1 b\u00f8rnum og ungum - \u00cdtr\u00f3ttasamband F\u00f8roya","og_description":"&#8211; \u00cdtr\u00f3ttur fyri b\u00f8rn og ung. Fyrra skei\u00f0i\u00f0 ver\u00f0ur 2. og 3 sept. 2011 \u00ed \u00cdSF-h\u00fasinum \u00ed Havn Seinna skei\u00f0i\u00f0 [&hellip;]","og_url":"https:\/\/isf.fo\/en\/skeid-fyri-venjarum-hja-b\u00f8rnum-og-ungum\/","og_site_name":"\u00cdtr\u00f3ttasamband F\u00f8roya","article_publisher":"https:\/\/www.facebook.com\/itrottasambandid","article_published_time":"2011-07-13T08:58:17+00:00","author":"Petur Mitt\u00fan","twitter_card":"summary_large_image","twitter_misc":{"Written by":"Petur Mitt\u00fan","Est. reading time":"2 minutes"},"schema":{"@context":"https:\/\/schema.org","@graph":[{"@type":"Article","@id":"https:\/\/isf.fo\/skeid-fyri-venjarum-hja-b%c3%b8rnum-og-ungum\/#article","isPartOf":{"@id":"https:\/\/isf.fo\/skeid-fyri-venjarum-hja-b%c3%b8rnum-og-ungum\/"},"author":{"name":"Petur Mitt\u00fan","@id":"https:\/\/isf.fo\/#\/schema\/person\/78ac1b623dbf0ace868a5dbcdaed016d"},"headline":"Skei\u00f0 fyri venjarum hj\u00e1 b\u00f8rnum og ungum","datePublished":"2011-07-13T08:58:17+00:00","mainEntityOfPage":{"@id":"https:\/\/isf.fo\/skeid-fyri-venjarum-hja-b%c3%b8rnum-og-ungum\/"},"wordCount":340,"commentCount":0,"publisher":{"@id":"https:\/\/isf.fo\/#organization"},"articleSection":["\u00cdSF"],"inLanguage":"en-US"},{"@type":"WebPage","@id":"https:\/\/isf.fo\/skeid-fyri-venjarum-hja-b%c3%b8rnum-og-ungum\/","url":"https:\/\/isf.fo\/skeid-fyri-venjarum-hja-b%c3%b8rnum-og-ungum\/","name":"Skei\u00f0 fyri venjarum hj\u00e1 b\u00f8rnum og ungum - \u00cdtr\u00f3ttasamband F\u00f8roya","isPartOf":{"@id":"https:\/\/isf.fo\/#website"},"datePublished":"2011-07-13T08:58:17+00:00","breadcrumb":{"@id":"https:\/\/isf.fo\/skeid-fyri-venjarum-hja-b%c3%b8rnum-og-ungum\/#breadcrumb"},"inLanguage":"en-US","potentialAction":[{"@type":"ReadAction","target":["https:\/\/isf.fo\/skeid-fyri-venjarum-hja-b%c3%b8rnum-og-ungum\/"]}]},{"@type":"BreadcrumbList","@id":"https:\/\/isf.fo\/skeid-fyri-venjarum-hja-b%c3%b8rnum-og-ungum\/#breadcrumb","itemListElement":[{"@type":"ListItem","position":1,"name":"Home","item":"https:\/\/isf.fo\/"},{"@type":"ListItem","position":2,"name":"Skei\u00f0 fyri venjarum hj\u00e1 b\u00f8rnum og ungum"}]},{"@type":"WebSite","@id":"https:\/\/isf.fo\/#website","url":"https:\/\/isf.fo\/","name":"\u00cdtr\u00f3ttasamband F\u00f8roya","description":"","publisher":{"@id":"https:\/\/isf.fo\/#organization"},"potentialAction":[{"@type":"SearchAction","target":{"@type":"EntryPoint","urlTemplate":"https:\/\/isf.fo\/?s={search_term_string}"},"query-input":{"@type":"PropertyValueSpecification","valueRequired":true,"valueName":"search_term_string"}}],"inLanguage":"en-US"},{"@type":"Organization","@id":"https:\/\/isf.fo\/#organization","name":"\u00cdtr\u00f3ttasamband F\u00f8roya","url":"https:\/\/isf.fo\/","logo":{"@type":"ImageObject","inLanguage":"en-US","@id":"https:\/\/isf.fo\/#\/schema\/logo\/image\/","url":"https:\/\/isf.fo\/wp-content\/uploads\/2025\/06\/ISF_Olympic-Committee-logo.png","contentUrl":"https:\/\/isf.fo\/wp-content\/uploads\/2025\/06\/ISF_Olympic-Committee-logo.png","width":618,"height":121,"caption":"\u00cdtr\u00f3ttasamband F\u00f8roya"},"image":{"@id":"https:\/\/isf.fo\/#\/schema\/logo\/image\/"},"sameAs":["https:\/\/www.facebook.com\/itrottasambandid"]},{"@type":"Person","@id":"https:\/\/isf.fo\/#\/schema\/person\/78ac1b623dbf0ace868a5dbcdaed016d","name":"Petur Mitt\u00fan","image":{"@type":"ImageObject","inLanguage":"en-US","@id":"https:\/\/secure.gravatar.com\/avatar\/6f731b65ffaeb1029d9436acc96fc12c3cef9200131daa85ab7762529a25d1d2?s=96&d=mm&r=g","url":"https:\/\/secure.gravatar.com\/avatar\/6f731b65ffaeb1029d9436acc96fc12c3cef9200131daa85ab7762529a25d1d2?s=96&d=mm&r=g","contentUrl":"https:\/\/secure.gravatar.com\/avatar\/6f731b65ffaeb1029d9436acc96fc12c3cef9200131daa85ab7762529a25d1d2?s=96&d=mm&r=g","caption":"Petur Mitt\u00fan"},"url":"https:\/\/isf.fo\/en\/author\/petur\/"}]}},"_links":{"self":[{"href":"https:\/\/isf.fo\/en\/wp-json\/wp\/v2\/posts\/2050","targetHints":{"allow":["GET"]}}],"collection":[{"href":"https:\/\/isf.fo\/en\/wp-json\/wp\/v2\/posts"}],"about":[{"href":"https:\/\/isf.fo\/en\/wp-json\/wp\/v2\/types\/post"}],"author":[{"embeddable":true,"href":"https:\/\/isf.fo\/en\/wp-json\/wp\/v2\/users\/6"}],"replies":[{"embeddable":true,"href":"https:\/\/isf.fo\/en\/wp-json\/wp\/v2\/comments?post=2050"}],"version-history":[{"count":0,"href":"https:\/\/isf.fo\/en\/wp-json\/wp\/v2\/posts\/2050\/revisions"}],"wp:attachment":[{"href":"https:\/\/isf.fo\/en\/wp-json\/wp\/v2\/media?parent=2050"}],"wp:term":[{"taxonomy":"category","embeddable":true,"href":"https:\/\/isf.fo\/en\/wp-json\/wp\/v2\/categories?post=2050"},{"taxonomy":"post_tag","embeddable":true,"href":"https:\/\/isf.fo\/en\/wp-json\/wp\/v2\/tags?post=2050"}],"curies":[{"name":"wp","href":"https:\/\/api.w.org\/{rel}","templated":true}]}}