{"id":2122,"date":"2011-10-29T00:01:12","date_gmt":"2011-10-28T23:01:12","guid":{"rendered":"https:\/\/isf.fo\/?p=2122"},"modified":"2016-12-04T15:00:20","modified_gmt":"2016-12-04T15:00:20","slug":"a-valdegnum","status":"publish","type":"post","link":"https:\/\/isf.fo\/en\/a-valdegnum\/","title":{"rendered":"\u00c1 valdegnum"},"content":{"rendered":"<p><a href=\"https:\/\/d21ockg4ri0hhk.cloudfront.net\/wp-content\/uploads\/2011\/10\/30193248\/tinganes.jpg\"><img decoding=\"async\" class=\"alignnone size-full wp-image-2124 lazyload\" title=\"tinganes\" data-src=\"https:\/\/d21ockg4ri0hhk.cloudfront.net\/wp-content\/uploads\/2011\/10\/30193248\/tinganes.jpg\" alt=\"\" width=\"600\" height=\"345\" src=\"data:image\/svg+xml;base64,PHN2ZyB3aWR0aD0iMSIgaGVpZ2h0PSIxIiB4bWxucz0iaHR0cDovL3d3dy53My5vcmcvMjAwMC9zdmciPjwvc3ZnPg==\" style=\"--smush-placeholder-width: 600px; --smush-placeholder-aspect-ratio: 600\/345;\" \/><\/a><\/p>\n<p>Politisku flokkarnir fingu \u00e1heitan fr\u00e1 \u00cdSF um at grei\u00f0a fr\u00e1, hv\u00f8rjar hugsj\u00f3nir teir hava \u00ed samband vi\u00f0 \u00edtr\u00f3tt \u00ed F\u00f8royum, og harvi\u00f0 kanska teir kundu hj\u00e1lpt veljarum, vi\u00f0 \u00e1huga fyri \u00edtr\u00f3tti, at gera av, hvar krossurin skuldi setast.<\/p>\n<p>Eingin flokkur ella valevni skriva\u00f0u inn til \u00cdSF. Onkur flokkur hevur t\u00f3 nevnt \u00edtr\u00f3tt \u00ed teirra valskr\u00e1.<\/p>\n<p>Vit \u00ed \u00cdSF eru grei\u00f0 yvir, at fleiri tingf\u00f3lk og flokkar vilja \u00edtr\u00f3ttini alt ta\u00f0 besta, og v\u00f3nar \u00cdtr\u00f3ttasamband F\u00f8roya t\u00ed, at tey tingf\u00f3lk, i\u00f0 vera vald, og flokkarnir vi\u00f0, skriva\u00f0 \u00edtr\u00f3tt inn \u00ed samgonguskjali\u00f0.<\/p>\n<p>Eisini er avgerandi, at tingf\u00f3lk minnast til \u00edtr\u00f3tt, t\u00e1 f\u00edggjarl\u00f3gin fyri komandi \u00e1r skal gerast. Og at \u00edtr\u00f3ttin f\u00e6r ta j\u00e1ttan, i\u00f0 \u00edtr\u00f3ttin er verd, og sum stendur m\u00e1t vi\u00f0 arbei\u00f0i\u00f0, vit gera.<\/p>\n<p>J\u00e1ttan til \u00edtr\u00f3tt er ikki ein \u00fatrei\u00f0sla, men heldur ein \u00edl\u00f8ga \u00ed v\u00e6lveruna og f\u00f3lkaheilsuna hj\u00e1 t\u00ed einstaka f\u00f8royinginum. Og eisini ein \u00edl\u00f8ga til ein felagsskap, sum vi\u00f0 stoltleika, roysni og br\u00f8gdum umbo\u00f0ar F\u00f8royar \u00ed altj\u00f3\u00f0a kappingum.<\/p>\n<p>\u00cdSF takkar fr\u00e1farandi l\u00f8gtinginum og landst\u00fdri fyri gott samstarv, og eru vit tilrei\u00f0ar at samstarva framyvir eisini.<\/p>","protected":false},"excerpt":{"rendered":"<p>Politisku flokkarnir fingu \u00e1heitan fr\u00e1 \u00cdSF um at grei\u00f0a fr\u00e1, hv\u00f8rjar hugsj\u00f3nir teir hava \u00ed samband vi\u00f0 \u00edtr\u00f3tt \u00ed F\u00f8royum, [&hellip;]<\/p>\n","protected":false},"author":6,"featured_media":0,"comment_status":"open","ping_status":"open","sticky":false,"template":"","format":"standard","meta":{"_acf_changed":false,"_relevanssi_hide_post":"","_relevanssi_hide_content":"","_relevanssi_pin_for_all":"","_relevanssi_pin_keywords":"","_relevanssi_unpin_keywords":"","_relevanssi_related_keywords":"","_relevanssi_related_include_ids":"","_relevanssi_related_exclude_ids":"","_relevanssi_related_no_append":"","_relevanssi_related_not_related":"","_relevanssi_related_posts":"","_relevanssi_noindex_reason":"","inline_featured_image":false,"footnotes":""},"categories":[2],"tags":[],"class_list":["post-2122","post","type-post","status-publish","format-standard","hentry","category-isf"],"acf":[],"yoast_head":"<!-- This site is optimized with the Yoast SEO plugin v27.5 - https:\/\/yoast.com\/product\/yoast-seo-wordpress\/ -->\n<title>\u00c1 valdegnum - \u00cdtr\u00f3ttasamband F\u00f8roya<\/title>\n<meta name=\"robots\" content=\"index, follow, max-snippet:-1, max-image-preview:large, max-video-preview:-1\" \/>\n<link rel=\"canonical\" href=\"https:\/\/isf.fo\/en\/a-valdegnum\/\" \/>\n<meta property=\"og:locale\" content=\"en_US\" \/>\n<meta property=\"og:type\" content=\"article\" \/>\n<meta property=\"og:title\" content=\"\u00c1 valdegnum - \u00cdtr\u00f3ttasamband F\u00f8roya\" \/>\n<meta property=\"og:description\" content=\"Politisku flokkarnir fingu \u00e1heitan fr\u00e1 \u00cdSF um at grei\u00f0a fr\u00e1, hv\u00f8rjar hugsj\u00f3nir teir hava \u00ed samband vi\u00f0 \u00edtr\u00f3tt \u00ed F\u00f8royum, [&hellip;]\" \/>\n<meta property=\"og:url\" content=\"https:\/\/isf.fo\/en\/a-valdegnum\/\" \/>\n<meta property=\"og:site_name\" content=\"\u00cdtr\u00f3ttasamband F\u00f8roya\" \/>\n<meta property=\"article:publisher\" content=\"https:\/\/www.facebook.com\/itrottasambandid\" \/>\n<meta property=\"article:published_time\" content=\"2011-10-28T23:01:12+00:00\" \/>\n<meta property=\"article:modified_time\" content=\"2016-12-04T15:00:20+00:00\" \/>\n<meta property=\"og:image\" content=\"https:\/\/isf.fo\/wp-content\/uploads\/2011\/10\/tinganes.jpg\" \/>\n<meta name=\"author\" content=\"Petur Mitt\u00fan\" \/>\n<meta name=\"twitter:card\" content=\"summary_large_image\" \/>\n<meta name=\"twitter:label1\" content=\"Written by\" \/>\n\t<meta name=\"twitter:data1\" content=\"Petur Mitt\u00fan\" \/>\n\t<meta name=\"twitter:label2\" content=\"Est. reading time\" \/>\n\t<meta name=\"twitter:data2\" content=\"1 minute\" \/>\n<script type=\"application\/ld+json\" class=\"yoast-schema-graph\">{\"@context\":\"https:\\\/\\\/schema.org\",\"@graph\":[{\"@type\":\"Article\",\"@id\":\"https:\\\/\\\/isf.fo\\\/a-valdegnum\\\/#article\",\"isPartOf\":{\"@id\":\"https:\\\/\\\/isf.fo\\\/a-valdegnum\\\/\"},\"author\":{\"name\":\"Petur Mitt\u00fan\",\"@id\":\"https:\\\/\\\/isf.fo\\\/#\\\/schema\\\/person\\\/78ac1b623dbf0ace868a5dbcdaed016d\"},\"headline\":\"\u00c1 valdegnum\",\"datePublished\":\"2011-10-28T23:01:12+00:00\",\"dateModified\":\"2016-12-04T15:00:20+00:00\",\"mainEntityOfPage\":{\"@id\":\"https:\\\/\\\/isf.fo\\\/a-valdegnum\\\/\"},\"wordCount\":213,\"commentCount\":0,\"publisher\":{\"@id\":\"https:\\\/\\\/isf.fo\\\/#organization\"},\"image\":{\"@id\":\"https:\\\/\\\/isf.fo\\\/a-valdegnum\\\/#primaryimage\"},\"thumbnailUrl\":\"https:\\\/\\\/isf.fo\\\/wp-content\\\/uploads\\\/2011\\\/10\\\/tinganes.jpg\",\"articleSection\":[\"\u00cdSF\"],\"inLanguage\":\"en-US\"},{\"@type\":\"WebPage\",\"@id\":\"https:\\\/\\\/isf.fo\\\/a-valdegnum\\\/\",\"url\":\"https:\\\/\\\/isf.fo\\\/a-valdegnum\\\/\",\"name\":\"\u00c1 valdegnum - \u00cdtr\u00f3ttasamband F\u00f8roya\",\"isPartOf\":{\"@id\":\"https:\\\/\\\/isf.fo\\\/#website\"},\"primaryImageOfPage\":{\"@id\":\"https:\\\/\\\/isf.fo\\\/a-valdegnum\\\/#primaryimage\"},\"image\":{\"@id\":\"https:\\\/\\\/isf.fo\\\/a-valdegnum\\\/#primaryimage\"},\"thumbnailUrl\":\"https:\\\/\\\/isf.fo\\\/wp-content\\\/uploads\\\/2011\\\/10\\\/tinganes.jpg\",\"datePublished\":\"2011-10-28T23:01:12+00:00\",\"dateModified\":\"2016-12-04T15:00:20+00:00\",\"breadcrumb\":{\"@id\":\"https:\\\/\\\/isf.fo\\\/a-valdegnum\\\/#breadcrumb\"},\"inLanguage\":\"en-US\",\"potentialAction\":[{\"@type\":\"ReadAction\",\"target\":[\"https:\\\/\\\/isf.fo\\\/a-valdegnum\\\/\"]}]},{\"@type\":\"ImageObject\",\"inLanguage\":\"en-US\",\"@id\":\"https:\\\/\\\/isf.fo\\\/a-valdegnum\\\/#primaryimage\",\"url\":\"https:\\\/\\\/isf.fo\\\/wp-content\\\/uploads\\\/2011\\\/10\\\/tinganes.jpg\",\"contentUrl\":\"https:\\\/\\\/isf.fo\\\/wp-content\\\/uploads\\\/2011\\\/10\\\/tinganes.jpg\"},{\"@type\":\"BreadcrumbList\",\"@id\":\"https:\\\/\\\/isf.fo\\\/a-valdegnum\\\/#breadcrumb\",\"itemListElement\":[{\"@type\":\"ListItem\",\"position\":1,\"name\":\"Home\",\"item\":\"https:\\\/\\\/isf.fo\\\/\"},{\"@type\":\"ListItem\",\"position\":2,\"name\":\"\u00c1 valdegnum\"}]},{\"@type\":\"WebSite\",\"@id\":\"https:\\\/\\\/isf.fo\\\/#website\",\"url\":\"https:\\\/\\\/isf.fo\\\/\",\"name\":\"\u00cdtr\u00f3ttasamband F\u00f8roya\",\"description\":\"\",\"publisher\":{\"@id\":\"https:\\\/\\\/isf.fo\\\/#organization\"},\"potentialAction\":[{\"@type\":\"SearchAction\",\"target\":{\"@type\":\"EntryPoint\",\"urlTemplate\":\"https:\\\/\\\/isf.fo\\\/?s={search_term_string}\"},\"query-input\":{\"@type\":\"PropertyValueSpecification\",\"valueRequired\":true,\"valueName\":\"search_term_string\"}}],\"inLanguage\":\"en-US\"},{\"@type\":\"Organization\",\"@id\":\"https:\\\/\\\/isf.fo\\\/#organization\",\"name\":\"\u00cdtr\u00f3ttasamband F\u00f8roya\",\"url\":\"https:\\\/\\\/isf.fo\\\/\",\"logo\":{\"@type\":\"ImageObject\",\"inLanguage\":\"en-US\",\"@id\":\"https:\\\/\\\/isf.fo\\\/#\\\/schema\\\/logo\\\/image\\\/\",\"url\":\"https:\\\/\\\/isf.fo\\\/wp-content\\\/uploads\\\/2025\\\/06\\\/ISF_Olympic-Committee-logo.png\",\"contentUrl\":\"https:\\\/\\\/isf.fo\\\/wp-content\\\/uploads\\\/2025\\\/06\\\/ISF_Olympic-Committee-logo.png\",\"width\":618,\"height\":121,\"caption\":\"\u00cdtr\u00f3ttasamband F\u00f8roya\"},\"image\":{\"@id\":\"https:\\\/\\\/isf.fo\\\/#\\\/schema\\\/logo\\\/image\\\/\"},\"sameAs\":[\"https:\\\/\\\/www.facebook.com\\\/itrottasambandid\"]},{\"@type\":\"Person\",\"@id\":\"https:\\\/\\\/isf.fo\\\/#\\\/schema\\\/person\\\/78ac1b623dbf0ace868a5dbcdaed016d\",\"name\":\"Petur Mitt\u00fan\",\"image\":{\"@type\":\"ImageObject\",\"inLanguage\":\"en-US\",\"@id\":\"https:\\\/\\\/secure.gravatar.com\\\/avatar\\\/6f731b65ffaeb1029d9436acc96fc12c3cef9200131daa85ab7762529a25d1d2?s=96&d=mm&r=g\",\"url\":\"https:\\\/\\\/secure.gravatar.com\\\/avatar\\\/6f731b65ffaeb1029d9436acc96fc12c3cef9200131daa85ab7762529a25d1d2?s=96&d=mm&r=g\",\"contentUrl\":\"https:\\\/\\\/secure.gravatar.com\\\/avatar\\\/6f731b65ffaeb1029d9436acc96fc12c3cef9200131daa85ab7762529a25d1d2?s=96&d=mm&r=g\",\"caption\":\"Petur Mitt\u00fan\"},\"url\":\"https:\\\/\\\/isf.fo\\\/en\\\/author\\\/petur\\\/\"}]}<\/script>\n<!-- \/ Yoast SEO plugin. -->","yoast_head_json":{"title":"\u00c1 valdegnum - \u00cdtr\u00f3ttasamband F\u00f8roya","robots":{"index":"index","follow":"follow","max-snippet":"max-snippet:-1","max-image-preview":"max-image-preview:large","max-video-preview":"max-video-preview:-1"},"canonical":"https:\/\/isf.fo\/en\/a-valdegnum\/","og_locale":"en_US","og_type":"article","og_title":"\u00c1 valdegnum - \u00cdtr\u00f3ttasamband F\u00f8roya","og_description":"Politisku flokkarnir fingu \u00e1heitan fr\u00e1 \u00cdSF um at grei\u00f0a fr\u00e1, hv\u00f8rjar hugsj\u00f3nir teir hava \u00ed samband vi\u00f0 \u00edtr\u00f3tt \u00ed F\u00f8royum, [&hellip;]","og_url":"https:\/\/isf.fo\/en\/a-valdegnum\/","og_site_name":"\u00cdtr\u00f3ttasamband F\u00f8roya","article_publisher":"https:\/\/www.facebook.com\/itrottasambandid","article_published_time":"2011-10-28T23:01:12+00:00","article_modified_time":"2016-12-04T15:00:20+00:00","og_image":[{"url":"https:\/\/isf.fo\/wp-content\/uploads\/2011\/10\/tinganes.jpg","type":"","width":"","height":""}],"author":"Petur Mitt\u00fan","twitter_card":"summary_large_image","twitter_misc":{"Written by":"Petur Mitt\u00fan","Est. reading time":"1 minute"},"schema":{"@context":"https:\/\/schema.org","@graph":[{"@type":"Article","@id":"https:\/\/isf.fo\/a-valdegnum\/#article","isPartOf":{"@id":"https:\/\/isf.fo\/a-valdegnum\/"},"author":{"name":"Petur Mitt\u00fan","@id":"https:\/\/isf.fo\/#\/schema\/person\/78ac1b623dbf0ace868a5dbcdaed016d"},"headline":"\u00c1 valdegnum","datePublished":"2011-10-28T23:01:12+00:00","dateModified":"2016-12-04T15:00:20+00:00","mainEntityOfPage":{"@id":"https:\/\/isf.fo\/a-valdegnum\/"},"wordCount":213,"commentCount":0,"publisher":{"@id":"https:\/\/isf.fo\/#organization"},"image":{"@id":"https:\/\/isf.fo\/a-valdegnum\/#primaryimage"},"thumbnailUrl":"https:\/\/isf.fo\/wp-content\/uploads\/2011\/10\/tinganes.jpg","articleSection":["\u00cdSF"],"inLanguage":"en-US"},{"@type":"WebPage","@id":"https:\/\/isf.fo\/a-valdegnum\/","url":"https:\/\/isf.fo\/a-valdegnum\/","name":"\u00c1 valdegnum - \u00cdtr\u00f3ttasamband F\u00f8roya","isPartOf":{"@id":"https:\/\/isf.fo\/#website"},"primaryImageOfPage":{"@id":"https:\/\/isf.fo\/a-valdegnum\/#primaryimage"},"image":{"@id":"https:\/\/isf.fo\/a-valdegnum\/#primaryimage"},"thumbnailUrl":"https:\/\/isf.fo\/wp-content\/uploads\/2011\/10\/tinganes.jpg","datePublished":"2011-10-28T23:01:12+00:00","dateModified":"2016-12-04T15:00:20+00:00","breadcrumb":{"@id":"https:\/\/isf.fo\/a-valdegnum\/#breadcrumb"},"inLanguage":"en-US","potentialAction":[{"@type":"ReadAction","target":["https:\/\/isf.fo\/a-valdegnum\/"]}]},{"@type":"ImageObject","inLanguage":"en-US","@id":"https:\/\/isf.fo\/a-valdegnum\/#primaryimage","url":"https:\/\/isf.fo\/wp-content\/uploads\/2011\/10\/tinganes.jpg","contentUrl":"https:\/\/isf.fo\/wp-content\/uploads\/2011\/10\/tinganes.jpg"},{"@type":"BreadcrumbList","@id":"https:\/\/isf.fo\/a-valdegnum\/#breadcrumb","itemListElement":[{"@type":"ListItem","position":1,"name":"Home","item":"https:\/\/isf.fo\/"},{"@type":"ListItem","position":2,"name":"\u00c1 valdegnum"}]},{"@type":"WebSite","@id":"https:\/\/isf.fo\/#website","url":"https:\/\/isf.fo\/","name":"\u00cdtr\u00f3ttasamband F\u00f8roya","description":"","publisher":{"@id":"https:\/\/isf.fo\/#organization"},"potentialAction":[{"@type":"SearchAction","target":{"@type":"EntryPoint","urlTemplate":"https:\/\/isf.fo\/?s={search_term_string}"},"query-input":{"@type":"PropertyValueSpecification","valueRequired":true,"valueName":"search_term_string"}}],"inLanguage":"en-US"},{"@type":"Organization","@id":"https:\/\/isf.fo\/#organization","name":"\u00cdtr\u00f3ttasamband F\u00f8roya","url":"https:\/\/isf.fo\/","logo":{"@type":"ImageObject","inLanguage":"en-US","@id":"https:\/\/isf.fo\/#\/schema\/logo\/image\/","url":"https:\/\/isf.fo\/wp-content\/uploads\/2025\/06\/ISF_Olympic-Committee-logo.png","contentUrl":"https:\/\/isf.fo\/wp-content\/uploads\/2025\/06\/ISF_Olympic-Committee-logo.png","width":618,"height":121,"caption":"\u00cdtr\u00f3ttasamband F\u00f8roya"},"image":{"@id":"https:\/\/isf.fo\/#\/schema\/logo\/image\/"},"sameAs":["https:\/\/www.facebook.com\/itrottasambandid"]},{"@type":"Person","@id":"https:\/\/isf.fo\/#\/schema\/person\/78ac1b623dbf0ace868a5dbcdaed016d","name":"Petur Mitt\u00fan","image":{"@type":"ImageObject","inLanguage":"en-US","@id":"https:\/\/secure.gravatar.com\/avatar\/6f731b65ffaeb1029d9436acc96fc12c3cef9200131daa85ab7762529a25d1d2?s=96&d=mm&r=g","url":"https:\/\/secure.gravatar.com\/avatar\/6f731b65ffaeb1029d9436acc96fc12c3cef9200131daa85ab7762529a25d1d2?s=96&d=mm&r=g","contentUrl":"https:\/\/secure.gravatar.com\/avatar\/6f731b65ffaeb1029d9436acc96fc12c3cef9200131daa85ab7762529a25d1d2?s=96&d=mm&r=g","caption":"Petur Mitt\u00fan"},"url":"https:\/\/isf.fo\/en\/author\/petur\/"}]}},"_links":{"self":[{"href":"https:\/\/isf.fo\/en\/wp-json\/wp\/v2\/posts\/2122","targetHints":{"allow":["GET"]}}],"collection":[{"href":"https:\/\/isf.fo\/en\/wp-json\/wp\/v2\/posts"}],"about":[{"href":"https:\/\/isf.fo\/en\/wp-json\/wp\/v2\/types\/post"}],"author":[{"embeddable":true,"href":"https:\/\/isf.fo\/en\/wp-json\/wp\/v2\/users\/6"}],"replies":[{"embeddable":true,"href":"https:\/\/isf.fo\/en\/wp-json\/wp\/v2\/comments?post=2122"}],"version-history":[{"count":1,"href":"https:\/\/isf.fo\/en\/wp-json\/wp\/v2\/posts\/2122\/revisions"}],"predecessor-version":[{"id":4669,"href":"https:\/\/isf.fo\/en\/wp-json\/wp\/v2\/posts\/2122\/revisions\/4669"}],"wp:attachment":[{"href":"https:\/\/isf.fo\/en\/wp-json\/wp\/v2\/media?parent=2122"}],"wp:term":[{"taxonomy":"category","embeddable":true,"href":"https:\/\/isf.fo\/en\/wp-json\/wp\/v2\/categories?post=2122"},{"taxonomy":"post_tag","embeddable":true,"href":"https:\/\/isf.fo\/en\/wp-json\/wp\/v2\/tags?post=2122"}],"curies":[{"name":"wp","href":"https:\/\/api.w.org\/{rel}","templated":true}]}}