{"id":2128,"date":"2011-11-17T12:50:37","date_gmt":"2011-11-17T11:50:37","guid":{"rendered":"https:\/\/isf.fo\/?p=2128"},"modified":"2016-12-04T15:00:18","modified_gmt":"2016-12-04T15:00:18","slug":"vaeleydnad-evniskvold-i-klaksvik","status":"publish","type":"post","link":"https:\/\/isf.fo\/en\/vaeleydnad-evniskvold-i-klaksvik\/","title":{"rendered":"V\u00e6leydna\u00f0 evniskv\u00f8ld \u00ed Klaksv\u00edk"},"content":{"rendered":"<p><a href=\"https:\/\/isf.fo\/wp-content\/uploads\/2011\/11\/\u00cdSF-005.jpg\"><img decoding=\"async\" class=\"alignnone size-full wp-image-2129 lazyload\" title=\"\u00cdSF 005\" data-src=\"https:\/\/isf.fo\/wp-content\/uploads\/2011\/11\/\u00cdSF-005.jpg\" alt=\"\" width=\"600\" height=\"345\" src=\"data:image\/svg+xml;base64,PHN2ZyB3aWR0aD0iMSIgaGVpZ2h0PSIxIiB4bWxucz0iaHR0cDovL3d3dy53My5vcmcvMjAwMC9zdmciPjwvc3ZnPg==\" style=\"--smush-placeholder-width: 600px; --smush-placeholder-aspect-ratio: 600\/345;\" \/><br \/>\n<\/a>\u00cdSF er fari\u00f0 undir eitt n\u00fdtt \u00e1tak. Starvsnevndin hevur saman vi\u00f0 umsitingini sett s\u00e6r fyri at r\u00f8kka \u00fat til \u00f8ll fel\u00f8g \u00ed landinum. M\u00e1li\u00f0 er at koma runt til \u00f8ll fel\u00f8gini, \u00e1\u00f0renn komanndi a\u00f0alfund hj\u00e1 \u00cdSF.<\/p>\n<p>Fyrsta tiltak av hesum slag var \u00ed loftinum \u00ed K\u00cd-h\u00f8llini Klaksv\u00edk mikudagin tann 2. november. Umbo\u00f0 fyri \u00f8ll \u00edtr\u00f3ttafel\u00f8gini \u00ed Nor\u00f0oyggjum v\u00f3ru bo\u00f0in vi\u00f0. Umlei\u00f0 30 f\u00f3lk m\u00f8ttu umframt starvsnevnd og umsiting hj\u00e1 \u00cdSF.<\/p>\n<p>\u00cdSF greiddi fr\u00e1, hvussu \u00cdSF er skipa\u00f0, og hv\u00f8rji r\u00e6ttindir og skyldur fel\u00f8gini hava m\u00f3tvegis \u00cdSF. Evnini \u00e1 fundinum v\u00f3ru doping, tryggingarvi\u00f0urskiftir, etisku lei\u00f0reglurnar, leikmeti, skei\u00f0svirksemi, skattavi\u00f0urskiftir, r\u00fasdrekka- og r\u00fasevnispolitikkur, strandfer\u00f0slukort o.a.<\/p>\n<p><a href=\"https:\/\/isf.fo\/wp-content\/uploads\/2011\/11\/\u00cdSF-004.jpg\"><img decoding=\"async\" class=\"alignnone size-full wp-image-2130 lazyload\" title=\"\u00cdSF 004\" data-src=\"https:\/\/isf.fo\/wp-content\/uploads\/2011\/11\/\u00cdSF-004.jpg\" alt=\"\" width=\"600\" height=\"345\" src=\"data:image\/svg+xml;base64,PHN2ZyB3aWR0aD0iMSIgaGVpZ2h0PSIxIiB4bWxucz0iaHR0cDovL3d3dy53My5vcmcvMjAwMC9zdmciPjwvc3ZnPg==\" style=\"--smush-placeholder-width: 600px; --smush-placeholder-aspect-ratio: 600\/345;\" \/><\/a><\/p>\n<p>Dr\u00fagt kjak var\u00f0 um ymisku evnini. T.d. v\u00edsir ta\u00f0 seg, at fel\u00f8gini taka happing \u00ed st\u00f8rsta \u00e1lvarsemi &#8211; og at etisku lei\u00f0reglurnar hj\u00e1 \u00cdSF er eitt sera hent ambo\u00f0, t\u00e1 t.d. foreldrafundir eru \u00e1 skr\u00e1nni. Somulei\u00f0is kom fram ynski fr\u00e1 fel\u00f8gunum um at hava skei\u00f0svirksemi \u00ed t.d. Klaksv\u00edk. Umframt t\u00f8rvin \u00e1 lei\u00f0ara- og venjaraskei\u00f0um var\u00f0 v\u00edst \u00e1, at st\u00f3rur t\u00f8rvur er \u00e1 skei\u00f0um fyri nevndarlimir \u00ed \u00edtr\u00f3ttarfel\u00f8gum.<\/p>\n<p>\u00cdSF takkar hjartaliga fel\u00f8gunum, sum m\u00f8ttu upp til til hetta \u00e1tak \u2013 og v\u00f3nar at fel\u00f8gini somulei\u00f0is fingu naka\u00f0 burtur\u00far<\/p>","protected":false},"excerpt":{"rendered":"<p>\u00cdSF er fari\u00f0 undir eitt n\u00fdtt \u00e1tak. Starvsnevndin hevur saman vi\u00f0 umsitingini sett s\u00e6r fyri at r\u00f8kka \u00fat til \u00f8ll [&hellip;]<\/p>\n","protected":false},"author":6,"featured_media":0,"comment_status":"open","ping_status":"open","sticky":false,"template":"","format":"standard","meta":{"_acf_changed":false,"_relevanssi_hide_post":"","_relevanssi_hide_content":"","_relevanssi_pin_for_all":"","_relevanssi_pin_keywords":"","_relevanssi_unpin_keywords":"","_relevanssi_related_keywords":"","_relevanssi_related_include_ids":"","_relevanssi_related_exclude_ids":"","_relevanssi_related_no_append":"","_relevanssi_related_not_related":"","_relevanssi_related_posts":"","_relevanssi_noindex_reason":"","inline_featured_image":false,"footnotes":""},"categories":[2],"tags":[],"class_list":["post-2128","post","type-post","status-publish","format-standard","hentry","category-isf"],"acf":[],"yoast_head":"<!-- This site is optimized with the Yoast SEO plugin v27.5 - https:\/\/yoast.com\/product\/yoast-seo-wordpress\/ -->\n<title>V\u00e6leydna\u00f0 evniskv\u00f8ld \u00ed Klaksv\u00edk - \u00cdtr\u00f3ttasamband F\u00f8roya<\/title>\n<meta name=\"robots\" content=\"index, follow, max-snippet:-1, max-image-preview:large, max-video-preview:-1\" \/>\n<link rel=\"canonical\" href=\"https:\/\/isf.fo\/en\/vaeleydnad-evniskvold-i-klaksvik\/\" \/>\n<meta property=\"og:locale\" content=\"en_US\" \/>\n<meta property=\"og:type\" content=\"article\" \/>\n<meta property=\"og:title\" content=\"V\u00e6leydna\u00f0 evniskv\u00f8ld \u00ed Klaksv\u00edk - \u00cdtr\u00f3ttasamband F\u00f8roya\" \/>\n<meta property=\"og:description\" content=\"\u00cdSF er fari\u00f0 undir eitt n\u00fdtt \u00e1tak. Starvsnevndin hevur saman vi\u00f0 umsitingini sett s\u00e6r fyri at r\u00f8kka \u00fat til \u00f8ll [&hellip;]\" \/>\n<meta property=\"og:url\" content=\"https:\/\/isf.fo\/en\/vaeleydnad-evniskvold-i-klaksvik\/\" \/>\n<meta property=\"og:site_name\" content=\"\u00cdtr\u00f3ttasamband F\u00f8roya\" \/>\n<meta property=\"article:publisher\" content=\"https:\/\/www.facebook.com\/itrottasambandid\" \/>\n<meta property=\"article:published_time\" content=\"2011-11-17T11:50:37+00:00\" \/>\n<meta property=\"article:modified_time\" content=\"2016-12-04T15:00:18+00:00\" \/>\n<meta name=\"author\" content=\"Petur Mitt\u00fan\" \/>\n<meta name=\"twitter:card\" content=\"summary_large_image\" \/>\n<meta name=\"twitter:label1\" content=\"Written by\" \/>\n\t<meta name=\"twitter:data1\" content=\"Petur Mitt\u00fan\" \/>\n\t<meta name=\"twitter:label2\" content=\"Est. reading time\" \/>\n\t<meta name=\"twitter:data2\" content=\"1 minute\" \/>\n<script type=\"application\/ld+json\" class=\"yoast-schema-graph\">{\"@context\":\"https:\\\/\\\/schema.org\",\"@graph\":[{\"@type\":\"Article\",\"@id\":\"https:\\\/\\\/isf.fo\\\/vaeleydnad-evniskvold-i-klaksvik\\\/#article\",\"isPartOf\":{\"@id\":\"https:\\\/\\\/isf.fo\\\/vaeleydnad-evniskvold-i-klaksvik\\\/\"},\"author\":{\"name\":\"Petur Mitt\u00fan\",\"@id\":\"https:\\\/\\\/isf.fo\\\/#\\\/schema\\\/person\\\/78ac1b623dbf0ace868a5dbcdaed016d\"},\"headline\":\"V\u00e6leydna\u00f0 evniskv\u00f8ld \u00ed Klaksv\u00edk\",\"datePublished\":\"2011-11-17T11:50:37+00:00\",\"dateModified\":\"2016-12-04T15:00:18+00:00\",\"mainEntityOfPage\":{\"@id\":\"https:\\\/\\\/isf.fo\\\/vaeleydnad-evniskvold-i-klaksvik\\\/\"},\"wordCount\":238,\"commentCount\":0,\"publisher\":{\"@id\":\"https:\\\/\\\/isf.fo\\\/#organization\"},\"articleSection\":[\"\u00cdSF\"],\"inLanguage\":\"en-US\"},{\"@type\":\"WebPage\",\"@id\":\"https:\\\/\\\/isf.fo\\\/vaeleydnad-evniskvold-i-klaksvik\\\/\",\"url\":\"https:\\\/\\\/isf.fo\\\/vaeleydnad-evniskvold-i-klaksvik\\\/\",\"name\":\"V\u00e6leydna\u00f0 evniskv\u00f8ld \u00ed Klaksv\u00edk - \u00cdtr\u00f3ttasamband F\u00f8roya\",\"isPartOf\":{\"@id\":\"https:\\\/\\\/isf.fo\\\/#website\"},\"datePublished\":\"2011-11-17T11:50:37+00:00\",\"dateModified\":\"2016-12-04T15:00:18+00:00\",\"breadcrumb\":{\"@id\":\"https:\\\/\\\/isf.fo\\\/vaeleydnad-evniskvold-i-klaksvik\\\/#breadcrumb\"},\"inLanguage\":\"en-US\",\"potentialAction\":[{\"@type\":\"ReadAction\",\"target\":[\"https:\\\/\\\/isf.fo\\\/vaeleydnad-evniskvold-i-klaksvik\\\/\"]}]},{\"@type\":\"BreadcrumbList\",\"@id\":\"https:\\\/\\\/isf.fo\\\/vaeleydnad-evniskvold-i-klaksvik\\\/#breadcrumb\",\"itemListElement\":[{\"@type\":\"ListItem\",\"position\":1,\"name\":\"Home\",\"item\":\"https:\\\/\\\/isf.fo\\\/\"},{\"@type\":\"ListItem\",\"position\":2,\"name\":\"V\u00e6leydna\u00f0 evniskv\u00f8ld \u00ed Klaksv\u00edk\"}]},{\"@type\":\"WebSite\",\"@id\":\"https:\\\/\\\/isf.fo\\\/#website\",\"url\":\"https:\\\/\\\/isf.fo\\\/\",\"name\":\"\u00cdtr\u00f3ttasamband F\u00f8roya\",\"description\":\"\",\"publisher\":{\"@id\":\"https:\\\/\\\/isf.fo\\\/#organization\"},\"potentialAction\":[{\"@type\":\"SearchAction\",\"target\":{\"@type\":\"EntryPoint\",\"urlTemplate\":\"https:\\\/\\\/isf.fo\\\/?s={search_term_string}\"},\"query-input\":{\"@type\":\"PropertyValueSpecification\",\"valueRequired\":true,\"valueName\":\"search_term_string\"}}],\"inLanguage\":\"en-US\"},{\"@type\":\"Organization\",\"@id\":\"https:\\\/\\\/isf.fo\\\/#organization\",\"name\":\"\u00cdtr\u00f3ttasamband F\u00f8roya\",\"url\":\"https:\\\/\\\/isf.fo\\\/\",\"logo\":{\"@type\":\"ImageObject\",\"inLanguage\":\"en-US\",\"@id\":\"https:\\\/\\\/isf.fo\\\/#\\\/schema\\\/logo\\\/image\\\/\",\"url\":\"https:\\\/\\\/isf.fo\\\/wp-content\\\/uploads\\\/2025\\\/06\\\/ISF_Olympic-Committee-logo.png\",\"contentUrl\":\"https:\\\/\\\/isf.fo\\\/wp-content\\\/uploads\\\/2025\\\/06\\\/ISF_Olympic-Committee-logo.png\",\"width\":618,\"height\":121,\"caption\":\"\u00cdtr\u00f3ttasamband F\u00f8roya\"},\"image\":{\"@id\":\"https:\\\/\\\/isf.fo\\\/#\\\/schema\\\/logo\\\/image\\\/\"},\"sameAs\":[\"https:\\\/\\\/www.facebook.com\\\/itrottasambandid\"]},{\"@type\":\"Person\",\"@id\":\"https:\\\/\\\/isf.fo\\\/#\\\/schema\\\/person\\\/78ac1b623dbf0ace868a5dbcdaed016d\",\"name\":\"Petur Mitt\u00fan\",\"image\":{\"@type\":\"ImageObject\",\"inLanguage\":\"en-US\",\"@id\":\"https:\\\/\\\/secure.gravatar.com\\\/avatar\\\/6f731b65ffaeb1029d9436acc96fc12c3cef9200131daa85ab7762529a25d1d2?s=96&d=mm&r=g\",\"url\":\"https:\\\/\\\/secure.gravatar.com\\\/avatar\\\/6f731b65ffaeb1029d9436acc96fc12c3cef9200131daa85ab7762529a25d1d2?s=96&d=mm&r=g\",\"contentUrl\":\"https:\\\/\\\/secure.gravatar.com\\\/avatar\\\/6f731b65ffaeb1029d9436acc96fc12c3cef9200131daa85ab7762529a25d1d2?s=96&d=mm&r=g\",\"caption\":\"Petur Mitt\u00fan\"},\"url\":\"https:\\\/\\\/isf.fo\\\/en\\\/author\\\/petur\\\/\"}]}<\/script>\n<!-- \/ Yoast SEO plugin. -->","yoast_head_json":{"title":"V\u00e6leydna\u00f0 evniskv\u00f8ld \u00ed Klaksv\u00edk - \u00cdtr\u00f3ttasamband F\u00f8roya","robots":{"index":"index","follow":"follow","max-snippet":"max-snippet:-1","max-image-preview":"max-image-preview:large","max-video-preview":"max-video-preview:-1"},"canonical":"https:\/\/isf.fo\/en\/vaeleydnad-evniskvold-i-klaksvik\/","og_locale":"en_US","og_type":"article","og_title":"V\u00e6leydna\u00f0 evniskv\u00f8ld \u00ed Klaksv\u00edk - \u00cdtr\u00f3ttasamband F\u00f8roya","og_description":"\u00cdSF er fari\u00f0 undir eitt n\u00fdtt \u00e1tak. Starvsnevndin hevur saman vi\u00f0 umsitingini sett s\u00e6r fyri at r\u00f8kka \u00fat til \u00f8ll [&hellip;]","og_url":"https:\/\/isf.fo\/en\/vaeleydnad-evniskvold-i-klaksvik\/","og_site_name":"\u00cdtr\u00f3ttasamband F\u00f8roya","article_publisher":"https:\/\/www.facebook.com\/itrottasambandid","article_published_time":"2011-11-17T11:50:37+00:00","article_modified_time":"2016-12-04T15:00:18+00:00","author":"Petur Mitt\u00fan","twitter_card":"summary_large_image","twitter_misc":{"Written by":"Petur Mitt\u00fan","Est. reading time":"1 minute"},"schema":{"@context":"https:\/\/schema.org","@graph":[{"@type":"Article","@id":"https:\/\/isf.fo\/vaeleydnad-evniskvold-i-klaksvik\/#article","isPartOf":{"@id":"https:\/\/isf.fo\/vaeleydnad-evniskvold-i-klaksvik\/"},"author":{"name":"Petur Mitt\u00fan","@id":"https:\/\/isf.fo\/#\/schema\/person\/78ac1b623dbf0ace868a5dbcdaed016d"},"headline":"V\u00e6leydna\u00f0 evniskv\u00f8ld \u00ed Klaksv\u00edk","datePublished":"2011-11-17T11:50:37+00:00","dateModified":"2016-12-04T15:00:18+00:00","mainEntityOfPage":{"@id":"https:\/\/isf.fo\/vaeleydnad-evniskvold-i-klaksvik\/"},"wordCount":238,"commentCount":0,"publisher":{"@id":"https:\/\/isf.fo\/#organization"},"articleSection":["\u00cdSF"],"inLanguage":"en-US"},{"@type":"WebPage","@id":"https:\/\/isf.fo\/vaeleydnad-evniskvold-i-klaksvik\/","url":"https:\/\/isf.fo\/vaeleydnad-evniskvold-i-klaksvik\/","name":"V\u00e6leydna\u00f0 evniskv\u00f8ld \u00ed Klaksv\u00edk - \u00cdtr\u00f3ttasamband F\u00f8roya","isPartOf":{"@id":"https:\/\/isf.fo\/#website"},"datePublished":"2011-11-17T11:50:37+00:00","dateModified":"2016-12-04T15:00:18+00:00","breadcrumb":{"@id":"https:\/\/isf.fo\/vaeleydnad-evniskvold-i-klaksvik\/#breadcrumb"},"inLanguage":"en-US","potentialAction":[{"@type":"ReadAction","target":["https:\/\/isf.fo\/vaeleydnad-evniskvold-i-klaksvik\/"]}]},{"@type":"BreadcrumbList","@id":"https:\/\/isf.fo\/vaeleydnad-evniskvold-i-klaksvik\/#breadcrumb","itemListElement":[{"@type":"ListItem","position":1,"name":"Home","item":"https:\/\/isf.fo\/"},{"@type":"ListItem","position":2,"name":"V\u00e6leydna\u00f0 evniskv\u00f8ld \u00ed Klaksv\u00edk"}]},{"@type":"WebSite","@id":"https:\/\/isf.fo\/#website","url":"https:\/\/isf.fo\/","name":"\u00cdtr\u00f3ttasamband F\u00f8roya","description":"","publisher":{"@id":"https:\/\/isf.fo\/#organization"},"potentialAction":[{"@type":"SearchAction","target":{"@type":"EntryPoint","urlTemplate":"https:\/\/isf.fo\/?s={search_term_string}"},"query-input":{"@type":"PropertyValueSpecification","valueRequired":true,"valueName":"search_term_string"}}],"inLanguage":"en-US"},{"@type":"Organization","@id":"https:\/\/isf.fo\/#organization","name":"\u00cdtr\u00f3ttasamband F\u00f8roya","url":"https:\/\/isf.fo\/","logo":{"@type":"ImageObject","inLanguage":"en-US","@id":"https:\/\/isf.fo\/#\/schema\/logo\/image\/","url":"https:\/\/isf.fo\/wp-content\/uploads\/2025\/06\/ISF_Olympic-Committee-logo.png","contentUrl":"https:\/\/isf.fo\/wp-content\/uploads\/2025\/06\/ISF_Olympic-Committee-logo.png","width":618,"height":121,"caption":"\u00cdtr\u00f3ttasamband F\u00f8roya"},"image":{"@id":"https:\/\/isf.fo\/#\/schema\/logo\/image\/"},"sameAs":["https:\/\/www.facebook.com\/itrottasambandid"]},{"@type":"Person","@id":"https:\/\/isf.fo\/#\/schema\/person\/78ac1b623dbf0ace868a5dbcdaed016d","name":"Petur Mitt\u00fan","image":{"@type":"ImageObject","inLanguage":"en-US","@id":"https:\/\/secure.gravatar.com\/avatar\/6f731b65ffaeb1029d9436acc96fc12c3cef9200131daa85ab7762529a25d1d2?s=96&d=mm&r=g","url":"https:\/\/secure.gravatar.com\/avatar\/6f731b65ffaeb1029d9436acc96fc12c3cef9200131daa85ab7762529a25d1d2?s=96&d=mm&r=g","contentUrl":"https:\/\/secure.gravatar.com\/avatar\/6f731b65ffaeb1029d9436acc96fc12c3cef9200131daa85ab7762529a25d1d2?s=96&d=mm&r=g","caption":"Petur Mitt\u00fan"},"url":"https:\/\/isf.fo\/en\/author\/petur\/"}]}},"_links":{"self":[{"href":"https:\/\/isf.fo\/en\/wp-json\/wp\/v2\/posts\/2128","targetHints":{"allow":["GET"]}}],"collection":[{"href":"https:\/\/isf.fo\/en\/wp-json\/wp\/v2\/posts"}],"about":[{"href":"https:\/\/isf.fo\/en\/wp-json\/wp\/v2\/types\/post"}],"author":[{"embeddable":true,"href":"https:\/\/isf.fo\/en\/wp-json\/wp\/v2\/users\/6"}],"replies":[{"embeddable":true,"href":"https:\/\/isf.fo\/en\/wp-json\/wp\/v2\/comments?post=2128"}],"version-history":[{"count":1,"href":"https:\/\/isf.fo\/en\/wp-json\/wp\/v2\/posts\/2128\/revisions"}],"predecessor-version":[{"id":4667,"href":"https:\/\/isf.fo\/en\/wp-json\/wp\/v2\/posts\/2128\/revisions\/4667"}],"wp:attachment":[{"href":"https:\/\/isf.fo\/en\/wp-json\/wp\/v2\/media?parent=2128"}],"wp:term":[{"taxonomy":"category","embeddable":true,"href":"https:\/\/isf.fo\/en\/wp-json\/wp\/v2\/categories?post=2128"},{"taxonomy":"post_tag","embeddable":true,"href":"https:\/\/isf.fo\/en\/wp-json\/wp\/v2\/tags?post=2128"}],"curies":[{"name":"wp","href":"https:\/\/api.w.org\/{rel}","templated":true}]}}