{"id":2388,"date":"2012-05-07T15:59:31","date_gmt":"2012-05-07T14:59:31","guid":{"rendered":"https:\/\/isf.fo\/?p=2388"},"modified":"2012-05-07T15:59:31","modified_gmt":"2012-05-07T14:59:31","slug":"adalfundur-2012-2","status":"publish","type":"post","link":"https:\/\/isf.fo\/en\/adalfundur-2012-2\/","title":{"rendered":"A\u00f0alfundur 2012"},"content":{"rendered":"<p>Til \u00edtr\u00f3ttafel\u00f8g sersambond og stj\u00f3rnarlimir<\/p>\n<p>01.\tmai 2012<\/p>\n<p>V\u00edsandi til Stj\u00f3rnarskipan \u00cdtr\u00f3ttasambands F\u00f8roya ver\u00f0ur vi\u00f0 hesum<br \/>\nbo\u00f0a\u00f0 til \u00e1rsa\u00f0alfundar \u00e1 Hotel F\u00f8royum fr\u00edggjakv\u00f8ldi\u00f0 11 mai 2012 kl. 19.00. Okkurt til matna ver\u00f0ur at f\u00e1a eftir fundin.<\/p>\n<p>Fundarskr\u00e1:<br \/>\na.     Forseti \u00cdSF setur fundin og skipar fyri at velja fundarstj\u00f3ra.<br \/>\nb.     Forsetin grei\u00f0ur fr\u00e1 virksemi \u00cdSF \u00ed farna \u00e1rinum.<br \/>\nc.     Kassameistarin leggur fram grannsko\u00f0a\u00f0an roknskap fyri \u00cdSF fyri farna \u00e1ri\u00f0.<br \/>\nd.     Umr\u00f8\u00f0a og fyrispurningar um virksemi\u00f0 hj\u00e1 stj\u00f3rn og starvsnevnd \u00cdSF.<br \/>\ne.     Vi\u00f0ger\u00f0 av uppskotum og m\u00e1lum, sum eru l\u00f8gd fyri a\u00f0alfundin eftir mannagongdini \u00ed grein 8.<br \/>\nf.     Vi\u00f0ger\u00f0 av m\u00f8guligum uppskoti fr\u00e1 stj\u00f3rnini um \u00e1setan av \u00e1rsgjaldi.<br \/>\ng.     Val av starvsnevnd og m\u00f8guligum \u00f8\u00f0rum st\u00f8rvum ella umbo\u00f0um.<br \/>\nh.     Val av grannsko\u00f0ara, i\u00f0 skal vera r\u00edkisvi\u00f0urkendur.<br \/>\ni.     Ymiskt<\/p>\n<p>Vi\u00f0v. pkt. e<br \/>\nM\u00f8guliga kemur uppskot um l\u00f3garbroytingar fyri \u00cdtr\u00f3ttad\u00f3mst\u00f3lin<\/p>\n<p>Vi\u00f0v. pkt. g<br \/>\nSamb\u00e6rt grein 13 \u00ed l\u00f3g fyri \u00cdtr\u00f3ttasamband F\u00f8roya standa hesafer\u00f0 fyri vali til starvsnevndina, fyri eitt tvey \u00e1ra skei\u00f0, forsetin og fyri eitt \u00e1ra skei\u00f0, eykalimurin. <\/p>\n<p>V\u00edsandi til grein 8 \u00ed l\u00f3g \u00cdSF skal ver\u00f0a sagt fr\u00e1, sitandi forseti Petur Elias Petersen, tekur vi\u00f0 afturvali og at einki anna\u00f0 uppskot er komi\u00f0 inn. T\u00f3ra Hansen er skotin upp sum eykalimur \u00ed starvsnevndini.<\/p>\n<p>Av t\u00ed at Katrin Joensen, sum er vald sum skrivari, hevur tiki\u00f0 seg \u00far nevndini, er uppskot er komi\u00f0 inn, at Anna Rein, sum var varalimur og n\u00fa situr \u00edstarvsnevndini, formliga tekur s\u00e6ti \u00ed nevndini fyri Katrin Joensen \u00ed eitt \u00e1r, til posturin hj\u00e1 Katrin, stendur fyri vali<\/p>\n<p>Hj\u00e1lagt er fultr\u00faav\u00e1ttan sum forma\u00f0urin ver\u00f0ur bi\u00f0in um, at undirskriva um so er, at forma\u00f0urin ikki kemur til a\u00f0alfundin.<\/p>\n<p>Vi\u00f0 \u00edtr\u00f3ttakv\u00f8\u00f0u<\/p>\n<p>\u00cdtr\u00f3ttasamband F\u00f8roya<br \/>\nStarvsnevndin<\/p>\n<p>Petur Elias Petersen, forseti<\/p>","protected":false},"excerpt":{"rendered":"<p>Til \u00edtr\u00f3ttafel\u00f8g sersambond og stj\u00f3rnarlimir 01. mai 2012 V\u00edsandi til Stj\u00f3rnarskipan \u00cdtr\u00f3ttasambands F\u00f8roya ver\u00f0ur vi\u00f0 hesum bo\u00f0a\u00f0 til \u00e1rsa\u00f0alfundar \u00e1 [&hellip;]<\/p>\n","protected":false},"author":6,"featured_media":0,"comment_status":"open","ping_status":"open","sticky":false,"template":"","format":"standard","meta":{"_acf_changed":false,"_relevanssi_hide_post":"","_relevanssi_hide_content":"","_relevanssi_pin_for_all":"","_relevanssi_pin_keywords":"","_relevanssi_unpin_keywords":"","_relevanssi_related_keywords":"","_relevanssi_related_include_ids":"","_relevanssi_related_exclude_ids":"","_relevanssi_related_no_append":"","_relevanssi_related_not_related":"","_relevanssi_related_posts":"","_relevanssi_noindex_reason":"","inline_featured_image":false,"footnotes":""},"categories":[2],"tags":[],"class_list":["post-2388","post","type-post","status-publish","format-standard","hentry","category-isf"],"acf":[],"yoast_head":"<!-- This site is optimized with the Yoast SEO plugin v27.3 - https:\/\/yoast.com\/product\/yoast-seo-wordpress\/ -->\n<title>A\u00f0alfundur 2012 - \u00cdtr\u00f3ttasamband F\u00f8roya<\/title>\n<meta name=\"robots\" content=\"index, follow, max-snippet:-1, max-image-preview:large, max-video-preview:-1\" \/>\n<link rel=\"canonical\" href=\"https:\/\/isf.fo\/en\/adalfundur-2012-2\/\" \/>\n<meta property=\"og:locale\" content=\"en_US\" \/>\n<meta property=\"og:type\" content=\"article\" \/>\n<meta property=\"og:title\" content=\"A\u00f0alfundur 2012 - \u00cdtr\u00f3ttasamband F\u00f8roya\" \/>\n<meta property=\"og:description\" content=\"Til \u00edtr\u00f3ttafel\u00f8g sersambond og stj\u00f3rnarlimir 01. mai 2012 V\u00edsandi til Stj\u00f3rnarskipan \u00cdtr\u00f3ttasambands F\u00f8roya ver\u00f0ur vi\u00f0 hesum bo\u00f0a\u00f0 til \u00e1rsa\u00f0alfundar \u00e1 [&hellip;]\" \/>\n<meta property=\"og:url\" content=\"https:\/\/isf.fo\/en\/adalfundur-2012-2\/\" \/>\n<meta property=\"og:site_name\" content=\"\u00cdtr\u00f3ttasamband F\u00f8roya\" \/>\n<meta property=\"article:publisher\" content=\"https:\/\/www.facebook.com\/itrottasambandid\" \/>\n<meta property=\"article:published_time\" content=\"2012-05-07T14:59:31+00:00\" \/>\n<meta name=\"author\" content=\"Petur Mitt\u00fan\" \/>\n<meta name=\"twitter:card\" content=\"summary_large_image\" \/>\n<meta name=\"twitter:label1\" content=\"Written by\" \/>\n\t<meta name=\"twitter:data1\" content=\"Petur Mitt\u00fan\" \/>\n\t<meta name=\"twitter:label2\" content=\"Est. reading time\" \/>\n\t<meta name=\"twitter:data2\" content=\"2 minutes\" \/>\n<script type=\"application\/ld+json\" class=\"yoast-schema-graph\">{\"@context\":\"https:\\\/\\\/schema.org\",\"@graph\":[{\"@type\":\"Article\",\"@id\":\"https:\\\/\\\/isf.fo\\\/adalfundur-2012-2\\\/#article\",\"isPartOf\":{\"@id\":\"https:\\\/\\\/isf.fo\\\/adalfundur-2012-2\\\/\"},\"author\":{\"name\":\"Petur Mitt\u00fan\",\"@id\":\"https:\\\/\\\/isf.fo\\\/#\\\/schema\\\/person\\\/78ac1b623dbf0ace868a5dbcdaed016d\"},\"headline\":\"A\u00f0alfundur 2012\",\"datePublished\":\"2012-05-07T14:59:31+00:00\",\"mainEntityOfPage\":{\"@id\":\"https:\\\/\\\/isf.fo\\\/adalfundur-2012-2\\\/\"},\"wordCount\":325,\"commentCount\":0,\"publisher\":{\"@id\":\"https:\\\/\\\/isf.fo\\\/#organization\"},\"articleSection\":[\"\u00cdSF\"],\"inLanguage\":\"en-US\"},{\"@type\":\"WebPage\",\"@id\":\"https:\\\/\\\/isf.fo\\\/adalfundur-2012-2\\\/\",\"url\":\"https:\\\/\\\/isf.fo\\\/adalfundur-2012-2\\\/\",\"name\":\"A\u00f0alfundur 2012 - \u00cdtr\u00f3ttasamband F\u00f8roya\",\"isPartOf\":{\"@id\":\"https:\\\/\\\/isf.fo\\\/#website\"},\"datePublished\":\"2012-05-07T14:59:31+00:00\",\"breadcrumb\":{\"@id\":\"https:\\\/\\\/isf.fo\\\/adalfundur-2012-2\\\/#breadcrumb\"},\"inLanguage\":\"en-US\",\"potentialAction\":[{\"@type\":\"ReadAction\",\"target\":[\"https:\\\/\\\/isf.fo\\\/adalfundur-2012-2\\\/\"]}]},{\"@type\":\"BreadcrumbList\",\"@id\":\"https:\\\/\\\/isf.fo\\\/adalfundur-2012-2\\\/#breadcrumb\",\"itemListElement\":[{\"@type\":\"ListItem\",\"position\":1,\"name\":\"Home\",\"item\":\"https:\\\/\\\/isf.fo\\\/\"},{\"@type\":\"ListItem\",\"position\":2,\"name\":\"A\u00f0alfundur 2012\"}]},{\"@type\":\"WebSite\",\"@id\":\"https:\\\/\\\/isf.fo\\\/#website\",\"url\":\"https:\\\/\\\/isf.fo\\\/\",\"name\":\"\u00cdtr\u00f3ttasamband F\u00f8roya\",\"description\":\"\",\"publisher\":{\"@id\":\"https:\\\/\\\/isf.fo\\\/#organization\"},\"potentialAction\":[{\"@type\":\"SearchAction\",\"target\":{\"@type\":\"EntryPoint\",\"urlTemplate\":\"https:\\\/\\\/isf.fo\\\/?s={search_term_string}\"},\"query-input\":{\"@type\":\"PropertyValueSpecification\",\"valueRequired\":true,\"valueName\":\"search_term_string\"}}],\"inLanguage\":\"en-US\"},{\"@type\":\"Organization\",\"@id\":\"https:\\\/\\\/isf.fo\\\/#organization\",\"name\":\"\u00cdtr\u00f3ttasamband F\u00f8roya\",\"url\":\"https:\\\/\\\/isf.fo\\\/\",\"logo\":{\"@type\":\"ImageObject\",\"inLanguage\":\"en-US\",\"@id\":\"https:\\\/\\\/isf.fo\\\/#\\\/schema\\\/logo\\\/image\\\/\",\"url\":\"https:\\\/\\\/isf.fo\\\/wp-content\\\/uploads\\\/2025\\\/06\\\/ISF_Olympic-Committee-logo.png\",\"contentUrl\":\"https:\\\/\\\/isf.fo\\\/wp-content\\\/uploads\\\/2025\\\/06\\\/ISF_Olympic-Committee-logo.png\",\"width\":618,\"height\":121,\"caption\":\"\u00cdtr\u00f3ttasamband F\u00f8roya\"},\"image\":{\"@id\":\"https:\\\/\\\/isf.fo\\\/#\\\/schema\\\/logo\\\/image\\\/\"},\"sameAs\":[\"https:\\\/\\\/www.facebook.com\\\/itrottasambandid\"]},{\"@type\":\"Person\",\"@id\":\"https:\\\/\\\/isf.fo\\\/#\\\/schema\\\/person\\\/78ac1b623dbf0ace868a5dbcdaed016d\",\"name\":\"Petur Mitt\u00fan\",\"image\":{\"@type\":\"ImageObject\",\"inLanguage\":\"en-US\",\"@id\":\"https:\\\/\\\/secure.gravatar.com\\\/avatar\\\/6f731b65ffaeb1029d9436acc96fc12c3cef9200131daa85ab7762529a25d1d2?s=96&d=mm&r=g\",\"url\":\"https:\\\/\\\/secure.gravatar.com\\\/avatar\\\/6f731b65ffaeb1029d9436acc96fc12c3cef9200131daa85ab7762529a25d1d2?s=96&d=mm&r=g\",\"contentUrl\":\"https:\\\/\\\/secure.gravatar.com\\\/avatar\\\/6f731b65ffaeb1029d9436acc96fc12c3cef9200131daa85ab7762529a25d1d2?s=96&d=mm&r=g\",\"caption\":\"Petur Mitt\u00fan\"},\"url\":\"https:\\\/\\\/isf.fo\\\/en\\\/author\\\/petur\\\/\"}]}<\/script>\n<!-- \/ Yoast SEO plugin. -->","yoast_head_json":{"title":"A\u00f0alfundur 2012 - \u00cdtr\u00f3ttasamband F\u00f8roya","robots":{"index":"index","follow":"follow","max-snippet":"max-snippet:-1","max-image-preview":"max-image-preview:large","max-video-preview":"max-video-preview:-1"},"canonical":"https:\/\/isf.fo\/en\/adalfundur-2012-2\/","og_locale":"en_US","og_type":"article","og_title":"A\u00f0alfundur 2012 - \u00cdtr\u00f3ttasamband F\u00f8roya","og_description":"Til \u00edtr\u00f3ttafel\u00f8g sersambond og stj\u00f3rnarlimir 01. mai 2012 V\u00edsandi til Stj\u00f3rnarskipan \u00cdtr\u00f3ttasambands F\u00f8roya ver\u00f0ur vi\u00f0 hesum bo\u00f0a\u00f0 til \u00e1rsa\u00f0alfundar \u00e1 [&hellip;]","og_url":"https:\/\/isf.fo\/en\/adalfundur-2012-2\/","og_site_name":"\u00cdtr\u00f3ttasamband F\u00f8roya","article_publisher":"https:\/\/www.facebook.com\/itrottasambandid","article_published_time":"2012-05-07T14:59:31+00:00","author":"Petur Mitt\u00fan","twitter_card":"summary_large_image","twitter_misc":{"Written by":"Petur Mitt\u00fan","Est. reading time":"2 minutes"},"schema":{"@context":"https:\/\/schema.org","@graph":[{"@type":"Article","@id":"https:\/\/isf.fo\/adalfundur-2012-2\/#article","isPartOf":{"@id":"https:\/\/isf.fo\/adalfundur-2012-2\/"},"author":{"name":"Petur Mitt\u00fan","@id":"https:\/\/isf.fo\/#\/schema\/person\/78ac1b623dbf0ace868a5dbcdaed016d"},"headline":"A\u00f0alfundur 2012","datePublished":"2012-05-07T14:59:31+00:00","mainEntityOfPage":{"@id":"https:\/\/isf.fo\/adalfundur-2012-2\/"},"wordCount":325,"commentCount":0,"publisher":{"@id":"https:\/\/isf.fo\/#organization"},"articleSection":["\u00cdSF"],"inLanguage":"en-US"},{"@type":"WebPage","@id":"https:\/\/isf.fo\/adalfundur-2012-2\/","url":"https:\/\/isf.fo\/adalfundur-2012-2\/","name":"A\u00f0alfundur 2012 - \u00cdtr\u00f3ttasamband F\u00f8roya","isPartOf":{"@id":"https:\/\/isf.fo\/#website"},"datePublished":"2012-05-07T14:59:31+00:00","breadcrumb":{"@id":"https:\/\/isf.fo\/adalfundur-2012-2\/#breadcrumb"},"inLanguage":"en-US","potentialAction":[{"@type":"ReadAction","target":["https:\/\/isf.fo\/adalfundur-2012-2\/"]}]},{"@type":"BreadcrumbList","@id":"https:\/\/isf.fo\/adalfundur-2012-2\/#breadcrumb","itemListElement":[{"@type":"ListItem","position":1,"name":"Home","item":"https:\/\/isf.fo\/"},{"@type":"ListItem","position":2,"name":"A\u00f0alfundur 2012"}]},{"@type":"WebSite","@id":"https:\/\/isf.fo\/#website","url":"https:\/\/isf.fo\/","name":"\u00cdtr\u00f3ttasamband F\u00f8roya","description":"","publisher":{"@id":"https:\/\/isf.fo\/#organization"},"potentialAction":[{"@type":"SearchAction","target":{"@type":"EntryPoint","urlTemplate":"https:\/\/isf.fo\/?s={search_term_string}"},"query-input":{"@type":"PropertyValueSpecification","valueRequired":true,"valueName":"search_term_string"}}],"inLanguage":"en-US"},{"@type":"Organization","@id":"https:\/\/isf.fo\/#organization","name":"\u00cdtr\u00f3ttasamband F\u00f8roya","url":"https:\/\/isf.fo\/","logo":{"@type":"ImageObject","inLanguage":"en-US","@id":"https:\/\/isf.fo\/#\/schema\/logo\/image\/","url":"https:\/\/isf.fo\/wp-content\/uploads\/2025\/06\/ISF_Olympic-Committee-logo.png","contentUrl":"https:\/\/isf.fo\/wp-content\/uploads\/2025\/06\/ISF_Olympic-Committee-logo.png","width":618,"height":121,"caption":"\u00cdtr\u00f3ttasamband F\u00f8roya"},"image":{"@id":"https:\/\/isf.fo\/#\/schema\/logo\/image\/"},"sameAs":["https:\/\/www.facebook.com\/itrottasambandid"]},{"@type":"Person","@id":"https:\/\/isf.fo\/#\/schema\/person\/78ac1b623dbf0ace868a5dbcdaed016d","name":"Petur Mitt\u00fan","image":{"@type":"ImageObject","inLanguage":"en-US","@id":"https:\/\/secure.gravatar.com\/avatar\/6f731b65ffaeb1029d9436acc96fc12c3cef9200131daa85ab7762529a25d1d2?s=96&d=mm&r=g","url":"https:\/\/secure.gravatar.com\/avatar\/6f731b65ffaeb1029d9436acc96fc12c3cef9200131daa85ab7762529a25d1d2?s=96&d=mm&r=g","contentUrl":"https:\/\/secure.gravatar.com\/avatar\/6f731b65ffaeb1029d9436acc96fc12c3cef9200131daa85ab7762529a25d1d2?s=96&d=mm&r=g","caption":"Petur Mitt\u00fan"},"url":"https:\/\/isf.fo\/en\/author\/petur\/"}]}},"_links":{"self":[{"href":"https:\/\/isf.fo\/en\/wp-json\/wp\/v2\/posts\/2388","targetHints":{"allow":["GET"]}}],"collection":[{"href":"https:\/\/isf.fo\/en\/wp-json\/wp\/v2\/posts"}],"about":[{"href":"https:\/\/isf.fo\/en\/wp-json\/wp\/v2\/types\/post"}],"author":[{"embeddable":true,"href":"https:\/\/isf.fo\/en\/wp-json\/wp\/v2\/users\/6"}],"replies":[{"embeddable":true,"href":"https:\/\/isf.fo\/en\/wp-json\/wp\/v2\/comments?post=2388"}],"version-history":[{"count":0,"href":"https:\/\/isf.fo\/en\/wp-json\/wp\/v2\/posts\/2388\/revisions"}],"wp:attachment":[{"href":"https:\/\/isf.fo\/en\/wp-json\/wp\/v2\/media?parent=2388"}],"wp:term":[{"taxonomy":"category","embeddable":true,"href":"https:\/\/isf.fo\/en\/wp-json\/wp\/v2\/categories?post=2388"},{"taxonomy":"post_tag","embeddable":true,"href":"https:\/\/isf.fo\/en\/wp-json\/wp\/v2\/tags?post=2388"}],"curies":[{"name":"wp","href":"https:\/\/api.w.org\/{rel}","templated":true}]}}