{"id":2420,"date":"2012-05-24T11:55:42","date_gmt":"2012-05-24T10:55:42","guid":{"rendered":"https:\/\/isf.fo\/?p=2420"},"modified":"2016-12-04T15:00:00","modified_gmt":"2016-12-04T15:00:00","slug":"fyrilestur-vid-margrethe-w-aaslund-18-juni","status":"publish","type":"post","link":"https:\/\/isf.fo\/en\/fyrilestur-vid-margrethe-w-aaslund-18-juni\/","title":{"rendered":"Fyrilestur vi\u00f0 Margrethe W. Aaslund 18. juni"},"content":{"rendered":"<p><a href=\"https:\/\/d21ockg4ri0hhk.cloudfront.net\/wp-content\/uploads\/2012\/05\/30193251\/sig_fra1.png\"><img decoding=\"async\" data-src=\"https:\/\/d21ockg4ri0hhk.cloudfront.net\/wp-content\/uploads\/2012\/05\/30193251\/sig_fra1.png\" alt=\"\" title=\"sig_fra1\" width=\"600\" height=\"345\" class=\"alignnone size-full wp-image-2431 lazyload\" src=\"data:image\/svg+xml;base64,PHN2ZyB3aWR0aD0iMSIgaGVpZ2h0PSIxIiB4bWxucz0iaHR0cDovL3d3dy53My5vcmcvMjAwMC9zdmciPjwvc3ZnPg==\" style=\"--smush-placeholder-width: 600px; --smush-placeholder-aspect-ratio: 600\/345;\" \/><\/a><\/p>\n<p><strong>Sig fr\u00e1! &#8211; \u00cdtr\u00f3ttur og \u00e1gangur hoyra ongasta\u00f0ni heima<\/strong><\/p>\n<p>Rith\u00f8vundurin, vi\u00f0gerin og r\u00e1\u00f0gevin vi\u00f0 teimum n\u00f3gvu royndunum og ikki minst r\u00f8ddin hj\u00e1 teimum misbrotnu og \u00e1gangsraktu heldur fyrilestur m\u00e1nakv\u00f8ldi\u00f0 18. juni kl. 19-21 \u00cdSF-h\u00fasinum.<\/p>\n<p>MARGRETE WIEDE AASLAND (f. 1955) er psykoterapeutur \u00e1 \u201eInstitutt for sexologi og terapi as\u201c \u00ed Oslo. Hon er serk\u00f8n \u00ed sexologiskum spurningum. M.a. er hon eisini \u00fatb\u00fagvin forsk\u00falal\u00e6rari og psykiatriskt r\u00f8ktarf\u00f3lk, og hon hevur dr\u00fagvar royndir vi\u00f0 menniskjum \u00ed kreppu, b\u00e6\u00f0i b\u00f8rnum, ungum og vaksnum. Kynsligur \u00e1gangur \u00e1 b\u00f8rn hevur s\u00ed\u00f0an 1988 veri\u00f0 starvs\u00f8ki hennara. Og eisini hava broytingar \u00ed tann\u00e1ringa\u00e1runum \u2013 skiftisspurningar \u2013 havt hennara st\u00f3ra \u00e1huga.<\/p>\n<p>Hv\u00f8nn leiklut hevur \u00edtr\u00f3ttalei\u00f0arin, t\u00e1 i\u00f0 ta\u00f0 sn\u00fdr seg um har\u00f0skap og kynsligan \u00e1gang?<\/p>\n<p>Hvussu skipar \u00edtr\u00f3ttalei\u00f0arin eitt sunt og trygt umhv\u00f8rvi vi\u00f0 grei\u00f0um m\u00f8rkum \u00e1 \u00f8llum m\u00f3tum, samstundis sum allar kenslur eru \u00ed lagi?<\/p>\n<p>Hvussu takkla vit, t\u00e1 i\u00f0 onkur SIGUR FR\u00c1, og ber til at siga fr\u00e1 vi\u00f0 kroppinum uttan or\u00f0? <\/p>\n<p>Hv\u00f8r er okkara skylda, og hv\u00f8r skal d\u00f8ma?<\/p>\n<p>Tiltaki\u00f0 er \u00f3keypis og er fyri \u00f8ll, i\u00f0 f\u00e1ast vi\u00f0 og hava \u00e1byrgd av b\u00f8rnum og ungum \u00ed \u00edtr\u00f3ttah\u00f8pi. \u00d8ll eru hjartaliga v\u00e6lkomin!<\/p>\n<p><a href='https:\/\/isf.fo\/wp-content\/uploads\/2012\/05\/sig_fra_ISF.pdf'>S\u00ed l\u00fdsingina fyri tiltakinum her (pdf)<\/a><\/p>","protected":false},"excerpt":{"rendered":"<p>Sig fr\u00e1! &#8211; \u00cdtr\u00f3ttur og \u00e1gangur hoyra ongasta\u00f0ni heima Rith\u00f8vundurin, vi\u00f0gerin og r\u00e1\u00f0gevin vi\u00f0 teimum n\u00f3gvu royndunum og ikki minst [&hellip;]<\/p>\n","protected":false},"author":6,"featured_media":0,"comment_status":"open","ping_status":"open","sticky":false,"template":"","format":"standard","meta":{"_acf_changed":false,"_relevanssi_hide_post":"","_relevanssi_hide_content":"","_relevanssi_pin_for_all":"","_relevanssi_pin_keywords":"","_relevanssi_unpin_keywords":"","_relevanssi_related_keywords":"","_relevanssi_related_include_ids":"","_relevanssi_related_exclude_ids":"","_relevanssi_related_no_append":"","_relevanssi_related_not_related":"","_relevanssi_related_posts":"","_relevanssi_noindex_reason":"","inline_featured_image":false,"footnotes":""},"categories":[2,3],"tags":[],"class_list":["post-2420","post","type-post","status-publish","format-standard","hentry","category-isf","category-ymiskt"],"acf":[],"yoast_head":"<!-- This site is optimized with the Yoast SEO plugin v27.5 - https:\/\/yoast.com\/product\/yoast-seo-wordpress\/ -->\n<title>Fyrilestur vi\u00f0 Margrethe W. Aaslund 18. juni - \u00cdtr\u00f3ttasamband F\u00f8roya<\/title>\n<meta name=\"robots\" content=\"index, follow, max-snippet:-1, max-image-preview:large, max-video-preview:-1\" \/>\n<link rel=\"canonical\" href=\"https:\/\/isf.fo\/en\/fyrilestur-vid-margrethe-w-aaslund-18-juni\/\" \/>\n<meta property=\"og:locale\" content=\"en_US\" \/>\n<meta property=\"og:type\" content=\"article\" \/>\n<meta property=\"og:title\" content=\"Fyrilestur vi\u00f0 Margrethe W. Aaslund 18. juni - \u00cdtr\u00f3ttasamband F\u00f8roya\" \/>\n<meta property=\"og:description\" content=\"Sig fr\u00e1! &#8211; \u00cdtr\u00f3ttur og \u00e1gangur hoyra ongasta\u00f0ni heima Rith\u00f8vundurin, vi\u00f0gerin og r\u00e1\u00f0gevin vi\u00f0 teimum n\u00f3gvu royndunum og ikki minst [&hellip;]\" \/>\n<meta property=\"og:url\" content=\"https:\/\/isf.fo\/en\/fyrilestur-vid-margrethe-w-aaslund-18-juni\/\" \/>\n<meta property=\"og:site_name\" content=\"\u00cdtr\u00f3ttasamband F\u00f8roya\" \/>\n<meta property=\"article:publisher\" content=\"https:\/\/www.facebook.com\/itrottasambandid\" \/>\n<meta property=\"article:published_time\" content=\"2012-05-24T10:55:42+00:00\" \/>\n<meta property=\"article:modified_time\" content=\"2016-12-04T15:00:00+00:00\" \/>\n<meta property=\"og:image\" content=\"https:\/\/isf.fo\/wp-content\/uploads\/2012\/05\/sig_fra1.png\" \/>\n<meta name=\"author\" content=\"Petur Mitt\u00fan\" \/>\n<meta name=\"twitter:card\" content=\"summary_large_image\" \/>\n<meta name=\"twitter:label1\" content=\"Written by\" \/>\n\t<meta name=\"twitter:data1\" content=\"Petur Mitt\u00fan\" \/>\n\t<meta name=\"twitter:label2\" content=\"Est. reading time\" \/>\n\t<meta name=\"twitter:data2\" content=\"1 minute\" \/>\n<script type=\"application\/ld+json\" class=\"yoast-schema-graph\">{\"@context\":\"https:\\\/\\\/schema.org\",\"@graph\":[{\"@type\":\"Article\",\"@id\":\"https:\\\/\\\/isf.fo\\\/fyrilestur-vid-margrethe-w-aaslund-18-juni\\\/#article\",\"isPartOf\":{\"@id\":\"https:\\\/\\\/isf.fo\\\/fyrilestur-vid-margrethe-w-aaslund-18-juni\\\/\"},\"author\":{\"name\":\"Petur Mitt\u00fan\",\"@id\":\"https:\\\/\\\/isf.fo\\\/#\\\/schema\\\/person\\\/78ac1b623dbf0ace868a5dbcdaed016d\"},\"headline\":\"Fyrilestur vi\u00f0 Margrethe W. Aaslund 18. juni\",\"datePublished\":\"2012-05-24T10:55:42+00:00\",\"dateModified\":\"2016-12-04T15:00:00+00:00\",\"mainEntityOfPage\":{\"@id\":\"https:\\\/\\\/isf.fo\\\/fyrilestur-vid-margrethe-w-aaslund-18-juni\\\/\"},\"wordCount\":230,\"commentCount\":0,\"publisher\":{\"@id\":\"https:\\\/\\\/isf.fo\\\/#organization\"},\"image\":{\"@id\":\"https:\\\/\\\/isf.fo\\\/fyrilestur-vid-margrethe-w-aaslund-18-juni\\\/#primaryimage\"},\"thumbnailUrl\":\"https:\\\/\\\/isf.fo\\\/wp-content\\\/uploads\\\/2012\\\/05\\\/sig_fra1.png\",\"articleSection\":[\"\u00cdSF\",\"Ymiskt\"],\"inLanguage\":\"en-US\"},{\"@type\":\"WebPage\",\"@id\":\"https:\\\/\\\/isf.fo\\\/fyrilestur-vid-margrethe-w-aaslund-18-juni\\\/\",\"url\":\"https:\\\/\\\/isf.fo\\\/fyrilestur-vid-margrethe-w-aaslund-18-juni\\\/\",\"name\":\"Fyrilestur vi\u00f0 Margrethe W. Aaslund 18. juni - \u00cdtr\u00f3ttasamband F\u00f8roya\",\"isPartOf\":{\"@id\":\"https:\\\/\\\/isf.fo\\\/#website\"},\"primaryImageOfPage\":{\"@id\":\"https:\\\/\\\/isf.fo\\\/fyrilestur-vid-margrethe-w-aaslund-18-juni\\\/#primaryimage\"},\"image\":{\"@id\":\"https:\\\/\\\/isf.fo\\\/fyrilestur-vid-margrethe-w-aaslund-18-juni\\\/#primaryimage\"},\"thumbnailUrl\":\"https:\\\/\\\/isf.fo\\\/wp-content\\\/uploads\\\/2012\\\/05\\\/sig_fra1.png\",\"datePublished\":\"2012-05-24T10:55:42+00:00\",\"dateModified\":\"2016-12-04T15:00:00+00:00\",\"breadcrumb\":{\"@id\":\"https:\\\/\\\/isf.fo\\\/fyrilestur-vid-margrethe-w-aaslund-18-juni\\\/#breadcrumb\"},\"inLanguage\":\"en-US\",\"potentialAction\":[{\"@type\":\"ReadAction\",\"target\":[\"https:\\\/\\\/isf.fo\\\/fyrilestur-vid-margrethe-w-aaslund-18-juni\\\/\"]}]},{\"@type\":\"ImageObject\",\"inLanguage\":\"en-US\",\"@id\":\"https:\\\/\\\/isf.fo\\\/fyrilestur-vid-margrethe-w-aaslund-18-juni\\\/#primaryimage\",\"url\":\"https:\\\/\\\/isf.fo\\\/wp-content\\\/uploads\\\/2012\\\/05\\\/sig_fra1.png\",\"contentUrl\":\"https:\\\/\\\/isf.fo\\\/wp-content\\\/uploads\\\/2012\\\/05\\\/sig_fra1.png\"},{\"@type\":\"BreadcrumbList\",\"@id\":\"https:\\\/\\\/isf.fo\\\/fyrilestur-vid-margrethe-w-aaslund-18-juni\\\/#breadcrumb\",\"itemListElement\":[{\"@type\":\"ListItem\",\"position\":1,\"name\":\"Home\",\"item\":\"https:\\\/\\\/isf.fo\\\/\"},{\"@type\":\"ListItem\",\"position\":2,\"name\":\"Fyrilestur vi\u00f0 Margrethe W. Aaslund 18. juni\"}]},{\"@type\":\"WebSite\",\"@id\":\"https:\\\/\\\/isf.fo\\\/#website\",\"url\":\"https:\\\/\\\/isf.fo\\\/\",\"name\":\"\u00cdtr\u00f3ttasamband F\u00f8roya\",\"description\":\"\",\"publisher\":{\"@id\":\"https:\\\/\\\/isf.fo\\\/#organization\"},\"potentialAction\":[{\"@type\":\"SearchAction\",\"target\":{\"@type\":\"EntryPoint\",\"urlTemplate\":\"https:\\\/\\\/isf.fo\\\/?s={search_term_string}\"},\"query-input\":{\"@type\":\"PropertyValueSpecification\",\"valueRequired\":true,\"valueName\":\"search_term_string\"}}],\"inLanguage\":\"en-US\"},{\"@type\":\"Organization\",\"@id\":\"https:\\\/\\\/isf.fo\\\/#organization\",\"name\":\"\u00cdtr\u00f3ttasamband F\u00f8roya\",\"url\":\"https:\\\/\\\/isf.fo\\\/\",\"logo\":{\"@type\":\"ImageObject\",\"inLanguage\":\"en-US\",\"@id\":\"https:\\\/\\\/isf.fo\\\/#\\\/schema\\\/logo\\\/image\\\/\",\"url\":\"https:\\\/\\\/isf.fo\\\/wp-content\\\/uploads\\\/2025\\\/06\\\/ISF_Olympic-Committee-logo.png\",\"contentUrl\":\"https:\\\/\\\/isf.fo\\\/wp-content\\\/uploads\\\/2025\\\/06\\\/ISF_Olympic-Committee-logo.png\",\"width\":618,\"height\":121,\"caption\":\"\u00cdtr\u00f3ttasamband F\u00f8roya\"},\"image\":{\"@id\":\"https:\\\/\\\/isf.fo\\\/#\\\/schema\\\/logo\\\/image\\\/\"},\"sameAs\":[\"https:\\\/\\\/www.facebook.com\\\/itrottasambandid\"]},{\"@type\":\"Person\",\"@id\":\"https:\\\/\\\/isf.fo\\\/#\\\/schema\\\/person\\\/78ac1b623dbf0ace868a5dbcdaed016d\",\"name\":\"Petur Mitt\u00fan\",\"image\":{\"@type\":\"ImageObject\",\"inLanguage\":\"en-US\",\"@id\":\"https:\\\/\\\/secure.gravatar.com\\\/avatar\\\/6f731b65ffaeb1029d9436acc96fc12c3cef9200131daa85ab7762529a25d1d2?s=96&d=mm&r=g\",\"url\":\"https:\\\/\\\/secure.gravatar.com\\\/avatar\\\/6f731b65ffaeb1029d9436acc96fc12c3cef9200131daa85ab7762529a25d1d2?s=96&d=mm&r=g\",\"contentUrl\":\"https:\\\/\\\/secure.gravatar.com\\\/avatar\\\/6f731b65ffaeb1029d9436acc96fc12c3cef9200131daa85ab7762529a25d1d2?s=96&d=mm&r=g\",\"caption\":\"Petur Mitt\u00fan\"},\"url\":\"https:\\\/\\\/isf.fo\\\/en\\\/author\\\/petur\\\/\"}]}<\/script>\n<!-- \/ Yoast SEO plugin. -->","yoast_head_json":{"title":"Fyrilestur vi\u00f0 Margrethe W. Aaslund 18. juni - \u00cdtr\u00f3ttasamband F\u00f8roya","robots":{"index":"index","follow":"follow","max-snippet":"max-snippet:-1","max-image-preview":"max-image-preview:large","max-video-preview":"max-video-preview:-1"},"canonical":"https:\/\/isf.fo\/en\/fyrilestur-vid-margrethe-w-aaslund-18-juni\/","og_locale":"en_US","og_type":"article","og_title":"Fyrilestur vi\u00f0 Margrethe W. Aaslund 18. juni - \u00cdtr\u00f3ttasamband F\u00f8roya","og_description":"Sig fr\u00e1! &#8211; \u00cdtr\u00f3ttur og \u00e1gangur hoyra ongasta\u00f0ni heima Rith\u00f8vundurin, vi\u00f0gerin og r\u00e1\u00f0gevin vi\u00f0 teimum n\u00f3gvu royndunum og ikki minst [&hellip;]","og_url":"https:\/\/isf.fo\/en\/fyrilestur-vid-margrethe-w-aaslund-18-juni\/","og_site_name":"\u00cdtr\u00f3ttasamband F\u00f8roya","article_publisher":"https:\/\/www.facebook.com\/itrottasambandid","article_published_time":"2012-05-24T10:55:42+00:00","article_modified_time":"2016-12-04T15:00:00+00:00","og_image":[{"url":"https:\/\/isf.fo\/wp-content\/uploads\/2012\/05\/sig_fra1.png","type":"","width":"","height":""}],"author":"Petur Mitt\u00fan","twitter_card":"summary_large_image","twitter_misc":{"Written by":"Petur Mitt\u00fan","Est. reading time":"1 minute"},"schema":{"@context":"https:\/\/schema.org","@graph":[{"@type":"Article","@id":"https:\/\/isf.fo\/fyrilestur-vid-margrethe-w-aaslund-18-juni\/#article","isPartOf":{"@id":"https:\/\/isf.fo\/fyrilestur-vid-margrethe-w-aaslund-18-juni\/"},"author":{"name":"Petur Mitt\u00fan","@id":"https:\/\/isf.fo\/#\/schema\/person\/78ac1b623dbf0ace868a5dbcdaed016d"},"headline":"Fyrilestur vi\u00f0 Margrethe W. Aaslund 18. juni","datePublished":"2012-05-24T10:55:42+00:00","dateModified":"2016-12-04T15:00:00+00:00","mainEntityOfPage":{"@id":"https:\/\/isf.fo\/fyrilestur-vid-margrethe-w-aaslund-18-juni\/"},"wordCount":230,"commentCount":0,"publisher":{"@id":"https:\/\/isf.fo\/#organization"},"image":{"@id":"https:\/\/isf.fo\/fyrilestur-vid-margrethe-w-aaslund-18-juni\/#primaryimage"},"thumbnailUrl":"https:\/\/isf.fo\/wp-content\/uploads\/2012\/05\/sig_fra1.png","articleSection":["\u00cdSF","Ymiskt"],"inLanguage":"en-US"},{"@type":"WebPage","@id":"https:\/\/isf.fo\/fyrilestur-vid-margrethe-w-aaslund-18-juni\/","url":"https:\/\/isf.fo\/fyrilestur-vid-margrethe-w-aaslund-18-juni\/","name":"Fyrilestur vi\u00f0 Margrethe W. Aaslund 18. juni - \u00cdtr\u00f3ttasamband F\u00f8roya","isPartOf":{"@id":"https:\/\/isf.fo\/#website"},"primaryImageOfPage":{"@id":"https:\/\/isf.fo\/fyrilestur-vid-margrethe-w-aaslund-18-juni\/#primaryimage"},"image":{"@id":"https:\/\/isf.fo\/fyrilestur-vid-margrethe-w-aaslund-18-juni\/#primaryimage"},"thumbnailUrl":"https:\/\/isf.fo\/wp-content\/uploads\/2012\/05\/sig_fra1.png","datePublished":"2012-05-24T10:55:42+00:00","dateModified":"2016-12-04T15:00:00+00:00","breadcrumb":{"@id":"https:\/\/isf.fo\/fyrilestur-vid-margrethe-w-aaslund-18-juni\/#breadcrumb"},"inLanguage":"en-US","potentialAction":[{"@type":"ReadAction","target":["https:\/\/isf.fo\/fyrilestur-vid-margrethe-w-aaslund-18-juni\/"]}]},{"@type":"ImageObject","inLanguage":"en-US","@id":"https:\/\/isf.fo\/fyrilestur-vid-margrethe-w-aaslund-18-juni\/#primaryimage","url":"https:\/\/isf.fo\/wp-content\/uploads\/2012\/05\/sig_fra1.png","contentUrl":"https:\/\/isf.fo\/wp-content\/uploads\/2012\/05\/sig_fra1.png"},{"@type":"BreadcrumbList","@id":"https:\/\/isf.fo\/fyrilestur-vid-margrethe-w-aaslund-18-juni\/#breadcrumb","itemListElement":[{"@type":"ListItem","position":1,"name":"Home","item":"https:\/\/isf.fo\/"},{"@type":"ListItem","position":2,"name":"Fyrilestur vi\u00f0 Margrethe W. Aaslund 18. juni"}]},{"@type":"WebSite","@id":"https:\/\/isf.fo\/#website","url":"https:\/\/isf.fo\/","name":"\u00cdtr\u00f3ttasamband F\u00f8roya","description":"","publisher":{"@id":"https:\/\/isf.fo\/#organization"},"potentialAction":[{"@type":"SearchAction","target":{"@type":"EntryPoint","urlTemplate":"https:\/\/isf.fo\/?s={search_term_string}"},"query-input":{"@type":"PropertyValueSpecification","valueRequired":true,"valueName":"search_term_string"}}],"inLanguage":"en-US"},{"@type":"Organization","@id":"https:\/\/isf.fo\/#organization","name":"\u00cdtr\u00f3ttasamband F\u00f8roya","url":"https:\/\/isf.fo\/","logo":{"@type":"ImageObject","inLanguage":"en-US","@id":"https:\/\/isf.fo\/#\/schema\/logo\/image\/","url":"https:\/\/isf.fo\/wp-content\/uploads\/2025\/06\/ISF_Olympic-Committee-logo.png","contentUrl":"https:\/\/isf.fo\/wp-content\/uploads\/2025\/06\/ISF_Olympic-Committee-logo.png","width":618,"height":121,"caption":"\u00cdtr\u00f3ttasamband F\u00f8roya"},"image":{"@id":"https:\/\/isf.fo\/#\/schema\/logo\/image\/"},"sameAs":["https:\/\/www.facebook.com\/itrottasambandid"]},{"@type":"Person","@id":"https:\/\/isf.fo\/#\/schema\/person\/78ac1b623dbf0ace868a5dbcdaed016d","name":"Petur Mitt\u00fan","image":{"@type":"ImageObject","inLanguage":"en-US","@id":"https:\/\/secure.gravatar.com\/avatar\/6f731b65ffaeb1029d9436acc96fc12c3cef9200131daa85ab7762529a25d1d2?s=96&d=mm&r=g","url":"https:\/\/secure.gravatar.com\/avatar\/6f731b65ffaeb1029d9436acc96fc12c3cef9200131daa85ab7762529a25d1d2?s=96&d=mm&r=g","contentUrl":"https:\/\/secure.gravatar.com\/avatar\/6f731b65ffaeb1029d9436acc96fc12c3cef9200131daa85ab7762529a25d1d2?s=96&d=mm&r=g","caption":"Petur Mitt\u00fan"},"url":"https:\/\/isf.fo\/en\/author\/petur\/"}]}},"_links":{"self":[{"href":"https:\/\/isf.fo\/en\/wp-json\/wp\/v2\/posts\/2420","targetHints":{"allow":["GET"]}}],"collection":[{"href":"https:\/\/isf.fo\/en\/wp-json\/wp\/v2\/posts"}],"about":[{"href":"https:\/\/isf.fo\/en\/wp-json\/wp\/v2\/types\/post"}],"author":[{"embeddable":true,"href":"https:\/\/isf.fo\/en\/wp-json\/wp\/v2\/users\/6"}],"replies":[{"embeddable":true,"href":"https:\/\/isf.fo\/en\/wp-json\/wp\/v2\/comments?post=2420"}],"version-history":[{"count":1,"href":"https:\/\/isf.fo\/en\/wp-json\/wp\/v2\/posts\/2420\/revisions"}],"predecessor-version":[{"id":4636,"href":"https:\/\/isf.fo\/en\/wp-json\/wp\/v2\/posts\/2420\/revisions\/4636"}],"wp:attachment":[{"href":"https:\/\/isf.fo\/en\/wp-json\/wp\/v2\/media?parent=2420"}],"wp:term":[{"taxonomy":"category","embeddable":true,"href":"https:\/\/isf.fo\/en\/wp-json\/wp\/v2\/categories?post=2420"},{"taxonomy":"post_tag","embeddable":true,"href":"https:\/\/isf.fo\/en\/wp-json\/wp\/v2\/tags?post=2420"}],"curies":[{"name":"wp","href":"https:\/\/api.w.org\/{rel}","templated":true}]}}