{"id":2462,"date":"2012-07-19T16:56:44","date_gmt":"2012-07-19T15:56:44","guid":{"rendered":"https:\/\/isf.fo\/?p=2462"},"modified":"2016-12-04T14:59:58","modified_gmt":"2016-12-04T14:59:58","slug":"eitt-stig-naerri-oyggjaleikunum-i-foroyum-2019","status":"publish","type":"post","link":"https:\/\/isf.fo\/en\/eitt-stig-naerri-oyggjaleikunum-i-foroyum-2019\/","title":{"rendered":"Eitt stig n\u00e6rri Oyggjaleikunum \u00ed F\u00f8royum 2019"},"content":{"rendered":"<p><a href=\"https:\/\/d21ockg4ri0hhk.cloudfront.net\/wp-content\/uploads\/2012\/07\/30193252\/bermuda_flagg.jpg\"><img decoding=\"async\" class=\"alignnone size-full wp-image-2464 lazyload\" title=\"bermuda_flagg\" data-src=\"https:\/\/d21ockg4ri0hhk.cloudfront.net\/wp-content\/uploads\/2012\/07\/30193252\/bermuda_flagg.jpg\" alt=\"\" width=\"600\" height=\"345\" src=\"data:image\/svg+xml;base64,PHN2ZyB3aWR0aD0iMSIgaGVpZ2h0PSIxIiB4bWxucz0iaHR0cDovL3d3dy53My5vcmcvMjAwMC9zdmciPjwvc3ZnPg==\" style=\"--smush-placeholder-width: 600px; --smush-placeholder-aspect-ratio: 600\/345;\" \/><\/a><br \/>\nSeinasta vikuskifti hev\u00f0i altj\u00f3\u00f0a Oyggjaleikanevndin \u00e1rliga a\u00f0alfund s\u00edn \u00e1 Bermuda.<\/p>\n<p>Afturat sj\u00e1lvum a\u00f0alfundinum leygardagin, v\u00f3ru vitjanir \u00e1 hotellum, sk\u00falum og \u00edtr\u00f3ttaranleggum, sum skulu h\u00fdsa oyggjaleikunum komandi summar. \u00cdtr\u00f3ttaranleggini \u00e1 Bermuda v\u00f3ru \u00ed sera g\u00f3\u00f0um standi og fara at leggja lunnar undir g\u00f3\u00f0ar kappingar komandi summar. Hotellini v\u00f3ru sera g\u00f3\u00f0, men d\u00fdr. Sk\u00falarnir h\u00f8vdu somulei\u00f0is g\u00f3\u00f0ar umst\u00f8\u00f0ur fyri ein s\u00e1muligan pening, men her gista 8-10 \u00ed somu sk\u00falastovu.<\/p>\n<p>\u00cd samband vi\u00f0 oyggjaleikir \u00ed F\u00f8royum aftur v\u00f3r\u00f0u tvey t\u00fd\u00f0andi stig tikin \u00e1 Bermuda.<\/p>\n<p>\u00c1 sj\u00e1lvum a\u00f0alfundinum var\u00f0 samtykt, at \u00ed framt\u00ed\u00f0ini skulu limaoyggjarnar ikki longur kappast um at fyriskipa leikunum. Hinvegin skal starvsnevndin \u00ed IIGA samr\u00e1\u00f0ast vi\u00f0 limaoyggjarnar og s\u00ed\u00f0ani seta \u00e1huga\u00f0u vertsoyggjarnar \u00e1 ein lista. T\u00f3 skal a\u00f0alfundurin g\u00f3\u00f0kenna vertsoyggjarnar 5 \u00e1r, \u00e1\u00f0renn t\u00e6r skulu vera vertir. \u00c1 a\u00f0alfundinum var\u00f0 hesin listi av vertsoyggjum lagdur fram uttan vi\u00f0merking:<br \/>\n2013 Bermuda<br \/>\n2015 Jersey<br \/>\n2017 Gotland<br \/>\n2019 F\u00f8royar<br \/>\n2021 Menorca<\/p>\n<p>\u00c1 nevndarfundinum eftir a\u00f0alfundin samtykti starvsnevndin at halda v\u00e1rfund s\u00edn \u00ed F\u00f8royum um h\u00e1lvan mars 2013. \u00c1 fundinum er \u00e6tlanin hj\u00e1 nevndini, aftrat vanligu fundarskr\u00e1nni, sum \u00ed st\u00f3ran mun fevnir um fyrireikingar \u00ed samband vi\u00f0 leikirnar \u00e1 Bermuda n\u00e6sta summar, at hitta f\u00f8royskar myndugleikar fyri at f\u00e1a sett fer\u00f0 \u00e1 eina tilgongd til Oyggjaleikirnar \u00ed F\u00f8royum 2019. Harafturat ynskir nevndin at vitja \u00edtr\u00f3ttaranlegg, hotell og a\u00f0rar m\u00f8guligar gistingarm\u00f8guleikar, sum skulu n\u00fdtast til leikirnar \u00ed F\u00f8royum \u00ed 2019.<\/p>\n<p>F\u00f8royar hava annars saman vi\u00f0 Gr\u00f8nlandi, Bermuda og Caymanoyggjunum seinastu \u00e1rini roynt at fingi\u00f0 broytt lutt\u00f8kukr\u00f8vini til Oyggjaleikirnar, solei\u00f0is at hesi fylgdu kr\u00f8vunum, sum altj\u00f3\u00f0a sersambondini seta til landsli\u00f0, t.d. \u00ed samband vi\u00f0 EM ella HM kappingar. Seinasta tveir a\u00f0alfundirnar hava atkv\u00f8\u00f0ugrei\u00f0slur veri\u00f0 um hetta m\u00e1l, men er ta\u00f0 falli\u00f0 \u00e1 b\u00e1\u00f0um fundunum. St\u00f8rsta einstaka ors\u00f8kin tyist at vera, at limaoyggjarnar eru bangnar fyri, at leikirnir, sum \u00ed forvegin eru vor\u00f0nir sera st\u00f3rir, skulu gerast enn st\u00f8rri, eftirsum fleiri \u00edtr\u00f3ttaf\u00f3lk f\u00e1a lutt\u00f8kur\u00e6tt.<\/p>\n<p>Petur Elias Petersen, forseti \u00cdtr\u00f3ttasambandsins, umbo\u00f0a\u00f0i F\u00f8royar \u00e1 a\u00f0alfundinum hj\u00e1 Altj\u00f3\u00f0a Oyggjaleikanevndini, me\u00f0an S\u00f8lvi Reinert hansen t\u00f3k lut sum starvsnevndarlimur \u00ed IIGA.<\/p>","protected":false},"excerpt":{"rendered":"<p>Seinasta vikuskifti hev\u00f0i altj\u00f3\u00f0a Oyggjaleikanevndin \u00e1rliga a\u00f0alfund s\u00edn \u00e1 Bermuda. Afturat sj\u00e1lvum a\u00f0alfundinum leygardagin, v\u00f3ru vitjanir \u00e1 hotellum, sk\u00falum og [&hellip;]<\/p>\n","protected":false},"author":6,"featured_media":0,"comment_status":"open","ping_status":"open","sticky":false,"template":"","format":"standard","meta":{"_acf_changed":false,"_relevanssi_hide_post":"","_relevanssi_hide_content":"","_relevanssi_pin_for_all":"","_relevanssi_pin_keywords":"","_relevanssi_unpin_keywords":"","_relevanssi_related_keywords":"","_relevanssi_related_include_ids":"","_relevanssi_related_exclude_ids":"","_relevanssi_related_no_append":"","_relevanssi_related_not_related":"","_relevanssi_related_posts":"","_relevanssi_noindex_reason":"","inline_featured_image":false,"footnotes":""},"categories":[2],"tags":[],"class_list":["post-2462","post","type-post","status-publish","format-standard","hentry","category-isf"],"acf":[],"yoast_head":"<!-- This site is optimized with the Yoast SEO plugin v27.5 - https:\/\/yoast.com\/product\/yoast-seo-wordpress\/ -->\n<title>Eitt stig n\u00e6rri Oyggjaleikunum \u00ed F\u00f8royum 2019 - \u00cdtr\u00f3ttasamband F\u00f8roya<\/title>\n<meta name=\"robots\" content=\"index, follow, max-snippet:-1, max-image-preview:large, max-video-preview:-1\" \/>\n<link rel=\"canonical\" href=\"https:\/\/isf.fo\/en\/eitt-stig-naerri-oyggjaleikunum-i-foroyum-2019\/\" \/>\n<meta property=\"og:locale\" content=\"en_US\" \/>\n<meta property=\"og:type\" content=\"article\" \/>\n<meta property=\"og:title\" content=\"Eitt stig n\u00e6rri Oyggjaleikunum \u00ed F\u00f8royum 2019 - \u00cdtr\u00f3ttasamband F\u00f8roya\" \/>\n<meta property=\"og:description\" content=\"Seinasta vikuskifti hev\u00f0i altj\u00f3\u00f0a Oyggjaleikanevndin \u00e1rliga a\u00f0alfund s\u00edn \u00e1 Bermuda. Afturat sj\u00e1lvum a\u00f0alfundinum leygardagin, v\u00f3ru vitjanir \u00e1 hotellum, sk\u00falum og [&hellip;]\" \/>\n<meta property=\"og:url\" content=\"https:\/\/isf.fo\/en\/eitt-stig-naerri-oyggjaleikunum-i-foroyum-2019\/\" \/>\n<meta property=\"og:site_name\" content=\"\u00cdtr\u00f3ttasamband F\u00f8roya\" \/>\n<meta property=\"article:publisher\" content=\"https:\/\/www.facebook.com\/itrottasambandid\" \/>\n<meta property=\"article:published_time\" content=\"2012-07-19T15:56:44+00:00\" \/>\n<meta property=\"article:modified_time\" content=\"2016-12-04T14:59:58+00:00\" \/>\n<meta property=\"og:image\" content=\"https:\/\/isf.fo\/wp-content\/uploads\/2012\/07\/bermuda_flagg.jpg\" \/>\n<meta name=\"author\" content=\"Petur Mitt\u00fan\" \/>\n<meta name=\"twitter:card\" content=\"summary_large_image\" \/>\n<meta name=\"twitter:label1\" content=\"Written by\" \/>\n\t<meta name=\"twitter:data1\" content=\"Petur Mitt\u00fan\" \/>\n\t<meta name=\"twitter:label2\" content=\"Est. reading time\" \/>\n\t<meta name=\"twitter:data2\" content=\"2 minutes\" \/>\n<script type=\"application\/ld+json\" class=\"yoast-schema-graph\">{\"@context\":\"https:\\\/\\\/schema.org\",\"@graph\":[{\"@type\":\"Article\",\"@id\":\"https:\\\/\\\/isf.fo\\\/eitt-stig-naerri-oyggjaleikunum-i-foroyum-2019\\\/#article\",\"isPartOf\":{\"@id\":\"https:\\\/\\\/isf.fo\\\/eitt-stig-naerri-oyggjaleikunum-i-foroyum-2019\\\/\"},\"author\":{\"name\":\"Petur Mitt\u00fan\",\"@id\":\"https:\\\/\\\/isf.fo\\\/#\\\/schema\\\/person\\\/78ac1b623dbf0ace868a5dbcdaed016d\"},\"headline\":\"Eitt stig n\u00e6rri Oyggjaleikunum \u00ed F\u00f8royum 2019\",\"datePublished\":\"2012-07-19T15:56:44+00:00\",\"dateModified\":\"2016-12-04T14:59:58+00:00\",\"mainEntityOfPage\":{\"@id\":\"https:\\\/\\\/isf.fo\\\/eitt-stig-naerri-oyggjaleikunum-i-foroyum-2019\\\/\"},\"wordCount\":386,\"commentCount\":0,\"publisher\":{\"@id\":\"https:\\\/\\\/isf.fo\\\/#organization\"},\"image\":{\"@id\":\"https:\\\/\\\/isf.fo\\\/eitt-stig-naerri-oyggjaleikunum-i-foroyum-2019\\\/#primaryimage\"},\"thumbnailUrl\":\"https:\\\/\\\/isf.fo\\\/wp-content\\\/uploads\\\/2012\\\/07\\\/bermuda_flagg.jpg\",\"articleSection\":[\"\u00cdSF\"],\"inLanguage\":\"en-US\"},{\"@type\":\"WebPage\",\"@id\":\"https:\\\/\\\/isf.fo\\\/eitt-stig-naerri-oyggjaleikunum-i-foroyum-2019\\\/\",\"url\":\"https:\\\/\\\/isf.fo\\\/eitt-stig-naerri-oyggjaleikunum-i-foroyum-2019\\\/\",\"name\":\"Eitt stig n\u00e6rri Oyggjaleikunum \u00ed F\u00f8royum 2019 - \u00cdtr\u00f3ttasamband F\u00f8roya\",\"isPartOf\":{\"@id\":\"https:\\\/\\\/isf.fo\\\/#website\"},\"primaryImageOfPage\":{\"@id\":\"https:\\\/\\\/isf.fo\\\/eitt-stig-naerri-oyggjaleikunum-i-foroyum-2019\\\/#primaryimage\"},\"image\":{\"@id\":\"https:\\\/\\\/isf.fo\\\/eitt-stig-naerri-oyggjaleikunum-i-foroyum-2019\\\/#primaryimage\"},\"thumbnailUrl\":\"https:\\\/\\\/isf.fo\\\/wp-content\\\/uploads\\\/2012\\\/07\\\/bermuda_flagg.jpg\",\"datePublished\":\"2012-07-19T15:56:44+00:00\",\"dateModified\":\"2016-12-04T14:59:58+00:00\",\"breadcrumb\":{\"@id\":\"https:\\\/\\\/isf.fo\\\/eitt-stig-naerri-oyggjaleikunum-i-foroyum-2019\\\/#breadcrumb\"},\"inLanguage\":\"en-US\",\"potentialAction\":[{\"@type\":\"ReadAction\",\"target\":[\"https:\\\/\\\/isf.fo\\\/eitt-stig-naerri-oyggjaleikunum-i-foroyum-2019\\\/\"]}]},{\"@type\":\"ImageObject\",\"inLanguage\":\"en-US\",\"@id\":\"https:\\\/\\\/isf.fo\\\/eitt-stig-naerri-oyggjaleikunum-i-foroyum-2019\\\/#primaryimage\",\"url\":\"https:\\\/\\\/isf.fo\\\/wp-content\\\/uploads\\\/2012\\\/07\\\/bermuda_flagg.jpg\",\"contentUrl\":\"https:\\\/\\\/isf.fo\\\/wp-content\\\/uploads\\\/2012\\\/07\\\/bermuda_flagg.jpg\"},{\"@type\":\"BreadcrumbList\",\"@id\":\"https:\\\/\\\/isf.fo\\\/eitt-stig-naerri-oyggjaleikunum-i-foroyum-2019\\\/#breadcrumb\",\"itemListElement\":[{\"@type\":\"ListItem\",\"position\":1,\"name\":\"Home\",\"item\":\"https:\\\/\\\/isf.fo\\\/\"},{\"@type\":\"ListItem\",\"position\":2,\"name\":\"Eitt stig n\u00e6rri Oyggjaleikunum \u00ed F\u00f8royum 2019\"}]},{\"@type\":\"WebSite\",\"@id\":\"https:\\\/\\\/isf.fo\\\/#website\",\"url\":\"https:\\\/\\\/isf.fo\\\/\",\"name\":\"\u00cdtr\u00f3ttasamband F\u00f8roya\",\"description\":\"\",\"publisher\":{\"@id\":\"https:\\\/\\\/isf.fo\\\/#organization\"},\"potentialAction\":[{\"@type\":\"SearchAction\",\"target\":{\"@type\":\"EntryPoint\",\"urlTemplate\":\"https:\\\/\\\/isf.fo\\\/?s={search_term_string}\"},\"query-input\":{\"@type\":\"PropertyValueSpecification\",\"valueRequired\":true,\"valueName\":\"search_term_string\"}}],\"inLanguage\":\"en-US\"},{\"@type\":\"Organization\",\"@id\":\"https:\\\/\\\/isf.fo\\\/#organization\",\"name\":\"\u00cdtr\u00f3ttasamband F\u00f8roya\",\"url\":\"https:\\\/\\\/isf.fo\\\/\",\"logo\":{\"@type\":\"ImageObject\",\"inLanguage\":\"en-US\",\"@id\":\"https:\\\/\\\/isf.fo\\\/#\\\/schema\\\/logo\\\/image\\\/\",\"url\":\"https:\\\/\\\/isf.fo\\\/wp-content\\\/uploads\\\/2025\\\/06\\\/ISF_Olympic-Committee-logo.png\",\"contentUrl\":\"https:\\\/\\\/isf.fo\\\/wp-content\\\/uploads\\\/2025\\\/06\\\/ISF_Olympic-Committee-logo.png\",\"width\":618,\"height\":121,\"caption\":\"\u00cdtr\u00f3ttasamband F\u00f8roya\"},\"image\":{\"@id\":\"https:\\\/\\\/isf.fo\\\/#\\\/schema\\\/logo\\\/image\\\/\"},\"sameAs\":[\"https:\\\/\\\/www.facebook.com\\\/itrottasambandid\"]},{\"@type\":\"Person\",\"@id\":\"https:\\\/\\\/isf.fo\\\/#\\\/schema\\\/person\\\/78ac1b623dbf0ace868a5dbcdaed016d\",\"name\":\"Petur Mitt\u00fan\",\"image\":{\"@type\":\"ImageObject\",\"inLanguage\":\"en-US\",\"@id\":\"https:\\\/\\\/secure.gravatar.com\\\/avatar\\\/6f731b65ffaeb1029d9436acc96fc12c3cef9200131daa85ab7762529a25d1d2?s=96&d=mm&r=g\",\"url\":\"https:\\\/\\\/secure.gravatar.com\\\/avatar\\\/6f731b65ffaeb1029d9436acc96fc12c3cef9200131daa85ab7762529a25d1d2?s=96&d=mm&r=g\",\"contentUrl\":\"https:\\\/\\\/secure.gravatar.com\\\/avatar\\\/6f731b65ffaeb1029d9436acc96fc12c3cef9200131daa85ab7762529a25d1d2?s=96&d=mm&r=g\",\"caption\":\"Petur Mitt\u00fan\"},\"url\":\"https:\\\/\\\/isf.fo\\\/en\\\/author\\\/petur\\\/\"}]}<\/script>\n<!-- \/ Yoast SEO plugin. -->","yoast_head_json":{"title":"Eitt stig n\u00e6rri Oyggjaleikunum \u00ed F\u00f8royum 2019 - \u00cdtr\u00f3ttasamband F\u00f8roya","robots":{"index":"index","follow":"follow","max-snippet":"max-snippet:-1","max-image-preview":"max-image-preview:large","max-video-preview":"max-video-preview:-1"},"canonical":"https:\/\/isf.fo\/en\/eitt-stig-naerri-oyggjaleikunum-i-foroyum-2019\/","og_locale":"en_US","og_type":"article","og_title":"Eitt stig n\u00e6rri Oyggjaleikunum \u00ed F\u00f8royum 2019 - \u00cdtr\u00f3ttasamband F\u00f8roya","og_description":"Seinasta vikuskifti hev\u00f0i altj\u00f3\u00f0a Oyggjaleikanevndin \u00e1rliga a\u00f0alfund s\u00edn \u00e1 Bermuda. Afturat sj\u00e1lvum a\u00f0alfundinum leygardagin, v\u00f3ru vitjanir \u00e1 hotellum, sk\u00falum og [&hellip;]","og_url":"https:\/\/isf.fo\/en\/eitt-stig-naerri-oyggjaleikunum-i-foroyum-2019\/","og_site_name":"\u00cdtr\u00f3ttasamband F\u00f8roya","article_publisher":"https:\/\/www.facebook.com\/itrottasambandid","article_published_time":"2012-07-19T15:56:44+00:00","article_modified_time":"2016-12-04T14:59:58+00:00","og_image":[{"url":"https:\/\/isf.fo\/wp-content\/uploads\/2012\/07\/bermuda_flagg.jpg","type":"","width":"","height":""}],"author":"Petur Mitt\u00fan","twitter_card":"summary_large_image","twitter_misc":{"Written by":"Petur Mitt\u00fan","Est. reading time":"2 minutes"},"schema":{"@context":"https:\/\/schema.org","@graph":[{"@type":"Article","@id":"https:\/\/isf.fo\/eitt-stig-naerri-oyggjaleikunum-i-foroyum-2019\/#article","isPartOf":{"@id":"https:\/\/isf.fo\/eitt-stig-naerri-oyggjaleikunum-i-foroyum-2019\/"},"author":{"name":"Petur Mitt\u00fan","@id":"https:\/\/isf.fo\/#\/schema\/person\/78ac1b623dbf0ace868a5dbcdaed016d"},"headline":"Eitt stig n\u00e6rri Oyggjaleikunum \u00ed F\u00f8royum 2019","datePublished":"2012-07-19T15:56:44+00:00","dateModified":"2016-12-04T14:59:58+00:00","mainEntityOfPage":{"@id":"https:\/\/isf.fo\/eitt-stig-naerri-oyggjaleikunum-i-foroyum-2019\/"},"wordCount":386,"commentCount":0,"publisher":{"@id":"https:\/\/isf.fo\/#organization"},"image":{"@id":"https:\/\/isf.fo\/eitt-stig-naerri-oyggjaleikunum-i-foroyum-2019\/#primaryimage"},"thumbnailUrl":"https:\/\/isf.fo\/wp-content\/uploads\/2012\/07\/bermuda_flagg.jpg","articleSection":["\u00cdSF"],"inLanguage":"en-US"},{"@type":"WebPage","@id":"https:\/\/isf.fo\/eitt-stig-naerri-oyggjaleikunum-i-foroyum-2019\/","url":"https:\/\/isf.fo\/eitt-stig-naerri-oyggjaleikunum-i-foroyum-2019\/","name":"Eitt stig n\u00e6rri Oyggjaleikunum \u00ed F\u00f8royum 2019 - \u00cdtr\u00f3ttasamband F\u00f8roya","isPartOf":{"@id":"https:\/\/isf.fo\/#website"},"primaryImageOfPage":{"@id":"https:\/\/isf.fo\/eitt-stig-naerri-oyggjaleikunum-i-foroyum-2019\/#primaryimage"},"image":{"@id":"https:\/\/isf.fo\/eitt-stig-naerri-oyggjaleikunum-i-foroyum-2019\/#primaryimage"},"thumbnailUrl":"https:\/\/isf.fo\/wp-content\/uploads\/2012\/07\/bermuda_flagg.jpg","datePublished":"2012-07-19T15:56:44+00:00","dateModified":"2016-12-04T14:59:58+00:00","breadcrumb":{"@id":"https:\/\/isf.fo\/eitt-stig-naerri-oyggjaleikunum-i-foroyum-2019\/#breadcrumb"},"inLanguage":"en-US","potentialAction":[{"@type":"ReadAction","target":["https:\/\/isf.fo\/eitt-stig-naerri-oyggjaleikunum-i-foroyum-2019\/"]}]},{"@type":"ImageObject","inLanguage":"en-US","@id":"https:\/\/isf.fo\/eitt-stig-naerri-oyggjaleikunum-i-foroyum-2019\/#primaryimage","url":"https:\/\/isf.fo\/wp-content\/uploads\/2012\/07\/bermuda_flagg.jpg","contentUrl":"https:\/\/isf.fo\/wp-content\/uploads\/2012\/07\/bermuda_flagg.jpg"},{"@type":"BreadcrumbList","@id":"https:\/\/isf.fo\/eitt-stig-naerri-oyggjaleikunum-i-foroyum-2019\/#breadcrumb","itemListElement":[{"@type":"ListItem","position":1,"name":"Home","item":"https:\/\/isf.fo\/"},{"@type":"ListItem","position":2,"name":"Eitt stig n\u00e6rri Oyggjaleikunum \u00ed F\u00f8royum 2019"}]},{"@type":"WebSite","@id":"https:\/\/isf.fo\/#website","url":"https:\/\/isf.fo\/","name":"\u00cdtr\u00f3ttasamband F\u00f8roya","description":"","publisher":{"@id":"https:\/\/isf.fo\/#organization"},"potentialAction":[{"@type":"SearchAction","target":{"@type":"EntryPoint","urlTemplate":"https:\/\/isf.fo\/?s={search_term_string}"},"query-input":{"@type":"PropertyValueSpecification","valueRequired":true,"valueName":"search_term_string"}}],"inLanguage":"en-US"},{"@type":"Organization","@id":"https:\/\/isf.fo\/#organization","name":"\u00cdtr\u00f3ttasamband F\u00f8roya","url":"https:\/\/isf.fo\/","logo":{"@type":"ImageObject","inLanguage":"en-US","@id":"https:\/\/isf.fo\/#\/schema\/logo\/image\/","url":"https:\/\/isf.fo\/wp-content\/uploads\/2025\/06\/ISF_Olympic-Committee-logo.png","contentUrl":"https:\/\/isf.fo\/wp-content\/uploads\/2025\/06\/ISF_Olympic-Committee-logo.png","width":618,"height":121,"caption":"\u00cdtr\u00f3ttasamband F\u00f8roya"},"image":{"@id":"https:\/\/isf.fo\/#\/schema\/logo\/image\/"},"sameAs":["https:\/\/www.facebook.com\/itrottasambandid"]},{"@type":"Person","@id":"https:\/\/isf.fo\/#\/schema\/person\/78ac1b623dbf0ace868a5dbcdaed016d","name":"Petur Mitt\u00fan","image":{"@type":"ImageObject","inLanguage":"en-US","@id":"https:\/\/secure.gravatar.com\/avatar\/6f731b65ffaeb1029d9436acc96fc12c3cef9200131daa85ab7762529a25d1d2?s=96&d=mm&r=g","url":"https:\/\/secure.gravatar.com\/avatar\/6f731b65ffaeb1029d9436acc96fc12c3cef9200131daa85ab7762529a25d1d2?s=96&d=mm&r=g","contentUrl":"https:\/\/secure.gravatar.com\/avatar\/6f731b65ffaeb1029d9436acc96fc12c3cef9200131daa85ab7762529a25d1d2?s=96&d=mm&r=g","caption":"Petur Mitt\u00fan"},"url":"https:\/\/isf.fo\/en\/author\/petur\/"}]}},"_links":{"self":[{"href":"https:\/\/isf.fo\/en\/wp-json\/wp\/v2\/posts\/2462","targetHints":{"allow":["GET"]}}],"collection":[{"href":"https:\/\/isf.fo\/en\/wp-json\/wp\/v2\/posts"}],"about":[{"href":"https:\/\/isf.fo\/en\/wp-json\/wp\/v2\/types\/post"}],"author":[{"embeddable":true,"href":"https:\/\/isf.fo\/en\/wp-json\/wp\/v2\/users\/6"}],"replies":[{"embeddable":true,"href":"https:\/\/isf.fo\/en\/wp-json\/wp\/v2\/comments?post=2462"}],"version-history":[{"count":1,"href":"https:\/\/isf.fo\/en\/wp-json\/wp\/v2\/posts\/2462\/revisions"}],"predecessor-version":[{"id":4631,"href":"https:\/\/isf.fo\/en\/wp-json\/wp\/v2\/posts\/2462\/revisions\/4631"}],"wp:attachment":[{"href":"https:\/\/isf.fo\/en\/wp-json\/wp\/v2\/media?parent=2462"}],"wp:term":[{"taxonomy":"category","embeddable":true,"href":"https:\/\/isf.fo\/en\/wp-json\/wp\/v2\/categories?post=2462"},{"taxonomy":"post_tag","embeddable":true,"href":"https:\/\/isf.fo\/en\/wp-json\/wp\/v2\/tags?post=2462"}],"curies":[{"name":"wp","href":"https:\/\/api.w.org\/{rel}","templated":true}]}}