{"id":2473,"date":"2012-08-03T12:05:23","date_gmt":"2012-08-03T11:05:23","guid":{"rendered":"https:\/\/isf.fo\/?p=2473"},"modified":"2016-12-04T14:59:57","modified_gmt":"2016-12-04T14:59:57","slug":"takk-fyri-pal","status":"publish","type":"post","link":"https:\/\/isf.fo\/en\/takk-fyri-pal\/","title":{"rendered":"Takk fyri P\u00e1l!"},"content":{"rendered":"<p><a href=\"https:\/\/d21ockg4ri0hhk.cloudfront.net\/wp-content\/uploads\/2012\/08\/30193252\/jon_pal.jpg\"><img decoding=\"async\" data-src=\"https:\/\/d21ockg4ri0hhk.cloudfront.net\/wp-content\/uploads\/2012\/08\/30193252\/jon_pal.jpg\" alt=\"\" title=\"jon_pal\" width=\"600\" height=\"345\" class=\"alignnone size-full wp-image-2474 lazyload\" src=\"data:image\/svg+xml;base64,PHN2ZyB3aWR0aD0iMSIgaGVpZ2h0PSIxIiB4bWxucz0iaHR0cDovL3d3dy53My5vcmcvMjAwMC9zdmciPjwvc3ZnPg==\" style=\"--smush-placeholder-width: 600px; --smush-placeholder-aspect-ratio: 600\/345;\" \/><\/a><br \/>\n\u00cdtr\u00f3ttasamband F\u00f8roya vil vi\u00f0 hesum takka P\u00e1l Joensen og venjara hansara J\u00f3n Bjarnason fyri teirra lutt\u00f8ku \u00ed OL 2012 \u00ed London.<\/p>\n<p>\u00c1 400 m var P\u00e1l n\u00e6r vi\u00f0 finalupl\u00e1ss, \u00ed 4&#215;200 m \u00e1tti hann h\u00f8vu\u00f0s\u00e1byrgdina av, at Danmark yvirh\u00f8vur kom vi\u00f0 til OL, og \u00e1 1.500 m str\u00edddist hann v\u00e6l, h\u00f3ast dagurin ikki var hansara.<\/p>\n<p>Eins og \u00e1 yndisteini hansara, 1.500 m fr\u00ed, er langur vegur \u00e1 m\u00e1l, og P\u00e1l fer n\u00fa undir komandi avbj\u00f3\u00f0ingar vi\u00f0 s\u00ednum OL-royndum \u00ed skj\u00e1ttuni.<\/p>\n<p>P\u00e1l Joensen hevur n\u00fa v\u00edst vegin til Olympisku Leikirnar fyri \u00f8\u00f0rum f\u00f8royskum \u00edtr\u00f3ttarf\u00f3lkum &#8211; fr\u00e1 venjingini \u00ed V\u00e1gi til kappingar og venjingarlegur \u00fati \u00ed st\u00f3ra heimi.<\/p>\n<p>\u00cdtr\u00f3ttasamband F\u00f8roya fegnast samstundis um peningin til \u00farvals\u00edtr\u00f3tt, sum L\u00f8gtingi\u00f0 hevur j\u00e1tta\u00f0 seinastu \u00e1rini. Hesin peningurin hevur \u00ed st\u00f3ran mun gj\u00f8rt fyrireikingarnar hj\u00e1 P\u00e1li m\u00f8guligar. <\/p>\n<p>Ta\u00f0 er alney\u00f0ugt, at hesin stu\u00f0ul heldur fram, so f\u00f8royska tj\u00f3\u00f0in \u00ed framt\u00ed\u00f0ini eisini kann savnast um st\u00f3rar l\u00f8tur sum hesar &#8211; t\u00e1 ein f\u00f8royingar kappast \u00e1 fremstu r\u00f8\u00f0, \u00ed Heimsmeistaraskapum ella Olympiskum Leikum.<\/p>","protected":false},"excerpt":{"rendered":"<p>\u00cdtr\u00f3ttasamband F\u00f8roya vil vi\u00f0 hesum takka P\u00e1l Joensen og venjara hansara J\u00f3n Bjarnason fyri teirra lutt\u00f8ku \u00ed OL 2012 \u00ed [&hellip;]<\/p>\n","protected":false},"author":6,"featured_media":0,"comment_status":"open","ping_status":"open","sticky":false,"template":"","format":"standard","meta":{"_acf_changed":false,"_relevanssi_hide_post":"","_relevanssi_hide_content":"","_relevanssi_pin_for_all":"","_relevanssi_pin_keywords":"","_relevanssi_unpin_keywords":"","_relevanssi_related_keywords":"","_relevanssi_related_include_ids":"","_relevanssi_related_exclude_ids":"","_relevanssi_related_no_append":"","_relevanssi_related_not_related":"","_relevanssi_related_posts":"","_relevanssi_noindex_reason":"","inline_featured_image":false,"footnotes":""},"categories":[2],"tags":[],"class_list":["post-2473","post","type-post","status-publish","format-standard","hentry","category-isf"],"acf":[],"yoast_head":"<!-- This site is optimized with the Yoast SEO plugin v27.5 - https:\/\/yoast.com\/product\/yoast-seo-wordpress\/ -->\n<title>Takk fyri P\u00e1l! - \u00cdtr\u00f3ttasamband F\u00f8roya<\/title>\n<meta name=\"robots\" content=\"index, follow, max-snippet:-1, max-image-preview:large, max-video-preview:-1\" \/>\n<link rel=\"canonical\" href=\"https:\/\/isf.fo\/en\/takk-fyri-pal\/\" \/>\n<meta property=\"og:locale\" content=\"en_US\" \/>\n<meta property=\"og:type\" content=\"article\" \/>\n<meta property=\"og:title\" content=\"Takk fyri P\u00e1l! - \u00cdtr\u00f3ttasamband F\u00f8roya\" \/>\n<meta property=\"og:description\" content=\"\u00cdtr\u00f3ttasamband F\u00f8roya vil vi\u00f0 hesum takka P\u00e1l Joensen og venjara hansara J\u00f3n Bjarnason fyri teirra lutt\u00f8ku \u00ed OL 2012 \u00ed [&hellip;]\" \/>\n<meta property=\"og:url\" content=\"https:\/\/isf.fo\/en\/takk-fyri-pal\/\" \/>\n<meta property=\"og:site_name\" content=\"\u00cdtr\u00f3ttasamband F\u00f8roya\" \/>\n<meta property=\"article:publisher\" content=\"https:\/\/www.facebook.com\/itrottasambandid\" \/>\n<meta property=\"article:published_time\" content=\"2012-08-03T11:05:23+00:00\" \/>\n<meta property=\"article:modified_time\" content=\"2016-12-04T14:59:57+00:00\" \/>\n<meta property=\"og:image\" content=\"https:\/\/isf.fo\/wp-content\/uploads\/2012\/08\/jon_pal.jpg\" \/>\n<meta name=\"author\" content=\"Petur Mitt\u00fan\" \/>\n<meta name=\"twitter:card\" content=\"summary_large_image\" \/>\n<meta name=\"twitter:label1\" content=\"Written by\" \/>\n\t<meta name=\"twitter:data1\" content=\"Petur Mitt\u00fan\" \/>\n\t<meta name=\"twitter:label2\" content=\"Est. reading time\" \/>\n\t<meta name=\"twitter:data2\" content=\"1 minute\" \/>\n<script type=\"application\/ld+json\" class=\"yoast-schema-graph\">{\"@context\":\"https:\\\/\\\/schema.org\",\"@graph\":[{\"@type\":\"Article\",\"@id\":\"https:\\\/\\\/isf.fo\\\/takk-fyri-pal\\\/#article\",\"isPartOf\":{\"@id\":\"https:\\\/\\\/isf.fo\\\/takk-fyri-pal\\\/\"},\"author\":{\"name\":\"Petur Mitt\u00fan\",\"@id\":\"https:\\\/\\\/isf.fo\\\/#\\\/schema\\\/person\\\/78ac1b623dbf0ace868a5dbcdaed016d\"},\"headline\":\"Takk fyri P\u00e1l!\",\"datePublished\":\"2012-08-03T11:05:23+00:00\",\"dateModified\":\"2016-12-04T14:59:57+00:00\",\"mainEntityOfPage\":{\"@id\":\"https:\\\/\\\/isf.fo\\\/takk-fyri-pal\\\/\"},\"wordCount\":196,\"commentCount\":0,\"publisher\":{\"@id\":\"https:\\\/\\\/isf.fo\\\/#organization\"},\"image\":{\"@id\":\"https:\\\/\\\/isf.fo\\\/takk-fyri-pal\\\/#primaryimage\"},\"thumbnailUrl\":\"https:\\\/\\\/isf.fo\\\/wp-content\\\/uploads\\\/2012\\\/08\\\/jon_pal.jpg\",\"articleSection\":[\"\u00cdSF\"],\"inLanguage\":\"en-US\"},{\"@type\":\"WebPage\",\"@id\":\"https:\\\/\\\/isf.fo\\\/takk-fyri-pal\\\/\",\"url\":\"https:\\\/\\\/isf.fo\\\/takk-fyri-pal\\\/\",\"name\":\"Takk fyri P\u00e1l! - \u00cdtr\u00f3ttasamband F\u00f8roya\",\"isPartOf\":{\"@id\":\"https:\\\/\\\/isf.fo\\\/#website\"},\"primaryImageOfPage\":{\"@id\":\"https:\\\/\\\/isf.fo\\\/takk-fyri-pal\\\/#primaryimage\"},\"image\":{\"@id\":\"https:\\\/\\\/isf.fo\\\/takk-fyri-pal\\\/#primaryimage\"},\"thumbnailUrl\":\"https:\\\/\\\/isf.fo\\\/wp-content\\\/uploads\\\/2012\\\/08\\\/jon_pal.jpg\",\"datePublished\":\"2012-08-03T11:05:23+00:00\",\"dateModified\":\"2016-12-04T14:59:57+00:00\",\"breadcrumb\":{\"@id\":\"https:\\\/\\\/isf.fo\\\/takk-fyri-pal\\\/#breadcrumb\"},\"inLanguage\":\"en-US\",\"potentialAction\":[{\"@type\":\"ReadAction\",\"target\":[\"https:\\\/\\\/isf.fo\\\/takk-fyri-pal\\\/\"]}]},{\"@type\":\"ImageObject\",\"inLanguage\":\"en-US\",\"@id\":\"https:\\\/\\\/isf.fo\\\/takk-fyri-pal\\\/#primaryimage\",\"url\":\"https:\\\/\\\/isf.fo\\\/wp-content\\\/uploads\\\/2012\\\/08\\\/jon_pal.jpg\",\"contentUrl\":\"https:\\\/\\\/isf.fo\\\/wp-content\\\/uploads\\\/2012\\\/08\\\/jon_pal.jpg\"},{\"@type\":\"BreadcrumbList\",\"@id\":\"https:\\\/\\\/isf.fo\\\/takk-fyri-pal\\\/#breadcrumb\",\"itemListElement\":[{\"@type\":\"ListItem\",\"position\":1,\"name\":\"Home\",\"item\":\"https:\\\/\\\/isf.fo\\\/\"},{\"@type\":\"ListItem\",\"position\":2,\"name\":\"Takk fyri P\u00e1l!\"}]},{\"@type\":\"WebSite\",\"@id\":\"https:\\\/\\\/isf.fo\\\/#website\",\"url\":\"https:\\\/\\\/isf.fo\\\/\",\"name\":\"\u00cdtr\u00f3ttasamband F\u00f8roya\",\"description\":\"\",\"publisher\":{\"@id\":\"https:\\\/\\\/isf.fo\\\/#organization\"},\"potentialAction\":[{\"@type\":\"SearchAction\",\"target\":{\"@type\":\"EntryPoint\",\"urlTemplate\":\"https:\\\/\\\/isf.fo\\\/?s={search_term_string}\"},\"query-input\":{\"@type\":\"PropertyValueSpecification\",\"valueRequired\":true,\"valueName\":\"search_term_string\"}}],\"inLanguage\":\"en-US\"},{\"@type\":\"Organization\",\"@id\":\"https:\\\/\\\/isf.fo\\\/#organization\",\"name\":\"\u00cdtr\u00f3ttasamband F\u00f8roya\",\"url\":\"https:\\\/\\\/isf.fo\\\/\",\"logo\":{\"@type\":\"ImageObject\",\"inLanguage\":\"en-US\",\"@id\":\"https:\\\/\\\/isf.fo\\\/#\\\/schema\\\/logo\\\/image\\\/\",\"url\":\"https:\\\/\\\/isf.fo\\\/wp-content\\\/uploads\\\/2025\\\/06\\\/ISF_Olympic-Committee-logo.png\",\"contentUrl\":\"https:\\\/\\\/isf.fo\\\/wp-content\\\/uploads\\\/2025\\\/06\\\/ISF_Olympic-Committee-logo.png\",\"width\":618,\"height\":121,\"caption\":\"\u00cdtr\u00f3ttasamband F\u00f8roya\"},\"image\":{\"@id\":\"https:\\\/\\\/isf.fo\\\/#\\\/schema\\\/logo\\\/image\\\/\"},\"sameAs\":[\"https:\\\/\\\/www.facebook.com\\\/itrottasambandid\"]},{\"@type\":\"Person\",\"@id\":\"https:\\\/\\\/isf.fo\\\/#\\\/schema\\\/person\\\/78ac1b623dbf0ace868a5dbcdaed016d\",\"name\":\"Petur Mitt\u00fan\",\"image\":{\"@type\":\"ImageObject\",\"inLanguage\":\"en-US\",\"@id\":\"https:\\\/\\\/secure.gravatar.com\\\/avatar\\\/6f731b65ffaeb1029d9436acc96fc12c3cef9200131daa85ab7762529a25d1d2?s=96&d=mm&r=g\",\"url\":\"https:\\\/\\\/secure.gravatar.com\\\/avatar\\\/6f731b65ffaeb1029d9436acc96fc12c3cef9200131daa85ab7762529a25d1d2?s=96&d=mm&r=g\",\"contentUrl\":\"https:\\\/\\\/secure.gravatar.com\\\/avatar\\\/6f731b65ffaeb1029d9436acc96fc12c3cef9200131daa85ab7762529a25d1d2?s=96&d=mm&r=g\",\"caption\":\"Petur Mitt\u00fan\"},\"url\":\"https:\\\/\\\/isf.fo\\\/en\\\/author\\\/petur\\\/\"}]}<\/script>\n<!-- \/ Yoast SEO plugin. -->","yoast_head_json":{"title":"Takk fyri P\u00e1l! - \u00cdtr\u00f3ttasamband F\u00f8roya","robots":{"index":"index","follow":"follow","max-snippet":"max-snippet:-1","max-image-preview":"max-image-preview:large","max-video-preview":"max-video-preview:-1"},"canonical":"https:\/\/isf.fo\/en\/takk-fyri-pal\/","og_locale":"en_US","og_type":"article","og_title":"Takk fyri P\u00e1l! - \u00cdtr\u00f3ttasamband F\u00f8roya","og_description":"\u00cdtr\u00f3ttasamband F\u00f8roya vil vi\u00f0 hesum takka P\u00e1l Joensen og venjara hansara J\u00f3n Bjarnason fyri teirra lutt\u00f8ku \u00ed OL 2012 \u00ed [&hellip;]","og_url":"https:\/\/isf.fo\/en\/takk-fyri-pal\/","og_site_name":"\u00cdtr\u00f3ttasamband F\u00f8roya","article_publisher":"https:\/\/www.facebook.com\/itrottasambandid","article_published_time":"2012-08-03T11:05:23+00:00","article_modified_time":"2016-12-04T14:59:57+00:00","og_image":[{"url":"https:\/\/isf.fo\/wp-content\/uploads\/2012\/08\/jon_pal.jpg","type":"","width":"","height":""}],"author":"Petur Mitt\u00fan","twitter_card":"summary_large_image","twitter_misc":{"Written by":"Petur Mitt\u00fan","Est. reading time":"1 minute"},"schema":{"@context":"https:\/\/schema.org","@graph":[{"@type":"Article","@id":"https:\/\/isf.fo\/takk-fyri-pal\/#article","isPartOf":{"@id":"https:\/\/isf.fo\/takk-fyri-pal\/"},"author":{"name":"Petur Mitt\u00fan","@id":"https:\/\/isf.fo\/#\/schema\/person\/78ac1b623dbf0ace868a5dbcdaed016d"},"headline":"Takk fyri P\u00e1l!","datePublished":"2012-08-03T11:05:23+00:00","dateModified":"2016-12-04T14:59:57+00:00","mainEntityOfPage":{"@id":"https:\/\/isf.fo\/takk-fyri-pal\/"},"wordCount":196,"commentCount":0,"publisher":{"@id":"https:\/\/isf.fo\/#organization"},"image":{"@id":"https:\/\/isf.fo\/takk-fyri-pal\/#primaryimage"},"thumbnailUrl":"https:\/\/isf.fo\/wp-content\/uploads\/2012\/08\/jon_pal.jpg","articleSection":["\u00cdSF"],"inLanguage":"en-US"},{"@type":"WebPage","@id":"https:\/\/isf.fo\/takk-fyri-pal\/","url":"https:\/\/isf.fo\/takk-fyri-pal\/","name":"Takk fyri P\u00e1l! - \u00cdtr\u00f3ttasamband F\u00f8roya","isPartOf":{"@id":"https:\/\/isf.fo\/#website"},"primaryImageOfPage":{"@id":"https:\/\/isf.fo\/takk-fyri-pal\/#primaryimage"},"image":{"@id":"https:\/\/isf.fo\/takk-fyri-pal\/#primaryimage"},"thumbnailUrl":"https:\/\/isf.fo\/wp-content\/uploads\/2012\/08\/jon_pal.jpg","datePublished":"2012-08-03T11:05:23+00:00","dateModified":"2016-12-04T14:59:57+00:00","breadcrumb":{"@id":"https:\/\/isf.fo\/takk-fyri-pal\/#breadcrumb"},"inLanguage":"en-US","potentialAction":[{"@type":"ReadAction","target":["https:\/\/isf.fo\/takk-fyri-pal\/"]}]},{"@type":"ImageObject","inLanguage":"en-US","@id":"https:\/\/isf.fo\/takk-fyri-pal\/#primaryimage","url":"https:\/\/isf.fo\/wp-content\/uploads\/2012\/08\/jon_pal.jpg","contentUrl":"https:\/\/isf.fo\/wp-content\/uploads\/2012\/08\/jon_pal.jpg"},{"@type":"BreadcrumbList","@id":"https:\/\/isf.fo\/takk-fyri-pal\/#breadcrumb","itemListElement":[{"@type":"ListItem","position":1,"name":"Home","item":"https:\/\/isf.fo\/"},{"@type":"ListItem","position":2,"name":"Takk fyri P\u00e1l!"}]},{"@type":"WebSite","@id":"https:\/\/isf.fo\/#website","url":"https:\/\/isf.fo\/","name":"\u00cdtr\u00f3ttasamband F\u00f8roya","description":"","publisher":{"@id":"https:\/\/isf.fo\/#organization"},"potentialAction":[{"@type":"SearchAction","target":{"@type":"EntryPoint","urlTemplate":"https:\/\/isf.fo\/?s={search_term_string}"},"query-input":{"@type":"PropertyValueSpecification","valueRequired":true,"valueName":"search_term_string"}}],"inLanguage":"en-US"},{"@type":"Organization","@id":"https:\/\/isf.fo\/#organization","name":"\u00cdtr\u00f3ttasamband F\u00f8roya","url":"https:\/\/isf.fo\/","logo":{"@type":"ImageObject","inLanguage":"en-US","@id":"https:\/\/isf.fo\/#\/schema\/logo\/image\/","url":"https:\/\/isf.fo\/wp-content\/uploads\/2025\/06\/ISF_Olympic-Committee-logo.png","contentUrl":"https:\/\/isf.fo\/wp-content\/uploads\/2025\/06\/ISF_Olympic-Committee-logo.png","width":618,"height":121,"caption":"\u00cdtr\u00f3ttasamband F\u00f8roya"},"image":{"@id":"https:\/\/isf.fo\/#\/schema\/logo\/image\/"},"sameAs":["https:\/\/www.facebook.com\/itrottasambandid"]},{"@type":"Person","@id":"https:\/\/isf.fo\/#\/schema\/person\/78ac1b623dbf0ace868a5dbcdaed016d","name":"Petur Mitt\u00fan","image":{"@type":"ImageObject","inLanguage":"en-US","@id":"https:\/\/secure.gravatar.com\/avatar\/6f731b65ffaeb1029d9436acc96fc12c3cef9200131daa85ab7762529a25d1d2?s=96&d=mm&r=g","url":"https:\/\/secure.gravatar.com\/avatar\/6f731b65ffaeb1029d9436acc96fc12c3cef9200131daa85ab7762529a25d1d2?s=96&d=mm&r=g","contentUrl":"https:\/\/secure.gravatar.com\/avatar\/6f731b65ffaeb1029d9436acc96fc12c3cef9200131daa85ab7762529a25d1d2?s=96&d=mm&r=g","caption":"Petur Mitt\u00fan"},"url":"https:\/\/isf.fo\/en\/author\/petur\/"}]}},"_links":{"self":[{"href":"https:\/\/isf.fo\/en\/wp-json\/wp\/v2\/posts\/2473","targetHints":{"allow":["GET"]}}],"collection":[{"href":"https:\/\/isf.fo\/en\/wp-json\/wp\/v2\/posts"}],"about":[{"href":"https:\/\/isf.fo\/en\/wp-json\/wp\/v2\/types\/post"}],"author":[{"embeddable":true,"href":"https:\/\/isf.fo\/en\/wp-json\/wp\/v2\/users\/6"}],"replies":[{"embeddable":true,"href":"https:\/\/isf.fo\/en\/wp-json\/wp\/v2\/comments?post=2473"}],"version-history":[{"count":1,"href":"https:\/\/isf.fo\/en\/wp-json\/wp\/v2\/posts\/2473\/revisions"}],"predecessor-version":[{"id":4627,"href":"https:\/\/isf.fo\/en\/wp-json\/wp\/v2\/posts\/2473\/revisions\/4627"}],"wp:attachment":[{"href":"https:\/\/isf.fo\/en\/wp-json\/wp\/v2\/media?parent=2473"}],"wp:term":[{"taxonomy":"category","embeddable":true,"href":"https:\/\/isf.fo\/en\/wp-json\/wp\/v2\/categories?post=2473"},{"taxonomy":"post_tag","embeddable":true,"href":"https:\/\/isf.fo\/en\/wp-json\/wp\/v2\/tags?post=2473"}],"curies":[{"name":"wp","href":"https:\/\/api.w.org\/{rel}","templated":true}]}}