{"id":269,"date":"2002-12-31T18:31:17","date_gmt":"2002-12-31T17:31:17","guid":{"rendered":"http:\/\/www.solvihansen.com\/isf\/?p=73"},"modified":"2002-12-31T18:31:17","modified_gmt":"2002-12-31T17:31:17","slug":"farandi-og-komandi-ti%c3%b0ir-eru-tengdar-at-hv%c3%b8r-a%c3%b0rari","status":"publish","type":"post","link":"https:\/\/isf.fo\/en\/farandi-og-komandi-ti%c3%b0ir-eru-tengdar-at-hv%c3%b8r-a%c3%b0rari\/","title":{"rendered":"Farandi og komandi &#8211; t\u00ed\u00f0ir eru tengdar at hv\u00f8r a\u00f0rari."},"content":{"rendered":"<p>He\u00f0in Mortensen, \u00cdSF-forseti:<\/p>\n<p>F\u00f8roysk \u00edtr\u00f3tt hevur enn einafer\u00f0 n\u00e1tt \u00f3f\u00f8rum \u00farslitum. Gott og st\u00f8\u00f0ugt arbei\u00f0i er grundarlag fyri hesum. G\u00f3\u00f0 \u00farslit hava eisini avbj\u00f3\u00f0ingar vi\u00f0 s\u00e6r.<\/p>\n<p>T\u00e1 vit n\u00e6rkast \u00e1rsenda n\u00fdta vit mangan h\u00f8vi at st\u00f8\u00f0ga \u00e1 eina l\u00f8tu, minnast ta\u00f0 sum er fari\u00f0 og royna samstundis at \u00edmynda okkum hvussu komandi t\u00ed\u00f0ir fara at roynast. \u00cd huganum leita vit aftur til ymisk avrik, i\u00f0 \u00e1 einhv\u00f8nn h\u00e1tt hava merkt\u00e1ri\u00f0, me\u00f0an vit samt\u00ed\u00f0is leggja \u00e6tlanir fyri \u00e1ri\u00f0, i\u00f0 stendur fyri framman.<\/p>\n<p>Gott er av og \u00e1 at st\u00f8\u00f0ga \u00e1 &#8211; b\u00e6\u00f0i fyri at draga andan og fyri at nj\u00f3ta ta\u00f0 ein kann l\u00edta aftur \u00e1. Men ney\u00f0ugt er at ansa s\u00e6r, t\u00ed um ste\u00f0gurin gerst ov langur, er sera torf\u00f8rt at koma v\u00ed\u00f0ari. Ein kann t\u00f8va \u00ed turrum uttan at koma av fetinum; halda at alt er, sum ta\u00f0 eigur, me\u00f0an ney\u00f0uga framf\u00fdsni er drukna\u00f0 \u00ed berari afturl\u00edtan.<\/p>\n<p>So eigur ikki at vera um ein framhaldandi vil seta s\u00e6r og n\u00e1a m\u00e1l. T\u00e1 skal fort\u00ed\u00f0in og t\u00e6r royndir ein gj\u00f8rdi s\u00e6r, n\u00fdtast at byggja v\u00ed\u00f0ari \u00e1. B\u00e6\u00f0i br\u00f8gd og mist\u00f8k koma einum t\u00e1 til g\u00f3\u00f0a &#8211; br\u00f8gdini sum \u00edbl\u00e1stur og mist\u00f8kini sum l\u00e6rupengi.<\/p>\n<p>\u00cdtr\u00f3ttasamband F\u00f8roya er felagsskapur, i\u00f0 er komin \u00ed tann aldur har ta\u00f0 vanliga ver\u00f0ur tosa\u00f0 um at gevast vi\u00f0 at arbei\u00f0a og um pensi\u00f3n. Hetta er t\u00f3 ikki galdandi fyri \u00cdSF, t\u00ed hesin felagsskapur, i\u00f0 er meginfelag fyri alla \u00edtr\u00f3tt \u00ed F\u00f8royum, roynir alla t\u00ed\u00f0ina at endurn\u00fdggja seg, so at til ber at laga seg til st\u00f8\u00f0ugt broyttu samfelagskr\u00f8vini. Og krefturnar eru enn til at gera seg galdandi. Felagsskapurin hevur meira enn seksti \u00e1r \u00e1 baki og n\u00f3gvar eru broytingarnar, i\u00f0 hendar eru ta\u00f0 t\u00ed\u00f0arskei\u00f0 \u00cdSF hevur veri\u00f0 til, men a\u00f0alm\u00e1li\u00f0 er og hevur alt\u00ed\u00f0 veri\u00f0 ta\u00f0 sama &#8211; nevnliga at vera meginfelag fyri alla \u00edtr\u00f3tt \u00ed F\u00f8royum og birta upp undir, stu\u00f0la og umbo\u00f0a f\u00f8royska \u00edtr\u00f3tt og f\u00f8roysk \u00edtr\u00f3ttaf\u00f3lk &#8211; \u00ed F\u00f8royum eins v\u00e6l og uttanlanda.<\/p>\n<p>Samfelagsliga hevur felagsskapurin alt\u00ed\u00f0 havt st\u00f3ran t\u00fddning. \u00cdtr\u00f3ttsamband F\u00f8roya er sum meginfelagsskapur hj\u00e1 allari \u00edtr\u00f3tt \u00ed F\u00f8royum av st\u00f8rstu einst\u00f8ku samgongum, i\u00f0 finnast. \u00cd felagsskapinum eru 24 \u00edtr\u00f3ttagreinar umbo\u00f0a\u00f0ar av 14 ser- og deildarsambondum, i\u00f0 aftur umbo\u00f0a 15.000 \u00edtr\u00f3ttaf\u00f3lk \u00ed meira enn 100 fel\u00f8gum.<\/p>\n<p>\u00d8ll hesi eru sera aktiv innan n\u00f3gv \u00f8ki og hetta merkist eisini. \u00cd gerandisdegnum fr\u00e6ttist n\u00f3gv fr\u00e1 ymsum kappingum og tilt\u00f8kum. Onkrum kann tykjast, at fj\u00f8lmi\u00f0larnir umr\u00f8\u00f0a og siga alt ov n\u00f3gv fr\u00e1 \u00edtr\u00f3tti og at hv\u00f8r hending og hv\u00f8rt \u00farslit ver\u00f0ur tugt og tanla \u00e1 sl\u00edkan h\u00e1tt at eingin biti er eftir. Veruleikin er t\u00f3 ein annar, t\u00ed \u00ed roynd og veru er ta\u00f0 bert l\u00edtil partur av \u00edtr\u00f3ttini, i\u00f0 f\u00e6r nakra umr\u00f8\u00f0u. F\u00f8royski \u00edtr\u00f3ttaheimurin er eins og \u00edsfjalli\u00f0 &#8211; bert ta\u00f0 ovasta kemur undan, me\u00f0an n\u00f3gv tann st\u00f8rri parturin liggur fjaldur og s\u00e6st ikki, h\u00f3ast ein hv\u00f8r veit, at hesin fjaldi partur hevur avbera st\u00f3ran t\u00fddning. Ta\u00f0 er nevnliga so, at \u00edtr\u00f3tt og \u00edtr\u00f3ttarr\u00f8rsla \u00ed virki s\u00ednum dagliga r\u00f8kja t\u00fd\u00f0andi samfelagsligar uppg\u00e1vur &#8211; uppg\u00e1vur sum kanska ikki f\u00e1a n\u00f3gvu umr\u00f8\u00f0una, men sum einki samfelag kann vera fyri uttan.<\/p>\n<p>T\u00fd\u00f0andi partur av uppg\u00e1vuni hj\u00e1 \u00edtr\u00f3ttar\u00f8rsluni er uppaling av ungd\u00f3mi. Gj\u00f8gnum sp\u00e6l og \u00e1lvara mennist tann einstaki, og gerst t\u00ed betri f\u00f8rur fyri at r\u00f8kja sk\u00fala og arbei\u00f0i. \u00cdtr\u00f3tt hevur eisini sera st\u00f3ra t\u00fddning fyri heilsuna &#8211; b\u00e6\u00f0i ta likamligu og ta s\u00e1larligu. J\u00fa fleiri, i\u00f0 \u00ed\u00f0ka einhv\u00f8rja \u00edtr\u00f3tt, j\u00fa betri eru m\u00f8guleikarnir fyri einum heilsug\u00f3\u00f0um l\u00edvi og samstundis betrast m\u00f8guleikarnir fyri einum virknum l\u00edvi \u00e1 ellis\u00e1rum. Gj\u00f8gnum fleiri \u00e1r t\u00f3ktist vanliga hugsanin at vera, at f\u00f3lk skuldu gevast at \u00ed\u00f0ka \u00edtr\u00f3tt t\u00e1 tey komu upp m\u00f3ti teimum tr\u00edati, men her er t\u00edbetur komin vend \u00ed. Seinnu \u00e1rini eru fleiri \u00edtr\u00f3ttagreinar komnar, i\u00f0 geva f\u00f3lki tilbo\u00f0, og m\u00f8guleikar, at vera vi\u00f0 \u00ed \u00edtr\u00f3tti l\u00edka miki\u00f0 hv\u00f8r aldurin so er. Fyribyrgjan er j\u00fa alt\u00ed\u00f0 betri enn vi\u00f0ger\u00f0. \u00cdtr\u00f3ttin hevur her st\u00f3ra uppg\u00e1vu, sum hon roynir at loysa \u00e1 besta h\u00e1tt.<\/p>\n<p>\u00cdtr\u00f3ttar\u00f8rslan arbei\u00f0ir \u00edm\u00f3ti r\u00fasevnan\u00fdtslu \u00ed samband vi\u00f0 \u00edtr\u00f3tt. \u00d8ll, sum \u00ed\u00f0ka \u00edtr\u00f3tt, skulu trygt kunna koma til venjingar og kappingar \u00ed einum r\u00fasfr\u00edum umhv\u00f8rvi. Venjarar, lei\u00f0arar og \u00edtr\u00f3ttaf\u00f3lk annars skulu vera ein g\u00f3\u00f0 fyrimynd fyri onnur. Arbeitt ver\u00f0ur fyri, at \u00e1sko\u00f0aramentanin \u00ed so st\u00f3ran mun sum til ber skal vera trygg og familjuvinarlig og \u00f8ll, i\u00f0 eru vi\u00f0 \u00ed \u00cdSF, skulu fylgja landsins l\u00f3gum um r\u00fasdrekka. L\u00fdsingar \u00e1 leikv\u00f8llum, \u00ed hallum, felagsh\u00f8lum og \u00e1 \u00edtr\u00f3ttab\u00fanum skulu fylgja somu reglum.<\/p>\n<p>Allir limir \u00ed \u00edtr\u00f3ttafel\u00f8gum ver\u00f0a kunna\u00f0ir um tey ska\u00f0a\u00e1rin, sum r\u00fasdrekka og onnur r\u00fasevni hava \u00e1 \u00edtr\u00f3ttaravrikini, trygdina og felagsandan innan \u00edtr\u00f3ttina. \u00cdtr\u00f3ttin skal hava ein t\u00e1lmandi hugbur\u00f0 \u00ed samstarvinum vi\u00f0 fel\u00f8g og virki, sum hava t\u00fd\u00f0andi part av s\u00ednum virksemi kn\u00fdtt at r\u00fasdrekka. Banna\u00f0 er \u00f8llum \u00edtr\u00f3ttaf\u00f3lki undir \u00e1tjan \u00e1r at n\u00fdta l\u00fdsingar fr\u00e1 virkjum ella fel\u00f8gum, sum l\u00fdsa vi\u00f0 r\u00fasandi evnum &#8211; eisini um hetta ikki er \u00ed str\u00ed\u00f0 vi\u00f0 galdandi l\u00f3gir. \u00cdtr\u00f3ttasamband F\u00f8roya fylgir altj\u00f3\u00f0a reglum t\u00e1 talan er um r\u00fasevnispolitikk og er \u00ed st\u00f8\u00f0ugum og t\u00f8ttum samstarvi hesum vi\u00f0v\u00edkjandi vi\u00f0 hini nor\u00f0urlendsku \u00edtr\u00f3ttasambondini.<\/p>\n<p>Trivi\u00f0 kundi veri\u00f0 \u00ed n\u00f3gv anna\u00f0, t\u00ed \u00e1 n\u00f3gvum \u00f8\u00f0rum samfelags\u00f8kjum ger \u00edtr\u00f3ttin eitt st\u00f3rt og gagnligt arbei\u00f0i. Her skal t\u00f3 ikki ver\u00f0a gj\u00f8rt meira burtur \u00far.<\/p>\n<p>Men \u00farslit spyrjast eisini burtur \u00far arbei\u00f0inum, i\u00f0 n\u00f3gvu f\u00f3lkini innan f\u00f8royska \u00edtr\u00f3tt leggja \u00ed. \u00cd hesum \u00e1rinum eru fleiri g\u00f3\u00f0 \u00farslit n\u00e1dd &#8211; b\u00e6\u00f0i \u00e1 leikv\u00f8lli og uftanfyri. Gerandisligu \u00farslitini eru ikki tey, i\u00f0 f\u00e1a n\u00f3gvu umr\u00f8\u00f0una, men hesi eru t\u00f3 tey, i\u00f0 eru grundarlag undir \u00f8llum t\u00ed frambur\u00f0i, i\u00f0 hevur veri\u00f0 okkum fyri. Og frambur\u00f0 hava vit merkt; frambur\u00f0, i\u00f0 hevur havt vi\u00f0 s\u00e6r avbera g\u00f3\u00f0 \u00farslit. R\u00fagvan er st\u00f3r, n\u00f3gv er at tr\u00edva \u00ed og ikki er m\u00f8guligt at taka alt vi\u00f0. Vit kundu t\u00f3 nevnt svimjararnir hj\u00e1 \u00cdSB, i\u00f0 eru \u00ed heimsflokki, f\u00f3tb\u00f3ltslandsli\u00f0ini, i\u00f0 enn einafer\u00f0 fingu hampulig \u00farslit, \u00f8ll oyggjaleika\u00edtr\u00f3ttaf\u00f3lkini, i\u00f0 umbo\u00f0a\u00f0u okkum \u00e1 fram\u00farskarandi h\u00e1tt, hondb\u00f3ltin, i\u00f0 roynir at finna vegin inn \u00e1 altj\u00f3\u00f0a pallin aftur, spennandi r\u00f3\u00f0rarnir \u00e1 stevnunum \u00ed \u00e1r, ymsu kappingarnar, i\u00f0 hava veri\u00f0 \u00ed F\u00f8royum, r\u00f3\u00f0urin, i\u00f0 n\u00fa er um at vinna s\u00e6r altj\u00f3\u00f0a vi\u00f0urkenning, einstaklingarnir \u00ed fimleiki\u2026\u2026<\/p>\n<p>Men vit velja at lata vera vi\u00f0 at nevna nakran einstakan ella nakra einstaka hending, t\u00ed ikki vilja vit taka nakran fram um annan. \u00c1 n\u00e6rum \u00f8llum \u00f8kjum er n\u00f3gv komi\u00f0 burtur \u00far og t\u00ed er alt vir\u00f0ismiki\u00f0. Og hetta hevur bert bori\u00f0 til t\u00ed at f\u00f3lk hava veri\u00f0 til rei\u00f0ar at taka vi\u00f0 teimum avbj\u00f3\u00f0ingum, i\u00f0 hava veri\u00f0. Hava arbeitt \u00ed \u00e1lvara og mi\u00f0v\u00edst &#8211; \u00ed felagi ella sum einstaklingar.<\/p>\n<p>Okkara uppg\u00e1va hevur veri\u00f0 at f\u00e1a til vega teir karmar, i\u00f0 ney\u00f0ugir eru um ta\u00f0 skal bera til. V\u00e6l vita vit, at enn er ikki alt fullf\u00edggja &#8211; og ta\u00f0 so langt \u00ed fr\u00e1 eisini. Men hv\u00f8rt fet vit vinna fram gevur okkum enn betri m\u00f8guleikar at v\u00ed\u00f0ka karmarnir og hj\u00e1 okkum, i\u00f0 virka innan \u00edtr\u00f3ttar\u00f8rsluna er eingin ivi um, at hv\u00f8rt felag og hv\u00f8r einstakur limur hevur t\u00fddningarmiklan leiklut \u00ed samla\u00f0a \u00farslitinum. T\u00ed vil \u00cdSF \u00ed komandi \u00e1rinum leggja n\u00f3gva orku \u00ed at betra um m\u00f8guleikarnar at virka undir. \u00cd altj\u00f3\u00f0a h\u00f8pi ver\u00f0ur enn st\u00f8rri orka l\u00f8gd \u00ed at vinna okkum limaskap \u00ed olympiska felagsskapinum, lutt\u00f8ka okkara \u00ed altj\u00f3\u00f0a og millumtj\u00f3\u00f0a nevndum og r\u00e1\u00f0um ver\u00f0ur styrkt og ver\u00f0a m.a. millumtj\u00f3\u00f0a fundir hildnir \u00ed F\u00f8royum. \u00cd heimligum h\u00f8pi ver\u00f0ur dentur lagdur \u00e1 at geva \u00f8llum, i\u00f0 virka innan \u00edtr\u00f3ttar\u00f8rsluna, betri m\u00f8guleika at r\u00f8kja sj\u00e1lvbodnu arbei\u00f0i s\u00edni. Skei\u00f0t\u00e6nasta \u00cdSF leggur til r\u00e6ttis ymisk skei\u00f0 &#8211; b\u00e6\u00f0i innan grund\u00edtr\u00f3tt, lei\u00f0slu og fyrisiting &#8211; i\u00f0 vil \u00f8kja f\u00f8rleikan hj\u00e1 t\u00ed einstaka at leggja til r\u00e6ttis og seta \u00ed verk ta\u00f0, i\u00f0 krevst fyri at reka eitt n\u00fat\u00ed\u00f0ar felag.<\/p>\n<p>Avbj\u00f3\u00f0ingarnar eru n\u00f3gvar, men grundarlagi\u00f0 er gott. Innan \u00edtr\u00f3ttar\u00f8rsluna er j\u00fa h\u00f3pur av f\u00f3lki, i\u00f0 hv\u00f8nn dag ger avbera st\u00f3rt og gott arbei\u00f0i. Eitt arbei\u00f0i, i\u00f0 mangan ikki ver\u00f0ur vir\u00f0ismett og sum ta\u00f0 als ikki ber til at gera upp \u00ed kr\u00f3num ella oyrum. Hesin h\u00f3pur er \u00ed veruleikanum m\u00f8na og mergur \u00ed f\u00f8roysku \u00edtr\u00f3ttar\u00f8rsluni, ein h\u00f3pur, i\u00f0 ger ta\u00f0 m\u00f8guligt hj\u00e1 f\u00f8royskari \u00edtr\u00f3tt at halda fram \u00ed ymsu arbei\u00f0unum.<\/p>\n<p>\u00d8llum hesum sj\u00e1lvbodnu, \u00edtr\u00f3ttaf\u00f3lkunum og annars \u00f8llum hinum, i\u00f0 var\u00f0a av f\u00f8roysku \u00edtr\u00f3ttini &#8211; spornsorum, myndugleikum, politikarum o.\u00f8. &#8211; ver\u00f0ur ynskt gott n\u00fdggj\u00e1r \u00ed v\u00f3nini um at vit \u00f8ll \u00ed felag kunnu samstarva um at var\u00f0veita og betra korini hj\u00e1 f\u00f8royskari \u00edtr\u00f3tt &#8211; t\u00ed eingin ivi er um, at hetta ver\u00f0ur okkum \u00f8llum at gagni.<\/p>","protected":false},"excerpt":{"rendered":"<p>He\u00f0in Mortensen, \u00cdSF-forseti: F\u00f8roysk \u00edtr\u00f3tt hevur enn einafer\u00f0 n\u00e1tt \u00f3f\u00f8rum \u00farslitum. Gott og st\u00f8\u00f0ugt arbei\u00f0i er grundarlag fyri hesum. G\u00f3\u00f0 [&hellip;]<\/p>\n","protected":false},"author":6,"featured_media":0,"comment_status":"open","ping_status":"open","sticky":false,"template":"","format":"standard","meta":{"_acf_changed":false,"_relevanssi_hide_post":"","_relevanssi_hide_content":"","_relevanssi_pin_for_all":"","_relevanssi_pin_keywords":"","_relevanssi_unpin_keywords":"","_relevanssi_related_keywords":"","_relevanssi_related_include_ids":"","_relevanssi_related_exclude_ids":"","_relevanssi_related_no_append":"","_relevanssi_related_not_related":"","_relevanssi_related_posts":"","_relevanssi_noindex_reason":"","inline_featured_image":false,"footnotes":""},"categories":[2],"tags":[],"class_list":["post-269","post","type-post","status-publish","format-standard","hentry","category-isf"],"acf":[],"yoast_head":"<!-- This site is optimized with the Yoast SEO plugin v27.5 - https:\/\/yoast.com\/product\/yoast-seo-wordpress\/ -->\n<title>Farandi og komandi - t\u00ed\u00f0ir eru tengdar at hv\u00f8r a\u00f0rari. - \u00cdtr\u00f3ttasamband F\u00f8roya<\/title>\n<meta name=\"robots\" content=\"index, follow, max-snippet:-1, max-image-preview:large, max-video-preview:-1\" \/>\n<link rel=\"canonical\" href=\"https:\/\/isf.fo\/en\/farandi-og-komandi-ti\u00f0ir-eru-tengdar-at-hv\u00f8r-a\u00f0rari\/\" \/>\n<meta property=\"og:locale\" content=\"en_US\" \/>\n<meta property=\"og:type\" content=\"article\" \/>\n<meta property=\"og:title\" content=\"Farandi og komandi - t\u00ed\u00f0ir eru tengdar at hv\u00f8r a\u00f0rari. - \u00cdtr\u00f3ttasamband F\u00f8roya\" \/>\n<meta property=\"og:description\" content=\"He\u00f0in Mortensen, \u00cdSF-forseti: F\u00f8roysk \u00edtr\u00f3tt hevur enn einafer\u00f0 n\u00e1tt \u00f3f\u00f8rum \u00farslitum. Gott og st\u00f8\u00f0ugt arbei\u00f0i er grundarlag fyri hesum. G\u00f3\u00f0 [&hellip;]\" \/>\n<meta property=\"og:url\" content=\"https:\/\/isf.fo\/en\/farandi-og-komandi-ti\u00f0ir-eru-tengdar-at-hv\u00f8r-a\u00f0rari\/\" \/>\n<meta property=\"og:site_name\" content=\"\u00cdtr\u00f3ttasamband F\u00f8roya\" \/>\n<meta property=\"article:publisher\" content=\"https:\/\/www.facebook.com\/itrottasambandid\" \/>\n<meta property=\"article:published_time\" content=\"2002-12-31T17:31:17+00:00\" \/>\n<meta name=\"author\" content=\"Petur Mitt\u00fan\" \/>\n<meta name=\"twitter:card\" content=\"summary_large_image\" \/>\n<meta name=\"twitter:label1\" content=\"Written by\" \/>\n\t<meta name=\"twitter:data1\" content=\"Petur Mitt\u00fan\" \/>\n\t<meta name=\"twitter:label2\" content=\"Est. reading time\" \/>\n\t<meta name=\"twitter:data2\" content=\"8 minutes\" \/>\n<script type=\"application\/ld+json\" class=\"yoast-schema-graph\">{\"@context\":\"https:\\\/\\\/schema.org\",\"@graph\":[{\"@type\":\"Article\",\"@id\":\"https:\\\/\\\/isf.fo\\\/farandi-og-komandi-ti%c3%b0ir-eru-tengdar-at-hv%c3%b8r-a%c3%b0rari\\\/#article\",\"isPartOf\":{\"@id\":\"https:\\\/\\\/isf.fo\\\/farandi-og-komandi-ti%c3%b0ir-eru-tengdar-at-hv%c3%b8r-a%c3%b0rari\\\/\"},\"author\":{\"name\":\"Petur Mitt\u00fan\",\"@id\":\"https:\\\/\\\/isf.fo\\\/#\\\/schema\\\/person\\\/78ac1b623dbf0ace868a5dbcdaed016d\"},\"headline\":\"Farandi og komandi &#8211; t\u00ed\u00f0ir eru tengdar at hv\u00f8r a\u00f0rari.\",\"datePublished\":\"2002-12-31T17:31:17+00:00\",\"mainEntityOfPage\":{\"@id\":\"https:\\\/\\\/isf.fo\\\/farandi-og-komandi-ti%c3%b0ir-eru-tengdar-at-hv%c3%b8r-a%c3%b0rari\\\/\"},\"wordCount\":1684,\"commentCount\":0,\"publisher\":{\"@id\":\"https:\\\/\\\/isf.fo\\\/#organization\"},\"articleSection\":[\"\u00cdSF\"],\"inLanguage\":\"en-US\"},{\"@type\":\"WebPage\",\"@id\":\"https:\\\/\\\/isf.fo\\\/farandi-og-komandi-ti%c3%b0ir-eru-tengdar-at-hv%c3%b8r-a%c3%b0rari\\\/\",\"url\":\"https:\\\/\\\/isf.fo\\\/farandi-og-komandi-ti%c3%b0ir-eru-tengdar-at-hv%c3%b8r-a%c3%b0rari\\\/\",\"name\":\"Farandi og komandi - t\u00ed\u00f0ir eru tengdar at hv\u00f8r a\u00f0rari. - \u00cdtr\u00f3ttasamband F\u00f8roya\",\"isPartOf\":{\"@id\":\"https:\\\/\\\/isf.fo\\\/#website\"},\"datePublished\":\"2002-12-31T17:31:17+00:00\",\"breadcrumb\":{\"@id\":\"https:\\\/\\\/isf.fo\\\/farandi-og-komandi-ti%c3%b0ir-eru-tengdar-at-hv%c3%b8r-a%c3%b0rari\\\/#breadcrumb\"},\"inLanguage\":\"en-US\",\"potentialAction\":[{\"@type\":\"ReadAction\",\"target\":[\"https:\\\/\\\/isf.fo\\\/farandi-og-komandi-ti%c3%b0ir-eru-tengdar-at-hv%c3%b8r-a%c3%b0rari\\\/\"]}]},{\"@type\":\"BreadcrumbList\",\"@id\":\"https:\\\/\\\/isf.fo\\\/farandi-og-komandi-ti%c3%b0ir-eru-tengdar-at-hv%c3%b8r-a%c3%b0rari\\\/#breadcrumb\",\"itemListElement\":[{\"@type\":\"ListItem\",\"position\":1,\"name\":\"Home\",\"item\":\"https:\\\/\\\/isf.fo\\\/\"},{\"@type\":\"ListItem\",\"position\":2,\"name\":\"Farandi og komandi &#8211; t\u00ed\u00f0ir eru tengdar at hv\u00f8r a\u00f0rari.\"}]},{\"@type\":\"WebSite\",\"@id\":\"https:\\\/\\\/isf.fo\\\/#website\",\"url\":\"https:\\\/\\\/isf.fo\\\/\",\"name\":\"\u00cdtr\u00f3ttasamband F\u00f8roya\",\"description\":\"\",\"publisher\":{\"@id\":\"https:\\\/\\\/isf.fo\\\/#organization\"},\"potentialAction\":[{\"@type\":\"SearchAction\",\"target\":{\"@type\":\"EntryPoint\",\"urlTemplate\":\"https:\\\/\\\/isf.fo\\\/?s={search_term_string}\"},\"query-input\":{\"@type\":\"PropertyValueSpecification\",\"valueRequired\":true,\"valueName\":\"search_term_string\"}}],\"inLanguage\":\"en-US\"},{\"@type\":\"Organization\",\"@id\":\"https:\\\/\\\/isf.fo\\\/#organization\",\"name\":\"\u00cdtr\u00f3ttasamband F\u00f8roya\",\"url\":\"https:\\\/\\\/isf.fo\\\/\",\"logo\":{\"@type\":\"ImageObject\",\"inLanguage\":\"en-US\",\"@id\":\"https:\\\/\\\/isf.fo\\\/#\\\/schema\\\/logo\\\/image\\\/\",\"url\":\"https:\\\/\\\/isf.fo\\\/wp-content\\\/uploads\\\/2025\\\/06\\\/ISF_Olympic-Committee-logo.png\",\"contentUrl\":\"https:\\\/\\\/isf.fo\\\/wp-content\\\/uploads\\\/2025\\\/06\\\/ISF_Olympic-Committee-logo.png\",\"width\":618,\"height\":121,\"caption\":\"\u00cdtr\u00f3ttasamband F\u00f8roya\"},\"image\":{\"@id\":\"https:\\\/\\\/isf.fo\\\/#\\\/schema\\\/logo\\\/image\\\/\"},\"sameAs\":[\"https:\\\/\\\/www.facebook.com\\\/itrottasambandid\"]},{\"@type\":\"Person\",\"@id\":\"https:\\\/\\\/isf.fo\\\/#\\\/schema\\\/person\\\/78ac1b623dbf0ace868a5dbcdaed016d\",\"name\":\"Petur Mitt\u00fan\",\"image\":{\"@type\":\"ImageObject\",\"inLanguage\":\"en-US\",\"@id\":\"https:\\\/\\\/secure.gravatar.com\\\/avatar\\\/6f731b65ffaeb1029d9436acc96fc12c3cef9200131daa85ab7762529a25d1d2?s=96&d=mm&r=g\",\"url\":\"https:\\\/\\\/secure.gravatar.com\\\/avatar\\\/6f731b65ffaeb1029d9436acc96fc12c3cef9200131daa85ab7762529a25d1d2?s=96&d=mm&r=g\",\"contentUrl\":\"https:\\\/\\\/secure.gravatar.com\\\/avatar\\\/6f731b65ffaeb1029d9436acc96fc12c3cef9200131daa85ab7762529a25d1d2?s=96&d=mm&r=g\",\"caption\":\"Petur Mitt\u00fan\"},\"url\":\"https:\\\/\\\/isf.fo\\\/en\\\/author\\\/petur\\\/\"}]}<\/script>\n<!-- \/ Yoast SEO plugin. -->","yoast_head_json":{"title":"Farandi og komandi - t\u00ed\u00f0ir eru tengdar at hv\u00f8r a\u00f0rari. - \u00cdtr\u00f3ttasamband F\u00f8roya","robots":{"index":"index","follow":"follow","max-snippet":"max-snippet:-1","max-image-preview":"max-image-preview:large","max-video-preview":"max-video-preview:-1"},"canonical":"https:\/\/isf.fo\/en\/farandi-og-komandi-ti\u00f0ir-eru-tengdar-at-hv\u00f8r-a\u00f0rari\/","og_locale":"en_US","og_type":"article","og_title":"Farandi og komandi - t\u00ed\u00f0ir eru tengdar at hv\u00f8r a\u00f0rari. - \u00cdtr\u00f3ttasamband F\u00f8roya","og_description":"He\u00f0in Mortensen, \u00cdSF-forseti: F\u00f8roysk \u00edtr\u00f3tt hevur enn einafer\u00f0 n\u00e1tt \u00f3f\u00f8rum \u00farslitum. Gott og st\u00f8\u00f0ugt arbei\u00f0i er grundarlag fyri hesum. G\u00f3\u00f0 [&hellip;]","og_url":"https:\/\/isf.fo\/en\/farandi-og-komandi-ti\u00f0ir-eru-tengdar-at-hv\u00f8r-a\u00f0rari\/","og_site_name":"\u00cdtr\u00f3ttasamband F\u00f8roya","article_publisher":"https:\/\/www.facebook.com\/itrottasambandid","article_published_time":"2002-12-31T17:31:17+00:00","author":"Petur Mitt\u00fan","twitter_card":"summary_large_image","twitter_misc":{"Written by":"Petur Mitt\u00fan","Est. reading time":"8 minutes"},"schema":{"@context":"https:\/\/schema.org","@graph":[{"@type":"Article","@id":"https:\/\/isf.fo\/farandi-og-komandi-ti%c3%b0ir-eru-tengdar-at-hv%c3%b8r-a%c3%b0rari\/#article","isPartOf":{"@id":"https:\/\/isf.fo\/farandi-og-komandi-ti%c3%b0ir-eru-tengdar-at-hv%c3%b8r-a%c3%b0rari\/"},"author":{"name":"Petur Mitt\u00fan","@id":"https:\/\/isf.fo\/#\/schema\/person\/78ac1b623dbf0ace868a5dbcdaed016d"},"headline":"Farandi og komandi &#8211; t\u00ed\u00f0ir eru tengdar at hv\u00f8r a\u00f0rari.","datePublished":"2002-12-31T17:31:17+00:00","mainEntityOfPage":{"@id":"https:\/\/isf.fo\/farandi-og-komandi-ti%c3%b0ir-eru-tengdar-at-hv%c3%b8r-a%c3%b0rari\/"},"wordCount":1684,"commentCount":0,"publisher":{"@id":"https:\/\/isf.fo\/#organization"},"articleSection":["\u00cdSF"],"inLanguage":"en-US"},{"@type":"WebPage","@id":"https:\/\/isf.fo\/farandi-og-komandi-ti%c3%b0ir-eru-tengdar-at-hv%c3%b8r-a%c3%b0rari\/","url":"https:\/\/isf.fo\/farandi-og-komandi-ti%c3%b0ir-eru-tengdar-at-hv%c3%b8r-a%c3%b0rari\/","name":"Farandi og komandi - t\u00ed\u00f0ir eru tengdar at hv\u00f8r a\u00f0rari. - \u00cdtr\u00f3ttasamband F\u00f8roya","isPartOf":{"@id":"https:\/\/isf.fo\/#website"},"datePublished":"2002-12-31T17:31:17+00:00","breadcrumb":{"@id":"https:\/\/isf.fo\/farandi-og-komandi-ti%c3%b0ir-eru-tengdar-at-hv%c3%b8r-a%c3%b0rari\/#breadcrumb"},"inLanguage":"en-US","potentialAction":[{"@type":"ReadAction","target":["https:\/\/isf.fo\/farandi-og-komandi-ti%c3%b0ir-eru-tengdar-at-hv%c3%b8r-a%c3%b0rari\/"]}]},{"@type":"BreadcrumbList","@id":"https:\/\/isf.fo\/farandi-og-komandi-ti%c3%b0ir-eru-tengdar-at-hv%c3%b8r-a%c3%b0rari\/#breadcrumb","itemListElement":[{"@type":"ListItem","position":1,"name":"Home","item":"https:\/\/isf.fo\/"},{"@type":"ListItem","position":2,"name":"Farandi og komandi &#8211; t\u00ed\u00f0ir eru tengdar at hv\u00f8r a\u00f0rari."}]},{"@type":"WebSite","@id":"https:\/\/isf.fo\/#website","url":"https:\/\/isf.fo\/","name":"\u00cdtr\u00f3ttasamband F\u00f8roya","description":"","publisher":{"@id":"https:\/\/isf.fo\/#organization"},"potentialAction":[{"@type":"SearchAction","target":{"@type":"EntryPoint","urlTemplate":"https:\/\/isf.fo\/?s={search_term_string}"},"query-input":{"@type":"PropertyValueSpecification","valueRequired":true,"valueName":"search_term_string"}}],"inLanguage":"en-US"},{"@type":"Organization","@id":"https:\/\/isf.fo\/#organization","name":"\u00cdtr\u00f3ttasamband F\u00f8roya","url":"https:\/\/isf.fo\/","logo":{"@type":"ImageObject","inLanguage":"en-US","@id":"https:\/\/isf.fo\/#\/schema\/logo\/image\/","url":"https:\/\/isf.fo\/wp-content\/uploads\/2025\/06\/ISF_Olympic-Committee-logo.png","contentUrl":"https:\/\/isf.fo\/wp-content\/uploads\/2025\/06\/ISF_Olympic-Committee-logo.png","width":618,"height":121,"caption":"\u00cdtr\u00f3ttasamband F\u00f8roya"},"image":{"@id":"https:\/\/isf.fo\/#\/schema\/logo\/image\/"},"sameAs":["https:\/\/www.facebook.com\/itrottasambandid"]},{"@type":"Person","@id":"https:\/\/isf.fo\/#\/schema\/person\/78ac1b623dbf0ace868a5dbcdaed016d","name":"Petur Mitt\u00fan","image":{"@type":"ImageObject","inLanguage":"en-US","@id":"https:\/\/secure.gravatar.com\/avatar\/6f731b65ffaeb1029d9436acc96fc12c3cef9200131daa85ab7762529a25d1d2?s=96&d=mm&r=g","url":"https:\/\/secure.gravatar.com\/avatar\/6f731b65ffaeb1029d9436acc96fc12c3cef9200131daa85ab7762529a25d1d2?s=96&d=mm&r=g","contentUrl":"https:\/\/secure.gravatar.com\/avatar\/6f731b65ffaeb1029d9436acc96fc12c3cef9200131daa85ab7762529a25d1d2?s=96&d=mm&r=g","caption":"Petur Mitt\u00fan"},"url":"https:\/\/isf.fo\/en\/author\/petur\/"}]}},"_links":{"self":[{"href":"https:\/\/isf.fo\/en\/wp-json\/wp\/v2\/posts\/269","targetHints":{"allow":["GET"]}}],"collection":[{"href":"https:\/\/isf.fo\/en\/wp-json\/wp\/v2\/posts"}],"about":[{"href":"https:\/\/isf.fo\/en\/wp-json\/wp\/v2\/types\/post"}],"author":[{"embeddable":true,"href":"https:\/\/isf.fo\/en\/wp-json\/wp\/v2\/users\/6"}],"replies":[{"embeddable":true,"href":"https:\/\/isf.fo\/en\/wp-json\/wp\/v2\/comments?post=269"}],"version-history":[{"count":0,"href":"https:\/\/isf.fo\/en\/wp-json\/wp\/v2\/posts\/269\/revisions"}],"wp:attachment":[{"href":"https:\/\/isf.fo\/en\/wp-json\/wp\/v2\/media?parent=269"}],"wp:term":[{"taxonomy":"category","embeddable":true,"href":"https:\/\/isf.fo\/en\/wp-json\/wp\/v2\/categories?post=269"},{"taxonomy":"post_tag","embeddable":true,"href":"https:\/\/isf.fo\/en\/wp-json\/wp\/v2\/tags?post=269"}],"curies":[{"name":"wp","href":"https:\/\/api.w.org\/{rel}","templated":true}]}}