{"id":270,"date":"2002-12-31T22:05:13","date_gmt":"2002-12-31T21:05:13","guid":{"rendered":"http:\/\/www.solvihansen.com\/isf\/?p=97"},"modified":"2002-12-31T22:05:13","modified_gmt":"2002-12-31T21:05:13","slug":"itrotturin-vi%c3%b0kemur-okkum-%c3%b8llum","status":"publish","type":"post","link":"https:\/\/isf.fo\/en\/itrotturin-vi%c3%b0kemur-okkum-%c3%b8llum\/","title":{"rendered":"\u00cdtr\u00f3tturin vi\u00f0kemur okkum \u00f8llum"},"content":{"rendered":"<table border=\"0\" width=\"450\">\n<tbody>\n<tr>\n<td class=\"tekst\" valign=\"top\">He\u00f0in Mortensen, \u00cdSF-forseti:<\/p>\n<p class=\"head\">\u00cdtr\u00f3tturin vi\u00f0kemur okkum \u00f8llum<\/p>\n<p>N\u00fa enn eitt \u00e1rsskifti er fyri framman, kunnu vit vi\u00f0 gle\u00f0i og g\u00f3\u00f0um minnum hyggja aftur \u00e1 eitt fari\u00f0 \u00edtr\u00f3ttar\u00e1r vi\u00f0 n\u00f3gvum og spennandi avbj\u00f3\u00f0ingum, i\u00f0 f\u00f8royskur \u00edtr\u00f3ttur enn eina fer\u00f0 loysti til fulnar.<\/p>\n<p>Havandi \u00ed huga, hvussu umfatandi partur \u00edtr\u00f3tturin er av f\u00f8royska gerandisdegnum, eru afturl\u00edtandi huglei\u00f0ingar \u00ed okkara \u00edtr\u00f3ttarheimi naka\u00f0, i\u00f0 meira ella minni vi\u00f0kemur okkum \u00f8llum somlum.<br \/>\nUm vit ikki sj\u00e1lv \u00ed\u00f0ka \u00edtr\u00f3tt ella eru uppi \u00ed \u00edtr\u00f3tti onkunsta\u00f0ni, kenna vit \u00f8ll onkran, sum ger ta\u00f0. Og ta\u00f0 er ikki ta\u00f0 pl\u00e1ss \u00ed landinum, i\u00f0 ikki eisini h\u00fdsir \u00edtr\u00f3tti so ella so, og t\u00ed er \u00edtr\u00f3tturin so vi\u00f0komandi sum ongant\u00ed\u00f0 fyrr.<br \/>\nUpp \u00e1 seg er \u00cdtr\u00f3ttasamband F\u00f8roya kanska ta\u00f0 st\u00f8rsta \u00ed \u00f8llum heiminum, t\u00ed f\u00e1ar munnu t\u00e6r tj\u00f3\u00f0ir vera, sum hava eitt so virki\u00f0 f\u00f3lk, at tri\u00f0ihv\u00f8r er \u00ed\u00f0kandi \u00edtr\u00f3ttarf\u00f3lk. Men solei\u00f0is er ta\u00f0 hj\u00e1 okkum, og ta\u00f0 kunnu vit bara fegnast um.<\/p>\n<p><strong>Pl\u00e1ss er fyri \u00f8llum<\/strong><br \/>\nSj\u00f3n fyri s\u00f8gn fingu vit fyrr \u00ed m\u00e1na\u00f0inum, t\u00e1 n\u00e6rum 3.000 f\u00f3lk v\u00f3ru vi\u00f0 \u00ed fylginum, sum fyri fyrstu fer\u00f0 f\u00f3r gj\u00f8gnum V\u00e1gatunnilin. Gaman\u00ed v\u00f3ru tey flestu til gongu, men \u00e1hugin og uppm\u00f8tingin siga fr\u00e1 einum f\u00f3lki, i\u00f0 ikki r\u00e6\u00f0ist fyri at r\u00f8ra seg ella at taka eitt tak.<br \/>\nAt vit b\u00e6\u00f0i kundu finna eitt \u00e1ra gomul og 88 \u00e1ra gomul \u00ed r\u00fagvuni, undirstrikar eisini ta breidd, hesin \u00e1hugi hevur. Eingin er ov ungur og eingin ov gamal, og pl\u00e1ss er fyri \u00f8llum, i\u00f0 hava hug at vera vi\u00f0. Sl\u00edkt er hugaligt!<br \/>\nSamstundis var j\u00fast henda gongan, i\u00f0 helt lei\u00f0ina undir Vestmannasund \u00ed so st\u00f3rum tali, ein g\u00f3\u00f0ur forsmakkur upp \u00e1 ta undirt\u00f8ku, f\u00f3lkaheilsu\u00e1ri\u00f0 2004 v\u00f3nandi fer at f\u00e1a. Ta\u00f0 ver\u00f0ur \u00cdtr\u00f3ttasamband F\u00f8roya, i\u00f0 saman vi\u00f0 mentanar- og trivna\u00f0arm\u00e1lar\u00e1\u00f0num fer at skipa fyri.<br \/>\nEnn er eitt \u00e1r, \u00e1\u00f0renn skj\u00f8til ver\u00f0ur settur \u00e1 hetta serliga \u00e1r, men fyri ta\u00f0 er ongant\u00ed\u00f0 ov t\u00ed\u00f0liga at fyrireika seg &#8211; fyri ikki at tosa um at gle\u00f0a seg. T\u00ed hetta er naka\u00f0, vit vi\u00f0 st\u00f3rum spenningi og dyggum v\u00f3num s\u00edggja fram \u00edm\u00f3ti.<\/p>\n<p><strong>Skal umbo\u00f0a \u00f8ll l\u00edka n\u00f3gv<\/strong><br \/>\nN\u00fa leg\u00f0i eg kanska til brots vi\u00f0 framt\u00ed\u00f0ini, heldur enn at hyggja eitt sindur aftur \u00ed fort\u00ed\u00f0ina. Men ta\u00f0 skal eg so gera n\u00fa \u00ed sta\u00f0in, t\u00ed 2002 royndist eisini sum eitt gott \u00e1r hj\u00e1 f\u00f8royskum \u00edtr\u00f3tti &#8211; b\u00e6\u00f0i burturi og heima.<br \/>\nSettur at umbo\u00f0a allan \u00edtr\u00f3tt \u00ed F\u00f8royum, og ikki bara t\u00e6r &#8220;st\u00f3ru&#8221; \u00edtr\u00f3ttargreinarnar, fari eg ikki at samanbera avrik \u00e1 ymsum \u00f8kjum ella at sp\u00e6la greinar upp m\u00f3ti hv\u00f8rjari a\u00f0rari. Men ta\u00f0 vil alt\u00ed\u00f0 vera so, at sumt skarar meira fram\u00far enn anna\u00f0.<br \/>\nT\u00f3 hava vit \u00eddnar fj\u00f8lmi\u00f0lar her \u00e1 landi, i\u00f0 sum heild gera naka\u00f0 fyri at l\u00fdsa ta\u00f0, i\u00f0 hendir gj\u00f8gnum \u00e1ri\u00f0 \u00e1 \u00edtr\u00f3ttar\u00f8kinum, so ei heldur n\u00fdtist m\u00e6r at fara ni\u00f0ur \u00ed sm\u00e1lutir, t\u00e1 metast skal um avrikini \u00ed farna \u00e1rinum.<br \/>\nKann t\u00f3 ikki lata vera vi\u00f0 at nevna tr\u00edggjar var\u00f0ar av ymiskum slagi, sum \u00e1 ymiskan h\u00e1tt blivu laga\u00f0ir hetta \u00edtr\u00f3ttar\u00e1ri\u00f0. Hetta eru i\u00f0 hvussu er tr\u00edggjar hendingar, i\u00f0 renna fyrst fram fyri meg, t\u00e1 eg skal gera m\u00e6r eina mynd av t\u00ed, i\u00f0 hent er \u00ed 2002.<\/p>\n<p><strong>Bragdi\u00f0 \u00ed Hannover<\/strong><br \/>\nFyrst og fremst ver\u00f0ur ta\u00f0 f\u00f3tb\u00f3ltslandsdysturin m\u00f3ti t\u00fdsku varaheimsmeistarunum \u00ed Hannover. Umframt at okkara menn til fulnar v\u00edstu hugbur\u00f0 og avrik, i\u00f0 gevur teimum fullan r\u00e6tt at dystast sj\u00e1lvt m\u00f3ti teimum bestu \u00ed altj\u00f3\u00f0a h\u00f8pi, pr\u00f3gva\u00f0u teir eisini ta\u00f0 vir\u00f0i, f\u00f8royskur \u00edtr\u00f3ttur hevur fyri landi\u00f0 annars.<br \/>\nHer hugsi eg um ta ovurhonds st\u00f3ru umr\u00f8\u00f0u, i\u00f0 F\u00f8royar fingu kring allan kn\u00f8ttin. Fyrst var\u00f0 n\u00f3gv sagt og skriva\u00f0 undan dystinum, men ikki minst aftan\u00e1, t\u00e1 tepri t\u00fdski sigurin hvarv \u00ed skugganum av djarva og fram\u00far neyva avrikinum hj\u00e1 f\u00f3tb\u00f3ltslandsli\u00f0num.<br \/>\n\u00d8ll heimsins eygu vendu s\u00e6r enn eina fer\u00f0 m\u00f3ti okkum \u00e1 ein sl\u00edkan h\u00e1tt, at \u00edtr\u00f3tturin veruliga gj\u00f8rdist naka\u00f0, i\u00f0 var okkum \u00f8llum vi\u00f0komandi. Og so tori eg als ikki at hugsa tankan, hvat hev\u00f0i hent, sluppu F\u00f8royar fr\u00e1 t\u00fdska f\u00f3tb\u00f3ltsst\u00f3rveldinum vi\u00f0 einum javnleiki, i\u00f0 var \u00e1 g\u00e1ttini\u2026<\/p>\n<p><strong>Heidi str\u00e1la\u00f0i \u00ed Monaco<\/strong><br \/>\nEisini mundi ta\u00f0 nerta vi\u00f0 hjartar\u00f8turnar hj\u00e1 mongum okkara, t\u00e1 svimjigentan av Ei\u00f0i, Heidi Andreasen, var ein millum mangar st\u00f3rar stj\u00f8rnur \u00ed r\u00edka f\u00farstad\u00f8minum Monaco t\u00ed\u00f0liga \u00ed summar.<br \/>\nAt r\u00f8kka henda hei\u00f0ur, at ver\u00f0a rokna\u00f0 millum fremstu \u00edtr\u00f3ttarf\u00f3lk \u00ed heiminum, var helst oman fyri allar dreymar hennara, men s\u00e1muliga og sm\u00edlandi bar hon seg fram sum eitt ver\u00f0insf\u00f3lk millum ver\u00f0insf\u00f3lk og stj\u00f8rnur, h\u00f3ast hon ikki vann.<br \/>\nLaureus World Sports Awards var ein av altj\u00f3\u00f0a st\u00f3rhendingunum \u00ed hesum \u00e1rinum, sum f\u00f8royskur \u00edtr\u00f3ttur \u00e1tti s\u00edn lut \u00ed, t\u00e1 Heidi Andreasen var millum tey fimm innstilla\u00f0u at f\u00e1a hei\u00f0urin &#8220;Besta \u00edtr\u00f3ttarf\u00f3lk vi\u00f0 breki&#8221;.<\/p>\n<p><strong>\u00c1ralag \u00ed serflokki<\/strong><br \/>\nKappr\u00f3\u00f0ur er okkar tj\u00f3\u00f0ar\u00edtr\u00f3ttur fram um a\u00f0rar, og ta\u00f0 hevur s\u00ednar g\u00f3\u00f0u og sj\u00e1lvs\u00f8gdu ors\u00f8kir. Men ta\u00f0 er ikki bara \u00ed okkara egna kappr\u00f3\u00f0ri, at vit skara fram\u00far og megna at gera okkum galdandi.<br \/>\nT\u00e1 kappast var um meistaraheitini \u00ed donskum kappr\u00f3\u00f0ri, v\u00f3ru tr\u00edggjar f\u00f8royskar kvinnur vi\u00f0 millum t\u00e6r fremstu, og ikki kann sigast anna\u00f0, enn at Katrin Olsen, Sigrid Svart\u00e1 og Katrin Rubek Nielsen v\u00f3ru g\u00f3\u00f0 umbo\u00f0 fyri t\u00e6r dygdir, f\u00f8royskur \u00edtr\u00f3ttur kann framala \u00ed okkara unga f\u00f3lki.<br \/>\nT\u00e6r eru lesandi ni\u00f0ri, og har hevur ta\u00f0 hepnast teimum at sloppi\u00f0 upp \u00ed part millum fremstu r\u00f3gvarar \u00ed Danmark. Og so v\u00f3ru t\u00e6r ennt\u00e1 misn\u00f8gdar eftir eitt silvurmerki og eitt fj\u00f3r\u00f0apl\u00e1ss \u00ed kappingunum hesa fer\u00f0!<\/p>\n<p><strong>Kundi veri\u00f0 so n\u00f3gv<\/strong><br \/>\nSj\u00e1lvandi kundi n\u00f3gv anna\u00f0 veri\u00f0 tiki\u00f0 fram \u00ed einari b\u00e6\u00f0i fram- og afturl\u00edtandi grein, sum hesari, men eftir at hava norti\u00f0 vi\u00f0 n\u00f8kur av okkara ymsu og \u00f3l\u00edku, men fram\u00far g\u00f3\u00f0u avrikum uttan fyri landoddarnar, skulu tey heldur ikki gloymast, sum heima \u00ed F\u00f8royum leggja n\u00f3gv fyri \u00ed b\u00e6\u00f0i venjing og kapping.<br \/>\nHavi onkunt\u00ed\u00f0 fyrr veri\u00f0 inni \u00e1 t\u00ed risast\u00f3ra samfelagsliga t\u00fddningi, i\u00f0 alt ta\u00f0 st\u00f3ra og sj\u00e1lvbodna arbei\u00f0i\u00f0 innan f\u00f8royskan \u00edtr\u00f3tt hevur. Og eg nevni ta\u00f0 gle\u00f0iliga enn eina fer\u00f0, t\u00ed hesin innsatsur, i\u00f0 fevnur um b\u00e6\u00f0i b\u00f8rn og ung, foreldur og onnur, kann sn\u00f8gt sagt ikki vir\u00f0ismetast \u00ed kr\u00f3num og oyrum.<br \/>\nAllan s\u00f3larringin er \u00edtr\u00f3ttur \u00e1 skr\u00e1nni, og sanniliga megna okkara egnu kappingar at skapa spenning og intensitet, i\u00f0 einki stendur aftan fyri ta\u00f0, vit kunnu uppliva nakra a\u00f0rasta\u00f0ni. Kanska er ta\u00f0 heldur \u00f8vugt, at okkara l\u00edtla samfelag kn\u00fdtir okkum \u00f8ll t\u00e6ttari saman, so \u00edtr\u00f3tturin t\u00ed eisini \u00ed allar m\u00e1tar ver\u00f0ur enn meira vi\u00f0komandi, enn hann annars hev\u00f0i veri\u00f0 ta\u00f0.<br \/>\nAt samfelagi\u00f0 kanska ikki alt\u00ed\u00f0 dugir at vir\u00f0ismeta hetta, kunnu vit ikki lata okkum for\u00f0a av, t\u00ed ta\u00f0 er ikki j\u00fast fyri vir\u00f0ing og l\u00f8n, at alt arbei\u00f0i\u00f0 ver\u00f0ur gj\u00f8rt, men t\u00ed okkum d\u00e1mar ta\u00f0 v\u00e6l og vit hava st\u00f3ran stuttleika av t\u00ed.<\/p>\n<p><strong>Dopingeftirliti\u00f0 komi\u00f0<\/strong><br \/>\nEins og \u00ed \u00f8llum londum rundan um okkum, ver\u00f0a n\u00fa eisini dopingroyndir gj\u00f8rdar \u00ed F\u00f8royum. T\u00e6r fyrstu v\u00f3ru \u00ed september m\u00e1na\u00f0i, t\u00e1 t\u00edggju \u00edtr\u00f3ttarf\u00f3lk v\u00f3r\u00f0u kanna\u00f0, seks eftir kapping og f\u00fdra undir venjing.<br \/>\nTalan var um tveir svimjarar, tr\u00edggjar s\u00fakklarar, tr\u00edggjar f\u00f3tb\u00f3ltsleikarar og tveir hondb\u00f3ltsleikarar, og v\u00f3ru allar hesar royndir negativar. T\u00f3 var ein roynd positiv vi\u00f0 astmaevninum terbutalin, sum er l\u00f3gligt \u00ed F\u00f8royum, men t\u00f3 krevur heiliv\u00e1gsloyvi, um kappast ver\u00f0ur uttanlands ella \u00ed altj\u00f3\u00f0a kappingum.<br \/>\nHesar t\u00edggju dopingroyndirnar v\u00f3ru t\u00e6r fyrstu, men ver\u00f0a ikki t\u00e6r s\u00ed\u00f0stu, t\u00ed \u00ed framt\u00ed\u00f0ini ver\u00f0a javnan tiknar dopingroyndir av f\u00f8royskum \u00edtr\u00f3ttarf\u00f3lkum. Hetta arbei\u00f0i ver\u00f0ur gj\u00f8rt \u00ed samstarvi vi\u00f0 dopingeftirlitisf\u00f3lk fr\u00e1 Anti Doping Danmark, sum \u00cdtr\u00f3ttasamband F\u00f8roya \u00e1 hesum \u00f8ki hevur gott samstarv vi\u00f0.<\/p>\n<p><strong>F\u00f8royar \u00ed altj\u00f3\u00f0a h\u00f8pi<\/strong><br \/>\n\u00cd september m\u00e1na\u00f0i v\u00f3ru vit vertir fyri tveimum nor\u00f0urlendskum fundum, sum b\u00e1\u00f0ir eydna\u00f0ust stak v\u00e6l. Annar var fundurin \u00ed nor\u00f0urlendsku felagsnevndini, og hin \u00ed nor\u00f0urlendsku olympisku nevndini. Gestirnir v\u00f3ru v\u00e6l n\u00f8gdir vi\u00f0, hvussu \u00cdtr\u00f3ttasamband fyriskipa\u00f0i hesar fundir, og v\u00f3ru umbo\u00f0 \u00far \u00f8llum nor\u00f0urlondum vi\u00f0.<br \/>\nArbei\u00f0i\u00f0 at vinna F\u00f8royum olympiska vi\u00f0urkenning heldur fram, men enn tykist vera eitt petti \u00e1 m\u00e1l. T\u00f3 var ta\u00f0 hugaligt enn eina fer\u00f0 at f\u00e1a sta\u00f0fest \u00e1 fundinum \u00ed september, at b\u00e6\u00f0i vit og gr\u00f8nlendingar hava fullan stu\u00f0ul fr\u00e1 grannum okkara \u00ed royndini at f\u00e1a hesa vi\u00f0urkenning.<br \/>\nEin t\u00e1ttur, i\u00f0 arbeitt hevur veri\u00f0 vi\u00f0 leingi, hevur veri\u00f0 at fingi\u00f0 ein \u00edtr\u00f3ttarr\u00e1\u00f0geva, og her eru vit n\u00fa komin \u00e1 m\u00e1l, og S\u00f8lvi R. Hansen er settur \u00ed starvi. Starvi\u00f0 ver\u00f0ur f\u00edggja\u00f0 vi\u00f0 parti av veddingarpeninginum, sum Mentam\u00e1lar\u00e1\u00f0i\u00f0 umsitur. At vit n\u00fa eisini hava fingi\u00f0 r\u00e1\u00f0geva, styrkir avgerandi arbei\u00f0i okkara, i\u00f0 fevnir um 15.000 limir \u00ed umlei\u00f0 120 fel\u00f8gum kring alt landi\u00f0.<br \/>\nVi\u00f0 hesum or\u00f0um vil eg fegin takka \u00f8llum, i\u00f0 hava tiki\u00f0 eina hond \u00ed og onkursvegna hava veri\u00f0 f\u00f8royskum \u00edtr\u00f3tti at frama \u00ed farna \u00e1rinum. Og fyri 2003, t\u00e1 vit millum anna\u00f0 s\u00edggja fram til oyggjaleikir \u00e1 Guernsey, ynskja vit \u00f8ll somul, at ta\u00f0 m\u00e1 gerast eitt minst l\u00edka gott \u00e1r sum hetta!<\/p>\n<p>Fari at ynskja \u00f8llum f\u00f8royingum burturi og heima eitt Gott N\u00fdggj\u00e1r og takk fyri ta\u00f0 gamla.<\/p>\n<p>Vi\u00f0 heilsan<\/p>\n<p>He\u00f0in Mortensen<br \/>\n\u00cdSF forseti<\/td>\n<\/tr>\n<\/tbody>\n<\/table>","protected":false},"excerpt":{"rendered":"<p>He\u00f0in Mortensen, \u00cdSF-forseti: \u00cdtr\u00f3tturin vi\u00f0kemur okkum \u00f8llum N\u00fa enn eitt \u00e1rsskifti er fyri framman, kunnu vit vi\u00f0 gle\u00f0i og g\u00f3\u00f0um [&hellip;]<\/p>\n","protected":false},"author":6,"featured_media":0,"comment_status":"open","ping_status":"open","sticky":false,"template":"","format":"standard","meta":{"_acf_changed":false,"_relevanssi_hide_post":"","_relevanssi_hide_content":"","_relevanssi_pin_for_all":"","_relevanssi_pin_keywords":"","_relevanssi_unpin_keywords":"","_relevanssi_related_keywords":"","_relevanssi_related_include_ids":"","_relevanssi_related_exclude_ids":"","_relevanssi_related_no_append":"","_relevanssi_related_not_related":"","_relevanssi_related_posts":"","_relevanssi_noindex_reason":"","inline_featured_image":false,"footnotes":""},"categories":[2],"tags":[],"class_list":["post-270","post","type-post","status-publish","format-standard","hentry","category-isf"],"acf":[],"yoast_head":"<!-- This site is optimized with the Yoast SEO plugin v27.5 - https:\/\/yoast.com\/product\/yoast-seo-wordpress\/ -->\n<title>\u00cdtr\u00f3tturin vi\u00f0kemur okkum \u00f8llum - \u00cdtr\u00f3ttasamband F\u00f8roya<\/title>\n<meta name=\"robots\" content=\"index, follow, max-snippet:-1, max-image-preview:large, max-video-preview:-1\" \/>\n<link rel=\"canonical\" href=\"https:\/\/isf.fo\/en\/itrotturin-vi\u00f0kemur-okkum-\u00f8llum\/\" \/>\n<meta property=\"og:locale\" content=\"en_US\" \/>\n<meta property=\"og:type\" content=\"article\" \/>\n<meta property=\"og:title\" content=\"\u00cdtr\u00f3tturin vi\u00f0kemur okkum \u00f8llum - \u00cdtr\u00f3ttasamband F\u00f8roya\" \/>\n<meta property=\"og:description\" content=\"He\u00f0in Mortensen, \u00cdSF-forseti: \u00cdtr\u00f3tturin vi\u00f0kemur okkum \u00f8llum N\u00fa enn eitt \u00e1rsskifti er fyri framman, kunnu vit vi\u00f0 gle\u00f0i og g\u00f3\u00f0um [&hellip;]\" \/>\n<meta property=\"og:url\" content=\"https:\/\/isf.fo\/en\/itrotturin-vi\u00f0kemur-okkum-\u00f8llum\/\" \/>\n<meta property=\"og:site_name\" content=\"\u00cdtr\u00f3ttasamband F\u00f8roya\" \/>\n<meta property=\"article:publisher\" content=\"https:\/\/www.facebook.com\/itrottasambandid\" \/>\n<meta property=\"article:published_time\" content=\"2002-12-31T21:05:13+00:00\" \/>\n<meta name=\"author\" content=\"Petur Mitt\u00fan\" \/>\n<meta name=\"twitter:card\" content=\"summary_large_image\" \/>\n<meta name=\"twitter:label1\" content=\"Written by\" \/>\n\t<meta name=\"twitter:data1\" content=\"Petur Mitt\u00fan\" \/>\n\t<meta name=\"twitter:label2\" content=\"Est. reading time\" \/>\n\t<meta name=\"twitter:data2\" content=\"9 minutes\" \/>\n<script type=\"application\/ld+json\" class=\"yoast-schema-graph\">{\"@context\":\"https:\\\/\\\/schema.org\",\"@graph\":[{\"@type\":\"Article\",\"@id\":\"https:\\\/\\\/isf.fo\\\/itrotturin-vi%c3%b0kemur-okkum-%c3%b8llum\\\/#article\",\"isPartOf\":{\"@id\":\"https:\\\/\\\/isf.fo\\\/itrotturin-vi%c3%b0kemur-okkum-%c3%b8llum\\\/\"},\"author\":{\"name\":\"Petur Mitt\u00fan\",\"@id\":\"https:\\\/\\\/isf.fo\\\/#\\\/schema\\\/person\\\/78ac1b623dbf0ace868a5dbcdaed016d\"},\"headline\":\"\u00cdtr\u00f3tturin vi\u00f0kemur okkum \u00f8llum\",\"datePublished\":\"2002-12-31T21:05:13+00:00\",\"mainEntityOfPage\":{\"@id\":\"https:\\\/\\\/isf.fo\\\/itrotturin-vi%c3%b0kemur-okkum-%c3%b8llum\\\/\"},\"wordCount\":1730,\"commentCount\":0,\"publisher\":{\"@id\":\"https:\\\/\\\/isf.fo\\\/#organization\"},\"articleSection\":[\"\u00cdSF\"],\"inLanguage\":\"en-US\"},{\"@type\":\"WebPage\",\"@id\":\"https:\\\/\\\/isf.fo\\\/itrotturin-vi%c3%b0kemur-okkum-%c3%b8llum\\\/\",\"url\":\"https:\\\/\\\/isf.fo\\\/itrotturin-vi%c3%b0kemur-okkum-%c3%b8llum\\\/\",\"name\":\"\u00cdtr\u00f3tturin vi\u00f0kemur okkum \u00f8llum - \u00cdtr\u00f3ttasamband F\u00f8roya\",\"isPartOf\":{\"@id\":\"https:\\\/\\\/isf.fo\\\/#website\"},\"datePublished\":\"2002-12-31T21:05:13+00:00\",\"breadcrumb\":{\"@id\":\"https:\\\/\\\/isf.fo\\\/itrotturin-vi%c3%b0kemur-okkum-%c3%b8llum\\\/#breadcrumb\"},\"inLanguage\":\"en-US\",\"potentialAction\":[{\"@type\":\"ReadAction\",\"target\":[\"https:\\\/\\\/isf.fo\\\/itrotturin-vi%c3%b0kemur-okkum-%c3%b8llum\\\/\"]}]},{\"@type\":\"BreadcrumbList\",\"@id\":\"https:\\\/\\\/isf.fo\\\/itrotturin-vi%c3%b0kemur-okkum-%c3%b8llum\\\/#breadcrumb\",\"itemListElement\":[{\"@type\":\"ListItem\",\"position\":1,\"name\":\"Home\",\"item\":\"https:\\\/\\\/isf.fo\\\/\"},{\"@type\":\"ListItem\",\"position\":2,\"name\":\"\u00cdtr\u00f3tturin vi\u00f0kemur okkum \u00f8llum\"}]},{\"@type\":\"WebSite\",\"@id\":\"https:\\\/\\\/isf.fo\\\/#website\",\"url\":\"https:\\\/\\\/isf.fo\\\/\",\"name\":\"\u00cdtr\u00f3ttasamband F\u00f8roya\",\"description\":\"\",\"publisher\":{\"@id\":\"https:\\\/\\\/isf.fo\\\/#organization\"},\"potentialAction\":[{\"@type\":\"SearchAction\",\"target\":{\"@type\":\"EntryPoint\",\"urlTemplate\":\"https:\\\/\\\/isf.fo\\\/?s={search_term_string}\"},\"query-input\":{\"@type\":\"PropertyValueSpecification\",\"valueRequired\":true,\"valueName\":\"search_term_string\"}}],\"inLanguage\":\"en-US\"},{\"@type\":\"Organization\",\"@id\":\"https:\\\/\\\/isf.fo\\\/#organization\",\"name\":\"\u00cdtr\u00f3ttasamband F\u00f8roya\",\"url\":\"https:\\\/\\\/isf.fo\\\/\",\"logo\":{\"@type\":\"ImageObject\",\"inLanguage\":\"en-US\",\"@id\":\"https:\\\/\\\/isf.fo\\\/#\\\/schema\\\/logo\\\/image\\\/\",\"url\":\"https:\\\/\\\/isf.fo\\\/wp-content\\\/uploads\\\/2025\\\/06\\\/ISF_Olympic-Committee-logo.png\",\"contentUrl\":\"https:\\\/\\\/isf.fo\\\/wp-content\\\/uploads\\\/2025\\\/06\\\/ISF_Olympic-Committee-logo.png\",\"width\":618,\"height\":121,\"caption\":\"\u00cdtr\u00f3ttasamband F\u00f8roya\"},\"image\":{\"@id\":\"https:\\\/\\\/isf.fo\\\/#\\\/schema\\\/logo\\\/image\\\/\"},\"sameAs\":[\"https:\\\/\\\/www.facebook.com\\\/itrottasambandid\"]},{\"@type\":\"Person\",\"@id\":\"https:\\\/\\\/isf.fo\\\/#\\\/schema\\\/person\\\/78ac1b623dbf0ace868a5dbcdaed016d\",\"name\":\"Petur Mitt\u00fan\",\"image\":{\"@type\":\"ImageObject\",\"inLanguage\":\"en-US\",\"@id\":\"https:\\\/\\\/secure.gravatar.com\\\/avatar\\\/6f731b65ffaeb1029d9436acc96fc12c3cef9200131daa85ab7762529a25d1d2?s=96&d=mm&r=g\",\"url\":\"https:\\\/\\\/secure.gravatar.com\\\/avatar\\\/6f731b65ffaeb1029d9436acc96fc12c3cef9200131daa85ab7762529a25d1d2?s=96&d=mm&r=g\",\"contentUrl\":\"https:\\\/\\\/secure.gravatar.com\\\/avatar\\\/6f731b65ffaeb1029d9436acc96fc12c3cef9200131daa85ab7762529a25d1d2?s=96&d=mm&r=g\",\"caption\":\"Petur Mitt\u00fan\"},\"url\":\"https:\\\/\\\/isf.fo\\\/en\\\/author\\\/petur\\\/\"}]}<\/script>\n<!-- \/ Yoast SEO plugin. -->","yoast_head_json":{"title":"\u00cdtr\u00f3tturin vi\u00f0kemur okkum \u00f8llum - \u00cdtr\u00f3ttasamband F\u00f8roya","robots":{"index":"index","follow":"follow","max-snippet":"max-snippet:-1","max-image-preview":"max-image-preview:large","max-video-preview":"max-video-preview:-1"},"canonical":"https:\/\/isf.fo\/en\/itrotturin-vi\u00f0kemur-okkum-\u00f8llum\/","og_locale":"en_US","og_type":"article","og_title":"\u00cdtr\u00f3tturin vi\u00f0kemur okkum \u00f8llum - \u00cdtr\u00f3ttasamband F\u00f8roya","og_description":"He\u00f0in Mortensen, \u00cdSF-forseti: \u00cdtr\u00f3tturin vi\u00f0kemur okkum \u00f8llum N\u00fa enn eitt \u00e1rsskifti er fyri framman, kunnu vit vi\u00f0 gle\u00f0i og g\u00f3\u00f0um [&hellip;]","og_url":"https:\/\/isf.fo\/en\/itrotturin-vi\u00f0kemur-okkum-\u00f8llum\/","og_site_name":"\u00cdtr\u00f3ttasamband F\u00f8roya","article_publisher":"https:\/\/www.facebook.com\/itrottasambandid","article_published_time":"2002-12-31T21:05:13+00:00","author":"Petur Mitt\u00fan","twitter_card":"summary_large_image","twitter_misc":{"Written by":"Petur Mitt\u00fan","Est. reading time":"9 minutes"},"schema":{"@context":"https:\/\/schema.org","@graph":[{"@type":"Article","@id":"https:\/\/isf.fo\/itrotturin-vi%c3%b0kemur-okkum-%c3%b8llum\/#article","isPartOf":{"@id":"https:\/\/isf.fo\/itrotturin-vi%c3%b0kemur-okkum-%c3%b8llum\/"},"author":{"name":"Petur Mitt\u00fan","@id":"https:\/\/isf.fo\/#\/schema\/person\/78ac1b623dbf0ace868a5dbcdaed016d"},"headline":"\u00cdtr\u00f3tturin vi\u00f0kemur okkum \u00f8llum","datePublished":"2002-12-31T21:05:13+00:00","mainEntityOfPage":{"@id":"https:\/\/isf.fo\/itrotturin-vi%c3%b0kemur-okkum-%c3%b8llum\/"},"wordCount":1730,"commentCount":0,"publisher":{"@id":"https:\/\/isf.fo\/#organization"},"articleSection":["\u00cdSF"],"inLanguage":"en-US"},{"@type":"WebPage","@id":"https:\/\/isf.fo\/itrotturin-vi%c3%b0kemur-okkum-%c3%b8llum\/","url":"https:\/\/isf.fo\/itrotturin-vi%c3%b0kemur-okkum-%c3%b8llum\/","name":"\u00cdtr\u00f3tturin vi\u00f0kemur okkum \u00f8llum - \u00cdtr\u00f3ttasamband F\u00f8roya","isPartOf":{"@id":"https:\/\/isf.fo\/#website"},"datePublished":"2002-12-31T21:05:13+00:00","breadcrumb":{"@id":"https:\/\/isf.fo\/itrotturin-vi%c3%b0kemur-okkum-%c3%b8llum\/#breadcrumb"},"inLanguage":"en-US","potentialAction":[{"@type":"ReadAction","target":["https:\/\/isf.fo\/itrotturin-vi%c3%b0kemur-okkum-%c3%b8llum\/"]}]},{"@type":"BreadcrumbList","@id":"https:\/\/isf.fo\/itrotturin-vi%c3%b0kemur-okkum-%c3%b8llum\/#breadcrumb","itemListElement":[{"@type":"ListItem","position":1,"name":"Home","item":"https:\/\/isf.fo\/"},{"@type":"ListItem","position":2,"name":"\u00cdtr\u00f3tturin vi\u00f0kemur okkum \u00f8llum"}]},{"@type":"WebSite","@id":"https:\/\/isf.fo\/#website","url":"https:\/\/isf.fo\/","name":"\u00cdtr\u00f3ttasamband F\u00f8roya","description":"","publisher":{"@id":"https:\/\/isf.fo\/#organization"},"potentialAction":[{"@type":"SearchAction","target":{"@type":"EntryPoint","urlTemplate":"https:\/\/isf.fo\/?s={search_term_string}"},"query-input":{"@type":"PropertyValueSpecification","valueRequired":true,"valueName":"search_term_string"}}],"inLanguage":"en-US"},{"@type":"Organization","@id":"https:\/\/isf.fo\/#organization","name":"\u00cdtr\u00f3ttasamband F\u00f8roya","url":"https:\/\/isf.fo\/","logo":{"@type":"ImageObject","inLanguage":"en-US","@id":"https:\/\/isf.fo\/#\/schema\/logo\/image\/","url":"https:\/\/isf.fo\/wp-content\/uploads\/2025\/06\/ISF_Olympic-Committee-logo.png","contentUrl":"https:\/\/isf.fo\/wp-content\/uploads\/2025\/06\/ISF_Olympic-Committee-logo.png","width":618,"height":121,"caption":"\u00cdtr\u00f3ttasamband F\u00f8roya"},"image":{"@id":"https:\/\/isf.fo\/#\/schema\/logo\/image\/"},"sameAs":["https:\/\/www.facebook.com\/itrottasambandid"]},{"@type":"Person","@id":"https:\/\/isf.fo\/#\/schema\/person\/78ac1b623dbf0ace868a5dbcdaed016d","name":"Petur Mitt\u00fan","image":{"@type":"ImageObject","inLanguage":"en-US","@id":"https:\/\/secure.gravatar.com\/avatar\/6f731b65ffaeb1029d9436acc96fc12c3cef9200131daa85ab7762529a25d1d2?s=96&d=mm&r=g","url":"https:\/\/secure.gravatar.com\/avatar\/6f731b65ffaeb1029d9436acc96fc12c3cef9200131daa85ab7762529a25d1d2?s=96&d=mm&r=g","contentUrl":"https:\/\/secure.gravatar.com\/avatar\/6f731b65ffaeb1029d9436acc96fc12c3cef9200131daa85ab7762529a25d1d2?s=96&d=mm&r=g","caption":"Petur Mitt\u00fan"},"url":"https:\/\/isf.fo\/en\/author\/petur\/"}]}},"_links":{"self":[{"href":"https:\/\/isf.fo\/en\/wp-json\/wp\/v2\/posts\/270","targetHints":{"allow":["GET"]}}],"collection":[{"href":"https:\/\/isf.fo\/en\/wp-json\/wp\/v2\/posts"}],"about":[{"href":"https:\/\/isf.fo\/en\/wp-json\/wp\/v2\/types\/post"}],"author":[{"embeddable":true,"href":"https:\/\/isf.fo\/en\/wp-json\/wp\/v2\/users\/6"}],"replies":[{"embeddable":true,"href":"https:\/\/isf.fo\/en\/wp-json\/wp\/v2\/comments?post=270"}],"version-history":[{"count":0,"href":"https:\/\/isf.fo\/en\/wp-json\/wp\/v2\/posts\/270\/revisions"}],"wp:attachment":[{"href":"https:\/\/isf.fo\/en\/wp-json\/wp\/v2\/media?parent=270"}],"wp:term":[{"taxonomy":"category","embeddable":true,"href":"https:\/\/isf.fo\/en\/wp-json\/wp\/v2\/categories?post=270"},{"taxonomy":"post_tag","embeddable":true,"href":"https:\/\/isf.fo\/en\/wp-json\/wp\/v2\/tags?post=270"}],"curies":[{"name":"wp","href":"https:\/\/api.w.org\/{rel}","templated":true}]}}