{"id":271,"date":"2003-02-01T22:12:33","date_gmt":"2003-02-01T21:12:33","guid":{"rendered":"http:\/\/www.solvihansen.com\/isf\/?p=101"},"modified":"2003-02-01T22:12:33","modified_gmt":"2003-02-01T21:12:33","slug":"itrottarfer%c3%b0ir-vi%c3%b0-strandfaraskipum-landsins-og-bygdalei%c3%b0um","status":"publish","type":"post","link":"https:\/\/isf.fo\/en\/itrottarfer%c3%b0ir-vi%c3%b0-strandfaraskipum-landsins-og-bygdalei%c3%b0um\/","title":{"rendered":"\u00cdtr\u00f3ttarfer\u00f0ir vi\u00f0 Strandfaraskipum Landsins og Bygdalei\u00f0um"},"content":{"rendered":"<p>Samb\u00e6rt avtalu millum Strandfaraskip Landsins og \u00cdtr\u00f3ttasamband F\u00f8roya ver\u00f0ur fr\u00e1 1. februar 2003 fari\u00f0 yvir til eina kortskipan til fer\u00f0ing hj\u00e1 \u00edtr\u00f3ttarf\u00f3lkum innanoyggja. Samstundis ver\u00f0ur skipanin vi\u00f0 gulu se\u00f0lunum sett \u00far gildi.<\/p>\n<p><strong>1. Um skipanina<\/strong><br \/>\n1. Kortini ver\u00f0a bor\u00f0in \u00fat til fel\u00f8gini \u00ed n\u00e6stum. Meginreglan er, at hv\u00f8rt li\u00f0 hj\u00e1 hv\u00f8rjum felagi hevur eitt kort at fer\u00f0ast vi\u00f0. T\u00f3 er eitt avmarka\u00f0 tal av kortum t\u00f8kt til sersambond, d\u00f3marar, landsli\u00f0sleikarar og a\u00f0rar einstaklingar.<\/p>\n<p>2. Treytin hj\u00e1 fel\u00f8gunum, fyri at f\u00e1a kortini \u00fatfl\u00fdggja\u00f0i, er, at tey hava limagjaldsvi\u00f0urskifti s\u00edni vi\u00f0 \u00cdSF \u00ed lagi. Um felag hevur restandi limagjalds skuld, skal henda vera goldin, ella avtala vera gj\u00f8rd vi\u00f0 \u00cdSF um afturgjalding, \u00e1\u00f0renn kortini ver\u00f0a \u00fatfl\u00fdggja\u00f0 fel\u00f8gunum.<\/p>\n<p>3. Eina fer\u00f0 um m\u00e1na\u00f0in f\u00e6r \u00cdSF yvirlit fr\u00e1 Strandfaraskipum Landsins, sum v\u00edsir n\u00fdtsluna hj\u00e1 hv\u00f8rjum einst\u00f8kum korti.<\/p>\n<p>4. Kortini eru varandi, tvs. tey kunnu n\u00fdtast \u00e1r aftan\u00e1 \u00e1r. Tey mugu t\u00edskil ikki beinast burtur, t\u00e1 tey eru t\u00f3m. Korti\u00f0 er elektroniskt og inniheldur ein &#8220;microchip&#8221;. Ta\u00f0 inniheldur n\u00f3gvar uppl\u00fdsingar, m.a. n\u00e6r og hvar ta\u00f0 er galdandi. Hetta merkir at korti\u00f0 skal handfarast varliga. Korti\u00f0 m\u00e1 ikki boyggjast ella leggjast n\u00e6rhendis sterkum hita. Somulei\u00f0is kunnu sterk magnetfelt \u00e1virka korti\u00f0.<\/p>\n<p>5. Ver\u00f0a kort burturmist ella oy\u00f0il\u00f8gd og t\u00ed mugu endurn\u00fdggjast, ver\u00f0a kravdar 100 kr. \u00ed avgrei\u00f0slugjaldi fyri hv\u00f8rt korti\u00f0. Fel\u00f8gini rinda sj\u00e1lvi hesa upph\u00e6dd, t\u00e1 n\u00fdggju kortini ver\u00f0a heinta\u00f0 \u00e1 avgrei\u00f0sluni hj\u00e1 Strandfaraskipum Landsins.<\/p>\n<p><strong>2. \u00datfl\u00fdggjanarmannagongd<\/strong><br \/>\n1. Sersambondini lata s\u00ednum fel\u00f8gum kortini. Felagi\u00f0 letur m\u00f3ti kvittan \u00e1 serligt oy\u00f0ubla\u00f0 \u00e1byrgdarf\u00f3lkinum hj\u00e1 hv\u00f8rjum li\u00f0i eitt kort. Felagi\u00f0 hevur skyldu at goyma hesa kvittan.<\/p>\n<p>2. T\u00e1 kappingar\u00e1ri\u00f0 er li\u00f0ugt, ver\u00f0a kortini \u00ed avvarandi \u00edtr\u00f3ttargrein stongd.<\/p>\n<p>3. T\u00e1 kappingar\u00e1ri\u00f0 er li\u00f0ugt, skulu \u00e1byrgdarf\u00f3lkini lata felagnum kortini aftur til var\u00f0veitslu inntil n\u00e6sta kappingar\u00e1r, t\u00e1 sama \u00fatfl\u00fdggjanarmannagongd ver\u00f0ur fylgd.<\/p>\n<p><strong>3. N\u00fdtslan<\/strong><br \/>\n1. T\u00e1 eitt \u00edtr\u00f3ttarli\u00f0 kemur \u00ed bussin ella umbor\u00f0 \u00e1 skipi\u00f0, skal fer\u00f0alei\u00f0arin (korthavarin) ganga \u00e1 odda og lata bussf\u00f8rara\/innkrevjara korti\u00f0 og uppl\u00fdsa, hvussu n\u00f3gv ferandi (vaksin\/b\u00f8rn) eru vi\u00f0 li\u00f0num. Bussf\u00f8rarin tekur tilsvarandi klipp av kortinum. Hetta skal gerast hv\u00f8rja fer\u00f0, fer\u00f0ast ver\u00f0ur. Korti\u00f0 skal avgrei\u00f0ast, \u00e1\u00f0renn \u00edtr\u00f3ttarf\u00f3lkini fara inn \u00ed bussin.<\/p>\n<p>2. Korthavarin f\u00e6r kvittan fr\u00e1 bussf\u00f8raranum\/innkrevjaranum, i\u00f0 v\u00edsir, hvussu n\u00f3gv ferandi eru, og hvussu st\u00f3r upph\u00e6dd er eftir \u00e1 kortinum. Hendan kvittan skal goymast, so hon kann ver\u00f0a framv\u00edst seinni \u00e1 fer\u00f0ini.<\/p>\n<p>3. Hv\u00f8rt kort hevur innan \u00fatfl\u00fdggjan fingi\u00f0 eina \u00e1fylling \u00e1 2.222,22 kr. T\u00e1 korti\u00f0 er um at vera t\u00f3mt, skal korthavarin bi\u00f0ja bussf\u00f8raran\/innkrevjaran fylla \u00e1 korti\u00f0. Hv\u00f8r \u00e1fylling svarar til 2.222,22 kr. \u00c1fyllingarnar ver\u00f0a gj\u00f8rdar \u00ed bussinum ella umbor\u00f0 \u00e1 skipinum.<\/p>\n<p>4. Fer\u00f0ast kann vi\u00f0 kortinum til kappingar og venjingar, i\u00f0 eru g\u00f3\u00f0kendar av avvarandi sersambandi.<\/p>\n<p><strong>4. B\u00edlegging av fer\u00f0um<\/strong><br \/>\n1. Um 5 ella fleiri f\u00f3lk eru \u00ed fer\u00f0ali\u00f0num skal pl\u00e1ss b\u00edleggjast fr\u00e1 Strandfaraskipum Landsins \u00ed seinasta lagi 2 yrkadagar undan ynsktu fr\u00e1fer\u00f0 .<\/p>\n<p>2. M\u00f8guleiki er at f\u00e1a b\u00edleggingarse\u00f0il \u00e1 heimas\u00ed\u00f0uni (www.ssl.fo) ella vi\u00f0 at venda s\u00e6r til Farst\u00f8\u00f0ina \u00e1 tlf. 343030.<\/p>\n<p>3. B\u00edleggingarse\u00f0ilin skal fyllast \u00fat, og sendast vi\u00f0 telduposti bygdaleidir@ssl.fo ella vi\u00f0 faksi \u00e1 tlf. 343008. B\u00edlegginginarse\u00f0ilin skal vera v\u00e1tta\u00f0ur av SL fyri at hava gildi\u00f0 \u00ed bussinum<\/p>\n<p>4. SL kannar m\u00f8guleika fyri, at b\u00f3lkurin kann koma vi\u00f0 ynskta t\u00far, og um pl\u00e1ss er fyri b\u00f3lkinum, sendir SL v\u00e1ttan aftur til kundan &#8211; \u00e1 SL-oy\u00f0ubla\u00f0i.<\/p>\n<p>5. T\u00e1 kapasitetstrupuleiki er, kann SL finna annan t\u00far til b\u00f3lkin, ella avv\u00edsa m\u00f8guleikan fyri at b\u00f3lkurin sleppur vi\u00f0 ynskta t\u00far. SL hava ikki skyldu til at \u00f8kja um kapasitetin til b\u00f3lkar, men skulu hesir gjalda fyri serflutning, um tey ikki vilja laga seg til tann avsetta kapasitetin.<\/p>\n<p>6. T\u00e1 b\u00f3lkurin kemur umbor\u00f0 \u00e1 b\u00e1tin ella \u00ed bussin skal SL-v\u00e1ttanin v\u00edsast fram, sum pr\u00f3gv um, at t\u00farurin er b\u00edlagdur. Um b\u00f3lkurin ikki hevur v\u00e1ttan, hevur f\u00f8rarin ikki skyldu til, at taka b\u00f3lkin vi\u00f0, um talan er um kapasitetstrupuleika.<\/p>","protected":false},"excerpt":{"rendered":"<p>Samb\u00e6rt avtalu millum Strandfaraskip Landsins og \u00cdtr\u00f3ttasamband F\u00f8roya ver\u00f0ur fr\u00e1 1. februar 2003 fari\u00f0 yvir til eina kortskipan til fer\u00f0ing [&hellip;]<\/p>\n","protected":false},"author":6,"featured_media":0,"comment_status":"open","ping_status":"open","sticky":false,"template":"","format":"standard","meta":{"_acf_changed":false,"_relevanssi_hide_post":"","_relevanssi_hide_content":"","_relevanssi_pin_for_all":"","_relevanssi_pin_keywords":"","_relevanssi_unpin_keywords":"","_relevanssi_related_keywords":"","_relevanssi_related_include_ids":"","_relevanssi_related_exclude_ids":"","_relevanssi_related_no_append":"","_relevanssi_related_not_related":"","_relevanssi_related_posts":"","_relevanssi_noindex_reason":"","inline_featured_image":false,"footnotes":""},"categories":[2],"tags":[],"class_list":["post-271","post","type-post","status-publish","format-standard","hentry","category-isf"],"acf":[],"yoast_head":"<!-- This site is optimized with the Yoast SEO plugin v27.5 - https:\/\/yoast.com\/product\/yoast-seo-wordpress\/ -->\n<title>\u00cdtr\u00f3ttarfer\u00f0ir vi\u00f0 Strandfaraskipum Landsins og Bygdalei\u00f0um - \u00cdtr\u00f3ttasamband F\u00f8roya<\/title>\n<meta name=\"robots\" content=\"index, follow, max-snippet:-1, max-image-preview:large, max-video-preview:-1\" \/>\n<link rel=\"canonical\" href=\"https:\/\/isf.fo\/en\/itrottarfer\u00f0ir-vi\u00f0-strandfaraskipum-landsins-og-bygdalei\u00f0um\/\" \/>\n<meta property=\"og:locale\" content=\"en_US\" \/>\n<meta property=\"og:type\" content=\"article\" \/>\n<meta property=\"og:title\" content=\"\u00cdtr\u00f3ttarfer\u00f0ir vi\u00f0 Strandfaraskipum Landsins og Bygdalei\u00f0um - \u00cdtr\u00f3ttasamband F\u00f8roya\" \/>\n<meta property=\"og:description\" content=\"Samb\u00e6rt avtalu millum Strandfaraskip Landsins og \u00cdtr\u00f3ttasamband F\u00f8roya ver\u00f0ur fr\u00e1 1. februar 2003 fari\u00f0 yvir til eina kortskipan til fer\u00f0ing [&hellip;]\" \/>\n<meta property=\"og:url\" content=\"https:\/\/isf.fo\/en\/itrottarfer\u00f0ir-vi\u00f0-strandfaraskipum-landsins-og-bygdalei\u00f0um\/\" \/>\n<meta property=\"og:site_name\" content=\"\u00cdtr\u00f3ttasamband F\u00f8roya\" \/>\n<meta property=\"article:publisher\" content=\"https:\/\/www.facebook.com\/itrottasambandid\" \/>\n<meta property=\"article:published_time\" content=\"2003-02-01T21:12:33+00:00\" \/>\n<meta name=\"author\" content=\"Petur Mitt\u00fan\" \/>\n<meta name=\"twitter:card\" content=\"summary_large_image\" \/>\n<meta name=\"twitter:label1\" content=\"Written by\" \/>\n\t<meta name=\"twitter:data1\" content=\"Petur Mitt\u00fan\" \/>\n\t<meta name=\"twitter:label2\" content=\"Est. reading time\" \/>\n\t<meta name=\"twitter:data2\" content=\"4 minutes\" \/>\n<script type=\"application\/ld+json\" class=\"yoast-schema-graph\">{\"@context\":\"https:\\\/\\\/schema.org\",\"@graph\":[{\"@type\":\"Article\",\"@id\":\"https:\\\/\\\/isf.fo\\\/itrottarfer%c3%b0ir-vi%c3%b0-strandfaraskipum-landsins-og-bygdalei%c3%b0um\\\/#article\",\"isPartOf\":{\"@id\":\"https:\\\/\\\/isf.fo\\\/itrottarfer%c3%b0ir-vi%c3%b0-strandfaraskipum-landsins-og-bygdalei%c3%b0um\\\/\"},\"author\":{\"name\":\"Petur Mitt\u00fan\",\"@id\":\"https:\\\/\\\/isf.fo\\\/#\\\/schema\\\/person\\\/78ac1b623dbf0ace868a5dbcdaed016d\"},\"headline\":\"\u00cdtr\u00f3ttarfer\u00f0ir vi\u00f0 Strandfaraskipum Landsins og Bygdalei\u00f0um\",\"datePublished\":\"2003-02-01T21:12:33+00:00\",\"mainEntityOfPage\":{\"@id\":\"https:\\\/\\\/isf.fo\\\/itrottarfer%c3%b0ir-vi%c3%b0-strandfaraskipum-landsins-og-bygdalei%c3%b0um\\\/\"},\"wordCount\":741,\"commentCount\":0,\"publisher\":{\"@id\":\"https:\\\/\\\/isf.fo\\\/#organization\"},\"articleSection\":[\"\u00cdSF\"],\"inLanguage\":\"en-US\"},{\"@type\":\"WebPage\",\"@id\":\"https:\\\/\\\/isf.fo\\\/itrottarfer%c3%b0ir-vi%c3%b0-strandfaraskipum-landsins-og-bygdalei%c3%b0um\\\/\",\"url\":\"https:\\\/\\\/isf.fo\\\/itrottarfer%c3%b0ir-vi%c3%b0-strandfaraskipum-landsins-og-bygdalei%c3%b0um\\\/\",\"name\":\"\u00cdtr\u00f3ttarfer\u00f0ir vi\u00f0 Strandfaraskipum Landsins og Bygdalei\u00f0um - \u00cdtr\u00f3ttasamband F\u00f8roya\",\"isPartOf\":{\"@id\":\"https:\\\/\\\/isf.fo\\\/#website\"},\"datePublished\":\"2003-02-01T21:12:33+00:00\",\"breadcrumb\":{\"@id\":\"https:\\\/\\\/isf.fo\\\/itrottarfer%c3%b0ir-vi%c3%b0-strandfaraskipum-landsins-og-bygdalei%c3%b0um\\\/#breadcrumb\"},\"inLanguage\":\"en-US\",\"potentialAction\":[{\"@type\":\"ReadAction\",\"target\":[\"https:\\\/\\\/isf.fo\\\/itrottarfer%c3%b0ir-vi%c3%b0-strandfaraskipum-landsins-og-bygdalei%c3%b0um\\\/\"]}]},{\"@type\":\"BreadcrumbList\",\"@id\":\"https:\\\/\\\/isf.fo\\\/itrottarfer%c3%b0ir-vi%c3%b0-strandfaraskipum-landsins-og-bygdalei%c3%b0um\\\/#breadcrumb\",\"itemListElement\":[{\"@type\":\"ListItem\",\"position\":1,\"name\":\"Home\",\"item\":\"https:\\\/\\\/isf.fo\\\/\"},{\"@type\":\"ListItem\",\"position\":2,\"name\":\"\u00cdtr\u00f3ttarfer\u00f0ir vi\u00f0 Strandfaraskipum Landsins og Bygdalei\u00f0um\"}]},{\"@type\":\"WebSite\",\"@id\":\"https:\\\/\\\/isf.fo\\\/#website\",\"url\":\"https:\\\/\\\/isf.fo\\\/\",\"name\":\"\u00cdtr\u00f3ttasamband F\u00f8roya\",\"description\":\"\",\"publisher\":{\"@id\":\"https:\\\/\\\/isf.fo\\\/#organization\"},\"potentialAction\":[{\"@type\":\"SearchAction\",\"target\":{\"@type\":\"EntryPoint\",\"urlTemplate\":\"https:\\\/\\\/isf.fo\\\/?s={search_term_string}\"},\"query-input\":{\"@type\":\"PropertyValueSpecification\",\"valueRequired\":true,\"valueName\":\"search_term_string\"}}],\"inLanguage\":\"en-US\"},{\"@type\":\"Organization\",\"@id\":\"https:\\\/\\\/isf.fo\\\/#organization\",\"name\":\"\u00cdtr\u00f3ttasamband F\u00f8roya\",\"url\":\"https:\\\/\\\/isf.fo\\\/\",\"logo\":{\"@type\":\"ImageObject\",\"inLanguage\":\"en-US\",\"@id\":\"https:\\\/\\\/isf.fo\\\/#\\\/schema\\\/logo\\\/image\\\/\",\"url\":\"https:\\\/\\\/isf.fo\\\/wp-content\\\/uploads\\\/2025\\\/06\\\/ISF_Olympic-Committee-logo.png\",\"contentUrl\":\"https:\\\/\\\/isf.fo\\\/wp-content\\\/uploads\\\/2025\\\/06\\\/ISF_Olympic-Committee-logo.png\",\"width\":618,\"height\":121,\"caption\":\"\u00cdtr\u00f3ttasamband F\u00f8roya\"},\"image\":{\"@id\":\"https:\\\/\\\/isf.fo\\\/#\\\/schema\\\/logo\\\/image\\\/\"},\"sameAs\":[\"https:\\\/\\\/www.facebook.com\\\/itrottasambandid\"]},{\"@type\":\"Person\",\"@id\":\"https:\\\/\\\/isf.fo\\\/#\\\/schema\\\/person\\\/78ac1b623dbf0ace868a5dbcdaed016d\",\"name\":\"Petur Mitt\u00fan\",\"image\":{\"@type\":\"ImageObject\",\"inLanguage\":\"en-US\",\"@id\":\"https:\\\/\\\/secure.gravatar.com\\\/avatar\\\/6f731b65ffaeb1029d9436acc96fc12c3cef9200131daa85ab7762529a25d1d2?s=96&d=mm&r=g\",\"url\":\"https:\\\/\\\/secure.gravatar.com\\\/avatar\\\/6f731b65ffaeb1029d9436acc96fc12c3cef9200131daa85ab7762529a25d1d2?s=96&d=mm&r=g\",\"contentUrl\":\"https:\\\/\\\/secure.gravatar.com\\\/avatar\\\/6f731b65ffaeb1029d9436acc96fc12c3cef9200131daa85ab7762529a25d1d2?s=96&d=mm&r=g\",\"caption\":\"Petur Mitt\u00fan\"},\"url\":\"https:\\\/\\\/isf.fo\\\/en\\\/author\\\/petur\\\/\"}]}<\/script>\n<!-- \/ Yoast SEO plugin. -->","yoast_head_json":{"title":"\u00cdtr\u00f3ttarfer\u00f0ir vi\u00f0 Strandfaraskipum Landsins og Bygdalei\u00f0um - \u00cdtr\u00f3ttasamband F\u00f8roya","robots":{"index":"index","follow":"follow","max-snippet":"max-snippet:-1","max-image-preview":"max-image-preview:large","max-video-preview":"max-video-preview:-1"},"canonical":"https:\/\/isf.fo\/en\/itrottarfer\u00f0ir-vi\u00f0-strandfaraskipum-landsins-og-bygdalei\u00f0um\/","og_locale":"en_US","og_type":"article","og_title":"\u00cdtr\u00f3ttarfer\u00f0ir vi\u00f0 Strandfaraskipum Landsins og Bygdalei\u00f0um - \u00cdtr\u00f3ttasamband F\u00f8roya","og_description":"Samb\u00e6rt avtalu millum Strandfaraskip Landsins og \u00cdtr\u00f3ttasamband F\u00f8roya ver\u00f0ur fr\u00e1 1. februar 2003 fari\u00f0 yvir til eina kortskipan til fer\u00f0ing [&hellip;]","og_url":"https:\/\/isf.fo\/en\/itrottarfer\u00f0ir-vi\u00f0-strandfaraskipum-landsins-og-bygdalei\u00f0um\/","og_site_name":"\u00cdtr\u00f3ttasamband F\u00f8roya","article_publisher":"https:\/\/www.facebook.com\/itrottasambandid","article_published_time":"2003-02-01T21:12:33+00:00","author":"Petur Mitt\u00fan","twitter_card":"summary_large_image","twitter_misc":{"Written by":"Petur Mitt\u00fan","Est. reading time":"4 minutes"},"schema":{"@context":"https:\/\/schema.org","@graph":[{"@type":"Article","@id":"https:\/\/isf.fo\/itrottarfer%c3%b0ir-vi%c3%b0-strandfaraskipum-landsins-og-bygdalei%c3%b0um\/#article","isPartOf":{"@id":"https:\/\/isf.fo\/itrottarfer%c3%b0ir-vi%c3%b0-strandfaraskipum-landsins-og-bygdalei%c3%b0um\/"},"author":{"name":"Petur Mitt\u00fan","@id":"https:\/\/isf.fo\/#\/schema\/person\/78ac1b623dbf0ace868a5dbcdaed016d"},"headline":"\u00cdtr\u00f3ttarfer\u00f0ir vi\u00f0 Strandfaraskipum Landsins og Bygdalei\u00f0um","datePublished":"2003-02-01T21:12:33+00:00","mainEntityOfPage":{"@id":"https:\/\/isf.fo\/itrottarfer%c3%b0ir-vi%c3%b0-strandfaraskipum-landsins-og-bygdalei%c3%b0um\/"},"wordCount":741,"commentCount":0,"publisher":{"@id":"https:\/\/isf.fo\/#organization"},"articleSection":["\u00cdSF"],"inLanguage":"en-US"},{"@type":"WebPage","@id":"https:\/\/isf.fo\/itrottarfer%c3%b0ir-vi%c3%b0-strandfaraskipum-landsins-og-bygdalei%c3%b0um\/","url":"https:\/\/isf.fo\/itrottarfer%c3%b0ir-vi%c3%b0-strandfaraskipum-landsins-og-bygdalei%c3%b0um\/","name":"\u00cdtr\u00f3ttarfer\u00f0ir vi\u00f0 Strandfaraskipum Landsins og Bygdalei\u00f0um - \u00cdtr\u00f3ttasamband F\u00f8roya","isPartOf":{"@id":"https:\/\/isf.fo\/#website"},"datePublished":"2003-02-01T21:12:33+00:00","breadcrumb":{"@id":"https:\/\/isf.fo\/itrottarfer%c3%b0ir-vi%c3%b0-strandfaraskipum-landsins-og-bygdalei%c3%b0um\/#breadcrumb"},"inLanguage":"en-US","potentialAction":[{"@type":"ReadAction","target":["https:\/\/isf.fo\/itrottarfer%c3%b0ir-vi%c3%b0-strandfaraskipum-landsins-og-bygdalei%c3%b0um\/"]}]},{"@type":"BreadcrumbList","@id":"https:\/\/isf.fo\/itrottarfer%c3%b0ir-vi%c3%b0-strandfaraskipum-landsins-og-bygdalei%c3%b0um\/#breadcrumb","itemListElement":[{"@type":"ListItem","position":1,"name":"Home","item":"https:\/\/isf.fo\/"},{"@type":"ListItem","position":2,"name":"\u00cdtr\u00f3ttarfer\u00f0ir vi\u00f0 Strandfaraskipum Landsins og Bygdalei\u00f0um"}]},{"@type":"WebSite","@id":"https:\/\/isf.fo\/#website","url":"https:\/\/isf.fo\/","name":"\u00cdtr\u00f3ttasamband F\u00f8roya","description":"","publisher":{"@id":"https:\/\/isf.fo\/#organization"},"potentialAction":[{"@type":"SearchAction","target":{"@type":"EntryPoint","urlTemplate":"https:\/\/isf.fo\/?s={search_term_string}"},"query-input":{"@type":"PropertyValueSpecification","valueRequired":true,"valueName":"search_term_string"}}],"inLanguage":"en-US"},{"@type":"Organization","@id":"https:\/\/isf.fo\/#organization","name":"\u00cdtr\u00f3ttasamband F\u00f8roya","url":"https:\/\/isf.fo\/","logo":{"@type":"ImageObject","inLanguage":"en-US","@id":"https:\/\/isf.fo\/#\/schema\/logo\/image\/","url":"https:\/\/isf.fo\/wp-content\/uploads\/2025\/06\/ISF_Olympic-Committee-logo.png","contentUrl":"https:\/\/isf.fo\/wp-content\/uploads\/2025\/06\/ISF_Olympic-Committee-logo.png","width":618,"height":121,"caption":"\u00cdtr\u00f3ttasamband F\u00f8roya"},"image":{"@id":"https:\/\/isf.fo\/#\/schema\/logo\/image\/"},"sameAs":["https:\/\/www.facebook.com\/itrottasambandid"]},{"@type":"Person","@id":"https:\/\/isf.fo\/#\/schema\/person\/78ac1b623dbf0ace868a5dbcdaed016d","name":"Petur Mitt\u00fan","image":{"@type":"ImageObject","inLanguage":"en-US","@id":"https:\/\/secure.gravatar.com\/avatar\/6f731b65ffaeb1029d9436acc96fc12c3cef9200131daa85ab7762529a25d1d2?s=96&d=mm&r=g","url":"https:\/\/secure.gravatar.com\/avatar\/6f731b65ffaeb1029d9436acc96fc12c3cef9200131daa85ab7762529a25d1d2?s=96&d=mm&r=g","contentUrl":"https:\/\/secure.gravatar.com\/avatar\/6f731b65ffaeb1029d9436acc96fc12c3cef9200131daa85ab7762529a25d1d2?s=96&d=mm&r=g","caption":"Petur Mitt\u00fan"},"url":"https:\/\/isf.fo\/en\/author\/petur\/"}]}},"_links":{"self":[{"href":"https:\/\/isf.fo\/en\/wp-json\/wp\/v2\/posts\/271","targetHints":{"allow":["GET"]}}],"collection":[{"href":"https:\/\/isf.fo\/en\/wp-json\/wp\/v2\/posts"}],"about":[{"href":"https:\/\/isf.fo\/en\/wp-json\/wp\/v2\/types\/post"}],"author":[{"embeddable":true,"href":"https:\/\/isf.fo\/en\/wp-json\/wp\/v2\/users\/6"}],"replies":[{"embeddable":true,"href":"https:\/\/isf.fo\/en\/wp-json\/wp\/v2\/comments?post=271"}],"version-history":[{"count":0,"href":"https:\/\/isf.fo\/en\/wp-json\/wp\/v2\/posts\/271\/revisions"}],"wp:attachment":[{"href":"https:\/\/isf.fo\/en\/wp-json\/wp\/v2\/media?parent=271"}],"wp:term":[{"taxonomy":"category","embeddable":true,"href":"https:\/\/isf.fo\/en\/wp-json\/wp\/v2\/categories?post=271"},{"taxonomy":"post_tag","embeddable":true,"href":"https:\/\/isf.fo\/en\/wp-json\/wp\/v2\/tags?post=271"}],"curies":[{"name":"wp","href":"https:\/\/api.w.org\/{rel}","templated":true}]}}