{"id":274,"date":"2003-04-20T22:18:02","date_gmt":"2003-04-20T21:18:02","guid":{"rendered":"http:\/\/www.solvihansen.com\/isf\/?p=105"},"modified":"2003-04-20T22:18:02","modified_gmt":"2003-04-20T21:18:02","slug":"ein-virkin-itrottarma%c3%b0ur-farin","status":"publish","type":"post","link":"https:\/\/isf.fo\/en\/ein-virkin-itrottarma%c3%b0ur-farin\/","title":{"rendered":"Ein virkin \u00edtr\u00f3ttarma\u00f0ur farin"},"content":{"rendered":"<p>Sunnudagin 13. apr\u00edl 2003 anda\u00f0ist Robert Brockie,\u00a0<br \/>\nmillum manna nevndur Bobby.<\/p>\n<p>Bobby var\u00f0 f\u00f8ddur \u00ed Edinburgh tann 12.09.1926. Familjan flutti til F\u00f8royar \u00ed 1933, og vaks Bobby upp her \u00ed Havn. Komin til mans f\u00f3r hann at starvast \u00ed fyrit\u00f8kuni hj\u00e1 Charles Mauritsen, har p\u00e1pi hansara var lei\u00f0ari. \u00cd 1974 yvirt\u00f3k familjan Brockie fyrit\u00f8kuna og rekur hana enn \u00ed dag.<\/p>\n<p>Bobby hev\u00f0i alt\u00ed\u00f0 st\u00f3ran \u00e1huga fyri \u00edtr\u00f3tti, og hv\u00f8r minnist ikki Bobby \u00far svimjihylinum.<\/p>\n<p>Havnar Svimjifelag l\u00e1 stilt \u00ed n\u00f3gv \u00e1r, millum anna\u00f0 t\u00ed ongin svimjihylur var t\u00e1 \u00ed Havnini.<br \/>\n\u00cd 1959 kom so n\u00fdggjur uttandura svimjihylur \u00ed Gundadali, har Badmintonh\u00f8llin \u00ed dag stendur. Hetta kveikti l\u00edv \u00ed aftur svimjingina, og var Bobby ein av teimum, sum endurstovna\u00f0u Havnar Svimjifelag. Hann var nevndarlimur har fr\u00e1 1959 &#8211; 60 og forma\u00f0ur \u00ed felagnum fr\u00e1 1960 til 1972.<br \/>\nBobby var hei\u00f0urslimur \u00ed Havnar Svimjifelag.<\/p>\n<p>Hann var ein sera g\u00f3\u00f0ur svimjari, og \u00ed s\u00edni t\u00ed\u00f0 \u00ed Havnar Svimjufelag gj\u00f8rdi hann eitt sera st\u00f3rt arbei\u00f0 at l\u00e6ra b\u00f8rn og ungd\u00f3mar \u00ed Havn at svimja. Hann var \u00ed svimjihylinum kv\u00f8ld eftir kv\u00f8ld, har hann \u00f3troyttiliga vandi ungar svimjarar vi\u00f0 g\u00f3\u00f0um \u00farsliti. Nevnast kann, at \u00ed 1964 f\u00f3ru f\u00f8royskir svimjarar uttanlands at kappast \u00e1 fyrsta sinni. Hetta var elituli\u00f0i\u00f0 hj\u00e1 Havnar Svimjifelag vi\u00f0 Bobby sum lei\u00f0ara.<\/p>\n<p>Hesir elitusvimjarar og \u00f8ll onnur svimji\u00e1huga\u00f0 hava n\u00f3gv gott at minnast aftur\u00e1 og takka Bobby fyri tann stu\u00f0ul, sum hann veitti teimum.<\/p>\n<p>Bobby var ungur \u00ed sinni og dugdi so sera v\u00e6l at umgangast f\u00f3lk. Sj\u00e1lvur havi eg havt ta gle\u00f0i at arbeitt saman vi\u00f0 Bobby innan \u00edtr\u00f3ttin. Vit v\u00f3ru saman til tilt\u00f8k \u00ed svimjihylinum. Minnist, hvussu gla\u00f0ur hann var, t\u00e1 i\u00f0 n\u00fdggja svimmjih\u00f8llin bleiv tikin \u00ed br\u00fak. N\u00fa hev\u00f0i svimji\u00edtr\u00f3tturin \u00ed Havn endiliga fingi\u00f0 g\u00f3\u00f0ar karmar at virka \u00ed, seg\u00f0i hann.<\/p>\n<p>Bobby var nevndarlimur \u00ed T\u00f3rshavnar \u00cdtr\u00f3ttarr\u00e1\u00f0 fr\u00e1 1966 til 1979. Har s\u00f3tu vit saman \u00ed nevnd n\u00f8kur \u00e1r. Bobby var alt\u00ed\u00f0 g\u00f3\u00f0ur \u00ed r\u00e1\u00f0um, serliga t\u00e1 talan var um at skaffa \u00edtr\u00f3ttinum pening. Millum anna\u00f0 var t\u00e1 avgj\u00f8rt at hava Tivoli \u00e1 \u00d3lavs\u00f8ku. Hetta tiltak er enn og hevur upp \u00ed gj\u00f8gnum \u00e1rini givi\u00f0 \u00edtr\u00f3ttinum n\u00f3gvan pening.<\/p>\n<p>Bobby kom \u00ed stj\u00f3rnina hj\u00e1 \u00cdtr\u00f3ttarsambandi F\u00f8roya, og sat hann sum stj\u00f3rnarlimur fr\u00e1 1973 til 1977. Hann var forma\u00f0ur \u00ed svimjideildini og skipa\u00f0i fyri kappingum av ymiskum slag. \u00cdtr\u00f3ttasamband F\u00f8roya hev\u00f0i \u00f8ll \u00e1rini sera gott samstarv vi\u00f0 Bobby. Serliga ta t\u00ed\u00f0ina, t\u00e1 arbeitt var vi\u00f0 avgerandi broytingum \u00ed bygna\u00f0inum, har deildir v\u00f3ru lagdar saman til sersambond, var Bobby g\u00f3\u00f0ur \u00ed r\u00e1\u00f0um.<\/p>\n<p>Til ta\u00f0 s\u00ed\u00f0sta var Bobby \u00edtr\u00f3ttavinur burturav, og n\u00fa hann er farin, hava vit mist ein g\u00f3\u00f0an \u00edtr\u00f3ttarmann og vin. Hann gj\u00f8rdi eitt st\u00f3rt arbei\u00f0i innan f\u00f8royskan \u00edtr\u00f3tt, og minnast vit hann vi\u00f0 vir\u00f0ing og takksemi.<\/p>\n<p>\u00cd dj\u00fapari samkenslu vi\u00f0 familjuni, l\u00fdsa vit fri\u00f0 yvir minni\u00f0 um Robert Brockie.<\/p>\n<p>\u00cdtr\u00f3ttarsamband F\u00f8roya<br \/>\nHe\u00f0in Mortensen, forseti<\/p>","protected":false},"excerpt":{"rendered":"<p>Sunnudagin 13. apr\u00edl 2003 anda\u00f0ist Robert Brockie,\u00a0 millum manna nevndur Bobby. Bobby var\u00f0 f\u00f8ddur \u00ed Edinburgh tann 12.09.1926. Familjan flutti [&hellip;]<\/p>\n","protected":false},"author":6,"featured_media":0,"comment_status":"open","ping_status":"open","sticky":false,"template":"","format":"standard","meta":{"_acf_changed":false,"_relevanssi_hide_post":"","_relevanssi_hide_content":"","_relevanssi_pin_for_all":"","_relevanssi_pin_keywords":"","_relevanssi_unpin_keywords":"","_relevanssi_related_keywords":"","_relevanssi_related_include_ids":"","_relevanssi_related_exclude_ids":"","_relevanssi_related_no_append":"","_relevanssi_related_not_related":"","_relevanssi_related_posts":"","_relevanssi_noindex_reason":"","inline_featured_image":false,"footnotes":""},"categories":[2],"tags":[],"class_list":["post-274","post","type-post","status-publish","format-standard","hentry","category-isf"],"acf":[],"yoast_head":"<!-- This site is optimized with the Yoast SEO plugin v27.5 - https:\/\/yoast.com\/product\/yoast-seo-wordpress\/ -->\n<title>Ein virkin \u00edtr\u00f3ttarma\u00f0ur farin - \u00cdtr\u00f3ttasamband F\u00f8roya<\/title>\n<meta name=\"robots\" content=\"index, follow, max-snippet:-1, max-image-preview:large, max-video-preview:-1\" \/>\n<link rel=\"canonical\" href=\"https:\/\/isf.fo\/en\/ein-virkin-itrottarma\u00f0ur-farin\/\" \/>\n<meta property=\"og:locale\" content=\"en_US\" \/>\n<meta property=\"og:type\" content=\"article\" \/>\n<meta property=\"og:title\" content=\"Ein virkin \u00edtr\u00f3ttarma\u00f0ur farin - \u00cdtr\u00f3ttasamband F\u00f8roya\" \/>\n<meta property=\"og:description\" content=\"Sunnudagin 13. apr\u00edl 2003 anda\u00f0ist Robert Brockie,\u00a0 millum manna nevndur Bobby. Bobby var\u00f0 f\u00f8ddur \u00ed Edinburgh tann 12.09.1926. Familjan flutti [&hellip;]\" \/>\n<meta property=\"og:url\" content=\"https:\/\/isf.fo\/en\/ein-virkin-itrottarma\u00f0ur-farin\/\" \/>\n<meta property=\"og:site_name\" content=\"\u00cdtr\u00f3ttasamband F\u00f8roya\" \/>\n<meta property=\"article:publisher\" content=\"https:\/\/www.facebook.com\/itrottasambandid\" \/>\n<meta property=\"article:published_time\" content=\"2003-04-20T21:18:02+00:00\" \/>\n<meta name=\"author\" content=\"Petur Mitt\u00fan\" \/>\n<meta name=\"twitter:card\" content=\"summary_large_image\" \/>\n<meta name=\"twitter:label1\" content=\"Written by\" \/>\n\t<meta name=\"twitter:data1\" content=\"Petur Mitt\u00fan\" \/>\n\t<meta name=\"twitter:label2\" content=\"Est. reading time\" \/>\n\t<meta name=\"twitter:data2\" content=\"3 minutes\" \/>\n<script type=\"application\/ld+json\" class=\"yoast-schema-graph\">{\"@context\":\"https:\\\/\\\/schema.org\",\"@graph\":[{\"@type\":\"Article\",\"@id\":\"https:\\\/\\\/isf.fo\\\/ein-virkin-itrottarma%c3%b0ur-farin\\\/#article\",\"isPartOf\":{\"@id\":\"https:\\\/\\\/isf.fo\\\/ein-virkin-itrottarma%c3%b0ur-farin\\\/\"},\"author\":{\"name\":\"Petur Mitt\u00fan\",\"@id\":\"https:\\\/\\\/isf.fo\\\/#\\\/schema\\\/person\\\/78ac1b623dbf0ace868a5dbcdaed016d\"},\"headline\":\"Ein virkin \u00edtr\u00f3ttarma\u00f0ur farin\",\"datePublished\":\"2003-04-20T21:18:02+00:00\",\"mainEntityOfPage\":{\"@id\":\"https:\\\/\\\/isf.fo\\\/ein-virkin-itrottarma%c3%b0ur-farin\\\/\"},\"wordCount\":515,\"commentCount\":0,\"publisher\":{\"@id\":\"https:\\\/\\\/isf.fo\\\/#organization\"},\"articleSection\":[\"\u00cdSF\"],\"inLanguage\":\"en-US\"},{\"@type\":\"WebPage\",\"@id\":\"https:\\\/\\\/isf.fo\\\/ein-virkin-itrottarma%c3%b0ur-farin\\\/\",\"url\":\"https:\\\/\\\/isf.fo\\\/ein-virkin-itrottarma%c3%b0ur-farin\\\/\",\"name\":\"Ein virkin \u00edtr\u00f3ttarma\u00f0ur farin - \u00cdtr\u00f3ttasamband F\u00f8roya\",\"isPartOf\":{\"@id\":\"https:\\\/\\\/isf.fo\\\/#website\"},\"datePublished\":\"2003-04-20T21:18:02+00:00\",\"breadcrumb\":{\"@id\":\"https:\\\/\\\/isf.fo\\\/ein-virkin-itrottarma%c3%b0ur-farin\\\/#breadcrumb\"},\"inLanguage\":\"en-US\",\"potentialAction\":[{\"@type\":\"ReadAction\",\"target\":[\"https:\\\/\\\/isf.fo\\\/ein-virkin-itrottarma%c3%b0ur-farin\\\/\"]}]},{\"@type\":\"BreadcrumbList\",\"@id\":\"https:\\\/\\\/isf.fo\\\/ein-virkin-itrottarma%c3%b0ur-farin\\\/#breadcrumb\",\"itemListElement\":[{\"@type\":\"ListItem\",\"position\":1,\"name\":\"Home\",\"item\":\"https:\\\/\\\/isf.fo\\\/\"},{\"@type\":\"ListItem\",\"position\":2,\"name\":\"Ein virkin \u00edtr\u00f3ttarma\u00f0ur farin\"}]},{\"@type\":\"WebSite\",\"@id\":\"https:\\\/\\\/isf.fo\\\/#website\",\"url\":\"https:\\\/\\\/isf.fo\\\/\",\"name\":\"\u00cdtr\u00f3ttasamband F\u00f8roya\",\"description\":\"\",\"publisher\":{\"@id\":\"https:\\\/\\\/isf.fo\\\/#organization\"},\"potentialAction\":[{\"@type\":\"SearchAction\",\"target\":{\"@type\":\"EntryPoint\",\"urlTemplate\":\"https:\\\/\\\/isf.fo\\\/?s={search_term_string}\"},\"query-input\":{\"@type\":\"PropertyValueSpecification\",\"valueRequired\":true,\"valueName\":\"search_term_string\"}}],\"inLanguage\":\"en-US\"},{\"@type\":\"Organization\",\"@id\":\"https:\\\/\\\/isf.fo\\\/#organization\",\"name\":\"\u00cdtr\u00f3ttasamband F\u00f8roya\",\"url\":\"https:\\\/\\\/isf.fo\\\/\",\"logo\":{\"@type\":\"ImageObject\",\"inLanguage\":\"en-US\",\"@id\":\"https:\\\/\\\/isf.fo\\\/#\\\/schema\\\/logo\\\/image\\\/\",\"url\":\"https:\\\/\\\/isf.fo\\\/wp-content\\\/uploads\\\/2025\\\/06\\\/ISF_Olympic-Committee-logo.png\",\"contentUrl\":\"https:\\\/\\\/isf.fo\\\/wp-content\\\/uploads\\\/2025\\\/06\\\/ISF_Olympic-Committee-logo.png\",\"width\":618,\"height\":121,\"caption\":\"\u00cdtr\u00f3ttasamband F\u00f8roya\"},\"image\":{\"@id\":\"https:\\\/\\\/isf.fo\\\/#\\\/schema\\\/logo\\\/image\\\/\"},\"sameAs\":[\"https:\\\/\\\/www.facebook.com\\\/itrottasambandid\"]},{\"@type\":\"Person\",\"@id\":\"https:\\\/\\\/isf.fo\\\/#\\\/schema\\\/person\\\/78ac1b623dbf0ace868a5dbcdaed016d\",\"name\":\"Petur Mitt\u00fan\",\"image\":{\"@type\":\"ImageObject\",\"inLanguage\":\"en-US\",\"@id\":\"https:\\\/\\\/secure.gravatar.com\\\/avatar\\\/6f731b65ffaeb1029d9436acc96fc12c3cef9200131daa85ab7762529a25d1d2?s=96&d=mm&r=g\",\"url\":\"https:\\\/\\\/secure.gravatar.com\\\/avatar\\\/6f731b65ffaeb1029d9436acc96fc12c3cef9200131daa85ab7762529a25d1d2?s=96&d=mm&r=g\",\"contentUrl\":\"https:\\\/\\\/secure.gravatar.com\\\/avatar\\\/6f731b65ffaeb1029d9436acc96fc12c3cef9200131daa85ab7762529a25d1d2?s=96&d=mm&r=g\",\"caption\":\"Petur Mitt\u00fan\"},\"url\":\"https:\\\/\\\/isf.fo\\\/en\\\/author\\\/petur\\\/\"}]}<\/script>\n<!-- \/ Yoast SEO plugin. -->","yoast_head_json":{"title":"Ein virkin \u00edtr\u00f3ttarma\u00f0ur farin - \u00cdtr\u00f3ttasamband F\u00f8roya","robots":{"index":"index","follow":"follow","max-snippet":"max-snippet:-1","max-image-preview":"max-image-preview:large","max-video-preview":"max-video-preview:-1"},"canonical":"https:\/\/isf.fo\/en\/ein-virkin-itrottarma\u00f0ur-farin\/","og_locale":"en_US","og_type":"article","og_title":"Ein virkin \u00edtr\u00f3ttarma\u00f0ur farin - \u00cdtr\u00f3ttasamband F\u00f8roya","og_description":"Sunnudagin 13. apr\u00edl 2003 anda\u00f0ist Robert Brockie,\u00a0 millum manna nevndur Bobby. Bobby var\u00f0 f\u00f8ddur \u00ed Edinburgh tann 12.09.1926. Familjan flutti [&hellip;]","og_url":"https:\/\/isf.fo\/en\/ein-virkin-itrottarma\u00f0ur-farin\/","og_site_name":"\u00cdtr\u00f3ttasamband F\u00f8roya","article_publisher":"https:\/\/www.facebook.com\/itrottasambandid","article_published_time":"2003-04-20T21:18:02+00:00","author":"Petur Mitt\u00fan","twitter_card":"summary_large_image","twitter_misc":{"Written by":"Petur Mitt\u00fan","Est. reading time":"3 minutes"},"schema":{"@context":"https:\/\/schema.org","@graph":[{"@type":"Article","@id":"https:\/\/isf.fo\/ein-virkin-itrottarma%c3%b0ur-farin\/#article","isPartOf":{"@id":"https:\/\/isf.fo\/ein-virkin-itrottarma%c3%b0ur-farin\/"},"author":{"name":"Petur Mitt\u00fan","@id":"https:\/\/isf.fo\/#\/schema\/person\/78ac1b623dbf0ace868a5dbcdaed016d"},"headline":"Ein virkin \u00edtr\u00f3ttarma\u00f0ur farin","datePublished":"2003-04-20T21:18:02+00:00","mainEntityOfPage":{"@id":"https:\/\/isf.fo\/ein-virkin-itrottarma%c3%b0ur-farin\/"},"wordCount":515,"commentCount":0,"publisher":{"@id":"https:\/\/isf.fo\/#organization"},"articleSection":["\u00cdSF"],"inLanguage":"en-US"},{"@type":"WebPage","@id":"https:\/\/isf.fo\/ein-virkin-itrottarma%c3%b0ur-farin\/","url":"https:\/\/isf.fo\/ein-virkin-itrottarma%c3%b0ur-farin\/","name":"Ein virkin \u00edtr\u00f3ttarma\u00f0ur farin - \u00cdtr\u00f3ttasamband F\u00f8roya","isPartOf":{"@id":"https:\/\/isf.fo\/#website"},"datePublished":"2003-04-20T21:18:02+00:00","breadcrumb":{"@id":"https:\/\/isf.fo\/ein-virkin-itrottarma%c3%b0ur-farin\/#breadcrumb"},"inLanguage":"en-US","potentialAction":[{"@type":"ReadAction","target":["https:\/\/isf.fo\/ein-virkin-itrottarma%c3%b0ur-farin\/"]}]},{"@type":"BreadcrumbList","@id":"https:\/\/isf.fo\/ein-virkin-itrottarma%c3%b0ur-farin\/#breadcrumb","itemListElement":[{"@type":"ListItem","position":1,"name":"Home","item":"https:\/\/isf.fo\/"},{"@type":"ListItem","position":2,"name":"Ein virkin \u00edtr\u00f3ttarma\u00f0ur farin"}]},{"@type":"WebSite","@id":"https:\/\/isf.fo\/#website","url":"https:\/\/isf.fo\/","name":"\u00cdtr\u00f3ttasamband F\u00f8roya","description":"","publisher":{"@id":"https:\/\/isf.fo\/#organization"},"potentialAction":[{"@type":"SearchAction","target":{"@type":"EntryPoint","urlTemplate":"https:\/\/isf.fo\/?s={search_term_string}"},"query-input":{"@type":"PropertyValueSpecification","valueRequired":true,"valueName":"search_term_string"}}],"inLanguage":"en-US"},{"@type":"Organization","@id":"https:\/\/isf.fo\/#organization","name":"\u00cdtr\u00f3ttasamband F\u00f8roya","url":"https:\/\/isf.fo\/","logo":{"@type":"ImageObject","inLanguage":"en-US","@id":"https:\/\/isf.fo\/#\/schema\/logo\/image\/","url":"https:\/\/isf.fo\/wp-content\/uploads\/2025\/06\/ISF_Olympic-Committee-logo.png","contentUrl":"https:\/\/isf.fo\/wp-content\/uploads\/2025\/06\/ISF_Olympic-Committee-logo.png","width":618,"height":121,"caption":"\u00cdtr\u00f3ttasamband F\u00f8roya"},"image":{"@id":"https:\/\/isf.fo\/#\/schema\/logo\/image\/"},"sameAs":["https:\/\/www.facebook.com\/itrottasambandid"]},{"@type":"Person","@id":"https:\/\/isf.fo\/#\/schema\/person\/78ac1b623dbf0ace868a5dbcdaed016d","name":"Petur Mitt\u00fan","image":{"@type":"ImageObject","inLanguage":"en-US","@id":"https:\/\/secure.gravatar.com\/avatar\/6f731b65ffaeb1029d9436acc96fc12c3cef9200131daa85ab7762529a25d1d2?s=96&d=mm&r=g","url":"https:\/\/secure.gravatar.com\/avatar\/6f731b65ffaeb1029d9436acc96fc12c3cef9200131daa85ab7762529a25d1d2?s=96&d=mm&r=g","contentUrl":"https:\/\/secure.gravatar.com\/avatar\/6f731b65ffaeb1029d9436acc96fc12c3cef9200131daa85ab7762529a25d1d2?s=96&d=mm&r=g","caption":"Petur Mitt\u00fan"},"url":"https:\/\/isf.fo\/en\/author\/petur\/"}]}},"_links":{"self":[{"href":"https:\/\/isf.fo\/en\/wp-json\/wp\/v2\/posts\/274","targetHints":{"allow":["GET"]}}],"collection":[{"href":"https:\/\/isf.fo\/en\/wp-json\/wp\/v2\/posts"}],"about":[{"href":"https:\/\/isf.fo\/en\/wp-json\/wp\/v2\/types\/post"}],"author":[{"embeddable":true,"href":"https:\/\/isf.fo\/en\/wp-json\/wp\/v2\/users\/6"}],"replies":[{"embeddable":true,"href":"https:\/\/isf.fo\/en\/wp-json\/wp\/v2\/comments?post=274"}],"version-history":[{"count":0,"href":"https:\/\/isf.fo\/en\/wp-json\/wp\/v2\/posts\/274\/revisions"}],"wp:attachment":[{"href":"https:\/\/isf.fo\/en\/wp-json\/wp\/v2\/media?parent=274"}],"wp:term":[{"taxonomy":"category","embeddable":true,"href":"https:\/\/isf.fo\/en\/wp-json\/wp\/v2\/categories?post=274"},{"taxonomy":"post_tag","embeddable":true,"href":"https:\/\/isf.fo\/en\/wp-json\/wp\/v2\/tags?post=274"}],"curies":[{"name":"wp","href":"https:\/\/api.w.org\/{rel}","templated":true}]}}