{"id":291,"date":"2004-03-19T23:44:23","date_gmt":"2004-03-19T22:44:23","guid":{"rendered":"http:\/\/www.solvihansen.com\/isf\/?p=137"},"modified":"2004-03-19T23:44:23","modified_gmt":"2004-03-19T22:44:23","slug":"ti%c3%b0indaskriv-um-utlendingar-i-f%c3%b8royskum-itrotti","status":"publish","type":"post","link":"https:\/\/isf.fo\/en\/ti%c3%b0indaskriv-um-utlendingar-i-f%c3%b8royskum-itrotti\/","title":{"rendered":"T\u00ed\u00f0indaskriv um \u00fatlendingar \u00ed f\u00f8royskum \u00edtr\u00f3tti"},"content":{"rendered":"<p class=\"head\">\u00cdtr\u00f3ttasamband F\u00f8roya hevur havt tveir fundir vi\u00f0 Landsst\u00fdrismannin \u00ed Innlendism\u00e1lum og ein vi\u00f0 Landsst\u00fdrismannin \u00ed Mentam\u00e1lum um \u00fatlendingar \u00ed f\u00f8royskum \u00edtr\u00f3tti.<\/p>\n<p>Lansst\u00fdrisma\u00f0urin \u00ed Innlendism\u00e1lum hevur bo\u00f0a\u00f0 fr\u00e1, at hann vil her\u00f0a reglurnar fyri uppihaldsloyvi til \u00fatlendsk \u00edtr\u00f3ttarf\u00f3lk. Frammyvir ver\u00f0a uppihaldsloyvi bert givin, um \u00edtr\u00f3ttarfel\u00f8gini eru arbei\u00f0sgevarar hj\u00e1 \u00fatlendsku \u00edtr\u00f3ttarf\u00f3lkunum. Ta\u00f0 vil vi\u00f0 \u00f8\u00f0rum or\u00f0um siga, at kravi\u00f0 fr\u00e1 landsst\u00fdrismanninum hevur vi\u00f0 s\u00e6r, at f\u00f3tb\u00f3lts-, hondb\u00f3lts- og flogb\u00f3ltsfel\u00f8gini mugu seta yrkisleikarar \u00ed starv.<\/p>\n<p>\u00cdtr\u00f3ttarr\u00f8rslan ver\u00f0ur rikin \u00e1 sj\u00e1lvbodnum grundarlagi. Fel\u00f8gini kring landi\u00f0 hava hv\u00f8rki f\u00edggjarliga ella fyristingarliga orku til at hava yrkisleikarar.<\/p>\n<p>Ta\u00f0 hevur veri\u00f0 vanligt, at fyrit\u00f8kur, um t\u00e6r hava hug, stu\u00f0la lokala \u00edtr\u00f3ttarfelagnum vi\u00f0 at seta \u00fatlendsk \u00edtr\u00f3ttaf\u00f3lk \u00ed part- ella fullt\u00ed\u00f0ar starv. Ta\u00f0 tykist l\u00f8gi\u00f0, at hesin r\u00e6ttur ver\u00f0ur skerdur.<\/p>\n<p>Flest \u00f8llum kunnugt ger \u00edtr\u00f3ttarr\u00f8rslan vi\u00f0 s\u00ednum 15.000 limum \u00ed 110 fel\u00f8gum kring landi\u00f0 eitt st\u00f3rt sj\u00e1lvbo\u00f0i\u00f0 arbei\u00f0i. Ta\u00f0 er t\u00ed \u00f3skiljandi, at Landsst\u00fdri\u00f0 uttan grund vil gera eitt inntriv, i\u00f0 hevur so \u00e1lvarsligar fylgjur fyri \u00edtr\u00f3ttin.<\/p>\n<p>Fylgjurnar s\u00edggjast longu n\u00fa: fel\u00f8g taka li\u00f0 \u00far kappingum og mugu snara lykilin um, t\u00ed avtalur eru gj\u00f8rdar vi\u00f0 leikarar, i\u00f0 n\u00fa ikki f\u00e1a uppihaldsloyvi. Upp\u00e1 longri sikt ver\u00f0a fylgjurnar v\u00e6ntandi, at tann f\u00f8rleikamenningin, i\u00f0 hevur veri\u00f0 innan \u00edtr\u00f3tt og venjing f\u00e6r eitt \u00e1lvarsamt bakkast. \u00datja\u00f0arin ver\u00f0ur serliga hart raktur.<\/p>\n<p>Hetta s\u00e6r \u00fat til at vera ein kostna\u00f0ur, sum Landsst\u00fdri\u00f0 metir ta\u00f0 vera vert at gjalda, fyri at f\u00e1a \u00fatlendingarnar \u00fat.<\/p>\n<p>\u00cdtr\u00f3ttasamband F\u00f8roya hevur sta\u00f0iliga heitt \u00e1 landsst\u00fdrismannin \u00ed Innlendism\u00e1lum at gera eina kanning, \u00e1\u00f0renn reglurnar ver\u00f0a herdar.<\/p>\n<p>Ta\u00f0 sn\u00fdr seg ikki bert um samfelagsb\u00faskap. Ta\u00f0 er eisini eitt mentunarligt roknistykki. Hv\u00f8nn \u00edtr\u00f3ttarligan og mentunarligan t\u00fddning hava \u00fatlendsku \u00edtr\u00f3ttarf\u00f3lkini fyri lokalumhv\u00f8rvi\u00f0?<\/p>\n<p>Einki av hesum er l\u00fdst. \u00cdtr\u00f3ttasamband F\u00f8roya hevur ikki s\u00e6\u00f0 n\u00f8kur undirbygd sj\u00f3narmi\u00f0 fyri, hv\u00ed ta\u00f0 skal gerast truplari hj\u00e1 \u00fatlendskum \u00edtr\u00f3ttarf\u00f3lkum at sleppa inn \u00ed landi\u00f0 beint n\u00fa.<\/p>\n<p>Vit meta, at ta\u00f0 er ein \u00f3fr\u00e1v\u00edkilig og grundleggjandi mannagongd, at kanningar ver\u00f0a gj\u00f8rdar, \u00e1\u00f0renn inntriv ver\u00f0a gj\u00f8rd. Fyri okkum er hetta vanligt vit og skil.<\/p>\n<p>Landsst\u00fdri\u00f0 hevur vi\u00f0 hesum inntrivinum beinlei\u00f0is lagt seg \u00fat \u00ed vi\u00f0urskiftini hj\u00e1 sj\u00e1lvbodnu \u00edtr\u00f3ttarfel\u00f8gunum. \u00cd n\u00f3gvum bygdum er \u00edtr\u00f3ttarfelagi\u00f0 savnandi mi\u00f0depilin \u00ed mentunarl\u00edvinum fyri ung sum eldri. Vi\u00f0 s\u00ednum virksemi r\u00f8kja \u00edtr\u00f3ttarfel\u00f8gini \u00ed dag sj\u00e1lvbo\u00f0i\u00f0 n\u00f3gvar uppg\u00e1vur, i\u00f0 ta\u00f0 almenna annars m\u00e1tti r\u00f8kt, t.d. \u00e1 f\u00f3lkaheilsu\u00f8kinum og innan fr\u00edt\u00ed\u00f0artilbo\u00f0.<\/p>\n<p>\u00cdtr\u00f3ttarr\u00f8rslan er sj\u00e1lvbo\u00f0in, og vit hava ongar m\u00f8guleikar at v\u00edsa okkara misn\u00f8gd. Um ta\u00f0 ikki er liviligt \u00ed felagnum, f\u00e6kkast sj\u00e1lvbodnu kreftirnar, og felagi\u00f0 doyr.<\/p>\n<p>\u00cdtr\u00f3ttasamband F\u00f8roya kann \u00e1 ongan h\u00e1tt g\u00f3\u00f0taka, at umst\u00f8\u00f0urnar hj\u00e1 fel\u00f8gum kring landi\u00f0 gerast truplari. T\u00ed er kravi\u00f0 fr\u00e1 \u00cdtr\u00f3ttarsambandi F\u00f8roya, at ein serskipan ver\u00f0ur gj\u00f8rd fyri \u00edtr\u00f3ttin, i\u00f0 ger ta\u00f0 einfaldari og skj\u00f3tari at f\u00e1a \u00fatlendskan styrk, um t\u00f8rvur er \u00e1 t\u00ed.<\/p>\n<p>\u00datfr\u00e1 hesum m\u00e1linum m\u00e1 spurnartekin setast vi\u00f0, um \u00edtr\u00f3tturin eigur nakran g\u00f3\u00f0an \u00ed Landsst\u00fdrinum, i\u00f0 hevur dirvi\u00f0 at tosa s\u00f8kina hj\u00e1 \u00edtr\u00f3ttinum.<\/p>\n<p><strong>\u00cdtr\u00f3ttasamband F\u00f8roya<\/strong><\/p>","protected":false},"excerpt":{"rendered":"<p>\u00cdtr\u00f3ttasamband F\u00f8roya hevur havt tveir fundir vi\u00f0 Landsst\u00fdrismannin \u00ed Innlendism\u00e1lum og ein vi\u00f0 Landsst\u00fdrismannin \u00ed Mentam\u00e1lum um \u00fatlendingar \u00ed f\u00f8royskum [&hellip;]<\/p>\n","protected":false},"author":6,"featured_media":0,"comment_status":"open","ping_status":"open","sticky":false,"template":"","format":"standard","meta":{"_acf_changed":false,"_relevanssi_hide_post":"","_relevanssi_hide_content":"","_relevanssi_pin_for_all":"","_relevanssi_pin_keywords":"","_relevanssi_unpin_keywords":"","_relevanssi_related_keywords":"","_relevanssi_related_include_ids":"","_relevanssi_related_exclude_ids":"","_relevanssi_related_no_append":"","_relevanssi_related_not_related":"","_relevanssi_related_posts":"","_relevanssi_noindex_reason":"","inline_featured_image":false,"footnotes":""},"categories":[2],"tags":[],"class_list":["post-291","post","type-post","status-publish","format-standard","hentry","category-isf"],"acf":[],"yoast_head":"<!-- This site is optimized with the Yoast SEO plugin v27.5 - https:\/\/yoast.com\/product\/yoast-seo-wordpress\/ -->\n<title>T\u00ed\u00f0indaskriv um \u00fatlendingar \u00ed f\u00f8royskum \u00edtr\u00f3tti - \u00cdtr\u00f3ttasamband F\u00f8roya<\/title>\n<meta name=\"robots\" content=\"index, follow, max-snippet:-1, max-image-preview:large, max-video-preview:-1\" \/>\n<link rel=\"canonical\" href=\"https:\/\/isf.fo\/en\/ti\u00f0indaskriv-um-utlendingar-i-f\u00f8royskum-itrotti\/\" \/>\n<meta property=\"og:locale\" content=\"en_US\" \/>\n<meta property=\"og:type\" content=\"article\" \/>\n<meta property=\"og:title\" content=\"T\u00ed\u00f0indaskriv um \u00fatlendingar \u00ed f\u00f8royskum \u00edtr\u00f3tti - \u00cdtr\u00f3ttasamband F\u00f8roya\" \/>\n<meta property=\"og:description\" content=\"\u00cdtr\u00f3ttasamband F\u00f8roya hevur havt tveir fundir vi\u00f0 Landsst\u00fdrismannin \u00ed Innlendism\u00e1lum og ein vi\u00f0 Landsst\u00fdrismannin \u00ed Mentam\u00e1lum um \u00fatlendingar \u00ed f\u00f8royskum [&hellip;]\" \/>\n<meta property=\"og:url\" content=\"https:\/\/isf.fo\/en\/ti\u00f0indaskriv-um-utlendingar-i-f\u00f8royskum-itrotti\/\" \/>\n<meta property=\"og:site_name\" content=\"\u00cdtr\u00f3ttasamband F\u00f8roya\" \/>\n<meta property=\"article:publisher\" content=\"https:\/\/www.facebook.com\/itrottasambandid\" \/>\n<meta property=\"article:published_time\" content=\"2004-03-19T22:44:23+00:00\" \/>\n<meta name=\"author\" content=\"Petur Mitt\u00fan\" \/>\n<meta name=\"twitter:card\" content=\"summary_large_image\" \/>\n<meta name=\"twitter:label1\" content=\"Written by\" \/>\n\t<meta name=\"twitter:data1\" content=\"Petur Mitt\u00fan\" \/>\n\t<meta name=\"twitter:label2\" content=\"Est. reading time\" \/>\n\t<meta name=\"twitter:data2\" content=\"3 minutes\" \/>\n<script type=\"application\/ld+json\" class=\"yoast-schema-graph\">{\"@context\":\"https:\\\/\\\/schema.org\",\"@graph\":[{\"@type\":\"Article\",\"@id\":\"https:\\\/\\\/isf.fo\\\/ti%c3%b0indaskriv-um-utlendingar-i-f%c3%b8royskum-itrotti\\\/#article\",\"isPartOf\":{\"@id\":\"https:\\\/\\\/isf.fo\\\/ti%c3%b0indaskriv-um-utlendingar-i-f%c3%b8royskum-itrotti\\\/\"},\"author\":{\"name\":\"Petur Mitt\u00fan\",\"@id\":\"https:\\\/\\\/isf.fo\\\/#\\\/schema\\\/person\\\/78ac1b623dbf0ace868a5dbcdaed016d\"},\"headline\":\"T\u00ed\u00f0indaskriv um \u00fatlendingar \u00ed f\u00f8royskum \u00edtr\u00f3tti\",\"datePublished\":\"2004-03-19T22:44:23+00:00\",\"mainEntityOfPage\":{\"@id\":\"https:\\\/\\\/isf.fo\\\/ti%c3%b0indaskriv-um-utlendingar-i-f%c3%b8royskum-itrotti\\\/\"},\"wordCount\":606,\"commentCount\":0,\"publisher\":{\"@id\":\"https:\\\/\\\/isf.fo\\\/#organization\"},\"articleSection\":[\"\u00cdSF\"],\"inLanguage\":\"en-US\"},{\"@type\":\"WebPage\",\"@id\":\"https:\\\/\\\/isf.fo\\\/ti%c3%b0indaskriv-um-utlendingar-i-f%c3%b8royskum-itrotti\\\/\",\"url\":\"https:\\\/\\\/isf.fo\\\/ti%c3%b0indaskriv-um-utlendingar-i-f%c3%b8royskum-itrotti\\\/\",\"name\":\"T\u00ed\u00f0indaskriv um \u00fatlendingar \u00ed f\u00f8royskum \u00edtr\u00f3tti - \u00cdtr\u00f3ttasamband F\u00f8roya\",\"isPartOf\":{\"@id\":\"https:\\\/\\\/isf.fo\\\/#website\"},\"datePublished\":\"2004-03-19T22:44:23+00:00\",\"breadcrumb\":{\"@id\":\"https:\\\/\\\/isf.fo\\\/ti%c3%b0indaskriv-um-utlendingar-i-f%c3%b8royskum-itrotti\\\/#breadcrumb\"},\"inLanguage\":\"en-US\",\"potentialAction\":[{\"@type\":\"ReadAction\",\"target\":[\"https:\\\/\\\/isf.fo\\\/ti%c3%b0indaskriv-um-utlendingar-i-f%c3%b8royskum-itrotti\\\/\"]}]},{\"@type\":\"BreadcrumbList\",\"@id\":\"https:\\\/\\\/isf.fo\\\/ti%c3%b0indaskriv-um-utlendingar-i-f%c3%b8royskum-itrotti\\\/#breadcrumb\",\"itemListElement\":[{\"@type\":\"ListItem\",\"position\":1,\"name\":\"Home\",\"item\":\"https:\\\/\\\/isf.fo\\\/\"},{\"@type\":\"ListItem\",\"position\":2,\"name\":\"T\u00ed\u00f0indaskriv um \u00fatlendingar \u00ed f\u00f8royskum \u00edtr\u00f3tti\"}]},{\"@type\":\"WebSite\",\"@id\":\"https:\\\/\\\/isf.fo\\\/#website\",\"url\":\"https:\\\/\\\/isf.fo\\\/\",\"name\":\"\u00cdtr\u00f3ttasamband F\u00f8roya\",\"description\":\"\",\"publisher\":{\"@id\":\"https:\\\/\\\/isf.fo\\\/#organization\"},\"potentialAction\":[{\"@type\":\"SearchAction\",\"target\":{\"@type\":\"EntryPoint\",\"urlTemplate\":\"https:\\\/\\\/isf.fo\\\/?s={search_term_string}\"},\"query-input\":{\"@type\":\"PropertyValueSpecification\",\"valueRequired\":true,\"valueName\":\"search_term_string\"}}],\"inLanguage\":\"en-US\"},{\"@type\":\"Organization\",\"@id\":\"https:\\\/\\\/isf.fo\\\/#organization\",\"name\":\"\u00cdtr\u00f3ttasamband F\u00f8roya\",\"url\":\"https:\\\/\\\/isf.fo\\\/\",\"logo\":{\"@type\":\"ImageObject\",\"inLanguage\":\"en-US\",\"@id\":\"https:\\\/\\\/isf.fo\\\/#\\\/schema\\\/logo\\\/image\\\/\",\"url\":\"https:\\\/\\\/isf.fo\\\/wp-content\\\/uploads\\\/2025\\\/06\\\/ISF_Olympic-Committee-logo.png\",\"contentUrl\":\"https:\\\/\\\/isf.fo\\\/wp-content\\\/uploads\\\/2025\\\/06\\\/ISF_Olympic-Committee-logo.png\",\"width\":618,\"height\":121,\"caption\":\"\u00cdtr\u00f3ttasamband F\u00f8roya\"},\"image\":{\"@id\":\"https:\\\/\\\/isf.fo\\\/#\\\/schema\\\/logo\\\/image\\\/\"},\"sameAs\":[\"https:\\\/\\\/www.facebook.com\\\/itrottasambandid\"]},{\"@type\":\"Person\",\"@id\":\"https:\\\/\\\/isf.fo\\\/#\\\/schema\\\/person\\\/78ac1b623dbf0ace868a5dbcdaed016d\",\"name\":\"Petur Mitt\u00fan\",\"image\":{\"@type\":\"ImageObject\",\"inLanguage\":\"en-US\",\"@id\":\"https:\\\/\\\/secure.gravatar.com\\\/avatar\\\/6f731b65ffaeb1029d9436acc96fc12c3cef9200131daa85ab7762529a25d1d2?s=96&d=mm&r=g\",\"url\":\"https:\\\/\\\/secure.gravatar.com\\\/avatar\\\/6f731b65ffaeb1029d9436acc96fc12c3cef9200131daa85ab7762529a25d1d2?s=96&d=mm&r=g\",\"contentUrl\":\"https:\\\/\\\/secure.gravatar.com\\\/avatar\\\/6f731b65ffaeb1029d9436acc96fc12c3cef9200131daa85ab7762529a25d1d2?s=96&d=mm&r=g\",\"caption\":\"Petur Mitt\u00fan\"},\"url\":\"https:\\\/\\\/isf.fo\\\/en\\\/author\\\/petur\\\/\"}]}<\/script>\n<!-- \/ Yoast SEO plugin. -->","yoast_head_json":{"title":"T\u00ed\u00f0indaskriv um \u00fatlendingar \u00ed f\u00f8royskum \u00edtr\u00f3tti - \u00cdtr\u00f3ttasamband F\u00f8roya","robots":{"index":"index","follow":"follow","max-snippet":"max-snippet:-1","max-image-preview":"max-image-preview:large","max-video-preview":"max-video-preview:-1"},"canonical":"https:\/\/isf.fo\/en\/ti\u00f0indaskriv-um-utlendingar-i-f\u00f8royskum-itrotti\/","og_locale":"en_US","og_type":"article","og_title":"T\u00ed\u00f0indaskriv um \u00fatlendingar \u00ed f\u00f8royskum \u00edtr\u00f3tti - \u00cdtr\u00f3ttasamband F\u00f8roya","og_description":"\u00cdtr\u00f3ttasamband F\u00f8roya hevur havt tveir fundir vi\u00f0 Landsst\u00fdrismannin \u00ed Innlendism\u00e1lum og ein vi\u00f0 Landsst\u00fdrismannin \u00ed Mentam\u00e1lum um \u00fatlendingar \u00ed f\u00f8royskum [&hellip;]","og_url":"https:\/\/isf.fo\/en\/ti\u00f0indaskriv-um-utlendingar-i-f\u00f8royskum-itrotti\/","og_site_name":"\u00cdtr\u00f3ttasamband F\u00f8roya","article_publisher":"https:\/\/www.facebook.com\/itrottasambandid","article_published_time":"2004-03-19T22:44:23+00:00","author":"Petur Mitt\u00fan","twitter_card":"summary_large_image","twitter_misc":{"Written by":"Petur Mitt\u00fan","Est. reading time":"3 minutes"},"schema":{"@context":"https:\/\/schema.org","@graph":[{"@type":"Article","@id":"https:\/\/isf.fo\/ti%c3%b0indaskriv-um-utlendingar-i-f%c3%b8royskum-itrotti\/#article","isPartOf":{"@id":"https:\/\/isf.fo\/ti%c3%b0indaskriv-um-utlendingar-i-f%c3%b8royskum-itrotti\/"},"author":{"name":"Petur Mitt\u00fan","@id":"https:\/\/isf.fo\/#\/schema\/person\/78ac1b623dbf0ace868a5dbcdaed016d"},"headline":"T\u00ed\u00f0indaskriv um \u00fatlendingar \u00ed f\u00f8royskum \u00edtr\u00f3tti","datePublished":"2004-03-19T22:44:23+00:00","mainEntityOfPage":{"@id":"https:\/\/isf.fo\/ti%c3%b0indaskriv-um-utlendingar-i-f%c3%b8royskum-itrotti\/"},"wordCount":606,"commentCount":0,"publisher":{"@id":"https:\/\/isf.fo\/#organization"},"articleSection":["\u00cdSF"],"inLanguage":"en-US"},{"@type":"WebPage","@id":"https:\/\/isf.fo\/ti%c3%b0indaskriv-um-utlendingar-i-f%c3%b8royskum-itrotti\/","url":"https:\/\/isf.fo\/ti%c3%b0indaskriv-um-utlendingar-i-f%c3%b8royskum-itrotti\/","name":"T\u00ed\u00f0indaskriv um \u00fatlendingar \u00ed f\u00f8royskum \u00edtr\u00f3tti - \u00cdtr\u00f3ttasamband F\u00f8roya","isPartOf":{"@id":"https:\/\/isf.fo\/#website"},"datePublished":"2004-03-19T22:44:23+00:00","breadcrumb":{"@id":"https:\/\/isf.fo\/ti%c3%b0indaskriv-um-utlendingar-i-f%c3%b8royskum-itrotti\/#breadcrumb"},"inLanguage":"en-US","potentialAction":[{"@type":"ReadAction","target":["https:\/\/isf.fo\/ti%c3%b0indaskriv-um-utlendingar-i-f%c3%b8royskum-itrotti\/"]}]},{"@type":"BreadcrumbList","@id":"https:\/\/isf.fo\/ti%c3%b0indaskriv-um-utlendingar-i-f%c3%b8royskum-itrotti\/#breadcrumb","itemListElement":[{"@type":"ListItem","position":1,"name":"Home","item":"https:\/\/isf.fo\/"},{"@type":"ListItem","position":2,"name":"T\u00ed\u00f0indaskriv um \u00fatlendingar \u00ed f\u00f8royskum \u00edtr\u00f3tti"}]},{"@type":"WebSite","@id":"https:\/\/isf.fo\/#website","url":"https:\/\/isf.fo\/","name":"\u00cdtr\u00f3ttasamband F\u00f8roya","description":"","publisher":{"@id":"https:\/\/isf.fo\/#organization"},"potentialAction":[{"@type":"SearchAction","target":{"@type":"EntryPoint","urlTemplate":"https:\/\/isf.fo\/?s={search_term_string}"},"query-input":{"@type":"PropertyValueSpecification","valueRequired":true,"valueName":"search_term_string"}}],"inLanguage":"en-US"},{"@type":"Organization","@id":"https:\/\/isf.fo\/#organization","name":"\u00cdtr\u00f3ttasamband F\u00f8roya","url":"https:\/\/isf.fo\/","logo":{"@type":"ImageObject","inLanguage":"en-US","@id":"https:\/\/isf.fo\/#\/schema\/logo\/image\/","url":"https:\/\/isf.fo\/wp-content\/uploads\/2025\/06\/ISF_Olympic-Committee-logo.png","contentUrl":"https:\/\/isf.fo\/wp-content\/uploads\/2025\/06\/ISF_Olympic-Committee-logo.png","width":618,"height":121,"caption":"\u00cdtr\u00f3ttasamband F\u00f8roya"},"image":{"@id":"https:\/\/isf.fo\/#\/schema\/logo\/image\/"},"sameAs":["https:\/\/www.facebook.com\/itrottasambandid"]},{"@type":"Person","@id":"https:\/\/isf.fo\/#\/schema\/person\/78ac1b623dbf0ace868a5dbcdaed016d","name":"Petur Mitt\u00fan","image":{"@type":"ImageObject","inLanguage":"en-US","@id":"https:\/\/secure.gravatar.com\/avatar\/6f731b65ffaeb1029d9436acc96fc12c3cef9200131daa85ab7762529a25d1d2?s=96&d=mm&r=g","url":"https:\/\/secure.gravatar.com\/avatar\/6f731b65ffaeb1029d9436acc96fc12c3cef9200131daa85ab7762529a25d1d2?s=96&d=mm&r=g","contentUrl":"https:\/\/secure.gravatar.com\/avatar\/6f731b65ffaeb1029d9436acc96fc12c3cef9200131daa85ab7762529a25d1d2?s=96&d=mm&r=g","caption":"Petur Mitt\u00fan"},"url":"https:\/\/isf.fo\/en\/author\/petur\/"}]}},"_links":{"self":[{"href":"https:\/\/isf.fo\/en\/wp-json\/wp\/v2\/posts\/291","targetHints":{"allow":["GET"]}}],"collection":[{"href":"https:\/\/isf.fo\/en\/wp-json\/wp\/v2\/posts"}],"about":[{"href":"https:\/\/isf.fo\/en\/wp-json\/wp\/v2\/types\/post"}],"author":[{"embeddable":true,"href":"https:\/\/isf.fo\/en\/wp-json\/wp\/v2\/users\/6"}],"replies":[{"embeddable":true,"href":"https:\/\/isf.fo\/en\/wp-json\/wp\/v2\/comments?post=291"}],"version-history":[{"count":0,"href":"https:\/\/isf.fo\/en\/wp-json\/wp\/v2\/posts\/291\/revisions"}],"wp:attachment":[{"href":"https:\/\/isf.fo\/en\/wp-json\/wp\/v2\/media?parent=291"}],"wp:term":[{"taxonomy":"category","embeddable":true,"href":"https:\/\/isf.fo\/en\/wp-json\/wp\/v2\/categories?post=291"},{"taxonomy":"post_tag","embeddable":true,"href":"https:\/\/isf.fo\/en\/wp-json\/wp\/v2\/tags?post=291"}],"curies":[{"name":"wp","href":"https:\/\/api.w.org\/{rel}","templated":true}]}}