{"id":292,"date":"2004-04-13T23:49:49","date_gmt":"2004-04-13T22:49:49","guid":{"rendered":"http:\/\/www.solvihansen.com\/isf\/?p=141"},"modified":"2004-04-13T23:49:49","modified_gmt":"2004-04-13T22:49:49","slug":"br%c3%a6v-til-f%c3%b8roya-l%c3%b8gmann","status":"publish","type":"post","link":"https:\/\/isf.fo\/en\/br%c3%a6v-til-f%c3%b8roya-l%c3%b8gmann\/","title":{"rendered":"Br\u00e6v til F\u00f8roya l\u00f8gmann"},"content":{"rendered":"<p class=\"tekst\" align=\"center\"><em>Avrit av br\u00e6vi vi\u00f0v\u00edkjandi \u00fatlendskum \u00edtr\u00f3ttarf\u00f3lkum, i\u00f0 \u00cdtr\u00f3ttasamband<br \/>\nF\u00f8roya sendi L\u00f8gmanni t\u00fdsdagin 13. apr\u00edl.<\/em><\/p>\n<p align=\"center\">&#8212;&#8212;&#8212;&#8212;&#8212;&#8212;-<\/p>\n<p class=\"head\">Til F\u00f8roya L\u00f8gmann<\/p>\n<p>M\u00e1nakv\u00f8ldi\u00f0 \u00ed seinastu viku hoyrdist \u00ed Degi og Viku, at<br \/>\nlandsst\u00fdrisma\u00f0urin \u00ed innlendism\u00e1lum hev\u00f0i sent eitt uppskot til<br \/>\nseravtalu fyri \u00fatlendsk \u00edtr\u00f3ttaf\u00f3lk ni\u00f0ur til danir.<\/p>\n<p>Upp\u00e1 fyrispurning hevur \u00cdtr\u00f3ttasamband F\u00f8roya fingi\u00f0 at vita, at samb\u00e6rt<br \/>\nuppskotinum skulu \u00edtr\u00f3ttafel\u00f8gini gjalda \u00fatlendsku \u00edtr\u00f3ttaf\u00f3lkunum<br \/>\numlei\u00f0 kr. 2.300,- um vikuna, svarandi til 24 t\u00edmar um vikuna, ella 60%<br \/>\nav einari arbei\u00f0sviku.<\/p>\n<p>\u00cdtr\u00f3ttasamband F\u00f8roya er ikki hoyrt \u00ed hesi avtalu. Vit hava hinvegin<br \/>\nm\u00f3tm\u00e6lt henni, eftirsum hon kemur at forkoma m\u00f8guleikunum hj\u00e1<br \/>\n\u00edtr\u00f3ttarfel\u00f8gunum at heinta s\u00e6r styrk uttanifr\u00e1.<\/p>\n<p>Vit hava eftir f\u00f8rimuni roynt at gj\u00f8rt vart vi\u00f0 hesi vandam\u00e1lini, men<br \/>\nta\u00f0 er, sum um eingin tekur ta\u00f0 til s\u00edn.<\/p>\n<p>Sama dag, sum landsst\u00fdrisma\u00f0urin \u00ed innlendism\u00e1lum f\u00f3r \u00ed Dag og Viku,<br \/>\nfingu vit br\u00e6v fr\u00e1 L\u00f8gmansskrivstovuni, i\u00f0 v\u00edsti \u00e1, at m\u00e1li\u00f0 var\u00f0 til<br \/>\npolitiska vi\u00f0ger\u00f0 \u00ed l\u00f8tuni. Vit loyva okkum at spyrja, hvussu ta\u00f0 so ber<br \/>\ntil, at landsst\u00fdrisma\u00f0urin aftanfyri ryggin \u00e1 okkum roynir at gera eina<br \/>\navtalu vi\u00f0 danska myndugleikan, sum \u00edtr\u00f3tturin als ikki kann liva vi\u00f0,<br \/>\nog als ikki vil hava?<\/p>\n<p>Avtalan, sum n\u00fa liggur \u00e1 bor\u00f0inum, er \u00f3n\u00fdtilig. \u00cdtr\u00f3ttasamband F\u00f8roya<br \/>\nvil har\u00f0liga m\u00f3tm\u00e6la, at \u00edtr\u00f3tturin ikki ver\u00f0ur hoyrdur, t\u00e1 sl\u00edkar, fyri<br \/>\nokkum, t\u00fd\u00f0andi avtalur ver\u00f0a gj\u00f8rdar.<\/p>\n<p><strong><br \/>\n<\/strong><em><strong><span class=\"tekst\">Vinarliga<\/span><\/strong><\/em><\/p>\n<p class=\"tekst\"><span class=\"tekst\"><strong>\u00cdtr\u00f3ttasamband F\u00f8roya<br \/>\nHe\u00f0in Mortensen, forseti<\/strong><\/span><\/p>\n<p><span class=\"tekst\"><strong>S\u00f8lvi Reinert Hansen, \u00edtr\u00f3ttar\u00e1\u00f0gevi<\/strong><\/span><\/p>","protected":false},"excerpt":{"rendered":"<p>Avrit av br\u00e6vi vi\u00f0v\u00edkjandi \u00fatlendskum \u00edtr\u00f3ttarf\u00f3lkum, i\u00f0 \u00cdtr\u00f3ttasamband F\u00f8roya sendi L\u00f8gmanni t\u00fdsdagin 13. apr\u00edl. &#8212;&#8212;&#8212;&#8212;&#8212;&#8212;- Til F\u00f8roya L\u00f8gmann M\u00e1nakv\u00f8ldi\u00f0 \u00ed [&hellip;]<\/p>\n","protected":false},"author":6,"featured_media":0,"comment_status":"open","ping_status":"open","sticky":false,"template":"","format":"standard","meta":{"_acf_changed":false,"_relevanssi_hide_post":"","_relevanssi_hide_content":"","_relevanssi_pin_for_all":"","_relevanssi_pin_keywords":"","_relevanssi_unpin_keywords":"","_relevanssi_related_keywords":"","_relevanssi_related_include_ids":"","_relevanssi_related_exclude_ids":"","_relevanssi_related_no_append":"","_relevanssi_related_not_related":"","_relevanssi_related_posts":"","_relevanssi_noindex_reason":"","inline_featured_image":false,"footnotes":""},"categories":[2],"tags":[],"class_list":["post-292","post","type-post","status-publish","format-standard","hentry","category-isf"],"acf":[],"yoast_head":"<!-- This site is optimized with the Yoast SEO plugin v27.5 - https:\/\/yoast.com\/product\/yoast-seo-wordpress\/ -->\n<title>Br\u00e6v til F\u00f8roya l\u00f8gmann - \u00cdtr\u00f3ttasamband F\u00f8roya<\/title>\n<meta name=\"robots\" content=\"index, follow, max-snippet:-1, max-image-preview:large, max-video-preview:-1\" \/>\n<link rel=\"canonical\" href=\"https:\/\/isf.fo\/en\/br\u00e6v-til-f\u00f8roya-l\u00f8gmann\/\" \/>\n<meta property=\"og:locale\" content=\"en_US\" \/>\n<meta property=\"og:type\" content=\"article\" \/>\n<meta property=\"og:title\" content=\"Br\u00e6v til F\u00f8roya l\u00f8gmann - \u00cdtr\u00f3ttasamband F\u00f8roya\" \/>\n<meta property=\"og:description\" content=\"Avrit av br\u00e6vi vi\u00f0v\u00edkjandi \u00fatlendskum \u00edtr\u00f3ttarf\u00f3lkum, i\u00f0 \u00cdtr\u00f3ttasamband F\u00f8roya sendi L\u00f8gmanni t\u00fdsdagin 13. apr\u00edl. &#8212;&#8212;&#8212;&#8212;&#8212;&#8212;- Til F\u00f8roya L\u00f8gmann M\u00e1nakv\u00f8ldi\u00f0 \u00ed [&hellip;]\" \/>\n<meta property=\"og:url\" content=\"https:\/\/isf.fo\/en\/br\u00e6v-til-f\u00f8roya-l\u00f8gmann\/\" \/>\n<meta property=\"og:site_name\" content=\"\u00cdtr\u00f3ttasamband F\u00f8roya\" \/>\n<meta property=\"article:publisher\" content=\"https:\/\/www.facebook.com\/itrottasambandid\" \/>\n<meta property=\"article:published_time\" content=\"2004-04-13T22:49:49+00:00\" \/>\n<meta name=\"author\" content=\"Petur Mitt\u00fan\" \/>\n<meta name=\"twitter:card\" content=\"summary_large_image\" \/>\n<meta name=\"twitter:label1\" content=\"Written by\" \/>\n\t<meta name=\"twitter:data1\" content=\"Petur Mitt\u00fan\" \/>\n\t<meta name=\"twitter:label2\" content=\"Est. reading time\" \/>\n\t<meta name=\"twitter:data2\" content=\"1 minute\" \/>\n<script type=\"application\/ld+json\" class=\"yoast-schema-graph\">{\"@context\":\"https:\\\/\\\/schema.org\",\"@graph\":[{\"@type\":\"Article\",\"@id\":\"https:\\\/\\\/isf.fo\\\/br%c3%a6v-til-f%c3%b8roya-l%c3%b8gmann\\\/#article\",\"isPartOf\":{\"@id\":\"https:\\\/\\\/isf.fo\\\/br%c3%a6v-til-f%c3%b8roya-l%c3%b8gmann\\\/\"},\"author\":{\"name\":\"Petur Mitt\u00fan\",\"@id\":\"https:\\\/\\\/isf.fo\\\/#\\\/schema\\\/person\\\/78ac1b623dbf0ace868a5dbcdaed016d\"},\"headline\":\"Br\u00e6v til F\u00f8roya l\u00f8gmann\",\"datePublished\":\"2004-04-13T22:49:49+00:00\",\"mainEntityOfPage\":{\"@id\":\"https:\\\/\\\/isf.fo\\\/br%c3%a6v-til-f%c3%b8roya-l%c3%b8gmann\\\/\"},\"wordCount\":289,\"commentCount\":0,\"publisher\":{\"@id\":\"https:\\\/\\\/isf.fo\\\/#organization\"},\"articleSection\":[\"\u00cdSF\"],\"inLanguage\":\"en-US\"},{\"@type\":\"WebPage\",\"@id\":\"https:\\\/\\\/isf.fo\\\/br%c3%a6v-til-f%c3%b8roya-l%c3%b8gmann\\\/\",\"url\":\"https:\\\/\\\/isf.fo\\\/br%c3%a6v-til-f%c3%b8roya-l%c3%b8gmann\\\/\",\"name\":\"Br\u00e6v til F\u00f8roya l\u00f8gmann - \u00cdtr\u00f3ttasamband F\u00f8roya\",\"isPartOf\":{\"@id\":\"https:\\\/\\\/isf.fo\\\/#website\"},\"datePublished\":\"2004-04-13T22:49:49+00:00\",\"breadcrumb\":{\"@id\":\"https:\\\/\\\/isf.fo\\\/br%c3%a6v-til-f%c3%b8roya-l%c3%b8gmann\\\/#breadcrumb\"},\"inLanguage\":\"en-US\",\"potentialAction\":[{\"@type\":\"ReadAction\",\"target\":[\"https:\\\/\\\/isf.fo\\\/br%c3%a6v-til-f%c3%b8roya-l%c3%b8gmann\\\/\"]}]},{\"@type\":\"BreadcrumbList\",\"@id\":\"https:\\\/\\\/isf.fo\\\/br%c3%a6v-til-f%c3%b8roya-l%c3%b8gmann\\\/#breadcrumb\",\"itemListElement\":[{\"@type\":\"ListItem\",\"position\":1,\"name\":\"Home\",\"item\":\"https:\\\/\\\/isf.fo\\\/\"},{\"@type\":\"ListItem\",\"position\":2,\"name\":\"Br\u00e6v til F\u00f8roya l\u00f8gmann\"}]},{\"@type\":\"WebSite\",\"@id\":\"https:\\\/\\\/isf.fo\\\/#website\",\"url\":\"https:\\\/\\\/isf.fo\\\/\",\"name\":\"\u00cdtr\u00f3ttasamband F\u00f8roya\",\"description\":\"\",\"publisher\":{\"@id\":\"https:\\\/\\\/isf.fo\\\/#organization\"},\"potentialAction\":[{\"@type\":\"SearchAction\",\"target\":{\"@type\":\"EntryPoint\",\"urlTemplate\":\"https:\\\/\\\/isf.fo\\\/?s={search_term_string}\"},\"query-input\":{\"@type\":\"PropertyValueSpecification\",\"valueRequired\":true,\"valueName\":\"search_term_string\"}}],\"inLanguage\":\"en-US\"},{\"@type\":\"Organization\",\"@id\":\"https:\\\/\\\/isf.fo\\\/#organization\",\"name\":\"\u00cdtr\u00f3ttasamband F\u00f8roya\",\"url\":\"https:\\\/\\\/isf.fo\\\/\",\"logo\":{\"@type\":\"ImageObject\",\"inLanguage\":\"en-US\",\"@id\":\"https:\\\/\\\/isf.fo\\\/#\\\/schema\\\/logo\\\/image\\\/\",\"url\":\"https:\\\/\\\/isf.fo\\\/wp-content\\\/uploads\\\/2025\\\/06\\\/ISF_Olympic-Committee-logo.png\",\"contentUrl\":\"https:\\\/\\\/isf.fo\\\/wp-content\\\/uploads\\\/2025\\\/06\\\/ISF_Olympic-Committee-logo.png\",\"width\":618,\"height\":121,\"caption\":\"\u00cdtr\u00f3ttasamband F\u00f8roya\"},\"image\":{\"@id\":\"https:\\\/\\\/isf.fo\\\/#\\\/schema\\\/logo\\\/image\\\/\"},\"sameAs\":[\"https:\\\/\\\/www.facebook.com\\\/itrottasambandid\"]},{\"@type\":\"Person\",\"@id\":\"https:\\\/\\\/isf.fo\\\/#\\\/schema\\\/person\\\/78ac1b623dbf0ace868a5dbcdaed016d\",\"name\":\"Petur Mitt\u00fan\",\"image\":{\"@type\":\"ImageObject\",\"inLanguage\":\"en-US\",\"@id\":\"https:\\\/\\\/secure.gravatar.com\\\/avatar\\\/6f731b65ffaeb1029d9436acc96fc12c3cef9200131daa85ab7762529a25d1d2?s=96&d=mm&r=g\",\"url\":\"https:\\\/\\\/secure.gravatar.com\\\/avatar\\\/6f731b65ffaeb1029d9436acc96fc12c3cef9200131daa85ab7762529a25d1d2?s=96&d=mm&r=g\",\"contentUrl\":\"https:\\\/\\\/secure.gravatar.com\\\/avatar\\\/6f731b65ffaeb1029d9436acc96fc12c3cef9200131daa85ab7762529a25d1d2?s=96&d=mm&r=g\",\"caption\":\"Petur Mitt\u00fan\"},\"url\":\"https:\\\/\\\/isf.fo\\\/en\\\/author\\\/petur\\\/\"}]}<\/script>\n<!-- \/ Yoast SEO plugin. -->","yoast_head_json":{"title":"Br\u00e6v til F\u00f8roya l\u00f8gmann - \u00cdtr\u00f3ttasamband F\u00f8roya","robots":{"index":"index","follow":"follow","max-snippet":"max-snippet:-1","max-image-preview":"max-image-preview:large","max-video-preview":"max-video-preview:-1"},"canonical":"https:\/\/isf.fo\/en\/br\u00e6v-til-f\u00f8roya-l\u00f8gmann\/","og_locale":"en_US","og_type":"article","og_title":"Br\u00e6v til F\u00f8roya l\u00f8gmann - \u00cdtr\u00f3ttasamband F\u00f8roya","og_description":"Avrit av br\u00e6vi vi\u00f0v\u00edkjandi \u00fatlendskum \u00edtr\u00f3ttarf\u00f3lkum, i\u00f0 \u00cdtr\u00f3ttasamband F\u00f8roya sendi L\u00f8gmanni t\u00fdsdagin 13. apr\u00edl. &#8212;&#8212;&#8212;&#8212;&#8212;&#8212;- Til F\u00f8roya L\u00f8gmann M\u00e1nakv\u00f8ldi\u00f0 \u00ed [&hellip;]","og_url":"https:\/\/isf.fo\/en\/br\u00e6v-til-f\u00f8roya-l\u00f8gmann\/","og_site_name":"\u00cdtr\u00f3ttasamband F\u00f8roya","article_publisher":"https:\/\/www.facebook.com\/itrottasambandid","article_published_time":"2004-04-13T22:49:49+00:00","author":"Petur Mitt\u00fan","twitter_card":"summary_large_image","twitter_misc":{"Written by":"Petur Mitt\u00fan","Est. reading time":"1 minute"},"schema":{"@context":"https:\/\/schema.org","@graph":[{"@type":"Article","@id":"https:\/\/isf.fo\/br%c3%a6v-til-f%c3%b8roya-l%c3%b8gmann\/#article","isPartOf":{"@id":"https:\/\/isf.fo\/br%c3%a6v-til-f%c3%b8roya-l%c3%b8gmann\/"},"author":{"name":"Petur Mitt\u00fan","@id":"https:\/\/isf.fo\/#\/schema\/person\/78ac1b623dbf0ace868a5dbcdaed016d"},"headline":"Br\u00e6v til F\u00f8roya l\u00f8gmann","datePublished":"2004-04-13T22:49:49+00:00","mainEntityOfPage":{"@id":"https:\/\/isf.fo\/br%c3%a6v-til-f%c3%b8roya-l%c3%b8gmann\/"},"wordCount":289,"commentCount":0,"publisher":{"@id":"https:\/\/isf.fo\/#organization"},"articleSection":["\u00cdSF"],"inLanguage":"en-US"},{"@type":"WebPage","@id":"https:\/\/isf.fo\/br%c3%a6v-til-f%c3%b8roya-l%c3%b8gmann\/","url":"https:\/\/isf.fo\/br%c3%a6v-til-f%c3%b8roya-l%c3%b8gmann\/","name":"Br\u00e6v til F\u00f8roya l\u00f8gmann - \u00cdtr\u00f3ttasamband F\u00f8roya","isPartOf":{"@id":"https:\/\/isf.fo\/#website"},"datePublished":"2004-04-13T22:49:49+00:00","breadcrumb":{"@id":"https:\/\/isf.fo\/br%c3%a6v-til-f%c3%b8roya-l%c3%b8gmann\/#breadcrumb"},"inLanguage":"en-US","potentialAction":[{"@type":"ReadAction","target":["https:\/\/isf.fo\/br%c3%a6v-til-f%c3%b8roya-l%c3%b8gmann\/"]}]},{"@type":"BreadcrumbList","@id":"https:\/\/isf.fo\/br%c3%a6v-til-f%c3%b8roya-l%c3%b8gmann\/#breadcrumb","itemListElement":[{"@type":"ListItem","position":1,"name":"Home","item":"https:\/\/isf.fo\/"},{"@type":"ListItem","position":2,"name":"Br\u00e6v til F\u00f8roya l\u00f8gmann"}]},{"@type":"WebSite","@id":"https:\/\/isf.fo\/#website","url":"https:\/\/isf.fo\/","name":"\u00cdtr\u00f3ttasamband F\u00f8roya","description":"","publisher":{"@id":"https:\/\/isf.fo\/#organization"},"potentialAction":[{"@type":"SearchAction","target":{"@type":"EntryPoint","urlTemplate":"https:\/\/isf.fo\/?s={search_term_string}"},"query-input":{"@type":"PropertyValueSpecification","valueRequired":true,"valueName":"search_term_string"}}],"inLanguage":"en-US"},{"@type":"Organization","@id":"https:\/\/isf.fo\/#organization","name":"\u00cdtr\u00f3ttasamband F\u00f8roya","url":"https:\/\/isf.fo\/","logo":{"@type":"ImageObject","inLanguage":"en-US","@id":"https:\/\/isf.fo\/#\/schema\/logo\/image\/","url":"https:\/\/isf.fo\/wp-content\/uploads\/2025\/06\/ISF_Olympic-Committee-logo.png","contentUrl":"https:\/\/isf.fo\/wp-content\/uploads\/2025\/06\/ISF_Olympic-Committee-logo.png","width":618,"height":121,"caption":"\u00cdtr\u00f3ttasamband F\u00f8roya"},"image":{"@id":"https:\/\/isf.fo\/#\/schema\/logo\/image\/"},"sameAs":["https:\/\/www.facebook.com\/itrottasambandid"]},{"@type":"Person","@id":"https:\/\/isf.fo\/#\/schema\/person\/78ac1b623dbf0ace868a5dbcdaed016d","name":"Petur Mitt\u00fan","image":{"@type":"ImageObject","inLanguage":"en-US","@id":"https:\/\/secure.gravatar.com\/avatar\/6f731b65ffaeb1029d9436acc96fc12c3cef9200131daa85ab7762529a25d1d2?s=96&d=mm&r=g","url":"https:\/\/secure.gravatar.com\/avatar\/6f731b65ffaeb1029d9436acc96fc12c3cef9200131daa85ab7762529a25d1d2?s=96&d=mm&r=g","contentUrl":"https:\/\/secure.gravatar.com\/avatar\/6f731b65ffaeb1029d9436acc96fc12c3cef9200131daa85ab7762529a25d1d2?s=96&d=mm&r=g","caption":"Petur Mitt\u00fan"},"url":"https:\/\/isf.fo\/en\/author\/petur\/"}]}},"_links":{"self":[{"href":"https:\/\/isf.fo\/en\/wp-json\/wp\/v2\/posts\/292","targetHints":{"allow":["GET"]}}],"collection":[{"href":"https:\/\/isf.fo\/en\/wp-json\/wp\/v2\/posts"}],"about":[{"href":"https:\/\/isf.fo\/en\/wp-json\/wp\/v2\/types\/post"}],"author":[{"embeddable":true,"href":"https:\/\/isf.fo\/en\/wp-json\/wp\/v2\/users\/6"}],"replies":[{"embeddable":true,"href":"https:\/\/isf.fo\/en\/wp-json\/wp\/v2\/comments?post=292"}],"version-history":[{"count":0,"href":"https:\/\/isf.fo\/en\/wp-json\/wp\/v2\/posts\/292\/revisions"}],"wp:attachment":[{"href":"https:\/\/isf.fo\/en\/wp-json\/wp\/v2\/media?parent=292"}],"wp:term":[{"taxonomy":"category","embeddable":true,"href":"https:\/\/isf.fo\/en\/wp-json\/wp\/v2\/categories?post=292"},{"taxonomy":"post_tag","embeddable":true,"href":"https:\/\/isf.fo\/en\/wp-json\/wp\/v2\/tags?post=292"}],"curies":[{"name":"wp","href":"https:\/\/api.w.org\/{rel}","templated":true}]}}