{"id":297,"date":"2004-05-28T00:10:01","date_gmt":"2004-05-27T23:10:01","guid":{"rendered":"http:\/\/www.solvihansen.com\/isf\/?p=157"},"modified":"2004-05-28T00:10:01","modified_gmt":"2004-05-27T23:10:01","slug":"opi%c3%b0-br%c3%a6v-til-jogvan-vi%c3%b0-keldu-innlendismalara%c3%b0harra","status":"publish","type":"post","link":"https:\/\/isf.fo\/en\/opi%c3%b0-br%c3%a6v-til-jogvan-vi%c3%b0-keldu-innlendismalara%c3%b0harra\/","title":{"rendered":"Opi\u00f0 br\u00e6v til J\u00f3gvan vi\u00f0 Keldu, Innlendism\u00e1lar\u00e1\u00f0harra"},"content":{"rendered":"<tr>\n<td class=\"tekst\" valign=\"top\">\u00cdtr\u00f3ttasamband F\u00f8roya hevur \u00ed skrivi fr\u00e1 L\u00f8gmanni dagfest 27. mei, sum svar upp\u00e1 teldupost fr\u00e1 \u00cdSF dagfestur 13. apr\u00edl, fingi\u00f0 at vita, at samgongan hevur avgj\u00f8rt &#8220;at seta ein politiskan fylgib\u00f3lk at vi\u00f0gera \u00fatlendinga\u00f8ki\u00f0 yvirh\u00f8vur&#8221;.<\/p>\n<p>\u00cdtr\u00f3ttasamband F\u00f8roya vil vi\u00f0 hesum spyrja, um fylgib\u00f3lkurin er farin \u00ed gongd, og um \u00cdtr\u00f3ttasamband F\u00f8roya ver\u00f0ur tiki\u00f0 upp\u00e1 r\u00e1\u00f0, t\u00e1 avtalan vi\u00f0 danir vi\u00f0v\u00edkjandi \u00fatlendskum \u00edtr\u00f3ttaf\u00f3lkum \u00ed F\u00f8royum ver\u00f0ur gj\u00f8rd.<\/p>\n<p>Sum l\u00f8gma\u00f0ur v\u00edsir \u00e1 \u00ed br\u00e6vinum, hevur landsst\u00fdrisma\u00f0urin onga formella skyldu &#8220;at fylgja til- ella fr\u00e1m\u00e6lum hj\u00e1 einum \u00e1hugab\u00f3lki&#8221;. Men ta\u00f0 er hugstoytt hj\u00e1 \u00edtr\u00f3ttinum, at politiski myndugleikin kortini heldur seg hava r\u00e6tt at gera eina seravtalu vegna \u00cdtr\u00f3ttasamband F\u00f8roya, i\u00f0 samb\u00e6rt evstul\u00f3g s\u00edni er &#8220;\u00f3heft av politiskum og \u00e1tr\u00fanaligum \u00e1hugam\u00e1lum&#8221;.<\/p>\n<p>\u00cdtr\u00f3ttasamband F\u00f8roya vil t\u00ed enn einafer\u00f0 minna landsst\u00fdrismannin \u00e1, at sj\u00e1lvbodna virksemi\u00f0 \u00ed \u00edtr\u00f3ttafel\u00f8gunum kring landi\u00f0 er sera vi\u00f0kv\u00e6mt. Fel\u00f8gini ver\u00f0a rikin av \u00edtr\u00f3ttarlei\u00f0arum, i\u00f0 einans virka av \u00e1huga. Um landsins myndugleikar ikki v\u00edsa skynsemi \u00ed hesum m\u00e1li, kunnu teir forkoma st\u00f3rum parti av virkseminum \u00ed \u00edtr\u00f3ttafel\u00f8gunum. T\u00ed meta vit, at landsst\u00fdri\u00f0 hevur eina &#8220;moralska&#8221; skyldu at verja og fj\u00e1lga um sj\u00e1lvbodnu \u00edtr\u00f3ttafel\u00f8gini, heldur enn at \u00e1leggja teimum fleiri byr\u00f0ar.<\/p>\n<p>Heysti\u00f0 n\u00e6rkast skj\u00f3tt, t\u00e1 Hondb\u00f3turin og Flogb\u00f3turin fara \u00ed gongd aftur. \u00cdtr\u00f3ttasamband F\u00f8roya vil heita \u00e1 landsst\u00fdrismannin \u00ed Innlendism\u00e1lum at f\u00e1a greitt hetta m\u00e1li\u00f0 skj\u00f3tast gj\u00f8rligt, so fel\u00f8g innan hesar \u00edtr\u00f3ttagreinar ikki enda \u00ed somu st\u00f8\u00f0u sum f\u00f3tb\u00f3ltsfel\u00f8gini undan hesum kappingar\u00e1rinum.<\/p>\n<p><strong><em>Vegna \u00cdtr\u00f3ttasamband F\u00f8roya<br \/>\n<\/em><\/strong><\/p>\n<p><strong>He\u00f0in Mortensen, forseti<br \/>\n<\/strong><\/p>\n<p><strong>S\u00f8lvi Reinert Hansen, \u00cdtr\u00f3ttar\u00e1\u00f0gevi<\/strong><em><strong><\/strong><\/em><\/p>\n<div><strong><br \/>\n<\/strong><\/div>\n<\/td>\n<\/tr>","protected":false},"excerpt":{"rendered":"<p>\u00cdtr\u00f3ttasamband F\u00f8roya hevur \u00ed skrivi fr\u00e1 L\u00f8gmanni dagfest 27. mei, sum svar upp\u00e1 teldupost fr\u00e1 \u00cdSF dagfestur 13. apr\u00edl, fingi\u00f0 [&hellip;]<\/p>\n","protected":false},"author":6,"featured_media":0,"comment_status":"open","ping_status":"open","sticky":false,"template":"","format":"standard","meta":{"_acf_changed":false,"_relevanssi_hide_post":"","_relevanssi_hide_content":"","_relevanssi_pin_for_all":"","_relevanssi_pin_keywords":"","_relevanssi_unpin_keywords":"","_relevanssi_related_keywords":"","_relevanssi_related_include_ids":"","_relevanssi_related_exclude_ids":"","_relevanssi_related_no_append":"","_relevanssi_related_not_related":"","_relevanssi_related_posts":"","_relevanssi_noindex_reason":"","inline_featured_image":false,"footnotes":""},"categories":[2],"tags":[],"class_list":["post-297","post","type-post","status-publish","format-standard","hentry","category-isf"],"acf":[],"yoast_head":"<!-- This site is optimized with the Yoast SEO plugin v27.5 - https:\/\/yoast.com\/product\/yoast-seo-wordpress\/ -->\n<title>Opi\u00f0 br\u00e6v til J\u00f3gvan vi\u00f0 Keldu, Innlendism\u00e1lar\u00e1\u00f0harra - \u00cdtr\u00f3ttasamband F\u00f8roya<\/title>\n<meta name=\"robots\" content=\"index, follow, max-snippet:-1, max-image-preview:large, max-video-preview:-1\" \/>\n<link rel=\"canonical\" href=\"https:\/\/isf.fo\/en\/opi\u00f0-br\u00e6v-til-jogvan-vi\u00f0-keldu-innlendismalara\u00f0harra\/\" \/>\n<meta property=\"og:locale\" content=\"en_US\" \/>\n<meta property=\"og:type\" content=\"article\" \/>\n<meta property=\"og:title\" content=\"Opi\u00f0 br\u00e6v til J\u00f3gvan vi\u00f0 Keldu, Innlendism\u00e1lar\u00e1\u00f0harra - \u00cdtr\u00f3ttasamband F\u00f8roya\" \/>\n<meta property=\"og:description\" content=\"\u00cdtr\u00f3ttasamband F\u00f8roya hevur \u00ed skrivi fr\u00e1 L\u00f8gmanni dagfest 27. mei, sum svar upp\u00e1 teldupost fr\u00e1 \u00cdSF dagfestur 13. apr\u00edl, fingi\u00f0 [&hellip;]\" \/>\n<meta property=\"og:url\" content=\"https:\/\/isf.fo\/en\/opi\u00f0-br\u00e6v-til-jogvan-vi\u00f0-keldu-innlendismalara\u00f0harra\/\" \/>\n<meta property=\"og:site_name\" content=\"\u00cdtr\u00f3ttasamband F\u00f8roya\" \/>\n<meta property=\"article:publisher\" content=\"https:\/\/www.facebook.com\/itrottasambandid\" \/>\n<meta property=\"article:published_time\" content=\"2004-05-27T23:10:01+00:00\" \/>\n<meta name=\"author\" content=\"Petur Mitt\u00fan\" \/>\n<meta name=\"twitter:card\" content=\"summary_large_image\" \/>\n<meta name=\"twitter:label1\" content=\"Written by\" \/>\n\t<meta name=\"twitter:data1\" content=\"Petur Mitt\u00fan\" \/>\n\t<meta name=\"twitter:label2\" content=\"Est. reading time\" \/>\n\t<meta name=\"twitter:data2\" content=\"2 minutes\" \/>\n<script type=\"application\/ld+json\" class=\"yoast-schema-graph\">{\"@context\":\"https:\\\/\\\/schema.org\",\"@graph\":[{\"@type\":\"Article\",\"@id\":\"https:\\\/\\\/isf.fo\\\/opi%c3%b0-br%c3%a6v-til-jogvan-vi%c3%b0-keldu-innlendismalara%c3%b0harra\\\/#article\",\"isPartOf\":{\"@id\":\"https:\\\/\\\/isf.fo\\\/opi%c3%b0-br%c3%a6v-til-jogvan-vi%c3%b0-keldu-innlendismalara%c3%b0harra\\\/\"},\"author\":{\"name\":\"Petur Mitt\u00fan\",\"@id\":\"https:\\\/\\\/isf.fo\\\/#\\\/schema\\\/person\\\/78ac1b623dbf0ace868a5dbcdaed016d\"},\"headline\":\"Opi\u00f0 br\u00e6v til J\u00f3gvan vi\u00f0 Keldu, Innlendism\u00e1lar\u00e1\u00f0harra\",\"datePublished\":\"2004-05-27T23:10:01+00:00\",\"mainEntityOfPage\":{\"@id\":\"https:\\\/\\\/isf.fo\\\/opi%c3%b0-br%c3%a6v-til-jogvan-vi%c3%b0-keldu-innlendismalara%c3%b0harra\\\/\"},\"wordCount\":322,\"commentCount\":0,\"publisher\":{\"@id\":\"https:\\\/\\\/isf.fo\\\/#organization\"},\"articleSection\":[\"\u00cdSF\"],\"inLanguage\":\"en-US\"},{\"@type\":\"WebPage\",\"@id\":\"https:\\\/\\\/isf.fo\\\/opi%c3%b0-br%c3%a6v-til-jogvan-vi%c3%b0-keldu-innlendismalara%c3%b0harra\\\/\",\"url\":\"https:\\\/\\\/isf.fo\\\/opi%c3%b0-br%c3%a6v-til-jogvan-vi%c3%b0-keldu-innlendismalara%c3%b0harra\\\/\",\"name\":\"Opi\u00f0 br\u00e6v til J\u00f3gvan vi\u00f0 Keldu, Innlendism\u00e1lar\u00e1\u00f0harra - \u00cdtr\u00f3ttasamband F\u00f8roya\",\"isPartOf\":{\"@id\":\"https:\\\/\\\/isf.fo\\\/#website\"},\"datePublished\":\"2004-05-27T23:10:01+00:00\",\"breadcrumb\":{\"@id\":\"https:\\\/\\\/isf.fo\\\/opi%c3%b0-br%c3%a6v-til-jogvan-vi%c3%b0-keldu-innlendismalara%c3%b0harra\\\/#breadcrumb\"},\"inLanguage\":\"en-US\",\"potentialAction\":[{\"@type\":\"ReadAction\",\"target\":[\"https:\\\/\\\/isf.fo\\\/opi%c3%b0-br%c3%a6v-til-jogvan-vi%c3%b0-keldu-innlendismalara%c3%b0harra\\\/\"]}]},{\"@type\":\"BreadcrumbList\",\"@id\":\"https:\\\/\\\/isf.fo\\\/opi%c3%b0-br%c3%a6v-til-jogvan-vi%c3%b0-keldu-innlendismalara%c3%b0harra\\\/#breadcrumb\",\"itemListElement\":[{\"@type\":\"ListItem\",\"position\":1,\"name\":\"Home\",\"item\":\"https:\\\/\\\/isf.fo\\\/\"},{\"@type\":\"ListItem\",\"position\":2,\"name\":\"Opi\u00f0 br\u00e6v til J\u00f3gvan vi\u00f0 Keldu, Innlendism\u00e1lar\u00e1\u00f0harra\"}]},{\"@type\":\"WebSite\",\"@id\":\"https:\\\/\\\/isf.fo\\\/#website\",\"url\":\"https:\\\/\\\/isf.fo\\\/\",\"name\":\"\u00cdtr\u00f3ttasamband F\u00f8roya\",\"description\":\"\",\"publisher\":{\"@id\":\"https:\\\/\\\/isf.fo\\\/#organization\"},\"potentialAction\":[{\"@type\":\"SearchAction\",\"target\":{\"@type\":\"EntryPoint\",\"urlTemplate\":\"https:\\\/\\\/isf.fo\\\/?s={search_term_string}\"},\"query-input\":{\"@type\":\"PropertyValueSpecification\",\"valueRequired\":true,\"valueName\":\"search_term_string\"}}],\"inLanguage\":\"en-US\"},{\"@type\":\"Organization\",\"@id\":\"https:\\\/\\\/isf.fo\\\/#organization\",\"name\":\"\u00cdtr\u00f3ttasamband F\u00f8roya\",\"url\":\"https:\\\/\\\/isf.fo\\\/\",\"logo\":{\"@type\":\"ImageObject\",\"inLanguage\":\"en-US\",\"@id\":\"https:\\\/\\\/isf.fo\\\/#\\\/schema\\\/logo\\\/image\\\/\",\"url\":\"https:\\\/\\\/isf.fo\\\/wp-content\\\/uploads\\\/2025\\\/06\\\/ISF_Olympic-Committee-logo.png\",\"contentUrl\":\"https:\\\/\\\/isf.fo\\\/wp-content\\\/uploads\\\/2025\\\/06\\\/ISF_Olympic-Committee-logo.png\",\"width\":618,\"height\":121,\"caption\":\"\u00cdtr\u00f3ttasamband F\u00f8roya\"},\"image\":{\"@id\":\"https:\\\/\\\/isf.fo\\\/#\\\/schema\\\/logo\\\/image\\\/\"},\"sameAs\":[\"https:\\\/\\\/www.facebook.com\\\/itrottasambandid\"]},{\"@type\":\"Person\",\"@id\":\"https:\\\/\\\/isf.fo\\\/#\\\/schema\\\/person\\\/78ac1b623dbf0ace868a5dbcdaed016d\",\"name\":\"Petur Mitt\u00fan\",\"image\":{\"@type\":\"ImageObject\",\"inLanguage\":\"en-US\",\"@id\":\"https:\\\/\\\/secure.gravatar.com\\\/avatar\\\/6f731b65ffaeb1029d9436acc96fc12c3cef9200131daa85ab7762529a25d1d2?s=96&d=mm&r=g\",\"url\":\"https:\\\/\\\/secure.gravatar.com\\\/avatar\\\/6f731b65ffaeb1029d9436acc96fc12c3cef9200131daa85ab7762529a25d1d2?s=96&d=mm&r=g\",\"contentUrl\":\"https:\\\/\\\/secure.gravatar.com\\\/avatar\\\/6f731b65ffaeb1029d9436acc96fc12c3cef9200131daa85ab7762529a25d1d2?s=96&d=mm&r=g\",\"caption\":\"Petur Mitt\u00fan\"},\"url\":\"https:\\\/\\\/isf.fo\\\/en\\\/author\\\/petur\\\/\"}]}<\/script>\n<!-- \/ Yoast SEO plugin. -->","yoast_head_json":{"title":"Opi\u00f0 br\u00e6v til J\u00f3gvan vi\u00f0 Keldu, Innlendism\u00e1lar\u00e1\u00f0harra - \u00cdtr\u00f3ttasamband F\u00f8roya","robots":{"index":"index","follow":"follow","max-snippet":"max-snippet:-1","max-image-preview":"max-image-preview:large","max-video-preview":"max-video-preview:-1"},"canonical":"https:\/\/isf.fo\/en\/opi\u00f0-br\u00e6v-til-jogvan-vi\u00f0-keldu-innlendismalara\u00f0harra\/","og_locale":"en_US","og_type":"article","og_title":"Opi\u00f0 br\u00e6v til J\u00f3gvan vi\u00f0 Keldu, Innlendism\u00e1lar\u00e1\u00f0harra - \u00cdtr\u00f3ttasamband F\u00f8roya","og_description":"\u00cdtr\u00f3ttasamband F\u00f8roya hevur \u00ed skrivi fr\u00e1 L\u00f8gmanni dagfest 27. mei, sum svar upp\u00e1 teldupost fr\u00e1 \u00cdSF dagfestur 13. apr\u00edl, fingi\u00f0 [&hellip;]","og_url":"https:\/\/isf.fo\/en\/opi\u00f0-br\u00e6v-til-jogvan-vi\u00f0-keldu-innlendismalara\u00f0harra\/","og_site_name":"\u00cdtr\u00f3ttasamband F\u00f8roya","article_publisher":"https:\/\/www.facebook.com\/itrottasambandid","article_published_time":"2004-05-27T23:10:01+00:00","author":"Petur Mitt\u00fan","twitter_card":"summary_large_image","twitter_misc":{"Written by":"Petur Mitt\u00fan","Est. reading time":"2 minutes"},"schema":{"@context":"https:\/\/schema.org","@graph":[{"@type":"Article","@id":"https:\/\/isf.fo\/opi%c3%b0-br%c3%a6v-til-jogvan-vi%c3%b0-keldu-innlendismalara%c3%b0harra\/#article","isPartOf":{"@id":"https:\/\/isf.fo\/opi%c3%b0-br%c3%a6v-til-jogvan-vi%c3%b0-keldu-innlendismalara%c3%b0harra\/"},"author":{"name":"Petur Mitt\u00fan","@id":"https:\/\/isf.fo\/#\/schema\/person\/78ac1b623dbf0ace868a5dbcdaed016d"},"headline":"Opi\u00f0 br\u00e6v til J\u00f3gvan vi\u00f0 Keldu, Innlendism\u00e1lar\u00e1\u00f0harra","datePublished":"2004-05-27T23:10:01+00:00","mainEntityOfPage":{"@id":"https:\/\/isf.fo\/opi%c3%b0-br%c3%a6v-til-jogvan-vi%c3%b0-keldu-innlendismalara%c3%b0harra\/"},"wordCount":322,"commentCount":0,"publisher":{"@id":"https:\/\/isf.fo\/#organization"},"articleSection":["\u00cdSF"],"inLanguage":"en-US"},{"@type":"WebPage","@id":"https:\/\/isf.fo\/opi%c3%b0-br%c3%a6v-til-jogvan-vi%c3%b0-keldu-innlendismalara%c3%b0harra\/","url":"https:\/\/isf.fo\/opi%c3%b0-br%c3%a6v-til-jogvan-vi%c3%b0-keldu-innlendismalara%c3%b0harra\/","name":"Opi\u00f0 br\u00e6v til J\u00f3gvan vi\u00f0 Keldu, Innlendism\u00e1lar\u00e1\u00f0harra - \u00cdtr\u00f3ttasamband F\u00f8roya","isPartOf":{"@id":"https:\/\/isf.fo\/#website"},"datePublished":"2004-05-27T23:10:01+00:00","breadcrumb":{"@id":"https:\/\/isf.fo\/opi%c3%b0-br%c3%a6v-til-jogvan-vi%c3%b0-keldu-innlendismalara%c3%b0harra\/#breadcrumb"},"inLanguage":"en-US","potentialAction":[{"@type":"ReadAction","target":["https:\/\/isf.fo\/opi%c3%b0-br%c3%a6v-til-jogvan-vi%c3%b0-keldu-innlendismalara%c3%b0harra\/"]}]},{"@type":"BreadcrumbList","@id":"https:\/\/isf.fo\/opi%c3%b0-br%c3%a6v-til-jogvan-vi%c3%b0-keldu-innlendismalara%c3%b0harra\/#breadcrumb","itemListElement":[{"@type":"ListItem","position":1,"name":"Home","item":"https:\/\/isf.fo\/"},{"@type":"ListItem","position":2,"name":"Opi\u00f0 br\u00e6v til J\u00f3gvan vi\u00f0 Keldu, Innlendism\u00e1lar\u00e1\u00f0harra"}]},{"@type":"WebSite","@id":"https:\/\/isf.fo\/#website","url":"https:\/\/isf.fo\/","name":"\u00cdtr\u00f3ttasamband F\u00f8roya","description":"","publisher":{"@id":"https:\/\/isf.fo\/#organization"},"potentialAction":[{"@type":"SearchAction","target":{"@type":"EntryPoint","urlTemplate":"https:\/\/isf.fo\/?s={search_term_string}"},"query-input":{"@type":"PropertyValueSpecification","valueRequired":true,"valueName":"search_term_string"}}],"inLanguage":"en-US"},{"@type":"Organization","@id":"https:\/\/isf.fo\/#organization","name":"\u00cdtr\u00f3ttasamband F\u00f8roya","url":"https:\/\/isf.fo\/","logo":{"@type":"ImageObject","inLanguage":"en-US","@id":"https:\/\/isf.fo\/#\/schema\/logo\/image\/","url":"https:\/\/isf.fo\/wp-content\/uploads\/2025\/06\/ISF_Olympic-Committee-logo.png","contentUrl":"https:\/\/isf.fo\/wp-content\/uploads\/2025\/06\/ISF_Olympic-Committee-logo.png","width":618,"height":121,"caption":"\u00cdtr\u00f3ttasamband F\u00f8roya"},"image":{"@id":"https:\/\/isf.fo\/#\/schema\/logo\/image\/"},"sameAs":["https:\/\/www.facebook.com\/itrottasambandid"]},{"@type":"Person","@id":"https:\/\/isf.fo\/#\/schema\/person\/78ac1b623dbf0ace868a5dbcdaed016d","name":"Petur Mitt\u00fan","image":{"@type":"ImageObject","inLanguage":"en-US","@id":"https:\/\/secure.gravatar.com\/avatar\/6f731b65ffaeb1029d9436acc96fc12c3cef9200131daa85ab7762529a25d1d2?s=96&d=mm&r=g","url":"https:\/\/secure.gravatar.com\/avatar\/6f731b65ffaeb1029d9436acc96fc12c3cef9200131daa85ab7762529a25d1d2?s=96&d=mm&r=g","contentUrl":"https:\/\/secure.gravatar.com\/avatar\/6f731b65ffaeb1029d9436acc96fc12c3cef9200131daa85ab7762529a25d1d2?s=96&d=mm&r=g","caption":"Petur Mitt\u00fan"},"url":"https:\/\/isf.fo\/en\/author\/petur\/"}]}},"_links":{"self":[{"href":"https:\/\/isf.fo\/en\/wp-json\/wp\/v2\/posts\/297","targetHints":{"allow":["GET"]}}],"collection":[{"href":"https:\/\/isf.fo\/en\/wp-json\/wp\/v2\/posts"}],"about":[{"href":"https:\/\/isf.fo\/en\/wp-json\/wp\/v2\/types\/post"}],"author":[{"embeddable":true,"href":"https:\/\/isf.fo\/en\/wp-json\/wp\/v2\/users\/6"}],"replies":[{"embeddable":true,"href":"https:\/\/isf.fo\/en\/wp-json\/wp\/v2\/comments?post=297"}],"version-history":[{"count":0,"href":"https:\/\/isf.fo\/en\/wp-json\/wp\/v2\/posts\/297\/revisions"}],"wp:attachment":[{"href":"https:\/\/isf.fo\/en\/wp-json\/wp\/v2\/media?parent=297"}],"wp:term":[{"taxonomy":"category","embeddable":true,"href":"https:\/\/isf.fo\/en\/wp-json\/wp\/v2\/categories?post=297"},{"taxonomy":"post_tag","embeddable":true,"href":"https:\/\/isf.fo\/en\/wp-json\/wp\/v2\/tags?post=297"}],"curies":[{"name":"wp","href":"https:\/\/api.w.org\/{rel}","templated":true}]}}