{"id":2979,"date":"2013-04-17T19:17:55","date_gmt":"2013-04-17T18:17:55","guid":{"rendered":"https:\/\/isf.fo\/?p=2979"},"modified":"2013-04-17T19:17:55","modified_gmt":"2013-04-17T18:17:55","slug":"3-manadir-til-oyggjaleikirnir-a-bermuda","status":"publish","type":"post","link":"https:\/\/isf.fo\/en\/3-manadir-til-oyggjaleikirnir-a-bermuda\/","title":{"rendered":"3 m\u00e1na\u00f0ir til Oyggjaleikirnar \u00e1 Bermuda"},"content":{"rendered":"<p>Um slakar 3 m\u00e1na\u00f0ir &#8211; leygardagin 13. juli &#8211; ver\u00f0a 15. oyggjaleikirnir settir \u00e1 Bermuda.<\/p>\n<p>Eini 100 f\u00f8roysk \u00edtr\u00f3ttaf\u00f3lk umframt lei\u00f0arar, venjarar og mi\u00f0lar leggja longu lei\u00f0ina yvirum hav umbor\u00f0 \u00e1 airbussinum hj\u00e1 Atlantic Airways. Samla\u00f0a flogt\u00ed\u00f0in er 9 t\u00edmar vi\u00f0 millumlending \u00ed St. Johns \u00ed Newfoundlandi.<\/p>\n<p>F\u00f8roysku \u00edtr\u00f3ttaf\u00f3lkini fara at kappast \u00ed badminton, beach volley, bor\u00f0tennis, fimleiki, flogb\u00f3lti, fjallas\u00fakkling, fr\u00e6lsum \u00edtr\u00f3tt\u00ed, golf, skj\u00f3ting,  s\u00fakkling, tennis og triathlon.<\/p>\n<p>F\u00f8royar hava bj\u00f3\u00f0a\u00f0 seg til at fyriskipa leikunum \u00ed 2019, og t\u00ed hava \u00cdSF og landsins myndugleikar mett ta\u00f0 hava st\u00f3ran t\u00fddning, at vit v\u00edsa \u00e1huga komandi leikirnar &#8211; eisini t\u00e1 leikirnir eru \u00e1 fjarskotnum st\u00f8\u00f0um sum Bermuda.<\/p>\n<p>F\u00f8royar t\u00f3ku \u00ed s\u00edni t\u00ed\u00f0 undir vi\u00f0, at Bermuda fekk limaskap \u00ed Altj\u00f3\u00f0a Oyggjaleikafelagsskapinum, og t\u00ed hevur \u00cdSF mett ta\u00f0 sum r\u00e6tt, at Bermuda eisini f\u00e6r m\u00f8guleikan at fyriskipa leikunum.<\/p>\n<p>Vegna b\u00faskaparkreppuna kring heimin seinnu \u00e1rini og st\u00f3ru fjarst\u00f8\u00f0una til Bermuda, hava n\u00f3gvar av limaoyggjunum valt at senda ein sm\u00e6rri h\u00f3p enn vanligt til oyggjaleikirnar \u00ed summar.<\/p>\n<p>F\u00f8royski h\u00f3purin, sum er \u00e1 lei\u00f0 eins st\u00f3rur sum  vanligt, er tann tri\u00f0st\u00f8rsti \u00e1 leikunum, og hava fyrireikararnir \u00e1 Bermuda fleiri fer\u00f0ir takka F\u00f8royum fyri samhaldsfesti, sum F\u00f8royar hava v\u00edst teimum vi\u00f0 st\u00f3ru f\u00f8roysku lutt\u00f8kuni.<\/p>\n<p>At F\u00f8royar kunnu vera so v\u00e6l umbo\u00f0a\u00f0ar kemst av, at landi\u00f0 gav ein serligan stu\u00f0ul til lutt\u00f8kuna \u00e1 j\u00fast hesum leikunum, og at Atlantic Airways v\u00edsti st\u00f3ra v\u00e6lvild vi\u00f0 at samskipa flogfer\u00f0ina til Bermuda og heim aftur.<\/p>\n<p>\u00cdtr\u00f3ttagreinirnar, i\u00f0 skulu senda f\u00f3lk til Bermuda \u00ed summar, eru \u00ed l\u00f8tuni \u00ed fer\u00f0 vi\u00f0 at velja s\u00ednar luttakarar \u00fat.<\/p>\n<p>Spennandi ver\u00f0ur at fylgja gongdini hesar seinasta m\u00e1na\u00f0irnar fram til leikirnar og ikki minni sj\u00e1lvum leikunum, i\u00f0 av \u00e1lvara byrja  sunnudagin 14. juli.<\/p>","protected":false},"excerpt":{"rendered":"<p>Um slakar 3 m\u00e1na\u00f0ir &#8211; leygardagin 13. juli &#8211; ver\u00f0a 15. oyggjaleikirnir settir \u00e1 Bermuda. Eini 100 f\u00f8roysk \u00edtr\u00f3ttaf\u00f3lk umframt [&hellip;]<\/p>\n","protected":false},"author":6,"featured_media":2980,"comment_status":"open","ping_status":"open","sticky":false,"template":"","format":"standard","meta":{"_acf_changed":false,"_relevanssi_hide_post":"","_relevanssi_hide_content":"","_relevanssi_pin_for_all":"","_relevanssi_pin_keywords":"","_relevanssi_unpin_keywords":"","_relevanssi_related_keywords":"","_relevanssi_related_include_ids":"","_relevanssi_related_exclude_ids":"","_relevanssi_related_no_append":"","_relevanssi_related_not_related":"","_relevanssi_related_posts":"","_relevanssi_noindex_reason":"","inline_featured_image":false,"footnotes":""},"categories":[2,8],"tags":[],"class_list":["post-2979","post","type-post","status-publish","format-standard","has-post-thumbnail","hentry","category-isf","category-oyggjaleikir"],"acf":[],"yoast_head":"<!-- This site is optimized with the Yoast SEO plugin v27.5 - https:\/\/yoast.com\/product\/yoast-seo-wordpress\/ -->\n<title>3 m\u00e1na\u00f0ir til Oyggjaleikirnar \u00e1 Bermuda - \u00cdtr\u00f3ttasamband F\u00f8roya<\/title>\n<meta name=\"robots\" content=\"index, follow, max-snippet:-1, max-image-preview:large, max-video-preview:-1\" \/>\n<link rel=\"canonical\" href=\"https:\/\/isf.fo\/en\/3-manadir-til-oyggjaleikirnir-a-bermuda\/\" \/>\n<meta property=\"og:locale\" content=\"en_US\" \/>\n<meta property=\"og:type\" content=\"article\" \/>\n<meta property=\"og:title\" content=\"3 m\u00e1na\u00f0ir til Oyggjaleikirnar \u00e1 Bermuda - \u00cdtr\u00f3ttasamband F\u00f8roya\" \/>\n<meta property=\"og:description\" content=\"Um slakar 3 m\u00e1na\u00f0ir &#8211; leygardagin 13. juli &#8211; ver\u00f0a 15. oyggjaleikirnir settir \u00e1 Bermuda. Eini 100 f\u00f8roysk \u00edtr\u00f3ttaf\u00f3lk umframt [&hellip;]\" \/>\n<meta property=\"og:url\" content=\"https:\/\/isf.fo\/en\/3-manadir-til-oyggjaleikirnir-a-bermuda\/\" \/>\n<meta property=\"og:site_name\" content=\"\u00cdtr\u00f3ttasamband F\u00f8roya\" \/>\n<meta property=\"article:publisher\" content=\"https:\/\/www.facebook.com\/itrottasambandid\" \/>\n<meta property=\"article:published_time\" content=\"2013-04-17T18:17:55+00:00\" \/>\n<meta name=\"author\" content=\"Petur Mitt\u00fan\" \/>\n<meta name=\"twitter:card\" content=\"summary_large_image\" \/>\n<meta name=\"twitter:label1\" content=\"Written by\" \/>\n\t<meta name=\"twitter:data1\" content=\"Petur Mitt\u00fan\" \/>\n\t<meta name=\"twitter:label2\" content=\"Est. reading time\" \/>\n\t<meta name=\"twitter:data2\" content=\"2 minutes\" \/>\n<script type=\"application\/ld+json\" class=\"yoast-schema-graph\">{\"@context\":\"https:\\\/\\\/schema.org\",\"@graph\":[{\"@type\":\"Article\",\"@id\":\"https:\\\/\\\/isf.fo\\\/3-manadir-til-oyggjaleikirnir-a-bermuda\\\/#article\",\"isPartOf\":{\"@id\":\"https:\\\/\\\/isf.fo\\\/3-manadir-til-oyggjaleikirnir-a-bermuda\\\/\"},\"author\":{\"name\":\"Petur Mitt\u00fan\",\"@id\":\"https:\\\/\\\/isf.fo\\\/#\\\/schema\\\/person\\\/78ac1b623dbf0ace868a5dbcdaed016d\"},\"headline\":\"3 m\u00e1na\u00f0ir til Oyggjaleikirnar \u00e1 Bermuda\",\"datePublished\":\"2013-04-17T18:17:55+00:00\",\"mainEntityOfPage\":{\"@id\":\"https:\\\/\\\/isf.fo\\\/3-manadir-til-oyggjaleikirnir-a-bermuda\\\/\"},\"wordCount\":332,\"commentCount\":0,\"publisher\":{\"@id\":\"https:\\\/\\\/isf.fo\\\/#organization\"},\"image\":{\"@id\":\"https:\\\/\\\/isf.fo\\\/3-manadir-til-oyggjaleikirnir-a-bermuda\\\/#primaryimage\"},\"thumbnailUrl\":\"\",\"articleSection\":[\"\u00cdSF\",\"Oyggjaleikir\"],\"inLanguage\":\"en-US\"},{\"@type\":\"WebPage\",\"@id\":\"https:\\\/\\\/isf.fo\\\/3-manadir-til-oyggjaleikirnir-a-bermuda\\\/\",\"url\":\"https:\\\/\\\/isf.fo\\\/3-manadir-til-oyggjaleikirnir-a-bermuda\\\/\",\"name\":\"3 m\u00e1na\u00f0ir til Oyggjaleikirnar \u00e1 Bermuda - \u00cdtr\u00f3ttasamband F\u00f8roya\",\"isPartOf\":{\"@id\":\"https:\\\/\\\/isf.fo\\\/#website\"},\"primaryImageOfPage\":{\"@id\":\"https:\\\/\\\/isf.fo\\\/3-manadir-til-oyggjaleikirnir-a-bermuda\\\/#primaryimage\"},\"image\":{\"@id\":\"https:\\\/\\\/isf.fo\\\/3-manadir-til-oyggjaleikirnir-a-bermuda\\\/#primaryimage\"},\"thumbnailUrl\":\"\",\"datePublished\":\"2013-04-17T18:17:55+00:00\",\"breadcrumb\":{\"@id\":\"https:\\\/\\\/isf.fo\\\/3-manadir-til-oyggjaleikirnir-a-bermuda\\\/#breadcrumb\"},\"inLanguage\":\"en-US\",\"potentialAction\":[{\"@type\":\"ReadAction\",\"target\":[\"https:\\\/\\\/isf.fo\\\/3-manadir-til-oyggjaleikirnir-a-bermuda\\\/\"]}]},{\"@type\":\"ImageObject\",\"inLanguage\":\"en-US\",\"@id\":\"https:\\\/\\\/isf.fo\\\/3-manadir-til-oyggjaleikirnir-a-bermuda\\\/#primaryimage\",\"url\":\"\",\"contentUrl\":\"\"},{\"@type\":\"BreadcrumbList\",\"@id\":\"https:\\\/\\\/isf.fo\\\/3-manadir-til-oyggjaleikirnir-a-bermuda\\\/#breadcrumb\",\"itemListElement\":[{\"@type\":\"ListItem\",\"position\":1,\"name\":\"Home\",\"item\":\"https:\\\/\\\/isf.fo\\\/\"},{\"@type\":\"ListItem\",\"position\":2,\"name\":\"3 m\u00e1na\u00f0ir til Oyggjaleikirnar \u00e1 Bermuda\"}]},{\"@type\":\"WebSite\",\"@id\":\"https:\\\/\\\/isf.fo\\\/#website\",\"url\":\"https:\\\/\\\/isf.fo\\\/\",\"name\":\"\u00cdtr\u00f3ttasamband F\u00f8roya\",\"description\":\"\",\"publisher\":{\"@id\":\"https:\\\/\\\/isf.fo\\\/#organization\"},\"potentialAction\":[{\"@type\":\"SearchAction\",\"target\":{\"@type\":\"EntryPoint\",\"urlTemplate\":\"https:\\\/\\\/isf.fo\\\/?s={search_term_string}\"},\"query-input\":{\"@type\":\"PropertyValueSpecification\",\"valueRequired\":true,\"valueName\":\"search_term_string\"}}],\"inLanguage\":\"en-US\"},{\"@type\":\"Organization\",\"@id\":\"https:\\\/\\\/isf.fo\\\/#organization\",\"name\":\"\u00cdtr\u00f3ttasamband F\u00f8roya\",\"url\":\"https:\\\/\\\/isf.fo\\\/\",\"logo\":{\"@type\":\"ImageObject\",\"inLanguage\":\"en-US\",\"@id\":\"https:\\\/\\\/isf.fo\\\/#\\\/schema\\\/logo\\\/image\\\/\",\"url\":\"https:\\\/\\\/isf.fo\\\/wp-content\\\/uploads\\\/2025\\\/06\\\/ISF_Olympic-Committee-logo.png\",\"contentUrl\":\"https:\\\/\\\/isf.fo\\\/wp-content\\\/uploads\\\/2025\\\/06\\\/ISF_Olympic-Committee-logo.png\",\"width\":618,\"height\":121,\"caption\":\"\u00cdtr\u00f3ttasamband F\u00f8roya\"},\"image\":{\"@id\":\"https:\\\/\\\/isf.fo\\\/#\\\/schema\\\/logo\\\/image\\\/\"},\"sameAs\":[\"https:\\\/\\\/www.facebook.com\\\/itrottasambandid\"]},{\"@type\":\"Person\",\"@id\":\"https:\\\/\\\/isf.fo\\\/#\\\/schema\\\/person\\\/78ac1b623dbf0ace868a5dbcdaed016d\",\"name\":\"Petur Mitt\u00fan\",\"image\":{\"@type\":\"ImageObject\",\"inLanguage\":\"en-US\",\"@id\":\"https:\\\/\\\/secure.gravatar.com\\\/avatar\\\/6f731b65ffaeb1029d9436acc96fc12c3cef9200131daa85ab7762529a25d1d2?s=96&d=mm&r=g\",\"url\":\"https:\\\/\\\/secure.gravatar.com\\\/avatar\\\/6f731b65ffaeb1029d9436acc96fc12c3cef9200131daa85ab7762529a25d1d2?s=96&d=mm&r=g\",\"contentUrl\":\"https:\\\/\\\/secure.gravatar.com\\\/avatar\\\/6f731b65ffaeb1029d9436acc96fc12c3cef9200131daa85ab7762529a25d1d2?s=96&d=mm&r=g\",\"caption\":\"Petur Mitt\u00fan\"},\"url\":\"https:\\\/\\\/isf.fo\\\/en\\\/author\\\/petur\\\/\"}]}<\/script>\n<!-- \/ Yoast SEO plugin. -->","yoast_head_json":{"title":"3 m\u00e1na\u00f0ir til Oyggjaleikirnar \u00e1 Bermuda - \u00cdtr\u00f3ttasamband F\u00f8roya","robots":{"index":"index","follow":"follow","max-snippet":"max-snippet:-1","max-image-preview":"max-image-preview:large","max-video-preview":"max-video-preview:-1"},"canonical":"https:\/\/isf.fo\/en\/3-manadir-til-oyggjaleikirnir-a-bermuda\/","og_locale":"en_US","og_type":"article","og_title":"3 m\u00e1na\u00f0ir til Oyggjaleikirnar \u00e1 Bermuda - \u00cdtr\u00f3ttasamband F\u00f8roya","og_description":"Um slakar 3 m\u00e1na\u00f0ir &#8211; leygardagin 13. juli &#8211; ver\u00f0a 15. oyggjaleikirnir settir \u00e1 Bermuda. Eini 100 f\u00f8roysk \u00edtr\u00f3ttaf\u00f3lk umframt [&hellip;]","og_url":"https:\/\/isf.fo\/en\/3-manadir-til-oyggjaleikirnir-a-bermuda\/","og_site_name":"\u00cdtr\u00f3ttasamband F\u00f8roya","article_publisher":"https:\/\/www.facebook.com\/itrottasambandid","article_published_time":"2013-04-17T18:17:55+00:00","author":"Petur Mitt\u00fan","twitter_card":"summary_large_image","twitter_misc":{"Written by":"Petur Mitt\u00fan","Est. reading time":"2 minutes"},"schema":{"@context":"https:\/\/schema.org","@graph":[{"@type":"Article","@id":"https:\/\/isf.fo\/3-manadir-til-oyggjaleikirnir-a-bermuda\/#article","isPartOf":{"@id":"https:\/\/isf.fo\/3-manadir-til-oyggjaleikirnir-a-bermuda\/"},"author":{"name":"Petur Mitt\u00fan","@id":"https:\/\/isf.fo\/#\/schema\/person\/78ac1b623dbf0ace868a5dbcdaed016d"},"headline":"3 m\u00e1na\u00f0ir til Oyggjaleikirnar \u00e1 Bermuda","datePublished":"2013-04-17T18:17:55+00:00","mainEntityOfPage":{"@id":"https:\/\/isf.fo\/3-manadir-til-oyggjaleikirnir-a-bermuda\/"},"wordCount":332,"commentCount":0,"publisher":{"@id":"https:\/\/isf.fo\/#organization"},"image":{"@id":"https:\/\/isf.fo\/3-manadir-til-oyggjaleikirnir-a-bermuda\/#primaryimage"},"thumbnailUrl":"","articleSection":["\u00cdSF","Oyggjaleikir"],"inLanguage":"en-US"},{"@type":"WebPage","@id":"https:\/\/isf.fo\/3-manadir-til-oyggjaleikirnir-a-bermuda\/","url":"https:\/\/isf.fo\/3-manadir-til-oyggjaleikirnir-a-bermuda\/","name":"3 m\u00e1na\u00f0ir til Oyggjaleikirnar \u00e1 Bermuda - \u00cdtr\u00f3ttasamband F\u00f8roya","isPartOf":{"@id":"https:\/\/isf.fo\/#website"},"primaryImageOfPage":{"@id":"https:\/\/isf.fo\/3-manadir-til-oyggjaleikirnir-a-bermuda\/#primaryimage"},"image":{"@id":"https:\/\/isf.fo\/3-manadir-til-oyggjaleikirnir-a-bermuda\/#primaryimage"},"thumbnailUrl":"","datePublished":"2013-04-17T18:17:55+00:00","breadcrumb":{"@id":"https:\/\/isf.fo\/3-manadir-til-oyggjaleikirnir-a-bermuda\/#breadcrumb"},"inLanguage":"en-US","potentialAction":[{"@type":"ReadAction","target":["https:\/\/isf.fo\/3-manadir-til-oyggjaleikirnir-a-bermuda\/"]}]},{"@type":"ImageObject","inLanguage":"en-US","@id":"https:\/\/isf.fo\/3-manadir-til-oyggjaleikirnir-a-bermuda\/#primaryimage","url":"","contentUrl":""},{"@type":"BreadcrumbList","@id":"https:\/\/isf.fo\/3-manadir-til-oyggjaleikirnir-a-bermuda\/#breadcrumb","itemListElement":[{"@type":"ListItem","position":1,"name":"Home","item":"https:\/\/isf.fo\/"},{"@type":"ListItem","position":2,"name":"3 m\u00e1na\u00f0ir til Oyggjaleikirnar \u00e1 Bermuda"}]},{"@type":"WebSite","@id":"https:\/\/isf.fo\/#website","url":"https:\/\/isf.fo\/","name":"\u00cdtr\u00f3ttasamband F\u00f8roya","description":"","publisher":{"@id":"https:\/\/isf.fo\/#organization"},"potentialAction":[{"@type":"SearchAction","target":{"@type":"EntryPoint","urlTemplate":"https:\/\/isf.fo\/?s={search_term_string}"},"query-input":{"@type":"PropertyValueSpecification","valueRequired":true,"valueName":"search_term_string"}}],"inLanguage":"en-US"},{"@type":"Organization","@id":"https:\/\/isf.fo\/#organization","name":"\u00cdtr\u00f3ttasamband F\u00f8roya","url":"https:\/\/isf.fo\/","logo":{"@type":"ImageObject","inLanguage":"en-US","@id":"https:\/\/isf.fo\/#\/schema\/logo\/image\/","url":"https:\/\/isf.fo\/wp-content\/uploads\/2025\/06\/ISF_Olympic-Committee-logo.png","contentUrl":"https:\/\/isf.fo\/wp-content\/uploads\/2025\/06\/ISF_Olympic-Committee-logo.png","width":618,"height":121,"caption":"\u00cdtr\u00f3ttasamband F\u00f8roya"},"image":{"@id":"https:\/\/isf.fo\/#\/schema\/logo\/image\/"},"sameAs":["https:\/\/www.facebook.com\/itrottasambandid"]},{"@type":"Person","@id":"https:\/\/isf.fo\/#\/schema\/person\/78ac1b623dbf0ace868a5dbcdaed016d","name":"Petur Mitt\u00fan","image":{"@type":"ImageObject","inLanguage":"en-US","@id":"https:\/\/secure.gravatar.com\/avatar\/6f731b65ffaeb1029d9436acc96fc12c3cef9200131daa85ab7762529a25d1d2?s=96&d=mm&r=g","url":"https:\/\/secure.gravatar.com\/avatar\/6f731b65ffaeb1029d9436acc96fc12c3cef9200131daa85ab7762529a25d1d2?s=96&d=mm&r=g","contentUrl":"https:\/\/secure.gravatar.com\/avatar\/6f731b65ffaeb1029d9436acc96fc12c3cef9200131daa85ab7762529a25d1d2?s=96&d=mm&r=g","caption":"Petur Mitt\u00fan"},"url":"https:\/\/isf.fo\/en\/author\/petur\/"}]}},"_links":{"self":[{"href":"https:\/\/isf.fo\/en\/wp-json\/wp\/v2\/posts\/2979","targetHints":{"allow":["GET"]}}],"collection":[{"href":"https:\/\/isf.fo\/en\/wp-json\/wp\/v2\/posts"}],"about":[{"href":"https:\/\/isf.fo\/en\/wp-json\/wp\/v2\/types\/post"}],"author":[{"embeddable":true,"href":"https:\/\/isf.fo\/en\/wp-json\/wp\/v2\/users\/6"}],"replies":[{"embeddable":true,"href":"https:\/\/isf.fo\/en\/wp-json\/wp\/v2\/comments?post=2979"}],"version-history":[{"count":0,"href":"https:\/\/isf.fo\/en\/wp-json\/wp\/v2\/posts\/2979\/revisions"}],"wp:featuredmedia":[{"embeddable":true,"href":"https:\/\/isf.fo\/en\/wp-json\/"}],"wp:attachment":[{"href":"https:\/\/isf.fo\/en\/wp-json\/wp\/v2\/media?parent=2979"}],"wp:term":[{"taxonomy":"category","embeddable":true,"href":"https:\/\/isf.fo\/en\/wp-json\/wp\/v2\/categories?post=2979"},{"taxonomy":"post_tag","embeddable":true,"href":"https:\/\/isf.fo\/en\/wp-json\/wp\/v2\/tags?post=2979"}],"curies":[{"name":"wp","href":"https:\/\/api.w.org\/{rel}","templated":true}]}}