{"id":298,"date":"2004-05-28T00:11:54","date_gmt":"2004-05-27T23:11:54","guid":{"rendered":"http:\/\/www.solvihansen.com\/isf\/?p=158"},"modified":"2004-05-28T00:11:54","modified_gmt":"2004-05-27T23:11:54","slug":"k%c3%a6ra-um-malsvi%c3%b0ger%c3%b0-hja-landsstyrismanni","status":"publish","type":"post","link":"https:\/\/isf.fo\/en\/k%c3%a6ra-um-malsvi%c3%b0ger%c3%b0-hja-landsstyrismanni\/","title":{"rendered":"K\u00e6ra um m\u00e1lsvi\u00f0ger\u00f0 hj\u00e1 landsst\u00fdrismanni"},"content":{"rendered":"<p class=\"head\">V\u00edsandi til starvsskipan fyri landsst\u00fdrism\u00e1lanevndina fr\u00e1 21. september 2000 \u00a7 2, stk. 2 loyvir undirrita\u00f0i s\u00e6r sum forseti fyri \u00cdtr\u00f3ttasamband F\u00f8roya at k\u00e6ra m\u00e1li\u00f0 um \u00fatlendskar \u00edtr\u00f3ttaleikarar og \u00fatlendskar \u00edt\u00f3ttavenjarar fyri landsst\u00fdrism\u00e1lanevndina.<\/p>\n<p>Talan er um fyrisitingarm\u00e1l, i\u00f0 hoyrir undir J\u00f3gvan vi\u00f0 Keldu landsst\u00fdrismann \u00ed innlendism\u00e1lum. Innlendism\u00e1lar\u00e1\u00f0i\u00f0 hevur fyrisitingarligu \u00e1byrgdina F\u00f8roya landsst\u00fdris vegna at umsita og umm\u00e6la tey m\u00e1l, sum vi\u00f0v\u00edkja \u00fatlendingum \u00ed F\u00f8royum; hesar heimildir samb\u00e6rt felagssl\u00f3gg\u00e1vu eru samb\u00e6rt avtalu \u00e1 f\u00f8royskum hondum.<\/p>\n<p>Samb\u00e6rt uppl\u00fdsingum fr\u00e1 donskum emb\u00e6tisf\u00f3lki er ta\u00f0 upp til f\u00f8royskar myndugleikar at leggja eina grei\u00f0a linju fyri praksis \u00e1 hesum \u00f8ki. Sum d\u00f8mi kann hugsast, at uppihaldsloyvi ver\u00f0ur givi\u00f0, t\u00e1 \u00edtr\u00f3ttaf\u00f3lk kunnu skjalpr\u00f3gva, at \u00edtr\u00f3ttafelagi\u00f0, i\u00f0 er vertur teirra, tryggjar teimum innihvist og kost ella t.d. \u00e1v\u00edsa m\u00e1na\u00f0arliga upph\u00e6dd. S\u00ed\u00f0ani eigur ta\u00f0 at standa teimum fr\u00edtt at taka av tilbo\u00f0i um anna\u00f0 arbei\u00f0i, sum stu\u00f0lar hj\u00e1 felagnum ella onnur vilja bj\u00f3\u00f0a teimum til vanligar treytir, men vi\u00f0 t\u00ed fyri eyga at stu\u00f0la teimum og \u00edtr\u00f3ttafelagnum.<\/p>\n<p>Landsst\u00fdrisma\u00f0urin hevur havt ovmiki\u00f0 av t\u00ed\u00f0 at leggja sl\u00edkar linjur fyri praksis \u00ed F\u00f8royum. Somulei\u00f0is hava emb\u00e6tisf\u00f3lk hansara havt ovmiki\u00f0 av t\u00ed\u00f0 at avgrei\u00f0a m\u00e1lini eftir sl\u00edkum leisti. Men, \u00edsta\u00f0in skilst, at b\u00e6\u00f0i landsst\u00fdrisma\u00f0ur og emb\u00e6tisf\u00f3lk &#8220;skunda s\u00e6r spakuliga.&#8221;<\/p>\n<p>Vit heita \u00e1 landsst\u00fdrim\u00e1lanevndina um at taka hetta m\u00e1li\u00f0 upp, so loysn kann f\u00e1ast \u00e1 ta\u00f0, og m\u00e1lsvi\u00f0ger\u00f0in aftur gerst \u00ed samsvar vi\u00f0 g\u00f3\u00f0an fyrisingarsi\u00f0, \u00e1\u00f0renn hetta f\u00e6r \u00f3b\u00f3taligan ska\u00f0a fyri \u00edtr\u00f3ttin her \u00e1 landi.<br \/>\n<strong><em>Vegna \u00cdtr\u00f3ttasamband F\u00f8roya<\/em><\/strong><\/p>\n<p><strong>He\u00f0in Mortensen, forseti<\/strong><\/p>","protected":false},"excerpt":{"rendered":"<p>V\u00edsandi til starvsskipan fyri landsst\u00fdrism\u00e1lanevndina fr\u00e1 21. september 2000 \u00a7 2, stk. 2 loyvir undirrita\u00f0i s\u00e6r sum forseti fyri \u00cdtr\u00f3ttasamband [&hellip;]<\/p>\n","protected":false},"author":6,"featured_media":0,"comment_status":"open","ping_status":"open","sticky":false,"template":"","format":"standard","meta":{"_acf_changed":false,"_relevanssi_hide_post":"","_relevanssi_hide_content":"","_relevanssi_pin_for_all":"","_relevanssi_pin_keywords":"","_relevanssi_unpin_keywords":"","_relevanssi_related_keywords":"","_relevanssi_related_include_ids":"","_relevanssi_related_exclude_ids":"","_relevanssi_related_no_append":"","_relevanssi_related_not_related":"","_relevanssi_related_posts":"","_relevanssi_noindex_reason":"","inline_featured_image":false,"footnotes":""},"categories":[2],"tags":[],"class_list":["post-298","post","type-post","status-publish","format-standard","hentry","category-isf"],"acf":[],"yoast_head":"<!-- This site is optimized with the Yoast SEO plugin v27.5 - https:\/\/yoast.com\/product\/yoast-seo-wordpress\/ -->\n<title>K\u00e6ra um m\u00e1lsvi\u00f0ger\u00f0 hj\u00e1 landsst\u00fdrismanni - \u00cdtr\u00f3ttasamband F\u00f8roya<\/title>\n<meta name=\"robots\" content=\"index, follow, max-snippet:-1, max-image-preview:large, max-video-preview:-1\" \/>\n<link rel=\"canonical\" href=\"https:\/\/isf.fo\/en\/k\u00e6ra-um-malsvi\u00f0ger\u00f0-hja-landsstyrismanni\/\" \/>\n<meta property=\"og:locale\" content=\"en_US\" \/>\n<meta property=\"og:type\" content=\"article\" \/>\n<meta property=\"og:title\" content=\"K\u00e6ra um m\u00e1lsvi\u00f0ger\u00f0 hj\u00e1 landsst\u00fdrismanni - \u00cdtr\u00f3ttasamband F\u00f8roya\" \/>\n<meta property=\"og:description\" content=\"V\u00edsandi til starvsskipan fyri landsst\u00fdrism\u00e1lanevndina fr\u00e1 21. september 2000 \u00a7 2, stk. 2 loyvir undirrita\u00f0i s\u00e6r sum forseti fyri \u00cdtr\u00f3ttasamband [&hellip;]\" \/>\n<meta property=\"og:url\" content=\"https:\/\/isf.fo\/en\/k\u00e6ra-um-malsvi\u00f0ger\u00f0-hja-landsstyrismanni\/\" \/>\n<meta property=\"og:site_name\" content=\"\u00cdtr\u00f3ttasamband F\u00f8roya\" \/>\n<meta property=\"article:publisher\" content=\"https:\/\/www.facebook.com\/itrottasambandid\" \/>\n<meta property=\"article:published_time\" content=\"2004-05-27T23:11:54+00:00\" \/>\n<meta name=\"author\" content=\"Petur Mitt\u00fan\" \/>\n<meta name=\"twitter:card\" content=\"summary_large_image\" \/>\n<meta name=\"twitter:label1\" content=\"Written by\" \/>\n\t<meta name=\"twitter:data1\" content=\"Petur Mitt\u00fan\" \/>\n\t<meta name=\"twitter:label2\" content=\"Est. reading time\" \/>\n\t<meta name=\"twitter:data2\" content=\"2 minutes\" \/>\n<script type=\"application\/ld+json\" class=\"yoast-schema-graph\">{\"@context\":\"https:\\\/\\\/schema.org\",\"@graph\":[{\"@type\":\"Article\",\"@id\":\"https:\\\/\\\/isf.fo\\\/k%c3%a6ra-um-malsvi%c3%b0ger%c3%b0-hja-landsstyrismanni\\\/#article\",\"isPartOf\":{\"@id\":\"https:\\\/\\\/isf.fo\\\/k%c3%a6ra-um-malsvi%c3%b0ger%c3%b0-hja-landsstyrismanni\\\/\"},\"author\":{\"name\":\"Petur Mitt\u00fan\",\"@id\":\"https:\\\/\\\/isf.fo\\\/#\\\/schema\\\/person\\\/78ac1b623dbf0ace868a5dbcdaed016d\"},\"headline\":\"K\u00e6ra um m\u00e1lsvi\u00f0ger\u00f0 hj\u00e1 landsst\u00fdrismanni\",\"datePublished\":\"2004-05-27T23:11:54+00:00\",\"mainEntityOfPage\":{\"@id\":\"https:\\\/\\\/isf.fo\\\/k%c3%a6ra-um-malsvi%c3%b0ger%c3%b0-hja-landsstyrismanni\\\/\"},\"wordCount\":321,\"commentCount\":0,\"publisher\":{\"@id\":\"https:\\\/\\\/isf.fo\\\/#organization\"},\"articleSection\":[\"\u00cdSF\"],\"inLanguage\":\"en-US\"},{\"@type\":\"WebPage\",\"@id\":\"https:\\\/\\\/isf.fo\\\/k%c3%a6ra-um-malsvi%c3%b0ger%c3%b0-hja-landsstyrismanni\\\/\",\"url\":\"https:\\\/\\\/isf.fo\\\/k%c3%a6ra-um-malsvi%c3%b0ger%c3%b0-hja-landsstyrismanni\\\/\",\"name\":\"K\u00e6ra um m\u00e1lsvi\u00f0ger\u00f0 hj\u00e1 landsst\u00fdrismanni - \u00cdtr\u00f3ttasamband F\u00f8roya\",\"isPartOf\":{\"@id\":\"https:\\\/\\\/isf.fo\\\/#website\"},\"datePublished\":\"2004-05-27T23:11:54+00:00\",\"breadcrumb\":{\"@id\":\"https:\\\/\\\/isf.fo\\\/k%c3%a6ra-um-malsvi%c3%b0ger%c3%b0-hja-landsstyrismanni\\\/#breadcrumb\"},\"inLanguage\":\"en-US\",\"potentialAction\":[{\"@type\":\"ReadAction\",\"target\":[\"https:\\\/\\\/isf.fo\\\/k%c3%a6ra-um-malsvi%c3%b0ger%c3%b0-hja-landsstyrismanni\\\/\"]}]},{\"@type\":\"BreadcrumbList\",\"@id\":\"https:\\\/\\\/isf.fo\\\/k%c3%a6ra-um-malsvi%c3%b0ger%c3%b0-hja-landsstyrismanni\\\/#breadcrumb\",\"itemListElement\":[{\"@type\":\"ListItem\",\"position\":1,\"name\":\"Home\",\"item\":\"https:\\\/\\\/isf.fo\\\/\"},{\"@type\":\"ListItem\",\"position\":2,\"name\":\"K\u00e6ra um m\u00e1lsvi\u00f0ger\u00f0 hj\u00e1 landsst\u00fdrismanni\"}]},{\"@type\":\"WebSite\",\"@id\":\"https:\\\/\\\/isf.fo\\\/#website\",\"url\":\"https:\\\/\\\/isf.fo\\\/\",\"name\":\"\u00cdtr\u00f3ttasamband F\u00f8roya\",\"description\":\"\",\"publisher\":{\"@id\":\"https:\\\/\\\/isf.fo\\\/#organization\"},\"potentialAction\":[{\"@type\":\"SearchAction\",\"target\":{\"@type\":\"EntryPoint\",\"urlTemplate\":\"https:\\\/\\\/isf.fo\\\/?s={search_term_string}\"},\"query-input\":{\"@type\":\"PropertyValueSpecification\",\"valueRequired\":true,\"valueName\":\"search_term_string\"}}],\"inLanguage\":\"en-US\"},{\"@type\":\"Organization\",\"@id\":\"https:\\\/\\\/isf.fo\\\/#organization\",\"name\":\"\u00cdtr\u00f3ttasamband F\u00f8roya\",\"url\":\"https:\\\/\\\/isf.fo\\\/\",\"logo\":{\"@type\":\"ImageObject\",\"inLanguage\":\"en-US\",\"@id\":\"https:\\\/\\\/isf.fo\\\/#\\\/schema\\\/logo\\\/image\\\/\",\"url\":\"https:\\\/\\\/isf.fo\\\/wp-content\\\/uploads\\\/2025\\\/06\\\/ISF_Olympic-Committee-logo.png\",\"contentUrl\":\"https:\\\/\\\/isf.fo\\\/wp-content\\\/uploads\\\/2025\\\/06\\\/ISF_Olympic-Committee-logo.png\",\"width\":618,\"height\":121,\"caption\":\"\u00cdtr\u00f3ttasamband F\u00f8roya\"},\"image\":{\"@id\":\"https:\\\/\\\/isf.fo\\\/#\\\/schema\\\/logo\\\/image\\\/\"},\"sameAs\":[\"https:\\\/\\\/www.facebook.com\\\/itrottasambandid\"]},{\"@type\":\"Person\",\"@id\":\"https:\\\/\\\/isf.fo\\\/#\\\/schema\\\/person\\\/78ac1b623dbf0ace868a5dbcdaed016d\",\"name\":\"Petur Mitt\u00fan\",\"image\":{\"@type\":\"ImageObject\",\"inLanguage\":\"en-US\",\"@id\":\"https:\\\/\\\/secure.gravatar.com\\\/avatar\\\/6f731b65ffaeb1029d9436acc96fc12c3cef9200131daa85ab7762529a25d1d2?s=96&d=mm&r=g\",\"url\":\"https:\\\/\\\/secure.gravatar.com\\\/avatar\\\/6f731b65ffaeb1029d9436acc96fc12c3cef9200131daa85ab7762529a25d1d2?s=96&d=mm&r=g\",\"contentUrl\":\"https:\\\/\\\/secure.gravatar.com\\\/avatar\\\/6f731b65ffaeb1029d9436acc96fc12c3cef9200131daa85ab7762529a25d1d2?s=96&d=mm&r=g\",\"caption\":\"Petur Mitt\u00fan\"},\"url\":\"https:\\\/\\\/isf.fo\\\/en\\\/author\\\/petur\\\/\"}]}<\/script>\n<!-- \/ Yoast SEO plugin. -->","yoast_head_json":{"title":"K\u00e6ra um m\u00e1lsvi\u00f0ger\u00f0 hj\u00e1 landsst\u00fdrismanni - \u00cdtr\u00f3ttasamband F\u00f8roya","robots":{"index":"index","follow":"follow","max-snippet":"max-snippet:-1","max-image-preview":"max-image-preview:large","max-video-preview":"max-video-preview:-1"},"canonical":"https:\/\/isf.fo\/en\/k\u00e6ra-um-malsvi\u00f0ger\u00f0-hja-landsstyrismanni\/","og_locale":"en_US","og_type":"article","og_title":"K\u00e6ra um m\u00e1lsvi\u00f0ger\u00f0 hj\u00e1 landsst\u00fdrismanni - \u00cdtr\u00f3ttasamband F\u00f8roya","og_description":"V\u00edsandi til starvsskipan fyri landsst\u00fdrism\u00e1lanevndina fr\u00e1 21. september 2000 \u00a7 2, stk. 2 loyvir undirrita\u00f0i s\u00e6r sum forseti fyri \u00cdtr\u00f3ttasamband [&hellip;]","og_url":"https:\/\/isf.fo\/en\/k\u00e6ra-um-malsvi\u00f0ger\u00f0-hja-landsstyrismanni\/","og_site_name":"\u00cdtr\u00f3ttasamband F\u00f8roya","article_publisher":"https:\/\/www.facebook.com\/itrottasambandid","article_published_time":"2004-05-27T23:11:54+00:00","author":"Petur Mitt\u00fan","twitter_card":"summary_large_image","twitter_misc":{"Written by":"Petur Mitt\u00fan","Est. reading time":"2 minutes"},"schema":{"@context":"https:\/\/schema.org","@graph":[{"@type":"Article","@id":"https:\/\/isf.fo\/k%c3%a6ra-um-malsvi%c3%b0ger%c3%b0-hja-landsstyrismanni\/#article","isPartOf":{"@id":"https:\/\/isf.fo\/k%c3%a6ra-um-malsvi%c3%b0ger%c3%b0-hja-landsstyrismanni\/"},"author":{"name":"Petur Mitt\u00fan","@id":"https:\/\/isf.fo\/#\/schema\/person\/78ac1b623dbf0ace868a5dbcdaed016d"},"headline":"K\u00e6ra um m\u00e1lsvi\u00f0ger\u00f0 hj\u00e1 landsst\u00fdrismanni","datePublished":"2004-05-27T23:11:54+00:00","mainEntityOfPage":{"@id":"https:\/\/isf.fo\/k%c3%a6ra-um-malsvi%c3%b0ger%c3%b0-hja-landsstyrismanni\/"},"wordCount":321,"commentCount":0,"publisher":{"@id":"https:\/\/isf.fo\/#organization"},"articleSection":["\u00cdSF"],"inLanguage":"en-US"},{"@type":"WebPage","@id":"https:\/\/isf.fo\/k%c3%a6ra-um-malsvi%c3%b0ger%c3%b0-hja-landsstyrismanni\/","url":"https:\/\/isf.fo\/k%c3%a6ra-um-malsvi%c3%b0ger%c3%b0-hja-landsstyrismanni\/","name":"K\u00e6ra um m\u00e1lsvi\u00f0ger\u00f0 hj\u00e1 landsst\u00fdrismanni - \u00cdtr\u00f3ttasamband F\u00f8roya","isPartOf":{"@id":"https:\/\/isf.fo\/#website"},"datePublished":"2004-05-27T23:11:54+00:00","breadcrumb":{"@id":"https:\/\/isf.fo\/k%c3%a6ra-um-malsvi%c3%b0ger%c3%b0-hja-landsstyrismanni\/#breadcrumb"},"inLanguage":"en-US","potentialAction":[{"@type":"ReadAction","target":["https:\/\/isf.fo\/k%c3%a6ra-um-malsvi%c3%b0ger%c3%b0-hja-landsstyrismanni\/"]}]},{"@type":"BreadcrumbList","@id":"https:\/\/isf.fo\/k%c3%a6ra-um-malsvi%c3%b0ger%c3%b0-hja-landsstyrismanni\/#breadcrumb","itemListElement":[{"@type":"ListItem","position":1,"name":"Home","item":"https:\/\/isf.fo\/"},{"@type":"ListItem","position":2,"name":"K\u00e6ra um m\u00e1lsvi\u00f0ger\u00f0 hj\u00e1 landsst\u00fdrismanni"}]},{"@type":"WebSite","@id":"https:\/\/isf.fo\/#website","url":"https:\/\/isf.fo\/","name":"\u00cdtr\u00f3ttasamband F\u00f8roya","description":"","publisher":{"@id":"https:\/\/isf.fo\/#organization"},"potentialAction":[{"@type":"SearchAction","target":{"@type":"EntryPoint","urlTemplate":"https:\/\/isf.fo\/?s={search_term_string}"},"query-input":{"@type":"PropertyValueSpecification","valueRequired":true,"valueName":"search_term_string"}}],"inLanguage":"en-US"},{"@type":"Organization","@id":"https:\/\/isf.fo\/#organization","name":"\u00cdtr\u00f3ttasamband F\u00f8roya","url":"https:\/\/isf.fo\/","logo":{"@type":"ImageObject","inLanguage":"en-US","@id":"https:\/\/isf.fo\/#\/schema\/logo\/image\/","url":"https:\/\/isf.fo\/wp-content\/uploads\/2025\/06\/ISF_Olympic-Committee-logo.png","contentUrl":"https:\/\/isf.fo\/wp-content\/uploads\/2025\/06\/ISF_Olympic-Committee-logo.png","width":618,"height":121,"caption":"\u00cdtr\u00f3ttasamband F\u00f8roya"},"image":{"@id":"https:\/\/isf.fo\/#\/schema\/logo\/image\/"},"sameAs":["https:\/\/www.facebook.com\/itrottasambandid"]},{"@type":"Person","@id":"https:\/\/isf.fo\/#\/schema\/person\/78ac1b623dbf0ace868a5dbcdaed016d","name":"Petur Mitt\u00fan","image":{"@type":"ImageObject","inLanguage":"en-US","@id":"https:\/\/secure.gravatar.com\/avatar\/6f731b65ffaeb1029d9436acc96fc12c3cef9200131daa85ab7762529a25d1d2?s=96&d=mm&r=g","url":"https:\/\/secure.gravatar.com\/avatar\/6f731b65ffaeb1029d9436acc96fc12c3cef9200131daa85ab7762529a25d1d2?s=96&d=mm&r=g","contentUrl":"https:\/\/secure.gravatar.com\/avatar\/6f731b65ffaeb1029d9436acc96fc12c3cef9200131daa85ab7762529a25d1d2?s=96&d=mm&r=g","caption":"Petur Mitt\u00fan"},"url":"https:\/\/isf.fo\/en\/author\/petur\/"}]}},"_links":{"self":[{"href":"https:\/\/isf.fo\/en\/wp-json\/wp\/v2\/posts\/298","targetHints":{"allow":["GET"]}}],"collection":[{"href":"https:\/\/isf.fo\/en\/wp-json\/wp\/v2\/posts"}],"about":[{"href":"https:\/\/isf.fo\/en\/wp-json\/wp\/v2\/types\/post"}],"author":[{"embeddable":true,"href":"https:\/\/isf.fo\/en\/wp-json\/wp\/v2\/users\/6"}],"replies":[{"embeddable":true,"href":"https:\/\/isf.fo\/en\/wp-json\/wp\/v2\/comments?post=298"}],"version-history":[{"count":0,"href":"https:\/\/isf.fo\/en\/wp-json\/wp\/v2\/posts\/298\/revisions"}],"wp:attachment":[{"href":"https:\/\/isf.fo\/en\/wp-json\/wp\/v2\/media?parent=298"}],"wp:term":[{"taxonomy":"category","embeddable":true,"href":"https:\/\/isf.fo\/en\/wp-json\/wp\/v2\/categories?post=298"},{"taxonomy":"post_tag","embeddable":true,"href":"https:\/\/isf.fo\/en\/wp-json\/wp\/v2\/tags?post=298"}],"curies":[{"name":"wp","href":"https:\/\/api.w.org\/{rel}","templated":true}]}}