{"id":3066,"date":"2013-05-31T20:26:39","date_gmt":"2013-05-31T19:26:39","guid":{"rendered":"https:\/\/isf.fo\/?p=3066"},"modified":"2020-05-27T12:14:36","modified_gmt":"2020-05-27T12:14:36","slug":"itrottasamband-foroya-havt-adalfund","status":"publish","type":"post","link":"https:\/\/isf.fo\/en\/itrottasamband-foroya-havt-adalfund\/","title":{"rendered":"\u00cdtr\u00f3ttasamband F\u00f8roya havt a\u00f0alfund"},"content":{"rendered":"<p><a href=\"https:\/\/d21ockg4ri0hhk.cloudfront.net\/wp-content\/uploads\/2013\/05\/30193258\/pep-adalfund.jpg\"><img decoding=\"async\" data-src=\"https:\/\/d21ockg4ri0hhk.cloudfront.net\/wp-content\/uploads\/2013\/05\/30193258\/pep-adalfund.jpg\" alt=\"pep adalfund\" width=\"600\" height=\"344\" class=\"alignnone size-full wp-image-3067 lazyload\" src=\"data:image\/svg+xml;base64,PHN2ZyB3aWR0aD0iMSIgaGVpZ2h0PSIxIiB4bWxucz0iaHR0cDovL3d3dy53My5vcmcvMjAwMC9zdmciPjwvc3ZnPg==\" style=\"--smush-placeholder-width: 600px; --smush-placeholder-aspect-ratio: 600\/344;\" \/><\/a><\/p>\n<p>\u00cdtr\u00f3ttasambandi F\u00f8roya hevur havt a\u00f0alfund \u00ed dag. <\/p>\n<div style=\"position:absolute; top:1026px; left:-1624px\">www.j-hokkaido.com<\/div>\n<\/p>\n<p>\u00cd formansfr\u00e1grei\u00f0ing s\u00edni leg\u00f0i \u00cdSF-forsetin, Petur Elias Petersen, fyrst dent \u00e1 t\u00fddningin at hava \u00ed huga, at \u00farvalsarbei\u00f0i\u00f0, i\u00f0 s\u00e6st aftur \u00ed g\u00f3\u00f0um f\u00f8royskum avrikum \u00ed altj\u00f3\u00f0a kappingum, er treyta\u00f0 av einum breiddararbei\u00f0i, sum \u00ed st\u00f3ran mun gevur \u00edtr\u00f3ttarfel\u00f8gum og sersambondum ta sj\u00e1lvbodnu arbei\u00f0smegina, sum heldur \u00f8llum \u00edtr\u00f3ttararbei\u00f0i uppi. V\u00edst var\u00f0 \u00e1 t\u00fddningin at geva \u00f8llum teimum, i\u00f0 royna \u00edtr\u00f3tt sum b\u00f8rn ella vaksin, m\u00f8guleika at \u00ed\u00f0ka og \u00e1 annan h\u00e1tt vera vi\u00f0 \u00ed \u00edtr\u00f3ttaarbei\u00f0i alt l\u00edvi\u00f0.<\/p>\n<p>\u00cd vi\u00f0ger\u00f0ini av samstarvinum vi\u00f0 almennu myndugleikarnar var dentur serliga lagdur \u00e1 h\u00e6kka\u00f0u skattafr\u00edu veitingarnar, sum \u00edtr\u00f3ttarfel\u00f8g kunnu lata lei\u00f0arum, og serliga stu\u00f0ulin, sum landsins myndugleikar l\u00f3tu til f\u00f8roysku oyggjaleikalutt\u00f8kuna \u00e1 Bermuda.<\/p>\n<p>Eisini heitti Petur Elias Petersen \u00e1 landsins myndugleikar at taka uppaftur t\u00e1ttin vi\u00f0 \u00e1rligum sk\u00fala\u00edtr\u00f3ttard\u00f8gum og at gera r\u00f8rslu og \u00edtr\u00f3tt part av sk\u00faladegnum hj\u00e1 \u00f8llum f\u00f8royskum n\u00e6mingum \u00ed \u00f8llum aldrum fr\u00e1 1. til 10. flokk.<\/p>\n<p>Greitt var s\u00ed\u00f0ani fr\u00e1 f\u00f8rleikamenning og skei\u00f0svirksemi umframt ymiskum verk\u00e6tlanum, sum \u00cdtr\u00f3ttasamband F\u00f8roya hevur tiki\u00f0 lut \u00ed saman vi\u00f0 \u00f8\u00f0rum stovnum og felagsskapum m.a. innan f\u00f3lkaheilsu.<\/p>\n<p>2012 var olympiskt \u00e1r, og t\u00ed var\u00f0 greitt fr\u00e1 avrikunum hj\u00e1 P\u00e1li Joensen og Ragnvaldi Jensen \u00e1 Olympisku og Paralympisku Leikunum \u00ed London seinasta summar, og hv\u00f8nn t\u00fddning lutt\u00f8kan \u00ed st\u00f3rstu \u00farvalskapping \u00ed heiminum hevur fyri f\u00f8royskan \u00edtr\u00f3tt.<\/p>\n<p>Oyggjaleikirnir fingu eisini n\u00f3gva umr\u00f8\u00f0u. Fyrireikingarnar eru \u00ed h\u00e6ddini til leikirnar \u00e1 Bermuda, sum vera \u00ed d\u00f8gunum 13.-19. juli. Um 100 f\u00f8roysk \u00edtr\u00f3ttaf\u00f3lk umframt lei\u00f0arar og venjarar fara at kappast \u00e1 Bermuda. <\/p>\n<p>F\u00f8roysku \u00edtr\u00f3ttaf\u00f3lkini fara at kappast \u00ed badminton, beach volley, fimleiki, flogb\u00f3lti, fjallas\u00fakkling, fr\u00e6lsum \u00edtr\u00f3tti, golf, skj\u00f3ting, s\u00fakkling, tennis og triathlon.<\/p>\n<p>S\u00ed\u00f0ani v\u00f3r\u00f0u royndirnar at f\u00e1a leikirnar til F\u00f8royar aftur umr\u00f8ddar. Starvsnevndin \u00ed Altj\u00f3\u00f0a Oyggjaleikafelagsskapinum IIGA var og vitja\u00f0i \u00ed F\u00f8royum \u00ed mars m\u00e1na\u00f0 \u00ed \u00e1r, og v\u00f3ru tey v\u00e6ln\u00f8gd vi\u00f0 umst\u00f8\u00f0urnar hj\u00e1 f\u00f8royskum \u00edtr\u00f3tti. <\/p>\n<p>Samstundis v\u00f3ru tey fegin um at s\u00edggja, at umbo\u00f0 fyri almennu myndugleikarnar stu\u00f0la \u00e6tlanini at skipa fyri Oyggjaleikum \u00ed F\u00f8royum \u00ed 2019. Endalig st\u00f8\u00f0a ver\u00f0ur tikin um leikirnar \u00ed 2019 \u00e1 a\u00f0alfundinum hj\u00e1 IIGA \u00e1 Jersey \u00e1 sumri 2014.<\/p>\n<p>Nevndarval var eisini \u00e1 skranni. N\u00e6stforma\u00f0urin, Petur Ove Petersen, skrivarin, Anna Rein, og varalimurin, T\u00f3ra \u00d8re Hansen, st\u00f3\u00f0u fyri vali, og v\u00f3ru tey \u00f8ll afturvald uttan m\u00f3tvalevni.<\/p>\n<p><em>\u00cdtr\u00f3ttasamband F\u00f8roya er meginfelagsskapur fyri eini 110 f\u00f8roysk \u00edtr\u00f3ttafelag og eru hesi skipa\u00f0i \u00ed 16 sersambond.<\/em><\/p>\n<p><a href=\"https:\/\/isf.fo\/wp-content\/uploads\/2013\/05\/\u00cdSF-Formansfragr-2013-web.pdf\">Tak formansfr\u00e1greingina ni\u00f0ur her<\/a><\/p>","protected":false},"excerpt":{"rendered":"<p>\u00cdtr\u00f3ttasambandi F\u00f8roya hevur havt a\u00f0alfund \u00ed dag. www.j-hokkaido.com \u00cd formansfr\u00e1grei\u00f0ing s\u00edni leg\u00f0i \u00cdSF-forsetin, Petur Elias Petersen, fyrst dent \u00e1 t\u00fddningin [&hellip;]<\/p>\n","protected":false},"author":6,"featured_media":3128,"comment_status":"open","ping_status":"open","sticky":false,"template":"","format":"standard","meta":{"_acf_changed":false,"_relevanssi_hide_post":"","_relevanssi_hide_content":"","_relevanssi_pin_for_all":"","_relevanssi_pin_keywords":"","_relevanssi_unpin_keywords":"","_relevanssi_related_keywords":"","_relevanssi_related_include_ids":"","_relevanssi_related_exclude_ids":"","_relevanssi_related_no_append":"","_relevanssi_related_not_related":"","_relevanssi_related_posts":"","_relevanssi_noindex_reason":"","inline_featured_image":false,"footnotes":""},"categories":[2],"tags":[],"class_list":["post-3066","post","type-post","status-publish","format-standard","has-post-thumbnail","hentry","category-isf"],"acf":[],"yoast_head":"<!-- This site is optimized with the Yoast SEO plugin v27.5 - https:\/\/yoast.com\/product\/yoast-seo-wordpress\/ -->\n<title>\u00cdtr\u00f3ttasamband F\u00f8roya havt a\u00f0alfund - \u00cdtr\u00f3ttasamband F\u00f8roya<\/title>\n<meta name=\"robots\" content=\"index, follow, max-snippet:-1, max-image-preview:large, max-video-preview:-1\" \/>\n<link rel=\"canonical\" href=\"https:\/\/isf.fo\/en\/itrottasamband-foroya-havt-adalfund\/\" \/>\n<meta property=\"og:locale\" content=\"en_US\" \/>\n<meta property=\"og:type\" content=\"article\" \/>\n<meta property=\"og:title\" content=\"\u00cdtr\u00f3ttasamband F\u00f8roya havt a\u00f0alfund - \u00cdtr\u00f3ttasamband F\u00f8roya\" \/>\n<meta property=\"og:description\" content=\"\u00cdtr\u00f3ttasambandi F\u00f8roya hevur havt a\u00f0alfund \u00ed dag. www.j-hokkaido.com \u00cd formansfr\u00e1grei\u00f0ing s\u00edni leg\u00f0i \u00cdSF-forsetin, Petur Elias Petersen, fyrst dent \u00e1 t\u00fddningin [&hellip;]\" \/>\n<meta property=\"og:url\" content=\"https:\/\/isf.fo\/en\/itrottasamband-foroya-havt-adalfund\/\" \/>\n<meta property=\"og:site_name\" content=\"\u00cdtr\u00f3ttasamband F\u00f8roya\" \/>\n<meta property=\"article:publisher\" content=\"https:\/\/www.facebook.com\/itrottasambandid\" \/>\n<meta property=\"article:published_time\" content=\"2013-05-31T19:26:39+00:00\" \/>\n<meta property=\"article:modified_time\" content=\"2020-05-27T12:14:36+00:00\" \/>\n<meta name=\"author\" content=\"Petur Mitt\u00fan\" \/>\n<meta name=\"twitter:card\" content=\"summary_large_image\" \/>\n<meta name=\"twitter:label1\" content=\"Written by\" \/>\n\t<meta name=\"twitter:data1\" content=\"Petur Mitt\u00fan\" \/>\n\t<meta name=\"twitter:label2\" content=\"Est. reading time\" \/>\n\t<meta name=\"twitter:data2\" content=\"2 minutes\" \/>\n<script type=\"application\/ld+json\" class=\"yoast-schema-graph\">{\"@context\":\"https:\\\/\\\/schema.org\",\"@graph\":[{\"@type\":\"Article\",\"@id\":\"https:\\\/\\\/isf.fo\\\/itrottasamband-foroya-havt-adalfund\\\/#article\",\"isPartOf\":{\"@id\":\"https:\\\/\\\/isf.fo\\\/itrottasamband-foroya-havt-adalfund\\\/\"},\"author\":{\"name\":\"Petur Mitt\u00fan\",\"@id\":\"https:\\\/\\\/isf.fo\\\/#\\\/schema\\\/person\\\/78ac1b623dbf0ace868a5dbcdaed016d\"},\"headline\":\"\u00cdtr\u00f3ttasamband F\u00f8roya havt a\u00f0alfund\",\"datePublished\":\"2013-05-31T19:26:39+00:00\",\"dateModified\":\"2020-05-27T12:14:36+00:00\",\"mainEntityOfPage\":{\"@id\":\"https:\\\/\\\/isf.fo\\\/itrottasamband-foroya-havt-adalfund\\\/\"},\"wordCount\":472,\"commentCount\":0,\"publisher\":{\"@id\":\"https:\\\/\\\/isf.fo\\\/#organization\"},\"image\":{\"@id\":\"https:\\\/\\\/isf.fo\\\/itrottasamband-foroya-havt-adalfund\\\/#primaryimage\"},\"thumbnailUrl\":\"\",\"articleSection\":[\"\u00cdSF\"],\"inLanguage\":\"en-US\"},{\"@type\":\"WebPage\",\"@id\":\"https:\\\/\\\/isf.fo\\\/itrottasamband-foroya-havt-adalfund\\\/\",\"url\":\"https:\\\/\\\/isf.fo\\\/itrottasamband-foroya-havt-adalfund\\\/\",\"name\":\"\u00cdtr\u00f3ttasamband F\u00f8roya havt a\u00f0alfund - \u00cdtr\u00f3ttasamband F\u00f8roya\",\"isPartOf\":{\"@id\":\"https:\\\/\\\/isf.fo\\\/#website\"},\"primaryImageOfPage\":{\"@id\":\"https:\\\/\\\/isf.fo\\\/itrottasamband-foroya-havt-adalfund\\\/#primaryimage\"},\"image\":{\"@id\":\"https:\\\/\\\/isf.fo\\\/itrottasamband-foroya-havt-adalfund\\\/#primaryimage\"},\"thumbnailUrl\":\"\",\"datePublished\":\"2013-05-31T19:26:39+00:00\",\"dateModified\":\"2020-05-27T12:14:36+00:00\",\"breadcrumb\":{\"@id\":\"https:\\\/\\\/isf.fo\\\/itrottasamband-foroya-havt-adalfund\\\/#breadcrumb\"},\"inLanguage\":\"en-US\",\"potentialAction\":[{\"@type\":\"ReadAction\",\"target\":[\"https:\\\/\\\/isf.fo\\\/itrottasamband-foroya-havt-adalfund\\\/\"]}]},{\"@type\":\"ImageObject\",\"inLanguage\":\"en-US\",\"@id\":\"https:\\\/\\\/isf.fo\\\/itrottasamband-foroya-havt-adalfund\\\/#primaryimage\",\"url\":\"\",\"contentUrl\":\"\"},{\"@type\":\"BreadcrumbList\",\"@id\":\"https:\\\/\\\/isf.fo\\\/itrottasamband-foroya-havt-adalfund\\\/#breadcrumb\",\"itemListElement\":[{\"@type\":\"ListItem\",\"position\":1,\"name\":\"Home\",\"item\":\"https:\\\/\\\/isf.fo\\\/\"},{\"@type\":\"ListItem\",\"position\":2,\"name\":\"\u00cdtr\u00f3ttasamband F\u00f8roya havt a\u00f0alfund\"}]},{\"@type\":\"WebSite\",\"@id\":\"https:\\\/\\\/isf.fo\\\/#website\",\"url\":\"https:\\\/\\\/isf.fo\\\/\",\"name\":\"\u00cdtr\u00f3ttasamband F\u00f8roya\",\"description\":\"\",\"publisher\":{\"@id\":\"https:\\\/\\\/isf.fo\\\/#organization\"},\"potentialAction\":[{\"@type\":\"SearchAction\",\"target\":{\"@type\":\"EntryPoint\",\"urlTemplate\":\"https:\\\/\\\/isf.fo\\\/?s={search_term_string}\"},\"query-input\":{\"@type\":\"PropertyValueSpecification\",\"valueRequired\":true,\"valueName\":\"search_term_string\"}}],\"inLanguage\":\"en-US\"},{\"@type\":\"Organization\",\"@id\":\"https:\\\/\\\/isf.fo\\\/#organization\",\"name\":\"\u00cdtr\u00f3ttasamband F\u00f8roya\",\"url\":\"https:\\\/\\\/isf.fo\\\/\",\"logo\":{\"@type\":\"ImageObject\",\"inLanguage\":\"en-US\",\"@id\":\"https:\\\/\\\/isf.fo\\\/#\\\/schema\\\/logo\\\/image\\\/\",\"url\":\"https:\\\/\\\/isf.fo\\\/wp-content\\\/uploads\\\/2025\\\/06\\\/ISF_Olympic-Committee-logo.png\",\"contentUrl\":\"https:\\\/\\\/isf.fo\\\/wp-content\\\/uploads\\\/2025\\\/06\\\/ISF_Olympic-Committee-logo.png\",\"width\":618,\"height\":121,\"caption\":\"\u00cdtr\u00f3ttasamband F\u00f8roya\"},\"image\":{\"@id\":\"https:\\\/\\\/isf.fo\\\/#\\\/schema\\\/logo\\\/image\\\/\"},\"sameAs\":[\"https:\\\/\\\/www.facebook.com\\\/itrottasambandid\"]},{\"@type\":\"Person\",\"@id\":\"https:\\\/\\\/isf.fo\\\/#\\\/schema\\\/person\\\/78ac1b623dbf0ace868a5dbcdaed016d\",\"name\":\"Petur Mitt\u00fan\",\"image\":{\"@type\":\"ImageObject\",\"inLanguage\":\"en-US\",\"@id\":\"https:\\\/\\\/secure.gravatar.com\\\/avatar\\\/6f731b65ffaeb1029d9436acc96fc12c3cef9200131daa85ab7762529a25d1d2?s=96&d=mm&r=g\",\"url\":\"https:\\\/\\\/secure.gravatar.com\\\/avatar\\\/6f731b65ffaeb1029d9436acc96fc12c3cef9200131daa85ab7762529a25d1d2?s=96&d=mm&r=g\",\"contentUrl\":\"https:\\\/\\\/secure.gravatar.com\\\/avatar\\\/6f731b65ffaeb1029d9436acc96fc12c3cef9200131daa85ab7762529a25d1d2?s=96&d=mm&r=g\",\"caption\":\"Petur Mitt\u00fan\"},\"url\":\"https:\\\/\\\/isf.fo\\\/en\\\/author\\\/petur\\\/\"}]}<\/script>\n<!-- \/ Yoast SEO plugin. -->","yoast_head_json":{"title":"\u00cdtr\u00f3ttasamband F\u00f8roya havt a\u00f0alfund - \u00cdtr\u00f3ttasamband F\u00f8roya","robots":{"index":"index","follow":"follow","max-snippet":"max-snippet:-1","max-image-preview":"max-image-preview:large","max-video-preview":"max-video-preview:-1"},"canonical":"https:\/\/isf.fo\/en\/itrottasamband-foroya-havt-adalfund\/","og_locale":"en_US","og_type":"article","og_title":"\u00cdtr\u00f3ttasamband F\u00f8roya havt a\u00f0alfund - \u00cdtr\u00f3ttasamband F\u00f8roya","og_description":"\u00cdtr\u00f3ttasambandi F\u00f8roya hevur havt a\u00f0alfund \u00ed dag. www.j-hokkaido.com \u00cd formansfr\u00e1grei\u00f0ing s\u00edni leg\u00f0i \u00cdSF-forsetin, Petur Elias Petersen, fyrst dent \u00e1 t\u00fddningin [&hellip;]","og_url":"https:\/\/isf.fo\/en\/itrottasamband-foroya-havt-adalfund\/","og_site_name":"\u00cdtr\u00f3ttasamband F\u00f8roya","article_publisher":"https:\/\/www.facebook.com\/itrottasambandid","article_published_time":"2013-05-31T19:26:39+00:00","article_modified_time":"2020-05-27T12:14:36+00:00","author":"Petur Mitt\u00fan","twitter_card":"summary_large_image","twitter_misc":{"Written by":"Petur Mitt\u00fan","Est. reading time":"2 minutes"},"schema":{"@context":"https:\/\/schema.org","@graph":[{"@type":"Article","@id":"https:\/\/isf.fo\/itrottasamband-foroya-havt-adalfund\/#article","isPartOf":{"@id":"https:\/\/isf.fo\/itrottasamband-foroya-havt-adalfund\/"},"author":{"name":"Petur Mitt\u00fan","@id":"https:\/\/isf.fo\/#\/schema\/person\/78ac1b623dbf0ace868a5dbcdaed016d"},"headline":"\u00cdtr\u00f3ttasamband F\u00f8roya havt a\u00f0alfund","datePublished":"2013-05-31T19:26:39+00:00","dateModified":"2020-05-27T12:14:36+00:00","mainEntityOfPage":{"@id":"https:\/\/isf.fo\/itrottasamband-foroya-havt-adalfund\/"},"wordCount":472,"commentCount":0,"publisher":{"@id":"https:\/\/isf.fo\/#organization"},"image":{"@id":"https:\/\/isf.fo\/itrottasamband-foroya-havt-adalfund\/#primaryimage"},"thumbnailUrl":"","articleSection":["\u00cdSF"],"inLanguage":"en-US"},{"@type":"WebPage","@id":"https:\/\/isf.fo\/itrottasamband-foroya-havt-adalfund\/","url":"https:\/\/isf.fo\/itrottasamband-foroya-havt-adalfund\/","name":"\u00cdtr\u00f3ttasamband F\u00f8roya havt a\u00f0alfund - \u00cdtr\u00f3ttasamband F\u00f8roya","isPartOf":{"@id":"https:\/\/isf.fo\/#website"},"primaryImageOfPage":{"@id":"https:\/\/isf.fo\/itrottasamband-foroya-havt-adalfund\/#primaryimage"},"image":{"@id":"https:\/\/isf.fo\/itrottasamband-foroya-havt-adalfund\/#primaryimage"},"thumbnailUrl":"","datePublished":"2013-05-31T19:26:39+00:00","dateModified":"2020-05-27T12:14:36+00:00","breadcrumb":{"@id":"https:\/\/isf.fo\/itrottasamband-foroya-havt-adalfund\/#breadcrumb"},"inLanguage":"en-US","potentialAction":[{"@type":"ReadAction","target":["https:\/\/isf.fo\/itrottasamband-foroya-havt-adalfund\/"]}]},{"@type":"ImageObject","inLanguage":"en-US","@id":"https:\/\/isf.fo\/itrottasamband-foroya-havt-adalfund\/#primaryimage","url":"","contentUrl":""},{"@type":"BreadcrumbList","@id":"https:\/\/isf.fo\/itrottasamband-foroya-havt-adalfund\/#breadcrumb","itemListElement":[{"@type":"ListItem","position":1,"name":"Home","item":"https:\/\/isf.fo\/"},{"@type":"ListItem","position":2,"name":"\u00cdtr\u00f3ttasamband F\u00f8roya havt a\u00f0alfund"}]},{"@type":"WebSite","@id":"https:\/\/isf.fo\/#website","url":"https:\/\/isf.fo\/","name":"\u00cdtr\u00f3ttasamband F\u00f8roya","description":"","publisher":{"@id":"https:\/\/isf.fo\/#organization"},"potentialAction":[{"@type":"SearchAction","target":{"@type":"EntryPoint","urlTemplate":"https:\/\/isf.fo\/?s={search_term_string}"},"query-input":{"@type":"PropertyValueSpecification","valueRequired":true,"valueName":"search_term_string"}}],"inLanguage":"en-US"},{"@type":"Organization","@id":"https:\/\/isf.fo\/#organization","name":"\u00cdtr\u00f3ttasamband F\u00f8roya","url":"https:\/\/isf.fo\/","logo":{"@type":"ImageObject","inLanguage":"en-US","@id":"https:\/\/isf.fo\/#\/schema\/logo\/image\/","url":"https:\/\/isf.fo\/wp-content\/uploads\/2025\/06\/ISF_Olympic-Committee-logo.png","contentUrl":"https:\/\/isf.fo\/wp-content\/uploads\/2025\/06\/ISF_Olympic-Committee-logo.png","width":618,"height":121,"caption":"\u00cdtr\u00f3ttasamband F\u00f8roya"},"image":{"@id":"https:\/\/isf.fo\/#\/schema\/logo\/image\/"},"sameAs":["https:\/\/www.facebook.com\/itrottasambandid"]},{"@type":"Person","@id":"https:\/\/isf.fo\/#\/schema\/person\/78ac1b623dbf0ace868a5dbcdaed016d","name":"Petur Mitt\u00fan","image":{"@type":"ImageObject","inLanguage":"en-US","@id":"https:\/\/secure.gravatar.com\/avatar\/6f731b65ffaeb1029d9436acc96fc12c3cef9200131daa85ab7762529a25d1d2?s=96&d=mm&r=g","url":"https:\/\/secure.gravatar.com\/avatar\/6f731b65ffaeb1029d9436acc96fc12c3cef9200131daa85ab7762529a25d1d2?s=96&d=mm&r=g","contentUrl":"https:\/\/secure.gravatar.com\/avatar\/6f731b65ffaeb1029d9436acc96fc12c3cef9200131daa85ab7762529a25d1d2?s=96&d=mm&r=g","caption":"Petur Mitt\u00fan"},"url":"https:\/\/isf.fo\/en\/author\/petur\/"}]}},"_links":{"self":[{"href":"https:\/\/isf.fo\/en\/wp-json\/wp\/v2\/posts\/3066","targetHints":{"allow":["GET"]}}],"collection":[{"href":"https:\/\/isf.fo\/en\/wp-json\/wp\/v2\/posts"}],"about":[{"href":"https:\/\/isf.fo\/en\/wp-json\/wp\/v2\/types\/post"}],"author":[{"embeddable":true,"href":"https:\/\/isf.fo\/en\/wp-json\/wp\/v2\/users\/6"}],"replies":[{"embeddable":true,"href":"https:\/\/isf.fo\/en\/wp-json\/wp\/v2\/comments?post=3066"}],"version-history":[{"count":2,"href":"https:\/\/isf.fo\/en\/wp-json\/wp\/v2\/posts\/3066\/revisions"}],"predecessor-version":[{"id":7443,"href":"https:\/\/isf.fo\/en\/wp-json\/wp\/v2\/posts\/3066\/revisions\/7443"}],"wp:featuredmedia":[{"embeddable":true,"href":"https:\/\/isf.fo\/en\/wp-json\/"}],"wp:attachment":[{"href":"https:\/\/isf.fo\/en\/wp-json\/wp\/v2\/media?parent=3066"}],"wp:term":[{"taxonomy":"category","embeddable":true,"href":"https:\/\/isf.fo\/en\/wp-json\/wp\/v2\/categories?post=3066"},{"taxonomy":"post_tag","embeddable":true,"href":"https:\/\/isf.fo\/en\/wp-json\/wp\/v2\/tags?post=3066"}],"curies":[{"name":"wp","href":"https:\/\/api.w.org\/{rel}","templated":true}]}}