{"id":3628,"date":"2014-06-13T22:23:13","date_gmt":"2014-06-13T21:23:13","guid":{"rendered":"https:\/\/isf.fo\/?p=3628"},"modified":"2016-12-04T14:59:23","modified_gmt":"2016-12-04T14:59:23","slug":"petur-elias-petersen-afturvaldur","status":"publish","type":"post","link":"https:\/\/isf.fo\/en\/petur-elias-petersen-afturvaldur\/","title":{"rendered":"Petur Elias Petersen afturvaldur"},"content":{"rendered":"<p><a href=\"https:\/\/d21ockg4ri0hhk.cloudfront.net\/wp-content\/uploads\/2014\/06\/30193302\/pep-adalfund.jpg\"><img decoding=\"async\" data-src=\"https:\/\/d21ockg4ri0hhk.cloudfront.net\/wp-content\/uploads\/2014\/06\/30193302\/pep-adalfund.jpg\" alt=\"pep adalfund\" width=\"600\" height=\"344\" class=\"alignnone size-full wp-image-3067 lazyload\" src=\"data:image\/svg+xml;base64,PHN2ZyB3aWR0aD0iMSIgaGVpZ2h0PSIxIiB4bWxucz0iaHR0cDovL3d3dy53My5vcmcvMjAwMC9zdmciPjwvc3ZnPg==\" style=\"--smush-placeholder-width: 600px; --smush-placeholder-aspect-ratio: 600\/344;\" \/><\/a><br \/>\n\u00cdtr\u00f3ttasamband F\u00f8roya hevur havt a\u00f0alfund \u00ed kv\u00f8ld.<\/p>\n<p>Petur Elias Petersen, forseti, greiddi fr\u00e1 virkseminum seinasta \u00e1ri\u00f0. Millum anna\u00f0 nam hann vi\u00f0 oyggjaleikirnar \u00e1 Bermuda \u00ed fj\u00f8r og arbei\u00f0i\u00f0 at f\u00e1a oyggjaleikirnar til F\u00f8roya aftur. Eisini greiddi hann fr\u00e1 um skr\u00e1setingarskipanina, Askur, sum ger ta\u00f0 l\u00e6ttari hj\u00e1 \u00edtr\u00f3ttafel\u00f8gum kring landi\u00f0 at umsita s\u00edni limavi\u00f0urskifti og innkrevja limagjald. Eisini var greitt fr\u00e1 n\u00fdggju skipanini, \u00darval, sum kemur at veita stu\u00f0ul til virksemi\u00f0 hj\u00e1 f\u00f8royskum \u00farvals\u00edtr\u00f3ttaf\u00f3lkum.<\/p>\n<p>S\u00ed\u00f0ani v\u00f3ru broytingar \u00ed eystul\u00f3g \u00cdSF \u00e1 skr\u00e1nni. Hesar skulu eftir \u00e6tlan dagf\u00f8ra bygna\u00f0in \u00ed felagskapinum og m.a. gera nevndararbei\u00f0i meira smidligt. L\u00f3garbroytingarnar v\u00f3r\u00f0u samtyktar vi\u00f0 33 atkv\u00f8\u00f0um fyri og 8 \u00edm\u00f3ti.<\/p>\n<p>At enda var nevndarval \u00e1 skr\u00e1nni. \u00cd \u00e1r st\u00f3\u00f0 forsetin fyri vali. Petur Elias Petersen var\u00f0 afturvaldur sum \u00cdSF-forseti fyri eitt f\u00fdra \u00e1ra skei\u00f0 uttan m\u00f3tvalevni.<\/p>\n<p><a href=\"https:\/\/isf.fo\/wp-content\/uploads\/2008\/06\/Formansfragr2014.pdf\">Tak formansfr\u00e1grei\u00f0ingina ni\u00f0ur her. (2,0 mb pdf)<\/a><\/p>","protected":false},"excerpt":{"rendered":"<p>\u00cdtr\u00f3ttasamband F\u00f8roya hevur havt a\u00f0alfund \u00ed kv\u00f8ld. Petur Elias Petersen, forseti, greiddi fr\u00e1 virkseminum seinasta \u00e1ri\u00f0. Millum anna\u00f0 nam hann [&hellip;]<\/p>\n","protected":false},"author":6,"featured_media":3128,"comment_status":"open","ping_status":"open","sticky":false,"template":"","format":"standard","meta":{"_acf_changed":false,"_relevanssi_hide_post":"","_relevanssi_hide_content":"","_relevanssi_pin_for_all":"","_relevanssi_pin_keywords":"","_relevanssi_unpin_keywords":"","_relevanssi_related_keywords":"","_relevanssi_related_include_ids":"","_relevanssi_related_exclude_ids":"","_relevanssi_related_no_append":"","_relevanssi_related_not_related":"","_relevanssi_related_posts":"","_relevanssi_noindex_reason":"","inline_featured_image":false,"footnotes":""},"categories":[2],"tags":[],"class_list":["post-3628","post","type-post","status-publish","format-standard","has-post-thumbnail","hentry","category-isf"],"acf":[],"yoast_head":"<!-- This site is optimized with the Yoast SEO plugin v27.3 - https:\/\/yoast.com\/product\/yoast-seo-wordpress\/ -->\n<title>Petur Elias Petersen afturvaldur - \u00cdtr\u00f3ttasamband F\u00f8roya<\/title>\n<meta name=\"robots\" content=\"index, follow, max-snippet:-1, max-image-preview:large, max-video-preview:-1\" \/>\n<link rel=\"canonical\" href=\"https:\/\/isf.fo\/en\/petur-elias-petersen-afturvaldur\/\" \/>\n<meta property=\"og:locale\" content=\"en_US\" \/>\n<meta property=\"og:type\" content=\"article\" \/>\n<meta property=\"og:title\" content=\"Petur Elias Petersen afturvaldur - \u00cdtr\u00f3ttasamband F\u00f8roya\" \/>\n<meta property=\"og:description\" content=\"\u00cdtr\u00f3ttasamband F\u00f8roya hevur havt a\u00f0alfund \u00ed kv\u00f8ld. Petur Elias Petersen, forseti, greiddi fr\u00e1 virkseminum seinasta \u00e1ri\u00f0. Millum anna\u00f0 nam hann [&hellip;]\" \/>\n<meta property=\"og:url\" content=\"https:\/\/isf.fo\/en\/petur-elias-petersen-afturvaldur\/\" \/>\n<meta property=\"og:site_name\" content=\"\u00cdtr\u00f3ttasamband F\u00f8roya\" \/>\n<meta property=\"article:publisher\" content=\"https:\/\/www.facebook.com\/itrottasambandid\" \/>\n<meta property=\"article:published_time\" content=\"2014-06-13T21:23:13+00:00\" \/>\n<meta property=\"article:modified_time\" content=\"2016-12-04T14:59:23+00:00\" \/>\n<meta name=\"author\" content=\"Petur Mitt\u00fan\" \/>\n<meta name=\"twitter:card\" content=\"summary_large_image\" \/>\n<meta name=\"twitter:label1\" content=\"Written by\" \/>\n\t<meta name=\"twitter:data1\" content=\"Petur Mitt\u00fan\" \/>\n\t<meta name=\"twitter:label2\" content=\"Est. reading time\" \/>\n\t<meta name=\"twitter:data2\" content=\"1 minute\" \/>\n<script type=\"application\/ld+json\" class=\"yoast-schema-graph\">{\"@context\":\"https:\\\/\\\/schema.org\",\"@graph\":[{\"@type\":\"Article\",\"@id\":\"https:\\\/\\\/isf.fo\\\/petur-elias-petersen-afturvaldur\\\/#article\",\"isPartOf\":{\"@id\":\"https:\\\/\\\/isf.fo\\\/petur-elias-petersen-afturvaldur\\\/\"},\"author\":{\"name\":\"Petur Mitt\u00fan\",\"@id\":\"https:\\\/\\\/isf.fo\\\/#\\\/schema\\\/person\\\/78ac1b623dbf0ace868a5dbcdaed016d\"},\"headline\":\"Petur Elias Petersen afturvaldur\",\"datePublished\":\"2014-06-13T21:23:13+00:00\",\"dateModified\":\"2016-12-04T14:59:23+00:00\",\"mainEntityOfPage\":{\"@id\":\"https:\\\/\\\/isf.fo\\\/petur-elias-petersen-afturvaldur\\\/\"},\"wordCount\":170,\"commentCount\":0,\"publisher\":{\"@id\":\"https:\\\/\\\/isf.fo\\\/#organization\"},\"image\":{\"@id\":\"https:\\\/\\\/isf.fo\\\/petur-elias-petersen-afturvaldur\\\/#primaryimage\"},\"thumbnailUrl\":\"\",\"articleSection\":[\"\u00cdSF\"],\"inLanguage\":\"en-US\"},{\"@type\":\"WebPage\",\"@id\":\"https:\\\/\\\/isf.fo\\\/petur-elias-petersen-afturvaldur\\\/\",\"url\":\"https:\\\/\\\/isf.fo\\\/petur-elias-petersen-afturvaldur\\\/\",\"name\":\"Petur Elias Petersen afturvaldur - \u00cdtr\u00f3ttasamband F\u00f8roya\",\"isPartOf\":{\"@id\":\"https:\\\/\\\/isf.fo\\\/#website\"},\"primaryImageOfPage\":{\"@id\":\"https:\\\/\\\/isf.fo\\\/petur-elias-petersen-afturvaldur\\\/#primaryimage\"},\"image\":{\"@id\":\"https:\\\/\\\/isf.fo\\\/petur-elias-petersen-afturvaldur\\\/#primaryimage\"},\"thumbnailUrl\":\"\",\"datePublished\":\"2014-06-13T21:23:13+00:00\",\"dateModified\":\"2016-12-04T14:59:23+00:00\",\"breadcrumb\":{\"@id\":\"https:\\\/\\\/isf.fo\\\/petur-elias-petersen-afturvaldur\\\/#breadcrumb\"},\"inLanguage\":\"en-US\",\"potentialAction\":[{\"@type\":\"ReadAction\",\"target\":[\"https:\\\/\\\/isf.fo\\\/petur-elias-petersen-afturvaldur\\\/\"]}]},{\"@type\":\"ImageObject\",\"inLanguage\":\"en-US\",\"@id\":\"https:\\\/\\\/isf.fo\\\/petur-elias-petersen-afturvaldur\\\/#primaryimage\",\"url\":\"\",\"contentUrl\":\"\"},{\"@type\":\"BreadcrumbList\",\"@id\":\"https:\\\/\\\/isf.fo\\\/petur-elias-petersen-afturvaldur\\\/#breadcrumb\",\"itemListElement\":[{\"@type\":\"ListItem\",\"position\":1,\"name\":\"Home\",\"item\":\"https:\\\/\\\/isf.fo\\\/\"},{\"@type\":\"ListItem\",\"position\":2,\"name\":\"Petur Elias Petersen afturvaldur\"}]},{\"@type\":\"WebSite\",\"@id\":\"https:\\\/\\\/isf.fo\\\/#website\",\"url\":\"https:\\\/\\\/isf.fo\\\/\",\"name\":\"\u00cdtr\u00f3ttasamband F\u00f8roya\",\"description\":\"\",\"publisher\":{\"@id\":\"https:\\\/\\\/isf.fo\\\/#organization\"},\"potentialAction\":[{\"@type\":\"SearchAction\",\"target\":{\"@type\":\"EntryPoint\",\"urlTemplate\":\"https:\\\/\\\/isf.fo\\\/?s={search_term_string}\"},\"query-input\":{\"@type\":\"PropertyValueSpecification\",\"valueRequired\":true,\"valueName\":\"search_term_string\"}}],\"inLanguage\":\"en-US\"},{\"@type\":\"Organization\",\"@id\":\"https:\\\/\\\/isf.fo\\\/#organization\",\"name\":\"\u00cdtr\u00f3ttasamband F\u00f8roya\",\"url\":\"https:\\\/\\\/isf.fo\\\/\",\"logo\":{\"@type\":\"ImageObject\",\"inLanguage\":\"en-US\",\"@id\":\"https:\\\/\\\/isf.fo\\\/#\\\/schema\\\/logo\\\/image\\\/\",\"url\":\"https:\\\/\\\/isf.fo\\\/wp-content\\\/uploads\\\/2025\\\/06\\\/ISF_Olympic-Committee-logo.png\",\"contentUrl\":\"https:\\\/\\\/isf.fo\\\/wp-content\\\/uploads\\\/2025\\\/06\\\/ISF_Olympic-Committee-logo.png\",\"width\":618,\"height\":121,\"caption\":\"\u00cdtr\u00f3ttasamband F\u00f8roya\"},\"image\":{\"@id\":\"https:\\\/\\\/isf.fo\\\/#\\\/schema\\\/logo\\\/image\\\/\"},\"sameAs\":[\"https:\\\/\\\/www.facebook.com\\\/itrottasambandid\"]},{\"@type\":\"Person\",\"@id\":\"https:\\\/\\\/isf.fo\\\/#\\\/schema\\\/person\\\/78ac1b623dbf0ace868a5dbcdaed016d\",\"name\":\"Petur Mitt\u00fan\",\"image\":{\"@type\":\"ImageObject\",\"inLanguage\":\"en-US\",\"@id\":\"https:\\\/\\\/secure.gravatar.com\\\/avatar\\\/6f731b65ffaeb1029d9436acc96fc12c3cef9200131daa85ab7762529a25d1d2?s=96&d=mm&r=g\",\"url\":\"https:\\\/\\\/secure.gravatar.com\\\/avatar\\\/6f731b65ffaeb1029d9436acc96fc12c3cef9200131daa85ab7762529a25d1d2?s=96&d=mm&r=g\",\"contentUrl\":\"https:\\\/\\\/secure.gravatar.com\\\/avatar\\\/6f731b65ffaeb1029d9436acc96fc12c3cef9200131daa85ab7762529a25d1d2?s=96&d=mm&r=g\",\"caption\":\"Petur Mitt\u00fan\"},\"url\":\"https:\\\/\\\/isf.fo\\\/en\\\/author\\\/petur\\\/\"}]}<\/script>\n<!-- \/ Yoast SEO plugin. -->","yoast_head_json":{"title":"Petur Elias Petersen afturvaldur - \u00cdtr\u00f3ttasamband F\u00f8roya","robots":{"index":"index","follow":"follow","max-snippet":"max-snippet:-1","max-image-preview":"max-image-preview:large","max-video-preview":"max-video-preview:-1"},"canonical":"https:\/\/isf.fo\/en\/petur-elias-petersen-afturvaldur\/","og_locale":"en_US","og_type":"article","og_title":"Petur Elias Petersen afturvaldur - \u00cdtr\u00f3ttasamband F\u00f8roya","og_description":"\u00cdtr\u00f3ttasamband F\u00f8roya hevur havt a\u00f0alfund \u00ed kv\u00f8ld. Petur Elias Petersen, forseti, greiddi fr\u00e1 virkseminum seinasta \u00e1ri\u00f0. Millum anna\u00f0 nam hann [&hellip;]","og_url":"https:\/\/isf.fo\/en\/petur-elias-petersen-afturvaldur\/","og_site_name":"\u00cdtr\u00f3ttasamband F\u00f8roya","article_publisher":"https:\/\/www.facebook.com\/itrottasambandid","article_published_time":"2014-06-13T21:23:13+00:00","article_modified_time":"2016-12-04T14:59:23+00:00","author":"Petur Mitt\u00fan","twitter_card":"summary_large_image","twitter_misc":{"Written by":"Petur Mitt\u00fan","Est. reading time":"1 minute"},"schema":{"@context":"https:\/\/schema.org","@graph":[{"@type":"Article","@id":"https:\/\/isf.fo\/petur-elias-petersen-afturvaldur\/#article","isPartOf":{"@id":"https:\/\/isf.fo\/petur-elias-petersen-afturvaldur\/"},"author":{"name":"Petur Mitt\u00fan","@id":"https:\/\/isf.fo\/#\/schema\/person\/78ac1b623dbf0ace868a5dbcdaed016d"},"headline":"Petur Elias Petersen afturvaldur","datePublished":"2014-06-13T21:23:13+00:00","dateModified":"2016-12-04T14:59:23+00:00","mainEntityOfPage":{"@id":"https:\/\/isf.fo\/petur-elias-petersen-afturvaldur\/"},"wordCount":170,"commentCount":0,"publisher":{"@id":"https:\/\/isf.fo\/#organization"},"image":{"@id":"https:\/\/isf.fo\/petur-elias-petersen-afturvaldur\/#primaryimage"},"thumbnailUrl":"","articleSection":["\u00cdSF"],"inLanguage":"en-US"},{"@type":"WebPage","@id":"https:\/\/isf.fo\/petur-elias-petersen-afturvaldur\/","url":"https:\/\/isf.fo\/petur-elias-petersen-afturvaldur\/","name":"Petur Elias Petersen afturvaldur - \u00cdtr\u00f3ttasamband F\u00f8roya","isPartOf":{"@id":"https:\/\/isf.fo\/#website"},"primaryImageOfPage":{"@id":"https:\/\/isf.fo\/petur-elias-petersen-afturvaldur\/#primaryimage"},"image":{"@id":"https:\/\/isf.fo\/petur-elias-petersen-afturvaldur\/#primaryimage"},"thumbnailUrl":"","datePublished":"2014-06-13T21:23:13+00:00","dateModified":"2016-12-04T14:59:23+00:00","breadcrumb":{"@id":"https:\/\/isf.fo\/petur-elias-petersen-afturvaldur\/#breadcrumb"},"inLanguage":"en-US","potentialAction":[{"@type":"ReadAction","target":["https:\/\/isf.fo\/petur-elias-petersen-afturvaldur\/"]}]},{"@type":"ImageObject","inLanguage":"en-US","@id":"https:\/\/isf.fo\/petur-elias-petersen-afturvaldur\/#primaryimage","url":"","contentUrl":""},{"@type":"BreadcrumbList","@id":"https:\/\/isf.fo\/petur-elias-petersen-afturvaldur\/#breadcrumb","itemListElement":[{"@type":"ListItem","position":1,"name":"Home","item":"https:\/\/isf.fo\/"},{"@type":"ListItem","position":2,"name":"Petur Elias Petersen afturvaldur"}]},{"@type":"WebSite","@id":"https:\/\/isf.fo\/#website","url":"https:\/\/isf.fo\/","name":"\u00cdtr\u00f3ttasamband F\u00f8roya","description":"","publisher":{"@id":"https:\/\/isf.fo\/#organization"},"potentialAction":[{"@type":"SearchAction","target":{"@type":"EntryPoint","urlTemplate":"https:\/\/isf.fo\/?s={search_term_string}"},"query-input":{"@type":"PropertyValueSpecification","valueRequired":true,"valueName":"search_term_string"}}],"inLanguage":"en-US"},{"@type":"Organization","@id":"https:\/\/isf.fo\/#organization","name":"\u00cdtr\u00f3ttasamband F\u00f8roya","url":"https:\/\/isf.fo\/","logo":{"@type":"ImageObject","inLanguage":"en-US","@id":"https:\/\/isf.fo\/#\/schema\/logo\/image\/","url":"https:\/\/isf.fo\/wp-content\/uploads\/2025\/06\/ISF_Olympic-Committee-logo.png","contentUrl":"https:\/\/isf.fo\/wp-content\/uploads\/2025\/06\/ISF_Olympic-Committee-logo.png","width":618,"height":121,"caption":"\u00cdtr\u00f3ttasamband F\u00f8roya"},"image":{"@id":"https:\/\/isf.fo\/#\/schema\/logo\/image\/"},"sameAs":["https:\/\/www.facebook.com\/itrottasambandid"]},{"@type":"Person","@id":"https:\/\/isf.fo\/#\/schema\/person\/78ac1b623dbf0ace868a5dbcdaed016d","name":"Petur Mitt\u00fan","image":{"@type":"ImageObject","inLanguage":"en-US","@id":"https:\/\/secure.gravatar.com\/avatar\/6f731b65ffaeb1029d9436acc96fc12c3cef9200131daa85ab7762529a25d1d2?s=96&d=mm&r=g","url":"https:\/\/secure.gravatar.com\/avatar\/6f731b65ffaeb1029d9436acc96fc12c3cef9200131daa85ab7762529a25d1d2?s=96&d=mm&r=g","contentUrl":"https:\/\/secure.gravatar.com\/avatar\/6f731b65ffaeb1029d9436acc96fc12c3cef9200131daa85ab7762529a25d1d2?s=96&d=mm&r=g","caption":"Petur Mitt\u00fan"},"url":"https:\/\/isf.fo\/en\/author\/petur\/"}]}},"_links":{"self":[{"href":"https:\/\/isf.fo\/en\/wp-json\/wp\/v2\/posts\/3628","targetHints":{"allow":["GET"]}}],"collection":[{"href":"https:\/\/isf.fo\/en\/wp-json\/wp\/v2\/posts"}],"about":[{"href":"https:\/\/isf.fo\/en\/wp-json\/wp\/v2\/types\/post"}],"author":[{"embeddable":true,"href":"https:\/\/isf.fo\/en\/wp-json\/wp\/v2\/users\/6"}],"replies":[{"embeddable":true,"href":"https:\/\/isf.fo\/en\/wp-json\/wp\/v2\/comments?post=3628"}],"version-history":[{"count":1,"href":"https:\/\/isf.fo\/en\/wp-json\/wp\/v2\/posts\/3628\/revisions"}],"predecessor-version":[{"id":4559,"href":"https:\/\/isf.fo\/en\/wp-json\/wp\/v2\/posts\/3628\/revisions\/4559"}],"wp:featuredmedia":[{"embeddable":true,"href":"https:\/\/isf.fo\/en\/wp-json\/"}],"wp:attachment":[{"href":"https:\/\/isf.fo\/en\/wp-json\/wp\/v2\/media?parent=3628"}],"wp:term":[{"taxonomy":"category","embeddable":true,"href":"https:\/\/isf.fo\/en\/wp-json\/wp\/v2\/categories?post=3628"},{"taxonomy":"post_tag","embeddable":true,"href":"https:\/\/isf.fo\/en\/wp-json\/wp\/v2\/tags?post=3628"}],"curies":[{"name":"wp","href":"https:\/\/api.w.org\/{rel}","templated":true}]}}