{"id":3661,"date":"2014-06-28T17:55:14","date_gmt":"2014-06-28T16:55:14","guid":{"rendered":"https:\/\/isf.fo\/?p=3661"},"modified":"2014-06-28T17:55:14","modified_gmt":"2014-06-28T16:55:14","slug":"oyggjaleikirnir-i-2019-verda-helst-a-menorca","status":"publish","type":"post","link":"https:\/\/isf.fo\/en\/oyggjaleikirnir-i-2019-verda-helst-a-menorca\/","title":{"rendered":"Oyggjaleikirnir \u00ed 2019 ver\u00f0a helst \u00e1 Menorca"},"content":{"rendered":"<p>\u00c1 a\u00f0alfundi hj\u00e1 Altj\u00f3\u00f0a Oyggjaleikanevndini \u00e1 Jersey \u00ed dag, var\u00f0 samtykt at heimila nevndini \u00ed IIGA at gera avtalu vi\u00f0 Menorca um at gerast vertur fyri Oyggjaleikunum \u00ed 2019.<\/p>\n<p>Leikirnir \u00ed 2019 eru teir fyrstu, har Altj\u00f3\u00f0a Oyggjaleikanevndin, samb\u00e6rt n\u00fdggju skipanini, samr\u00e1\u00f0ist vi\u00f0 \u00e1huga\u00f0ar vertsoyggjar fyri s\u00ed\u00f0ani at gera eitt tilm\u00e6li til a\u00f0alfundin um, hv\u00f8r skal f\u00e1a leikirnar. Fyrr hava fleiri oyggjar bj\u00f3\u00f0a\u00f0 upp\u00e1 somu leikir.<\/p>\n<p>Upprunaliga s\u00fdndi Menorca \u00e1huga at skipa fyri leikunum \u00ed 2019, me\u00f0an F\u00f8royar h\u00f8vdu \u00e1v\u00edsan \u00e1huga fyri leikunum \u00ed 2021. Seinastu tvey \u00e1rini hava F\u00f8royar ligi\u00f0 v\u00e6l fyri at gerast vertur \u00ed 2019, men n\u00fa ver\u00f0ur mett, at Menorca er betur til rei\u00f0ar at h\u00fdsa Oyggjaleikunum \u00ed 2019, og t\u00ed hava tey fingi\u00f0 leikirnar.<br \/>\nAltj\u00f3\u00f0a Oyggjaleikanevndin hevur havt t\u00e6tt samband vi\u00f0 Oyggjaleikanevndirnar \u00e1 Menorca og \u00ed F\u00f8royum, og hevur samstundis fylgt v\u00e6l vi\u00f0 \u00ed teimum \u00fatbyggingar\u00e6tlanum, sum hava veri\u00f0 \u00ed b\u00e1\u00f0um st\u00f8\u00f0um. \u00cd hesum sambandi vitja\u00f0i Altj\u00f3\u00f0a Oyggjaleikanevndin \u00ed F\u00f8royum \u00e1 v\u00e1ri 2013.<\/p>\n<p>Ein ors\u00f8k til, at Menorca ver\u00f0ur mett at vera betur fyri at h\u00fdsa leikunum \u00ed 2019, er, at st\u00f8rsta verk\u00e6tlanin \u00ed samband vi\u00f0 einar \u00e6tla\u00f0ar leikir \u00ed F\u00f8royum &#8211; golfv\u00f8llurin \u00e1 Glyvursnesi &#8211; er seinka\u00f0. Kravda tali\u00f0 av \u00edtr\u00f3ttagreinum \u00e1 hv\u00f8rjum oyggjaleikum er 12-14. F\u00f8royar kunnu vi\u00f0 \u00e1b\u00f8tum, m.a. innan bogaskj\u00f3ting, h\u00fdsa teimum fyrstu 10. Men vit mangla umst\u00f8\u00f0ur til golf og skj\u00f3ting, sum eftir \u00e6tlan skulu vera 11. og 12. \u00edtr\u00f3ttagreinin.<br \/>\n\u00c6tlanin og ynski\u00f0 hja \u00edtr\u00f3ttini hevur alla t\u00ed\u00f0ina veri\u00f0, at b\u00f8ttar umst\u00f8\u00f0ur hj\u00e1 \u00edtr\u00f3ttini skuldu standa eftir sum ein var\u00f0i fr\u00e1 leikunum, eins og \u00ed 1989, t\u00e1 \u00f8ki\u00f0 til fr\u00e6lsan \u00edtr\u00f3tt \u00e1 Toftum var\u00f0 gj\u00f8rt. Ynski\u00f0 er, at leikirnir eru anna\u00f0 og meiri enn bert eitt vikulangt tiltak.<\/p>\n<p>\u00cdtr\u00f3ttasamband F\u00f8roya ynskir Menorca bestu eydnu vi\u00f0 leikunum \u00ed 2019, og heldur annars \u00e1fram vi\u00f0 at arbei\u00f0a fyri, at leikirnir koma aftur til F\u00f8roya, v\u00f3nandi \u00ed 2021.<\/p>\n<p>Um hetta skal gerast veruleiki, er ney\u00f0ugt, at \u00e6tla\u00f0u verk\u00e6tlanirnar vi\u00f0 golfv\u00f8lli og b\u00f8ttum umst\u00f8\u00f0um til skj\u00f3ting og bogaskj\u00f3ting ver\u00f0a framdar, og at arbei\u00f0i\u00f0 vi\u00f0 golfv\u00f8llinum fer \u00ed gongd \u00ed heyst ella \u00ed seinasta lagi \u00e1 v\u00e1ri 2015.<\/p>\n<p>\u00cdtr\u00f3ttasamband F\u00f8roya fegnast um, at myndugleikarnir \u00ed F\u00f8royum stu\u00f0la \u00e6tlanini at f\u00e1a Oyggjaleikirnar aftur til F\u00f8royar.<\/p>","protected":false},"excerpt":{"rendered":"<p>\u00c1 a\u00f0alfundi hj\u00e1 Altj\u00f3\u00f0a Oyggjaleikanevndini \u00e1 Jersey \u00ed dag, var\u00f0 samtykt at heimila nevndini \u00ed IIGA at gera avtalu vi\u00f0 [&hellip;]<\/p>\n","protected":false},"author":6,"featured_media":995,"comment_status":"open","ping_status":"open","sticky":false,"template":"","format":"standard","meta":{"_acf_changed":false,"_relevanssi_hide_post":"","_relevanssi_hide_content":"","_relevanssi_pin_for_all":"","_relevanssi_pin_keywords":"","_relevanssi_unpin_keywords":"","_relevanssi_related_keywords":"","_relevanssi_related_include_ids":"","_relevanssi_related_exclude_ids":"","_relevanssi_related_no_append":"","_relevanssi_related_not_related":"","_relevanssi_related_posts":"","_relevanssi_noindex_reason":"","inline_featured_image":false,"footnotes":""},"categories":[2,8],"tags":[],"class_list":["post-3661","post","type-post","status-publish","format-standard","has-post-thumbnail","hentry","category-isf","category-oyggjaleikir"],"acf":[],"yoast_head":"<!-- This site is optimized with the Yoast SEO plugin v27.3 - https:\/\/yoast.com\/product\/yoast-seo-wordpress\/ -->\n<title>Oyggjaleikirnir \u00ed 2019 ver\u00f0a helst \u00e1 Menorca - \u00cdtr\u00f3ttasamband F\u00f8roya<\/title>\n<meta name=\"robots\" content=\"index, follow, max-snippet:-1, max-image-preview:large, max-video-preview:-1\" \/>\n<link rel=\"canonical\" href=\"https:\/\/isf.fo\/en\/oyggjaleikirnir-i-2019-verda-helst-a-menorca\/\" \/>\n<meta property=\"og:locale\" content=\"en_US\" \/>\n<meta property=\"og:type\" content=\"article\" \/>\n<meta property=\"og:title\" content=\"Oyggjaleikirnir \u00ed 2019 ver\u00f0a helst \u00e1 Menorca - \u00cdtr\u00f3ttasamband F\u00f8roya\" \/>\n<meta property=\"og:description\" content=\"\u00c1 a\u00f0alfundi hj\u00e1 Altj\u00f3\u00f0a Oyggjaleikanevndini \u00e1 Jersey \u00ed dag, var\u00f0 samtykt at heimila nevndini \u00ed IIGA at gera avtalu vi\u00f0 [&hellip;]\" \/>\n<meta property=\"og:url\" content=\"https:\/\/isf.fo\/en\/oyggjaleikirnir-i-2019-verda-helst-a-menorca\/\" \/>\n<meta property=\"og:site_name\" content=\"\u00cdtr\u00f3ttasamband F\u00f8roya\" \/>\n<meta property=\"article:publisher\" content=\"https:\/\/www.facebook.com\/itrottasambandid\" \/>\n<meta property=\"article:published_time\" content=\"2014-06-28T16:55:14+00:00\" \/>\n<meta name=\"author\" content=\"Petur Mitt\u00fan\" \/>\n<meta name=\"twitter:card\" content=\"summary_large_image\" \/>\n<meta name=\"twitter:label1\" content=\"Written by\" \/>\n\t<meta name=\"twitter:data1\" content=\"Petur Mitt\u00fan\" \/>\n\t<meta name=\"twitter:label2\" content=\"Est. reading time\" \/>\n\t<meta name=\"twitter:data2\" content=\"2 minutes\" \/>\n<script type=\"application\/ld+json\" class=\"yoast-schema-graph\">{\"@context\":\"https:\\\/\\\/schema.org\",\"@graph\":[{\"@type\":\"Article\",\"@id\":\"https:\\\/\\\/isf.fo\\\/oyggjaleikirnir-i-2019-verda-helst-a-menorca\\\/#article\",\"isPartOf\":{\"@id\":\"https:\\\/\\\/isf.fo\\\/oyggjaleikirnir-i-2019-verda-helst-a-menorca\\\/\"},\"author\":{\"name\":\"Petur Mitt\u00fan\",\"@id\":\"https:\\\/\\\/isf.fo\\\/#\\\/schema\\\/person\\\/78ac1b623dbf0ace868a5dbcdaed016d\"},\"headline\":\"Oyggjaleikirnir \u00ed 2019 ver\u00f0a helst \u00e1 Menorca\",\"datePublished\":\"2014-06-28T16:55:14+00:00\",\"mainEntityOfPage\":{\"@id\":\"https:\\\/\\\/isf.fo\\\/oyggjaleikirnir-i-2019-verda-helst-a-menorca\\\/\"},\"wordCount\":402,\"commentCount\":0,\"publisher\":{\"@id\":\"https:\\\/\\\/isf.fo\\\/#organization\"},\"image\":{\"@id\":\"https:\\\/\\\/isf.fo\\\/oyggjaleikirnir-i-2019-verda-helst-a-menorca\\\/#primaryimage\"},\"thumbnailUrl\":\"\",\"articleSection\":[\"\u00cdSF\",\"Oyggjaleikir\"],\"inLanguage\":\"en-US\"},{\"@type\":\"WebPage\",\"@id\":\"https:\\\/\\\/isf.fo\\\/oyggjaleikirnir-i-2019-verda-helst-a-menorca\\\/\",\"url\":\"https:\\\/\\\/isf.fo\\\/oyggjaleikirnir-i-2019-verda-helst-a-menorca\\\/\",\"name\":\"Oyggjaleikirnir \u00ed 2019 ver\u00f0a helst \u00e1 Menorca - \u00cdtr\u00f3ttasamband F\u00f8roya\",\"isPartOf\":{\"@id\":\"https:\\\/\\\/isf.fo\\\/#website\"},\"primaryImageOfPage\":{\"@id\":\"https:\\\/\\\/isf.fo\\\/oyggjaleikirnir-i-2019-verda-helst-a-menorca\\\/#primaryimage\"},\"image\":{\"@id\":\"https:\\\/\\\/isf.fo\\\/oyggjaleikirnir-i-2019-verda-helst-a-menorca\\\/#primaryimage\"},\"thumbnailUrl\":\"\",\"datePublished\":\"2014-06-28T16:55:14+00:00\",\"breadcrumb\":{\"@id\":\"https:\\\/\\\/isf.fo\\\/oyggjaleikirnir-i-2019-verda-helst-a-menorca\\\/#breadcrumb\"},\"inLanguage\":\"en-US\",\"potentialAction\":[{\"@type\":\"ReadAction\",\"target\":[\"https:\\\/\\\/isf.fo\\\/oyggjaleikirnir-i-2019-verda-helst-a-menorca\\\/\"]}]},{\"@type\":\"ImageObject\",\"inLanguage\":\"en-US\",\"@id\":\"https:\\\/\\\/isf.fo\\\/oyggjaleikirnir-i-2019-verda-helst-a-menorca\\\/#primaryimage\",\"url\":\"\",\"contentUrl\":\"\"},{\"@type\":\"BreadcrumbList\",\"@id\":\"https:\\\/\\\/isf.fo\\\/oyggjaleikirnir-i-2019-verda-helst-a-menorca\\\/#breadcrumb\",\"itemListElement\":[{\"@type\":\"ListItem\",\"position\":1,\"name\":\"Home\",\"item\":\"https:\\\/\\\/isf.fo\\\/\"},{\"@type\":\"ListItem\",\"position\":2,\"name\":\"Oyggjaleikirnir \u00ed 2019 ver\u00f0a helst \u00e1 Menorca\"}]},{\"@type\":\"WebSite\",\"@id\":\"https:\\\/\\\/isf.fo\\\/#website\",\"url\":\"https:\\\/\\\/isf.fo\\\/\",\"name\":\"\u00cdtr\u00f3ttasamband F\u00f8roya\",\"description\":\"\",\"publisher\":{\"@id\":\"https:\\\/\\\/isf.fo\\\/#organization\"},\"potentialAction\":[{\"@type\":\"SearchAction\",\"target\":{\"@type\":\"EntryPoint\",\"urlTemplate\":\"https:\\\/\\\/isf.fo\\\/?s={search_term_string}\"},\"query-input\":{\"@type\":\"PropertyValueSpecification\",\"valueRequired\":true,\"valueName\":\"search_term_string\"}}],\"inLanguage\":\"en-US\"},{\"@type\":\"Organization\",\"@id\":\"https:\\\/\\\/isf.fo\\\/#organization\",\"name\":\"\u00cdtr\u00f3ttasamband F\u00f8roya\",\"url\":\"https:\\\/\\\/isf.fo\\\/\",\"logo\":{\"@type\":\"ImageObject\",\"inLanguage\":\"en-US\",\"@id\":\"https:\\\/\\\/isf.fo\\\/#\\\/schema\\\/logo\\\/image\\\/\",\"url\":\"https:\\\/\\\/isf.fo\\\/wp-content\\\/uploads\\\/2025\\\/06\\\/ISF_Olympic-Committee-logo.png\",\"contentUrl\":\"https:\\\/\\\/isf.fo\\\/wp-content\\\/uploads\\\/2025\\\/06\\\/ISF_Olympic-Committee-logo.png\",\"width\":618,\"height\":121,\"caption\":\"\u00cdtr\u00f3ttasamband F\u00f8roya\"},\"image\":{\"@id\":\"https:\\\/\\\/isf.fo\\\/#\\\/schema\\\/logo\\\/image\\\/\"},\"sameAs\":[\"https:\\\/\\\/www.facebook.com\\\/itrottasambandid\"]},{\"@type\":\"Person\",\"@id\":\"https:\\\/\\\/isf.fo\\\/#\\\/schema\\\/person\\\/78ac1b623dbf0ace868a5dbcdaed016d\",\"name\":\"Petur Mitt\u00fan\",\"image\":{\"@type\":\"ImageObject\",\"inLanguage\":\"en-US\",\"@id\":\"https:\\\/\\\/secure.gravatar.com\\\/avatar\\\/6f731b65ffaeb1029d9436acc96fc12c3cef9200131daa85ab7762529a25d1d2?s=96&d=mm&r=g\",\"url\":\"https:\\\/\\\/secure.gravatar.com\\\/avatar\\\/6f731b65ffaeb1029d9436acc96fc12c3cef9200131daa85ab7762529a25d1d2?s=96&d=mm&r=g\",\"contentUrl\":\"https:\\\/\\\/secure.gravatar.com\\\/avatar\\\/6f731b65ffaeb1029d9436acc96fc12c3cef9200131daa85ab7762529a25d1d2?s=96&d=mm&r=g\",\"caption\":\"Petur Mitt\u00fan\"},\"url\":\"https:\\\/\\\/isf.fo\\\/en\\\/author\\\/petur\\\/\"}]}<\/script>\n<!-- \/ Yoast SEO plugin. -->","yoast_head_json":{"title":"Oyggjaleikirnir \u00ed 2019 ver\u00f0a helst \u00e1 Menorca - \u00cdtr\u00f3ttasamband F\u00f8roya","robots":{"index":"index","follow":"follow","max-snippet":"max-snippet:-1","max-image-preview":"max-image-preview:large","max-video-preview":"max-video-preview:-1"},"canonical":"https:\/\/isf.fo\/en\/oyggjaleikirnir-i-2019-verda-helst-a-menorca\/","og_locale":"en_US","og_type":"article","og_title":"Oyggjaleikirnir \u00ed 2019 ver\u00f0a helst \u00e1 Menorca - \u00cdtr\u00f3ttasamband F\u00f8roya","og_description":"\u00c1 a\u00f0alfundi hj\u00e1 Altj\u00f3\u00f0a Oyggjaleikanevndini \u00e1 Jersey \u00ed dag, var\u00f0 samtykt at heimila nevndini \u00ed IIGA at gera avtalu vi\u00f0 [&hellip;]","og_url":"https:\/\/isf.fo\/en\/oyggjaleikirnir-i-2019-verda-helst-a-menorca\/","og_site_name":"\u00cdtr\u00f3ttasamband F\u00f8roya","article_publisher":"https:\/\/www.facebook.com\/itrottasambandid","article_published_time":"2014-06-28T16:55:14+00:00","author":"Petur Mitt\u00fan","twitter_card":"summary_large_image","twitter_misc":{"Written by":"Petur Mitt\u00fan","Est. reading time":"2 minutes"},"schema":{"@context":"https:\/\/schema.org","@graph":[{"@type":"Article","@id":"https:\/\/isf.fo\/oyggjaleikirnir-i-2019-verda-helst-a-menorca\/#article","isPartOf":{"@id":"https:\/\/isf.fo\/oyggjaleikirnir-i-2019-verda-helst-a-menorca\/"},"author":{"name":"Petur Mitt\u00fan","@id":"https:\/\/isf.fo\/#\/schema\/person\/78ac1b623dbf0ace868a5dbcdaed016d"},"headline":"Oyggjaleikirnir \u00ed 2019 ver\u00f0a helst \u00e1 Menorca","datePublished":"2014-06-28T16:55:14+00:00","mainEntityOfPage":{"@id":"https:\/\/isf.fo\/oyggjaleikirnir-i-2019-verda-helst-a-menorca\/"},"wordCount":402,"commentCount":0,"publisher":{"@id":"https:\/\/isf.fo\/#organization"},"image":{"@id":"https:\/\/isf.fo\/oyggjaleikirnir-i-2019-verda-helst-a-menorca\/#primaryimage"},"thumbnailUrl":"","articleSection":["\u00cdSF","Oyggjaleikir"],"inLanguage":"en-US"},{"@type":"WebPage","@id":"https:\/\/isf.fo\/oyggjaleikirnir-i-2019-verda-helst-a-menorca\/","url":"https:\/\/isf.fo\/oyggjaleikirnir-i-2019-verda-helst-a-menorca\/","name":"Oyggjaleikirnir \u00ed 2019 ver\u00f0a helst \u00e1 Menorca - \u00cdtr\u00f3ttasamband F\u00f8roya","isPartOf":{"@id":"https:\/\/isf.fo\/#website"},"primaryImageOfPage":{"@id":"https:\/\/isf.fo\/oyggjaleikirnir-i-2019-verda-helst-a-menorca\/#primaryimage"},"image":{"@id":"https:\/\/isf.fo\/oyggjaleikirnir-i-2019-verda-helst-a-menorca\/#primaryimage"},"thumbnailUrl":"","datePublished":"2014-06-28T16:55:14+00:00","breadcrumb":{"@id":"https:\/\/isf.fo\/oyggjaleikirnir-i-2019-verda-helst-a-menorca\/#breadcrumb"},"inLanguage":"en-US","potentialAction":[{"@type":"ReadAction","target":["https:\/\/isf.fo\/oyggjaleikirnir-i-2019-verda-helst-a-menorca\/"]}]},{"@type":"ImageObject","inLanguage":"en-US","@id":"https:\/\/isf.fo\/oyggjaleikirnir-i-2019-verda-helst-a-menorca\/#primaryimage","url":"","contentUrl":""},{"@type":"BreadcrumbList","@id":"https:\/\/isf.fo\/oyggjaleikirnir-i-2019-verda-helst-a-menorca\/#breadcrumb","itemListElement":[{"@type":"ListItem","position":1,"name":"Home","item":"https:\/\/isf.fo\/"},{"@type":"ListItem","position":2,"name":"Oyggjaleikirnir \u00ed 2019 ver\u00f0a helst \u00e1 Menorca"}]},{"@type":"WebSite","@id":"https:\/\/isf.fo\/#website","url":"https:\/\/isf.fo\/","name":"\u00cdtr\u00f3ttasamband F\u00f8roya","description":"","publisher":{"@id":"https:\/\/isf.fo\/#organization"},"potentialAction":[{"@type":"SearchAction","target":{"@type":"EntryPoint","urlTemplate":"https:\/\/isf.fo\/?s={search_term_string}"},"query-input":{"@type":"PropertyValueSpecification","valueRequired":true,"valueName":"search_term_string"}}],"inLanguage":"en-US"},{"@type":"Organization","@id":"https:\/\/isf.fo\/#organization","name":"\u00cdtr\u00f3ttasamband F\u00f8roya","url":"https:\/\/isf.fo\/","logo":{"@type":"ImageObject","inLanguage":"en-US","@id":"https:\/\/isf.fo\/#\/schema\/logo\/image\/","url":"https:\/\/isf.fo\/wp-content\/uploads\/2025\/06\/ISF_Olympic-Committee-logo.png","contentUrl":"https:\/\/isf.fo\/wp-content\/uploads\/2025\/06\/ISF_Olympic-Committee-logo.png","width":618,"height":121,"caption":"\u00cdtr\u00f3ttasamband F\u00f8roya"},"image":{"@id":"https:\/\/isf.fo\/#\/schema\/logo\/image\/"},"sameAs":["https:\/\/www.facebook.com\/itrottasambandid"]},{"@type":"Person","@id":"https:\/\/isf.fo\/#\/schema\/person\/78ac1b623dbf0ace868a5dbcdaed016d","name":"Petur Mitt\u00fan","image":{"@type":"ImageObject","inLanguage":"en-US","@id":"https:\/\/secure.gravatar.com\/avatar\/6f731b65ffaeb1029d9436acc96fc12c3cef9200131daa85ab7762529a25d1d2?s=96&d=mm&r=g","url":"https:\/\/secure.gravatar.com\/avatar\/6f731b65ffaeb1029d9436acc96fc12c3cef9200131daa85ab7762529a25d1d2?s=96&d=mm&r=g","contentUrl":"https:\/\/secure.gravatar.com\/avatar\/6f731b65ffaeb1029d9436acc96fc12c3cef9200131daa85ab7762529a25d1d2?s=96&d=mm&r=g","caption":"Petur Mitt\u00fan"},"url":"https:\/\/isf.fo\/en\/author\/petur\/"}]}},"_links":{"self":[{"href":"https:\/\/isf.fo\/en\/wp-json\/wp\/v2\/posts\/3661","targetHints":{"allow":["GET"]}}],"collection":[{"href":"https:\/\/isf.fo\/en\/wp-json\/wp\/v2\/posts"}],"about":[{"href":"https:\/\/isf.fo\/en\/wp-json\/wp\/v2\/types\/post"}],"author":[{"embeddable":true,"href":"https:\/\/isf.fo\/en\/wp-json\/wp\/v2\/users\/6"}],"replies":[{"embeddable":true,"href":"https:\/\/isf.fo\/en\/wp-json\/wp\/v2\/comments?post=3661"}],"version-history":[{"count":0,"href":"https:\/\/isf.fo\/en\/wp-json\/wp\/v2\/posts\/3661\/revisions"}],"wp:featuredmedia":[{"embeddable":true,"href":"https:\/\/isf.fo\/en\/wp-json\/"}],"wp:attachment":[{"href":"https:\/\/isf.fo\/en\/wp-json\/wp\/v2\/media?parent=3661"}],"wp:term":[{"taxonomy":"category","embeddable":true,"href":"https:\/\/isf.fo\/en\/wp-json\/wp\/v2\/categories?post=3661"},{"taxonomy":"post_tag","embeddable":true,"href":"https:\/\/isf.fo\/en\/wp-json\/wp\/v2\/tags?post=3661"}],"curies":[{"name":"wp","href":"https:\/\/api.w.org\/{rel}","templated":true}]}}