{"id":3761,"date":"2014-09-03T12:37:59","date_gmt":"2014-09-03T11:37:59","guid":{"rendered":"https:\/\/isf.fo\/?p=3761"},"modified":"2016-12-04T14:59:18","modified_gmt":"2016-12-04T14:59:18","slug":"hjartaliga-til-lukku-og-bestu-eydnu","status":"publish","type":"post","link":"https:\/\/isf.fo\/en\/hjartaliga-til-lukku-og-bestu-eydnu\/","title":{"rendered":"Hjartaliga til lukku og bestu eydnu"},"content":{"rendered":"<p><a href=\"https:\/\/d21ockg4ri0hhk.cloudfront.net\/wp-content\/uploads\/2014\/09\/30193304\/2014-09-03-07.03.29.jpg\"><img decoding=\"async\" class=\"alignnone size-medium wp-image-3763 lazyload\" data-src=\"https:\/\/d21ockg4ri0hhk.cloudfront.net\/wp-content\/uploads\/2014\/09\/30193304\/2014-09-03-07.03.29-225x300.jpg\" alt=\"OLYMPUS DIGITAL CAMERA\" width=\"225\" height=\"300\" src=\"data:image\/svg+xml;base64,PHN2ZyB3aWR0aD0iMSIgaGVpZ2h0PSIxIiB4bWxucz0iaHR0cDovL3d3dy53My5vcmcvMjAwMC9zdmciPjwvc3ZnPg==\" style=\"--smush-placeholder-width: 225px; --smush-placeholder-aspect-ratio: 225\/300;\" \/><\/a><\/p>\n<p>G\u00f3\u00f0i P\u00e1l<\/p>\n<p>Ta\u00f0 sum fyri f\u00e1um \u00e1rum s\u00ed\u00f0ani var \u00f3hugsandi &#8211; at ein f\u00f8royingur ikki bert kom \u00ed finaluna \u00ed altj\u00f3\u00f0a kapping, men eisini t\u00f3k hei\u00f0ursmerki, hevur t\u00fa gj\u00f8rt til eitt afturvendandi fyribrigdi, har f\u00f3lk savnast \u00ed f\u00f8roysku heimunum at s\u00edggja teg svimja.<\/p>\n<p>Um vit spola 6 \u00e1r aftur, s\u00f3u vit teg vinna tr\u00fd gullhei\u00f0ursmerki \u00ed evropeisku meistarakappingini fyri juniorar \u00ed Beograd. Vit v\u00f3ru bergtikin av hesum bragdinum, og vit v\u00f3ru samstundis meiri enn n\u00f8gd vi\u00f0 hetta avrik t\u00edtt.<\/p>\n<p>T\u00fa hevur t\u00f3 alla t\u00ed\u00f0ina havt dreymin um at r\u00f8kka enn longur. Hetta hevur f\u00f8rt teg til olympiskar leikir, heimsmeistarakappingar og World Cup.<\/p>\n<p>Seinasta avriki\u00f0 hj\u00e1 t\u00e6r var at vinna tvey silvurhei\u00f0ursmerki \u00ed evropeisku meistarakappingini \u00ed Berlin.<\/p>\n<p>Ta\u00f0 s\u00e6st \u00e1 \u00f8llum br\u00f8gdum, at t\u00fa hevur veri\u00f0 \u00ed einari st\u00f8\u00f0ugari menning. Fyri seks \u00e1rum s\u00ed\u00f0ani vart t\u00fa ungi og bl\u00e1oygdi f\u00f8royingurin, sum bj\u00f3\u00f0a\u00f0i allari ver\u00f0ini av. T\u00fa svam av d\u00fdrastu makt og vann.<\/p>\n<p>\u00cd kappingunum \u00ed Berlin s\u00f3u vit eina vaksnari \u00fatg\u00e1vu av t\u00e6r &#8211; ein b\u00fanan svimjara, sum kendi egna styrki og styrkina hj\u00e1 hinum, og sum dugdi taktiska leikin.<\/p>\n<p>T\u00fa hevur seinnu \u00e1rini b\u00f3kstavliga veri\u00f0 flaggskipi\u00f0 hj\u00e1 f\u00f8royskum \u00edtr\u00f3tti, og hevur bori\u00f0 merki\u00f0 \u00fat \u00ed heim b\u00e6\u00f0i vi\u00f0 t\u00edni lutt\u00f8ku \u00e1 allarh\u00e6gsta stigi\u00f0, og ikki minst t\u00e1 t\u00e1 t\u00edni avrik hava havt vi\u00f0 s\u00e6r, at merki\u00f0 ver\u00f0ur vundi\u00f0 \u00e1 stong \u00ed samband vi\u00f0 hei\u00f0ursmerkjahandan.<\/p>\n<p>Ta\u00f0 unnist f\u00e1um at gerast ein sonevnd &#8220;livandi legenda&#8221; &#8211; men t\u00fa P\u00e1l ert ein sl\u00edk. Eins v\u00e6l og altj\u00f3\u00f0a svimjiheimurin undrast og fegnast um t\u00edna serligu s\u00f8gu &#8211; fr\u00e1 hylinum \u00ed V\u00e1gi og \u00fat \u00ed heim &#8211; eru sporini hj\u00e1 t\u00e6r t\u00fd\u00f0ilig \u00ed f\u00f8royskum \u00edtr\u00f3tti. T\u00fa hevur sum fyrimynd v\u00edst f\u00f8royskum \u00edtr\u00f3tt, at vit kunnu og eiga at bj\u00f3\u00f0a okkum fram \u00e1 h\u00e6gsat stigi. St\u00f3ru ambiti\u00f3nirnar hj\u00e1 t\u00e6r &#8211; og ta\u00f0 mi\u00f0v\u00edsa arbei\u00f0i\u00f0 sum skuldi til fyri at kappast \u00e1 h\u00e6gsta stigi &#8211; birtu neistan undir \u00farvalsskipanini hj\u00e1 \u00cdSF. Og \u00ed V\u00e1gi leggja tey \u00ed hesum d\u00f8gum seinastu hond \u00e1 langhylin. Ta\u00f0 er av sonnum hugaligt at s\u00edggja, at arbei\u00f0i\u00f0 vi\u00f0 at r\u00f8kka \u00edt\u00f8kiligum \u00edtr\u00f3ttarligum m\u00e1lum dregur so n\u00f3gv anna\u00f0 vi\u00f0 s\u00e6r.<\/p>\n<p>G\u00f3\u00f0i P\u00e1l. Hjartaliga tillukku vi\u00f0 avriknunum. F\u00f8royska tj\u00f3\u00f0in fylgir v\u00e6l vi\u00f0, hvussu ta\u00f0 gongst t\u00e6r, og vit gle\u00f0a okkum at fylgja vi\u00f0 gongdini hetta fram m\u00f3ti st\u00f3ra m\u00e1linum &#8211; OL \u00ed Rio.<\/p>\n<p>Bestu eydnu.<\/p>\n<p>Vi\u00f0 \u00edtr\u00f3ttakv\u00f8\u00f0u<\/p>","protected":false},"excerpt":{"rendered":"<p>G\u00f3\u00f0i P\u00e1l Ta\u00f0 sum fyri f\u00e1um \u00e1rum s\u00ed\u00f0ani var \u00f3hugsandi &#8211; at ein f\u00f8royingur ikki bert kom \u00ed finaluna \u00ed [&hellip;]<\/p>\n","protected":false},"author":6,"featured_media":3763,"comment_status":"open","ping_status":"open","sticky":false,"template":"","format":"standard","meta":{"_acf_changed":false,"_relevanssi_hide_post":"","_relevanssi_hide_content":"","_relevanssi_pin_for_all":"","_relevanssi_pin_keywords":"","_relevanssi_unpin_keywords":"","_relevanssi_related_keywords":"","_relevanssi_related_include_ids":"","_relevanssi_related_exclude_ids":"","_relevanssi_related_no_append":"","_relevanssi_related_not_related":"","_relevanssi_related_posts":"","_relevanssi_noindex_reason":"","inline_featured_image":false,"footnotes":""},"categories":[2,3],"tags":[],"class_list":["post-3761","post","type-post","status-publish","format-standard","has-post-thumbnail","hentry","category-isf","category-ymiskt"],"acf":[],"yoast_head":"<!-- This site is optimized with the Yoast SEO plugin v27.5 - https:\/\/yoast.com\/product\/yoast-seo-wordpress\/ -->\n<title>Hjartaliga til lukku og bestu eydnu - \u00cdtr\u00f3ttasamband F\u00f8roya<\/title>\n<meta name=\"robots\" content=\"index, follow, max-snippet:-1, max-image-preview:large, max-video-preview:-1\" \/>\n<link rel=\"canonical\" href=\"https:\/\/isf.fo\/en\/hjartaliga-til-lukku-og-bestu-eydnu\/\" \/>\n<meta property=\"og:locale\" content=\"en_US\" \/>\n<meta property=\"og:type\" content=\"article\" \/>\n<meta property=\"og:title\" content=\"Hjartaliga til lukku og bestu eydnu - \u00cdtr\u00f3ttasamband F\u00f8roya\" \/>\n<meta property=\"og:description\" content=\"G\u00f3\u00f0i P\u00e1l Ta\u00f0 sum fyri f\u00e1um \u00e1rum s\u00ed\u00f0ani var \u00f3hugsandi &#8211; at ein f\u00f8royingur ikki bert kom \u00ed finaluna \u00ed [&hellip;]\" \/>\n<meta property=\"og:url\" content=\"https:\/\/isf.fo\/en\/hjartaliga-til-lukku-og-bestu-eydnu\/\" \/>\n<meta property=\"og:site_name\" content=\"\u00cdtr\u00f3ttasamband F\u00f8roya\" \/>\n<meta property=\"article:publisher\" content=\"https:\/\/www.facebook.com\/itrottasambandid\" \/>\n<meta property=\"article:published_time\" content=\"2014-09-03T11:37:59+00:00\" \/>\n<meta property=\"article:modified_time\" content=\"2016-12-04T14:59:18+00:00\" \/>\n<meta name=\"author\" content=\"Petur Mitt\u00fan\" \/>\n<meta name=\"twitter:card\" content=\"summary_large_image\" \/>\n<meta name=\"twitter:label1\" content=\"Written by\" \/>\n\t<meta name=\"twitter:data1\" content=\"Petur Mitt\u00fan\" \/>\n\t<meta name=\"twitter:label2\" content=\"Est. reading time\" \/>\n\t<meta name=\"twitter:data2\" content=\"2 minutes\" \/>\n<script type=\"application\/ld+json\" class=\"yoast-schema-graph\">{\"@context\":\"https:\\\/\\\/schema.org\",\"@graph\":[{\"@type\":\"Article\",\"@id\":\"https:\\\/\\\/isf.fo\\\/hjartaliga-til-lukku-og-bestu-eydnu\\\/#article\",\"isPartOf\":{\"@id\":\"https:\\\/\\\/isf.fo\\\/hjartaliga-til-lukku-og-bestu-eydnu\\\/\"},\"author\":{\"name\":\"Petur Mitt\u00fan\",\"@id\":\"https:\\\/\\\/isf.fo\\\/#\\\/schema\\\/person\\\/78ac1b623dbf0ace868a5dbcdaed016d\"},\"headline\":\"Hjartaliga til lukku og bestu eydnu\",\"datePublished\":\"2014-09-03T11:37:59+00:00\",\"dateModified\":\"2016-12-04T14:59:18+00:00\",\"mainEntityOfPage\":{\"@id\":\"https:\\\/\\\/isf.fo\\\/hjartaliga-til-lukku-og-bestu-eydnu\\\/\"},\"wordCount\":458,\"commentCount\":0,\"publisher\":{\"@id\":\"https:\\\/\\\/isf.fo\\\/#organization\"},\"image\":{\"@id\":\"https:\\\/\\\/isf.fo\\\/hjartaliga-til-lukku-og-bestu-eydnu\\\/#primaryimage\"},\"thumbnailUrl\":\"\",\"articleSection\":[\"\u00cdSF\",\"Ymiskt\"],\"inLanguage\":\"en-US\"},{\"@type\":\"WebPage\",\"@id\":\"https:\\\/\\\/isf.fo\\\/hjartaliga-til-lukku-og-bestu-eydnu\\\/\",\"url\":\"https:\\\/\\\/isf.fo\\\/hjartaliga-til-lukku-og-bestu-eydnu\\\/\",\"name\":\"Hjartaliga til lukku og bestu eydnu - \u00cdtr\u00f3ttasamband F\u00f8roya\",\"isPartOf\":{\"@id\":\"https:\\\/\\\/isf.fo\\\/#website\"},\"primaryImageOfPage\":{\"@id\":\"https:\\\/\\\/isf.fo\\\/hjartaliga-til-lukku-og-bestu-eydnu\\\/#primaryimage\"},\"image\":{\"@id\":\"https:\\\/\\\/isf.fo\\\/hjartaliga-til-lukku-og-bestu-eydnu\\\/#primaryimage\"},\"thumbnailUrl\":\"\",\"datePublished\":\"2014-09-03T11:37:59+00:00\",\"dateModified\":\"2016-12-04T14:59:18+00:00\",\"breadcrumb\":{\"@id\":\"https:\\\/\\\/isf.fo\\\/hjartaliga-til-lukku-og-bestu-eydnu\\\/#breadcrumb\"},\"inLanguage\":\"en-US\",\"potentialAction\":[{\"@type\":\"ReadAction\",\"target\":[\"https:\\\/\\\/isf.fo\\\/hjartaliga-til-lukku-og-bestu-eydnu\\\/\"]}]},{\"@type\":\"ImageObject\",\"inLanguage\":\"en-US\",\"@id\":\"https:\\\/\\\/isf.fo\\\/hjartaliga-til-lukku-og-bestu-eydnu\\\/#primaryimage\",\"url\":\"\",\"contentUrl\":\"\"},{\"@type\":\"BreadcrumbList\",\"@id\":\"https:\\\/\\\/isf.fo\\\/hjartaliga-til-lukku-og-bestu-eydnu\\\/#breadcrumb\",\"itemListElement\":[{\"@type\":\"ListItem\",\"position\":1,\"name\":\"Home\",\"item\":\"https:\\\/\\\/isf.fo\\\/\"},{\"@type\":\"ListItem\",\"position\":2,\"name\":\"Hjartaliga til lukku og bestu eydnu\"}]},{\"@type\":\"WebSite\",\"@id\":\"https:\\\/\\\/isf.fo\\\/#website\",\"url\":\"https:\\\/\\\/isf.fo\\\/\",\"name\":\"\u00cdtr\u00f3ttasamband F\u00f8roya\",\"description\":\"\",\"publisher\":{\"@id\":\"https:\\\/\\\/isf.fo\\\/#organization\"},\"potentialAction\":[{\"@type\":\"SearchAction\",\"target\":{\"@type\":\"EntryPoint\",\"urlTemplate\":\"https:\\\/\\\/isf.fo\\\/?s={search_term_string}\"},\"query-input\":{\"@type\":\"PropertyValueSpecification\",\"valueRequired\":true,\"valueName\":\"search_term_string\"}}],\"inLanguage\":\"en-US\"},{\"@type\":\"Organization\",\"@id\":\"https:\\\/\\\/isf.fo\\\/#organization\",\"name\":\"\u00cdtr\u00f3ttasamband F\u00f8roya\",\"url\":\"https:\\\/\\\/isf.fo\\\/\",\"logo\":{\"@type\":\"ImageObject\",\"inLanguage\":\"en-US\",\"@id\":\"https:\\\/\\\/isf.fo\\\/#\\\/schema\\\/logo\\\/image\\\/\",\"url\":\"https:\\\/\\\/isf.fo\\\/wp-content\\\/uploads\\\/2025\\\/06\\\/ISF_Olympic-Committee-logo.png\",\"contentUrl\":\"https:\\\/\\\/isf.fo\\\/wp-content\\\/uploads\\\/2025\\\/06\\\/ISF_Olympic-Committee-logo.png\",\"width\":618,\"height\":121,\"caption\":\"\u00cdtr\u00f3ttasamband F\u00f8roya\"},\"image\":{\"@id\":\"https:\\\/\\\/isf.fo\\\/#\\\/schema\\\/logo\\\/image\\\/\"},\"sameAs\":[\"https:\\\/\\\/www.facebook.com\\\/itrottasambandid\"]},{\"@type\":\"Person\",\"@id\":\"https:\\\/\\\/isf.fo\\\/#\\\/schema\\\/person\\\/78ac1b623dbf0ace868a5dbcdaed016d\",\"name\":\"Petur Mitt\u00fan\",\"image\":{\"@type\":\"ImageObject\",\"inLanguage\":\"en-US\",\"@id\":\"https:\\\/\\\/secure.gravatar.com\\\/avatar\\\/6f731b65ffaeb1029d9436acc96fc12c3cef9200131daa85ab7762529a25d1d2?s=96&d=mm&r=g\",\"url\":\"https:\\\/\\\/secure.gravatar.com\\\/avatar\\\/6f731b65ffaeb1029d9436acc96fc12c3cef9200131daa85ab7762529a25d1d2?s=96&d=mm&r=g\",\"contentUrl\":\"https:\\\/\\\/secure.gravatar.com\\\/avatar\\\/6f731b65ffaeb1029d9436acc96fc12c3cef9200131daa85ab7762529a25d1d2?s=96&d=mm&r=g\",\"caption\":\"Petur Mitt\u00fan\"},\"url\":\"https:\\\/\\\/isf.fo\\\/en\\\/author\\\/petur\\\/\"}]}<\/script>\n<!-- \/ Yoast SEO plugin. -->","yoast_head_json":{"title":"Hjartaliga til lukku og bestu eydnu - \u00cdtr\u00f3ttasamband F\u00f8roya","robots":{"index":"index","follow":"follow","max-snippet":"max-snippet:-1","max-image-preview":"max-image-preview:large","max-video-preview":"max-video-preview:-1"},"canonical":"https:\/\/isf.fo\/en\/hjartaliga-til-lukku-og-bestu-eydnu\/","og_locale":"en_US","og_type":"article","og_title":"Hjartaliga til lukku og bestu eydnu - \u00cdtr\u00f3ttasamband F\u00f8roya","og_description":"G\u00f3\u00f0i P\u00e1l Ta\u00f0 sum fyri f\u00e1um \u00e1rum s\u00ed\u00f0ani var \u00f3hugsandi &#8211; at ein f\u00f8royingur ikki bert kom \u00ed finaluna \u00ed [&hellip;]","og_url":"https:\/\/isf.fo\/en\/hjartaliga-til-lukku-og-bestu-eydnu\/","og_site_name":"\u00cdtr\u00f3ttasamband F\u00f8roya","article_publisher":"https:\/\/www.facebook.com\/itrottasambandid","article_published_time":"2014-09-03T11:37:59+00:00","article_modified_time":"2016-12-04T14:59:18+00:00","author":"Petur Mitt\u00fan","twitter_card":"summary_large_image","twitter_misc":{"Written by":"Petur Mitt\u00fan","Est. reading time":"2 minutes"},"schema":{"@context":"https:\/\/schema.org","@graph":[{"@type":"Article","@id":"https:\/\/isf.fo\/hjartaliga-til-lukku-og-bestu-eydnu\/#article","isPartOf":{"@id":"https:\/\/isf.fo\/hjartaliga-til-lukku-og-bestu-eydnu\/"},"author":{"name":"Petur Mitt\u00fan","@id":"https:\/\/isf.fo\/#\/schema\/person\/78ac1b623dbf0ace868a5dbcdaed016d"},"headline":"Hjartaliga til lukku og bestu eydnu","datePublished":"2014-09-03T11:37:59+00:00","dateModified":"2016-12-04T14:59:18+00:00","mainEntityOfPage":{"@id":"https:\/\/isf.fo\/hjartaliga-til-lukku-og-bestu-eydnu\/"},"wordCount":458,"commentCount":0,"publisher":{"@id":"https:\/\/isf.fo\/#organization"},"image":{"@id":"https:\/\/isf.fo\/hjartaliga-til-lukku-og-bestu-eydnu\/#primaryimage"},"thumbnailUrl":"","articleSection":["\u00cdSF","Ymiskt"],"inLanguage":"en-US"},{"@type":"WebPage","@id":"https:\/\/isf.fo\/hjartaliga-til-lukku-og-bestu-eydnu\/","url":"https:\/\/isf.fo\/hjartaliga-til-lukku-og-bestu-eydnu\/","name":"Hjartaliga til lukku og bestu eydnu - \u00cdtr\u00f3ttasamband F\u00f8roya","isPartOf":{"@id":"https:\/\/isf.fo\/#website"},"primaryImageOfPage":{"@id":"https:\/\/isf.fo\/hjartaliga-til-lukku-og-bestu-eydnu\/#primaryimage"},"image":{"@id":"https:\/\/isf.fo\/hjartaliga-til-lukku-og-bestu-eydnu\/#primaryimage"},"thumbnailUrl":"","datePublished":"2014-09-03T11:37:59+00:00","dateModified":"2016-12-04T14:59:18+00:00","breadcrumb":{"@id":"https:\/\/isf.fo\/hjartaliga-til-lukku-og-bestu-eydnu\/#breadcrumb"},"inLanguage":"en-US","potentialAction":[{"@type":"ReadAction","target":["https:\/\/isf.fo\/hjartaliga-til-lukku-og-bestu-eydnu\/"]}]},{"@type":"ImageObject","inLanguage":"en-US","@id":"https:\/\/isf.fo\/hjartaliga-til-lukku-og-bestu-eydnu\/#primaryimage","url":"","contentUrl":""},{"@type":"BreadcrumbList","@id":"https:\/\/isf.fo\/hjartaliga-til-lukku-og-bestu-eydnu\/#breadcrumb","itemListElement":[{"@type":"ListItem","position":1,"name":"Home","item":"https:\/\/isf.fo\/"},{"@type":"ListItem","position":2,"name":"Hjartaliga til lukku og bestu eydnu"}]},{"@type":"WebSite","@id":"https:\/\/isf.fo\/#website","url":"https:\/\/isf.fo\/","name":"\u00cdtr\u00f3ttasamband F\u00f8roya","description":"","publisher":{"@id":"https:\/\/isf.fo\/#organization"},"potentialAction":[{"@type":"SearchAction","target":{"@type":"EntryPoint","urlTemplate":"https:\/\/isf.fo\/?s={search_term_string}"},"query-input":{"@type":"PropertyValueSpecification","valueRequired":true,"valueName":"search_term_string"}}],"inLanguage":"en-US"},{"@type":"Organization","@id":"https:\/\/isf.fo\/#organization","name":"\u00cdtr\u00f3ttasamband F\u00f8roya","url":"https:\/\/isf.fo\/","logo":{"@type":"ImageObject","inLanguage":"en-US","@id":"https:\/\/isf.fo\/#\/schema\/logo\/image\/","url":"https:\/\/isf.fo\/wp-content\/uploads\/2025\/06\/ISF_Olympic-Committee-logo.png","contentUrl":"https:\/\/isf.fo\/wp-content\/uploads\/2025\/06\/ISF_Olympic-Committee-logo.png","width":618,"height":121,"caption":"\u00cdtr\u00f3ttasamband F\u00f8roya"},"image":{"@id":"https:\/\/isf.fo\/#\/schema\/logo\/image\/"},"sameAs":["https:\/\/www.facebook.com\/itrottasambandid"]},{"@type":"Person","@id":"https:\/\/isf.fo\/#\/schema\/person\/78ac1b623dbf0ace868a5dbcdaed016d","name":"Petur Mitt\u00fan","image":{"@type":"ImageObject","inLanguage":"en-US","@id":"https:\/\/secure.gravatar.com\/avatar\/6f731b65ffaeb1029d9436acc96fc12c3cef9200131daa85ab7762529a25d1d2?s=96&d=mm&r=g","url":"https:\/\/secure.gravatar.com\/avatar\/6f731b65ffaeb1029d9436acc96fc12c3cef9200131daa85ab7762529a25d1d2?s=96&d=mm&r=g","contentUrl":"https:\/\/secure.gravatar.com\/avatar\/6f731b65ffaeb1029d9436acc96fc12c3cef9200131daa85ab7762529a25d1d2?s=96&d=mm&r=g","caption":"Petur Mitt\u00fan"},"url":"https:\/\/isf.fo\/en\/author\/petur\/"}]}},"_links":{"self":[{"href":"https:\/\/isf.fo\/en\/wp-json\/wp\/v2\/posts\/3761","targetHints":{"allow":["GET"]}}],"collection":[{"href":"https:\/\/isf.fo\/en\/wp-json\/wp\/v2\/posts"}],"about":[{"href":"https:\/\/isf.fo\/en\/wp-json\/wp\/v2\/types\/post"}],"author":[{"embeddable":true,"href":"https:\/\/isf.fo\/en\/wp-json\/wp\/v2\/users\/6"}],"replies":[{"embeddable":true,"href":"https:\/\/isf.fo\/en\/wp-json\/wp\/v2\/comments?post=3761"}],"version-history":[{"count":1,"href":"https:\/\/isf.fo\/en\/wp-json\/wp\/v2\/posts\/3761\/revisions"}],"predecessor-version":[{"id":4549,"href":"https:\/\/isf.fo\/en\/wp-json\/wp\/v2\/posts\/3761\/revisions\/4549"}],"wp:featuredmedia":[{"embeddable":true,"href":"https:\/\/isf.fo\/en\/wp-json\/"}],"wp:attachment":[{"href":"https:\/\/isf.fo\/en\/wp-json\/wp\/v2\/media?parent=3761"}],"wp:term":[{"taxonomy":"category","embeddable":true,"href":"https:\/\/isf.fo\/en\/wp-json\/wp\/v2\/categories?post=3761"},{"taxonomy":"post_tag","embeddable":true,"href":"https:\/\/isf.fo\/en\/wp-json\/wp\/v2\/tags?post=3761"}],"curies":[{"name":"wp","href":"https:\/\/api.w.org\/{rel}","templated":true}]}}