{"id":3779,"date":"2014-09-17T15:08:43","date_gmt":"2014-09-17T14:08:43","guid":{"rendered":"https:\/\/isf.fo\/?p=3779"},"modified":"2016-12-04T14:59:07","modified_gmt":"2016-12-04T14:59:07","slug":"fimtu-ferd-a-rad-verdur-tryggingarfelagid-foeroyar-hoevudsstudul-hja-foeroyska-oyggjaleikahopinum","status":"publish","type":"post","link":"https:\/\/isf.fo\/en\/fimtu-ferd-a-rad-verdur-tryggingarfelagid-foeroyar-hoevudsstudul-hja-foeroyska-oyggjaleikahopinum\/","title":{"rendered":"Fimtu fer\u00f0 \u00e1 ra\u00f0, ver\u00f0ur Tryggingarfelagi\u00f0 F\u00f8royar h\u00f8vu\u00f0sstu\u00f0ul hj\u00e1 f\u00f8royska oyggjaleikah\u00f3pinum."},"content":{"rendered":"<p><a href=\"https:\/\/isf.fo\/wp-content\/uploads\/2014\/09\/\u00cdSF-TF-Oyggjaleikir-2015-all.jpg\"><img decoding=\"async\" class=\"alignnone size-medium wp-image-3780 lazyload\" data-src=\"https:\/\/isf.fo\/wp-content\/uploads\/2014\/09\/\u00cdSF-TF-Oyggjaleikir-2015-all-300x164.jpg\" alt=\"\u00cdSF-TF Oyggjaleikir 2015 all\" width=\"300\" height=\"164\" src=\"data:image\/svg+xml;base64,PHN2ZyB3aWR0aD0iMSIgaGVpZ2h0PSIxIiB4bWxucz0iaHR0cDovL3d3dy53My5vcmcvMjAwMC9zdmciPjwvc3ZnPg==\" style=\"--smush-placeholder-width: 300px; --smush-placeholder-aspect-ratio: 300\/164;\" \/><\/a><\/p>\n<p>Tryggingarfelagi\u00f0 F\u00f8royar ver\u00f0ur enn einafer\u00f0 h\u00f8vu\u00f0sstu\u00f0ul hj\u00e1 f\u00f8royska oyggjaleikah\u00f3pinum, sum komandi summar skal royna seg \u00e1 Jersey. Hetta er greitt eftir, at Tryggingarfelagi\u00f0 F\u00f8royar og \u00cdSF eru komin \u00e1samt um n\u00fdggjan samstarvss\u00e1ttm\u00e1la.<\/p>\n<p>&#8211; Vit eru takksom og errin av, at Tryggingarfelagi\u00f0 F\u00f8royar hevur j\u00e1tta\u00f0 at vera h\u00f8vu\u00f0sstu\u00f0ul \u00e1 Oyggjaleikunum \u00e1 Jersey 2015. Ta\u00f0 er einki dulsm\u00e1l, at ta\u00f0 er kostna\u00f0armiki\u00f0 at fara vi\u00f0 st\u00f3rum fer\u00f0alagi til Jersey, og t\u00ed kemur \u00edkasti\u00f0 hj\u00e1 Tryggingarfelagnum F\u00f8royum v\u00e6l vi\u00f0, sigur Anna Rein, nevndarlimur \u00ed \u00cdSF.<\/p>\n<p>Samstarvss\u00e1ttm\u00e1lin hevur vi\u00f0 s\u00e6r, at Tryggingarfelagi\u00f0 F\u00f8royar rindar fyri b\u00fanar og \u00e1v\u00edsa \u00fatger\u00f0 til allar luttakarar, i\u00f0 eru vi\u00f0 \u00ed Oyggjaleikah\u00f3pinum.\u00a0Oyggjaleikirnir eru st\u00f8rsta einstaka \u00edtr\u00f3ttatiltak, i\u00f0 F\u00f8royar sum tj\u00f3\u00f0 taka lut \u00ed.\u00a0\u00a0\u00c1 leikunum \u00e1 Jersey ver\u00f0a F\u00f8royar umbo\u00f0a\u00f0ar \u00ed 13 \u00edtr\u00f3ttagreinum. Talan ver\u00f0ur um 136 \u00ed\u00f0karar, umframt venjarar og lei\u00f0arar, so \u00ed alt ver\u00f0a umlei\u00f0 175 \u00edtr\u00f3ttaf\u00f3lk, i\u00f0 vera vi\u00f0.\u00a0\u00cdtr\u00f3ttargreinarnar eru: Fr\u00e6lsur \u00edtr\u00f3ttur, badminton, bogaskj\u00f3ting, tennis, golf, kurvab\u00f3ltur, bor\u00f0tennis, svimjing, skj\u00f3ting, flogb\u00f3ltur, strandarflogb\u00f3ltur, s\u00fakkling og triathlon.<\/p>\n<p>&#8211; Tryggingarfelagi\u00f0 F\u00f8royar er felagi\u00f0 fyri allar f\u00f8royingar. T\u00ed kennist ta\u00f0 nat\u00farligt, at vit stu\u00f0la Oyggjaleikum, har flestu \u00edtr\u00f3ttargreinar, sum f\u00f8royingar \u00ed\u00f0ka, eru umbo\u00f0a\u00f0ar. Vit eru gla\u00f0 fyri, at vit enn einafer\u00f0 saman vi\u00f0 \u00cdSF kunnu tryggja f\u00f8royska lutt\u00f8ku \u00e1 Oyggjaleikunum,\u201d sigur Regin Hammer, forstj\u00f3ri \u00e1 Tryggingarfelagnum F\u00f8royum.<\/p>","protected":false},"excerpt":{"rendered":"<p>Tryggingarfelagi\u00f0 F\u00f8royar ver\u00f0ur enn einafer\u00f0 h\u00f8vu\u00f0sstu\u00f0ul hj\u00e1 f\u00f8royska oyggjaleikah\u00f3pinum, sum komandi summar skal royna seg \u00e1 Jersey. Hetta er greitt [&hellip;]<\/p>\n","protected":false},"author":6,"featured_media":3780,"comment_status":"open","ping_status":"open","sticky":false,"template":"","format":"standard","meta":{"_acf_changed":false,"_relevanssi_hide_post":"","_relevanssi_hide_content":"","_relevanssi_pin_for_all":"","_relevanssi_pin_keywords":"","_relevanssi_unpin_keywords":"","_relevanssi_related_keywords":"","_relevanssi_related_include_ids":"","_relevanssi_related_exclude_ids":"","_relevanssi_related_no_append":"","_relevanssi_related_not_related":"","_relevanssi_related_posts":"","_relevanssi_noindex_reason":"","inline_featured_image":false,"footnotes":""},"categories":[2,8,3],"tags":[],"class_list":["post-3779","post","type-post","status-publish","format-standard","has-post-thumbnail","hentry","category-isf","category-oyggjaleikir","category-ymiskt"],"acf":[],"yoast_head":"<!-- This site is optimized with the Yoast SEO plugin v27.5 - https:\/\/yoast.com\/product\/yoast-seo-wordpress\/ -->\n<title>Fimtu fer\u00f0 \u00e1 ra\u00f0, ver\u00f0ur Tryggingarfelagi\u00f0 F\u00f8royar h\u00f8vu\u00f0sstu\u00f0ul hj\u00e1 f\u00f8royska oyggjaleikah\u00f3pinum. - \u00cdtr\u00f3ttasamband F\u00f8roya<\/title>\n<meta name=\"robots\" content=\"index, follow, max-snippet:-1, max-image-preview:large, max-video-preview:-1\" \/>\n<link rel=\"canonical\" href=\"https:\/\/isf.fo\/en\/fimtu-ferd-a-rad-verdur-tryggingarfelagid-foeroyar-hoevudsstudul-hja-foeroyska-oyggjaleikahopinum\/\" \/>\n<meta property=\"og:locale\" content=\"en_US\" \/>\n<meta property=\"og:type\" content=\"article\" \/>\n<meta property=\"og:title\" content=\"Fimtu fer\u00f0 \u00e1 ra\u00f0, ver\u00f0ur Tryggingarfelagi\u00f0 F\u00f8royar h\u00f8vu\u00f0sstu\u00f0ul hj\u00e1 f\u00f8royska oyggjaleikah\u00f3pinum. - \u00cdtr\u00f3ttasamband F\u00f8roya\" \/>\n<meta property=\"og:description\" content=\"Tryggingarfelagi\u00f0 F\u00f8royar ver\u00f0ur enn einafer\u00f0 h\u00f8vu\u00f0sstu\u00f0ul hj\u00e1 f\u00f8royska oyggjaleikah\u00f3pinum, sum komandi summar skal royna seg \u00e1 Jersey. Hetta er greitt [&hellip;]\" \/>\n<meta property=\"og:url\" content=\"https:\/\/isf.fo\/en\/fimtu-ferd-a-rad-verdur-tryggingarfelagid-foeroyar-hoevudsstudul-hja-foeroyska-oyggjaleikahopinum\/\" \/>\n<meta property=\"og:site_name\" content=\"\u00cdtr\u00f3ttasamband F\u00f8roya\" \/>\n<meta property=\"article:publisher\" content=\"https:\/\/www.facebook.com\/itrottasambandid\" \/>\n<meta property=\"article:published_time\" content=\"2014-09-17T14:08:43+00:00\" \/>\n<meta property=\"article:modified_time\" content=\"2016-12-04T14:59:07+00:00\" \/>\n<meta name=\"author\" content=\"Petur Mitt\u00fan\" \/>\n<meta name=\"twitter:card\" content=\"summary_large_image\" \/>\n<meta name=\"twitter:label1\" content=\"Written by\" \/>\n\t<meta name=\"twitter:data1\" content=\"Petur Mitt\u00fan\" \/>\n\t<meta name=\"twitter:label2\" content=\"Est. reading time\" \/>\n\t<meta name=\"twitter:data2\" content=\"1 minute\" \/>\n<script type=\"application\/ld+json\" class=\"yoast-schema-graph\">{\"@context\":\"https:\\\/\\\/schema.org\",\"@graph\":[{\"@type\":\"Article\",\"@id\":\"https:\\\/\\\/isf.fo\\\/fimtu-ferd-a-rad-verdur-tryggingarfelagid-foeroyar-hoevudsstudul-hja-foeroyska-oyggjaleikahopinum\\\/#article\",\"isPartOf\":{\"@id\":\"https:\\\/\\\/isf.fo\\\/fimtu-ferd-a-rad-verdur-tryggingarfelagid-foeroyar-hoevudsstudul-hja-foeroyska-oyggjaleikahopinum\\\/\"},\"author\":{\"name\":\"Petur Mitt\u00fan\",\"@id\":\"https:\\\/\\\/isf.fo\\\/#\\\/schema\\\/person\\\/78ac1b623dbf0ace868a5dbcdaed016d\"},\"headline\":\"Fimtu fer\u00f0 \u00e1 ra\u00f0, ver\u00f0ur Tryggingarfelagi\u00f0 F\u00f8royar h\u00f8vu\u00f0sstu\u00f0ul hj\u00e1 f\u00f8royska oyggjaleikah\u00f3pinum.\",\"datePublished\":\"2014-09-17T14:08:43+00:00\",\"dateModified\":\"2016-12-04T14:59:07+00:00\",\"mainEntityOfPage\":{\"@id\":\"https:\\\/\\\/isf.fo\\\/fimtu-ferd-a-rad-verdur-tryggingarfelagid-foeroyar-hoevudsstudul-hja-foeroyska-oyggjaleikahopinum\\\/\"},\"wordCount\":274,\"commentCount\":0,\"publisher\":{\"@id\":\"https:\\\/\\\/isf.fo\\\/#organization\"},\"image\":{\"@id\":\"https:\\\/\\\/isf.fo\\\/fimtu-ferd-a-rad-verdur-tryggingarfelagid-foeroyar-hoevudsstudul-hja-foeroyska-oyggjaleikahopinum\\\/#primaryimage\"},\"thumbnailUrl\":\"\",\"articleSection\":[\"\u00cdSF\",\"Oyggjaleikir\",\"Ymiskt\"],\"inLanguage\":\"en-US\"},{\"@type\":\"WebPage\",\"@id\":\"https:\\\/\\\/isf.fo\\\/fimtu-ferd-a-rad-verdur-tryggingarfelagid-foeroyar-hoevudsstudul-hja-foeroyska-oyggjaleikahopinum\\\/\",\"url\":\"https:\\\/\\\/isf.fo\\\/fimtu-ferd-a-rad-verdur-tryggingarfelagid-foeroyar-hoevudsstudul-hja-foeroyska-oyggjaleikahopinum\\\/\",\"name\":\"Fimtu fer\u00f0 \u00e1 ra\u00f0, ver\u00f0ur Tryggingarfelagi\u00f0 F\u00f8royar h\u00f8vu\u00f0sstu\u00f0ul hj\u00e1 f\u00f8royska oyggjaleikah\u00f3pinum. - \u00cdtr\u00f3ttasamband F\u00f8roya\",\"isPartOf\":{\"@id\":\"https:\\\/\\\/isf.fo\\\/#website\"},\"primaryImageOfPage\":{\"@id\":\"https:\\\/\\\/isf.fo\\\/fimtu-ferd-a-rad-verdur-tryggingarfelagid-foeroyar-hoevudsstudul-hja-foeroyska-oyggjaleikahopinum\\\/#primaryimage\"},\"image\":{\"@id\":\"https:\\\/\\\/isf.fo\\\/fimtu-ferd-a-rad-verdur-tryggingarfelagid-foeroyar-hoevudsstudul-hja-foeroyska-oyggjaleikahopinum\\\/#primaryimage\"},\"thumbnailUrl\":\"\",\"datePublished\":\"2014-09-17T14:08:43+00:00\",\"dateModified\":\"2016-12-04T14:59:07+00:00\",\"breadcrumb\":{\"@id\":\"https:\\\/\\\/isf.fo\\\/fimtu-ferd-a-rad-verdur-tryggingarfelagid-foeroyar-hoevudsstudul-hja-foeroyska-oyggjaleikahopinum\\\/#breadcrumb\"},\"inLanguage\":\"en-US\",\"potentialAction\":[{\"@type\":\"ReadAction\",\"target\":[\"https:\\\/\\\/isf.fo\\\/fimtu-ferd-a-rad-verdur-tryggingarfelagid-foeroyar-hoevudsstudul-hja-foeroyska-oyggjaleikahopinum\\\/\"]}]},{\"@type\":\"ImageObject\",\"inLanguage\":\"en-US\",\"@id\":\"https:\\\/\\\/isf.fo\\\/fimtu-ferd-a-rad-verdur-tryggingarfelagid-foeroyar-hoevudsstudul-hja-foeroyska-oyggjaleikahopinum\\\/#primaryimage\",\"url\":\"\",\"contentUrl\":\"\"},{\"@type\":\"BreadcrumbList\",\"@id\":\"https:\\\/\\\/isf.fo\\\/fimtu-ferd-a-rad-verdur-tryggingarfelagid-foeroyar-hoevudsstudul-hja-foeroyska-oyggjaleikahopinum\\\/#breadcrumb\",\"itemListElement\":[{\"@type\":\"ListItem\",\"position\":1,\"name\":\"Home\",\"item\":\"https:\\\/\\\/isf.fo\\\/\"},{\"@type\":\"ListItem\",\"position\":2,\"name\":\"Fimtu fer\u00f0 \u00e1 ra\u00f0, ver\u00f0ur Tryggingarfelagi\u00f0 F\u00f8royar h\u00f8vu\u00f0sstu\u00f0ul hj\u00e1 f\u00f8royska oyggjaleikah\u00f3pinum.\"}]},{\"@type\":\"WebSite\",\"@id\":\"https:\\\/\\\/isf.fo\\\/#website\",\"url\":\"https:\\\/\\\/isf.fo\\\/\",\"name\":\"\u00cdtr\u00f3ttasamband F\u00f8roya\",\"description\":\"\",\"publisher\":{\"@id\":\"https:\\\/\\\/isf.fo\\\/#organization\"},\"potentialAction\":[{\"@type\":\"SearchAction\",\"target\":{\"@type\":\"EntryPoint\",\"urlTemplate\":\"https:\\\/\\\/isf.fo\\\/?s={search_term_string}\"},\"query-input\":{\"@type\":\"PropertyValueSpecification\",\"valueRequired\":true,\"valueName\":\"search_term_string\"}}],\"inLanguage\":\"en-US\"},{\"@type\":\"Organization\",\"@id\":\"https:\\\/\\\/isf.fo\\\/#organization\",\"name\":\"\u00cdtr\u00f3ttasamband F\u00f8roya\",\"url\":\"https:\\\/\\\/isf.fo\\\/\",\"logo\":{\"@type\":\"ImageObject\",\"inLanguage\":\"en-US\",\"@id\":\"https:\\\/\\\/isf.fo\\\/#\\\/schema\\\/logo\\\/image\\\/\",\"url\":\"https:\\\/\\\/isf.fo\\\/wp-content\\\/uploads\\\/2025\\\/06\\\/ISF_Olympic-Committee-logo.png\",\"contentUrl\":\"https:\\\/\\\/isf.fo\\\/wp-content\\\/uploads\\\/2025\\\/06\\\/ISF_Olympic-Committee-logo.png\",\"width\":618,\"height\":121,\"caption\":\"\u00cdtr\u00f3ttasamband F\u00f8roya\"},\"image\":{\"@id\":\"https:\\\/\\\/isf.fo\\\/#\\\/schema\\\/logo\\\/image\\\/\"},\"sameAs\":[\"https:\\\/\\\/www.facebook.com\\\/itrottasambandid\"]},{\"@type\":\"Person\",\"@id\":\"https:\\\/\\\/isf.fo\\\/#\\\/schema\\\/person\\\/78ac1b623dbf0ace868a5dbcdaed016d\",\"name\":\"Petur Mitt\u00fan\",\"image\":{\"@type\":\"ImageObject\",\"inLanguage\":\"en-US\",\"@id\":\"https:\\\/\\\/secure.gravatar.com\\\/avatar\\\/6f731b65ffaeb1029d9436acc96fc12c3cef9200131daa85ab7762529a25d1d2?s=96&d=mm&r=g\",\"url\":\"https:\\\/\\\/secure.gravatar.com\\\/avatar\\\/6f731b65ffaeb1029d9436acc96fc12c3cef9200131daa85ab7762529a25d1d2?s=96&d=mm&r=g\",\"contentUrl\":\"https:\\\/\\\/secure.gravatar.com\\\/avatar\\\/6f731b65ffaeb1029d9436acc96fc12c3cef9200131daa85ab7762529a25d1d2?s=96&d=mm&r=g\",\"caption\":\"Petur Mitt\u00fan\"},\"url\":\"https:\\\/\\\/isf.fo\\\/en\\\/author\\\/petur\\\/\"}]}<\/script>\n<!-- \/ Yoast SEO plugin. -->","yoast_head_json":{"title":"Fimtu fer\u00f0 \u00e1 ra\u00f0, ver\u00f0ur Tryggingarfelagi\u00f0 F\u00f8royar h\u00f8vu\u00f0sstu\u00f0ul hj\u00e1 f\u00f8royska oyggjaleikah\u00f3pinum. - \u00cdtr\u00f3ttasamband F\u00f8roya","robots":{"index":"index","follow":"follow","max-snippet":"max-snippet:-1","max-image-preview":"max-image-preview:large","max-video-preview":"max-video-preview:-1"},"canonical":"https:\/\/isf.fo\/en\/fimtu-ferd-a-rad-verdur-tryggingarfelagid-foeroyar-hoevudsstudul-hja-foeroyska-oyggjaleikahopinum\/","og_locale":"en_US","og_type":"article","og_title":"Fimtu fer\u00f0 \u00e1 ra\u00f0, ver\u00f0ur Tryggingarfelagi\u00f0 F\u00f8royar h\u00f8vu\u00f0sstu\u00f0ul hj\u00e1 f\u00f8royska oyggjaleikah\u00f3pinum. - \u00cdtr\u00f3ttasamband F\u00f8roya","og_description":"Tryggingarfelagi\u00f0 F\u00f8royar ver\u00f0ur enn einafer\u00f0 h\u00f8vu\u00f0sstu\u00f0ul hj\u00e1 f\u00f8royska oyggjaleikah\u00f3pinum, sum komandi summar skal royna seg \u00e1 Jersey. Hetta er greitt [&hellip;]","og_url":"https:\/\/isf.fo\/en\/fimtu-ferd-a-rad-verdur-tryggingarfelagid-foeroyar-hoevudsstudul-hja-foeroyska-oyggjaleikahopinum\/","og_site_name":"\u00cdtr\u00f3ttasamband F\u00f8roya","article_publisher":"https:\/\/www.facebook.com\/itrottasambandid","article_published_time":"2014-09-17T14:08:43+00:00","article_modified_time":"2016-12-04T14:59:07+00:00","author":"Petur Mitt\u00fan","twitter_card":"summary_large_image","twitter_misc":{"Written by":"Petur Mitt\u00fan","Est. reading time":"1 minute"},"schema":{"@context":"https:\/\/schema.org","@graph":[{"@type":"Article","@id":"https:\/\/isf.fo\/fimtu-ferd-a-rad-verdur-tryggingarfelagid-foeroyar-hoevudsstudul-hja-foeroyska-oyggjaleikahopinum\/#article","isPartOf":{"@id":"https:\/\/isf.fo\/fimtu-ferd-a-rad-verdur-tryggingarfelagid-foeroyar-hoevudsstudul-hja-foeroyska-oyggjaleikahopinum\/"},"author":{"name":"Petur Mitt\u00fan","@id":"https:\/\/isf.fo\/#\/schema\/person\/78ac1b623dbf0ace868a5dbcdaed016d"},"headline":"Fimtu fer\u00f0 \u00e1 ra\u00f0, ver\u00f0ur Tryggingarfelagi\u00f0 F\u00f8royar h\u00f8vu\u00f0sstu\u00f0ul hj\u00e1 f\u00f8royska oyggjaleikah\u00f3pinum.","datePublished":"2014-09-17T14:08:43+00:00","dateModified":"2016-12-04T14:59:07+00:00","mainEntityOfPage":{"@id":"https:\/\/isf.fo\/fimtu-ferd-a-rad-verdur-tryggingarfelagid-foeroyar-hoevudsstudul-hja-foeroyska-oyggjaleikahopinum\/"},"wordCount":274,"commentCount":0,"publisher":{"@id":"https:\/\/isf.fo\/#organization"},"image":{"@id":"https:\/\/isf.fo\/fimtu-ferd-a-rad-verdur-tryggingarfelagid-foeroyar-hoevudsstudul-hja-foeroyska-oyggjaleikahopinum\/#primaryimage"},"thumbnailUrl":"","articleSection":["\u00cdSF","Oyggjaleikir","Ymiskt"],"inLanguage":"en-US"},{"@type":"WebPage","@id":"https:\/\/isf.fo\/fimtu-ferd-a-rad-verdur-tryggingarfelagid-foeroyar-hoevudsstudul-hja-foeroyska-oyggjaleikahopinum\/","url":"https:\/\/isf.fo\/fimtu-ferd-a-rad-verdur-tryggingarfelagid-foeroyar-hoevudsstudul-hja-foeroyska-oyggjaleikahopinum\/","name":"Fimtu fer\u00f0 \u00e1 ra\u00f0, ver\u00f0ur Tryggingarfelagi\u00f0 F\u00f8royar h\u00f8vu\u00f0sstu\u00f0ul hj\u00e1 f\u00f8royska oyggjaleikah\u00f3pinum. - \u00cdtr\u00f3ttasamband F\u00f8roya","isPartOf":{"@id":"https:\/\/isf.fo\/#website"},"primaryImageOfPage":{"@id":"https:\/\/isf.fo\/fimtu-ferd-a-rad-verdur-tryggingarfelagid-foeroyar-hoevudsstudul-hja-foeroyska-oyggjaleikahopinum\/#primaryimage"},"image":{"@id":"https:\/\/isf.fo\/fimtu-ferd-a-rad-verdur-tryggingarfelagid-foeroyar-hoevudsstudul-hja-foeroyska-oyggjaleikahopinum\/#primaryimage"},"thumbnailUrl":"","datePublished":"2014-09-17T14:08:43+00:00","dateModified":"2016-12-04T14:59:07+00:00","breadcrumb":{"@id":"https:\/\/isf.fo\/fimtu-ferd-a-rad-verdur-tryggingarfelagid-foeroyar-hoevudsstudul-hja-foeroyska-oyggjaleikahopinum\/#breadcrumb"},"inLanguage":"en-US","potentialAction":[{"@type":"ReadAction","target":["https:\/\/isf.fo\/fimtu-ferd-a-rad-verdur-tryggingarfelagid-foeroyar-hoevudsstudul-hja-foeroyska-oyggjaleikahopinum\/"]}]},{"@type":"ImageObject","inLanguage":"en-US","@id":"https:\/\/isf.fo\/fimtu-ferd-a-rad-verdur-tryggingarfelagid-foeroyar-hoevudsstudul-hja-foeroyska-oyggjaleikahopinum\/#primaryimage","url":"","contentUrl":""},{"@type":"BreadcrumbList","@id":"https:\/\/isf.fo\/fimtu-ferd-a-rad-verdur-tryggingarfelagid-foeroyar-hoevudsstudul-hja-foeroyska-oyggjaleikahopinum\/#breadcrumb","itemListElement":[{"@type":"ListItem","position":1,"name":"Home","item":"https:\/\/isf.fo\/"},{"@type":"ListItem","position":2,"name":"Fimtu fer\u00f0 \u00e1 ra\u00f0, ver\u00f0ur Tryggingarfelagi\u00f0 F\u00f8royar h\u00f8vu\u00f0sstu\u00f0ul hj\u00e1 f\u00f8royska oyggjaleikah\u00f3pinum."}]},{"@type":"WebSite","@id":"https:\/\/isf.fo\/#website","url":"https:\/\/isf.fo\/","name":"\u00cdtr\u00f3ttasamband F\u00f8roya","description":"","publisher":{"@id":"https:\/\/isf.fo\/#organization"},"potentialAction":[{"@type":"SearchAction","target":{"@type":"EntryPoint","urlTemplate":"https:\/\/isf.fo\/?s={search_term_string}"},"query-input":{"@type":"PropertyValueSpecification","valueRequired":true,"valueName":"search_term_string"}}],"inLanguage":"en-US"},{"@type":"Organization","@id":"https:\/\/isf.fo\/#organization","name":"\u00cdtr\u00f3ttasamband F\u00f8roya","url":"https:\/\/isf.fo\/","logo":{"@type":"ImageObject","inLanguage":"en-US","@id":"https:\/\/isf.fo\/#\/schema\/logo\/image\/","url":"https:\/\/isf.fo\/wp-content\/uploads\/2025\/06\/ISF_Olympic-Committee-logo.png","contentUrl":"https:\/\/isf.fo\/wp-content\/uploads\/2025\/06\/ISF_Olympic-Committee-logo.png","width":618,"height":121,"caption":"\u00cdtr\u00f3ttasamband F\u00f8roya"},"image":{"@id":"https:\/\/isf.fo\/#\/schema\/logo\/image\/"},"sameAs":["https:\/\/www.facebook.com\/itrottasambandid"]},{"@type":"Person","@id":"https:\/\/isf.fo\/#\/schema\/person\/78ac1b623dbf0ace868a5dbcdaed016d","name":"Petur Mitt\u00fan","image":{"@type":"ImageObject","inLanguage":"en-US","@id":"https:\/\/secure.gravatar.com\/avatar\/6f731b65ffaeb1029d9436acc96fc12c3cef9200131daa85ab7762529a25d1d2?s=96&d=mm&r=g","url":"https:\/\/secure.gravatar.com\/avatar\/6f731b65ffaeb1029d9436acc96fc12c3cef9200131daa85ab7762529a25d1d2?s=96&d=mm&r=g","contentUrl":"https:\/\/secure.gravatar.com\/avatar\/6f731b65ffaeb1029d9436acc96fc12c3cef9200131daa85ab7762529a25d1d2?s=96&d=mm&r=g","caption":"Petur Mitt\u00fan"},"url":"https:\/\/isf.fo\/en\/author\/petur\/"}]}},"_links":{"self":[{"href":"https:\/\/isf.fo\/en\/wp-json\/wp\/v2\/posts\/3779","targetHints":{"allow":["GET"]}}],"collection":[{"href":"https:\/\/isf.fo\/en\/wp-json\/wp\/v2\/posts"}],"about":[{"href":"https:\/\/isf.fo\/en\/wp-json\/wp\/v2\/types\/post"}],"author":[{"embeddable":true,"href":"https:\/\/isf.fo\/en\/wp-json\/wp\/v2\/users\/6"}],"replies":[{"embeddable":true,"href":"https:\/\/isf.fo\/en\/wp-json\/wp\/v2\/comments?post=3779"}],"version-history":[{"count":1,"href":"https:\/\/isf.fo\/en\/wp-json\/wp\/v2\/posts\/3779\/revisions"}],"predecessor-version":[{"id":4546,"href":"https:\/\/isf.fo\/en\/wp-json\/wp\/v2\/posts\/3779\/revisions\/4546"}],"wp:featuredmedia":[{"embeddable":true,"href":"https:\/\/isf.fo\/en\/wp-json\/"}],"wp:attachment":[{"href":"https:\/\/isf.fo\/en\/wp-json\/wp\/v2\/media?parent=3779"}],"wp:term":[{"taxonomy":"category","embeddable":true,"href":"https:\/\/isf.fo\/en\/wp-json\/wp\/v2\/categories?post=3779"},{"taxonomy":"post_tag","embeddable":true,"href":"https:\/\/isf.fo\/en\/wp-json\/wp\/v2\/tags?post=3779"}],"curies":[{"name":"wp","href":"https:\/\/api.w.org\/{rel}","templated":true}]}}