{"id":3922,"date":"2015-05-13T18:19:54","date_gmt":"2015-05-13T17:19:54","guid":{"rendered":"https:\/\/isf.fo\/?p=3922"},"modified":"2016-12-04T14:58:49","modified_gmt":"2016-12-04T14:58:49","slug":"itrottasamband-foeroya-og-skjotisambandid-fegnast-um-broytingar-i-vapnalogini","status":"publish","type":"post","link":"https:\/\/isf.fo\/en\/itrottasamband-foeroya-og-skjotisambandid-fegnast-um-broytingar-i-vapnalogini\/","title":{"rendered":"\u00cdtr\u00f3ttasamband F\u00f8roya og Skj\u00f3tisambandi\u00f0 fegnast um broytingar \u00ed v\u00e1pnal\u00f3gini"},"content":{"rendered":"<p><a href=\"https:\/\/d21ockg4ri0hhk.cloudfront.net\/wp-content\/uploads\/2015\/05\/30193306\/skjoting.jpg\"><img decoding=\"async\" data-src=\"https:\/\/d21ockg4ri0hhk.cloudfront.net\/wp-content\/uploads\/2015\/05\/30193306\/skjoting.jpg\" alt=\"skjoting\" width=\"640\" height=\"427\" class=\"alignnone size-full wp-image-3923 lazyload\" src=\"data:image\/svg+xml;base64,PHN2ZyB3aWR0aD0iMSIgaGVpZ2h0PSIxIiB4bWxucz0iaHR0cDovL3d3dy53My5vcmcvMjAwMC9zdmciPjwvc3ZnPg==\" style=\"--smush-placeholder-width: 640px; --smush-placeholder-aspect-ratio: 640\/427;\" \/><\/a><br \/>\n\u00cd gj\u00e1r v\u00f3ru broytingarnar \u00ed v\u00e1pnal\u00f3gini samtyktar \u00ed L\u00f8gtinginum eftir at broytingarnar hava veri\u00f0 leingi \u00e1 veg. <\/p>\n<p>\u00cdSF og Skj\u00f3tisamband F\u00f8roya fegnast um broytingarnar og meta, at t\u00e6r fara at betra um skj\u00f3ti- og v\u00e1pnatrygdina \u00ed F\u00f8royum. <\/p>\n<p>Vi\u00f0 l\u00f3gini eru komnar grei\u00f0ari reglur fyri, hvussu m.a. ungir \u00edtr\u00f3ttask\u00fattar kunnu setast vi\u00f0 og l\u00e6rast upp. \u00cdSF og Skj\u00f3tisamband F\u00f8roya v\u00e6nta, at n\u00fdggja l\u00f3gin fer\u00f0 at ver\u00f0a vi\u00f0 til at menna skj\u00f3tingina sum \u00edtr\u00f3tt \u00ed F\u00f8royum. Eisini fara f\u00f8royskir \u00edtr\u00f3ttask\u00fattar at f\u00e1a betur m\u00f8guleika at gera seg galdandi uttanlands millum okkara grannalond, t\u00e1 vit m\u00f8guliga f\u00e1a g\u00f3\u00f0kent v\u00e1pna og trygdarloyvi okkara \u00ed ES. <\/p>","protected":false},"excerpt":{"rendered":"<p>\u00cd gj\u00e1r v\u00f3ru broytingarnar \u00ed v\u00e1pnal\u00f3gini samtyktar \u00ed L\u00f8gtinginum eftir at broytingarnar hava veri\u00f0 leingi \u00e1 veg. \u00cdSF og Skj\u00f3tisamband [&hellip;]<\/p>\n","protected":false},"author":6,"featured_media":3923,"comment_status":"open","ping_status":"open","sticky":false,"template":"","format":"standard","meta":{"_acf_changed":false,"_relevanssi_hide_post":"","_relevanssi_hide_content":"","_relevanssi_pin_for_all":"","_relevanssi_pin_keywords":"","_relevanssi_unpin_keywords":"","_relevanssi_related_keywords":"","_relevanssi_related_include_ids":"","_relevanssi_related_exclude_ids":"","_relevanssi_related_no_append":"","_relevanssi_related_not_related":"","_relevanssi_related_posts":"","_relevanssi_noindex_reason":"","inline_featured_image":false,"footnotes":""},"categories":[2],"tags":[],"class_list":["post-3922","post","type-post","status-publish","format-standard","has-post-thumbnail","hentry","category-isf"],"acf":[],"yoast_head":"<!-- This site is optimized with the Yoast SEO plugin v27.5 - https:\/\/yoast.com\/product\/yoast-seo-wordpress\/ -->\n<title>\u00cdtr\u00f3ttasamband F\u00f8roya og Skj\u00f3tisambandi\u00f0 fegnast um broytingar \u00ed v\u00e1pnal\u00f3gini - \u00cdtr\u00f3ttasamband F\u00f8roya<\/title>\n<meta name=\"robots\" content=\"index, follow, max-snippet:-1, max-image-preview:large, max-video-preview:-1\" \/>\n<link rel=\"canonical\" href=\"https:\/\/isf.fo\/en\/itrottasamband-foeroya-og-skjotisambandid-fegnast-um-broytingar-i-vapnalogini\/\" \/>\n<meta property=\"og:locale\" content=\"en_US\" \/>\n<meta property=\"og:type\" content=\"article\" \/>\n<meta property=\"og:title\" content=\"\u00cdtr\u00f3ttasamband F\u00f8roya og Skj\u00f3tisambandi\u00f0 fegnast um broytingar \u00ed v\u00e1pnal\u00f3gini - \u00cdtr\u00f3ttasamband F\u00f8roya\" \/>\n<meta property=\"og:description\" content=\"\u00cd gj\u00e1r v\u00f3ru broytingarnar \u00ed v\u00e1pnal\u00f3gini samtyktar \u00ed L\u00f8gtinginum eftir at broytingarnar hava veri\u00f0 leingi \u00e1 veg. \u00cdSF og Skj\u00f3tisamband [&hellip;]\" \/>\n<meta property=\"og:url\" content=\"https:\/\/isf.fo\/en\/itrottasamband-foeroya-og-skjotisambandid-fegnast-um-broytingar-i-vapnalogini\/\" \/>\n<meta property=\"og:site_name\" content=\"\u00cdtr\u00f3ttasamband F\u00f8roya\" \/>\n<meta property=\"article:publisher\" content=\"https:\/\/www.facebook.com\/itrottasambandid\" \/>\n<meta property=\"article:published_time\" content=\"2015-05-13T17:19:54+00:00\" \/>\n<meta property=\"article:modified_time\" content=\"2016-12-04T14:58:49+00:00\" \/>\n<meta name=\"author\" content=\"Petur Mitt\u00fan\" \/>\n<meta name=\"twitter:card\" content=\"summary_large_image\" \/>\n<meta name=\"twitter:label1\" content=\"Written by\" \/>\n\t<meta name=\"twitter:data1\" content=\"Petur Mitt\u00fan\" \/>\n\t<meta name=\"twitter:label2\" content=\"Est. reading time\" \/>\n\t<meta name=\"twitter:data2\" content=\"1 minute\" \/>\n<script type=\"application\/ld+json\" class=\"yoast-schema-graph\">{\"@context\":\"https:\\\/\\\/schema.org\",\"@graph\":[{\"@type\":\"Article\",\"@id\":\"https:\\\/\\\/isf.fo\\\/itrottasamband-foeroya-og-skjotisambandid-fegnast-um-broytingar-i-vapnalogini\\\/#article\",\"isPartOf\":{\"@id\":\"https:\\\/\\\/isf.fo\\\/itrottasamband-foeroya-og-skjotisambandid-fegnast-um-broytingar-i-vapnalogini\\\/\"},\"author\":{\"name\":\"Petur Mitt\u00fan\",\"@id\":\"https:\\\/\\\/isf.fo\\\/#\\\/schema\\\/person\\\/78ac1b623dbf0ace868a5dbcdaed016d\"},\"headline\":\"\u00cdtr\u00f3ttasamband F\u00f8roya og Skj\u00f3tisambandi\u00f0 fegnast um broytingar \u00ed v\u00e1pnal\u00f3gini\",\"datePublished\":\"2015-05-13T17:19:54+00:00\",\"dateModified\":\"2016-12-04T14:58:49+00:00\",\"mainEntityOfPage\":{\"@id\":\"https:\\\/\\\/isf.fo\\\/itrottasamband-foeroya-og-skjotisambandid-fegnast-um-broytingar-i-vapnalogini\\\/\"},\"wordCount\":142,\"commentCount\":0,\"publisher\":{\"@id\":\"https:\\\/\\\/isf.fo\\\/#organization\"},\"image\":{\"@id\":\"https:\\\/\\\/isf.fo\\\/itrottasamband-foeroya-og-skjotisambandid-fegnast-um-broytingar-i-vapnalogini\\\/#primaryimage\"},\"thumbnailUrl\":\"\",\"articleSection\":[\"\u00cdSF\"],\"inLanguage\":\"en-US\"},{\"@type\":\"WebPage\",\"@id\":\"https:\\\/\\\/isf.fo\\\/itrottasamband-foeroya-og-skjotisambandid-fegnast-um-broytingar-i-vapnalogini\\\/\",\"url\":\"https:\\\/\\\/isf.fo\\\/itrottasamband-foeroya-og-skjotisambandid-fegnast-um-broytingar-i-vapnalogini\\\/\",\"name\":\"\u00cdtr\u00f3ttasamband F\u00f8roya og Skj\u00f3tisambandi\u00f0 fegnast um broytingar \u00ed v\u00e1pnal\u00f3gini - \u00cdtr\u00f3ttasamband F\u00f8roya\",\"isPartOf\":{\"@id\":\"https:\\\/\\\/isf.fo\\\/#website\"},\"primaryImageOfPage\":{\"@id\":\"https:\\\/\\\/isf.fo\\\/itrottasamband-foeroya-og-skjotisambandid-fegnast-um-broytingar-i-vapnalogini\\\/#primaryimage\"},\"image\":{\"@id\":\"https:\\\/\\\/isf.fo\\\/itrottasamband-foeroya-og-skjotisambandid-fegnast-um-broytingar-i-vapnalogini\\\/#primaryimage\"},\"thumbnailUrl\":\"\",\"datePublished\":\"2015-05-13T17:19:54+00:00\",\"dateModified\":\"2016-12-04T14:58:49+00:00\",\"breadcrumb\":{\"@id\":\"https:\\\/\\\/isf.fo\\\/itrottasamband-foeroya-og-skjotisambandid-fegnast-um-broytingar-i-vapnalogini\\\/#breadcrumb\"},\"inLanguage\":\"en-US\",\"potentialAction\":[{\"@type\":\"ReadAction\",\"target\":[\"https:\\\/\\\/isf.fo\\\/itrottasamband-foeroya-og-skjotisambandid-fegnast-um-broytingar-i-vapnalogini\\\/\"]}]},{\"@type\":\"ImageObject\",\"inLanguage\":\"en-US\",\"@id\":\"https:\\\/\\\/isf.fo\\\/itrottasamband-foeroya-og-skjotisambandid-fegnast-um-broytingar-i-vapnalogini\\\/#primaryimage\",\"url\":\"\",\"contentUrl\":\"\"},{\"@type\":\"BreadcrumbList\",\"@id\":\"https:\\\/\\\/isf.fo\\\/itrottasamband-foeroya-og-skjotisambandid-fegnast-um-broytingar-i-vapnalogini\\\/#breadcrumb\",\"itemListElement\":[{\"@type\":\"ListItem\",\"position\":1,\"name\":\"Home\",\"item\":\"https:\\\/\\\/isf.fo\\\/\"},{\"@type\":\"ListItem\",\"position\":2,\"name\":\"\u00cdtr\u00f3ttasamband F\u00f8roya og Skj\u00f3tisambandi\u00f0 fegnast um broytingar \u00ed v\u00e1pnal\u00f3gini\"}]},{\"@type\":\"WebSite\",\"@id\":\"https:\\\/\\\/isf.fo\\\/#website\",\"url\":\"https:\\\/\\\/isf.fo\\\/\",\"name\":\"\u00cdtr\u00f3ttasamband F\u00f8roya\",\"description\":\"\",\"publisher\":{\"@id\":\"https:\\\/\\\/isf.fo\\\/#organization\"},\"potentialAction\":[{\"@type\":\"SearchAction\",\"target\":{\"@type\":\"EntryPoint\",\"urlTemplate\":\"https:\\\/\\\/isf.fo\\\/?s={search_term_string}\"},\"query-input\":{\"@type\":\"PropertyValueSpecification\",\"valueRequired\":true,\"valueName\":\"search_term_string\"}}],\"inLanguage\":\"en-US\"},{\"@type\":\"Organization\",\"@id\":\"https:\\\/\\\/isf.fo\\\/#organization\",\"name\":\"\u00cdtr\u00f3ttasamband F\u00f8roya\",\"url\":\"https:\\\/\\\/isf.fo\\\/\",\"logo\":{\"@type\":\"ImageObject\",\"inLanguage\":\"en-US\",\"@id\":\"https:\\\/\\\/isf.fo\\\/#\\\/schema\\\/logo\\\/image\\\/\",\"url\":\"https:\\\/\\\/isf.fo\\\/wp-content\\\/uploads\\\/2025\\\/06\\\/ISF_Olympic-Committee-logo.png\",\"contentUrl\":\"https:\\\/\\\/isf.fo\\\/wp-content\\\/uploads\\\/2025\\\/06\\\/ISF_Olympic-Committee-logo.png\",\"width\":618,\"height\":121,\"caption\":\"\u00cdtr\u00f3ttasamband F\u00f8roya\"},\"image\":{\"@id\":\"https:\\\/\\\/isf.fo\\\/#\\\/schema\\\/logo\\\/image\\\/\"},\"sameAs\":[\"https:\\\/\\\/www.facebook.com\\\/itrottasambandid\"]},{\"@type\":\"Person\",\"@id\":\"https:\\\/\\\/isf.fo\\\/#\\\/schema\\\/person\\\/78ac1b623dbf0ace868a5dbcdaed016d\",\"name\":\"Petur Mitt\u00fan\",\"image\":{\"@type\":\"ImageObject\",\"inLanguage\":\"en-US\",\"@id\":\"https:\\\/\\\/secure.gravatar.com\\\/avatar\\\/6f731b65ffaeb1029d9436acc96fc12c3cef9200131daa85ab7762529a25d1d2?s=96&d=mm&r=g\",\"url\":\"https:\\\/\\\/secure.gravatar.com\\\/avatar\\\/6f731b65ffaeb1029d9436acc96fc12c3cef9200131daa85ab7762529a25d1d2?s=96&d=mm&r=g\",\"contentUrl\":\"https:\\\/\\\/secure.gravatar.com\\\/avatar\\\/6f731b65ffaeb1029d9436acc96fc12c3cef9200131daa85ab7762529a25d1d2?s=96&d=mm&r=g\",\"caption\":\"Petur Mitt\u00fan\"},\"url\":\"https:\\\/\\\/isf.fo\\\/en\\\/author\\\/petur\\\/\"}]}<\/script>\n<!-- \/ Yoast SEO plugin. -->","yoast_head_json":{"title":"\u00cdtr\u00f3ttasamband F\u00f8roya og Skj\u00f3tisambandi\u00f0 fegnast um broytingar \u00ed v\u00e1pnal\u00f3gini - \u00cdtr\u00f3ttasamband F\u00f8roya","robots":{"index":"index","follow":"follow","max-snippet":"max-snippet:-1","max-image-preview":"max-image-preview:large","max-video-preview":"max-video-preview:-1"},"canonical":"https:\/\/isf.fo\/en\/itrottasamband-foeroya-og-skjotisambandid-fegnast-um-broytingar-i-vapnalogini\/","og_locale":"en_US","og_type":"article","og_title":"\u00cdtr\u00f3ttasamband F\u00f8roya og Skj\u00f3tisambandi\u00f0 fegnast um broytingar \u00ed v\u00e1pnal\u00f3gini - \u00cdtr\u00f3ttasamband F\u00f8roya","og_description":"\u00cd gj\u00e1r v\u00f3ru broytingarnar \u00ed v\u00e1pnal\u00f3gini samtyktar \u00ed L\u00f8gtinginum eftir at broytingarnar hava veri\u00f0 leingi \u00e1 veg. \u00cdSF og Skj\u00f3tisamband [&hellip;]","og_url":"https:\/\/isf.fo\/en\/itrottasamband-foeroya-og-skjotisambandid-fegnast-um-broytingar-i-vapnalogini\/","og_site_name":"\u00cdtr\u00f3ttasamband F\u00f8roya","article_publisher":"https:\/\/www.facebook.com\/itrottasambandid","article_published_time":"2015-05-13T17:19:54+00:00","article_modified_time":"2016-12-04T14:58:49+00:00","author":"Petur Mitt\u00fan","twitter_card":"summary_large_image","twitter_misc":{"Written by":"Petur Mitt\u00fan","Est. reading time":"1 minute"},"schema":{"@context":"https:\/\/schema.org","@graph":[{"@type":"Article","@id":"https:\/\/isf.fo\/itrottasamband-foeroya-og-skjotisambandid-fegnast-um-broytingar-i-vapnalogini\/#article","isPartOf":{"@id":"https:\/\/isf.fo\/itrottasamband-foeroya-og-skjotisambandid-fegnast-um-broytingar-i-vapnalogini\/"},"author":{"name":"Petur Mitt\u00fan","@id":"https:\/\/isf.fo\/#\/schema\/person\/78ac1b623dbf0ace868a5dbcdaed016d"},"headline":"\u00cdtr\u00f3ttasamband F\u00f8roya og Skj\u00f3tisambandi\u00f0 fegnast um broytingar \u00ed v\u00e1pnal\u00f3gini","datePublished":"2015-05-13T17:19:54+00:00","dateModified":"2016-12-04T14:58:49+00:00","mainEntityOfPage":{"@id":"https:\/\/isf.fo\/itrottasamband-foeroya-og-skjotisambandid-fegnast-um-broytingar-i-vapnalogini\/"},"wordCount":142,"commentCount":0,"publisher":{"@id":"https:\/\/isf.fo\/#organization"},"image":{"@id":"https:\/\/isf.fo\/itrottasamband-foeroya-og-skjotisambandid-fegnast-um-broytingar-i-vapnalogini\/#primaryimage"},"thumbnailUrl":"","articleSection":["\u00cdSF"],"inLanguage":"en-US"},{"@type":"WebPage","@id":"https:\/\/isf.fo\/itrottasamband-foeroya-og-skjotisambandid-fegnast-um-broytingar-i-vapnalogini\/","url":"https:\/\/isf.fo\/itrottasamband-foeroya-og-skjotisambandid-fegnast-um-broytingar-i-vapnalogini\/","name":"\u00cdtr\u00f3ttasamband F\u00f8roya og Skj\u00f3tisambandi\u00f0 fegnast um broytingar \u00ed v\u00e1pnal\u00f3gini - \u00cdtr\u00f3ttasamband F\u00f8roya","isPartOf":{"@id":"https:\/\/isf.fo\/#website"},"primaryImageOfPage":{"@id":"https:\/\/isf.fo\/itrottasamband-foeroya-og-skjotisambandid-fegnast-um-broytingar-i-vapnalogini\/#primaryimage"},"image":{"@id":"https:\/\/isf.fo\/itrottasamband-foeroya-og-skjotisambandid-fegnast-um-broytingar-i-vapnalogini\/#primaryimage"},"thumbnailUrl":"","datePublished":"2015-05-13T17:19:54+00:00","dateModified":"2016-12-04T14:58:49+00:00","breadcrumb":{"@id":"https:\/\/isf.fo\/itrottasamband-foeroya-og-skjotisambandid-fegnast-um-broytingar-i-vapnalogini\/#breadcrumb"},"inLanguage":"en-US","potentialAction":[{"@type":"ReadAction","target":["https:\/\/isf.fo\/itrottasamband-foeroya-og-skjotisambandid-fegnast-um-broytingar-i-vapnalogini\/"]}]},{"@type":"ImageObject","inLanguage":"en-US","@id":"https:\/\/isf.fo\/itrottasamband-foeroya-og-skjotisambandid-fegnast-um-broytingar-i-vapnalogini\/#primaryimage","url":"","contentUrl":""},{"@type":"BreadcrumbList","@id":"https:\/\/isf.fo\/itrottasamband-foeroya-og-skjotisambandid-fegnast-um-broytingar-i-vapnalogini\/#breadcrumb","itemListElement":[{"@type":"ListItem","position":1,"name":"Home","item":"https:\/\/isf.fo\/"},{"@type":"ListItem","position":2,"name":"\u00cdtr\u00f3ttasamband F\u00f8roya og Skj\u00f3tisambandi\u00f0 fegnast um broytingar \u00ed v\u00e1pnal\u00f3gini"}]},{"@type":"WebSite","@id":"https:\/\/isf.fo\/#website","url":"https:\/\/isf.fo\/","name":"\u00cdtr\u00f3ttasamband F\u00f8roya","description":"","publisher":{"@id":"https:\/\/isf.fo\/#organization"},"potentialAction":[{"@type":"SearchAction","target":{"@type":"EntryPoint","urlTemplate":"https:\/\/isf.fo\/?s={search_term_string}"},"query-input":{"@type":"PropertyValueSpecification","valueRequired":true,"valueName":"search_term_string"}}],"inLanguage":"en-US"},{"@type":"Organization","@id":"https:\/\/isf.fo\/#organization","name":"\u00cdtr\u00f3ttasamband F\u00f8roya","url":"https:\/\/isf.fo\/","logo":{"@type":"ImageObject","inLanguage":"en-US","@id":"https:\/\/isf.fo\/#\/schema\/logo\/image\/","url":"https:\/\/isf.fo\/wp-content\/uploads\/2025\/06\/ISF_Olympic-Committee-logo.png","contentUrl":"https:\/\/isf.fo\/wp-content\/uploads\/2025\/06\/ISF_Olympic-Committee-logo.png","width":618,"height":121,"caption":"\u00cdtr\u00f3ttasamband F\u00f8roya"},"image":{"@id":"https:\/\/isf.fo\/#\/schema\/logo\/image\/"},"sameAs":["https:\/\/www.facebook.com\/itrottasambandid"]},{"@type":"Person","@id":"https:\/\/isf.fo\/#\/schema\/person\/78ac1b623dbf0ace868a5dbcdaed016d","name":"Petur Mitt\u00fan","image":{"@type":"ImageObject","inLanguage":"en-US","@id":"https:\/\/secure.gravatar.com\/avatar\/6f731b65ffaeb1029d9436acc96fc12c3cef9200131daa85ab7762529a25d1d2?s=96&d=mm&r=g","url":"https:\/\/secure.gravatar.com\/avatar\/6f731b65ffaeb1029d9436acc96fc12c3cef9200131daa85ab7762529a25d1d2?s=96&d=mm&r=g","contentUrl":"https:\/\/secure.gravatar.com\/avatar\/6f731b65ffaeb1029d9436acc96fc12c3cef9200131daa85ab7762529a25d1d2?s=96&d=mm&r=g","caption":"Petur Mitt\u00fan"},"url":"https:\/\/isf.fo\/en\/author\/petur\/"}]}},"_links":{"self":[{"href":"https:\/\/isf.fo\/en\/wp-json\/wp\/v2\/posts\/3922","targetHints":{"allow":["GET"]}}],"collection":[{"href":"https:\/\/isf.fo\/en\/wp-json\/wp\/v2\/posts"}],"about":[{"href":"https:\/\/isf.fo\/en\/wp-json\/wp\/v2\/types\/post"}],"author":[{"embeddable":true,"href":"https:\/\/isf.fo\/en\/wp-json\/wp\/v2\/users\/6"}],"replies":[{"embeddable":true,"href":"https:\/\/isf.fo\/en\/wp-json\/wp\/v2\/comments?post=3922"}],"version-history":[{"count":1,"href":"https:\/\/isf.fo\/en\/wp-json\/wp\/v2\/posts\/3922\/revisions"}],"predecessor-version":[{"id":4528,"href":"https:\/\/isf.fo\/en\/wp-json\/wp\/v2\/posts\/3922\/revisions\/4528"}],"wp:featuredmedia":[{"embeddable":true,"href":"https:\/\/isf.fo\/en\/wp-json\/"}],"wp:attachment":[{"href":"https:\/\/isf.fo\/en\/wp-json\/wp\/v2\/media?parent=3922"}],"wp:term":[{"taxonomy":"category","embeddable":true,"href":"https:\/\/isf.fo\/en\/wp-json\/wp\/v2\/categories?post=3922"},{"taxonomy":"post_tag","embeddable":true,"href":"https:\/\/isf.fo\/en\/wp-json\/wp\/v2\/tags?post=3922"}],"curies":[{"name":"wp","href":"https:\/\/api.w.org\/{rel}","templated":true}]}}