{"id":3999,"date":"2015-08-15T12:00:11","date_gmt":"2015-08-15T11:00:11","guid":{"rendered":"https:\/\/isf.fo\/?p=3999"},"modified":"2015-08-15T12:00:11","modified_gmt":"2015-08-15T11:00:11","slug":"itrottini-toervar-ein-munadyggan-styrk","status":"publish","type":"post","link":"https:\/\/isf.fo\/en\/itrottini-toervar-ein-munadyggan-styrk\/","title":{"rendered":"\u00cdtr\u00f3ttini t\u00f8rvar ein munadyggan styrk"},"content":{"rendered":"<p>F\u00f8roysk \u00edtr\u00f3tt hevur t\u00f8rv \u00e1 at f\u00e1a eina munandi h\u00e6gri j\u00e1ttan komandi \u00e1rini. \u00cd mong \u00e1r hevur als einki samsvar veri\u00f0 millum t\u00f8rv og j\u00e1ttan. T\u00ed r\u00f3par \u00cdtr\u00f3ttasamband F\u00f8roya n\u00fa varsk\u00f3. Ein umfatandi t\u00f8rvsmeting er latin almennu myndugleikunum, sum kann n\u00fdtast, t\u00e1 i\u00f0 arbei\u00f0i\u00f0 vi\u00f0 L\u00f8gtingsins f\u00edggjarl\u00f3g fyri 2016 byrjar.<\/p>\n<p>-\u00cd 2008 gj\u00f8rdi \u00cdSF eina kanning av vir\u00f0inum av samla\u00f0a sj\u00e1lvbodna arbei\u00f0inum \u00ed f\u00f8royskari \u00edtr\u00f3tt. Sj\u00e1lvbodna arbei\u00f0i\u00f0 var\u00f0 t\u00e1 mett at vera 46 milli\u00f3nir kr\u00f3nur. Ver\u00f0a hesar 46 milli\u00f3nir kr\u00f3nur samanbornar vi\u00f0 t\u00e6r uml. 7 mi\u00f3. kr. sum \u00cdSF f\u00e6r \u00e1 l\u00f8gtingsf\u00edggjarl\u00f3gini um \u00e1ri\u00f0, s\u00e6st t\u00fd\u00f0iliga, at samsvar als ikki er millum t\u00f8rv og j\u00e1ttan, sigur Petur Elias Petersen, forseti \u00ed \u00cdSF,<\/p>\n<p>\u00cd t\u00f8rvsmetingini, sum er latin almennu myndugleikunum, ver\u00f0ur millum anna\u00f0 v\u00edst \u00e1, at ta\u00f0 er ney\u00f0ugt at byggja n\u00fdtt \u00cdSF h\u00fas, at j\u00e1ttanin til virksemi\u00f0 hj\u00e1 sersambondunum eigur at h\u00e6kka og at fleiri pengar mugu setast av til \u00daRVAL skipanina og altj\u00f3\u00f0a puljuna.  <\/p>\n<p>-Felagsskapur okkara er v\u00e6l og vir\u00f0iliga grunda\u00f0ur \u00e1 g\u00f3\u00f0 og sunn vir\u00f0i, sum hava t\u00fddning fyri alt F\u00f8roya f\u00f3lk J\u00e1ttanin til \u00cdSF er ikki ein \u00fatrei\u00f0sla \u00e1 f\u00edggjarl\u00f8gtingsl\u00f3gini. J\u00e1ttanin til \u00cdSF er ein \u00edl\u00f8ga \u00ed v\u00e6lveruna. Eisini er hetta ein \u00edl\u00f8ga \u00ed ein felagsskap, sum vi\u00f0 stoltleika, roysni og br\u00f8gdum umbo\u00f0ar F\u00f8royar \u00ed altj\u00f3\u00f0a h\u00f8pi. Ta\u00f0 er ney\u00f0ugt vi\u00f0 einari h\u00e6gri j\u00e1ttan, solei\u00f0is at vit megna at m\u00f8ta kr\u00f8vunum, sum n\u00fat\u00ed\u00f0in og framt\u00ed\u00f0in setir okkum, heldur Petur Elias Petersen.<\/p>\n<p><a href=\"https:\/\/isf.fo\/wp-content\/uploads\/2015\/08\/\u00cdSF-ums\u00f3kn-til-MMR-fyri-2016.pdf\">T\u00f8rvsmetingin, sum er latin almennu mynduleikunum, kann heintast her<\/a><\/p>","protected":false},"excerpt":{"rendered":"<p>F\u00f8roysk \u00edtr\u00f3tt hevur t\u00f8rv \u00e1 at f\u00e1a eina munandi h\u00e6gri j\u00e1ttan komandi \u00e1rini. \u00cd mong \u00e1r hevur als einki samsvar [&hellip;]<\/p>\n","protected":false},"author":6,"featured_media":0,"comment_status":"open","ping_status":"open","sticky":false,"template":"","format":"standard","meta":{"_acf_changed":false,"_relevanssi_hide_post":"","_relevanssi_hide_content":"","_relevanssi_pin_for_all":"","_relevanssi_pin_keywords":"","_relevanssi_unpin_keywords":"","_relevanssi_related_keywords":"","_relevanssi_related_include_ids":"","_relevanssi_related_exclude_ids":"","_relevanssi_related_no_append":"","_relevanssi_related_not_related":"","_relevanssi_related_posts":"","_relevanssi_noindex_reason":"","inline_featured_image":false,"footnotes":""},"categories":[2],"tags":[],"class_list":["post-3999","post","type-post","status-publish","format-standard","hentry","category-isf"],"acf":[],"yoast_head":"<!-- This site is optimized with the Yoast SEO plugin v27.5 - https:\/\/yoast.com\/product\/yoast-seo-wordpress\/ -->\n<title>\u00cdtr\u00f3ttini t\u00f8rvar ein munadyggan styrk - \u00cdtr\u00f3ttasamband F\u00f8roya<\/title>\n<meta name=\"robots\" content=\"index, follow, max-snippet:-1, max-image-preview:large, max-video-preview:-1\" \/>\n<link rel=\"canonical\" href=\"https:\/\/isf.fo\/en\/itrottini-toervar-ein-munadyggan-styrk\/\" \/>\n<meta property=\"og:locale\" content=\"en_US\" \/>\n<meta property=\"og:type\" content=\"article\" \/>\n<meta property=\"og:title\" content=\"\u00cdtr\u00f3ttini t\u00f8rvar ein munadyggan styrk - \u00cdtr\u00f3ttasamband F\u00f8roya\" \/>\n<meta property=\"og:description\" content=\"F\u00f8roysk \u00edtr\u00f3tt hevur t\u00f8rv \u00e1 at f\u00e1a eina munandi h\u00e6gri j\u00e1ttan komandi \u00e1rini. \u00cd mong \u00e1r hevur als einki samsvar [&hellip;]\" \/>\n<meta property=\"og:url\" content=\"https:\/\/isf.fo\/en\/itrottini-toervar-ein-munadyggan-styrk\/\" \/>\n<meta property=\"og:site_name\" content=\"\u00cdtr\u00f3ttasamband F\u00f8roya\" \/>\n<meta property=\"article:publisher\" content=\"https:\/\/www.facebook.com\/itrottasambandid\" \/>\n<meta property=\"article:published_time\" content=\"2015-08-15T11:00:11+00:00\" \/>\n<meta name=\"author\" content=\"Petur Mitt\u00fan\" \/>\n<meta name=\"twitter:card\" content=\"summary_large_image\" \/>\n<meta name=\"twitter:label1\" content=\"Written by\" \/>\n\t<meta name=\"twitter:data1\" content=\"Petur Mitt\u00fan\" \/>\n\t<meta name=\"twitter:label2\" content=\"Est. reading time\" \/>\n\t<meta name=\"twitter:data2\" content=\"2 minutes\" \/>\n<script type=\"application\/ld+json\" class=\"yoast-schema-graph\">{\"@context\":\"https:\\\/\\\/schema.org\",\"@graph\":[{\"@type\":\"Article\",\"@id\":\"https:\\\/\\\/isf.fo\\\/itrottini-toervar-ein-munadyggan-styrk\\\/#article\",\"isPartOf\":{\"@id\":\"https:\\\/\\\/isf.fo\\\/itrottini-toervar-ein-munadyggan-styrk\\\/\"},\"author\":{\"name\":\"Petur Mitt\u00fan\",\"@id\":\"https:\\\/\\\/isf.fo\\\/#\\\/schema\\\/person\\\/78ac1b623dbf0ace868a5dbcdaed016d\"},\"headline\":\"\u00cdtr\u00f3ttini t\u00f8rvar ein munadyggan styrk\",\"datePublished\":\"2015-08-15T11:00:11+00:00\",\"mainEntityOfPage\":{\"@id\":\"https:\\\/\\\/isf.fo\\\/itrottini-toervar-ein-munadyggan-styrk\\\/\"},\"wordCount\":313,\"commentCount\":0,\"publisher\":{\"@id\":\"https:\\\/\\\/isf.fo\\\/#organization\"},\"articleSection\":[\"\u00cdSF\"],\"inLanguage\":\"en-US\"},{\"@type\":\"WebPage\",\"@id\":\"https:\\\/\\\/isf.fo\\\/itrottini-toervar-ein-munadyggan-styrk\\\/\",\"url\":\"https:\\\/\\\/isf.fo\\\/itrottini-toervar-ein-munadyggan-styrk\\\/\",\"name\":\"\u00cdtr\u00f3ttini t\u00f8rvar ein munadyggan styrk - \u00cdtr\u00f3ttasamband F\u00f8roya\",\"isPartOf\":{\"@id\":\"https:\\\/\\\/isf.fo\\\/#website\"},\"datePublished\":\"2015-08-15T11:00:11+00:00\",\"breadcrumb\":{\"@id\":\"https:\\\/\\\/isf.fo\\\/itrottini-toervar-ein-munadyggan-styrk\\\/#breadcrumb\"},\"inLanguage\":\"en-US\",\"potentialAction\":[{\"@type\":\"ReadAction\",\"target\":[\"https:\\\/\\\/isf.fo\\\/itrottini-toervar-ein-munadyggan-styrk\\\/\"]}]},{\"@type\":\"BreadcrumbList\",\"@id\":\"https:\\\/\\\/isf.fo\\\/itrottini-toervar-ein-munadyggan-styrk\\\/#breadcrumb\",\"itemListElement\":[{\"@type\":\"ListItem\",\"position\":1,\"name\":\"Home\",\"item\":\"https:\\\/\\\/isf.fo\\\/\"},{\"@type\":\"ListItem\",\"position\":2,\"name\":\"\u00cdtr\u00f3ttini t\u00f8rvar ein munadyggan styrk\"}]},{\"@type\":\"WebSite\",\"@id\":\"https:\\\/\\\/isf.fo\\\/#website\",\"url\":\"https:\\\/\\\/isf.fo\\\/\",\"name\":\"\u00cdtr\u00f3ttasamband F\u00f8roya\",\"description\":\"\",\"publisher\":{\"@id\":\"https:\\\/\\\/isf.fo\\\/#organization\"},\"potentialAction\":[{\"@type\":\"SearchAction\",\"target\":{\"@type\":\"EntryPoint\",\"urlTemplate\":\"https:\\\/\\\/isf.fo\\\/?s={search_term_string}\"},\"query-input\":{\"@type\":\"PropertyValueSpecification\",\"valueRequired\":true,\"valueName\":\"search_term_string\"}}],\"inLanguage\":\"en-US\"},{\"@type\":\"Organization\",\"@id\":\"https:\\\/\\\/isf.fo\\\/#organization\",\"name\":\"\u00cdtr\u00f3ttasamband F\u00f8roya\",\"url\":\"https:\\\/\\\/isf.fo\\\/\",\"logo\":{\"@type\":\"ImageObject\",\"inLanguage\":\"en-US\",\"@id\":\"https:\\\/\\\/isf.fo\\\/#\\\/schema\\\/logo\\\/image\\\/\",\"url\":\"https:\\\/\\\/isf.fo\\\/wp-content\\\/uploads\\\/2025\\\/06\\\/ISF_Olympic-Committee-logo.png\",\"contentUrl\":\"https:\\\/\\\/isf.fo\\\/wp-content\\\/uploads\\\/2025\\\/06\\\/ISF_Olympic-Committee-logo.png\",\"width\":618,\"height\":121,\"caption\":\"\u00cdtr\u00f3ttasamband F\u00f8roya\"},\"image\":{\"@id\":\"https:\\\/\\\/isf.fo\\\/#\\\/schema\\\/logo\\\/image\\\/\"},\"sameAs\":[\"https:\\\/\\\/www.facebook.com\\\/itrottasambandid\"]},{\"@type\":\"Person\",\"@id\":\"https:\\\/\\\/isf.fo\\\/#\\\/schema\\\/person\\\/78ac1b623dbf0ace868a5dbcdaed016d\",\"name\":\"Petur Mitt\u00fan\",\"image\":{\"@type\":\"ImageObject\",\"inLanguage\":\"en-US\",\"@id\":\"https:\\\/\\\/secure.gravatar.com\\\/avatar\\\/6f731b65ffaeb1029d9436acc96fc12c3cef9200131daa85ab7762529a25d1d2?s=96&d=mm&r=g\",\"url\":\"https:\\\/\\\/secure.gravatar.com\\\/avatar\\\/6f731b65ffaeb1029d9436acc96fc12c3cef9200131daa85ab7762529a25d1d2?s=96&d=mm&r=g\",\"contentUrl\":\"https:\\\/\\\/secure.gravatar.com\\\/avatar\\\/6f731b65ffaeb1029d9436acc96fc12c3cef9200131daa85ab7762529a25d1d2?s=96&d=mm&r=g\",\"caption\":\"Petur Mitt\u00fan\"},\"url\":\"https:\\\/\\\/isf.fo\\\/en\\\/author\\\/petur\\\/\"}]}<\/script>\n<!-- \/ Yoast SEO plugin. -->","yoast_head_json":{"title":"\u00cdtr\u00f3ttini t\u00f8rvar ein munadyggan styrk - \u00cdtr\u00f3ttasamband F\u00f8roya","robots":{"index":"index","follow":"follow","max-snippet":"max-snippet:-1","max-image-preview":"max-image-preview:large","max-video-preview":"max-video-preview:-1"},"canonical":"https:\/\/isf.fo\/en\/itrottini-toervar-ein-munadyggan-styrk\/","og_locale":"en_US","og_type":"article","og_title":"\u00cdtr\u00f3ttini t\u00f8rvar ein munadyggan styrk - \u00cdtr\u00f3ttasamband F\u00f8roya","og_description":"F\u00f8roysk \u00edtr\u00f3tt hevur t\u00f8rv \u00e1 at f\u00e1a eina munandi h\u00e6gri j\u00e1ttan komandi \u00e1rini. \u00cd mong \u00e1r hevur als einki samsvar [&hellip;]","og_url":"https:\/\/isf.fo\/en\/itrottini-toervar-ein-munadyggan-styrk\/","og_site_name":"\u00cdtr\u00f3ttasamband F\u00f8roya","article_publisher":"https:\/\/www.facebook.com\/itrottasambandid","article_published_time":"2015-08-15T11:00:11+00:00","author":"Petur Mitt\u00fan","twitter_card":"summary_large_image","twitter_misc":{"Written by":"Petur Mitt\u00fan","Est. reading time":"2 minutes"},"schema":{"@context":"https:\/\/schema.org","@graph":[{"@type":"Article","@id":"https:\/\/isf.fo\/itrottini-toervar-ein-munadyggan-styrk\/#article","isPartOf":{"@id":"https:\/\/isf.fo\/itrottini-toervar-ein-munadyggan-styrk\/"},"author":{"name":"Petur Mitt\u00fan","@id":"https:\/\/isf.fo\/#\/schema\/person\/78ac1b623dbf0ace868a5dbcdaed016d"},"headline":"\u00cdtr\u00f3ttini t\u00f8rvar ein munadyggan styrk","datePublished":"2015-08-15T11:00:11+00:00","mainEntityOfPage":{"@id":"https:\/\/isf.fo\/itrottini-toervar-ein-munadyggan-styrk\/"},"wordCount":313,"commentCount":0,"publisher":{"@id":"https:\/\/isf.fo\/#organization"},"articleSection":["\u00cdSF"],"inLanguage":"en-US"},{"@type":"WebPage","@id":"https:\/\/isf.fo\/itrottini-toervar-ein-munadyggan-styrk\/","url":"https:\/\/isf.fo\/itrottini-toervar-ein-munadyggan-styrk\/","name":"\u00cdtr\u00f3ttini t\u00f8rvar ein munadyggan styrk - \u00cdtr\u00f3ttasamband F\u00f8roya","isPartOf":{"@id":"https:\/\/isf.fo\/#website"},"datePublished":"2015-08-15T11:00:11+00:00","breadcrumb":{"@id":"https:\/\/isf.fo\/itrottini-toervar-ein-munadyggan-styrk\/#breadcrumb"},"inLanguage":"en-US","potentialAction":[{"@type":"ReadAction","target":["https:\/\/isf.fo\/itrottini-toervar-ein-munadyggan-styrk\/"]}]},{"@type":"BreadcrumbList","@id":"https:\/\/isf.fo\/itrottini-toervar-ein-munadyggan-styrk\/#breadcrumb","itemListElement":[{"@type":"ListItem","position":1,"name":"Home","item":"https:\/\/isf.fo\/"},{"@type":"ListItem","position":2,"name":"\u00cdtr\u00f3ttini t\u00f8rvar ein munadyggan styrk"}]},{"@type":"WebSite","@id":"https:\/\/isf.fo\/#website","url":"https:\/\/isf.fo\/","name":"\u00cdtr\u00f3ttasamband F\u00f8roya","description":"","publisher":{"@id":"https:\/\/isf.fo\/#organization"},"potentialAction":[{"@type":"SearchAction","target":{"@type":"EntryPoint","urlTemplate":"https:\/\/isf.fo\/?s={search_term_string}"},"query-input":{"@type":"PropertyValueSpecification","valueRequired":true,"valueName":"search_term_string"}}],"inLanguage":"en-US"},{"@type":"Organization","@id":"https:\/\/isf.fo\/#organization","name":"\u00cdtr\u00f3ttasamband F\u00f8roya","url":"https:\/\/isf.fo\/","logo":{"@type":"ImageObject","inLanguage":"en-US","@id":"https:\/\/isf.fo\/#\/schema\/logo\/image\/","url":"https:\/\/isf.fo\/wp-content\/uploads\/2025\/06\/ISF_Olympic-Committee-logo.png","contentUrl":"https:\/\/isf.fo\/wp-content\/uploads\/2025\/06\/ISF_Olympic-Committee-logo.png","width":618,"height":121,"caption":"\u00cdtr\u00f3ttasamband F\u00f8roya"},"image":{"@id":"https:\/\/isf.fo\/#\/schema\/logo\/image\/"},"sameAs":["https:\/\/www.facebook.com\/itrottasambandid"]},{"@type":"Person","@id":"https:\/\/isf.fo\/#\/schema\/person\/78ac1b623dbf0ace868a5dbcdaed016d","name":"Petur Mitt\u00fan","image":{"@type":"ImageObject","inLanguage":"en-US","@id":"https:\/\/secure.gravatar.com\/avatar\/6f731b65ffaeb1029d9436acc96fc12c3cef9200131daa85ab7762529a25d1d2?s=96&d=mm&r=g","url":"https:\/\/secure.gravatar.com\/avatar\/6f731b65ffaeb1029d9436acc96fc12c3cef9200131daa85ab7762529a25d1d2?s=96&d=mm&r=g","contentUrl":"https:\/\/secure.gravatar.com\/avatar\/6f731b65ffaeb1029d9436acc96fc12c3cef9200131daa85ab7762529a25d1d2?s=96&d=mm&r=g","caption":"Petur Mitt\u00fan"},"url":"https:\/\/isf.fo\/en\/author\/petur\/"}]}},"_links":{"self":[{"href":"https:\/\/isf.fo\/en\/wp-json\/wp\/v2\/posts\/3999","targetHints":{"allow":["GET"]}}],"collection":[{"href":"https:\/\/isf.fo\/en\/wp-json\/wp\/v2\/posts"}],"about":[{"href":"https:\/\/isf.fo\/en\/wp-json\/wp\/v2\/types\/post"}],"author":[{"embeddable":true,"href":"https:\/\/isf.fo\/en\/wp-json\/wp\/v2\/users\/6"}],"replies":[{"embeddable":true,"href":"https:\/\/isf.fo\/en\/wp-json\/wp\/v2\/comments?post=3999"}],"version-history":[{"count":0,"href":"https:\/\/isf.fo\/en\/wp-json\/wp\/v2\/posts\/3999\/revisions"}],"wp:attachment":[{"href":"https:\/\/isf.fo\/en\/wp-json\/wp\/v2\/media?parent=3999"}],"wp:term":[{"taxonomy":"category","embeddable":true,"href":"https:\/\/isf.fo\/en\/wp-json\/wp\/v2\/categories?post=3999"},{"taxonomy":"post_tag","embeddable":true,"href":"https:\/\/isf.fo\/en\/wp-json\/wp\/v2\/tags?post=3999"}],"curies":[{"name":"wp","href":"https:\/\/api.w.org\/{rel}","templated":true}]}}