{"id":6223,"date":"2018-05-07T08:59:18","date_gmt":"2018-05-07T08:59:18","guid":{"rendered":"https:\/\/isf.fo\/?p=6223"},"modified":"2018-05-07T09:01:27","modified_gmt":"2018-05-07T09:01:27","slug":"guttorm-sorensen-heidradur-a-adalfundi-isfs","status":"publish","type":"post","link":"https:\/\/isf.fo\/en\/guttorm-sorensen-heidradur-a-adalfundi-isfs\/","title":{"rendered":"Guttorm S\u00f8rensen hei\u00f0ra\u00f0ur \u00e1 a\u00f0alfundi \u00cdSF\u2019s"},"content":{"rendered":"<p>Leygardagin 5. mai 2018 hev\u00f0i \u00cdtr\u00f3ttasamband F\u00f8roya a\u00f0alfund \u00ed \u00cdSF-h\u00fasinum. N\u00f3gv f\u00f3lk var m\u00f8tt \u00e1 fundi. \u00c1 skr\u00e1nni var m.a. val av forseta og starvsnevndarlimum umframt ymiskar broytingar \u00ed vi\u00f0t\u00f8kunum.<\/p>\n<p><strong>Hei\u00f0ursskjal Poul E. Petersens<\/strong><\/p>\n<p>Serligt vi\u00f0 \u00e1rsa\u00f0alfundinum \u00ed \u00e1r var, at leisturin at handa pers\u00f3ni, sum \u00e1 serstakan h\u00e1tt hevur vi\u00f0virka\u00f0 til menningina av \u00edtr\u00f3ttagrein, hei\u00f0ursskjal Poul E. Petersens var\u00f0 tikin upp aftur eftir at hava ligi\u00f0 stillur \u00ed fleiri enn 10 \u00e1r. Hei\u00f0ursskjali\u00f0 var\u00f0 givi\u00f0 einum av okkara fremstu rennarum, Guttorm S\u00f8rensen.<\/p>\n<p>\u00cd grundgevingini hj\u00e1 nevnd Poul E. Petersens at tilluta Guttormi hei\u00f0ursskjali\u00f0 var\u00f0 sagt, at Guttorm S\u00f8rensen hevur veri\u00f0 dr\u00edvmegin \u00ed Treystinum, s\u00ed\u00f0ani ta\u00f0 var\u00f0 endurstovna\u00f0 \u00ed 1998, eins og hann hevur veri\u00f0 ta\u00f0 sama \u00ed Fr\u00e6lsur \u00cdtr\u00f3ttur F\u00f8roya s\u00ed\u00f0ani stovnanina \u00ed 2002. Guttormur hevur veri\u00f0 vi\u00f0 \u00ed starvsnevndini s\u00ed\u00f0ani stovnanina, eins og hann hevur veri\u00f0 kassameistari \u00ed samfull 16 \u00e1r.<\/p>\n<p>Renning hevur \u00ed hesum t\u00ed\u00f0arskei\u00f0inum ment seg til at ver\u00f0a ein tann st\u00f8rsta \u00edtr\u00f3ttagreinin \u00ed F\u00f8royum, og sj\u00e1lvbodna arbei\u00f0i\u00f0 hj\u00e1 Guttormi er ein avgerandi ors\u00f8k til hetta. T\u00ed er ta\u00f0 ein samd nevnd, sum letur Guttormi S\u00f8rensen hei\u00f0ursskjal Poul E. Petersens. Guttorm hev\u00f0i ikki m\u00f8guleika at ver\u00f0a til sta\u00f0ar, og t\u00ed var\u00f0 ta\u00f0 forsetin \u00ed Fr\u00e6lsur \u00cdtr\u00f3ttar F\u00f8roya, Hallur Holm, sum t\u00f3k m\u00f3ti hei\u00f0ursskjalinum vegna Guttorm.<\/p>\n<p><strong>Elin He\u00f0insd\u00f3ttir heldur fram sum forseti<\/strong><\/p>\n<p>Tr\u00edggir av nevndarlimunum \u00ed starvsnevndini st\u00f3\u00f0u fyri vali \u00e1 a\u00f0alfundinum \u00ed \u00e1r. Hesi v\u00f3ru Elin He\u00f0insd\u00f3ttir Joensen, forseti, umframt Schandorff Vang og Sigurd Rasmussen, nevndarlimir.<\/p>\n<p>Einki m\u00f3tvalevni var til formanssessin, og t\u00ed var\u00f0 Elin He\u00f0insd\u00f3ttir Joensen afturvald. Vi\u00f0 hesum situr Elin sum forseti n\u00e6stu f\u00fdra \u00e1rini. Elin takka\u00f0i fyri \u00e1liti\u00f0 og seg\u00f0i, at hon gle\u00f0ir seg at arbei\u00f0a v\u00ed\u00f0ari vi\u00f0 teimum mongu spennandi \u00e6tlanunum, sum starvsnevndin hevur fyri \u00edtr\u00f3ttin \u00ed F\u00f8royum.<\/p>\n<p>Einki m\u00f3tvalevni var til nevndarlimirnar, sum st\u00f3\u00f0u fyri afturvali. T\u00ed v\u00f3r\u00f0u teir b\u00e1\u00f0ir Schandorff Vang og Sigurd Rasmussen afturvaldir.<\/p>\n<p><strong>Roknskapirnir ver\u00f0a t\u00f8kir<\/strong><\/p>\n<p>Sum naka\u00f0 n\u00fdtt ver\u00f0a roknskapirnir hj\u00e1 sersambondunum framyvir t\u00f8kir \u00e1 heimas\u00ed\u00f0uni hj\u00e1 \u00cdtr\u00f3ttasambandi F\u00f8roya.<\/p>\n<p><img decoding=\"async\" class=\"alignnone size-medium wp-image-6225 lazyload\" data-src=\"https:\/\/d21ockg4ri0hhk.cloudfront.net\/wp-content\/uploads\/2018\/05\/30193026\/ISF_2-300x300.jpg\" alt=\"\" width=\"300\" height=\"300\" data-srcset=\"https:\/\/d21ockg4ri0hhk.cloudfront.net\/wp-content\/uploads\/2018\/05\/30193026\/ISF_2-300x300.jpg 300w, https:\/\/d21ockg4ri0hhk.cloudfront.net\/wp-content\/uploads\/2018\/05\/30193026\/ISF_2-150x150.jpg 150w, https:\/\/d21ockg4ri0hhk.cloudfront.net\/wp-content\/uploads\/2018\/05\/30193026\/ISF_2-768x768.jpg 768w, https:\/\/d21ockg4ri0hhk.cloudfront.net\/wp-content\/uploads\/2018\/05\/30193026\/ISF_2-700x700.jpg 700w, https:\/\/d21ockg4ri0hhk.cloudfront.net\/wp-content\/uploads\/2018\/05\/30193026\/ISF_2.jpg 960w\" data-sizes=\"(max-width: 300px) 100vw, 300px\" src=\"data:image\/svg+xml;base64,PHN2ZyB3aWR0aD0iMSIgaGVpZ2h0PSIxIiB4bWxucz0iaHR0cDovL3d3dy53My5vcmcvMjAwMC9zdmciPjwvc3ZnPg==\" style=\"--smush-placeholder-width: 300px; --smush-placeholder-aspect-ratio: 300\/300;\" \/><img decoding=\"async\" class=\"alignnone size-medium wp-image-6224 lazyload\" data-src=\"https:\/\/d21ockg4ri0hhk.cloudfront.net\/wp-content\/uploads\/2018\/05\/30193027\/ISF_1-225x300.jpg\" alt=\"\" width=\"225\" height=\"300\" data-srcset=\"https:\/\/d21ockg4ri0hhk.cloudfront.net\/wp-content\/uploads\/2018\/05\/30193027\/ISF_1-225x300.jpg 225w, https:\/\/d21ockg4ri0hhk.cloudfront.net\/wp-content\/uploads\/2018\/05\/30193027\/ISF_1-700x933.jpg 700w, https:\/\/d21ockg4ri0hhk.cloudfront.net\/wp-content\/uploads\/2018\/05\/30193027\/ISF_1.jpg 720w\" data-sizes=\"(max-width: 225px) 100vw, 225px\" src=\"data:image\/svg+xml;base64,PHN2ZyB3aWR0aD0iMSIgaGVpZ2h0PSIxIiB4bWxucz0iaHR0cDovL3d3dy53My5vcmcvMjAwMC9zdmciPjwvc3ZnPg==\" style=\"--smush-placeholder-width: 225px; --smush-placeholder-aspect-ratio: 225\/300;\" \/><\/p>","protected":false},"excerpt":{"rendered":"<p>Leygardagin 5. mai 2018 hev\u00f0i \u00cdtr\u00f3ttasamband F\u00f8roya a\u00f0alfund \u00ed \u00cdSF-h\u00fasinum. N\u00f3gv f\u00f3lk var m\u00f8tt \u00e1 fundi. \u00c1 skr\u00e1nni var m.a. [&hellip;]<\/p>\n","protected":false},"author":7,"featured_media":6227,"comment_status":"closed","ping_status":"closed","sticky":false,"template":"","format":"standard","meta":{"_acf_changed":false,"_relevanssi_hide_post":"","_relevanssi_hide_content":"","_relevanssi_pin_for_all":"","_relevanssi_pin_keywords":"","_relevanssi_unpin_keywords":"","_relevanssi_related_keywords":"","_relevanssi_related_include_ids":"","_relevanssi_related_exclude_ids":"","_relevanssi_related_no_append":"","_relevanssi_related_not_related":"","_relevanssi_related_posts":"","_relevanssi_noindex_reason":"","inline_featured_image":false,"footnotes":""},"categories":[2],"tags":[],"class_list":["post-6223","post","type-post","status-publish","format-standard","has-post-thumbnail","hentry","category-isf"],"acf":[],"yoast_head":"<!-- This site is optimized with the Yoast SEO plugin v27.3 - https:\/\/yoast.com\/product\/yoast-seo-wordpress\/ -->\n<title>Guttorm S\u00f8rensen hei\u00f0ra\u00f0ur \u00e1 a\u00f0alfundi \u00cdSF\u2019s - \u00cdtr\u00f3ttasamband F\u00f8roya<\/title>\n<meta name=\"robots\" content=\"index, follow, max-snippet:-1, max-image-preview:large, max-video-preview:-1\" \/>\n<link rel=\"canonical\" href=\"https:\/\/isf.fo\/en\/guttorm-sorensen-heidradur-a-adalfundi-isfs\/\" \/>\n<meta property=\"og:locale\" content=\"en_US\" \/>\n<meta property=\"og:type\" content=\"article\" \/>\n<meta property=\"og:title\" content=\"Guttorm S\u00f8rensen hei\u00f0ra\u00f0ur \u00e1 a\u00f0alfundi \u00cdSF\u2019s - \u00cdtr\u00f3ttasamband F\u00f8roya\" \/>\n<meta property=\"og:description\" content=\"Leygardagin 5. mai 2018 hev\u00f0i \u00cdtr\u00f3ttasamband F\u00f8roya a\u00f0alfund \u00ed \u00cdSF-h\u00fasinum. N\u00f3gv f\u00f3lk var m\u00f8tt \u00e1 fundi. \u00c1 skr\u00e1nni var m.a. [&hellip;]\" \/>\n<meta property=\"og:url\" content=\"https:\/\/isf.fo\/en\/guttorm-sorensen-heidradur-a-adalfundi-isfs\/\" \/>\n<meta property=\"og:site_name\" content=\"\u00cdtr\u00f3ttasamband F\u00f8roya\" \/>\n<meta property=\"article:publisher\" content=\"https:\/\/www.facebook.com\/itrottasambandid\" \/>\n<meta property=\"article:published_time\" content=\"2018-05-07T08:59:18+00:00\" \/>\n<meta property=\"article:modified_time\" content=\"2018-05-07T09:01:27+00:00\" \/>\n<meta property=\"og:image\" content=\"https:\/\/d21ockg4ri0hhk.cloudfront.net\/wp-content\/uploads\/2018\/05\/30193026\/ISF_1a.jpg\" \/>\n\t<meta property=\"og:image:width\" content=\"720\" \/>\n\t<meta property=\"og:image:height\" content=\"468\" \/>\n\t<meta property=\"og:image:type\" content=\"image\/jpeg\" \/>\n<meta name=\"author\" content=\"Finnbj\u00f8rg Nattestad\" \/>\n<meta name=\"twitter:card\" content=\"summary_large_image\" \/>\n<meta name=\"twitter:label1\" content=\"Written by\" \/>\n\t<meta name=\"twitter:data1\" content=\"Finnbj\u00f8rg Nattestad\" \/>\n\t<meta name=\"twitter:label2\" content=\"Est. reading time\" \/>\n\t<meta name=\"twitter:data2\" content=\"2 minutes\" \/>\n<script type=\"application\/ld+json\" class=\"yoast-schema-graph\">{\"@context\":\"https:\\\/\\\/schema.org\",\"@graph\":[{\"@type\":\"Article\",\"@id\":\"https:\\\/\\\/isf.fo\\\/guttorm-sorensen-heidradur-a-adalfundi-isfs\\\/#article\",\"isPartOf\":{\"@id\":\"https:\\\/\\\/isf.fo\\\/guttorm-sorensen-heidradur-a-adalfundi-isfs\\\/\"},\"author\":{\"name\":\"Finnbj\u00f8rg Nattestad\",\"@id\":\"https:\\\/\\\/isf.fo\\\/#\\\/schema\\\/person\\\/40282266438b1b15251ad39401612366\"},\"headline\":\"Guttorm S\u00f8rensen hei\u00f0ra\u00f0ur \u00e1 a\u00f0alfundi \u00cdSF\u2019s\",\"datePublished\":\"2018-05-07T08:59:18+00:00\",\"dateModified\":\"2018-05-07T09:01:27+00:00\",\"mainEntityOfPage\":{\"@id\":\"https:\\\/\\\/isf.fo\\\/guttorm-sorensen-heidradur-a-adalfundi-isfs\\\/\"},\"wordCount\":388,\"publisher\":{\"@id\":\"https:\\\/\\\/isf.fo\\\/#organization\"},\"image\":{\"@id\":\"https:\\\/\\\/isf.fo\\\/guttorm-sorensen-heidradur-a-adalfundi-isfs\\\/#primaryimage\"},\"thumbnailUrl\":\"https:\\\/\\\/d21ockg4ri0hhk.cloudfront.net\\\/wp-content\\\/uploads\\\/2018\\\/05\\\/30193026\\\/ISF_1a.jpg\",\"articleSection\":[\"\u00cdSF\"],\"inLanguage\":\"en-US\"},{\"@type\":\"WebPage\",\"@id\":\"https:\\\/\\\/isf.fo\\\/guttorm-sorensen-heidradur-a-adalfundi-isfs\\\/\",\"url\":\"https:\\\/\\\/isf.fo\\\/guttorm-sorensen-heidradur-a-adalfundi-isfs\\\/\",\"name\":\"Guttorm S\u00f8rensen hei\u00f0ra\u00f0ur \u00e1 a\u00f0alfundi \u00cdSF\u2019s - \u00cdtr\u00f3ttasamband F\u00f8roya\",\"isPartOf\":{\"@id\":\"https:\\\/\\\/isf.fo\\\/#website\"},\"primaryImageOfPage\":{\"@id\":\"https:\\\/\\\/isf.fo\\\/guttorm-sorensen-heidradur-a-adalfundi-isfs\\\/#primaryimage\"},\"image\":{\"@id\":\"https:\\\/\\\/isf.fo\\\/guttorm-sorensen-heidradur-a-adalfundi-isfs\\\/#primaryimage\"},\"thumbnailUrl\":\"https:\\\/\\\/d21ockg4ri0hhk.cloudfront.net\\\/wp-content\\\/uploads\\\/2018\\\/05\\\/30193026\\\/ISF_1a.jpg\",\"datePublished\":\"2018-05-07T08:59:18+00:00\",\"dateModified\":\"2018-05-07T09:01:27+00:00\",\"breadcrumb\":{\"@id\":\"https:\\\/\\\/isf.fo\\\/guttorm-sorensen-heidradur-a-adalfundi-isfs\\\/#breadcrumb\"},\"inLanguage\":\"en-US\",\"potentialAction\":[{\"@type\":\"ReadAction\",\"target\":[\"https:\\\/\\\/isf.fo\\\/guttorm-sorensen-heidradur-a-adalfundi-isfs\\\/\"]}]},{\"@type\":\"ImageObject\",\"inLanguage\":\"en-US\",\"@id\":\"https:\\\/\\\/isf.fo\\\/guttorm-sorensen-heidradur-a-adalfundi-isfs\\\/#primaryimage\",\"url\":\"https:\\\/\\\/d21ockg4ri0hhk.cloudfront.net\\\/wp-content\\\/uploads\\\/2018\\\/05\\\/30193026\\\/ISF_1a.jpg\",\"contentUrl\":\"https:\\\/\\\/d21ockg4ri0hhk.cloudfront.net\\\/wp-content\\\/uploads\\\/2018\\\/05\\\/30193026\\\/ISF_1a.jpg\",\"width\":720,\"height\":468},{\"@type\":\"BreadcrumbList\",\"@id\":\"https:\\\/\\\/isf.fo\\\/guttorm-sorensen-heidradur-a-adalfundi-isfs\\\/#breadcrumb\",\"itemListElement\":[{\"@type\":\"ListItem\",\"position\":1,\"name\":\"Home\",\"item\":\"https:\\\/\\\/isf.fo\\\/\"},{\"@type\":\"ListItem\",\"position\":2,\"name\":\"Guttorm S\u00f8rensen hei\u00f0ra\u00f0ur \u00e1 a\u00f0alfundi \u00cdSF\u2019s\"}]},{\"@type\":\"WebSite\",\"@id\":\"https:\\\/\\\/isf.fo\\\/#website\",\"url\":\"https:\\\/\\\/isf.fo\\\/\",\"name\":\"\u00cdtr\u00f3ttasamband F\u00f8roya\",\"description\":\"\",\"publisher\":{\"@id\":\"https:\\\/\\\/isf.fo\\\/#organization\"},\"potentialAction\":[{\"@type\":\"SearchAction\",\"target\":{\"@type\":\"EntryPoint\",\"urlTemplate\":\"https:\\\/\\\/isf.fo\\\/?s={search_term_string}\"},\"query-input\":{\"@type\":\"PropertyValueSpecification\",\"valueRequired\":true,\"valueName\":\"search_term_string\"}}],\"inLanguage\":\"en-US\"},{\"@type\":\"Organization\",\"@id\":\"https:\\\/\\\/isf.fo\\\/#organization\",\"name\":\"\u00cdtr\u00f3ttasamband F\u00f8roya\",\"url\":\"https:\\\/\\\/isf.fo\\\/\",\"logo\":{\"@type\":\"ImageObject\",\"inLanguage\":\"en-US\",\"@id\":\"https:\\\/\\\/isf.fo\\\/#\\\/schema\\\/logo\\\/image\\\/\",\"url\":\"https:\\\/\\\/isf.fo\\\/wp-content\\\/uploads\\\/2025\\\/06\\\/ISF_Olympic-Committee-logo.png\",\"contentUrl\":\"https:\\\/\\\/isf.fo\\\/wp-content\\\/uploads\\\/2025\\\/06\\\/ISF_Olympic-Committee-logo.png\",\"width\":618,\"height\":121,\"caption\":\"\u00cdtr\u00f3ttasamband F\u00f8roya\"},\"image\":{\"@id\":\"https:\\\/\\\/isf.fo\\\/#\\\/schema\\\/logo\\\/image\\\/\"},\"sameAs\":[\"https:\\\/\\\/www.facebook.com\\\/itrottasambandid\"]},{\"@type\":\"Person\",\"@id\":\"https:\\\/\\\/isf.fo\\\/#\\\/schema\\\/person\\\/40282266438b1b15251ad39401612366\",\"name\":\"Finnbj\u00f8rg Nattestad\",\"image\":{\"@type\":\"ImageObject\",\"inLanguage\":\"en-US\",\"@id\":\"https:\\\/\\\/secure.gravatar.com\\\/avatar\\\/8abac675fc6517af7fca6afac1f3d82d100c45ced81d3c217cda179b6904938f?s=96&d=mm&r=g\",\"url\":\"https:\\\/\\\/secure.gravatar.com\\\/avatar\\\/8abac675fc6517af7fca6afac1f3d82d100c45ced81d3c217cda179b6904938f?s=96&d=mm&r=g\",\"contentUrl\":\"https:\\\/\\\/secure.gravatar.com\\\/avatar\\\/8abac675fc6517af7fca6afac1f3d82d100c45ced81d3c217cda179b6904938f?s=96&d=mm&r=g\",\"caption\":\"Finnbj\u00f8rg Nattestad\"},\"url\":\"https:\\\/\\\/isf.fo\\\/en\\\/author\\\/finnbjorg\\\/\"}]}<\/script>\n<!-- \/ Yoast SEO plugin. -->","yoast_head_json":{"title":"Guttorm S\u00f8rensen hei\u00f0ra\u00f0ur \u00e1 a\u00f0alfundi \u00cdSF\u2019s - \u00cdtr\u00f3ttasamband F\u00f8roya","robots":{"index":"index","follow":"follow","max-snippet":"max-snippet:-1","max-image-preview":"max-image-preview:large","max-video-preview":"max-video-preview:-1"},"canonical":"https:\/\/isf.fo\/en\/guttorm-sorensen-heidradur-a-adalfundi-isfs\/","og_locale":"en_US","og_type":"article","og_title":"Guttorm S\u00f8rensen hei\u00f0ra\u00f0ur \u00e1 a\u00f0alfundi \u00cdSF\u2019s - \u00cdtr\u00f3ttasamband F\u00f8roya","og_description":"Leygardagin 5. mai 2018 hev\u00f0i \u00cdtr\u00f3ttasamband F\u00f8roya a\u00f0alfund \u00ed \u00cdSF-h\u00fasinum. N\u00f3gv f\u00f3lk var m\u00f8tt \u00e1 fundi. \u00c1 skr\u00e1nni var m.a. [&hellip;]","og_url":"https:\/\/isf.fo\/en\/guttorm-sorensen-heidradur-a-adalfundi-isfs\/","og_site_name":"\u00cdtr\u00f3ttasamband F\u00f8roya","article_publisher":"https:\/\/www.facebook.com\/itrottasambandid","article_published_time":"2018-05-07T08:59:18+00:00","article_modified_time":"2018-05-07T09:01:27+00:00","og_image":[{"width":720,"height":468,"url":"https:\/\/d21ockg4ri0hhk.cloudfront.net\/wp-content\/uploads\/2018\/05\/30193026\/ISF_1a.jpg","type":"image\/jpeg"}],"author":"Finnbj\u00f8rg Nattestad","twitter_card":"summary_large_image","twitter_misc":{"Written by":"Finnbj\u00f8rg Nattestad","Est. reading time":"2 minutes"},"schema":{"@context":"https:\/\/schema.org","@graph":[{"@type":"Article","@id":"https:\/\/isf.fo\/guttorm-sorensen-heidradur-a-adalfundi-isfs\/#article","isPartOf":{"@id":"https:\/\/isf.fo\/guttorm-sorensen-heidradur-a-adalfundi-isfs\/"},"author":{"name":"Finnbj\u00f8rg Nattestad","@id":"https:\/\/isf.fo\/#\/schema\/person\/40282266438b1b15251ad39401612366"},"headline":"Guttorm S\u00f8rensen hei\u00f0ra\u00f0ur \u00e1 a\u00f0alfundi \u00cdSF\u2019s","datePublished":"2018-05-07T08:59:18+00:00","dateModified":"2018-05-07T09:01:27+00:00","mainEntityOfPage":{"@id":"https:\/\/isf.fo\/guttorm-sorensen-heidradur-a-adalfundi-isfs\/"},"wordCount":388,"publisher":{"@id":"https:\/\/isf.fo\/#organization"},"image":{"@id":"https:\/\/isf.fo\/guttorm-sorensen-heidradur-a-adalfundi-isfs\/#primaryimage"},"thumbnailUrl":"https:\/\/d21ockg4ri0hhk.cloudfront.net\/wp-content\/uploads\/2018\/05\/30193026\/ISF_1a.jpg","articleSection":["\u00cdSF"],"inLanguage":"en-US"},{"@type":"WebPage","@id":"https:\/\/isf.fo\/guttorm-sorensen-heidradur-a-adalfundi-isfs\/","url":"https:\/\/isf.fo\/guttorm-sorensen-heidradur-a-adalfundi-isfs\/","name":"Guttorm S\u00f8rensen hei\u00f0ra\u00f0ur \u00e1 a\u00f0alfundi \u00cdSF\u2019s - \u00cdtr\u00f3ttasamband F\u00f8roya","isPartOf":{"@id":"https:\/\/isf.fo\/#website"},"primaryImageOfPage":{"@id":"https:\/\/isf.fo\/guttorm-sorensen-heidradur-a-adalfundi-isfs\/#primaryimage"},"image":{"@id":"https:\/\/isf.fo\/guttorm-sorensen-heidradur-a-adalfundi-isfs\/#primaryimage"},"thumbnailUrl":"https:\/\/d21ockg4ri0hhk.cloudfront.net\/wp-content\/uploads\/2018\/05\/30193026\/ISF_1a.jpg","datePublished":"2018-05-07T08:59:18+00:00","dateModified":"2018-05-07T09:01:27+00:00","breadcrumb":{"@id":"https:\/\/isf.fo\/guttorm-sorensen-heidradur-a-adalfundi-isfs\/#breadcrumb"},"inLanguage":"en-US","potentialAction":[{"@type":"ReadAction","target":["https:\/\/isf.fo\/guttorm-sorensen-heidradur-a-adalfundi-isfs\/"]}]},{"@type":"ImageObject","inLanguage":"en-US","@id":"https:\/\/isf.fo\/guttorm-sorensen-heidradur-a-adalfundi-isfs\/#primaryimage","url":"https:\/\/d21ockg4ri0hhk.cloudfront.net\/wp-content\/uploads\/2018\/05\/30193026\/ISF_1a.jpg","contentUrl":"https:\/\/d21ockg4ri0hhk.cloudfront.net\/wp-content\/uploads\/2018\/05\/30193026\/ISF_1a.jpg","width":720,"height":468},{"@type":"BreadcrumbList","@id":"https:\/\/isf.fo\/guttorm-sorensen-heidradur-a-adalfundi-isfs\/#breadcrumb","itemListElement":[{"@type":"ListItem","position":1,"name":"Home","item":"https:\/\/isf.fo\/"},{"@type":"ListItem","position":2,"name":"Guttorm S\u00f8rensen hei\u00f0ra\u00f0ur \u00e1 a\u00f0alfundi \u00cdSF\u2019s"}]},{"@type":"WebSite","@id":"https:\/\/isf.fo\/#website","url":"https:\/\/isf.fo\/","name":"\u00cdtr\u00f3ttasamband F\u00f8roya","description":"","publisher":{"@id":"https:\/\/isf.fo\/#organization"},"potentialAction":[{"@type":"SearchAction","target":{"@type":"EntryPoint","urlTemplate":"https:\/\/isf.fo\/?s={search_term_string}"},"query-input":{"@type":"PropertyValueSpecification","valueRequired":true,"valueName":"search_term_string"}}],"inLanguage":"en-US"},{"@type":"Organization","@id":"https:\/\/isf.fo\/#organization","name":"\u00cdtr\u00f3ttasamband F\u00f8roya","url":"https:\/\/isf.fo\/","logo":{"@type":"ImageObject","inLanguage":"en-US","@id":"https:\/\/isf.fo\/#\/schema\/logo\/image\/","url":"https:\/\/isf.fo\/wp-content\/uploads\/2025\/06\/ISF_Olympic-Committee-logo.png","contentUrl":"https:\/\/isf.fo\/wp-content\/uploads\/2025\/06\/ISF_Olympic-Committee-logo.png","width":618,"height":121,"caption":"\u00cdtr\u00f3ttasamband F\u00f8roya"},"image":{"@id":"https:\/\/isf.fo\/#\/schema\/logo\/image\/"},"sameAs":["https:\/\/www.facebook.com\/itrottasambandid"]},{"@type":"Person","@id":"https:\/\/isf.fo\/#\/schema\/person\/40282266438b1b15251ad39401612366","name":"Finnbj\u00f8rg Nattestad","image":{"@type":"ImageObject","inLanguage":"en-US","@id":"https:\/\/secure.gravatar.com\/avatar\/8abac675fc6517af7fca6afac1f3d82d100c45ced81d3c217cda179b6904938f?s=96&d=mm&r=g","url":"https:\/\/secure.gravatar.com\/avatar\/8abac675fc6517af7fca6afac1f3d82d100c45ced81d3c217cda179b6904938f?s=96&d=mm&r=g","contentUrl":"https:\/\/secure.gravatar.com\/avatar\/8abac675fc6517af7fca6afac1f3d82d100c45ced81d3c217cda179b6904938f?s=96&d=mm&r=g","caption":"Finnbj\u00f8rg Nattestad"},"url":"https:\/\/isf.fo\/en\/author\/finnbjorg\/"}]}},"_links":{"self":[{"href":"https:\/\/isf.fo\/en\/wp-json\/wp\/v2\/posts\/6223","targetHints":{"allow":["GET"]}}],"collection":[{"href":"https:\/\/isf.fo\/en\/wp-json\/wp\/v2\/posts"}],"about":[{"href":"https:\/\/isf.fo\/en\/wp-json\/wp\/v2\/types\/post"}],"author":[{"embeddable":true,"href":"https:\/\/isf.fo\/en\/wp-json\/wp\/v2\/users\/7"}],"replies":[{"embeddable":true,"href":"https:\/\/isf.fo\/en\/wp-json\/wp\/v2\/comments?post=6223"}],"version-history":[{"count":2,"href":"https:\/\/isf.fo\/en\/wp-json\/wp\/v2\/posts\/6223\/revisions"}],"predecessor-version":[{"id":6228,"href":"https:\/\/isf.fo\/en\/wp-json\/wp\/v2\/posts\/6223\/revisions\/6228"}],"wp:featuredmedia":[{"embeddable":true,"href":"https:\/\/isf.fo\/en\/wp-json\/wp\/v2\/media\/6227"}],"wp:attachment":[{"href":"https:\/\/isf.fo\/en\/wp-json\/wp\/v2\/media?parent=6223"}],"wp:term":[{"taxonomy":"category","embeddable":true,"href":"https:\/\/isf.fo\/en\/wp-json\/wp\/v2\/categories?post=6223"},{"taxonomy":"post_tag","embeddable":true,"href":"https:\/\/isf.fo\/en\/wp-json\/wp\/v2\/tags?post=6223"}],"curies":[{"name":"wp","href":"https:\/\/api.w.org\/{rel}","templated":true}]}}