{"id":6912,"date":"2019-05-29T14:21:48","date_gmt":"2019-05-29T14:21:48","guid":{"rendered":"https:\/\/isf.fo\/?p=6912"},"modified":"2019-05-29T14:30:03","modified_gmt":"2019-05-29T14:30:03","slug":"televarpid-fer-at-senda-foroyskan-itrott","status":"publish","type":"post","link":"https:\/\/isf.fo\/en\/televarpid-fer-at-senda-foroyskan-itrott\/","title":{"rendered":"Televarpi\u00f0 fer at senda f\u00f8royskan \u00edtr\u00f3tt"},"content":{"rendered":"<h2>Televarpi\u00f0 fer at senda f\u00f8royskan \u00edtr\u00f3tt<\/h2>\n<p>\u00cdSF og Televarpi\u00f0 fara \u00ed n\u00e6stum undir samstarv at senda f\u00f8royskan \u00edtr\u00f3tt beinlei\u00f0is \u00e1 R\u00e1s1, talgildu netr\u00e1sunum \u00e1 Televarpsappini og netvarpinum \u00e1 tv.fo.<\/p>\n<p>&#8211; Fyri fel\u00f8gini, sersambondini og \u00cdSF er hetta ein gyltur m\u00f8guleiki at varpa lj\u00f3s \u00e1 f\u00f8royskar \u00edtr\u00f3ttagreinar og harvi\u00f0 senda beinlei\u00f0is sj\u00f3nvarp \u00fat til ein enn st\u00f8rri hyggjaraskar\u00f0a, sigur Petur Mitt\u00fan, a\u00f0alskrivari \u00ed \u00cdSF.<\/p>\n<p>Hann sta\u00f0festir, at hetta fer at gera ta\u00f0 l\u00e6ttari hj\u00e1 hyggjarum at f\u00e1a eitt grei\u00f0ari yvirlit yvir, n\u00e6r \u00edtr\u00f3ttagreinar ver\u00f0a sendar beinlei\u00f0is, t\u00ed fleiri fel\u00f8g og sersambond framlei\u00f0a longu beinlei\u00f0is sj\u00f3nvarp fr\u00e1 teirra kappingum \u00ed dag.<\/p>\n<p>\u00c1hugin fyri f\u00f8royskum \u00edtr\u00f3tti er st\u00f3rur, og ta\u00f0 er t\u00ed av st\u00f3rum t\u00fddningi, at limafel\u00f8gini undir sersambondunum hj\u00e1 \u00cdSF hava m\u00f8guleika at senda beinlei\u00f0is fr\u00e1 \u00fatvaldum \u00edtr\u00f3ttatilt\u00f8kum kring landi\u00f0, og hesum ynskir Televarpi\u00f0 at ganga \u00e1 odda fyri.<\/p>\n<p>&#8211; Vit eru sera fegin um samstarvsavtaluna vi\u00f0 \u00cdSF og gle\u00f0a okkum at fara \u00ed gongd at v\u00edsa \u00edtr\u00f3ttakappingar beinlei\u00f0is \u00e1 R\u00e1s1 og tv\u00f8rturum hinar hyggjarapallarnar hj\u00e1 okkum, sigur Edvard \u00ed Skorini Joensen, stj\u00f3ri \u00ed Televarpinum.<\/p>\n<p>\u00cd n\u00e6stum ver\u00f0ur fari\u00f0 undir arbei\u00f0i\u00f0 at samskipa \u00edtr\u00f3ttatilt\u00f8kini, sum skulu sendast beinlei\u00f0is. B\u00e6\u00f0i a\u00f0alskrivarin \u00ed \u00cdSF og stj\u00f3rin \u00ed Televarpinum leggja dent \u00e1, at t\u00e6nastan er \u00ed umb\u00fana og fer at mennast vi\u00f0 t\u00ed\u00f0ini.<\/p>\n<p>Samstarvsavtalan millum partarnar er galdandi fyri 2019 og 2020.<\/p>","protected":false},"excerpt":{"rendered":"<p>Televarpi\u00f0 fer at senda f\u00f8royskan \u00edtr\u00f3tt \u00cdSF og Televarpi\u00f0 fara \u00ed n\u00e6stum undir samstarv at senda f\u00f8royskan \u00edtr\u00f3tt beinlei\u00f0is \u00e1 [&hellip;]<\/p>\n","protected":false},"author":6,"featured_media":6915,"comment_status":"closed","ping_status":"closed","sticky":false,"template":"","format":"standard","meta":{"_acf_changed":false,"_relevanssi_hide_post":"","_relevanssi_hide_content":"","_relevanssi_pin_for_all":"","_relevanssi_pin_keywords":"","_relevanssi_unpin_keywords":"","_relevanssi_related_keywords":"","_relevanssi_related_include_ids":"","_relevanssi_related_exclude_ids":"","_relevanssi_related_no_append":"","_relevanssi_related_not_related":"","_relevanssi_related_posts":"","_relevanssi_noindex_reason":"","inline_featured_image":false,"footnotes":""},"categories":[1],"tags":[],"class_list":["post-6912","post","type-post","status-publish","format-standard","has-post-thumbnail","hentry","category-uncategorized"],"acf":[],"yoast_head":"<!-- This site is optimized with the Yoast SEO plugin v27.3 - https:\/\/yoast.com\/product\/yoast-seo-wordpress\/ -->\n<title>Televarpi\u00f0 fer at senda f\u00f8royskan \u00edtr\u00f3tt - \u00cdtr\u00f3ttasamband F\u00f8roya<\/title>\n<meta name=\"robots\" content=\"index, follow, max-snippet:-1, max-image-preview:large, max-video-preview:-1\" \/>\n<link rel=\"canonical\" href=\"https:\/\/isf.fo\/en\/televarpid-fer-at-senda-foroyskan-itrott\/\" \/>\n<meta property=\"og:locale\" content=\"en_US\" \/>\n<meta property=\"og:type\" content=\"article\" \/>\n<meta property=\"og:title\" content=\"Televarpi\u00f0 fer at senda f\u00f8royskan \u00edtr\u00f3tt - \u00cdtr\u00f3ttasamband F\u00f8roya\" \/>\n<meta property=\"og:description\" content=\"Televarpi\u00f0 fer at senda f\u00f8royskan \u00edtr\u00f3tt \u00cdSF og Televarpi\u00f0 fara \u00ed n\u00e6stum undir samstarv at senda f\u00f8royskan \u00edtr\u00f3tt beinlei\u00f0is \u00e1 [&hellip;]\" \/>\n<meta property=\"og:url\" content=\"https:\/\/isf.fo\/en\/televarpid-fer-at-senda-foroyskan-itrott\/\" \/>\n<meta property=\"og:site_name\" content=\"\u00cdtr\u00f3ttasamband F\u00f8roya\" \/>\n<meta property=\"article:publisher\" content=\"https:\/\/www.facebook.com\/itrottasambandid\" \/>\n<meta property=\"article:published_time\" content=\"2019-05-29T14:21:48+00:00\" \/>\n<meta property=\"article:modified_time\" content=\"2019-05-29T14:30:03+00:00\" \/>\n<meta property=\"og:image\" content=\"https:\/\/d21ockg4ri0hhk.cloudfront.net\/wp-content\/uploads\/2019\/05\/30192941\/csm_Televarp_a69e6e0689.jpg\" \/>\n\t<meta property=\"og:image:width\" content=\"900\" \/>\n\t<meta property=\"og:image:height\" content=\"600\" \/>\n\t<meta property=\"og:image:type\" content=\"image\/jpeg\" \/>\n<meta name=\"author\" content=\"Petur Mitt\u00fan\" \/>\n<meta name=\"twitter:card\" content=\"summary_large_image\" \/>\n<meta name=\"twitter:label1\" content=\"Written by\" \/>\n\t<meta name=\"twitter:data1\" content=\"Petur Mitt\u00fan\" \/>\n\t<meta name=\"twitter:label2\" content=\"Est. reading time\" \/>\n\t<meta name=\"twitter:data2\" content=\"1 minute\" \/>\n<script type=\"application\/ld+json\" class=\"yoast-schema-graph\">{\"@context\":\"https:\\\/\\\/schema.org\",\"@graph\":[{\"@type\":\"Article\",\"@id\":\"https:\\\/\\\/isf.fo\\\/televarpid-fer-at-senda-foroyskan-itrott\\\/#article\",\"isPartOf\":{\"@id\":\"https:\\\/\\\/isf.fo\\\/televarpid-fer-at-senda-foroyskan-itrott\\\/\"},\"author\":{\"name\":\"Petur Mitt\u00fan\",\"@id\":\"https:\\\/\\\/isf.fo\\\/#\\\/schema\\\/person\\\/78ac1b623dbf0ace868a5dbcdaed016d\"},\"headline\":\"Televarpi\u00f0 fer at senda f\u00f8royskan \u00edtr\u00f3tt\",\"datePublished\":\"2019-05-29T14:21:48+00:00\",\"dateModified\":\"2019-05-29T14:30:03+00:00\",\"mainEntityOfPage\":{\"@id\":\"https:\\\/\\\/isf.fo\\\/televarpid-fer-at-senda-foroyskan-itrott\\\/\"},\"wordCount\":267,\"publisher\":{\"@id\":\"https:\\\/\\\/isf.fo\\\/#organization\"},\"image\":{\"@id\":\"https:\\\/\\\/isf.fo\\\/televarpid-fer-at-senda-foroyskan-itrott\\\/#primaryimage\"},\"thumbnailUrl\":\"https:\\\/\\\/d21ockg4ri0hhk.cloudfront.net\\\/wp-content\\\/uploads\\\/2019\\\/05\\\/30192941\\\/csm_Televarp_a69e6e0689.jpg\",\"articleSection\":[\"Ikki b\u00f3lka\"],\"inLanguage\":\"en-US\"},{\"@type\":\"WebPage\",\"@id\":\"https:\\\/\\\/isf.fo\\\/televarpid-fer-at-senda-foroyskan-itrott\\\/\",\"url\":\"https:\\\/\\\/isf.fo\\\/televarpid-fer-at-senda-foroyskan-itrott\\\/\",\"name\":\"Televarpi\u00f0 fer at senda f\u00f8royskan \u00edtr\u00f3tt - \u00cdtr\u00f3ttasamband F\u00f8roya\",\"isPartOf\":{\"@id\":\"https:\\\/\\\/isf.fo\\\/#website\"},\"primaryImageOfPage\":{\"@id\":\"https:\\\/\\\/isf.fo\\\/televarpid-fer-at-senda-foroyskan-itrott\\\/#primaryimage\"},\"image\":{\"@id\":\"https:\\\/\\\/isf.fo\\\/televarpid-fer-at-senda-foroyskan-itrott\\\/#primaryimage\"},\"thumbnailUrl\":\"https:\\\/\\\/d21ockg4ri0hhk.cloudfront.net\\\/wp-content\\\/uploads\\\/2019\\\/05\\\/30192941\\\/csm_Televarp_a69e6e0689.jpg\",\"datePublished\":\"2019-05-29T14:21:48+00:00\",\"dateModified\":\"2019-05-29T14:30:03+00:00\",\"breadcrumb\":{\"@id\":\"https:\\\/\\\/isf.fo\\\/televarpid-fer-at-senda-foroyskan-itrott\\\/#breadcrumb\"},\"inLanguage\":\"en-US\",\"potentialAction\":[{\"@type\":\"ReadAction\",\"target\":[\"https:\\\/\\\/isf.fo\\\/televarpid-fer-at-senda-foroyskan-itrott\\\/\"]}]},{\"@type\":\"ImageObject\",\"inLanguage\":\"en-US\",\"@id\":\"https:\\\/\\\/isf.fo\\\/televarpid-fer-at-senda-foroyskan-itrott\\\/#primaryimage\",\"url\":\"https:\\\/\\\/d21ockg4ri0hhk.cloudfront.net\\\/wp-content\\\/uploads\\\/2019\\\/05\\\/30192941\\\/csm_Televarp_a69e6e0689.jpg\",\"contentUrl\":\"https:\\\/\\\/d21ockg4ri0hhk.cloudfront.net\\\/wp-content\\\/uploads\\\/2019\\\/05\\\/30192941\\\/csm_Televarp_a69e6e0689.jpg\",\"width\":900,\"height\":600},{\"@type\":\"BreadcrumbList\",\"@id\":\"https:\\\/\\\/isf.fo\\\/televarpid-fer-at-senda-foroyskan-itrott\\\/#breadcrumb\",\"itemListElement\":[{\"@type\":\"ListItem\",\"position\":1,\"name\":\"Home\",\"item\":\"https:\\\/\\\/isf.fo\\\/\"},{\"@type\":\"ListItem\",\"position\":2,\"name\":\"Televarpi\u00f0 fer at senda f\u00f8royskan \u00edtr\u00f3tt\"}]},{\"@type\":\"WebSite\",\"@id\":\"https:\\\/\\\/isf.fo\\\/#website\",\"url\":\"https:\\\/\\\/isf.fo\\\/\",\"name\":\"\u00cdtr\u00f3ttasamband F\u00f8roya\",\"description\":\"\",\"publisher\":{\"@id\":\"https:\\\/\\\/isf.fo\\\/#organization\"},\"potentialAction\":[{\"@type\":\"SearchAction\",\"target\":{\"@type\":\"EntryPoint\",\"urlTemplate\":\"https:\\\/\\\/isf.fo\\\/?s={search_term_string}\"},\"query-input\":{\"@type\":\"PropertyValueSpecification\",\"valueRequired\":true,\"valueName\":\"search_term_string\"}}],\"inLanguage\":\"en-US\"},{\"@type\":\"Organization\",\"@id\":\"https:\\\/\\\/isf.fo\\\/#organization\",\"name\":\"\u00cdtr\u00f3ttasamband F\u00f8roya\",\"url\":\"https:\\\/\\\/isf.fo\\\/\",\"logo\":{\"@type\":\"ImageObject\",\"inLanguage\":\"en-US\",\"@id\":\"https:\\\/\\\/isf.fo\\\/#\\\/schema\\\/logo\\\/image\\\/\",\"url\":\"https:\\\/\\\/isf.fo\\\/wp-content\\\/uploads\\\/2025\\\/06\\\/ISF_Olympic-Committee-logo.png\",\"contentUrl\":\"https:\\\/\\\/isf.fo\\\/wp-content\\\/uploads\\\/2025\\\/06\\\/ISF_Olympic-Committee-logo.png\",\"width\":618,\"height\":121,\"caption\":\"\u00cdtr\u00f3ttasamband F\u00f8roya\"},\"image\":{\"@id\":\"https:\\\/\\\/isf.fo\\\/#\\\/schema\\\/logo\\\/image\\\/\"},\"sameAs\":[\"https:\\\/\\\/www.facebook.com\\\/itrottasambandid\"]},{\"@type\":\"Person\",\"@id\":\"https:\\\/\\\/isf.fo\\\/#\\\/schema\\\/person\\\/78ac1b623dbf0ace868a5dbcdaed016d\",\"name\":\"Petur Mitt\u00fan\",\"image\":{\"@type\":\"ImageObject\",\"inLanguage\":\"en-US\",\"@id\":\"https:\\\/\\\/secure.gravatar.com\\\/avatar\\\/6f731b65ffaeb1029d9436acc96fc12c3cef9200131daa85ab7762529a25d1d2?s=96&d=mm&r=g\",\"url\":\"https:\\\/\\\/secure.gravatar.com\\\/avatar\\\/6f731b65ffaeb1029d9436acc96fc12c3cef9200131daa85ab7762529a25d1d2?s=96&d=mm&r=g\",\"contentUrl\":\"https:\\\/\\\/secure.gravatar.com\\\/avatar\\\/6f731b65ffaeb1029d9436acc96fc12c3cef9200131daa85ab7762529a25d1d2?s=96&d=mm&r=g\",\"caption\":\"Petur Mitt\u00fan\"},\"url\":\"https:\\\/\\\/isf.fo\\\/en\\\/author\\\/petur\\\/\"}]}<\/script>\n<!-- \/ Yoast SEO plugin. -->","yoast_head_json":{"title":"Televarpi\u00f0 fer at senda f\u00f8royskan \u00edtr\u00f3tt - \u00cdtr\u00f3ttasamband F\u00f8roya","robots":{"index":"index","follow":"follow","max-snippet":"max-snippet:-1","max-image-preview":"max-image-preview:large","max-video-preview":"max-video-preview:-1"},"canonical":"https:\/\/isf.fo\/en\/televarpid-fer-at-senda-foroyskan-itrott\/","og_locale":"en_US","og_type":"article","og_title":"Televarpi\u00f0 fer at senda f\u00f8royskan \u00edtr\u00f3tt - \u00cdtr\u00f3ttasamband F\u00f8roya","og_description":"Televarpi\u00f0 fer at senda f\u00f8royskan \u00edtr\u00f3tt \u00cdSF og Televarpi\u00f0 fara \u00ed n\u00e6stum undir samstarv at senda f\u00f8royskan \u00edtr\u00f3tt beinlei\u00f0is \u00e1 [&hellip;]","og_url":"https:\/\/isf.fo\/en\/televarpid-fer-at-senda-foroyskan-itrott\/","og_site_name":"\u00cdtr\u00f3ttasamband F\u00f8roya","article_publisher":"https:\/\/www.facebook.com\/itrottasambandid","article_published_time":"2019-05-29T14:21:48+00:00","article_modified_time":"2019-05-29T14:30:03+00:00","og_image":[{"width":900,"height":600,"url":"https:\/\/d21ockg4ri0hhk.cloudfront.net\/wp-content\/uploads\/2019\/05\/30192941\/csm_Televarp_a69e6e0689.jpg","type":"image\/jpeg"}],"author":"Petur Mitt\u00fan","twitter_card":"summary_large_image","twitter_misc":{"Written by":"Petur Mitt\u00fan","Est. reading time":"1 minute"},"schema":{"@context":"https:\/\/schema.org","@graph":[{"@type":"Article","@id":"https:\/\/isf.fo\/televarpid-fer-at-senda-foroyskan-itrott\/#article","isPartOf":{"@id":"https:\/\/isf.fo\/televarpid-fer-at-senda-foroyskan-itrott\/"},"author":{"name":"Petur Mitt\u00fan","@id":"https:\/\/isf.fo\/#\/schema\/person\/78ac1b623dbf0ace868a5dbcdaed016d"},"headline":"Televarpi\u00f0 fer at senda f\u00f8royskan \u00edtr\u00f3tt","datePublished":"2019-05-29T14:21:48+00:00","dateModified":"2019-05-29T14:30:03+00:00","mainEntityOfPage":{"@id":"https:\/\/isf.fo\/televarpid-fer-at-senda-foroyskan-itrott\/"},"wordCount":267,"publisher":{"@id":"https:\/\/isf.fo\/#organization"},"image":{"@id":"https:\/\/isf.fo\/televarpid-fer-at-senda-foroyskan-itrott\/#primaryimage"},"thumbnailUrl":"https:\/\/d21ockg4ri0hhk.cloudfront.net\/wp-content\/uploads\/2019\/05\/30192941\/csm_Televarp_a69e6e0689.jpg","articleSection":["Ikki b\u00f3lka"],"inLanguage":"en-US"},{"@type":"WebPage","@id":"https:\/\/isf.fo\/televarpid-fer-at-senda-foroyskan-itrott\/","url":"https:\/\/isf.fo\/televarpid-fer-at-senda-foroyskan-itrott\/","name":"Televarpi\u00f0 fer at senda f\u00f8royskan \u00edtr\u00f3tt - \u00cdtr\u00f3ttasamband F\u00f8roya","isPartOf":{"@id":"https:\/\/isf.fo\/#website"},"primaryImageOfPage":{"@id":"https:\/\/isf.fo\/televarpid-fer-at-senda-foroyskan-itrott\/#primaryimage"},"image":{"@id":"https:\/\/isf.fo\/televarpid-fer-at-senda-foroyskan-itrott\/#primaryimage"},"thumbnailUrl":"https:\/\/d21ockg4ri0hhk.cloudfront.net\/wp-content\/uploads\/2019\/05\/30192941\/csm_Televarp_a69e6e0689.jpg","datePublished":"2019-05-29T14:21:48+00:00","dateModified":"2019-05-29T14:30:03+00:00","breadcrumb":{"@id":"https:\/\/isf.fo\/televarpid-fer-at-senda-foroyskan-itrott\/#breadcrumb"},"inLanguage":"en-US","potentialAction":[{"@type":"ReadAction","target":["https:\/\/isf.fo\/televarpid-fer-at-senda-foroyskan-itrott\/"]}]},{"@type":"ImageObject","inLanguage":"en-US","@id":"https:\/\/isf.fo\/televarpid-fer-at-senda-foroyskan-itrott\/#primaryimage","url":"https:\/\/d21ockg4ri0hhk.cloudfront.net\/wp-content\/uploads\/2019\/05\/30192941\/csm_Televarp_a69e6e0689.jpg","contentUrl":"https:\/\/d21ockg4ri0hhk.cloudfront.net\/wp-content\/uploads\/2019\/05\/30192941\/csm_Televarp_a69e6e0689.jpg","width":900,"height":600},{"@type":"BreadcrumbList","@id":"https:\/\/isf.fo\/televarpid-fer-at-senda-foroyskan-itrott\/#breadcrumb","itemListElement":[{"@type":"ListItem","position":1,"name":"Home","item":"https:\/\/isf.fo\/"},{"@type":"ListItem","position":2,"name":"Televarpi\u00f0 fer at senda f\u00f8royskan \u00edtr\u00f3tt"}]},{"@type":"WebSite","@id":"https:\/\/isf.fo\/#website","url":"https:\/\/isf.fo\/","name":"\u00cdtr\u00f3ttasamband F\u00f8roya","description":"","publisher":{"@id":"https:\/\/isf.fo\/#organization"},"potentialAction":[{"@type":"SearchAction","target":{"@type":"EntryPoint","urlTemplate":"https:\/\/isf.fo\/?s={search_term_string}"},"query-input":{"@type":"PropertyValueSpecification","valueRequired":true,"valueName":"search_term_string"}}],"inLanguage":"en-US"},{"@type":"Organization","@id":"https:\/\/isf.fo\/#organization","name":"\u00cdtr\u00f3ttasamband F\u00f8roya","url":"https:\/\/isf.fo\/","logo":{"@type":"ImageObject","inLanguage":"en-US","@id":"https:\/\/isf.fo\/#\/schema\/logo\/image\/","url":"https:\/\/isf.fo\/wp-content\/uploads\/2025\/06\/ISF_Olympic-Committee-logo.png","contentUrl":"https:\/\/isf.fo\/wp-content\/uploads\/2025\/06\/ISF_Olympic-Committee-logo.png","width":618,"height":121,"caption":"\u00cdtr\u00f3ttasamband F\u00f8roya"},"image":{"@id":"https:\/\/isf.fo\/#\/schema\/logo\/image\/"},"sameAs":["https:\/\/www.facebook.com\/itrottasambandid"]},{"@type":"Person","@id":"https:\/\/isf.fo\/#\/schema\/person\/78ac1b623dbf0ace868a5dbcdaed016d","name":"Petur Mitt\u00fan","image":{"@type":"ImageObject","inLanguage":"en-US","@id":"https:\/\/secure.gravatar.com\/avatar\/6f731b65ffaeb1029d9436acc96fc12c3cef9200131daa85ab7762529a25d1d2?s=96&d=mm&r=g","url":"https:\/\/secure.gravatar.com\/avatar\/6f731b65ffaeb1029d9436acc96fc12c3cef9200131daa85ab7762529a25d1d2?s=96&d=mm&r=g","contentUrl":"https:\/\/secure.gravatar.com\/avatar\/6f731b65ffaeb1029d9436acc96fc12c3cef9200131daa85ab7762529a25d1d2?s=96&d=mm&r=g","caption":"Petur Mitt\u00fan"},"url":"https:\/\/isf.fo\/en\/author\/petur\/"}]}},"_links":{"self":[{"href":"https:\/\/isf.fo\/en\/wp-json\/wp\/v2\/posts\/6912","targetHints":{"allow":["GET"]}}],"collection":[{"href":"https:\/\/isf.fo\/en\/wp-json\/wp\/v2\/posts"}],"about":[{"href":"https:\/\/isf.fo\/en\/wp-json\/wp\/v2\/types\/post"}],"author":[{"embeddable":true,"href":"https:\/\/isf.fo\/en\/wp-json\/wp\/v2\/users\/6"}],"replies":[{"embeddable":true,"href":"https:\/\/isf.fo\/en\/wp-json\/wp\/v2\/comments?post=6912"}],"version-history":[{"count":3,"href":"https:\/\/isf.fo\/en\/wp-json\/wp\/v2\/posts\/6912\/revisions"}],"predecessor-version":[{"id":6916,"href":"https:\/\/isf.fo\/en\/wp-json\/wp\/v2\/posts\/6912\/revisions\/6916"}],"wp:featuredmedia":[{"embeddable":true,"href":"https:\/\/isf.fo\/en\/wp-json\/wp\/v2\/media\/6915"}],"wp:attachment":[{"href":"https:\/\/isf.fo\/en\/wp-json\/wp\/v2\/media?parent=6912"}],"wp:term":[{"taxonomy":"category","embeddable":true,"href":"https:\/\/isf.fo\/en\/wp-json\/wp\/v2\/categories?post=6912"},{"taxonomy":"post_tag","embeddable":true,"href":"https:\/\/isf.fo\/en\/wp-json\/wp\/v2\/tags?post=6912"}],"curies":[{"name":"wp","href":"https:\/\/api.w.org\/{rel}","templated":true}]}}