{"id":6950,"date":"2019-07-18T14:18:01","date_gmt":"2019-07-18T14:18:01","guid":{"rendered":"https:\/\/isf.fo\/?p=6950"},"modified":"2019-07-18T14:21:10","modified_gmt":"2019-07-18T14:21:10","slug":"6-foroyskir-idkarar-til-ol-fyri-ung","status":"publish","type":"post","link":"https:\/\/isf.fo\/en\/6-foroyskir-idkarar-til-ol-fyri-ung\/","title":{"rendered":"6 f\u00f8royskir \u00ed\u00f0karar til OL fyri ung"},"content":{"rendered":"<p>\u00cd d\u00f8gunum 21.-27. juli ver\u00f0ur europeiska OL fyri ung \u00ed Baku, Aserbadjan. \u00c1 fyrsta sinni luttaka \u00ed\u00f0karar \u00far F\u00f8royum. F\u00f8roysku \u00ed\u00f0kararnir luttaka \u00ed tveimum \u00edtr\u00f3ttagreinum \u2013 svimjing og judo.<\/p>\n<p>Talan er um st\u00f3rt frambrot fyri f\u00f8royskan \u00edtr\u00f3tt, og gevur lutt\u00f8kan f\u00f8royskum \u00ed\u00f0karum enn ein m\u00f8guleika, at kappast \u00e1 altj\u00f3\u00f0a leikv\u00f8llum.<\/p>\n<p>\u00cd\u00f0kararnir eru teir fyrstu f\u00f8roysku \u00ed\u00f0kararnir, sum luttaka til eina kapping \u00ed OL h\u00f8pi undir f\u00f8royskum flaggi. Sostatt eru luttakandi \u00ed\u00f0kararnir vi\u00f0 til, at skriva ein t\u00ed\u00f0andi part \u00ed f\u00f8royskari \u00edtr\u00f3ttas\u00f8gu.<\/p>\n<p>\u201dF\u00f8royska lutt\u00f8kan \u00ed europiska OL fyri ung er eitt av \u00farslitinum \u00ed strembanini hj\u00e1 \u00cdSF, at at f\u00e1a limaskap \u00ed altj\u00f3\u00f0a olympisku nevndini \u2013 IOC\u201d, sigur varaforsetin \u00ed \u00cdSF, Jon Hestoy.<\/p>\n<p><strong>F\u00f8royska luttakararnir<\/strong><\/p>\n<p>Judo:<\/p>\n<ul>\n<li>Bjarni Kyrri \u00d3lavson, Havnar Judofelag<\/li>\n<\/ul>\n<p>Svimjing:<\/p>\n<ul>\n<li>Elisabeth Erlendsd\u00f3ttir, Havnar Svimjifelag<\/li>\n<li>Kristina \u00ed Sk\u00e1la, Havnar Svimjifelag<\/li>\n<li>Rebekka Trygvad\u00f3ttir, \u00c6gir<\/li>\n<li>Ronja R\u00f3 \u00ed D\u00edmun, Havnar Svimjifelag<\/li>\n<li>Bartal Erlingsson Eidesgaard, Havnar Svimjifelag<\/li>\n<\/ul>\n<p>Fer\u00f0lei\u00f0ari \u00e1 t\u00farinum ver\u00f0ur Finnbj\u00f8rg Nattestad. Venjarar eru Petur Sigur\u00f0 Johannesen, Judo og Panagiotis Christou, Svimjing,<\/p>\n<p><strong>Fakta um OL fyri ung \u00ed Baku<\/strong><\/p>\n<p>European Youth Olympic Festival, sum europeiska OL fyri ung ver\u00f0ur kalla\u00f0, ver\u00f0ur \u00ed Baku, Aserbadjan fr\u00e1 21. til 27. juli. \u00cd alt kappast 3.600 ungd\u00f3mar \u00far 50 londum, \u00ed aldrinum 14-18 \u00e1r.<\/p>\n<p>M\u00f8guligt er at f\u00e1a meiri kunning um leikirnar \u00e1: <a href=\"https:\/\/eyofbaku2019.com\/\">https:\/\/eyofbaku2019.com\/<\/a><\/p>","protected":false},"excerpt":{"rendered":"<p>\u00cd d\u00f8gunum 21.-27. juli ver\u00f0ur europeiska OL fyri ung \u00ed Baku, Aserbadjan. \u00c1 fyrsta sinni luttaka \u00ed\u00f0karar \u00far F\u00f8royum. F\u00f8roysku [&hellip;]<\/p>\n","protected":false},"author":6,"featured_media":6953,"comment_status":"closed","ping_status":"closed","sticky":false,"template":"","format":"standard","meta":{"_acf_changed":false,"_relevanssi_hide_post":"","_relevanssi_hide_content":"","_relevanssi_pin_for_all":"","_relevanssi_pin_keywords":"","_relevanssi_unpin_keywords":"","_relevanssi_related_keywords":"","_relevanssi_related_include_ids":"","_relevanssi_related_exclude_ids":"","_relevanssi_related_no_append":"","_relevanssi_related_not_related":"","_relevanssi_related_posts":"","_relevanssi_noindex_reason":"","inline_featured_image":false,"footnotes":""},"categories":[5],"tags":[],"class_list":["post-6950","post","type-post","status-publish","format-standard","has-post-thumbnail","hentry","category-altjoda-vidurskifti"],"acf":[],"yoast_head":"<!-- This site is optimized with the Yoast SEO plugin v27.3 - https:\/\/yoast.com\/product\/yoast-seo-wordpress\/ -->\n<title>6 f\u00f8royskir \u00ed\u00f0karar til OL fyri ung - \u00cdtr\u00f3ttasamband F\u00f8roya<\/title>\n<meta name=\"robots\" content=\"index, follow, max-snippet:-1, max-image-preview:large, max-video-preview:-1\" \/>\n<link rel=\"canonical\" href=\"https:\/\/isf.fo\/en\/6-foroyskir-idkarar-til-ol-fyri-ung\/\" \/>\n<meta property=\"og:locale\" content=\"en_US\" \/>\n<meta property=\"og:type\" content=\"article\" \/>\n<meta property=\"og:title\" content=\"6 f\u00f8royskir \u00ed\u00f0karar til OL fyri ung - \u00cdtr\u00f3ttasamband F\u00f8roya\" \/>\n<meta property=\"og:description\" content=\"\u00cd d\u00f8gunum 21.-27. juli ver\u00f0ur europeiska OL fyri ung \u00ed Baku, Aserbadjan. \u00c1 fyrsta sinni luttaka \u00ed\u00f0karar \u00far F\u00f8royum. F\u00f8roysku [&hellip;]\" \/>\n<meta property=\"og:url\" content=\"https:\/\/isf.fo\/en\/6-foroyskir-idkarar-til-ol-fyri-ung\/\" \/>\n<meta property=\"og:site_name\" content=\"\u00cdtr\u00f3ttasamband F\u00f8roya\" \/>\n<meta property=\"article:publisher\" content=\"https:\/\/www.facebook.com\/itrottasambandid\" \/>\n<meta property=\"article:published_time\" content=\"2019-07-18T14:18:01+00:00\" \/>\n<meta property=\"article:modified_time\" content=\"2019-07-18T14:21:10+00:00\" \/>\n<meta property=\"og:image\" content=\"https:\/\/d21ockg4ri0hhk.cloudfront.net\/wp-content\/uploads\/2019\/07\/30192937\/logo-new-2-1-e1563459660804.png\" \/>\n\t<meta property=\"og:image:width\" content=\"1706\" \/>\n\t<meta property=\"og:image:height\" content=\"2423\" \/>\n\t<meta property=\"og:image:type\" content=\"image\/png\" \/>\n<meta name=\"author\" content=\"Petur Mitt\u00fan\" \/>\n<meta name=\"twitter:card\" content=\"summary_large_image\" \/>\n<meta name=\"twitter:label1\" content=\"Written by\" \/>\n\t<meta name=\"twitter:data1\" content=\"Petur Mitt\u00fan\" \/>\n\t<meta name=\"twitter:label2\" content=\"Est. reading time\" \/>\n\t<meta name=\"twitter:data2\" content=\"1 minute\" \/>\n<script type=\"application\/ld+json\" class=\"yoast-schema-graph\">{\"@context\":\"https:\\\/\\\/schema.org\",\"@graph\":[{\"@type\":\"Article\",\"@id\":\"https:\\\/\\\/isf.fo\\\/6-foroyskir-idkarar-til-ol-fyri-ung\\\/#article\",\"isPartOf\":{\"@id\":\"https:\\\/\\\/isf.fo\\\/6-foroyskir-idkarar-til-ol-fyri-ung\\\/\"},\"author\":{\"name\":\"Petur Mitt\u00fan\",\"@id\":\"https:\\\/\\\/isf.fo\\\/#\\\/schema\\\/person\\\/78ac1b623dbf0ace868a5dbcdaed016d\"},\"headline\":\"6 f\u00f8royskir \u00ed\u00f0karar til OL fyri ung\",\"datePublished\":\"2019-07-18T14:18:01+00:00\",\"dateModified\":\"2019-07-18T14:21:10+00:00\",\"mainEntityOfPage\":{\"@id\":\"https:\\\/\\\/isf.fo\\\/6-foroyskir-idkarar-til-ol-fyri-ung\\\/\"},\"wordCount\":232,\"publisher\":{\"@id\":\"https:\\\/\\\/isf.fo\\\/#organization\"},\"image\":{\"@id\":\"https:\\\/\\\/isf.fo\\\/6-foroyskir-idkarar-til-ol-fyri-ung\\\/#primaryimage\"},\"thumbnailUrl\":\"https:\\\/\\\/d21ockg4ri0hhk.cloudfront.net\\\/wp-content\\\/uploads\\\/2019\\\/07\\\/30192937\\\/logo-new-2-1-e1563459660804.png\",\"articleSection\":[\"Altj\u00f3\u00f0a vi\u00f0urskifti\"],\"inLanguage\":\"en-US\"},{\"@type\":\"WebPage\",\"@id\":\"https:\\\/\\\/isf.fo\\\/6-foroyskir-idkarar-til-ol-fyri-ung\\\/\",\"url\":\"https:\\\/\\\/isf.fo\\\/6-foroyskir-idkarar-til-ol-fyri-ung\\\/\",\"name\":\"6 f\u00f8royskir \u00ed\u00f0karar til OL fyri ung - \u00cdtr\u00f3ttasamband F\u00f8roya\",\"isPartOf\":{\"@id\":\"https:\\\/\\\/isf.fo\\\/#website\"},\"primaryImageOfPage\":{\"@id\":\"https:\\\/\\\/isf.fo\\\/6-foroyskir-idkarar-til-ol-fyri-ung\\\/#primaryimage\"},\"image\":{\"@id\":\"https:\\\/\\\/isf.fo\\\/6-foroyskir-idkarar-til-ol-fyri-ung\\\/#primaryimage\"},\"thumbnailUrl\":\"https:\\\/\\\/d21ockg4ri0hhk.cloudfront.net\\\/wp-content\\\/uploads\\\/2019\\\/07\\\/30192937\\\/logo-new-2-1-e1563459660804.png\",\"datePublished\":\"2019-07-18T14:18:01+00:00\",\"dateModified\":\"2019-07-18T14:21:10+00:00\",\"breadcrumb\":{\"@id\":\"https:\\\/\\\/isf.fo\\\/6-foroyskir-idkarar-til-ol-fyri-ung\\\/#breadcrumb\"},\"inLanguage\":\"en-US\",\"potentialAction\":[{\"@type\":\"ReadAction\",\"target\":[\"https:\\\/\\\/isf.fo\\\/6-foroyskir-idkarar-til-ol-fyri-ung\\\/\"]}]},{\"@type\":\"ImageObject\",\"inLanguage\":\"en-US\",\"@id\":\"https:\\\/\\\/isf.fo\\\/6-foroyskir-idkarar-til-ol-fyri-ung\\\/#primaryimage\",\"url\":\"https:\\\/\\\/d21ockg4ri0hhk.cloudfront.net\\\/wp-content\\\/uploads\\\/2019\\\/07\\\/30192937\\\/logo-new-2-1-e1563459660804.png\",\"contentUrl\":\"https:\\\/\\\/d21ockg4ri0hhk.cloudfront.net\\\/wp-content\\\/uploads\\\/2019\\\/07\\\/30192937\\\/logo-new-2-1-e1563459660804.png\",\"width\":1706,\"height\":2423},{\"@type\":\"BreadcrumbList\",\"@id\":\"https:\\\/\\\/isf.fo\\\/6-foroyskir-idkarar-til-ol-fyri-ung\\\/#breadcrumb\",\"itemListElement\":[{\"@type\":\"ListItem\",\"position\":1,\"name\":\"Home\",\"item\":\"https:\\\/\\\/isf.fo\\\/\"},{\"@type\":\"ListItem\",\"position\":2,\"name\":\"6 f\u00f8royskir \u00ed\u00f0karar til OL fyri ung\"}]},{\"@type\":\"WebSite\",\"@id\":\"https:\\\/\\\/isf.fo\\\/#website\",\"url\":\"https:\\\/\\\/isf.fo\\\/\",\"name\":\"\u00cdtr\u00f3ttasamband F\u00f8roya\",\"description\":\"\",\"publisher\":{\"@id\":\"https:\\\/\\\/isf.fo\\\/#organization\"},\"potentialAction\":[{\"@type\":\"SearchAction\",\"target\":{\"@type\":\"EntryPoint\",\"urlTemplate\":\"https:\\\/\\\/isf.fo\\\/?s={search_term_string}\"},\"query-input\":{\"@type\":\"PropertyValueSpecification\",\"valueRequired\":true,\"valueName\":\"search_term_string\"}}],\"inLanguage\":\"en-US\"},{\"@type\":\"Organization\",\"@id\":\"https:\\\/\\\/isf.fo\\\/#organization\",\"name\":\"\u00cdtr\u00f3ttasamband F\u00f8roya\",\"url\":\"https:\\\/\\\/isf.fo\\\/\",\"logo\":{\"@type\":\"ImageObject\",\"inLanguage\":\"en-US\",\"@id\":\"https:\\\/\\\/isf.fo\\\/#\\\/schema\\\/logo\\\/image\\\/\",\"url\":\"https:\\\/\\\/isf.fo\\\/wp-content\\\/uploads\\\/2025\\\/06\\\/ISF_Olympic-Committee-logo.png\",\"contentUrl\":\"https:\\\/\\\/isf.fo\\\/wp-content\\\/uploads\\\/2025\\\/06\\\/ISF_Olympic-Committee-logo.png\",\"width\":618,\"height\":121,\"caption\":\"\u00cdtr\u00f3ttasamband F\u00f8roya\"},\"image\":{\"@id\":\"https:\\\/\\\/isf.fo\\\/#\\\/schema\\\/logo\\\/image\\\/\"},\"sameAs\":[\"https:\\\/\\\/www.facebook.com\\\/itrottasambandid\"]},{\"@type\":\"Person\",\"@id\":\"https:\\\/\\\/isf.fo\\\/#\\\/schema\\\/person\\\/78ac1b623dbf0ace868a5dbcdaed016d\",\"name\":\"Petur Mitt\u00fan\",\"image\":{\"@type\":\"ImageObject\",\"inLanguage\":\"en-US\",\"@id\":\"https:\\\/\\\/secure.gravatar.com\\\/avatar\\\/6f731b65ffaeb1029d9436acc96fc12c3cef9200131daa85ab7762529a25d1d2?s=96&d=mm&r=g\",\"url\":\"https:\\\/\\\/secure.gravatar.com\\\/avatar\\\/6f731b65ffaeb1029d9436acc96fc12c3cef9200131daa85ab7762529a25d1d2?s=96&d=mm&r=g\",\"contentUrl\":\"https:\\\/\\\/secure.gravatar.com\\\/avatar\\\/6f731b65ffaeb1029d9436acc96fc12c3cef9200131daa85ab7762529a25d1d2?s=96&d=mm&r=g\",\"caption\":\"Petur Mitt\u00fan\"},\"url\":\"https:\\\/\\\/isf.fo\\\/en\\\/author\\\/petur\\\/\"}]}<\/script>\n<!-- \/ Yoast SEO plugin. -->","yoast_head_json":{"title":"6 f\u00f8royskir \u00ed\u00f0karar til OL fyri ung - \u00cdtr\u00f3ttasamband F\u00f8roya","robots":{"index":"index","follow":"follow","max-snippet":"max-snippet:-1","max-image-preview":"max-image-preview:large","max-video-preview":"max-video-preview:-1"},"canonical":"https:\/\/isf.fo\/en\/6-foroyskir-idkarar-til-ol-fyri-ung\/","og_locale":"en_US","og_type":"article","og_title":"6 f\u00f8royskir \u00ed\u00f0karar til OL fyri ung - \u00cdtr\u00f3ttasamband F\u00f8roya","og_description":"\u00cd d\u00f8gunum 21.-27. juli ver\u00f0ur europeiska OL fyri ung \u00ed Baku, Aserbadjan. \u00c1 fyrsta sinni luttaka \u00ed\u00f0karar \u00far F\u00f8royum. F\u00f8roysku [&hellip;]","og_url":"https:\/\/isf.fo\/en\/6-foroyskir-idkarar-til-ol-fyri-ung\/","og_site_name":"\u00cdtr\u00f3ttasamband F\u00f8roya","article_publisher":"https:\/\/www.facebook.com\/itrottasambandid","article_published_time":"2019-07-18T14:18:01+00:00","article_modified_time":"2019-07-18T14:21:10+00:00","og_image":[{"width":1706,"height":2423,"url":"https:\/\/d21ockg4ri0hhk.cloudfront.net\/wp-content\/uploads\/2019\/07\/30192937\/logo-new-2-1-e1563459660804.png","type":"image\/png"}],"author":"Petur Mitt\u00fan","twitter_card":"summary_large_image","twitter_misc":{"Written by":"Petur Mitt\u00fan","Est. reading time":"1 minute"},"schema":{"@context":"https:\/\/schema.org","@graph":[{"@type":"Article","@id":"https:\/\/isf.fo\/6-foroyskir-idkarar-til-ol-fyri-ung\/#article","isPartOf":{"@id":"https:\/\/isf.fo\/6-foroyskir-idkarar-til-ol-fyri-ung\/"},"author":{"name":"Petur Mitt\u00fan","@id":"https:\/\/isf.fo\/#\/schema\/person\/78ac1b623dbf0ace868a5dbcdaed016d"},"headline":"6 f\u00f8royskir \u00ed\u00f0karar til OL fyri ung","datePublished":"2019-07-18T14:18:01+00:00","dateModified":"2019-07-18T14:21:10+00:00","mainEntityOfPage":{"@id":"https:\/\/isf.fo\/6-foroyskir-idkarar-til-ol-fyri-ung\/"},"wordCount":232,"publisher":{"@id":"https:\/\/isf.fo\/#organization"},"image":{"@id":"https:\/\/isf.fo\/6-foroyskir-idkarar-til-ol-fyri-ung\/#primaryimage"},"thumbnailUrl":"https:\/\/d21ockg4ri0hhk.cloudfront.net\/wp-content\/uploads\/2019\/07\/30192937\/logo-new-2-1-e1563459660804.png","articleSection":["Altj\u00f3\u00f0a vi\u00f0urskifti"],"inLanguage":"en-US"},{"@type":"WebPage","@id":"https:\/\/isf.fo\/6-foroyskir-idkarar-til-ol-fyri-ung\/","url":"https:\/\/isf.fo\/6-foroyskir-idkarar-til-ol-fyri-ung\/","name":"6 f\u00f8royskir \u00ed\u00f0karar til OL fyri ung - \u00cdtr\u00f3ttasamband F\u00f8roya","isPartOf":{"@id":"https:\/\/isf.fo\/#website"},"primaryImageOfPage":{"@id":"https:\/\/isf.fo\/6-foroyskir-idkarar-til-ol-fyri-ung\/#primaryimage"},"image":{"@id":"https:\/\/isf.fo\/6-foroyskir-idkarar-til-ol-fyri-ung\/#primaryimage"},"thumbnailUrl":"https:\/\/d21ockg4ri0hhk.cloudfront.net\/wp-content\/uploads\/2019\/07\/30192937\/logo-new-2-1-e1563459660804.png","datePublished":"2019-07-18T14:18:01+00:00","dateModified":"2019-07-18T14:21:10+00:00","breadcrumb":{"@id":"https:\/\/isf.fo\/6-foroyskir-idkarar-til-ol-fyri-ung\/#breadcrumb"},"inLanguage":"en-US","potentialAction":[{"@type":"ReadAction","target":["https:\/\/isf.fo\/6-foroyskir-idkarar-til-ol-fyri-ung\/"]}]},{"@type":"ImageObject","inLanguage":"en-US","@id":"https:\/\/isf.fo\/6-foroyskir-idkarar-til-ol-fyri-ung\/#primaryimage","url":"https:\/\/d21ockg4ri0hhk.cloudfront.net\/wp-content\/uploads\/2019\/07\/30192937\/logo-new-2-1-e1563459660804.png","contentUrl":"https:\/\/d21ockg4ri0hhk.cloudfront.net\/wp-content\/uploads\/2019\/07\/30192937\/logo-new-2-1-e1563459660804.png","width":1706,"height":2423},{"@type":"BreadcrumbList","@id":"https:\/\/isf.fo\/6-foroyskir-idkarar-til-ol-fyri-ung\/#breadcrumb","itemListElement":[{"@type":"ListItem","position":1,"name":"Home","item":"https:\/\/isf.fo\/"},{"@type":"ListItem","position":2,"name":"6 f\u00f8royskir \u00ed\u00f0karar til OL fyri ung"}]},{"@type":"WebSite","@id":"https:\/\/isf.fo\/#website","url":"https:\/\/isf.fo\/","name":"\u00cdtr\u00f3ttasamband F\u00f8roya","description":"","publisher":{"@id":"https:\/\/isf.fo\/#organization"},"potentialAction":[{"@type":"SearchAction","target":{"@type":"EntryPoint","urlTemplate":"https:\/\/isf.fo\/?s={search_term_string}"},"query-input":{"@type":"PropertyValueSpecification","valueRequired":true,"valueName":"search_term_string"}}],"inLanguage":"en-US"},{"@type":"Organization","@id":"https:\/\/isf.fo\/#organization","name":"\u00cdtr\u00f3ttasamband F\u00f8roya","url":"https:\/\/isf.fo\/","logo":{"@type":"ImageObject","inLanguage":"en-US","@id":"https:\/\/isf.fo\/#\/schema\/logo\/image\/","url":"https:\/\/isf.fo\/wp-content\/uploads\/2025\/06\/ISF_Olympic-Committee-logo.png","contentUrl":"https:\/\/isf.fo\/wp-content\/uploads\/2025\/06\/ISF_Olympic-Committee-logo.png","width":618,"height":121,"caption":"\u00cdtr\u00f3ttasamband F\u00f8roya"},"image":{"@id":"https:\/\/isf.fo\/#\/schema\/logo\/image\/"},"sameAs":["https:\/\/www.facebook.com\/itrottasambandid"]},{"@type":"Person","@id":"https:\/\/isf.fo\/#\/schema\/person\/78ac1b623dbf0ace868a5dbcdaed016d","name":"Petur Mitt\u00fan","image":{"@type":"ImageObject","inLanguage":"en-US","@id":"https:\/\/secure.gravatar.com\/avatar\/6f731b65ffaeb1029d9436acc96fc12c3cef9200131daa85ab7762529a25d1d2?s=96&d=mm&r=g","url":"https:\/\/secure.gravatar.com\/avatar\/6f731b65ffaeb1029d9436acc96fc12c3cef9200131daa85ab7762529a25d1d2?s=96&d=mm&r=g","contentUrl":"https:\/\/secure.gravatar.com\/avatar\/6f731b65ffaeb1029d9436acc96fc12c3cef9200131daa85ab7762529a25d1d2?s=96&d=mm&r=g","caption":"Petur Mitt\u00fan"},"url":"https:\/\/isf.fo\/en\/author\/petur\/"}]}},"_links":{"self":[{"href":"https:\/\/isf.fo\/en\/wp-json\/wp\/v2\/posts\/6950","targetHints":{"allow":["GET"]}}],"collection":[{"href":"https:\/\/isf.fo\/en\/wp-json\/wp\/v2\/posts"}],"about":[{"href":"https:\/\/isf.fo\/en\/wp-json\/wp\/v2\/types\/post"}],"author":[{"embeddable":true,"href":"https:\/\/isf.fo\/en\/wp-json\/wp\/v2\/users\/6"}],"replies":[{"embeddable":true,"href":"https:\/\/isf.fo\/en\/wp-json\/wp\/v2\/comments?post=6950"}],"version-history":[{"count":1,"href":"https:\/\/isf.fo\/en\/wp-json\/wp\/v2\/posts\/6950\/revisions"}],"predecessor-version":[{"id":6952,"href":"https:\/\/isf.fo\/en\/wp-json\/wp\/v2\/posts\/6950\/revisions\/6952"}],"wp:featuredmedia":[{"embeddable":true,"href":"https:\/\/isf.fo\/en\/wp-json\/wp\/v2\/media\/6953"}],"wp:attachment":[{"href":"https:\/\/isf.fo\/en\/wp-json\/wp\/v2\/media?parent=6950"}],"wp:term":[{"taxonomy":"category","embeddable":true,"href":"https:\/\/isf.fo\/en\/wp-json\/wp\/v2\/categories?post=6950"},{"taxonomy":"post_tag","embeddable":true,"href":"https:\/\/isf.fo\/en\/wp-json\/wp\/v2\/tags?post=6950"}],"curies":[{"name":"wp","href":"https:\/\/api.w.org\/{rel}","templated":true}]}}