{"id":7305,"date":"2020-03-23T09:41:15","date_gmt":"2020-03-23T09:41:15","guid":{"rendered":"https:\/\/isf.fo\/?p=7305"},"modified":"2020-03-23T09:48:37","modified_gmt":"2020-03-23T09:48:37","slug":"isf-tekur-undir-vid-at-leingja-corona-tiltokini","status":"publish","type":"post","link":"https:\/\/isf.fo\/en\/isf-tekur-undir-vid-at-leingja-corona-tiltokini\/","title":{"rendered":"\u00cdSF tekur undir vi\u00f0 at leingja corona-tilt\u00f8kini"},"content":{"rendered":"<h3><strong>\u00cdSF tekur undir vi\u00f0 at leingja corona-tilt\u00f8kini<\/strong><\/h3>\n<p><em>Allar \u00edtr\u00f3ttagreinar halda ste\u00f0g, so leingi myndugleikarnir m\u00e6la fr\u00e1, at f\u00f3lk savnast \u2013 t.v.s. \u00ed \u00f8llum f\u00f8rum til og vi\u00f0 13. apr\u00edl <\/em><\/p>\n<p>So leingi almennu myndugleikarnir m\u00e6la f\u00f3lki fr\u00e1 at savnast, so leingi stendur ste\u00f0gurin \u00ed f\u00f8royska \u00edtr\u00f3ttaheiminum vi\u00f0. \u00cdtr\u00f3ttasamband F\u00f8roya leggur dent \u00e1, at \u00f8ll fel\u00f8g og sambond innan \u00cdSF vir\u00f0a seinastu almennu tilr\u00e1\u00f0ingarnar.<\/p>\n<p>Ta\u00f0 merkir, at venjingar, dystir, kappingar og annars \u00f8ll \u00edtr\u00f3ttatilt\u00f8k \u2013 b\u00e6\u00f0i innandura og uttandura \u2013\u00a0 \u00ed \u00f8llum deildum og aldursb\u00f3lkum halda ste\u00f0g \u00ed \u00f8llum f\u00f8rum til og vi\u00f0 13. apr\u00edl, sum er seinasta tilr\u00e1\u00f0ingin fr\u00e1 almennu myndugleikunum.<\/p>\n<p>&#8211; N\u00fa eigur eingin at slaka. Vit taka framvegis \u00e1byrgd og vilja vera vi\u00f0 til at skerja smittuvandan. St\u00f8\u00f0an skal framvegis takast \u00ed st\u00f8rsta \u00e1lvara. Samfelagssinni er framvegis lyklaor\u00f0i\u00f0 her, sigur Elin He\u00f0insd\u00f3ttir Joensen, \u00cdSF-forseti.<\/p>","protected":false},"excerpt":{"rendered":"<p>\u00cdSF tekur undir vi\u00f0 at leingja corona-tilt\u00f8kini Allar \u00edtr\u00f3ttagreinar halda ste\u00f0g, so leingi myndugleikarnir m\u00e6la fr\u00e1, at f\u00f3lk savnast \u2013 [&hellip;]<\/p>\n","protected":false},"author":6,"featured_media":7285,"comment_status":"closed","ping_status":"closed","sticky":false,"template":"","format":"standard","meta":{"_acf_changed":false,"_relevanssi_hide_post":"","_relevanssi_hide_content":"","_relevanssi_pin_for_all":"","_relevanssi_pin_keywords":"","_relevanssi_unpin_keywords":"","_relevanssi_related_keywords":"","_relevanssi_related_include_ids":"","_relevanssi_related_exclude_ids":"","_relevanssi_related_no_append":"","_relevanssi_related_not_related":"","_relevanssi_related_posts":"","_relevanssi_noindex_reason":"","inline_featured_image":false,"footnotes":""},"categories":[1],"tags":[],"class_list":["post-7305","post","type-post","status-publish","format-standard","has-post-thumbnail","hentry","category-uncategorized"],"acf":[],"yoast_head":"<!-- This site is optimized with the Yoast SEO plugin v27.5 - https:\/\/yoast.com\/product\/yoast-seo-wordpress\/ -->\n<title>\u00cdSF tekur undir vi\u00f0 at leingja corona-tilt\u00f8kini - \u00cdtr\u00f3ttasamband F\u00f8roya<\/title>\n<meta name=\"robots\" content=\"index, follow, max-snippet:-1, max-image-preview:large, max-video-preview:-1\" \/>\n<link rel=\"canonical\" href=\"https:\/\/isf.fo\/en\/isf-tekur-undir-vid-at-leingja-corona-tiltokini\/\" \/>\n<meta property=\"og:locale\" content=\"en_US\" \/>\n<meta property=\"og:type\" content=\"article\" \/>\n<meta property=\"og:title\" content=\"\u00cdSF tekur undir vi\u00f0 at leingja corona-tilt\u00f8kini - \u00cdtr\u00f3ttasamband F\u00f8roya\" \/>\n<meta property=\"og:description\" content=\"\u00cdSF tekur undir vi\u00f0 at leingja corona-tilt\u00f8kini Allar \u00edtr\u00f3ttagreinar halda ste\u00f0g, so leingi myndugleikarnir m\u00e6la fr\u00e1, at f\u00f3lk savnast \u2013 [&hellip;]\" \/>\n<meta property=\"og:url\" content=\"https:\/\/isf.fo\/en\/isf-tekur-undir-vid-at-leingja-corona-tiltokini\/\" \/>\n<meta property=\"og:site_name\" content=\"\u00cdtr\u00f3ttasamband F\u00f8roya\" \/>\n<meta property=\"article:publisher\" content=\"https:\/\/www.facebook.com\/itrottasambandid\" \/>\n<meta property=\"article:published_time\" content=\"2020-03-23T09:41:15+00:00\" \/>\n<meta property=\"article:modified_time\" content=\"2020-03-23T09:48:37+00:00\" \/>\n<meta property=\"og:image\" content=\"https:\/\/d21ockg4ri0hhk.cloudfront.net\/wp-content\/uploads\/2020\/03\/30192837\/corona-virus.jpg\" \/>\n\t<meta property=\"og:image:width\" content=\"1024\" \/>\n\t<meta property=\"og:image:height\" content=\"576\" \/>\n\t<meta property=\"og:image:type\" content=\"image\/jpeg\" \/>\n<meta name=\"author\" content=\"Petur Mitt\u00fan\" \/>\n<meta name=\"twitter:card\" content=\"summary_large_image\" \/>\n<meta name=\"twitter:label1\" content=\"Written by\" \/>\n\t<meta name=\"twitter:data1\" content=\"Petur Mitt\u00fan\" \/>\n\t<meta name=\"twitter:label2\" content=\"Est. reading time\" \/>\n\t<meta name=\"twitter:data2\" content=\"1 minute\" \/>\n<script type=\"application\/ld+json\" class=\"yoast-schema-graph\">{\"@context\":\"https:\\\/\\\/schema.org\",\"@graph\":[{\"@type\":\"Article\",\"@id\":\"https:\\\/\\\/isf.fo\\\/isf-tekur-undir-vid-at-leingja-corona-tiltokini\\\/#article\",\"isPartOf\":{\"@id\":\"https:\\\/\\\/isf.fo\\\/isf-tekur-undir-vid-at-leingja-corona-tiltokini\\\/\"},\"author\":{\"name\":\"Petur Mitt\u00fan\",\"@id\":\"https:\\\/\\\/isf.fo\\\/#\\\/schema\\\/person\\\/78ac1b623dbf0ace868a5dbcdaed016d\"},\"headline\":\"\u00cdSF tekur undir vi\u00f0 at leingja corona-tilt\u00f8kini\",\"datePublished\":\"2020-03-23T09:41:15+00:00\",\"dateModified\":\"2020-03-23T09:48:37+00:00\",\"mainEntityOfPage\":{\"@id\":\"https:\\\/\\\/isf.fo\\\/isf-tekur-undir-vid-at-leingja-corona-tiltokini\\\/\"},\"wordCount\":164,\"publisher\":{\"@id\":\"https:\\\/\\\/isf.fo\\\/#organization\"},\"image\":{\"@id\":\"https:\\\/\\\/isf.fo\\\/isf-tekur-undir-vid-at-leingja-corona-tiltokini\\\/#primaryimage\"},\"thumbnailUrl\":\"https:\\\/\\\/d21ockg4ri0hhk.cloudfront.net\\\/wp-content\\\/uploads\\\/2020\\\/03\\\/30192837\\\/corona-virus.jpg\",\"articleSection\":[\"Ikki b\u00f3lka\"],\"inLanguage\":\"en-US\"},{\"@type\":\"WebPage\",\"@id\":\"https:\\\/\\\/isf.fo\\\/isf-tekur-undir-vid-at-leingja-corona-tiltokini\\\/\",\"url\":\"https:\\\/\\\/isf.fo\\\/isf-tekur-undir-vid-at-leingja-corona-tiltokini\\\/\",\"name\":\"\u00cdSF tekur undir vi\u00f0 at leingja corona-tilt\u00f8kini - \u00cdtr\u00f3ttasamband F\u00f8roya\",\"isPartOf\":{\"@id\":\"https:\\\/\\\/isf.fo\\\/#website\"},\"primaryImageOfPage\":{\"@id\":\"https:\\\/\\\/isf.fo\\\/isf-tekur-undir-vid-at-leingja-corona-tiltokini\\\/#primaryimage\"},\"image\":{\"@id\":\"https:\\\/\\\/isf.fo\\\/isf-tekur-undir-vid-at-leingja-corona-tiltokini\\\/#primaryimage\"},\"thumbnailUrl\":\"https:\\\/\\\/d21ockg4ri0hhk.cloudfront.net\\\/wp-content\\\/uploads\\\/2020\\\/03\\\/30192837\\\/corona-virus.jpg\",\"datePublished\":\"2020-03-23T09:41:15+00:00\",\"dateModified\":\"2020-03-23T09:48:37+00:00\",\"breadcrumb\":{\"@id\":\"https:\\\/\\\/isf.fo\\\/isf-tekur-undir-vid-at-leingja-corona-tiltokini\\\/#breadcrumb\"},\"inLanguage\":\"en-US\",\"potentialAction\":[{\"@type\":\"ReadAction\",\"target\":[\"https:\\\/\\\/isf.fo\\\/isf-tekur-undir-vid-at-leingja-corona-tiltokini\\\/\"]}]},{\"@type\":\"ImageObject\",\"inLanguage\":\"en-US\",\"@id\":\"https:\\\/\\\/isf.fo\\\/isf-tekur-undir-vid-at-leingja-corona-tiltokini\\\/#primaryimage\",\"url\":\"https:\\\/\\\/d21ockg4ri0hhk.cloudfront.net\\\/wp-content\\\/uploads\\\/2020\\\/03\\\/30192837\\\/corona-virus.jpg\",\"contentUrl\":\"https:\\\/\\\/d21ockg4ri0hhk.cloudfront.net\\\/wp-content\\\/uploads\\\/2020\\\/03\\\/30192837\\\/corona-virus.jpg\",\"width\":1024,\"height\":576},{\"@type\":\"BreadcrumbList\",\"@id\":\"https:\\\/\\\/isf.fo\\\/isf-tekur-undir-vid-at-leingja-corona-tiltokini\\\/#breadcrumb\",\"itemListElement\":[{\"@type\":\"ListItem\",\"position\":1,\"name\":\"Home\",\"item\":\"https:\\\/\\\/isf.fo\\\/\"},{\"@type\":\"ListItem\",\"position\":2,\"name\":\"\u00cdSF tekur undir vi\u00f0 at leingja corona-tilt\u00f8kini\"}]},{\"@type\":\"WebSite\",\"@id\":\"https:\\\/\\\/isf.fo\\\/#website\",\"url\":\"https:\\\/\\\/isf.fo\\\/\",\"name\":\"\u00cdtr\u00f3ttasamband F\u00f8roya\",\"description\":\"\",\"publisher\":{\"@id\":\"https:\\\/\\\/isf.fo\\\/#organization\"},\"potentialAction\":[{\"@type\":\"SearchAction\",\"target\":{\"@type\":\"EntryPoint\",\"urlTemplate\":\"https:\\\/\\\/isf.fo\\\/?s={search_term_string}\"},\"query-input\":{\"@type\":\"PropertyValueSpecification\",\"valueRequired\":true,\"valueName\":\"search_term_string\"}}],\"inLanguage\":\"en-US\"},{\"@type\":\"Organization\",\"@id\":\"https:\\\/\\\/isf.fo\\\/#organization\",\"name\":\"\u00cdtr\u00f3ttasamband F\u00f8roya\",\"url\":\"https:\\\/\\\/isf.fo\\\/\",\"logo\":{\"@type\":\"ImageObject\",\"inLanguage\":\"en-US\",\"@id\":\"https:\\\/\\\/isf.fo\\\/#\\\/schema\\\/logo\\\/image\\\/\",\"url\":\"https:\\\/\\\/isf.fo\\\/wp-content\\\/uploads\\\/2025\\\/06\\\/ISF_Olympic-Committee-logo.png\",\"contentUrl\":\"https:\\\/\\\/isf.fo\\\/wp-content\\\/uploads\\\/2025\\\/06\\\/ISF_Olympic-Committee-logo.png\",\"width\":618,\"height\":121,\"caption\":\"\u00cdtr\u00f3ttasamband F\u00f8roya\"},\"image\":{\"@id\":\"https:\\\/\\\/isf.fo\\\/#\\\/schema\\\/logo\\\/image\\\/\"},\"sameAs\":[\"https:\\\/\\\/www.facebook.com\\\/itrottasambandid\"]},{\"@type\":\"Person\",\"@id\":\"https:\\\/\\\/isf.fo\\\/#\\\/schema\\\/person\\\/78ac1b623dbf0ace868a5dbcdaed016d\",\"name\":\"Petur Mitt\u00fan\",\"image\":{\"@type\":\"ImageObject\",\"inLanguage\":\"en-US\",\"@id\":\"https:\\\/\\\/secure.gravatar.com\\\/avatar\\\/6f731b65ffaeb1029d9436acc96fc12c3cef9200131daa85ab7762529a25d1d2?s=96&d=mm&r=g\",\"url\":\"https:\\\/\\\/secure.gravatar.com\\\/avatar\\\/6f731b65ffaeb1029d9436acc96fc12c3cef9200131daa85ab7762529a25d1d2?s=96&d=mm&r=g\",\"contentUrl\":\"https:\\\/\\\/secure.gravatar.com\\\/avatar\\\/6f731b65ffaeb1029d9436acc96fc12c3cef9200131daa85ab7762529a25d1d2?s=96&d=mm&r=g\",\"caption\":\"Petur Mitt\u00fan\"},\"url\":\"https:\\\/\\\/isf.fo\\\/en\\\/author\\\/petur\\\/\"}]}<\/script>\n<!-- \/ Yoast SEO plugin. -->","yoast_head_json":{"title":"\u00cdSF tekur undir vi\u00f0 at leingja corona-tilt\u00f8kini - \u00cdtr\u00f3ttasamband F\u00f8roya","robots":{"index":"index","follow":"follow","max-snippet":"max-snippet:-1","max-image-preview":"max-image-preview:large","max-video-preview":"max-video-preview:-1"},"canonical":"https:\/\/isf.fo\/en\/isf-tekur-undir-vid-at-leingja-corona-tiltokini\/","og_locale":"en_US","og_type":"article","og_title":"\u00cdSF tekur undir vi\u00f0 at leingja corona-tilt\u00f8kini - \u00cdtr\u00f3ttasamband F\u00f8roya","og_description":"\u00cdSF tekur undir vi\u00f0 at leingja corona-tilt\u00f8kini Allar \u00edtr\u00f3ttagreinar halda ste\u00f0g, so leingi myndugleikarnir m\u00e6la fr\u00e1, at f\u00f3lk savnast \u2013 [&hellip;]","og_url":"https:\/\/isf.fo\/en\/isf-tekur-undir-vid-at-leingja-corona-tiltokini\/","og_site_name":"\u00cdtr\u00f3ttasamband F\u00f8roya","article_publisher":"https:\/\/www.facebook.com\/itrottasambandid","article_published_time":"2020-03-23T09:41:15+00:00","article_modified_time":"2020-03-23T09:48:37+00:00","og_image":[{"width":1024,"height":576,"url":"https:\/\/d21ockg4ri0hhk.cloudfront.net\/wp-content\/uploads\/2020\/03\/30192837\/corona-virus.jpg","type":"image\/jpeg"}],"author":"Petur Mitt\u00fan","twitter_card":"summary_large_image","twitter_misc":{"Written by":"Petur Mitt\u00fan","Est. reading time":"1 minute"},"schema":{"@context":"https:\/\/schema.org","@graph":[{"@type":"Article","@id":"https:\/\/isf.fo\/isf-tekur-undir-vid-at-leingja-corona-tiltokini\/#article","isPartOf":{"@id":"https:\/\/isf.fo\/isf-tekur-undir-vid-at-leingja-corona-tiltokini\/"},"author":{"name":"Petur Mitt\u00fan","@id":"https:\/\/isf.fo\/#\/schema\/person\/78ac1b623dbf0ace868a5dbcdaed016d"},"headline":"\u00cdSF tekur undir vi\u00f0 at leingja corona-tilt\u00f8kini","datePublished":"2020-03-23T09:41:15+00:00","dateModified":"2020-03-23T09:48:37+00:00","mainEntityOfPage":{"@id":"https:\/\/isf.fo\/isf-tekur-undir-vid-at-leingja-corona-tiltokini\/"},"wordCount":164,"publisher":{"@id":"https:\/\/isf.fo\/#organization"},"image":{"@id":"https:\/\/isf.fo\/isf-tekur-undir-vid-at-leingja-corona-tiltokini\/#primaryimage"},"thumbnailUrl":"https:\/\/d21ockg4ri0hhk.cloudfront.net\/wp-content\/uploads\/2020\/03\/30192837\/corona-virus.jpg","articleSection":["Ikki b\u00f3lka"],"inLanguage":"en-US"},{"@type":"WebPage","@id":"https:\/\/isf.fo\/isf-tekur-undir-vid-at-leingja-corona-tiltokini\/","url":"https:\/\/isf.fo\/isf-tekur-undir-vid-at-leingja-corona-tiltokini\/","name":"\u00cdSF tekur undir vi\u00f0 at leingja corona-tilt\u00f8kini - \u00cdtr\u00f3ttasamband F\u00f8roya","isPartOf":{"@id":"https:\/\/isf.fo\/#website"},"primaryImageOfPage":{"@id":"https:\/\/isf.fo\/isf-tekur-undir-vid-at-leingja-corona-tiltokini\/#primaryimage"},"image":{"@id":"https:\/\/isf.fo\/isf-tekur-undir-vid-at-leingja-corona-tiltokini\/#primaryimage"},"thumbnailUrl":"https:\/\/d21ockg4ri0hhk.cloudfront.net\/wp-content\/uploads\/2020\/03\/30192837\/corona-virus.jpg","datePublished":"2020-03-23T09:41:15+00:00","dateModified":"2020-03-23T09:48:37+00:00","breadcrumb":{"@id":"https:\/\/isf.fo\/isf-tekur-undir-vid-at-leingja-corona-tiltokini\/#breadcrumb"},"inLanguage":"en-US","potentialAction":[{"@type":"ReadAction","target":["https:\/\/isf.fo\/isf-tekur-undir-vid-at-leingja-corona-tiltokini\/"]}]},{"@type":"ImageObject","inLanguage":"en-US","@id":"https:\/\/isf.fo\/isf-tekur-undir-vid-at-leingja-corona-tiltokini\/#primaryimage","url":"https:\/\/d21ockg4ri0hhk.cloudfront.net\/wp-content\/uploads\/2020\/03\/30192837\/corona-virus.jpg","contentUrl":"https:\/\/d21ockg4ri0hhk.cloudfront.net\/wp-content\/uploads\/2020\/03\/30192837\/corona-virus.jpg","width":1024,"height":576},{"@type":"BreadcrumbList","@id":"https:\/\/isf.fo\/isf-tekur-undir-vid-at-leingja-corona-tiltokini\/#breadcrumb","itemListElement":[{"@type":"ListItem","position":1,"name":"Home","item":"https:\/\/isf.fo\/"},{"@type":"ListItem","position":2,"name":"\u00cdSF tekur undir vi\u00f0 at leingja corona-tilt\u00f8kini"}]},{"@type":"WebSite","@id":"https:\/\/isf.fo\/#website","url":"https:\/\/isf.fo\/","name":"\u00cdtr\u00f3ttasamband F\u00f8roya","description":"","publisher":{"@id":"https:\/\/isf.fo\/#organization"},"potentialAction":[{"@type":"SearchAction","target":{"@type":"EntryPoint","urlTemplate":"https:\/\/isf.fo\/?s={search_term_string}"},"query-input":{"@type":"PropertyValueSpecification","valueRequired":true,"valueName":"search_term_string"}}],"inLanguage":"en-US"},{"@type":"Organization","@id":"https:\/\/isf.fo\/#organization","name":"\u00cdtr\u00f3ttasamband F\u00f8roya","url":"https:\/\/isf.fo\/","logo":{"@type":"ImageObject","inLanguage":"en-US","@id":"https:\/\/isf.fo\/#\/schema\/logo\/image\/","url":"https:\/\/isf.fo\/wp-content\/uploads\/2025\/06\/ISF_Olympic-Committee-logo.png","contentUrl":"https:\/\/isf.fo\/wp-content\/uploads\/2025\/06\/ISF_Olympic-Committee-logo.png","width":618,"height":121,"caption":"\u00cdtr\u00f3ttasamband F\u00f8roya"},"image":{"@id":"https:\/\/isf.fo\/#\/schema\/logo\/image\/"},"sameAs":["https:\/\/www.facebook.com\/itrottasambandid"]},{"@type":"Person","@id":"https:\/\/isf.fo\/#\/schema\/person\/78ac1b623dbf0ace868a5dbcdaed016d","name":"Petur Mitt\u00fan","image":{"@type":"ImageObject","inLanguage":"en-US","@id":"https:\/\/secure.gravatar.com\/avatar\/6f731b65ffaeb1029d9436acc96fc12c3cef9200131daa85ab7762529a25d1d2?s=96&d=mm&r=g","url":"https:\/\/secure.gravatar.com\/avatar\/6f731b65ffaeb1029d9436acc96fc12c3cef9200131daa85ab7762529a25d1d2?s=96&d=mm&r=g","contentUrl":"https:\/\/secure.gravatar.com\/avatar\/6f731b65ffaeb1029d9436acc96fc12c3cef9200131daa85ab7762529a25d1d2?s=96&d=mm&r=g","caption":"Petur Mitt\u00fan"},"url":"https:\/\/isf.fo\/en\/author\/petur\/"}]}},"_links":{"self":[{"href":"https:\/\/isf.fo\/en\/wp-json\/wp\/v2\/posts\/7305","targetHints":{"allow":["GET"]}}],"collection":[{"href":"https:\/\/isf.fo\/en\/wp-json\/wp\/v2\/posts"}],"about":[{"href":"https:\/\/isf.fo\/en\/wp-json\/wp\/v2\/types\/post"}],"author":[{"embeddable":true,"href":"https:\/\/isf.fo\/en\/wp-json\/wp\/v2\/users\/6"}],"replies":[{"embeddable":true,"href":"https:\/\/isf.fo\/en\/wp-json\/wp\/v2\/comments?post=7305"}],"version-history":[{"count":2,"href":"https:\/\/isf.fo\/en\/wp-json\/wp\/v2\/posts\/7305\/revisions"}],"predecessor-version":[{"id":7307,"href":"https:\/\/isf.fo\/en\/wp-json\/wp\/v2\/posts\/7305\/revisions\/7307"}],"wp:featuredmedia":[{"embeddable":true,"href":"https:\/\/isf.fo\/en\/wp-json\/wp\/v2\/media\/7285"}],"wp:attachment":[{"href":"https:\/\/isf.fo\/en\/wp-json\/wp\/v2\/media?parent=7305"}],"wp:term":[{"taxonomy":"category","embeddable":true,"href":"https:\/\/isf.fo\/en\/wp-json\/wp\/v2\/categories?post=7305"},{"taxonomy":"post_tag","embeddable":true,"href":"https:\/\/isf.fo\/en\/wp-json\/wp\/v2\/tags?post=7305"}],"curies":[{"name":"wp","href":"https:\/\/api.w.org\/{rel}","templated":true}]}}