{"id":7372,"date":"2020-05-07T11:40:26","date_gmt":"2020-05-07T11:40:26","guid":{"rendered":"https:\/\/isf.fo\/?p=7372"},"modified":"2020-05-22T09:47:56","modified_gmt":"2020-05-22T09:47:56","slug":"frabodan-arsadalfundur-2020","status":"publish","type":"post","link":"https:\/\/isf.fo\/en\/frabodan-arsadalfundur-2020\/","title":{"rendered":"Fr\u00e1bo\u00f0an &#8211; \u00e1rsa\u00f0alfundur 2020"},"content":{"rendered":"<p>V\u00edsandi til grein 9 \u00ed Evstul\u00f3g<\/p>\n<p>ver\u00f0ur vi\u00f0 hesum l\u00fdst til a\u00f0alfundar<\/p>\n<p><b>leygardagin 30. mai 2020 kl 11.00<\/b><\/p>\n<p>\u00e1 Panorama, Hotel Hafnia<\/p>\n<p><strong>Starvsnevndin<\/strong><\/p>","protected":false},"excerpt":{"rendered":"<p>V\u00edsandi til grein 9 \u00ed Evstul\u00f3g ver\u00f0ur vi\u00f0 hesum l\u00fdst til a\u00f0alfundar leygardagin 30. mai 2020 kl 11.00 \u00e1 Panorama, [&hellip;]<\/p>\n","protected":false},"author":7,"featured_media":7373,"comment_status":"closed","ping_status":"closed","sticky":false,"template":"","format":"standard","meta":{"_acf_changed":false,"_relevanssi_hide_post":"","_relevanssi_hide_content":"","_relevanssi_pin_for_all":"","_relevanssi_pin_keywords":"","_relevanssi_unpin_keywords":"","_relevanssi_related_keywords":"","_relevanssi_related_include_ids":"","_relevanssi_related_exclude_ids":"","_relevanssi_related_no_append":"","_relevanssi_related_not_related":"","_relevanssi_related_posts":"","_relevanssi_noindex_reason":"","inline_featured_image":false,"footnotes":""},"categories":[2],"tags":[100,99],"class_list":["post-7372","post","type-post","status-publish","format-standard","has-post-thumbnail","hentry","category-isf","tag-adalfundur","tag-isf"],"acf":[],"yoast_head":"<!-- This site is optimized with the Yoast SEO plugin v27.5 - https:\/\/yoast.com\/product\/yoast-seo-wordpress\/ -->\n<title>Fr\u00e1bo\u00f0an - \u00e1rsa\u00f0alfundur 2020 - \u00cdtr\u00f3ttasamband F\u00f8roya<\/title>\n<meta name=\"robots\" content=\"index, follow, max-snippet:-1, max-image-preview:large, max-video-preview:-1\" \/>\n<link rel=\"canonical\" href=\"https:\/\/isf.fo\/en\/frabodan-arsadalfundur-2020\/\" \/>\n<meta property=\"og:locale\" content=\"en_US\" \/>\n<meta property=\"og:type\" content=\"article\" \/>\n<meta property=\"og:title\" content=\"Fr\u00e1bo\u00f0an - \u00e1rsa\u00f0alfundur 2020 - \u00cdtr\u00f3ttasamband F\u00f8roya\" \/>\n<meta property=\"og:description\" content=\"V\u00edsandi til grein 9 \u00ed Evstul\u00f3g ver\u00f0ur vi\u00f0 hesum l\u00fdst til a\u00f0alfundar leygardagin 30. mai 2020 kl 11.00 \u00e1 Panorama, [&hellip;]\" \/>\n<meta property=\"og:url\" content=\"https:\/\/isf.fo\/en\/frabodan-arsadalfundur-2020\/\" \/>\n<meta property=\"og:site_name\" content=\"\u00cdtr\u00f3ttasamband F\u00f8roya\" \/>\n<meta property=\"article:publisher\" content=\"https:\/\/www.facebook.com\/itrottasambandid\" \/>\n<meta property=\"article:published_time\" content=\"2020-05-07T11:40:26+00:00\" \/>\n<meta property=\"article:modified_time\" content=\"2020-05-22T09:47:56+00:00\" \/>\n<meta property=\"og:image\" content=\"https:\/\/d21ockg4ri0hhk.cloudfront.net\/wp-content\/uploads\/2020\/05\/30192828\/L%C3%BDsing-um-a%C3%B0alfund-e1646394364501.png\" \/>\n\t<meta property=\"og:image:width\" content=\"415\" \/>\n\t<meta property=\"og:image:height\" content=\"407\" \/>\n\t<meta property=\"og:image:type\" content=\"image\/png\" \/>\n<meta name=\"author\" content=\"Finnbj\u00f8rg Nattestad\" \/>\n<meta name=\"twitter:card\" content=\"summary_large_image\" \/>\n<meta name=\"twitter:label1\" content=\"Written by\" \/>\n\t<meta name=\"twitter:data1\" content=\"Finnbj\u00f8rg Nattestad\" \/>\n<script type=\"application\/ld+json\" class=\"yoast-schema-graph\">{\"@context\":\"https:\\\/\\\/schema.org\",\"@graph\":[{\"@type\":\"Article\",\"@id\":\"https:\\\/\\\/isf.fo\\\/frabodan-arsadalfundur-2020\\\/#article\",\"isPartOf\":{\"@id\":\"https:\\\/\\\/isf.fo\\\/frabodan-arsadalfundur-2020\\\/\"},\"author\":{\"name\":\"Finnbj\u00f8rg Nattestad\",\"@id\":\"https:\\\/\\\/isf.fo\\\/#\\\/schema\\\/person\\\/40282266438b1b15251ad39401612366\"},\"headline\":\"Fr\u00e1bo\u00f0an &#8211; \u00e1rsa\u00f0alfundur 2020\",\"datePublished\":\"2020-05-07T11:40:26+00:00\",\"dateModified\":\"2020-05-22T09:47:56+00:00\",\"mainEntityOfPage\":{\"@id\":\"https:\\\/\\\/isf.fo\\\/frabodan-arsadalfundur-2020\\\/\"},\"wordCount\":28,\"publisher\":{\"@id\":\"https:\\\/\\\/isf.fo\\\/#organization\"},\"image\":{\"@id\":\"https:\\\/\\\/isf.fo\\\/frabodan-arsadalfundur-2020\\\/#primaryimage\"},\"thumbnailUrl\":\"https:\\\/\\\/d21ockg4ri0hhk.cloudfront.net\\\/wp-content\\\/uploads\\\/2020\\\/05\\\/30192828\\\/L%C3%BDsing-um-a%C3%B0alfund-e1646394364501.png\",\"keywords\":[\"a\u00f0alfundur\",\"\u00cdSF\"],\"articleSection\":[\"\u00cdSF\"],\"inLanguage\":\"en-US\"},{\"@type\":\"WebPage\",\"@id\":\"https:\\\/\\\/isf.fo\\\/frabodan-arsadalfundur-2020\\\/\",\"url\":\"https:\\\/\\\/isf.fo\\\/frabodan-arsadalfundur-2020\\\/\",\"name\":\"Fr\u00e1bo\u00f0an - \u00e1rsa\u00f0alfundur 2020 - \u00cdtr\u00f3ttasamband F\u00f8roya\",\"isPartOf\":{\"@id\":\"https:\\\/\\\/isf.fo\\\/#website\"},\"primaryImageOfPage\":{\"@id\":\"https:\\\/\\\/isf.fo\\\/frabodan-arsadalfundur-2020\\\/#primaryimage\"},\"image\":{\"@id\":\"https:\\\/\\\/isf.fo\\\/frabodan-arsadalfundur-2020\\\/#primaryimage\"},\"thumbnailUrl\":\"https:\\\/\\\/d21ockg4ri0hhk.cloudfront.net\\\/wp-content\\\/uploads\\\/2020\\\/05\\\/30192828\\\/L%C3%BDsing-um-a%C3%B0alfund-e1646394364501.png\",\"datePublished\":\"2020-05-07T11:40:26+00:00\",\"dateModified\":\"2020-05-22T09:47:56+00:00\",\"breadcrumb\":{\"@id\":\"https:\\\/\\\/isf.fo\\\/frabodan-arsadalfundur-2020\\\/#breadcrumb\"},\"inLanguage\":\"en-US\",\"potentialAction\":[{\"@type\":\"ReadAction\",\"target\":[\"https:\\\/\\\/isf.fo\\\/frabodan-arsadalfundur-2020\\\/\"]}]},{\"@type\":\"ImageObject\",\"inLanguage\":\"en-US\",\"@id\":\"https:\\\/\\\/isf.fo\\\/frabodan-arsadalfundur-2020\\\/#primaryimage\",\"url\":\"https:\\\/\\\/d21ockg4ri0hhk.cloudfront.net\\\/wp-content\\\/uploads\\\/2020\\\/05\\\/30192828\\\/L%C3%BDsing-um-a%C3%B0alfund-e1646394364501.png\",\"contentUrl\":\"https:\\\/\\\/d21ockg4ri0hhk.cloudfront.net\\\/wp-content\\\/uploads\\\/2020\\\/05\\\/30192828\\\/L%C3%BDsing-um-a%C3%B0alfund-e1646394364501.png\",\"width\":415,\"height\":407},{\"@type\":\"BreadcrumbList\",\"@id\":\"https:\\\/\\\/isf.fo\\\/frabodan-arsadalfundur-2020\\\/#breadcrumb\",\"itemListElement\":[{\"@type\":\"ListItem\",\"position\":1,\"name\":\"Home\",\"item\":\"https:\\\/\\\/isf.fo\\\/\"},{\"@type\":\"ListItem\",\"position\":2,\"name\":\"Fr\u00e1bo\u00f0an &#8211; \u00e1rsa\u00f0alfundur 2020\"}]},{\"@type\":\"WebSite\",\"@id\":\"https:\\\/\\\/isf.fo\\\/#website\",\"url\":\"https:\\\/\\\/isf.fo\\\/\",\"name\":\"\u00cdtr\u00f3ttasamband F\u00f8roya\",\"description\":\"\",\"publisher\":{\"@id\":\"https:\\\/\\\/isf.fo\\\/#organization\"},\"potentialAction\":[{\"@type\":\"SearchAction\",\"target\":{\"@type\":\"EntryPoint\",\"urlTemplate\":\"https:\\\/\\\/isf.fo\\\/?s={search_term_string}\"},\"query-input\":{\"@type\":\"PropertyValueSpecification\",\"valueRequired\":true,\"valueName\":\"search_term_string\"}}],\"inLanguage\":\"en-US\"},{\"@type\":\"Organization\",\"@id\":\"https:\\\/\\\/isf.fo\\\/#organization\",\"name\":\"\u00cdtr\u00f3ttasamband F\u00f8roya\",\"url\":\"https:\\\/\\\/isf.fo\\\/\",\"logo\":{\"@type\":\"ImageObject\",\"inLanguage\":\"en-US\",\"@id\":\"https:\\\/\\\/isf.fo\\\/#\\\/schema\\\/logo\\\/image\\\/\",\"url\":\"https:\\\/\\\/isf.fo\\\/wp-content\\\/uploads\\\/2025\\\/06\\\/ISF_Olympic-Committee-logo.png\",\"contentUrl\":\"https:\\\/\\\/isf.fo\\\/wp-content\\\/uploads\\\/2025\\\/06\\\/ISF_Olympic-Committee-logo.png\",\"width\":618,\"height\":121,\"caption\":\"\u00cdtr\u00f3ttasamband F\u00f8roya\"},\"image\":{\"@id\":\"https:\\\/\\\/isf.fo\\\/#\\\/schema\\\/logo\\\/image\\\/\"},\"sameAs\":[\"https:\\\/\\\/www.facebook.com\\\/itrottasambandid\"]},{\"@type\":\"Person\",\"@id\":\"https:\\\/\\\/isf.fo\\\/#\\\/schema\\\/person\\\/40282266438b1b15251ad39401612366\",\"name\":\"Finnbj\u00f8rg Nattestad\",\"image\":{\"@type\":\"ImageObject\",\"inLanguage\":\"en-US\",\"@id\":\"https:\\\/\\\/secure.gravatar.com\\\/avatar\\\/8abac675fc6517af7fca6afac1f3d82d100c45ced81d3c217cda179b6904938f?s=96&d=mm&r=g\",\"url\":\"https:\\\/\\\/secure.gravatar.com\\\/avatar\\\/8abac675fc6517af7fca6afac1f3d82d100c45ced81d3c217cda179b6904938f?s=96&d=mm&r=g\",\"contentUrl\":\"https:\\\/\\\/secure.gravatar.com\\\/avatar\\\/8abac675fc6517af7fca6afac1f3d82d100c45ced81d3c217cda179b6904938f?s=96&d=mm&r=g\",\"caption\":\"Finnbj\u00f8rg Nattestad\"},\"url\":\"https:\\\/\\\/isf.fo\\\/en\\\/author\\\/finnbjorg\\\/\"}]}<\/script>\n<!-- \/ Yoast SEO plugin. -->","yoast_head_json":{"title":"Fr\u00e1bo\u00f0an - \u00e1rsa\u00f0alfundur 2020 - \u00cdtr\u00f3ttasamband F\u00f8roya","robots":{"index":"index","follow":"follow","max-snippet":"max-snippet:-1","max-image-preview":"max-image-preview:large","max-video-preview":"max-video-preview:-1"},"canonical":"https:\/\/isf.fo\/en\/frabodan-arsadalfundur-2020\/","og_locale":"en_US","og_type":"article","og_title":"Fr\u00e1bo\u00f0an - \u00e1rsa\u00f0alfundur 2020 - \u00cdtr\u00f3ttasamband F\u00f8roya","og_description":"V\u00edsandi til grein 9 \u00ed Evstul\u00f3g ver\u00f0ur vi\u00f0 hesum l\u00fdst til a\u00f0alfundar leygardagin 30. mai 2020 kl 11.00 \u00e1 Panorama, [&hellip;]","og_url":"https:\/\/isf.fo\/en\/frabodan-arsadalfundur-2020\/","og_site_name":"\u00cdtr\u00f3ttasamband F\u00f8roya","article_publisher":"https:\/\/www.facebook.com\/itrottasambandid","article_published_time":"2020-05-07T11:40:26+00:00","article_modified_time":"2020-05-22T09:47:56+00:00","og_image":[{"width":415,"height":407,"url":"https:\/\/d21ockg4ri0hhk.cloudfront.net\/wp-content\/uploads\/2020\/05\/30192828\/L%C3%BDsing-um-a%C3%B0alfund-e1646394364501.png","type":"image\/png"}],"author":"Finnbj\u00f8rg Nattestad","twitter_card":"summary_large_image","twitter_misc":{"Written by":"Finnbj\u00f8rg Nattestad"},"schema":{"@context":"https:\/\/schema.org","@graph":[{"@type":"Article","@id":"https:\/\/isf.fo\/frabodan-arsadalfundur-2020\/#article","isPartOf":{"@id":"https:\/\/isf.fo\/frabodan-arsadalfundur-2020\/"},"author":{"name":"Finnbj\u00f8rg Nattestad","@id":"https:\/\/isf.fo\/#\/schema\/person\/40282266438b1b15251ad39401612366"},"headline":"Fr\u00e1bo\u00f0an &#8211; \u00e1rsa\u00f0alfundur 2020","datePublished":"2020-05-07T11:40:26+00:00","dateModified":"2020-05-22T09:47:56+00:00","mainEntityOfPage":{"@id":"https:\/\/isf.fo\/frabodan-arsadalfundur-2020\/"},"wordCount":28,"publisher":{"@id":"https:\/\/isf.fo\/#organization"},"image":{"@id":"https:\/\/isf.fo\/frabodan-arsadalfundur-2020\/#primaryimage"},"thumbnailUrl":"https:\/\/d21ockg4ri0hhk.cloudfront.net\/wp-content\/uploads\/2020\/05\/30192828\/L%C3%BDsing-um-a%C3%B0alfund-e1646394364501.png","keywords":["a\u00f0alfundur","\u00cdSF"],"articleSection":["\u00cdSF"],"inLanguage":"en-US"},{"@type":"WebPage","@id":"https:\/\/isf.fo\/frabodan-arsadalfundur-2020\/","url":"https:\/\/isf.fo\/frabodan-arsadalfundur-2020\/","name":"Fr\u00e1bo\u00f0an - \u00e1rsa\u00f0alfundur 2020 - \u00cdtr\u00f3ttasamband F\u00f8roya","isPartOf":{"@id":"https:\/\/isf.fo\/#website"},"primaryImageOfPage":{"@id":"https:\/\/isf.fo\/frabodan-arsadalfundur-2020\/#primaryimage"},"image":{"@id":"https:\/\/isf.fo\/frabodan-arsadalfundur-2020\/#primaryimage"},"thumbnailUrl":"https:\/\/d21ockg4ri0hhk.cloudfront.net\/wp-content\/uploads\/2020\/05\/30192828\/L%C3%BDsing-um-a%C3%B0alfund-e1646394364501.png","datePublished":"2020-05-07T11:40:26+00:00","dateModified":"2020-05-22T09:47:56+00:00","breadcrumb":{"@id":"https:\/\/isf.fo\/frabodan-arsadalfundur-2020\/#breadcrumb"},"inLanguage":"en-US","potentialAction":[{"@type":"ReadAction","target":["https:\/\/isf.fo\/frabodan-arsadalfundur-2020\/"]}]},{"@type":"ImageObject","inLanguage":"en-US","@id":"https:\/\/isf.fo\/frabodan-arsadalfundur-2020\/#primaryimage","url":"https:\/\/d21ockg4ri0hhk.cloudfront.net\/wp-content\/uploads\/2020\/05\/30192828\/L%C3%BDsing-um-a%C3%B0alfund-e1646394364501.png","contentUrl":"https:\/\/d21ockg4ri0hhk.cloudfront.net\/wp-content\/uploads\/2020\/05\/30192828\/L%C3%BDsing-um-a%C3%B0alfund-e1646394364501.png","width":415,"height":407},{"@type":"BreadcrumbList","@id":"https:\/\/isf.fo\/frabodan-arsadalfundur-2020\/#breadcrumb","itemListElement":[{"@type":"ListItem","position":1,"name":"Home","item":"https:\/\/isf.fo\/"},{"@type":"ListItem","position":2,"name":"Fr\u00e1bo\u00f0an &#8211; \u00e1rsa\u00f0alfundur 2020"}]},{"@type":"WebSite","@id":"https:\/\/isf.fo\/#website","url":"https:\/\/isf.fo\/","name":"\u00cdtr\u00f3ttasamband F\u00f8roya","description":"","publisher":{"@id":"https:\/\/isf.fo\/#organization"},"potentialAction":[{"@type":"SearchAction","target":{"@type":"EntryPoint","urlTemplate":"https:\/\/isf.fo\/?s={search_term_string}"},"query-input":{"@type":"PropertyValueSpecification","valueRequired":true,"valueName":"search_term_string"}}],"inLanguage":"en-US"},{"@type":"Organization","@id":"https:\/\/isf.fo\/#organization","name":"\u00cdtr\u00f3ttasamband F\u00f8roya","url":"https:\/\/isf.fo\/","logo":{"@type":"ImageObject","inLanguage":"en-US","@id":"https:\/\/isf.fo\/#\/schema\/logo\/image\/","url":"https:\/\/isf.fo\/wp-content\/uploads\/2025\/06\/ISF_Olympic-Committee-logo.png","contentUrl":"https:\/\/isf.fo\/wp-content\/uploads\/2025\/06\/ISF_Olympic-Committee-logo.png","width":618,"height":121,"caption":"\u00cdtr\u00f3ttasamband F\u00f8roya"},"image":{"@id":"https:\/\/isf.fo\/#\/schema\/logo\/image\/"},"sameAs":["https:\/\/www.facebook.com\/itrottasambandid"]},{"@type":"Person","@id":"https:\/\/isf.fo\/#\/schema\/person\/40282266438b1b15251ad39401612366","name":"Finnbj\u00f8rg Nattestad","image":{"@type":"ImageObject","inLanguage":"en-US","@id":"https:\/\/secure.gravatar.com\/avatar\/8abac675fc6517af7fca6afac1f3d82d100c45ced81d3c217cda179b6904938f?s=96&d=mm&r=g","url":"https:\/\/secure.gravatar.com\/avatar\/8abac675fc6517af7fca6afac1f3d82d100c45ced81d3c217cda179b6904938f?s=96&d=mm&r=g","contentUrl":"https:\/\/secure.gravatar.com\/avatar\/8abac675fc6517af7fca6afac1f3d82d100c45ced81d3c217cda179b6904938f?s=96&d=mm&r=g","caption":"Finnbj\u00f8rg Nattestad"},"url":"https:\/\/isf.fo\/en\/author\/finnbjorg\/"}]}},"_links":{"self":[{"href":"https:\/\/isf.fo\/en\/wp-json\/wp\/v2\/posts\/7372","targetHints":{"allow":["GET"]}}],"collection":[{"href":"https:\/\/isf.fo\/en\/wp-json\/wp\/v2\/posts"}],"about":[{"href":"https:\/\/isf.fo\/en\/wp-json\/wp\/v2\/types\/post"}],"author":[{"embeddable":true,"href":"https:\/\/isf.fo\/en\/wp-json\/wp\/v2\/users\/7"}],"replies":[{"embeddable":true,"href":"https:\/\/isf.fo\/en\/wp-json\/wp\/v2\/comments?post=7372"}],"version-history":[{"count":4,"href":"https:\/\/isf.fo\/en\/wp-json\/wp\/v2\/posts\/7372\/revisions"}],"predecessor-version":[{"id":7398,"href":"https:\/\/isf.fo\/en\/wp-json\/wp\/v2\/posts\/7372\/revisions\/7398"}],"wp:featuredmedia":[{"embeddable":true,"href":"https:\/\/isf.fo\/en\/wp-json\/wp\/v2\/media\/7373"}],"wp:attachment":[{"href":"https:\/\/isf.fo\/en\/wp-json\/wp\/v2\/media?parent=7372"}],"wp:term":[{"taxonomy":"category","embeddable":true,"href":"https:\/\/isf.fo\/en\/wp-json\/wp\/v2\/categories?post=7372"},{"taxonomy":"post_tag","embeddable":true,"href":"https:\/\/isf.fo\/en\/wp-json\/wp\/v2\/tags?post=7372"}],"curies":[{"name":"wp","href":"https:\/\/api.w.org\/{rel}","templated":true}]}}