{"id":7753,"date":"2020-08-25T16:00:04","date_gmt":"2020-08-25T16:00:04","guid":{"rendered":"https:\/\/isf.fo\/?p=7753"},"modified":"2020-08-25T17:12:24","modified_gmt":"2020-08-25T17:12:24","slug":"studulin-til-itrottin-minkar-11-prosent-i-2021","status":"publish","type":"post","link":"https:\/\/isf.fo\/en\/studulin-til-itrottin-minkar-11-prosent-i-2021\/","title":{"rendered":"Stu\u00f0ulin til \u00edtr\u00f3ttin minkar 11 prosent \u00ed 2021"},"content":{"rendered":"<h2><strong>Stu\u00f0ulin til \u00edtr\u00f3ttin minkar 11 prosent \u00ed 2021<\/strong><\/h2>\n<h3><em>Um landsst\u00fdri\u00f0 ikki h\u00e6kkar j\u00e1ttanina til \u00edtr\u00f3ttin minst 1,5 milli\u00f3nir kr\u00f3nur n\u00e6sta \u00e1r, so l\u00e6kkar stu\u00f0ulin til sambondini undir \u00cdSF 11 prosent. \u00cdSF hevur greitt landsst\u00fdrinum fr\u00e1 st\u00f8\u00f0uni, men hevur enn einki fr\u00e6tt aftur<\/em><\/h3>\n<p>&nbsp;<\/p>\n<p>\u00c1 a\u00f0alfundinum hj\u00e1 \u00cdSF 30. mai \u00ed \u00e1r gj\u00f8rdi \u00cdSF-forsetin greitt, at stu\u00f0ulin til sambondini minkar 11 prosent, um j\u00e1ttanina til \u00edtr\u00f3ttin ikki \u00f8kist minst 1,5 milli\u00f3nir kr\u00f3nur \u00ed 2021. Ors\u00f8kin er, at eingin st\u00f3rur vinningur \u00ed Danske Spil er vunnin \u00ed F\u00f8royum seinasta \u00e1ri\u00f0, og t\u00ed minkar innt\u00f8kan fr\u00e1 Sp\/f \u00cdtr\u00f3ttavedding.<\/p>\n<p>Harumframt hevur korona-kreppan havt vi\u00f0 s\u00e6r, at f\u00e6rri hava sp\u00e6lt vi\u00f0 \u00ed Danske Spil seinasta h\u00e1lva \u00e1ri\u00f0, og ta\u00f0 kann bera vi\u00f0 s\u00e6r, at stu\u00f0ulin til f\u00f8royskan \u00edtr\u00f3tt, sum kemur fr\u00e1 Danske Spil \u00edgj\u00f8gnum Sp\/f \u00cdtr\u00f3ttavedding, minkar uppaftur meira.<\/p>\n<p>&#8211; Vit hava greitt landsst\u00fdrinum fr\u00e1 trupulleikanum, men higartil hava vit einki fr\u00e6tt aftur. Sostatt er st\u00f8\u00f0an \u00ed l\u00f8tuni, at stu\u00f0ulin til sambondini l\u00e6kkar 11 prosent, um landsst\u00fdri\u00f0 ikki h\u00e6kkar j\u00e1ttanina minst 1,5 milli\u00f3nir kr\u00f3nur, sigur Elin He\u00f0insd\u00f3ttir Joensen, \u00cdSF-forseti.<\/p>\n<p>Ein uppger\u00f0 hj\u00e1 sambondunum v\u00edsir harumframt, at \u00e1rliga f\u00edggjar\u00e6tlanin hj\u00e1 \u00edtr\u00f3ttinum skal \u00f8kjast \u00far 10 milli\u00f3num kr\u00f3num upp \u00ed 25 milli\u00f3nir kr\u00f3nur innan 2023, um ta\u00f0 skal eydnast at menna \u00edtr\u00f3ttin b\u00e6\u00f0i innanlands og uttanlands.<\/p>\n<p>&#8211; F\u00f8royskum \u00edtr\u00f3tti t\u00f8rvar \u00edt\u00f8kiliga politiska undirt\u00f8ku, sum s\u00e6st aftur \u00ed kr\u00f3num og oyrum, so f\u00f8royskir \u00ed\u00f0karar hava ein veruligan m\u00f8guleika at r\u00f8kka altj\u00f3\u00f0a m\u00e1lum, sigur Elin He\u00f0insd\u00f3ttir Joensen, \u00cdSF-forseti.<\/p>\n<p><strong>Innant\u00f3m or\u00f0 \u00e1 \u00cdtr\u00f3ttatinginum<\/strong><\/p>\n<p>\u00cdSF hevur seinnu \u00e1rini st\u00f8\u00f0ugt roynt at mint politiska myndugleikan \u00e1 f\u00edggjarliga veruleikan hj\u00e1 \u00edtr\u00f3ttinum, sum eisini var vi\u00f0gj\u00f8rdur \u00e1 \u00cdtr\u00f3ttatinginum 29. august \u00ed fj\u00f8r \u2013 tveir dagar fyri l\u00f8gtingsvali\u00f0. T\u00e1 s\u00f8gdu <em>flokkarnir seg vilja h\u00e6kka j\u00e1ttanina til \u00cdSF munandi komandi \u00e1rini \u2013 t\u00f3 vi\u00f0 ymiskum treytum. <\/em>Samanumtiki\u00f0 v\u00f3ru valevnini fyri flokkarnar samd um, at j\u00e1ttanin til \u00cdSF ver\u00f0ur \u00f8kt fimm milli\u00f3nir kr\u00f3nur \u00e1rliga komandi \u00e1rini, solei\u00f0is at samla\u00f0a j\u00e1ttanin skuldi fara \u00far 10 milli\u00f3num kr\u00f3num \u00ed 2019 upp \u00ed 25 milli\u00f3nir kr\u00f3nur \u00ed 2023.<\/p>\n<p>\u00c1 \u00cdtr\u00f3ttatinginum fegna\u00f0ist \u00cdSF um, at ta\u00f0 tykist vera brei\u00f0 semja millum flokkarnar, og \u00cdSF-umbo\u00f0ini loyvdu s\u00e6r at v\u00e6nta, at komandi samgongan f\u00f3r at taka hetta vi\u00f0 \u00ed samgonguskjali\u00f0. Men t\u00e1 i\u00f0 av torna\u00f0i, st\u00f3\u00f0 einki \u00edt\u00f8kiligt \u00ed samgonguskjalinum um, hvussu b\u00f8tast kann um hesa trongu f\u00edggjarst\u00f8\u00f0u hj\u00e1 f\u00f8royskum \u00edtr\u00f3tti.<\/p>\n<p>&#8211; B\u00e6\u00f0i \u00edtr\u00f3tturin innlendis \u00ed F\u00f8royum og altj\u00f3\u00f0a lutt\u00f8kan kosta pengar, men vit ivast st\u00f3rliga \u00ed, um okkara landspolitikarar yvirh\u00f8vur hava fata\u00f0 st\u00f8\u00f0una hj\u00e1 okkara \u00edtr\u00f3tti, \u00edtr\u00f3ttafel\u00f8gum, \u00edtr\u00f3ttaf\u00f3lkum og teimum mongu sj\u00e1lvbodnu \u00ed f\u00f8royska \u00edtr\u00f3ttaheiminum, sigur Elin He\u00f0insd\u00f3ttir Joensen.<\/p>\n<p>Hon v\u00edsir \u00e1, at j\u00e1ttanin til \u00cdSF hevur ikki fylgt teimum g\u00f3\u00f0u \u00farslitunum, sum f\u00f8roysk \u00edtr\u00f3ttaf\u00f3lk higartil hava avrika\u00f0 uttanlands, og t\u00ed standa sersambond \u00ed t\u00ed st\u00f8\u00f0u, at tey ikki hava r\u00e1\u00f0 at senda \u00edtr\u00f3ttaf\u00f3lk \u00fat \u00ed heim at kappast sum f\u00f8royingar undir f\u00f8royskum flaggi \u00edm\u00f3ti teimum bestu.<\/p>\n<p><strong>Berandi samfelagsvir\u00f0i<\/strong><\/p>\n<p>&#8211; T\u00e1 korona rakti alt samfelagi\u00f0, st\u00f3\u00f0 br\u00e1dliga s\u00f3larkl\u00e1rt fyri okkum, hvussu st\u00f3ran t\u00fddning \u00edtr\u00f3ttur \u00ed roynd og veru hevur fyri trivna\u00f0in og f\u00f3lkaheilsuna \u2013 ikki minst hj\u00e1 b\u00f8rnum og ungum, sta\u00f0festir Elin He\u00f0insd\u00f3ttir Joensen.<\/p>\n<p>Hon v\u00edsir \u00ed hesum sambandi \u00e1, at korona-stu\u00f0ulin fr\u00e1 landsst\u00fdrinum kom \u00ed t\u00f8kum t\u00edma, t\u00ed \u00edtr\u00f3ttafel\u00f8gini kring landi\u00f0 hava mist n\u00f3gvar innt\u00f8kur \u00ed v\u00e1r og \u00ed summar orsaka\u00f0 av avl\u00fdstum \u00edtr\u00f3ttatilt\u00f8kum. \u00cdtr\u00f3ttafel\u00f8gini kundu vi\u00f0 hesum h\u00f3ra v\u00ed\u00f0ari.<\/p>\n<p>\u00cdSF-forsetin leggur dent \u00e1, at \u00edtr\u00f3tturin er eitt grundleggjandi fr\u00e6lsi og eitt t\u00fd\u00f0andi samfelagsvir\u00f0i, sum er grundv\u00f8llurin undir leiki, kapping, samveru og vinal\u00f8gum.<\/p>\n<p>&#8211; Hetta vir\u00f0ismikla samfelagsvir\u00f0i\u00f0 eigur ikki at vera kroyst so n\u00f3gv f\u00edggjarliga, at talan ver\u00f0ur um eitt beinlei\u00f0is h\u00f3ttafall. F\u00f8royska samfelagi\u00f0 hevur milt sagt ikki r\u00e1\u00f0 at ni\u00f0urlaga \u00edtr\u00f3ttin, t\u00ed ta\u00f0 skerjir okkara f\u00f3lkaheilsu og okkara f\u00f3lksliga grundv\u00f8ll, sta\u00f0festir Elin He\u00f0insd\u00f3ttir Joensen.<\/p>","protected":false},"excerpt":{"rendered":"<p>Stu\u00f0ulin til \u00edtr\u00f3ttin minkar 11 prosent \u00ed 2021 Um landsst\u00fdri\u00f0 ikki h\u00e6kkar j\u00e1ttanina til \u00edtr\u00f3ttin minst 1,5 milli\u00f3nir kr\u00f3nur n\u00e6sta [&hellip;]<\/p>\n","protected":false},"author":6,"featured_media":7355,"comment_status":"closed","ping_status":"closed","sticky":false,"template":"","format":"standard","meta":{"_acf_changed":false,"_relevanssi_hide_post":"","_relevanssi_hide_content":"","_relevanssi_pin_for_all":"","_relevanssi_pin_keywords":"","_relevanssi_unpin_keywords":"","_relevanssi_related_keywords":"","_relevanssi_related_include_ids":"","_relevanssi_related_exclude_ids":"","_relevanssi_related_no_append":"","_relevanssi_related_not_related":"","_relevanssi_related_posts":"","_relevanssi_noindex_reason":"","inline_featured_image":false,"footnotes":""},"categories":[2],"tags":[],"class_list":["post-7753","post","type-post","status-publish","format-standard","has-post-thumbnail","hentry","category-isf"],"acf":[],"yoast_head":"<!-- This site is optimized with the Yoast SEO plugin v27.5 - https:\/\/yoast.com\/product\/yoast-seo-wordpress\/ -->\n<title>Stu\u00f0ulin til \u00edtr\u00f3ttin minkar 11 prosent \u00ed 2021 - \u00cdtr\u00f3ttasamband F\u00f8roya<\/title>\n<meta name=\"robots\" content=\"index, follow, max-snippet:-1, max-image-preview:large, max-video-preview:-1\" \/>\n<link rel=\"canonical\" href=\"https:\/\/isf.fo\/en\/studulin-til-itrottin-minkar-11-prosent-i-2021\/\" \/>\n<meta property=\"og:locale\" content=\"en_US\" \/>\n<meta property=\"og:type\" content=\"article\" \/>\n<meta property=\"og:title\" content=\"Stu\u00f0ulin til \u00edtr\u00f3ttin minkar 11 prosent \u00ed 2021 - \u00cdtr\u00f3ttasamband F\u00f8roya\" \/>\n<meta property=\"og:description\" content=\"Stu\u00f0ulin til \u00edtr\u00f3ttin minkar 11 prosent \u00ed 2021 Um landsst\u00fdri\u00f0 ikki h\u00e6kkar j\u00e1ttanina til \u00edtr\u00f3ttin minst 1,5 milli\u00f3nir kr\u00f3nur n\u00e6sta [&hellip;]\" \/>\n<meta property=\"og:url\" content=\"https:\/\/isf.fo\/en\/studulin-til-itrottin-minkar-11-prosent-i-2021\/\" \/>\n<meta property=\"og:site_name\" content=\"\u00cdtr\u00f3ttasamband F\u00f8roya\" \/>\n<meta property=\"article:publisher\" content=\"https:\/\/www.facebook.com\/itrottasambandid\" \/>\n<meta property=\"article:published_time\" content=\"2020-08-25T16:00:04+00:00\" \/>\n<meta property=\"article:modified_time\" content=\"2020-08-25T17:12:24+00:00\" \/>\n<meta property=\"og:image\" content=\"https:\/\/d21ockg4ri0hhk.cloudfront.net\/wp-content\/uploads\/2020\/04\/30192829\/1mars17_00Q4961-scaled.jpg\" \/>\n\t<meta property=\"og:image:width\" content=\"2560\" \/>\n\t<meta property=\"og:image:height\" content=\"1707\" \/>\n\t<meta property=\"og:image:type\" content=\"image\/jpeg\" \/>\n<meta name=\"author\" content=\"Petur Mitt\u00fan\" \/>\n<meta name=\"twitter:card\" content=\"summary_large_image\" \/>\n<meta name=\"twitter:label1\" content=\"Written by\" \/>\n\t<meta name=\"twitter:data1\" content=\"Petur Mitt\u00fan\" \/>\n\t<meta name=\"twitter:label2\" content=\"Est. reading time\" \/>\n\t<meta name=\"twitter:data2\" content=\"4 minutes\" \/>\n<script type=\"application\/ld+json\" class=\"yoast-schema-graph\">{\"@context\":\"https:\\\/\\\/schema.org\",\"@graph\":[{\"@type\":\"Article\",\"@id\":\"https:\\\/\\\/isf.fo\\\/studulin-til-itrottin-minkar-11-prosent-i-2021\\\/#article\",\"isPartOf\":{\"@id\":\"https:\\\/\\\/isf.fo\\\/studulin-til-itrottin-minkar-11-prosent-i-2021\\\/\"},\"author\":{\"name\":\"Petur Mitt\u00fan\",\"@id\":\"https:\\\/\\\/isf.fo\\\/#\\\/schema\\\/person\\\/78ac1b623dbf0ace868a5dbcdaed016d\"},\"headline\":\"Stu\u00f0ulin til \u00edtr\u00f3ttin minkar 11 prosent \u00ed 2021\",\"datePublished\":\"2020-08-25T16:00:04+00:00\",\"dateModified\":\"2020-08-25T17:12:24+00:00\",\"mainEntityOfPage\":{\"@id\":\"https:\\\/\\\/isf.fo\\\/studulin-til-itrottin-minkar-11-prosent-i-2021\\\/\"},\"wordCount\":752,\"publisher\":{\"@id\":\"https:\\\/\\\/isf.fo\\\/#organization\"},\"image\":{\"@id\":\"https:\\\/\\\/isf.fo\\\/studulin-til-itrottin-minkar-11-prosent-i-2021\\\/#primaryimage\"},\"thumbnailUrl\":\"https:\\\/\\\/d21ockg4ri0hhk.cloudfront.net\\\/wp-content\\\/uploads\\\/2020\\\/04\\\/30192829\\\/1mars17_00Q4961-scaled.jpg\",\"articleSection\":[\"\u00cdSF\"],\"inLanguage\":\"en-US\"},{\"@type\":\"WebPage\",\"@id\":\"https:\\\/\\\/isf.fo\\\/studulin-til-itrottin-minkar-11-prosent-i-2021\\\/\",\"url\":\"https:\\\/\\\/isf.fo\\\/studulin-til-itrottin-minkar-11-prosent-i-2021\\\/\",\"name\":\"Stu\u00f0ulin til \u00edtr\u00f3ttin minkar 11 prosent \u00ed 2021 - \u00cdtr\u00f3ttasamband F\u00f8roya\",\"isPartOf\":{\"@id\":\"https:\\\/\\\/isf.fo\\\/#website\"},\"primaryImageOfPage\":{\"@id\":\"https:\\\/\\\/isf.fo\\\/studulin-til-itrottin-minkar-11-prosent-i-2021\\\/#primaryimage\"},\"image\":{\"@id\":\"https:\\\/\\\/isf.fo\\\/studulin-til-itrottin-minkar-11-prosent-i-2021\\\/#primaryimage\"},\"thumbnailUrl\":\"https:\\\/\\\/d21ockg4ri0hhk.cloudfront.net\\\/wp-content\\\/uploads\\\/2020\\\/04\\\/30192829\\\/1mars17_00Q4961-scaled.jpg\",\"datePublished\":\"2020-08-25T16:00:04+00:00\",\"dateModified\":\"2020-08-25T17:12:24+00:00\",\"breadcrumb\":{\"@id\":\"https:\\\/\\\/isf.fo\\\/studulin-til-itrottin-minkar-11-prosent-i-2021\\\/#breadcrumb\"},\"inLanguage\":\"en-US\",\"potentialAction\":[{\"@type\":\"ReadAction\",\"target\":[\"https:\\\/\\\/isf.fo\\\/studulin-til-itrottin-minkar-11-prosent-i-2021\\\/\"]}]},{\"@type\":\"ImageObject\",\"inLanguage\":\"en-US\",\"@id\":\"https:\\\/\\\/isf.fo\\\/studulin-til-itrottin-minkar-11-prosent-i-2021\\\/#primaryimage\",\"url\":\"https:\\\/\\\/d21ockg4ri0hhk.cloudfront.net\\\/wp-content\\\/uploads\\\/2020\\\/04\\\/30192829\\\/1mars17_00Q4961-scaled.jpg\",\"contentUrl\":\"https:\\\/\\\/d21ockg4ri0hhk.cloudfront.net\\\/wp-content\\\/uploads\\\/2020\\\/04\\\/30192829\\\/1mars17_00Q4961-scaled.jpg\",\"width\":2560,\"height\":1707},{\"@type\":\"BreadcrumbList\",\"@id\":\"https:\\\/\\\/isf.fo\\\/studulin-til-itrottin-minkar-11-prosent-i-2021\\\/#breadcrumb\",\"itemListElement\":[{\"@type\":\"ListItem\",\"position\":1,\"name\":\"Home\",\"item\":\"https:\\\/\\\/isf.fo\\\/\"},{\"@type\":\"ListItem\",\"position\":2,\"name\":\"Stu\u00f0ulin til \u00edtr\u00f3ttin minkar 11 prosent \u00ed 2021\"}]},{\"@type\":\"WebSite\",\"@id\":\"https:\\\/\\\/isf.fo\\\/#website\",\"url\":\"https:\\\/\\\/isf.fo\\\/\",\"name\":\"\u00cdtr\u00f3ttasamband F\u00f8roya\",\"description\":\"\",\"publisher\":{\"@id\":\"https:\\\/\\\/isf.fo\\\/#organization\"},\"potentialAction\":[{\"@type\":\"SearchAction\",\"target\":{\"@type\":\"EntryPoint\",\"urlTemplate\":\"https:\\\/\\\/isf.fo\\\/?s={search_term_string}\"},\"query-input\":{\"@type\":\"PropertyValueSpecification\",\"valueRequired\":true,\"valueName\":\"search_term_string\"}}],\"inLanguage\":\"en-US\"},{\"@type\":\"Organization\",\"@id\":\"https:\\\/\\\/isf.fo\\\/#organization\",\"name\":\"\u00cdtr\u00f3ttasamband F\u00f8roya\",\"url\":\"https:\\\/\\\/isf.fo\\\/\",\"logo\":{\"@type\":\"ImageObject\",\"inLanguage\":\"en-US\",\"@id\":\"https:\\\/\\\/isf.fo\\\/#\\\/schema\\\/logo\\\/image\\\/\",\"url\":\"https:\\\/\\\/isf.fo\\\/wp-content\\\/uploads\\\/2025\\\/06\\\/ISF_Olympic-Committee-logo.png\",\"contentUrl\":\"https:\\\/\\\/isf.fo\\\/wp-content\\\/uploads\\\/2025\\\/06\\\/ISF_Olympic-Committee-logo.png\",\"width\":618,\"height\":121,\"caption\":\"\u00cdtr\u00f3ttasamband F\u00f8roya\"},\"image\":{\"@id\":\"https:\\\/\\\/isf.fo\\\/#\\\/schema\\\/logo\\\/image\\\/\"},\"sameAs\":[\"https:\\\/\\\/www.facebook.com\\\/itrottasambandid\"]},{\"@type\":\"Person\",\"@id\":\"https:\\\/\\\/isf.fo\\\/#\\\/schema\\\/person\\\/78ac1b623dbf0ace868a5dbcdaed016d\",\"name\":\"Petur Mitt\u00fan\",\"image\":{\"@type\":\"ImageObject\",\"inLanguage\":\"en-US\",\"@id\":\"https:\\\/\\\/secure.gravatar.com\\\/avatar\\\/6f731b65ffaeb1029d9436acc96fc12c3cef9200131daa85ab7762529a25d1d2?s=96&d=mm&r=g\",\"url\":\"https:\\\/\\\/secure.gravatar.com\\\/avatar\\\/6f731b65ffaeb1029d9436acc96fc12c3cef9200131daa85ab7762529a25d1d2?s=96&d=mm&r=g\",\"contentUrl\":\"https:\\\/\\\/secure.gravatar.com\\\/avatar\\\/6f731b65ffaeb1029d9436acc96fc12c3cef9200131daa85ab7762529a25d1d2?s=96&d=mm&r=g\",\"caption\":\"Petur Mitt\u00fan\"},\"url\":\"https:\\\/\\\/isf.fo\\\/en\\\/author\\\/petur\\\/\"}]}<\/script>\n<!-- \/ Yoast SEO plugin. -->","yoast_head_json":{"title":"Stu\u00f0ulin til \u00edtr\u00f3ttin minkar 11 prosent \u00ed 2021 - \u00cdtr\u00f3ttasamband F\u00f8roya","robots":{"index":"index","follow":"follow","max-snippet":"max-snippet:-1","max-image-preview":"max-image-preview:large","max-video-preview":"max-video-preview:-1"},"canonical":"https:\/\/isf.fo\/en\/studulin-til-itrottin-minkar-11-prosent-i-2021\/","og_locale":"en_US","og_type":"article","og_title":"Stu\u00f0ulin til \u00edtr\u00f3ttin minkar 11 prosent \u00ed 2021 - \u00cdtr\u00f3ttasamband F\u00f8roya","og_description":"Stu\u00f0ulin til \u00edtr\u00f3ttin minkar 11 prosent \u00ed 2021 Um landsst\u00fdri\u00f0 ikki h\u00e6kkar j\u00e1ttanina til \u00edtr\u00f3ttin minst 1,5 milli\u00f3nir kr\u00f3nur n\u00e6sta [&hellip;]","og_url":"https:\/\/isf.fo\/en\/studulin-til-itrottin-minkar-11-prosent-i-2021\/","og_site_name":"\u00cdtr\u00f3ttasamband F\u00f8roya","article_publisher":"https:\/\/www.facebook.com\/itrottasambandid","article_published_time":"2020-08-25T16:00:04+00:00","article_modified_time":"2020-08-25T17:12:24+00:00","og_image":[{"width":2560,"height":1707,"url":"https:\/\/d21ockg4ri0hhk.cloudfront.net\/wp-content\/uploads\/2020\/04\/30192829\/1mars17_00Q4961-scaled.jpg","type":"image\/jpeg"}],"author":"Petur Mitt\u00fan","twitter_card":"summary_large_image","twitter_misc":{"Written by":"Petur Mitt\u00fan","Est. reading time":"4 minutes"},"schema":{"@context":"https:\/\/schema.org","@graph":[{"@type":"Article","@id":"https:\/\/isf.fo\/studulin-til-itrottin-minkar-11-prosent-i-2021\/#article","isPartOf":{"@id":"https:\/\/isf.fo\/studulin-til-itrottin-minkar-11-prosent-i-2021\/"},"author":{"name":"Petur Mitt\u00fan","@id":"https:\/\/isf.fo\/#\/schema\/person\/78ac1b623dbf0ace868a5dbcdaed016d"},"headline":"Stu\u00f0ulin til \u00edtr\u00f3ttin minkar 11 prosent \u00ed 2021","datePublished":"2020-08-25T16:00:04+00:00","dateModified":"2020-08-25T17:12:24+00:00","mainEntityOfPage":{"@id":"https:\/\/isf.fo\/studulin-til-itrottin-minkar-11-prosent-i-2021\/"},"wordCount":752,"publisher":{"@id":"https:\/\/isf.fo\/#organization"},"image":{"@id":"https:\/\/isf.fo\/studulin-til-itrottin-minkar-11-prosent-i-2021\/#primaryimage"},"thumbnailUrl":"https:\/\/d21ockg4ri0hhk.cloudfront.net\/wp-content\/uploads\/2020\/04\/30192829\/1mars17_00Q4961-scaled.jpg","articleSection":["\u00cdSF"],"inLanguage":"en-US"},{"@type":"WebPage","@id":"https:\/\/isf.fo\/studulin-til-itrottin-minkar-11-prosent-i-2021\/","url":"https:\/\/isf.fo\/studulin-til-itrottin-minkar-11-prosent-i-2021\/","name":"Stu\u00f0ulin til \u00edtr\u00f3ttin minkar 11 prosent \u00ed 2021 - \u00cdtr\u00f3ttasamband F\u00f8roya","isPartOf":{"@id":"https:\/\/isf.fo\/#website"},"primaryImageOfPage":{"@id":"https:\/\/isf.fo\/studulin-til-itrottin-minkar-11-prosent-i-2021\/#primaryimage"},"image":{"@id":"https:\/\/isf.fo\/studulin-til-itrottin-minkar-11-prosent-i-2021\/#primaryimage"},"thumbnailUrl":"https:\/\/d21ockg4ri0hhk.cloudfront.net\/wp-content\/uploads\/2020\/04\/30192829\/1mars17_00Q4961-scaled.jpg","datePublished":"2020-08-25T16:00:04+00:00","dateModified":"2020-08-25T17:12:24+00:00","breadcrumb":{"@id":"https:\/\/isf.fo\/studulin-til-itrottin-minkar-11-prosent-i-2021\/#breadcrumb"},"inLanguage":"en-US","potentialAction":[{"@type":"ReadAction","target":["https:\/\/isf.fo\/studulin-til-itrottin-minkar-11-prosent-i-2021\/"]}]},{"@type":"ImageObject","inLanguage":"en-US","@id":"https:\/\/isf.fo\/studulin-til-itrottin-minkar-11-prosent-i-2021\/#primaryimage","url":"https:\/\/d21ockg4ri0hhk.cloudfront.net\/wp-content\/uploads\/2020\/04\/30192829\/1mars17_00Q4961-scaled.jpg","contentUrl":"https:\/\/d21ockg4ri0hhk.cloudfront.net\/wp-content\/uploads\/2020\/04\/30192829\/1mars17_00Q4961-scaled.jpg","width":2560,"height":1707},{"@type":"BreadcrumbList","@id":"https:\/\/isf.fo\/studulin-til-itrottin-minkar-11-prosent-i-2021\/#breadcrumb","itemListElement":[{"@type":"ListItem","position":1,"name":"Home","item":"https:\/\/isf.fo\/"},{"@type":"ListItem","position":2,"name":"Stu\u00f0ulin til \u00edtr\u00f3ttin minkar 11 prosent \u00ed 2021"}]},{"@type":"WebSite","@id":"https:\/\/isf.fo\/#website","url":"https:\/\/isf.fo\/","name":"\u00cdtr\u00f3ttasamband F\u00f8roya","description":"","publisher":{"@id":"https:\/\/isf.fo\/#organization"},"potentialAction":[{"@type":"SearchAction","target":{"@type":"EntryPoint","urlTemplate":"https:\/\/isf.fo\/?s={search_term_string}"},"query-input":{"@type":"PropertyValueSpecification","valueRequired":true,"valueName":"search_term_string"}}],"inLanguage":"en-US"},{"@type":"Organization","@id":"https:\/\/isf.fo\/#organization","name":"\u00cdtr\u00f3ttasamband F\u00f8roya","url":"https:\/\/isf.fo\/","logo":{"@type":"ImageObject","inLanguage":"en-US","@id":"https:\/\/isf.fo\/#\/schema\/logo\/image\/","url":"https:\/\/isf.fo\/wp-content\/uploads\/2025\/06\/ISF_Olympic-Committee-logo.png","contentUrl":"https:\/\/isf.fo\/wp-content\/uploads\/2025\/06\/ISF_Olympic-Committee-logo.png","width":618,"height":121,"caption":"\u00cdtr\u00f3ttasamband F\u00f8roya"},"image":{"@id":"https:\/\/isf.fo\/#\/schema\/logo\/image\/"},"sameAs":["https:\/\/www.facebook.com\/itrottasambandid"]},{"@type":"Person","@id":"https:\/\/isf.fo\/#\/schema\/person\/78ac1b623dbf0ace868a5dbcdaed016d","name":"Petur Mitt\u00fan","image":{"@type":"ImageObject","inLanguage":"en-US","@id":"https:\/\/secure.gravatar.com\/avatar\/6f731b65ffaeb1029d9436acc96fc12c3cef9200131daa85ab7762529a25d1d2?s=96&d=mm&r=g","url":"https:\/\/secure.gravatar.com\/avatar\/6f731b65ffaeb1029d9436acc96fc12c3cef9200131daa85ab7762529a25d1d2?s=96&d=mm&r=g","contentUrl":"https:\/\/secure.gravatar.com\/avatar\/6f731b65ffaeb1029d9436acc96fc12c3cef9200131daa85ab7762529a25d1d2?s=96&d=mm&r=g","caption":"Petur Mitt\u00fan"},"url":"https:\/\/isf.fo\/en\/author\/petur\/"}]}},"_links":{"self":[{"href":"https:\/\/isf.fo\/en\/wp-json\/wp\/v2\/posts\/7753","targetHints":{"allow":["GET"]}}],"collection":[{"href":"https:\/\/isf.fo\/en\/wp-json\/wp\/v2\/posts"}],"about":[{"href":"https:\/\/isf.fo\/en\/wp-json\/wp\/v2\/types\/post"}],"author":[{"embeddable":true,"href":"https:\/\/isf.fo\/en\/wp-json\/wp\/v2\/users\/6"}],"replies":[{"embeddable":true,"href":"https:\/\/isf.fo\/en\/wp-json\/wp\/v2\/comments?post=7753"}],"version-history":[{"count":3,"href":"https:\/\/isf.fo\/en\/wp-json\/wp\/v2\/posts\/7753\/revisions"}],"predecessor-version":[{"id":7756,"href":"https:\/\/isf.fo\/en\/wp-json\/wp\/v2\/posts\/7753\/revisions\/7756"}],"wp:featuredmedia":[{"embeddable":true,"href":"https:\/\/isf.fo\/en\/wp-json\/wp\/v2\/media\/7355"}],"wp:attachment":[{"href":"https:\/\/isf.fo\/en\/wp-json\/wp\/v2\/media?parent=7753"}],"wp:term":[{"taxonomy":"category","embeddable":true,"href":"https:\/\/isf.fo\/en\/wp-json\/wp\/v2\/categories?post=7753"},{"taxonomy":"post_tag","embeddable":true,"href":"https:\/\/isf.fo\/en\/wp-json\/wp\/v2\/tags?post=7753"}],"curies":[{"name":"wp","href":"https:\/\/api.w.org\/{rel}","templated":true}]}}