{"id":7973,"date":"2020-11-19T11:33:37","date_gmt":"2020-11-19T11:33:37","guid":{"rendered":"https:\/\/isf.fo\/?p=7973"},"modified":"2021-01-07T11:17:32","modified_gmt":"2021-01-07T11:17:32","slug":"datuverndarlogin","status":"publish","type":"post","link":"https:\/\/isf.fo\/en\/datuverndarlogin\/","title":{"rendered":"D\u00e1tuverndarl\u00f3gin"},"content":{"rendered":"<p><strong>1. januar 2021 kemur n\u00fdggj D\u00e1tuverndarl\u00f3g \u00ed gildi<\/strong> og er ta\u00f0 umr\u00e1\u00f0andi, at fel\u00f8g og sambond seta seg inn \u00ed n\u00fdggju reglurnar.<\/p>\n<p>Veglei\u00f0ingin og fylgiskj\u00f8lini hava veri\u00f0 til hoyringar hj\u00e1 sambondunum, og eru n\u00fa r\u00e6tta\u00f0i til.<\/p>\n<p><strong>Tilfari\u00f0:<\/strong><\/p>\n<ul>\n<li><a href=\"https:\/\/d21ockg4ri0hhk.cloudfront.net\/wp-content\/uploads\/2020\/11\/30192712\/Kunning-og-vegleiding-til-itrottarfelogini-vidvikjandi-vidgerd-av-personupplysingum-1.pdf\" target=\"_blank\" rel=\"noopener noreferrer\"><strong><em>Kunning og veglei\u00f0ing<\/em><\/strong><\/a> til \u00edtr\u00f3ttarfel\u00f8gini vi\u00f0v\u00edkjandi vi\u00f0ger\u00f0 av pers\u00f3nuppl\u00fdsingum<\/li>\n<li><a href=\"https:\/\/d21ockg4ri0hhk.cloudfront.net\/wp-content\/uploads\/2020\/11\/30192712\/2020-11-19-Fylgiskjal-1-Privatlivspolitikkur-skabelon-1.docx\" target=\"_blank\" rel=\"noopener noreferrer\"><strong>Fylgiskjal 1:<\/strong> <em><strong>Privatl\u00edvspolitikkur<\/strong> <\/em><\/a>(<em>sum fel\u00f8gini skulu fylla \u00fat og almannakunngera fyri s\u00ednum limum o.\u00f8<\/em>)<\/li>\n<li><a href=\"https:\/\/d21ockg4ri0hhk.cloudfront.net\/wp-content\/uploads\/2020\/11\/30192712\/2020-11-19-Fylgiskjal-2-Vidgerdir-av-personupplysingum-1.docx\" target=\"_blank\" rel=\"noopener noreferrer\"><strong>Fylgiskjal 2:<\/strong><em><strong>Yvirlit yvir vi\u00f0ger\u00f0ir av pers\u00f3nuppl\u00fdsingum<\/strong><\/em><\/a> (<em>her skulu fel\u00f8gini skjalpr\u00f3gva, hvussu pers\u00f3nsuppl\u00fdsingarnar ver\u00f0a vi\u00f0gj\u00f8rdir<\/em>)<\/li>\n<li><a href=\"https:\/\/d21ockg4ri0hhk.cloudfront.net\/wp-content\/uploads\/2020\/11\/30192712\/2020-11-19-Fylgiskjal-3-Datuvidgeraravtala-skabelon-1.docx\" target=\"_blank\" rel=\"noopener noreferrer\"><strong>Fylgiskjal 3:<\/strong><em><strong>D\u00e1tuvi\u00f0geraravtala <\/strong><\/em><\/a>(<em>flestu d\u00e1tuvi\u00f0gerar hava standardavtalur, og er hetta ein alternativ, um d\u00e1tuvi\u00f0gerin ikki hevur eina<\/em>)<\/li>\n<\/ul>\n<p><strong>GG:<\/strong> at sambond \u00ed \u00e1v\u00edsan mun vi\u00f0gera pers\u00f3nuppl\u00fdsingar, og eiga t\u00ed eisini at seta seg inn \u00ed og br\u00faka tilfari\u00f0.<\/p>\n<p>Fel\u00f8g og sambond eru meira enn v\u00e6lkomin at seta seg \u00ed samband vi\u00f0 skrivstovuna hj\u00e1 \u00cdSF vi\u00f0 ivam\u00e1lum og spurningum.<\/p>\n<p>Veglei\u00f0ingar til reglurnar \u00ed D\u00e1tuverndarl\u00f3gini finna tit<em><strong> <a href=\"https:\/\/dat.fo\/datuverndarlogin\/\" target=\"_blank\" rel=\"noopener noreferrer\">her<\/a><\/strong><\/em><\/p>","protected":false},"excerpt":{"rendered":"<p>1. januar 2021 kemur n\u00fdggj D\u00e1tuverndarl\u00f3g \u00ed gildi og er ta\u00f0 umr\u00e1\u00f0andi, at fel\u00f8g og sambond seta seg inn \u00ed [&hellip;]<\/p>\n","protected":false},"author":7,"featured_media":7974,"comment_status":"closed","ping_status":"open","sticky":false,"template":"","format":"standard","meta":{"_acf_changed":false,"_relevanssi_hide_post":"","_relevanssi_hide_content":"","_relevanssi_pin_for_all":"","_relevanssi_pin_keywords":"","_relevanssi_unpin_keywords":"","_relevanssi_related_keywords":"","_relevanssi_related_include_ids":"","_relevanssi_related_exclude_ids":"","_relevanssi_related_no_append":"","_relevanssi_related_not_related":"","_relevanssi_related_posts":"","_relevanssi_noindex_reason":"","inline_featured_image":false,"footnotes":""},"categories":[3],"tags":[],"class_list":["post-7973","post","type-post","status-publish","format-standard","has-post-thumbnail","hentry","category-ymiskt"],"acf":[],"yoast_head":"<!-- This site is optimized with the Yoast SEO plugin v28.1 - https:\/\/yoast.com\/product\/yoast-seo-wordpress\/ -->\n<title>D\u00e1tuverndarl\u00f3gin - \u00cdtr\u00f3ttasamband F\u00f8roya<\/title>\n<meta name=\"robots\" content=\"index, follow, max-snippet:-1, max-image-preview:large, max-video-preview:-1\" \/>\n<link rel=\"canonical\" href=\"https:\/\/isf.fo\/en\/datuverndarlogin\/\" \/>\n<meta property=\"og:locale\" content=\"en_US\" \/>\n<meta property=\"og:type\" content=\"article\" \/>\n<meta property=\"og:title\" content=\"D\u00e1tuverndarl\u00f3gin - \u00cdtr\u00f3ttasamband F\u00f8roya\" \/>\n<meta property=\"og:description\" content=\"1. januar 2021 kemur n\u00fdggj D\u00e1tuverndarl\u00f3g \u00ed gildi og er ta\u00f0 umr\u00e1\u00f0andi, at fel\u00f8g og sambond seta seg inn \u00ed [&hellip;]\" \/>\n<meta property=\"og:url\" content=\"https:\/\/isf.fo\/en\/datuverndarlogin\/\" \/>\n<meta property=\"og:site_name\" content=\"\u00cdtr\u00f3ttasamband F\u00f8roya\" \/>\n<meta property=\"article:publisher\" content=\"https:\/\/www.facebook.com\/itrottasambandid\" \/>\n<meta property=\"article:published_time\" content=\"2020-11-19T11:33:37+00:00\" \/>\n<meta property=\"article:modified_time\" content=\"2021-01-07T11:17:32+00:00\" \/>\n<meta property=\"og:image\" content=\"https:\/\/d21ockg4ri0hhk.cloudfront.net\/wp-content\/uploads\/2020\/11\/30192713\/Datuverndarlogin.png\" \/>\n\t<meta property=\"og:image:width\" content=\"836\" \/>\n\t<meta property=\"og:image:height\" content=\"470\" \/>\n\t<meta property=\"og:image:type\" content=\"image\/png\" \/>\n<meta name=\"author\" content=\"Finnbj\u00f8rg Nattestad\" \/>\n<meta name=\"twitter:card\" content=\"summary_large_image\" \/>\n<meta name=\"twitter:label1\" content=\"Written by\" \/>\n\t<meta name=\"twitter:data1\" content=\"Finnbj\u00f8rg Nattestad\" \/>\n\t<meta name=\"twitter:label2\" content=\"Est. reading time\" \/>\n\t<meta name=\"twitter:data2\" content=\"1 minute\" \/>\n<script type=\"application\/ld+json\" class=\"yoast-schema-graph\">{\"@context\":\"https:\\\/\\\/schema.org\",\"@graph\":[{\"@type\":\"Article\",\"@id\":\"https:\\\/\\\/isf.fo\\\/datuverndarlogin\\\/#article\",\"isPartOf\":{\"@id\":\"https:\\\/\\\/isf.fo\\\/datuverndarlogin\\\/\"},\"author\":{\"name\":\"Finnbj\u00f8rg Nattestad\",\"@id\":\"https:\\\/\\\/isf.fo\\\/#\\\/schema\\\/person\\\/40282266438b1b15251ad39401612366\"},\"headline\":\"D\u00e1tuverndarl\u00f3gin\",\"datePublished\":\"2020-11-19T11:33:37+00:00\",\"dateModified\":\"2021-01-07T11:17:32+00:00\",\"mainEntityOfPage\":{\"@id\":\"https:\\\/\\\/isf.fo\\\/datuverndarlogin\\\/\"},\"wordCount\":181,\"publisher\":{\"@id\":\"https:\\\/\\\/isf.fo\\\/#organization\"},\"image\":{\"@id\":\"https:\\\/\\\/isf.fo\\\/datuverndarlogin\\\/#primaryimage\"},\"thumbnailUrl\":\"https:\\\/\\\/d21ockg4ri0hhk.cloudfront.net\\\/wp-content\\\/uploads\\\/2020\\\/11\\\/30192713\\\/Datuverndarlogin.png\",\"articleSection\":[\"Ymiskt\"],\"inLanguage\":\"en-US\"},{\"@type\":\"WebPage\",\"@id\":\"https:\\\/\\\/isf.fo\\\/datuverndarlogin\\\/\",\"url\":\"https:\\\/\\\/isf.fo\\\/datuverndarlogin\\\/\",\"name\":\"D\u00e1tuverndarl\u00f3gin - \u00cdtr\u00f3ttasamband F\u00f8roya\",\"isPartOf\":{\"@id\":\"https:\\\/\\\/isf.fo\\\/#website\"},\"primaryImageOfPage\":{\"@id\":\"https:\\\/\\\/isf.fo\\\/datuverndarlogin\\\/#primaryimage\"},\"image\":{\"@id\":\"https:\\\/\\\/isf.fo\\\/datuverndarlogin\\\/#primaryimage\"},\"thumbnailUrl\":\"https:\\\/\\\/d21ockg4ri0hhk.cloudfront.net\\\/wp-content\\\/uploads\\\/2020\\\/11\\\/30192713\\\/Datuverndarlogin.png\",\"datePublished\":\"2020-11-19T11:33:37+00:00\",\"dateModified\":\"2021-01-07T11:17:32+00:00\",\"breadcrumb\":{\"@id\":\"https:\\\/\\\/isf.fo\\\/datuverndarlogin\\\/#breadcrumb\"},\"inLanguage\":\"en-US\",\"potentialAction\":[{\"@type\":\"ReadAction\",\"target\":[\"https:\\\/\\\/isf.fo\\\/datuverndarlogin\\\/\"]}]},{\"@type\":\"ImageObject\",\"inLanguage\":\"en-US\",\"@id\":\"https:\\\/\\\/isf.fo\\\/datuverndarlogin\\\/#primaryimage\",\"url\":\"https:\\\/\\\/d21ockg4ri0hhk.cloudfront.net\\\/wp-content\\\/uploads\\\/2020\\\/11\\\/30192713\\\/Datuverndarlogin.png\",\"contentUrl\":\"https:\\\/\\\/d21ockg4ri0hhk.cloudfront.net\\\/wp-content\\\/uploads\\\/2020\\\/11\\\/30192713\\\/Datuverndarlogin.png\",\"width\":836,\"height\":470},{\"@type\":\"BreadcrumbList\",\"@id\":\"https:\\\/\\\/isf.fo\\\/datuverndarlogin\\\/#breadcrumb\",\"itemListElement\":[{\"@type\":\"ListItem\",\"position\":1,\"name\":\"Home\",\"item\":\"https:\\\/\\\/isf.fo\\\/\"},{\"@type\":\"ListItem\",\"position\":2,\"name\":\"D\u00e1tuverndarl\u00f3gin\"}]},{\"@type\":\"WebSite\",\"@id\":\"https:\\\/\\\/isf.fo\\\/#website\",\"url\":\"https:\\\/\\\/isf.fo\\\/\",\"name\":\"\u00cdtr\u00f3ttasamband F\u00f8roya\",\"description\":\"\",\"publisher\":{\"@id\":\"https:\\\/\\\/isf.fo\\\/#organization\"},\"potentialAction\":[{\"@type\":\"SearchAction\",\"target\":{\"@type\":\"EntryPoint\",\"urlTemplate\":\"https:\\\/\\\/isf.fo\\\/?s={search_term_string}\"},\"query-input\":{\"@type\":\"PropertyValueSpecification\",\"valueRequired\":true,\"valueName\":\"search_term_string\"}}],\"inLanguage\":\"en-US\"},{\"@type\":\"Organization\",\"@id\":\"https:\\\/\\\/isf.fo\\\/#organization\",\"name\":\"\u00cdtr\u00f3ttasamband F\u00f8roya\",\"url\":\"https:\\\/\\\/isf.fo\\\/\",\"logo\":{\"@type\":\"ImageObject\",\"inLanguage\":\"en-US\",\"@id\":\"https:\\\/\\\/isf.fo\\\/#\\\/schema\\\/logo\\\/image\\\/\",\"url\":\"https:\\\/\\\/isf.fo\\\/wp-content\\\/uploads\\\/2025\\\/06\\\/ISF_Olympic-Committee-logo.png\",\"contentUrl\":\"https:\\\/\\\/isf.fo\\\/wp-content\\\/uploads\\\/2025\\\/06\\\/ISF_Olympic-Committee-logo.png\",\"width\":618,\"height\":121,\"caption\":\"\u00cdtr\u00f3ttasamband F\u00f8roya\"},\"image\":{\"@id\":\"https:\\\/\\\/isf.fo\\\/#\\\/schema\\\/logo\\\/image\\\/\"},\"sameAs\":[\"https:\\\/\\\/www.facebook.com\\\/itrottasambandid\"]},{\"@type\":\"Person\",\"@id\":\"https:\\\/\\\/isf.fo\\\/#\\\/schema\\\/person\\\/40282266438b1b15251ad39401612366\",\"name\":\"Finnbj\u00f8rg Nattestad\",\"image\":{\"@type\":\"ImageObject\",\"inLanguage\":\"en-US\",\"@id\":\"https:\\\/\\\/secure.gravatar.com\\\/avatar\\\/8abac675fc6517af7fca6afac1f3d82d100c45ced81d3c217cda179b6904938f?s=96&d=mm&r=g\",\"url\":\"https:\\\/\\\/secure.gravatar.com\\\/avatar\\\/8abac675fc6517af7fca6afac1f3d82d100c45ced81d3c217cda179b6904938f?s=96&d=mm&r=g\",\"contentUrl\":\"https:\\\/\\\/secure.gravatar.com\\\/avatar\\\/8abac675fc6517af7fca6afac1f3d82d100c45ced81d3c217cda179b6904938f?s=96&d=mm&r=g\",\"caption\":\"Finnbj\u00f8rg Nattestad\"},\"url\":\"https:\\\/\\\/isf.fo\\\/en\\\/author\\\/finnbjorg\\\/\"}]}<\/script>\n<!-- \/ Yoast SEO plugin. -->","yoast_head_json":{"title":"D\u00e1tuverndarl\u00f3gin - \u00cdtr\u00f3ttasamband F\u00f8roya","robots":{"index":"index","follow":"follow","max-snippet":"max-snippet:-1","max-image-preview":"max-image-preview:large","max-video-preview":"max-video-preview:-1"},"canonical":"https:\/\/isf.fo\/en\/datuverndarlogin\/","og_locale":"en_US","og_type":"article","og_title":"D\u00e1tuverndarl\u00f3gin - \u00cdtr\u00f3ttasamband F\u00f8roya","og_description":"1. januar 2021 kemur n\u00fdggj D\u00e1tuverndarl\u00f3g \u00ed gildi og er ta\u00f0 umr\u00e1\u00f0andi, at fel\u00f8g og sambond seta seg inn \u00ed [&hellip;]","og_url":"https:\/\/isf.fo\/en\/datuverndarlogin\/","og_site_name":"\u00cdtr\u00f3ttasamband F\u00f8roya","article_publisher":"https:\/\/www.facebook.com\/itrottasambandid","article_published_time":"2020-11-19T11:33:37+00:00","article_modified_time":"2021-01-07T11:17:32+00:00","og_image":[{"width":836,"height":470,"url":"https:\/\/d21ockg4ri0hhk.cloudfront.net\/wp-content\/uploads\/2020\/11\/30192713\/Datuverndarlogin.png","type":"image\/png"}],"author":"Finnbj\u00f8rg Nattestad","twitter_card":"summary_large_image","twitter_misc":{"Written by":"Finnbj\u00f8rg Nattestad","Est. reading time":"1 minute"},"schema":{"@context":"https:\/\/schema.org","@graph":[{"@type":"Article","@id":"https:\/\/isf.fo\/datuverndarlogin\/#article","isPartOf":{"@id":"https:\/\/isf.fo\/datuverndarlogin\/"},"author":{"name":"Finnbj\u00f8rg Nattestad","@id":"https:\/\/isf.fo\/#\/schema\/person\/40282266438b1b15251ad39401612366"},"headline":"D\u00e1tuverndarl\u00f3gin","datePublished":"2020-11-19T11:33:37+00:00","dateModified":"2021-01-07T11:17:32+00:00","mainEntityOfPage":{"@id":"https:\/\/isf.fo\/datuverndarlogin\/"},"wordCount":181,"publisher":{"@id":"https:\/\/isf.fo\/#organization"},"image":{"@id":"https:\/\/isf.fo\/datuverndarlogin\/#primaryimage"},"thumbnailUrl":"https:\/\/d21ockg4ri0hhk.cloudfront.net\/wp-content\/uploads\/2020\/11\/30192713\/Datuverndarlogin.png","articleSection":["Ymiskt"],"inLanguage":"en-US"},{"@type":"WebPage","@id":"https:\/\/isf.fo\/datuverndarlogin\/","url":"https:\/\/isf.fo\/datuverndarlogin\/","name":"D\u00e1tuverndarl\u00f3gin - \u00cdtr\u00f3ttasamband F\u00f8roya","isPartOf":{"@id":"https:\/\/isf.fo\/#website"},"primaryImageOfPage":{"@id":"https:\/\/isf.fo\/datuverndarlogin\/#primaryimage"},"image":{"@id":"https:\/\/isf.fo\/datuverndarlogin\/#primaryimage"},"thumbnailUrl":"https:\/\/d21ockg4ri0hhk.cloudfront.net\/wp-content\/uploads\/2020\/11\/30192713\/Datuverndarlogin.png","datePublished":"2020-11-19T11:33:37+00:00","dateModified":"2021-01-07T11:17:32+00:00","breadcrumb":{"@id":"https:\/\/isf.fo\/datuverndarlogin\/#breadcrumb"},"inLanguage":"en-US","potentialAction":[{"@type":"ReadAction","target":["https:\/\/isf.fo\/datuverndarlogin\/"]}]},{"@type":"ImageObject","inLanguage":"en-US","@id":"https:\/\/isf.fo\/datuverndarlogin\/#primaryimage","url":"https:\/\/d21ockg4ri0hhk.cloudfront.net\/wp-content\/uploads\/2020\/11\/30192713\/Datuverndarlogin.png","contentUrl":"https:\/\/d21ockg4ri0hhk.cloudfront.net\/wp-content\/uploads\/2020\/11\/30192713\/Datuverndarlogin.png","width":836,"height":470},{"@type":"BreadcrumbList","@id":"https:\/\/isf.fo\/datuverndarlogin\/#breadcrumb","itemListElement":[{"@type":"ListItem","position":1,"name":"Home","item":"https:\/\/isf.fo\/"},{"@type":"ListItem","position":2,"name":"D\u00e1tuverndarl\u00f3gin"}]},{"@type":"WebSite","@id":"https:\/\/isf.fo\/#website","url":"https:\/\/isf.fo\/","name":"\u00cdtr\u00f3ttasamband F\u00f8roya","description":"","publisher":{"@id":"https:\/\/isf.fo\/#organization"},"potentialAction":[{"@type":"SearchAction","target":{"@type":"EntryPoint","urlTemplate":"https:\/\/isf.fo\/?s={search_term_string}"},"query-input":{"@type":"PropertyValueSpecification","valueRequired":true,"valueName":"search_term_string"}}],"inLanguage":"en-US"},{"@type":"Organization","@id":"https:\/\/isf.fo\/#organization","name":"\u00cdtr\u00f3ttasamband F\u00f8roya","url":"https:\/\/isf.fo\/","logo":{"@type":"ImageObject","inLanguage":"en-US","@id":"https:\/\/isf.fo\/#\/schema\/logo\/image\/","url":"https:\/\/isf.fo\/wp-content\/uploads\/2025\/06\/ISF_Olympic-Committee-logo.png","contentUrl":"https:\/\/isf.fo\/wp-content\/uploads\/2025\/06\/ISF_Olympic-Committee-logo.png","width":618,"height":121,"caption":"\u00cdtr\u00f3ttasamband F\u00f8roya"},"image":{"@id":"https:\/\/isf.fo\/#\/schema\/logo\/image\/"},"sameAs":["https:\/\/www.facebook.com\/itrottasambandid"]},{"@type":"Person","@id":"https:\/\/isf.fo\/#\/schema\/person\/40282266438b1b15251ad39401612366","name":"Finnbj\u00f8rg Nattestad","image":{"@type":"ImageObject","inLanguage":"en-US","@id":"https:\/\/secure.gravatar.com\/avatar\/8abac675fc6517af7fca6afac1f3d82d100c45ced81d3c217cda179b6904938f?s=96&d=mm&r=g","url":"https:\/\/secure.gravatar.com\/avatar\/8abac675fc6517af7fca6afac1f3d82d100c45ced81d3c217cda179b6904938f?s=96&d=mm&r=g","contentUrl":"https:\/\/secure.gravatar.com\/avatar\/8abac675fc6517af7fca6afac1f3d82d100c45ced81d3c217cda179b6904938f?s=96&d=mm&r=g","caption":"Finnbj\u00f8rg Nattestad"},"url":"https:\/\/isf.fo\/en\/author\/finnbjorg\/"}]}},"_links":{"self":[{"href":"https:\/\/isf.fo\/en\/wp-json\/wp\/v2\/posts\/7973","targetHints":{"allow":["GET"]}}],"collection":[{"href":"https:\/\/isf.fo\/en\/wp-json\/wp\/v2\/posts"}],"about":[{"href":"https:\/\/isf.fo\/en\/wp-json\/wp\/v2\/types\/post"}],"author":[{"embeddable":true,"href":"https:\/\/isf.fo\/en\/wp-json\/wp\/v2\/users\/7"}],"replies":[{"embeddable":true,"href":"https:\/\/isf.fo\/en\/wp-json\/wp\/v2\/comments?post=7973"}],"version-history":[{"count":7,"href":"https:\/\/isf.fo\/en\/wp-json\/wp\/v2\/posts\/7973\/revisions"}],"predecessor-version":[{"id":8169,"href":"https:\/\/isf.fo\/en\/wp-json\/wp\/v2\/posts\/7973\/revisions\/8169"}],"wp:featuredmedia":[{"embeddable":true,"href":"https:\/\/isf.fo\/en\/wp-json\/wp\/v2\/media\/7974"}],"wp:attachment":[{"href":"https:\/\/isf.fo\/en\/wp-json\/wp\/v2\/media?parent=7973"}],"wp:term":[{"taxonomy":"category","embeddable":true,"href":"https:\/\/isf.fo\/en\/wp-json\/wp\/v2\/categories?post=7973"},{"taxonomy":"post_tag","embeddable":true,"href":"https:\/\/isf.fo\/en\/wp-json\/wp\/v2\/tags?post=7973"}],"curies":[{"name":"wp","href":"https:\/\/api.w.org\/{rel}","templated":true}]}}