{"id":8343,"date":"2021-02-15T13:07:47","date_gmt":"2021-02-15T13:07:47","guid":{"rendered":"https:\/\/isf.fo\/?p=8343"},"modified":"2021-02-15T13:08:57","modified_gmt":"2021-02-15T13:08:57","slug":"vinnarar-a-itrottafagnadinum-2020","status":"publish","type":"post","link":"https:\/\/isf.fo\/en\/vinnarar-a-itrottafagnadinum-2020\/","title":{"rendered":"Vinnarar \u00e1 \u00cdtr\u00f3ttaFAGNA\u00d0INUM 2020"},"content":{"rendered":"<h1><strong>Vinnarar \u00e1 \u00cdtr\u00f3ttaFAGNA\u00d0INUM 2020<\/strong><\/h1>\n<p><strong>Leygarkv\u00f8ldi\u00f0 13. februar var Mentanarh\u00fasi\u00f0 \u00ed Fuglafir\u00f0i karmur um \u00cdtr\u00f3ttaFAGNA\u00d0IN, sum \u00cdSF skipa\u00f0i fyri \u00e1 tri\u00f0ja sinni. Tey, i\u00f0 v\u00f3r\u00f0u tilnevnd og hei\u00f0ra\u00f0, eru b\u00e6\u00f0i \u00farm\u00e6lingar innan s\u00edna \u00edtr\u00f3ttargrein, og f\u00f3lk, i\u00f0 eru savnandi og mennandi fyri lokala \u00edtr\u00f3ttarl\u00edvi\u00f0<\/strong><\/p>\n<p>Fimm hei\u00f0ursl\u00f8nir v\u00f3r\u00f0u l\u00e6tnar, umframt Hei\u00f0ursskjal Poul E. Petersen.<\/p>\n<p><strong>\u00cdtr\u00f3ttaNAVNI\u00d0 2020<\/strong> er Sverri Sandberg Nielsen, i\u00f0 b\u00e6\u00f0i er Evropameistari og silvurvinnari \u00ed Heimsmeistarakappingini \u00ed single sculler. Hann hevur pr\u00f3gva\u00f0, hvussu langt \u00e1r\u00e6\u00f0i og mi\u00f0v\u00eds venjing kann bera.<\/p>\n<p>Hini tilnevndu\u00a0 v\u00f3ru V\u00e1r Erlingsd\u00f3ttir Ejdesgaard, svimjari, og J\u00f3an S\u00edmum Edmundsson, f\u00f3tb\u00f3ltsleikari.<\/p>\n<p><img decoding=\"async\" class=\"alignnone size-full wp-image-8345 lazyload\" data-src=\"https:\/\/d21ockg4ri0hhk.cloudfront.net\/wp-content\/uploads\/2021\/02\/30192622\/Navn.jpeg\" alt=\"\" width=\"1280\" height=\"854\" data-srcset=\"https:\/\/d21ockg4ri0hhk.cloudfront.net\/wp-content\/uploads\/2021\/02\/30192622\/Navn.jpeg 1280w, https:\/\/d21ockg4ri0hhk.cloudfront.net\/wp-content\/uploads\/2021\/02\/30192622\/Navn-300x200.jpeg 300w, https:\/\/d21ockg4ri0hhk.cloudfront.net\/wp-content\/uploads\/2021\/02\/30192622\/Navn-700x467.jpeg 700w, https:\/\/d21ockg4ri0hhk.cloudfront.net\/wp-content\/uploads\/2021\/02\/30192622\/Navn-768x512.jpeg 768w, https:\/\/d21ockg4ri0hhk.cloudfront.net\/wp-content\/uploads\/2021\/02\/30192622\/Navn-24x16.jpeg 24w, https:\/\/d21ockg4ri0hhk.cloudfront.net\/wp-content\/uploads\/2021\/02\/30192622\/Navn-36x24.jpeg 36w, https:\/\/d21ockg4ri0hhk.cloudfront.net\/wp-content\/uploads\/2021\/02\/30192622\/Navn-48x32.jpeg 48w, https:\/\/d21ockg4ri0hhk.cloudfront.net\/wp-content\/uploads\/2021\/02\/30192622\/Navn-272x182.jpeg 272w\" data-sizes=\"(max-width: 1280px) 100vw, 1280px\" src=\"data:image\/svg+xml;base64,PHN2ZyB3aWR0aD0iMSIgaGVpZ2h0PSIxIiB4bWxucz0iaHR0cDovL3d3dy53My5vcmcvMjAwMC9zdmciPjwvc3ZnPg==\" style=\"--smush-placeholder-width: 1280px; --smush-placeholder-aspect-ratio: 1280\/854;\" \/><\/p>\n<p><strong>STJ\u00d8RNUSKOTI\u00d0 2020<\/strong> gj\u00f8rdist ungi mi\u00f0verjin \u00far HB, Samuel Johansen Chukwudi. \u00ed tilnevningini st\u00f3\u00f0 millum anna\u00f0, at hann er eitt d\u00f8mi um ein sera evnar\u00edkan leikara, i\u00f0 einans 17 \u00e1ra gamal hevur gj\u00f8rt seg galdandi \u00e1 besta li\u00f0num. Hann hevur tiki\u00f0 seg beinlei\u00f0is av U17 landsli\u00f0num upp \u00e1 U21.<\/p>\n<p>Hini tilnevndu v\u00f3ru H\u00e1kun West av Teigum, i\u00f0 er h\u00f8grivongur \u00ed bestu deildini hj\u00e1 Skanderborg H\u00e5ndbold, og Astri\u00f0 Nanly Breckmann \u00far Havnar Fimleikafelag.<\/p>\n<p><img decoding=\"async\" class=\"alignnone size-full wp-image-8346 lazyload\" data-src=\"https:\/\/d21ockg4ri0hhk.cloudfront.net\/wp-content\/uploads\/2021\/02\/30192621\/Stjornuskot.jpg\" alt=\"\" width=\"800\" height=\"1200\" data-srcset=\"https:\/\/d21ockg4ri0hhk.cloudfront.net\/wp-content\/uploads\/2021\/02\/30192621\/Stjornuskot.jpg 800w, https:\/\/d21ockg4ri0hhk.cloudfront.net\/wp-content\/uploads\/2021\/02\/30192621\/Stjornuskot-200x300.jpg 200w, https:\/\/d21ockg4ri0hhk.cloudfront.net\/wp-content\/uploads\/2021\/02\/30192621\/Stjornuskot-700x1050.jpg 700w, https:\/\/d21ockg4ri0hhk.cloudfront.net\/wp-content\/uploads\/2021\/02\/30192621\/Stjornuskot-768x1152.jpg 768w, https:\/\/d21ockg4ri0hhk.cloudfront.net\/wp-content\/uploads\/2021\/02\/30192621\/Stjornuskot-16x24.jpg 16w, https:\/\/d21ockg4ri0hhk.cloudfront.net\/wp-content\/uploads\/2021\/02\/30192621\/Stjornuskot-24x36.jpg 24w, https:\/\/d21ockg4ri0hhk.cloudfront.net\/wp-content\/uploads\/2021\/02\/30192621\/Stjornuskot-32x48.jpg 32w\" data-sizes=\"(max-width: 800px) 100vw, 800px\" src=\"data:image\/svg+xml;base64,PHN2ZyB3aWR0aD0iMSIgaGVpZ2h0PSIxIiB4bWxucz0iaHR0cDovL3d3dy53My5vcmcvMjAwMC9zdmciPjwvc3ZnPg==\" style=\"--smush-placeholder-width: 800px; --smush-placeholder-aspect-ratio: 800\/1200;\" \/><\/p>\n<p><strong>FYRIMYNDIN 2020<\/strong> er Guri\u00f0 Krossl\u00e1 Augustinussen. Hei\u00f0urin fekk hon fyri alla ta orku, hon hevur lagt \u00ed hondb\u00f3ltin at kalla alt s\u00edtt l\u00edv. \u00cd 22 \u00e1r hevur hon sp\u00e6lt \u00ed bestu deildini, umframt at hon er venjari, d\u00f3mari og luttekur \u00ed sj\u00e1lvbodna arbei\u00f0inum. Hon skipar fyri \u00e1rliga Hondb\u00f3ltssk\u00falanum og hevur sta\u00f0i\u00f0 fyri kappingini Faroe Islands Handball Cup.<\/p>\n<p>Saman vi\u00f0 Guri\u00f0 Krossl\u00e1 Augustinussen v\u00f3ru Per Mikkelsen, i\u00f0 n\u00fdtir n\u00f3gva t\u00ed\u00f0 til ungd\u00f3msf\u00f3tb\u00f3ltin \u00e1 Sk\u00e1la, umframt Malvinus \u00ed Gong, i\u00f0 at kalla einsamallur hevur endurreist Klaksv\u00edkar Judofelag, tilnevndir.<\/p>\n<p><img decoding=\"async\" class=\"alignnone size-full wp-image-8347 lazyload\" data-src=\"https:\/\/d21ockg4ri0hhk.cloudfront.net\/wp-content\/uploads\/2021\/02\/30192620\/Fyrimynd.jpeg\" alt=\"\" width=\"1280\" height=\"854\" data-srcset=\"https:\/\/d21ockg4ri0hhk.cloudfront.net\/wp-content\/uploads\/2021\/02\/30192620\/Fyrimynd.jpeg 1280w, https:\/\/d21ockg4ri0hhk.cloudfront.net\/wp-content\/uploads\/2021\/02\/30192620\/Fyrimynd-300x200.jpeg 300w, https:\/\/d21ockg4ri0hhk.cloudfront.net\/wp-content\/uploads\/2021\/02\/30192620\/Fyrimynd-700x467.jpeg 700w, https:\/\/d21ockg4ri0hhk.cloudfront.net\/wp-content\/uploads\/2021\/02\/30192620\/Fyrimynd-768x512.jpeg 768w, https:\/\/d21ockg4ri0hhk.cloudfront.net\/wp-content\/uploads\/2021\/02\/30192620\/Fyrimynd-24x16.jpeg 24w, https:\/\/d21ockg4ri0hhk.cloudfront.net\/wp-content\/uploads\/2021\/02\/30192620\/Fyrimynd-36x24.jpeg 36w, https:\/\/d21ockg4ri0hhk.cloudfront.net\/wp-content\/uploads\/2021\/02\/30192620\/Fyrimynd-48x32.jpeg 48w, https:\/\/d21ockg4ri0hhk.cloudfront.net\/wp-content\/uploads\/2021\/02\/30192620\/Fyrimynd-272x182.jpeg 272w\" data-sizes=\"(max-width: 1280px) 100vw, 1280px\" src=\"data:image\/svg+xml;base64,PHN2ZyB3aWR0aD0iMSIgaGVpZ2h0PSIxIiB4bWxucz0iaHR0cDovL3d3dy53My5vcmcvMjAwMC9zdmciPjwvc3ZnPg==\" style=\"--smush-placeholder-width: 1280px; --smush-placeholder-aspect-ratio: 1280\/854;\" \/><\/p>\n<p><strong>\u00cdtr\u00f3tta\u00c1TAKI\u00d0 2020 <\/strong>er Faroe Islands Handball Cup. Hetta var sera v\u00e6l skipa\u00f0 \u00e1tak, sum VB skipa\u00f0i fyri \u00ed tr\u00edggjar dagar \u00ed august 2020. Umlei\u00f0 400 b\u00f8rn og ung lutt\u00f3ku.<\/p>\n<p>\u00cd uppskoti til besta \u00edtr\u00f3tta\u00e1tak v\u00f3ru eisini Fimleikur fyri \u00f8ll, i\u00f0 eru sm\u00e1 videobrot \u00e1 sosialu mi\u00f0lunum, sum kunnu eggja og hj\u00e1lpa f\u00f3lki til at venja heima, og Sk\u00falaf\u00f3tb\u00f3ltur, i\u00f0 bj\u00f3\u00f0ar b\u00f8rnum og ungum fr\u00e1 1. flokki og heilt upp til mi\u00f0n\u00e1m at kappast \u00ed Margh\u00f8llini \u00ed V\u00e1gi.<\/p>\n<p><img decoding=\"async\" class=\"alignnone size-full wp-image-8348 lazyload\" data-src=\"https:\/\/d21ockg4ri0hhk.cloudfront.net\/wp-content\/uploads\/2021\/02\/30192620\/Handball_cup.jpeg\" alt=\"\" width=\"1280\" height=\"854\" data-srcset=\"https:\/\/d21ockg4ri0hhk.cloudfront.net\/wp-content\/uploads\/2021\/02\/30192620\/Handball_cup.jpeg 1280w, https:\/\/d21ockg4ri0hhk.cloudfront.net\/wp-content\/uploads\/2021\/02\/30192620\/Handball_cup-300x200.jpeg 300w, https:\/\/d21ockg4ri0hhk.cloudfront.net\/wp-content\/uploads\/2021\/02\/30192620\/Handball_cup-700x467.jpeg 700w, https:\/\/d21ockg4ri0hhk.cloudfront.net\/wp-content\/uploads\/2021\/02\/30192620\/Handball_cup-768x512.jpeg 768w, https:\/\/d21ockg4ri0hhk.cloudfront.net\/wp-content\/uploads\/2021\/02\/30192620\/Handball_cup-24x16.jpeg 24w, https:\/\/d21ockg4ri0hhk.cloudfront.net\/wp-content\/uploads\/2021\/02\/30192620\/Handball_cup-36x24.jpeg 36w, https:\/\/d21ockg4ri0hhk.cloudfront.net\/wp-content\/uploads\/2021\/02\/30192620\/Handball_cup-48x32.jpeg 48w, https:\/\/d21ockg4ri0hhk.cloudfront.net\/wp-content\/uploads\/2021\/02\/30192620\/Handball_cup-272x182.jpeg 272w\" data-sizes=\"(max-width: 1280px) 100vw, 1280px\" src=\"data:image\/svg+xml;base64,PHN2ZyB3aWR0aD0iMSIgaGVpZ2h0PSIxIiB4bWxucz0iaHR0cDovL3d3dy53My5vcmcvMjAwMC9zdmciPjwvc3ZnPg==\" style=\"--smush-placeholder-width: 1280px; --smush-placeholder-aspect-ratio: 1280\/854;\" \/><\/p>\n<p><strong>\u00cdtr\u00f3ttaFELAGSSKAPURIN<\/strong> 2020 er Hondb\u00f3ltssamband F\u00f8roya. Endam\u00e1li\u00f0 vi\u00f0 at hei\u00f0ra felagskapin er at seta sj\u00f3neykuna \u00e1 st\u00f3ra arbei\u00f0i, i\u00f0 ver\u00f0ur gj\u00f8rt \u00ed sersambondum og -fel\u00f8gum kring landi\u00f0. \u00cd grundgevingini st\u00f3\u00f0, at HSF hevur fleirfalda\u00f0 virksemi\u00f0 seinnu \u00e1rini og hevur av \u00e1lvara sett fer\u00f0 \u00e1 altj\u00f3\u00f0a virksemi\u00f0 vi\u00f0 HM og EM lutt\u00f8ku \u00ed fleiri aldursb\u00f3lkum og vi\u00f0 g\u00f3\u00f0um \u00farslitum. N\u00f3gvir leikarar hava seinastu \u00e1rini fingi\u00f0 s\u00e1ttm\u00e1la uttanlands.<\/p>\n<p>\u00cd uppskoti saman vi\u00f0 HSF v\u00f3ru K\u00cd og Kurvab\u00f3ltssamband F\u00f8roya.<\/p>\n<p><img decoding=\"async\" class=\"alignnone size-full wp-image-8349 lazyload\" data-src=\"https:\/\/d21ockg4ri0hhk.cloudfront.net\/wp-content\/uploads\/2021\/02\/30192619\/Felagsskapur.jpeg\" alt=\"\" width=\"1280\" height=\"854\" data-srcset=\"https:\/\/d21ockg4ri0hhk.cloudfront.net\/wp-content\/uploads\/2021\/02\/30192619\/Felagsskapur.jpeg 1280w, https:\/\/d21ockg4ri0hhk.cloudfront.net\/wp-content\/uploads\/2021\/02\/30192619\/Felagsskapur-300x200.jpeg 300w, https:\/\/d21ockg4ri0hhk.cloudfront.net\/wp-content\/uploads\/2021\/02\/30192619\/Felagsskapur-700x467.jpeg 700w, https:\/\/d21ockg4ri0hhk.cloudfront.net\/wp-content\/uploads\/2021\/02\/30192619\/Felagsskapur-768x512.jpeg 768w, https:\/\/d21ockg4ri0hhk.cloudfront.net\/wp-content\/uploads\/2021\/02\/30192619\/Felagsskapur-24x16.jpeg 24w, https:\/\/d21ockg4ri0hhk.cloudfront.net\/wp-content\/uploads\/2021\/02\/30192619\/Felagsskapur-36x24.jpeg 36w, https:\/\/d21ockg4ri0hhk.cloudfront.net\/wp-content\/uploads\/2021\/02\/30192619\/Felagsskapur-48x32.jpeg 48w, https:\/\/d21ockg4ri0hhk.cloudfront.net\/wp-content\/uploads\/2021\/02\/30192619\/Felagsskapur-272x182.jpeg 272w\" data-sizes=\"(max-width: 1280px) 100vw, 1280px\" src=\"data:image\/svg+xml;base64,PHN2ZyB3aWR0aD0iMSIgaGVpZ2h0PSIxIiB4bWxucz0iaHR0cDovL3d3dy53My5vcmcvMjAwMC9zdmciPjwvc3ZnPg==\" style=\"--smush-placeholder-width: 1280px; --smush-placeholder-aspect-ratio: 1280\/854;\" \/><\/p>\n<p><strong>Hei\u00f0ursskjal Poul E. Petersen <\/strong>var\u00f0 lati\u00f0 J\u00f3hannu Troest. \u00cd grundgevingini st\u00f3\u00f0 millum anna\u00f0 solei\u00f0is:<\/p>\n<p>J\u00f3hanna stovna\u00f0i saman vi\u00f0 \u00f8\u00f0rum, Fimleikafelagi\u00f0 St\u00f8kk, fyri 54 \u00e1rum s\u00ed\u00f0ani og hevur veri\u00f0 virkin \u00ed felagnum \u00f8ll \u00e1rini. Saman vi\u00f0 manninum, Kai Aage Troest, st\u00f3\u00f0 hon \u00e1 odda fyri fleiri barna- og ungd\u00f3msli\u00f0um, sum veruliga gj\u00f8rdu seg galdandi \u00ed f\u00f8royskum kappingarfimleiki.<\/p>\n<p>\u00d8ll \u00e1rini hevur J\u00f3hanna veri\u00f0 ein st\u00f3r fyrimynd og ein elds\u00e1l, sum alt\u00ed\u00f0 hevur givi\u00f0 n\u00fdggjum venjarum g\u00f3\u00f0 r\u00e1\u00f0 og veglei\u00f0ing. H\u00f3ast J\u00f3hanna Troest er blivin 80 \u00e1r, og kroppurin ikki alt\u00ed\u00f0 orkar ta\u00f0 sama sum h\u00f8vdi\u00f0, hevur hon enn orku og \u00e1r\u00e6\u00f0i at skipa fyri venjingunum.<\/p>\n<p>Endam\u00e1li\u00f0 vi\u00f0 at lata hei\u00f0ursskjal Poul E. Petersen er at hei\u00f0ra elds\u00e1lir \u00ed f\u00f8royskum \u00edtr\u00f3tti, og fyri hei\u00f0urin fekk J\u00f3hanna Troest gulln\u00e1l \u00cdSF.<\/p>\n<p><img decoding=\"async\" class=\"alignnone size-full wp-image-8350 lazyload\" data-src=\"https:\/\/d21ockg4ri0hhk.cloudfront.net\/wp-content\/uploads\/2021\/02\/30192619\/PoulEPetersen.jpeg\" alt=\"\" width=\"1280\" height=\"720\" data-srcset=\"https:\/\/d21ockg4ri0hhk.cloudfront.net\/wp-content\/uploads\/2021\/02\/30192619\/PoulEPetersen.jpeg 1280w, https:\/\/d21ockg4ri0hhk.cloudfront.net\/wp-content\/uploads\/2021\/02\/30192619\/PoulEPetersen-300x169.jpeg 300w, https:\/\/d21ockg4ri0hhk.cloudfront.net\/wp-content\/uploads\/2021\/02\/30192619\/PoulEPetersen-700x394.jpeg 700w, https:\/\/d21ockg4ri0hhk.cloudfront.net\/wp-content\/uploads\/2021\/02\/30192619\/PoulEPetersen-768x432.jpeg 768w, https:\/\/d21ockg4ri0hhk.cloudfront.net\/wp-content\/uploads\/2021\/02\/30192619\/PoulEPetersen-24x14.jpeg 24w, https:\/\/d21ockg4ri0hhk.cloudfront.net\/wp-content\/uploads\/2021\/02\/30192619\/PoulEPetersen-36x20.jpeg 36w, https:\/\/d21ockg4ri0hhk.cloudfront.net\/wp-content\/uploads\/2021\/02\/30192619\/PoulEPetersen-48x27.jpeg 48w\" data-sizes=\"(max-width: 1280px) 100vw, 1280px\" src=\"data:image\/svg+xml;base64,PHN2ZyB3aWR0aD0iMSIgaGVpZ2h0PSIxIiB4bWxucz0iaHR0cDovL3d3dy53My5vcmcvMjAwMC9zdmciPjwvc3ZnPg==\" style=\"--smush-placeholder-width: 1280px; --smush-placeholder-aspect-ratio: 1280\/720;\" \/><\/p>\n<p>Allir vinnararnir fingu steyp, skreytbla\u00f0 og bl\u00f3mur. Hartil fingu tey, sum vunnu \u00c1TAKI\u00d0 og FELAGSSKAPIN 15.000 kr \u00ed part.<\/p>\n<p>NAVNI\u00d0, \u00a0STJ\u00d8RNUSKOTI\u00d0 og FYRIMYNDIN fingu 5000 kr \u00ed part.<\/p>","protected":false},"excerpt":{"rendered":"<p>Vinnarar \u00e1 \u00cdtr\u00f3ttaFAGNA\u00d0INUM 2020 Leygarkv\u00f8ldi\u00f0 13. februar var Mentanarh\u00fasi\u00f0 \u00ed Fuglafir\u00f0i karmur um \u00cdtr\u00f3ttaFAGNA\u00d0IN, sum \u00cdSF skipa\u00f0i fyri \u00e1 tri\u00f0ja [&hellip;]<\/p>\n","protected":false},"author":7,"featured_media":8344,"comment_status":"closed","ping_status":"closed","sticky":false,"template":"","format":"standard","meta":{"_acf_changed":false,"_relevanssi_hide_post":"","_relevanssi_hide_content":"","_relevanssi_pin_for_all":"","_relevanssi_pin_keywords":"","_relevanssi_unpin_keywords":"","_relevanssi_related_keywords":"","_relevanssi_related_include_ids":"","_relevanssi_related_exclude_ids":"","_relevanssi_related_no_append":"","_relevanssi_related_not_related":"","_relevanssi_related_posts":"","_relevanssi_noindex_reason":"","inline_featured_image":false,"footnotes":""},"categories":[2],"tags":[],"class_list":["post-8343","post","type-post","status-publish","format-standard","has-post-thumbnail","hentry","category-isf"],"acf":[],"yoast_head":"<!-- This site is optimized with the Yoast SEO plugin v27.5 - https:\/\/yoast.com\/product\/yoast-seo-wordpress\/ -->\n<title>Vinnarar \u00e1 \u00cdtr\u00f3ttaFAGNA\u00d0INUM 2020 - \u00cdtr\u00f3ttasamband F\u00f8roya<\/title>\n<meta name=\"robots\" content=\"index, follow, max-snippet:-1, max-image-preview:large, max-video-preview:-1\" \/>\n<link rel=\"canonical\" href=\"https:\/\/isf.fo\/en\/vinnarar-a-itrottafagnadinum-2020\/\" \/>\n<meta property=\"og:locale\" content=\"en_US\" \/>\n<meta property=\"og:type\" content=\"article\" \/>\n<meta property=\"og:title\" content=\"Vinnarar \u00e1 \u00cdtr\u00f3ttaFAGNA\u00d0INUM 2020 - \u00cdtr\u00f3ttasamband F\u00f8roya\" \/>\n<meta property=\"og:description\" content=\"Vinnarar \u00e1 \u00cdtr\u00f3ttaFAGNA\u00d0INUM 2020 Leygarkv\u00f8ldi\u00f0 13. februar var Mentanarh\u00fasi\u00f0 \u00ed Fuglafir\u00f0i karmur um \u00cdtr\u00f3ttaFAGNA\u00d0IN, sum \u00cdSF skipa\u00f0i fyri \u00e1 tri\u00f0ja [&hellip;]\" \/>\n<meta property=\"og:url\" content=\"https:\/\/isf.fo\/en\/vinnarar-a-itrottafagnadinum-2020\/\" \/>\n<meta property=\"og:site_name\" content=\"\u00cdtr\u00f3ttasamband F\u00f8roya\" \/>\n<meta property=\"article:publisher\" content=\"https:\/\/www.facebook.com\/itrottasambandid\" \/>\n<meta property=\"article:published_time\" content=\"2021-02-15T13:07:47+00:00\" \/>\n<meta property=\"article:modified_time\" content=\"2021-02-15T13:08:57+00:00\" \/>\n<meta property=\"og:image\" content=\"https:\/\/d21ockg4ri0hhk.cloudfront.net\/wp-content\/uploads\/2021\/02\/30192622\/Mynd_1.jpeg\" \/>\n\t<meta property=\"og:image:width\" content=\"1280\" \/>\n\t<meta property=\"og:image:height\" content=\"720\" \/>\n\t<meta property=\"og:image:type\" content=\"image\/jpeg\" \/>\n<meta name=\"author\" content=\"Finnbj\u00f8rg Nattestad\" \/>\n<meta name=\"twitter:card\" content=\"summary_large_image\" \/>\n<meta name=\"twitter:label1\" content=\"Written by\" \/>\n\t<meta name=\"twitter:data1\" content=\"Finnbj\u00f8rg Nattestad\" \/>\n\t<meta name=\"twitter:label2\" content=\"Est. reading time\" \/>\n\t<meta name=\"twitter:data2\" content=\"3 minutes\" \/>\n<script type=\"application\/ld+json\" class=\"yoast-schema-graph\">{\"@context\":\"https:\\\/\\\/schema.org\",\"@graph\":[{\"@type\":\"Article\",\"@id\":\"https:\\\/\\\/isf.fo\\\/vinnarar-a-itrottafagnadinum-2020\\\/#article\",\"isPartOf\":{\"@id\":\"https:\\\/\\\/isf.fo\\\/vinnarar-a-itrottafagnadinum-2020\\\/\"},\"author\":{\"name\":\"Finnbj\u00f8rg Nattestad\",\"@id\":\"https:\\\/\\\/isf.fo\\\/#\\\/schema\\\/person\\\/40282266438b1b15251ad39401612366\"},\"headline\":\"Vinnarar \u00e1 \u00cdtr\u00f3ttaFAGNA\u00d0INUM 2020\",\"datePublished\":\"2021-02-15T13:07:47+00:00\",\"dateModified\":\"2021-02-15T13:08:57+00:00\",\"mainEntityOfPage\":{\"@id\":\"https:\\\/\\\/isf.fo\\\/vinnarar-a-itrottafagnadinum-2020\\\/\"},\"wordCount\":653,\"publisher\":{\"@id\":\"https:\\\/\\\/isf.fo\\\/#organization\"},\"image\":{\"@id\":\"https:\\\/\\\/isf.fo\\\/vinnarar-a-itrottafagnadinum-2020\\\/#primaryimage\"},\"thumbnailUrl\":\"https:\\\/\\\/d21ockg4ri0hhk.cloudfront.net\\\/wp-content\\\/uploads\\\/2021\\\/02\\\/30192622\\\/Mynd_1.jpeg\",\"articleSection\":[\"\u00cdSF\"],\"inLanguage\":\"en-US\"},{\"@type\":\"WebPage\",\"@id\":\"https:\\\/\\\/isf.fo\\\/vinnarar-a-itrottafagnadinum-2020\\\/\",\"url\":\"https:\\\/\\\/isf.fo\\\/vinnarar-a-itrottafagnadinum-2020\\\/\",\"name\":\"Vinnarar \u00e1 \u00cdtr\u00f3ttaFAGNA\u00d0INUM 2020 - \u00cdtr\u00f3ttasamband F\u00f8roya\",\"isPartOf\":{\"@id\":\"https:\\\/\\\/isf.fo\\\/#website\"},\"primaryImageOfPage\":{\"@id\":\"https:\\\/\\\/isf.fo\\\/vinnarar-a-itrottafagnadinum-2020\\\/#primaryimage\"},\"image\":{\"@id\":\"https:\\\/\\\/isf.fo\\\/vinnarar-a-itrottafagnadinum-2020\\\/#primaryimage\"},\"thumbnailUrl\":\"https:\\\/\\\/d21ockg4ri0hhk.cloudfront.net\\\/wp-content\\\/uploads\\\/2021\\\/02\\\/30192622\\\/Mynd_1.jpeg\",\"datePublished\":\"2021-02-15T13:07:47+00:00\",\"dateModified\":\"2021-02-15T13:08:57+00:00\",\"breadcrumb\":{\"@id\":\"https:\\\/\\\/isf.fo\\\/vinnarar-a-itrottafagnadinum-2020\\\/#breadcrumb\"},\"inLanguage\":\"en-US\",\"potentialAction\":[{\"@type\":\"ReadAction\",\"target\":[\"https:\\\/\\\/isf.fo\\\/vinnarar-a-itrottafagnadinum-2020\\\/\"]}]},{\"@type\":\"ImageObject\",\"inLanguage\":\"en-US\",\"@id\":\"https:\\\/\\\/isf.fo\\\/vinnarar-a-itrottafagnadinum-2020\\\/#primaryimage\",\"url\":\"https:\\\/\\\/d21ockg4ri0hhk.cloudfront.net\\\/wp-content\\\/uploads\\\/2021\\\/02\\\/30192622\\\/Mynd_1.jpeg\",\"contentUrl\":\"https:\\\/\\\/d21ockg4ri0hhk.cloudfront.net\\\/wp-content\\\/uploads\\\/2021\\\/02\\\/30192622\\\/Mynd_1.jpeg\",\"width\":1280,\"height\":720},{\"@type\":\"BreadcrumbList\",\"@id\":\"https:\\\/\\\/isf.fo\\\/vinnarar-a-itrottafagnadinum-2020\\\/#breadcrumb\",\"itemListElement\":[{\"@type\":\"ListItem\",\"position\":1,\"name\":\"Home\",\"item\":\"https:\\\/\\\/isf.fo\\\/\"},{\"@type\":\"ListItem\",\"position\":2,\"name\":\"Vinnarar \u00e1 \u00cdtr\u00f3ttaFAGNA\u00d0INUM 2020\"}]},{\"@type\":\"WebSite\",\"@id\":\"https:\\\/\\\/isf.fo\\\/#website\",\"url\":\"https:\\\/\\\/isf.fo\\\/\",\"name\":\"\u00cdtr\u00f3ttasamband F\u00f8roya\",\"description\":\"\",\"publisher\":{\"@id\":\"https:\\\/\\\/isf.fo\\\/#organization\"},\"potentialAction\":[{\"@type\":\"SearchAction\",\"target\":{\"@type\":\"EntryPoint\",\"urlTemplate\":\"https:\\\/\\\/isf.fo\\\/?s={search_term_string}\"},\"query-input\":{\"@type\":\"PropertyValueSpecification\",\"valueRequired\":true,\"valueName\":\"search_term_string\"}}],\"inLanguage\":\"en-US\"},{\"@type\":\"Organization\",\"@id\":\"https:\\\/\\\/isf.fo\\\/#organization\",\"name\":\"\u00cdtr\u00f3ttasamband F\u00f8roya\",\"url\":\"https:\\\/\\\/isf.fo\\\/\",\"logo\":{\"@type\":\"ImageObject\",\"inLanguage\":\"en-US\",\"@id\":\"https:\\\/\\\/isf.fo\\\/#\\\/schema\\\/logo\\\/image\\\/\",\"url\":\"https:\\\/\\\/isf.fo\\\/wp-content\\\/uploads\\\/2025\\\/06\\\/ISF_Olympic-Committee-logo.png\",\"contentUrl\":\"https:\\\/\\\/isf.fo\\\/wp-content\\\/uploads\\\/2025\\\/06\\\/ISF_Olympic-Committee-logo.png\",\"width\":618,\"height\":121,\"caption\":\"\u00cdtr\u00f3ttasamband F\u00f8roya\"},\"image\":{\"@id\":\"https:\\\/\\\/isf.fo\\\/#\\\/schema\\\/logo\\\/image\\\/\"},\"sameAs\":[\"https:\\\/\\\/www.facebook.com\\\/itrottasambandid\"]},{\"@type\":\"Person\",\"@id\":\"https:\\\/\\\/isf.fo\\\/#\\\/schema\\\/person\\\/40282266438b1b15251ad39401612366\",\"name\":\"Finnbj\u00f8rg Nattestad\",\"image\":{\"@type\":\"ImageObject\",\"inLanguage\":\"en-US\",\"@id\":\"https:\\\/\\\/secure.gravatar.com\\\/avatar\\\/8abac675fc6517af7fca6afac1f3d82d100c45ced81d3c217cda179b6904938f?s=96&d=mm&r=g\",\"url\":\"https:\\\/\\\/secure.gravatar.com\\\/avatar\\\/8abac675fc6517af7fca6afac1f3d82d100c45ced81d3c217cda179b6904938f?s=96&d=mm&r=g\",\"contentUrl\":\"https:\\\/\\\/secure.gravatar.com\\\/avatar\\\/8abac675fc6517af7fca6afac1f3d82d100c45ced81d3c217cda179b6904938f?s=96&d=mm&r=g\",\"caption\":\"Finnbj\u00f8rg Nattestad\"},\"url\":\"https:\\\/\\\/isf.fo\\\/en\\\/author\\\/finnbjorg\\\/\"}]}<\/script>\n<!-- \/ Yoast SEO plugin. -->","yoast_head_json":{"title":"Vinnarar \u00e1 \u00cdtr\u00f3ttaFAGNA\u00d0INUM 2020 - \u00cdtr\u00f3ttasamband F\u00f8roya","robots":{"index":"index","follow":"follow","max-snippet":"max-snippet:-1","max-image-preview":"max-image-preview:large","max-video-preview":"max-video-preview:-1"},"canonical":"https:\/\/isf.fo\/en\/vinnarar-a-itrottafagnadinum-2020\/","og_locale":"en_US","og_type":"article","og_title":"Vinnarar \u00e1 \u00cdtr\u00f3ttaFAGNA\u00d0INUM 2020 - \u00cdtr\u00f3ttasamband F\u00f8roya","og_description":"Vinnarar \u00e1 \u00cdtr\u00f3ttaFAGNA\u00d0INUM 2020 Leygarkv\u00f8ldi\u00f0 13. februar var Mentanarh\u00fasi\u00f0 \u00ed Fuglafir\u00f0i karmur um \u00cdtr\u00f3ttaFAGNA\u00d0IN, sum \u00cdSF skipa\u00f0i fyri \u00e1 tri\u00f0ja [&hellip;]","og_url":"https:\/\/isf.fo\/en\/vinnarar-a-itrottafagnadinum-2020\/","og_site_name":"\u00cdtr\u00f3ttasamband F\u00f8roya","article_publisher":"https:\/\/www.facebook.com\/itrottasambandid","article_published_time":"2021-02-15T13:07:47+00:00","article_modified_time":"2021-02-15T13:08:57+00:00","og_image":[{"width":1280,"height":720,"url":"https:\/\/d21ockg4ri0hhk.cloudfront.net\/wp-content\/uploads\/2021\/02\/30192622\/Mynd_1.jpeg","type":"image\/jpeg"}],"author":"Finnbj\u00f8rg Nattestad","twitter_card":"summary_large_image","twitter_misc":{"Written by":"Finnbj\u00f8rg Nattestad","Est. reading time":"3 minutes"},"schema":{"@context":"https:\/\/schema.org","@graph":[{"@type":"Article","@id":"https:\/\/isf.fo\/vinnarar-a-itrottafagnadinum-2020\/#article","isPartOf":{"@id":"https:\/\/isf.fo\/vinnarar-a-itrottafagnadinum-2020\/"},"author":{"name":"Finnbj\u00f8rg Nattestad","@id":"https:\/\/isf.fo\/#\/schema\/person\/40282266438b1b15251ad39401612366"},"headline":"Vinnarar \u00e1 \u00cdtr\u00f3ttaFAGNA\u00d0INUM 2020","datePublished":"2021-02-15T13:07:47+00:00","dateModified":"2021-02-15T13:08:57+00:00","mainEntityOfPage":{"@id":"https:\/\/isf.fo\/vinnarar-a-itrottafagnadinum-2020\/"},"wordCount":653,"publisher":{"@id":"https:\/\/isf.fo\/#organization"},"image":{"@id":"https:\/\/isf.fo\/vinnarar-a-itrottafagnadinum-2020\/#primaryimage"},"thumbnailUrl":"https:\/\/d21ockg4ri0hhk.cloudfront.net\/wp-content\/uploads\/2021\/02\/30192622\/Mynd_1.jpeg","articleSection":["\u00cdSF"],"inLanguage":"en-US"},{"@type":"WebPage","@id":"https:\/\/isf.fo\/vinnarar-a-itrottafagnadinum-2020\/","url":"https:\/\/isf.fo\/vinnarar-a-itrottafagnadinum-2020\/","name":"Vinnarar \u00e1 \u00cdtr\u00f3ttaFAGNA\u00d0INUM 2020 - \u00cdtr\u00f3ttasamband F\u00f8roya","isPartOf":{"@id":"https:\/\/isf.fo\/#website"},"primaryImageOfPage":{"@id":"https:\/\/isf.fo\/vinnarar-a-itrottafagnadinum-2020\/#primaryimage"},"image":{"@id":"https:\/\/isf.fo\/vinnarar-a-itrottafagnadinum-2020\/#primaryimage"},"thumbnailUrl":"https:\/\/d21ockg4ri0hhk.cloudfront.net\/wp-content\/uploads\/2021\/02\/30192622\/Mynd_1.jpeg","datePublished":"2021-02-15T13:07:47+00:00","dateModified":"2021-02-15T13:08:57+00:00","breadcrumb":{"@id":"https:\/\/isf.fo\/vinnarar-a-itrottafagnadinum-2020\/#breadcrumb"},"inLanguage":"en-US","potentialAction":[{"@type":"ReadAction","target":["https:\/\/isf.fo\/vinnarar-a-itrottafagnadinum-2020\/"]}]},{"@type":"ImageObject","inLanguage":"en-US","@id":"https:\/\/isf.fo\/vinnarar-a-itrottafagnadinum-2020\/#primaryimage","url":"https:\/\/d21ockg4ri0hhk.cloudfront.net\/wp-content\/uploads\/2021\/02\/30192622\/Mynd_1.jpeg","contentUrl":"https:\/\/d21ockg4ri0hhk.cloudfront.net\/wp-content\/uploads\/2021\/02\/30192622\/Mynd_1.jpeg","width":1280,"height":720},{"@type":"BreadcrumbList","@id":"https:\/\/isf.fo\/vinnarar-a-itrottafagnadinum-2020\/#breadcrumb","itemListElement":[{"@type":"ListItem","position":1,"name":"Home","item":"https:\/\/isf.fo\/"},{"@type":"ListItem","position":2,"name":"Vinnarar \u00e1 \u00cdtr\u00f3ttaFAGNA\u00d0INUM 2020"}]},{"@type":"WebSite","@id":"https:\/\/isf.fo\/#website","url":"https:\/\/isf.fo\/","name":"\u00cdtr\u00f3ttasamband F\u00f8roya","description":"","publisher":{"@id":"https:\/\/isf.fo\/#organization"},"potentialAction":[{"@type":"SearchAction","target":{"@type":"EntryPoint","urlTemplate":"https:\/\/isf.fo\/?s={search_term_string}"},"query-input":{"@type":"PropertyValueSpecification","valueRequired":true,"valueName":"search_term_string"}}],"inLanguage":"en-US"},{"@type":"Organization","@id":"https:\/\/isf.fo\/#organization","name":"\u00cdtr\u00f3ttasamband F\u00f8roya","url":"https:\/\/isf.fo\/","logo":{"@type":"ImageObject","inLanguage":"en-US","@id":"https:\/\/isf.fo\/#\/schema\/logo\/image\/","url":"https:\/\/isf.fo\/wp-content\/uploads\/2025\/06\/ISF_Olympic-Committee-logo.png","contentUrl":"https:\/\/isf.fo\/wp-content\/uploads\/2025\/06\/ISF_Olympic-Committee-logo.png","width":618,"height":121,"caption":"\u00cdtr\u00f3ttasamband F\u00f8roya"},"image":{"@id":"https:\/\/isf.fo\/#\/schema\/logo\/image\/"},"sameAs":["https:\/\/www.facebook.com\/itrottasambandid"]},{"@type":"Person","@id":"https:\/\/isf.fo\/#\/schema\/person\/40282266438b1b15251ad39401612366","name":"Finnbj\u00f8rg Nattestad","image":{"@type":"ImageObject","inLanguage":"en-US","@id":"https:\/\/secure.gravatar.com\/avatar\/8abac675fc6517af7fca6afac1f3d82d100c45ced81d3c217cda179b6904938f?s=96&d=mm&r=g","url":"https:\/\/secure.gravatar.com\/avatar\/8abac675fc6517af7fca6afac1f3d82d100c45ced81d3c217cda179b6904938f?s=96&d=mm&r=g","contentUrl":"https:\/\/secure.gravatar.com\/avatar\/8abac675fc6517af7fca6afac1f3d82d100c45ced81d3c217cda179b6904938f?s=96&d=mm&r=g","caption":"Finnbj\u00f8rg Nattestad"},"url":"https:\/\/isf.fo\/en\/author\/finnbjorg\/"}]}},"_links":{"self":[{"href":"https:\/\/isf.fo\/en\/wp-json\/wp\/v2\/posts\/8343","targetHints":{"allow":["GET"]}}],"collection":[{"href":"https:\/\/isf.fo\/en\/wp-json\/wp\/v2\/posts"}],"about":[{"href":"https:\/\/isf.fo\/en\/wp-json\/wp\/v2\/types\/post"}],"author":[{"embeddable":true,"href":"https:\/\/isf.fo\/en\/wp-json\/wp\/v2\/users\/7"}],"replies":[{"embeddable":true,"href":"https:\/\/isf.fo\/en\/wp-json\/wp\/v2\/comments?post=8343"}],"version-history":[{"count":3,"href":"https:\/\/isf.fo\/en\/wp-json\/wp\/v2\/posts\/8343\/revisions"}],"predecessor-version":[{"id":8353,"href":"https:\/\/isf.fo\/en\/wp-json\/wp\/v2\/posts\/8343\/revisions\/8353"}],"wp:featuredmedia":[{"embeddable":true,"href":"https:\/\/isf.fo\/en\/wp-json\/wp\/v2\/media\/8344"}],"wp:attachment":[{"href":"https:\/\/isf.fo\/en\/wp-json\/wp\/v2\/media?parent=8343"}],"wp:term":[{"taxonomy":"category","embeddable":true,"href":"https:\/\/isf.fo\/en\/wp-json\/wp\/v2\/categories?post=8343"},{"taxonomy":"post_tag","embeddable":true,"href":"https:\/\/isf.fo\/en\/wp-json\/wp\/v2\/tags?post=8343"}],"curies":[{"name":"wp","href":"https:\/\/api.w.org\/{rel}","templated":true}]}}