{"id":9369,"date":"2021-10-04T12:34:02","date_gmt":"2021-10-04T12:34:02","guid":{"rendered":"https:\/\/isf.fo\/?p=9369"},"modified":"2022-11-06T14:40:05","modified_gmt":"2022-11-06T14:40:05","slug":"tak-vael-imoti-plakat","status":"publish","type":"post","link":"https:\/\/isf.fo\/en\/tak-vael-imoti-plakat\/","title":{"rendered":"Tak v\u00e6l \u00edm\u00f3ti (Plakat og faldari)"},"content":{"rendered":"<p>\u00cdSF hevur lati\u00f0 gj\u00f8rt tilfar um g\u00f3\u00f0u m\u00f3tt\u00f8kuna. Ein faldara og eina plakat, sum \u00f8ll \u00edtr\u00f3ttafelag kunnu f\u00e1a at hanga upp eitt sj\u00f3nligt sta\u00f0, har tey vanliga venja.<\/p>\n\n\n\n<p>\u00c1taki\u00f0 varpar lj\u00f3s \u00e1 t\u00fddningin at taka v\u00e6l \u00edm\u00f3ti n\u00fdggjum limum, solei\u00f0is, at tey f\u00e1a hug at koma aftur.<\/p>\n\n\n\n<p>\u00d8ll kunnu vera vi\u00f0 til at geva n\u00fdggjum \u00ed\u00f0karum ein kenslu av at kenna seg v\u00e6l \u00ed felagsskapinum &#8211; venjarar, hj\u00e1lparf\u00f3lk, foreldur og nevndarlimir.<\/p>\n\n\n\n<h2 class=\"wp-block-heading\">Bo\u00f0skapurin er, at sm\u00e1ar ger\u00f0ir gera allan munin!<\/h2>\n\n\n\n<p>Ongant\u00ed\u00f0 betri, um, tit alla t\u00ed\u00f0ina hava ta\u00f0 \u00ed huga, at \u00ed tykkara felag skulu \u00f8ll kenna seg v\u00e6l &#8211; b\u00e6\u00f0i n\u00fdggir og royndir limir.<\/p>\n\n\n\n<p>Plakatin er \u00ed g\u00f3\u00f0ari g\u00f3\u00f0sku \u00ed A2 st\u00f8dd, og tit eru \u00f8ll v\u00e6lkomin \u00e1 skrivstovuna \u00e1 Fr\u00e6lsinum 30 eftir einum ella fleiri eint\u00f8kum. Ella skriva til til isf@isf.fo <\/p>\n\n\n\n<p>Tey, sum ynskja ta\u00f0, kunnu f\u00e1a plakatina sum pdf-f\u00edlu, kunnu taka hana ni\u00f0ur her.<\/p>\n\n\n\n<p><a href=\"https:\/\/d21ockg4ri0hhk.cloudfront.net\/wp-content\/uploads\/2021\/10\/30192409\/Opid-hus-plakat_PRENT.pdf\"><strong>Tak plakatina ni\u00f0ur her<\/strong><\/a><\/p>\n\n\n\n<p><a href=\"https:\/\/isf.fo\/en\/tak-vael-imoti\/\"><strong>Tak faldara um, hvussu vit taka v\u00e6l \u00edm\u00f3t kann takast ni\u00f0ur her<\/strong><\/a><\/p>\n\n\n\n<p><a href=\"https:\/\/d21ockg4ri0hhk.cloudfront.net\/wp-content\/uploads\/2021\/10\/30192409\/Opid-hus-plakat_PRENT.pdf\"><img decoding=\"async\" width=\"150\" height=\"211\" class=\"wp-image-9370 lazyload\" style=\"--smush-placeholder-width: 150px; --smush-placeholder-aspect-ratio: 150\/211;width: 150px;\" data-src=\"https:\/\/d21ockg4ri0hhk.cloudfront.net\/wp-content\/uploads\/2021\/10\/30192412\/Tak_vael_imoti.png\" alt=\"\" data-srcset=\"https:\/\/d21ockg4ri0hhk.cloudfront.net\/wp-content\/uploads\/2021\/10\/30192412\/Tak_vael_imoti.png 535w, https:\/\/d21ockg4ri0hhk.cloudfront.net\/wp-content\/uploads\/2021\/10\/30192412\/Tak_vael_imoti-213x300.png 213w, https:\/\/d21ockg4ri0hhk.cloudfront.net\/wp-content\/uploads\/2021\/10\/30192412\/Tak_vael_imoti-17x24.png 17w, https:\/\/d21ockg4ri0hhk.cloudfront.net\/wp-content\/uploads\/2021\/10\/30192412\/Tak_vael_imoti-26x36.png 26w, https:\/\/d21ockg4ri0hhk.cloudfront.net\/wp-content\/uploads\/2021\/10\/30192412\/Tak_vael_imoti-34x48.png 34w\" data-sizes=\"(max-width: 150px) 100vw, 150px\" src=\"data:image\/svg+xml;base64,PHN2ZyB3aWR0aD0iMSIgaGVpZ2h0PSIxIiB4bWxucz0iaHR0cDovL3d3dy53My5vcmcvMjAwMC9zdmciPjwvc3ZnPg==\" \/><\/a><\/p>","protected":false},"excerpt":{"rendered":"<p>\u00cdSF hevur lati\u00f0 gj\u00f8rt tilfar um g\u00f3\u00f0u m\u00f3tt\u00f8kuna. Ein faldara og eina plakat, sum \u00f8ll \u00edtr\u00f3ttafelag kunnu f\u00e1a at hanga [&hellip;]<\/p>\n","protected":false},"author":7,"featured_media":9876,"comment_status":"closed","ping_status":"closed","sticky":false,"template":"","format":"standard","meta":{"_acf_changed":false,"_relevanssi_hide_post":"","_relevanssi_hide_content":"","_relevanssi_pin_for_all":"","_relevanssi_pin_keywords":"","_relevanssi_unpin_keywords":"","_relevanssi_related_keywords":"","_relevanssi_related_include_ids":"","_relevanssi_related_exclude_ids":"","_relevanssi_related_no_append":"","_relevanssi_related_not_related":"","_relevanssi_related_posts":"","_relevanssi_noindex_reason":"","inline_featured_image":false,"footnotes":""},"categories":[2,4],"tags":[173],"class_list":["post-9369","post","type-post","status-publish","format-standard","has-post-thumbnail","hentry","category-isf","category-menning","tag-tak-vael-imoti"],"acf":[],"yoast_head":"<!-- This site is optimized with the Yoast SEO plugin v27.3 - https:\/\/yoast.com\/product\/yoast-seo-wordpress\/ -->\n<title>Tak v\u00e6l \u00edm\u00f3ti (Plakat og faldari) - \u00cdtr\u00f3ttasamband F\u00f8roya<\/title>\n<meta name=\"robots\" content=\"index, follow, max-snippet:-1, max-image-preview:large, max-video-preview:-1\" \/>\n<link rel=\"canonical\" href=\"https:\/\/isf.fo\/en\/tak-vael-imoti-plakat\/\" \/>\n<meta property=\"og:locale\" content=\"en_US\" \/>\n<meta property=\"og:type\" content=\"article\" \/>\n<meta property=\"og:title\" content=\"Tak v\u00e6l \u00edm\u00f3ti (Plakat og faldari) - \u00cdtr\u00f3ttasamband F\u00f8roya\" \/>\n<meta property=\"og:description\" content=\"\u00cdSF hevur lati\u00f0 gj\u00f8rt tilfar um g\u00f3\u00f0u m\u00f3tt\u00f8kuna. Ein faldara og eina plakat, sum \u00f8ll \u00edtr\u00f3ttafelag kunnu f\u00e1a at hanga [&hellip;]\" \/>\n<meta property=\"og:url\" content=\"https:\/\/isf.fo\/en\/tak-vael-imoti-plakat\/\" \/>\n<meta property=\"og:site_name\" content=\"\u00cdtr\u00f3ttasamband F\u00f8roya\" \/>\n<meta property=\"article:publisher\" content=\"https:\/\/www.facebook.com\/itrottasambandid\" \/>\n<meta property=\"article:published_time\" content=\"2021-10-04T12:34:02+00:00\" \/>\n<meta property=\"article:modified_time\" content=\"2022-11-06T14:40:05+00:00\" \/>\n<meta property=\"og:image\" content=\"https:\/\/d21ockg4ri0hhk.cloudfront.net\/wp-content\/uploads\/2022\/03\/30191943\/Skaermbillede-2022-03-25-kl.-14.33.39-700x396.png\" \/>\n\t<meta property=\"og:image:width\" content=\"700\" \/>\n\t<meta property=\"og:image:height\" content=\"396\" \/>\n\t<meta property=\"og:image:type\" content=\"image\/png\" \/>\n<meta name=\"author\" content=\"Finnbj\u00f8rg Nattestad\" \/>\n<meta name=\"twitter:card\" content=\"summary_large_image\" \/>\n<meta name=\"twitter:label1\" content=\"Written by\" \/>\n\t<meta name=\"twitter:data1\" content=\"Finnbj\u00f8rg Nattestad\" \/>\n\t<meta name=\"twitter:label2\" content=\"Est. reading time\" \/>\n\t<meta name=\"twitter:data2\" content=\"2 minutes\" \/>\n<script type=\"application\/ld+json\" class=\"yoast-schema-graph\">{\"@context\":\"https:\\\/\\\/schema.org\",\"@graph\":[{\"@type\":\"Article\",\"@id\":\"https:\\\/\\\/isf.fo\\\/tak-vael-imoti-plakat\\\/#article\",\"isPartOf\":{\"@id\":\"https:\\\/\\\/isf.fo\\\/tak-vael-imoti-plakat\\\/\"},\"author\":{\"name\":\"Finnbj\u00f8rg Nattestad\",\"@id\":\"https:\\\/\\\/isf.fo\\\/#\\\/schema\\\/person\\\/40282266438b1b15251ad39401612366\"},\"headline\":\"Tak v\u00e6l \u00edm\u00f3ti (Plakat og faldari)\",\"datePublished\":\"2021-10-04T12:34:02+00:00\",\"dateModified\":\"2022-11-06T14:40:05+00:00\",\"mainEntityOfPage\":{\"@id\":\"https:\\\/\\\/isf.fo\\\/tak-vael-imoti-plakat\\\/\"},\"wordCount\":201,\"publisher\":{\"@id\":\"https:\\\/\\\/isf.fo\\\/#organization\"},\"image\":{\"@id\":\"https:\\\/\\\/isf.fo\\\/tak-vael-imoti-plakat\\\/#primaryimage\"},\"thumbnailUrl\":\"https:\\\/\\\/d21ockg4ri0hhk.cloudfront.net\\\/wp-content\\\/uploads\\\/2022\\\/03\\\/30191943\\\/Skaermbillede-2022-03-25-kl.-14.33.39.png\",\"keywords\":[\"Tak v\u00e6l \u00edm\u00f3ti\"],\"articleSection\":[\"\u00cdSF\",\"Menning\"],\"inLanguage\":\"en-US\"},{\"@type\":\"WebPage\",\"@id\":\"https:\\\/\\\/isf.fo\\\/tak-vael-imoti-plakat\\\/\",\"url\":\"https:\\\/\\\/isf.fo\\\/tak-vael-imoti-plakat\\\/\",\"name\":\"Tak v\u00e6l \u00edm\u00f3ti (Plakat og faldari) - \u00cdtr\u00f3ttasamband F\u00f8roya\",\"isPartOf\":{\"@id\":\"https:\\\/\\\/isf.fo\\\/#website\"},\"primaryImageOfPage\":{\"@id\":\"https:\\\/\\\/isf.fo\\\/tak-vael-imoti-plakat\\\/#primaryimage\"},\"image\":{\"@id\":\"https:\\\/\\\/isf.fo\\\/tak-vael-imoti-plakat\\\/#primaryimage\"},\"thumbnailUrl\":\"https:\\\/\\\/d21ockg4ri0hhk.cloudfront.net\\\/wp-content\\\/uploads\\\/2022\\\/03\\\/30191943\\\/Skaermbillede-2022-03-25-kl.-14.33.39.png\",\"datePublished\":\"2021-10-04T12:34:02+00:00\",\"dateModified\":\"2022-11-06T14:40:05+00:00\",\"breadcrumb\":{\"@id\":\"https:\\\/\\\/isf.fo\\\/tak-vael-imoti-plakat\\\/#breadcrumb\"},\"inLanguage\":\"en-US\",\"potentialAction\":[{\"@type\":\"ReadAction\",\"target\":[\"https:\\\/\\\/isf.fo\\\/tak-vael-imoti-plakat\\\/\"]}]},{\"@type\":\"ImageObject\",\"inLanguage\":\"en-US\",\"@id\":\"https:\\\/\\\/isf.fo\\\/tak-vael-imoti-plakat\\\/#primaryimage\",\"url\":\"https:\\\/\\\/d21ockg4ri0hhk.cloudfront.net\\\/wp-content\\\/uploads\\\/2022\\\/03\\\/30191943\\\/Skaermbillede-2022-03-25-kl.-14.33.39.png\",\"contentUrl\":\"https:\\\/\\\/d21ockg4ri0hhk.cloudfront.net\\\/wp-content\\\/uploads\\\/2022\\\/03\\\/30191943\\\/Skaermbillede-2022-03-25-kl.-14.33.39.png\",\"width\":2310,\"height\":1306},{\"@type\":\"BreadcrumbList\",\"@id\":\"https:\\\/\\\/isf.fo\\\/tak-vael-imoti-plakat\\\/#breadcrumb\",\"itemListElement\":[{\"@type\":\"ListItem\",\"position\":1,\"name\":\"Home\",\"item\":\"https:\\\/\\\/isf.fo\\\/\"},{\"@type\":\"ListItem\",\"position\":2,\"name\":\"Tak v\u00e6l \u00edm\u00f3ti (Plakat og faldari)\"}]},{\"@type\":\"WebSite\",\"@id\":\"https:\\\/\\\/isf.fo\\\/#website\",\"url\":\"https:\\\/\\\/isf.fo\\\/\",\"name\":\"\u00cdtr\u00f3ttasamband F\u00f8roya\",\"description\":\"\",\"publisher\":{\"@id\":\"https:\\\/\\\/isf.fo\\\/#organization\"},\"potentialAction\":[{\"@type\":\"SearchAction\",\"target\":{\"@type\":\"EntryPoint\",\"urlTemplate\":\"https:\\\/\\\/isf.fo\\\/?s={search_term_string}\"},\"query-input\":{\"@type\":\"PropertyValueSpecification\",\"valueRequired\":true,\"valueName\":\"search_term_string\"}}],\"inLanguage\":\"en-US\"},{\"@type\":\"Organization\",\"@id\":\"https:\\\/\\\/isf.fo\\\/#organization\",\"name\":\"\u00cdtr\u00f3ttasamband F\u00f8roya\",\"url\":\"https:\\\/\\\/isf.fo\\\/\",\"logo\":{\"@type\":\"ImageObject\",\"inLanguage\":\"en-US\",\"@id\":\"https:\\\/\\\/isf.fo\\\/#\\\/schema\\\/logo\\\/image\\\/\",\"url\":\"https:\\\/\\\/isf.fo\\\/wp-content\\\/uploads\\\/2025\\\/06\\\/ISF_Olympic-Committee-logo.png\",\"contentUrl\":\"https:\\\/\\\/isf.fo\\\/wp-content\\\/uploads\\\/2025\\\/06\\\/ISF_Olympic-Committee-logo.png\",\"width\":618,\"height\":121,\"caption\":\"\u00cdtr\u00f3ttasamband F\u00f8roya\"},\"image\":{\"@id\":\"https:\\\/\\\/isf.fo\\\/#\\\/schema\\\/logo\\\/image\\\/\"},\"sameAs\":[\"https:\\\/\\\/www.facebook.com\\\/itrottasambandid\"]},{\"@type\":\"Person\",\"@id\":\"https:\\\/\\\/isf.fo\\\/#\\\/schema\\\/person\\\/40282266438b1b15251ad39401612366\",\"name\":\"Finnbj\u00f8rg Nattestad\",\"image\":{\"@type\":\"ImageObject\",\"inLanguage\":\"en-US\",\"@id\":\"https:\\\/\\\/secure.gravatar.com\\\/avatar\\\/8abac675fc6517af7fca6afac1f3d82d100c45ced81d3c217cda179b6904938f?s=96&d=mm&r=g\",\"url\":\"https:\\\/\\\/secure.gravatar.com\\\/avatar\\\/8abac675fc6517af7fca6afac1f3d82d100c45ced81d3c217cda179b6904938f?s=96&d=mm&r=g\",\"contentUrl\":\"https:\\\/\\\/secure.gravatar.com\\\/avatar\\\/8abac675fc6517af7fca6afac1f3d82d100c45ced81d3c217cda179b6904938f?s=96&d=mm&r=g\",\"caption\":\"Finnbj\u00f8rg Nattestad\"},\"url\":\"https:\\\/\\\/isf.fo\\\/en\\\/author\\\/finnbjorg\\\/\"}]}<\/script>\n<!-- \/ Yoast SEO plugin. -->","yoast_head_json":{"title":"Tak v\u00e6l \u00edm\u00f3ti (Plakat og faldari) - \u00cdtr\u00f3ttasamband F\u00f8roya","robots":{"index":"index","follow":"follow","max-snippet":"max-snippet:-1","max-image-preview":"max-image-preview:large","max-video-preview":"max-video-preview:-1"},"canonical":"https:\/\/isf.fo\/en\/tak-vael-imoti-plakat\/","og_locale":"en_US","og_type":"article","og_title":"Tak v\u00e6l \u00edm\u00f3ti (Plakat og faldari) - \u00cdtr\u00f3ttasamband F\u00f8roya","og_description":"\u00cdSF hevur lati\u00f0 gj\u00f8rt tilfar um g\u00f3\u00f0u m\u00f3tt\u00f8kuna. Ein faldara og eina plakat, sum \u00f8ll \u00edtr\u00f3ttafelag kunnu f\u00e1a at hanga [&hellip;]","og_url":"https:\/\/isf.fo\/en\/tak-vael-imoti-plakat\/","og_site_name":"\u00cdtr\u00f3ttasamband F\u00f8roya","article_publisher":"https:\/\/www.facebook.com\/itrottasambandid","article_published_time":"2021-10-04T12:34:02+00:00","article_modified_time":"2022-11-06T14:40:05+00:00","og_image":[{"width":700,"height":396,"url":"https:\/\/d21ockg4ri0hhk.cloudfront.net\/wp-content\/uploads\/2022\/03\/30191943\/Skaermbillede-2022-03-25-kl.-14.33.39-700x396.png","type":"image\/png"}],"author":"Finnbj\u00f8rg Nattestad","twitter_card":"summary_large_image","twitter_misc":{"Written by":"Finnbj\u00f8rg Nattestad","Est. reading time":"2 minutes"},"schema":{"@context":"https:\/\/schema.org","@graph":[{"@type":"Article","@id":"https:\/\/isf.fo\/tak-vael-imoti-plakat\/#article","isPartOf":{"@id":"https:\/\/isf.fo\/tak-vael-imoti-plakat\/"},"author":{"name":"Finnbj\u00f8rg Nattestad","@id":"https:\/\/isf.fo\/#\/schema\/person\/40282266438b1b15251ad39401612366"},"headline":"Tak v\u00e6l \u00edm\u00f3ti (Plakat og faldari)","datePublished":"2021-10-04T12:34:02+00:00","dateModified":"2022-11-06T14:40:05+00:00","mainEntityOfPage":{"@id":"https:\/\/isf.fo\/tak-vael-imoti-plakat\/"},"wordCount":201,"publisher":{"@id":"https:\/\/isf.fo\/#organization"},"image":{"@id":"https:\/\/isf.fo\/tak-vael-imoti-plakat\/#primaryimage"},"thumbnailUrl":"https:\/\/d21ockg4ri0hhk.cloudfront.net\/wp-content\/uploads\/2022\/03\/30191943\/Skaermbillede-2022-03-25-kl.-14.33.39.png","keywords":["Tak v\u00e6l \u00edm\u00f3ti"],"articleSection":["\u00cdSF","Menning"],"inLanguage":"en-US"},{"@type":"WebPage","@id":"https:\/\/isf.fo\/tak-vael-imoti-plakat\/","url":"https:\/\/isf.fo\/tak-vael-imoti-plakat\/","name":"Tak v\u00e6l \u00edm\u00f3ti (Plakat og faldari) - \u00cdtr\u00f3ttasamband F\u00f8roya","isPartOf":{"@id":"https:\/\/isf.fo\/#website"},"primaryImageOfPage":{"@id":"https:\/\/isf.fo\/tak-vael-imoti-plakat\/#primaryimage"},"image":{"@id":"https:\/\/isf.fo\/tak-vael-imoti-plakat\/#primaryimage"},"thumbnailUrl":"https:\/\/d21ockg4ri0hhk.cloudfront.net\/wp-content\/uploads\/2022\/03\/30191943\/Skaermbillede-2022-03-25-kl.-14.33.39.png","datePublished":"2021-10-04T12:34:02+00:00","dateModified":"2022-11-06T14:40:05+00:00","breadcrumb":{"@id":"https:\/\/isf.fo\/tak-vael-imoti-plakat\/#breadcrumb"},"inLanguage":"en-US","potentialAction":[{"@type":"ReadAction","target":["https:\/\/isf.fo\/tak-vael-imoti-plakat\/"]}]},{"@type":"ImageObject","inLanguage":"en-US","@id":"https:\/\/isf.fo\/tak-vael-imoti-plakat\/#primaryimage","url":"https:\/\/d21ockg4ri0hhk.cloudfront.net\/wp-content\/uploads\/2022\/03\/30191943\/Skaermbillede-2022-03-25-kl.-14.33.39.png","contentUrl":"https:\/\/d21ockg4ri0hhk.cloudfront.net\/wp-content\/uploads\/2022\/03\/30191943\/Skaermbillede-2022-03-25-kl.-14.33.39.png","width":2310,"height":1306},{"@type":"BreadcrumbList","@id":"https:\/\/isf.fo\/tak-vael-imoti-plakat\/#breadcrumb","itemListElement":[{"@type":"ListItem","position":1,"name":"Home","item":"https:\/\/isf.fo\/"},{"@type":"ListItem","position":2,"name":"Tak v\u00e6l \u00edm\u00f3ti (Plakat og faldari)"}]},{"@type":"WebSite","@id":"https:\/\/isf.fo\/#website","url":"https:\/\/isf.fo\/","name":"\u00cdtr\u00f3ttasamband F\u00f8roya","description":"","publisher":{"@id":"https:\/\/isf.fo\/#organization"},"potentialAction":[{"@type":"SearchAction","target":{"@type":"EntryPoint","urlTemplate":"https:\/\/isf.fo\/?s={search_term_string}"},"query-input":{"@type":"PropertyValueSpecification","valueRequired":true,"valueName":"search_term_string"}}],"inLanguage":"en-US"},{"@type":"Organization","@id":"https:\/\/isf.fo\/#organization","name":"\u00cdtr\u00f3ttasamband F\u00f8roya","url":"https:\/\/isf.fo\/","logo":{"@type":"ImageObject","inLanguage":"en-US","@id":"https:\/\/isf.fo\/#\/schema\/logo\/image\/","url":"https:\/\/isf.fo\/wp-content\/uploads\/2025\/06\/ISF_Olympic-Committee-logo.png","contentUrl":"https:\/\/isf.fo\/wp-content\/uploads\/2025\/06\/ISF_Olympic-Committee-logo.png","width":618,"height":121,"caption":"\u00cdtr\u00f3ttasamband F\u00f8roya"},"image":{"@id":"https:\/\/isf.fo\/#\/schema\/logo\/image\/"},"sameAs":["https:\/\/www.facebook.com\/itrottasambandid"]},{"@type":"Person","@id":"https:\/\/isf.fo\/#\/schema\/person\/40282266438b1b15251ad39401612366","name":"Finnbj\u00f8rg Nattestad","image":{"@type":"ImageObject","inLanguage":"en-US","@id":"https:\/\/secure.gravatar.com\/avatar\/8abac675fc6517af7fca6afac1f3d82d100c45ced81d3c217cda179b6904938f?s=96&d=mm&r=g","url":"https:\/\/secure.gravatar.com\/avatar\/8abac675fc6517af7fca6afac1f3d82d100c45ced81d3c217cda179b6904938f?s=96&d=mm&r=g","contentUrl":"https:\/\/secure.gravatar.com\/avatar\/8abac675fc6517af7fca6afac1f3d82d100c45ced81d3c217cda179b6904938f?s=96&d=mm&r=g","caption":"Finnbj\u00f8rg Nattestad"},"url":"https:\/\/isf.fo\/en\/author\/finnbjorg\/"}]}},"_links":{"self":[{"href":"https:\/\/isf.fo\/en\/wp-json\/wp\/v2\/posts\/9369","targetHints":{"allow":["GET"]}}],"collection":[{"href":"https:\/\/isf.fo\/en\/wp-json\/wp\/v2\/posts"}],"about":[{"href":"https:\/\/isf.fo\/en\/wp-json\/wp\/v2\/types\/post"}],"author":[{"embeddable":true,"href":"https:\/\/isf.fo\/en\/wp-json\/wp\/v2\/users\/7"}],"replies":[{"embeddable":true,"href":"https:\/\/isf.fo\/en\/wp-json\/wp\/v2\/comments?post=9369"}],"version-history":[{"count":6,"href":"https:\/\/isf.fo\/en\/wp-json\/wp\/v2\/posts\/9369\/revisions"}],"predecessor-version":[{"id":10265,"href":"https:\/\/isf.fo\/en\/wp-json\/wp\/v2\/posts\/9369\/revisions\/10265"}],"wp:featuredmedia":[{"embeddable":true,"href":"https:\/\/isf.fo\/en\/wp-json\/wp\/v2\/media\/9876"}],"wp:attachment":[{"href":"https:\/\/isf.fo\/en\/wp-json\/wp\/v2\/media?parent=9369"}],"wp:term":[{"taxonomy":"category","embeddable":true,"href":"https:\/\/isf.fo\/en\/wp-json\/wp\/v2\/categories?post=9369"},{"taxonomy":"post_tag","embeddable":true,"href":"https:\/\/isf.fo\/en\/wp-json\/wp\/v2\/tags?post=9369"}],"curies":[{"name":"wp","href":"https:\/\/api.w.org\/{rel}","templated":true}]}}