{"id":9725,"date":"2022-02-25T15:28:16","date_gmt":"2022-02-25T15:28:16","guid":{"rendered":"https:\/\/isf.fo\/?p=9725"},"modified":"2024-08-22T13:25:43","modified_gmt":"2024-08-22T13:25:43","slug":"kom-a-radstevnu-um-fritidarlivid-i-foroyum-2-mars","status":"publish","type":"post","link":"https:\/\/isf.fo\/en\/kom-a-radstevnu-um-fritidarlivid-i-foroyum-2-mars\/","title":{"rendered":"Kom \u00e1 r\u00e1\u00f0stevnu um fr\u00edt\u00ed\u00f0arl\u00edvi\u00f0 \u00ed F\u00f8royum 2. mars!"},"content":{"rendered":"<p>\u00c1 fyrsta sinni ver\u00f0ur r\u00e1\u00f0stevna um fr\u00edt\u00ed\u00f0arl\u00edvi\u00f0 \u00ed F\u00f8royum, sum einans tekur st\u00f8\u00f0i \u00ed okkara veruleika, nevniliga \u00ed spildurn\u00fdggjari umfatandi v\u00edsindaligari kanning av fr\u00edt\u00ed\u00f0arl\u00edvinum \u00ed F\u00f8royum. <\/p>\n\n\n\n<p>Endam\u00e1li\u00f0 vi\u00f0 kanningini er at f\u00e1a til vega vitan um fr\u00edt\u00ed\u00f0arl\u00edvi\u00f0 og at v\u00edsa \u00e1 m\u00f8guleikar fyri menning.<\/p>\n\n\n\n<p>R\u00e1\u00f0stevnan er startskoti\u00f0, og her kanst t\u00fa hoyra um h\u00f8vu\u00f0s\u00farslitini, sum fevna um \u00edtr\u00f3tta- og fr\u00edt\u00ed\u00f0arvanar hj\u00e1 b\u00f8rnum og vaksnum, hentleikar \u00e1 fr\u00edt\u00ed\u00f0ar\u00f8kinum og um umst\u00f8\u00f0ur og trivna\u00f0 hj\u00e1 fel\u00f8gum. \u00c1 r\u00e1\u00f0stevnuni ver\u00f0a alskyns framl\u00f8gur og sj\u00f3narhorn at s\u00edggja fr\u00e1 b\u00e6\u00f0i serfr\u00f8\u00f0ingum, elds\u00e1lum og k\u00f8num innan s\u00edni \u00f8ki.<\/p>\n\n\n\n<p><strong>R\u00e1\u00f0stevnan ver\u00f0ur \u00ed Nor\u00f0urlandah\u00fasinum 2. mars og byrjar kl. 08.30 &#8211; 16.30. <\/strong><\/p>\n\n\n\n<p><strong>S\u00ed skr\u00e1nna <a href=\"https:\/\/d21ockg4ri0hhk.cloudfront.net\/wp-content\/uploads\/2022\/02\/30192004\/Fyribils-skra%CC%81-fyri-ra%CC%81dstevnu-at-senda-21.02.2022-endaligt.pdf\">her<\/a><\/strong><\/p>\n\n\n\n<p><strong>S\u00ed alla fr\u00e1grei\u00f0ingina <a href=\"https:\/\/loa-fonden.dk\/wp-content\/uploads\/2022\/11\/faeroesk_fritidsvaner-og-fremtidens-moedesteder-paa-faeroeerne-1.pdf\">her<\/a><\/strong><\/p>\n\n\n\n<p>Fyri fj\u00f8ldina er fr\u00edt\u00ed\u00f0in umlei\u00f0 ein tri\u00f0ingur av l\u00edvinum. T\u00ed eru framt\u00ed\u00f0ar m\u00f8guleikar og hugsj\u00f3nir fyri<br>fr\u00edt\u00ed\u00f0ina vi\u00f0komandi fyri okkum \u00f8ll. Vit v\u00f3na at s\u00edggja umbo\u00f0 fyri kommunur, \u00edtr\u00f3ttafel\u00f8g, felagsskapir, ungd\u00f3msfel\u00f8g, privatar og almennar stovnar &#8211; og onnur vi\u00f0 \u00e1huga fyri \u00f8kinum.<br><br>Seinna dagin, h\u00f3sdagin 3. mars, er m\u00f8guleiki hj\u00e1 kommunum, fel\u00f8gum og felagsskapum at koma til verkstovu, har til ber at f\u00e1a sparring vi\u00f0v\u00edkjandi m\u00f8guligum fr\u00edt\u00ed\u00f0arverk\u00e6tlanum.<\/p>\n\n\n\n<p><strong>Ta\u00f0 er \u00f3keypis at taka lut<\/strong><\/p>\n\n\n\n<p>Melda til r\u00e1\u00f0stevnuna vi\u00f0 senda ein teldupost til armgard@kf.fo ella vi\u00f0 at ringja 302480 \u00ed seinasta lagi 28. februar kl. 12.00. Vi\u00f0merk um t\u00fa \u00e6tlar at luttaka \u00e1 verkstovuni 3. mars.<\/p>","protected":false},"excerpt":{"rendered":"<p>\u00c1 fyrsta sinni ver\u00f0ur r\u00e1\u00f0stevna um fr\u00edt\u00ed\u00f0arl\u00edvi\u00f0 \u00ed F\u00f8royum, sum einans tekur st\u00f8\u00f0i \u00ed okkara veruleika, nevniliga \u00ed spildurn\u00fdggjari umfatandi [&hellip;]<\/p>\n","protected":false},"author":10,"featured_media":9727,"comment_status":"closed","ping_status":"closed","sticky":false,"template":"","format":"standard","meta":{"_acf_changed":false,"_relevanssi_hide_post":"","_relevanssi_hide_content":"","_relevanssi_pin_for_all":"","_relevanssi_pin_keywords":"","_relevanssi_unpin_keywords":"","_relevanssi_related_keywords":"","_relevanssi_related_include_ids":"","_relevanssi_related_exclude_ids":"","_relevanssi_related_no_append":"","_relevanssi_related_not_related":"","_relevanssi_related_posts":"","_relevanssi_noindex_reason":"","inline_featured_image":false,"footnotes":""},"categories":[3],"tags":[170],"class_list":["post-9725","post","type-post","status-publish","format-standard","has-post-thumbnail","hentry","category-ymiskt","tag-radstevna-um-fritidarvanar"],"acf":[],"yoast_head":"<!-- This site is optimized with the Yoast SEO plugin v27.5 - https:\/\/yoast.com\/product\/yoast-seo-wordpress\/ -->\n<title>Kom \u00e1 r\u00e1\u00f0stevnu um fr\u00edt\u00ed\u00f0arl\u00edvi\u00f0 \u00ed F\u00f8royum 2. mars! - \u00cdtr\u00f3ttasamband F\u00f8roya<\/title>\n<meta name=\"robots\" content=\"index, follow, max-snippet:-1, max-image-preview:large, max-video-preview:-1\" \/>\n<link rel=\"canonical\" href=\"https:\/\/isf.fo\/en\/kom-a-radstevnu-um-fritidarlivid-i-foroyum-2-mars\/\" \/>\n<meta property=\"og:locale\" content=\"en_US\" \/>\n<meta property=\"og:type\" content=\"article\" \/>\n<meta property=\"og:title\" content=\"Kom \u00e1 r\u00e1\u00f0stevnu um fr\u00edt\u00ed\u00f0arl\u00edvi\u00f0 \u00ed F\u00f8royum 2. mars! - \u00cdtr\u00f3ttasamband F\u00f8roya\" \/>\n<meta property=\"og:description\" content=\"\u00c1 fyrsta sinni ver\u00f0ur r\u00e1\u00f0stevna um fr\u00edt\u00ed\u00f0arl\u00edvi\u00f0 \u00ed F\u00f8royum, sum einans tekur st\u00f8\u00f0i \u00ed okkara veruleika, nevniliga \u00ed spildurn\u00fdggjari umfatandi [&hellip;]\" \/>\n<meta property=\"og:url\" content=\"https:\/\/isf.fo\/en\/kom-a-radstevnu-um-fritidarlivid-i-foroyum-2-mars\/\" \/>\n<meta property=\"og:site_name\" content=\"\u00cdtr\u00f3ttasamband F\u00f8roya\" \/>\n<meta property=\"article:publisher\" content=\"https:\/\/www.facebook.com\/itrottasambandid\" \/>\n<meta property=\"article:published_time\" content=\"2022-02-25T15:28:16+00:00\" \/>\n<meta property=\"article:modified_time\" content=\"2024-08-22T13:25:43+00:00\" \/>\n<meta property=\"og:image\" content=\"https:\/\/d21ockg4ri0hhk.cloudfront.net\/wp-content\/uploads\/2022\/02\/30192003\/Mynd-til-ti%CC%81dindastubba-.jpg\" \/>\n\t<meta property=\"og:image:width\" content=\"1280\" \/>\n\t<meta property=\"og:image:height\" content=\"960\" \/>\n\t<meta property=\"og:image:type\" content=\"image\/jpeg\" \/>\n<meta name=\"author\" content=\"Katrin Dam \u00e1 Neystab\u00f8\" \/>\n<meta name=\"twitter:card\" content=\"summary_large_image\" \/>\n<meta name=\"twitter:label1\" content=\"Written by\" \/>\n\t<meta name=\"twitter:data1\" content=\"Katrin Dam \u00e1 Neystab\u00f8\" \/>\n\t<meta name=\"twitter:label2\" content=\"Est. reading time\" \/>\n\t<meta name=\"twitter:data2\" content=\"2 minutes\" \/>\n<script type=\"application\/ld+json\" class=\"yoast-schema-graph\">{\"@context\":\"https:\\\/\\\/schema.org\",\"@graph\":[{\"@type\":\"Article\",\"@id\":\"https:\\\/\\\/isf.fo\\\/kom-a-radstevnu-um-fritidarlivid-i-foroyum-2-mars\\\/#article\",\"isPartOf\":{\"@id\":\"https:\\\/\\\/isf.fo\\\/kom-a-radstevnu-um-fritidarlivid-i-foroyum-2-mars\\\/\"},\"author\":{\"name\":\"Katrin Dam \u00e1 Neystab\u00f8\",\"@id\":\"https:\\\/\\\/isf.fo\\\/#\\\/schema\\\/person\\\/9246a98c90293eb716bf93be9ae6e565\"},\"headline\":\"Kom \u00e1 r\u00e1\u00f0stevnu um fr\u00edt\u00ed\u00f0arl\u00edvi\u00f0 \u00ed F\u00f8royum 2. mars!\",\"datePublished\":\"2022-02-25T15:28:16+00:00\",\"dateModified\":\"2024-08-22T13:25:43+00:00\",\"mainEntityOfPage\":{\"@id\":\"https:\\\/\\\/isf.fo\\\/kom-a-radstevnu-um-fritidarlivid-i-foroyum-2-mars\\\/\"},\"wordCount\":287,\"publisher\":{\"@id\":\"https:\\\/\\\/isf.fo\\\/#organization\"},\"image\":{\"@id\":\"https:\\\/\\\/isf.fo\\\/kom-a-radstevnu-um-fritidarlivid-i-foroyum-2-mars\\\/#primaryimage\"},\"thumbnailUrl\":\"https:\\\/\\\/d21ockg4ri0hhk.cloudfront.net\\\/wp-content\\\/uploads\\\/2022\\\/02\\\/30192003\\\/Mynd-til-ti%CC%81dindastubba-.jpg\",\"keywords\":[\"R\u00e1\u00f0stevna um fr\u00edt\u00ed\u00f0arvanar\"],\"articleSection\":[\"Ymiskt\"],\"inLanguage\":\"en-US\"},{\"@type\":\"WebPage\",\"@id\":\"https:\\\/\\\/isf.fo\\\/kom-a-radstevnu-um-fritidarlivid-i-foroyum-2-mars\\\/\",\"url\":\"https:\\\/\\\/isf.fo\\\/kom-a-radstevnu-um-fritidarlivid-i-foroyum-2-mars\\\/\",\"name\":\"Kom \u00e1 r\u00e1\u00f0stevnu um fr\u00edt\u00ed\u00f0arl\u00edvi\u00f0 \u00ed F\u00f8royum 2. mars! - \u00cdtr\u00f3ttasamband F\u00f8roya\",\"isPartOf\":{\"@id\":\"https:\\\/\\\/isf.fo\\\/#website\"},\"primaryImageOfPage\":{\"@id\":\"https:\\\/\\\/isf.fo\\\/kom-a-radstevnu-um-fritidarlivid-i-foroyum-2-mars\\\/#primaryimage\"},\"image\":{\"@id\":\"https:\\\/\\\/isf.fo\\\/kom-a-radstevnu-um-fritidarlivid-i-foroyum-2-mars\\\/#primaryimage\"},\"thumbnailUrl\":\"https:\\\/\\\/d21ockg4ri0hhk.cloudfront.net\\\/wp-content\\\/uploads\\\/2022\\\/02\\\/30192003\\\/Mynd-til-ti%CC%81dindastubba-.jpg\",\"datePublished\":\"2022-02-25T15:28:16+00:00\",\"dateModified\":\"2024-08-22T13:25:43+00:00\",\"breadcrumb\":{\"@id\":\"https:\\\/\\\/isf.fo\\\/kom-a-radstevnu-um-fritidarlivid-i-foroyum-2-mars\\\/#breadcrumb\"},\"inLanguage\":\"en-US\",\"potentialAction\":[{\"@type\":\"ReadAction\",\"target\":[\"https:\\\/\\\/isf.fo\\\/kom-a-radstevnu-um-fritidarlivid-i-foroyum-2-mars\\\/\"]}]},{\"@type\":\"ImageObject\",\"inLanguage\":\"en-US\",\"@id\":\"https:\\\/\\\/isf.fo\\\/kom-a-radstevnu-um-fritidarlivid-i-foroyum-2-mars\\\/#primaryimage\",\"url\":\"https:\\\/\\\/d21ockg4ri0hhk.cloudfront.net\\\/wp-content\\\/uploads\\\/2022\\\/02\\\/30192003\\\/Mynd-til-ti%CC%81dindastubba-.jpg\",\"contentUrl\":\"https:\\\/\\\/d21ockg4ri0hhk.cloudfront.net\\\/wp-content\\\/uploads\\\/2022\\\/02\\\/30192003\\\/Mynd-til-ti%CC%81dindastubba-.jpg\",\"width\":1280,\"height\":960},{\"@type\":\"BreadcrumbList\",\"@id\":\"https:\\\/\\\/isf.fo\\\/kom-a-radstevnu-um-fritidarlivid-i-foroyum-2-mars\\\/#breadcrumb\",\"itemListElement\":[{\"@type\":\"ListItem\",\"position\":1,\"name\":\"Home\",\"item\":\"https:\\\/\\\/isf.fo\\\/\"},{\"@type\":\"ListItem\",\"position\":2,\"name\":\"Kom \u00e1 r\u00e1\u00f0stevnu um fr\u00edt\u00ed\u00f0arl\u00edvi\u00f0 \u00ed F\u00f8royum 2. mars!\"}]},{\"@type\":\"WebSite\",\"@id\":\"https:\\\/\\\/isf.fo\\\/#website\",\"url\":\"https:\\\/\\\/isf.fo\\\/\",\"name\":\"\u00cdtr\u00f3ttasamband F\u00f8roya\",\"description\":\"\",\"publisher\":{\"@id\":\"https:\\\/\\\/isf.fo\\\/#organization\"},\"potentialAction\":[{\"@type\":\"SearchAction\",\"target\":{\"@type\":\"EntryPoint\",\"urlTemplate\":\"https:\\\/\\\/isf.fo\\\/?s={search_term_string}\"},\"query-input\":{\"@type\":\"PropertyValueSpecification\",\"valueRequired\":true,\"valueName\":\"search_term_string\"}}],\"inLanguage\":\"en-US\"},{\"@type\":\"Organization\",\"@id\":\"https:\\\/\\\/isf.fo\\\/#organization\",\"name\":\"\u00cdtr\u00f3ttasamband F\u00f8roya\",\"url\":\"https:\\\/\\\/isf.fo\\\/\",\"logo\":{\"@type\":\"ImageObject\",\"inLanguage\":\"en-US\",\"@id\":\"https:\\\/\\\/isf.fo\\\/#\\\/schema\\\/logo\\\/image\\\/\",\"url\":\"https:\\\/\\\/isf.fo\\\/wp-content\\\/uploads\\\/2025\\\/06\\\/ISF_Olympic-Committee-logo.png\",\"contentUrl\":\"https:\\\/\\\/isf.fo\\\/wp-content\\\/uploads\\\/2025\\\/06\\\/ISF_Olympic-Committee-logo.png\",\"width\":618,\"height\":121,\"caption\":\"\u00cdtr\u00f3ttasamband F\u00f8roya\"},\"image\":{\"@id\":\"https:\\\/\\\/isf.fo\\\/#\\\/schema\\\/logo\\\/image\\\/\"},\"sameAs\":[\"https:\\\/\\\/www.facebook.com\\\/itrottasambandid\"]},{\"@type\":\"Person\",\"@id\":\"https:\\\/\\\/isf.fo\\\/#\\\/schema\\\/person\\\/9246a98c90293eb716bf93be9ae6e565\",\"name\":\"Katrin Dam \u00e1 Neystab\u00f8\",\"image\":{\"@type\":\"ImageObject\",\"inLanguage\":\"en-US\",\"@id\":\"https:\\\/\\\/secure.gravatar.com\\\/avatar\\\/cd20cb8bf0deda1721a187b1a472c5cf4731e13b2bc439a92524d8e439252432?s=96&d=mm&r=g\",\"url\":\"https:\\\/\\\/secure.gravatar.com\\\/avatar\\\/cd20cb8bf0deda1721a187b1a472c5cf4731e13b2bc439a92524d8e439252432?s=96&d=mm&r=g\",\"contentUrl\":\"https:\\\/\\\/secure.gravatar.com\\\/avatar\\\/cd20cb8bf0deda1721a187b1a472c5cf4731e13b2bc439a92524d8e439252432?s=96&d=mm&r=g\",\"caption\":\"Katrin Dam \u00e1 Neystab\u00f8\"},\"url\":\"https:\\\/\\\/isf.fo\\\/en\\\/author\\\/katrin\\\/\"}]}<\/script>\n<!-- \/ Yoast SEO plugin. -->","yoast_head_json":{"title":"Kom \u00e1 r\u00e1\u00f0stevnu um fr\u00edt\u00ed\u00f0arl\u00edvi\u00f0 \u00ed F\u00f8royum 2. mars! - \u00cdtr\u00f3ttasamband F\u00f8roya","robots":{"index":"index","follow":"follow","max-snippet":"max-snippet:-1","max-image-preview":"max-image-preview:large","max-video-preview":"max-video-preview:-1"},"canonical":"https:\/\/isf.fo\/en\/kom-a-radstevnu-um-fritidarlivid-i-foroyum-2-mars\/","og_locale":"en_US","og_type":"article","og_title":"Kom \u00e1 r\u00e1\u00f0stevnu um fr\u00edt\u00ed\u00f0arl\u00edvi\u00f0 \u00ed F\u00f8royum 2. mars! - \u00cdtr\u00f3ttasamband F\u00f8roya","og_description":"\u00c1 fyrsta sinni ver\u00f0ur r\u00e1\u00f0stevna um fr\u00edt\u00ed\u00f0arl\u00edvi\u00f0 \u00ed F\u00f8royum, sum einans tekur st\u00f8\u00f0i \u00ed okkara veruleika, nevniliga \u00ed spildurn\u00fdggjari umfatandi [&hellip;]","og_url":"https:\/\/isf.fo\/en\/kom-a-radstevnu-um-fritidarlivid-i-foroyum-2-mars\/","og_site_name":"\u00cdtr\u00f3ttasamband F\u00f8roya","article_publisher":"https:\/\/www.facebook.com\/itrottasambandid","article_published_time":"2022-02-25T15:28:16+00:00","article_modified_time":"2024-08-22T13:25:43+00:00","og_image":[{"width":1280,"height":960,"url":"https:\/\/d21ockg4ri0hhk.cloudfront.net\/wp-content\/uploads\/2022\/02\/30192003\/Mynd-til-ti%CC%81dindastubba-.jpg","type":"image\/jpeg"}],"author":"Katrin Dam \u00e1 Neystab\u00f8","twitter_card":"summary_large_image","twitter_misc":{"Written by":"Katrin Dam \u00e1 Neystab\u00f8","Est. reading time":"2 minutes"},"schema":{"@context":"https:\/\/schema.org","@graph":[{"@type":"Article","@id":"https:\/\/isf.fo\/kom-a-radstevnu-um-fritidarlivid-i-foroyum-2-mars\/#article","isPartOf":{"@id":"https:\/\/isf.fo\/kom-a-radstevnu-um-fritidarlivid-i-foroyum-2-mars\/"},"author":{"name":"Katrin Dam \u00e1 Neystab\u00f8","@id":"https:\/\/isf.fo\/#\/schema\/person\/9246a98c90293eb716bf93be9ae6e565"},"headline":"Kom \u00e1 r\u00e1\u00f0stevnu um fr\u00edt\u00ed\u00f0arl\u00edvi\u00f0 \u00ed F\u00f8royum 2. mars!","datePublished":"2022-02-25T15:28:16+00:00","dateModified":"2024-08-22T13:25:43+00:00","mainEntityOfPage":{"@id":"https:\/\/isf.fo\/kom-a-radstevnu-um-fritidarlivid-i-foroyum-2-mars\/"},"wordCount":287,"publisher":{"@id":"https:\/\/isf.fo\/#organization"},"image":{"@id":"https:\/\/isf.fo\/kom-a-radstevnu-um-fritidarlivid-i-foroyum-2-mars\/#primaryimage"},"thumbnailUrl":"https:\/\/d21ockg4ri0hhk.cloudfront.net\/wp-content\/uploads\/2022\/02\/30192003\/Mynd-til-ti%CC%81dindastubba-.jpg","keywords":["R\u00e1\u00f0stevna um fr\u00edt\u00ed\u00f0arvanar"],"articleSection":["Ymiskt"],"inLanguage":"en-US"},{"@type":"WebPage","@id":"https:\/\/isf.fo\/kom-a-radstevnu-um-fritidarlivid-i-foroyum-2-mars\/","url":"https:\/\/isf.fo\/kom-a-radstevnu-um-fritidarlivid-i-foroyum-2-mars\/","name":"Kom \u00e1 r\u00e1\u00f0stevnu um fr\u00edt\u00ed\u00f0arl\u00edvi\u00f0 \u00ed F\u00f8royum 2. mars! - \u00cdtr\u00f3ttasamband F\u00f8roya","isPartOf":{"@id":"https:\/\/isf.fo\/#website"},"primaryImageOfPage":{"@id":"https:\/\/isf.fo\/kom-a-radstevnu-um-fritidarlivid-i-foroyum-2-mars\/#primaryimage"},"image":{"@id":"https:\/\/isf.fo\/kom-a-radstevnu-um-fritidarlivid-i-foroyum-2-mars\/#primaryimage"},"thumbnailUrl":"https:\/\/d21ockg4ri0hhk.cloudfront.net\/wp-content\/uploads\/2022\/02\/30192003\/Mynd-til-ti%CC%81dindastubba-.jpg","datePublished":"2022-02-25T15:28:16+00:00","dateModified":"2024-08-22T13:25:43+00:00","breadcrumb":{"@id":"https:\/\/isf.fo\/kom-a-radstevnu-um-fritidarlivid-i-foroyum-2-mars\/#breadcrumb"},"inLanguage":"en-US","potentialAction":[{"@type":"ReadAction","target":["https:\/\/isf.fo\/kom-a-radstevnu-um-fritidarlivid-i-foroyum-2-mars\/"]}]},{"@type":"ImageObject","inLanguage":"en-US","@id":"https:\/\/isf.fo\/kom-a-radstevnu-um-fritidarlivid-i-foroyum-2-mars\/#primaryimage","url":"https:\/\/d21ockg4ri0hhk.cloudfront.net\/wp-content\/uploads\/2022\/02\/30192003\/Mynd-til-ti%CC%81dindastubba-.jpg","contentUrl":"https:\/\/d21ockg4ri0hhk.cloudfront.net\/wp-content\/uploads\/2022\/02\/30192003\/Mynd-til-ti%CC%81dindastubba-.jpg","width":1280,"height":960},{"@type":"BreadcrumbList","@id":"https:\/\/isf.fo\/kom-a-radstevnu-um-fritidarlivid-i-foroyum-2-mars\/#breadcrumb","itemListElement":[{"@type":"ListItem","position":1,"name":"Home","item":"https:\/\/isf.fo\/"},{"@type":"ListItem","position":2,"name":"Kom \u00e1 r\u00e1\u00f0stevnu um fr\u00edt\u00ed\u00f0arl\u00edvi\u00f0 \u00ed F\u00f8royum 2. mars!"}]},{"@type":"WebSite","@id":"https:\/\/isf.fo\/#website","url":"https:\/\/isf.fo\/","name":"\u00cdtr\u00f3ttasamband F\u00f8roya","description":"","publisher":{"@id":"https:\/\/isf.fo\/#organization"},"potentialAction":[{"@type":"SearchAction","target":{"@type":"EntryPoint","urlTemplate":"https:\/\/isf.fo\/?s={search_term_string}"},"query-input":{"@type":"PropertyValueSpecification","valueRequired":true,"valueName":"search_term_string"}}],"inLanguage":"en-US"},{"@type":"Organization","@id":"https:\/\/isf.fo\/#organization","name":"\u00cdtr\u00f3ttasamband F\u00f8roya","url":"https:\/\/isf.fo\/","logo":{"@type":"ImageObject","inLanguage":"en-US","@id":"https:\/\/isf.fo\/#\/schema\/logo\/image\/","url":"https:\/\/isf.fo\/wp-content\/uploads\/2025\/06\/ISF_Olympic-Committee-logo.png","contentUrl":"https:\/\/isf.fo\/wp-content\/uploads\/2025\/06\/ISF_Olympic-Committee-logo.png","width":618,"height":121,"caption":"\u00cdtr\u00f3ttasamband F\u00f8roya"},"image":{"@id":"https:\/\/isf.fo\/#\/schema\/logo\/image\/"},"sameAs":["https:\/\/www.facebook.com\/itrottasambandid"]},{"@type":"Person","@id":"https:\/\/isf.fo\/#\/schema\/person\/9246a98c90293eb716bf93be9ae6e565","name":"Katrin Dam \u00e1 Neystab\u00f8","image":{"@type":"ImageObject","inLanguage":"en-US","@id":"https:\/\/secure.gravatar.com\/avatar\/cd20cb8bf0deda1721a187b1a472c5cf4731e13b2bc439a92524d8e439252432?s=96&d=mm&r=g","url":"https:\/\/secure.gravatar.com\/avatar\/cd20cb8bf0deda1721a187b1a472c5cf4731e13b2bc439a92524d8e439252432?s=96&d=mm&r=g","contentUrl":"https:\/\/secure.gravatar.com\/avatar\/cd20cb8bf0deda1721a187b1a472c5cf4731e13b2bc439a92524d8e439252432?s=96&d=mm&r=g","caption":"Katrin Dam \u00e1 Neystab\u00f8"},"url":"https:\/\/isf.fo\/en\/author\/katrin\/"}]}},"_links":{"self":[{"href":"https:\/\/isf.fo\/en\/wp-json\/wp\/v2\/posts\/9725","targetHints":{"allow":["GET"]}}],"collection":[{"href":"https:\/\/isf.fo\/en\/wp-json\/wp\/v2\/posts"}],"about":[{"href":"https:\/\/isf.fo\/en\/wp-json\/wp\/v2\/types\/post"}],"author":[{"embeddable":true,"href":"https:\/\/isf.fo\/en\/wp-json\/wp\/v2\/users\/10"}],"replies":[{"embeddable":true,"href":"https:\/\/isf.fo\/en\/wp-json\/wp\/v2\/comments?post=9725"}],"version-history":[{"count":9,"href":"https:\/\/isf.fo\/en\/wp-json\/wp\/v2\/posts\/9725\/revisions"}],"predecessor-version":[{"id":11777,"href":"https:\/\/isf.fo\/en\/wp-json\/wp\/v2\/posts\/9725\/revisions\/11777"}],"wp:featuredmedia":[{"embeddable":true,"href":"https:\/\/isf.fo\/en\/wp-json\/wp\/v2\/media\/9727"}],"wp:attachment":[{"href":"https:\/\/isf.fo\/en\/wp-json\/wp\/v2\/media?parent=9725"}],"wp:term":[{"taxonomy":"category","embeddable":true,"href":"https:\/\/isf.fo\/en\/wp-json\/wp\/v2\/categories?post=9725"},{"taxonomy":"post_tag","embeddable":true,"href":"https:\/\/isf.fo\/en\/wp-json\/wp\/v2\/tags?post=9725"}],"curies":[{"name":"wp","href":"https:\/\/api.w.org\/{rel}","templated":true}]}}