{"id":979,"date":"2009-05-04T13:32:31","date_gmt":"2009-05-04T12:32:31","guid":{"rendered":"https:\/\/isf.fo\/?p=979"},"modified":"2009-05-04T13:32:31","modified_gmt":"2009-05-04T12:32:31","slug":"r%c3%b8rsluari%c3%b0-i-su%c3%b0uroy","status":"publish","type":"post","link":"https:\/\/isf.fo\/en\/r%c3%b8rsluari%c3%b0-i-su%c3%b0uroy\/","title":{"rendered":"R\u00f8rslu\u00e1ri\u00f0 \u00ed Su\u00f0uroy"},"content":{"rendered":"<p>Almenna fundarr\u00f8\u00f0in kring landi\u00f0 um r\u00f8rslu heldur fram. <strong>M\u00e1nakv\u00f8ldi\u00f0 4. mai klokkan 19.30<\/strong> vitjar rundfer\u00f0in \u00ed Su\u00f0uroy.<\/p>\n<p>R\u00f8rslu\u00e1ri\u00f0 er fyri \u00f8ll, ung sum gomul, kvinnur og menn, nor\u00f0anfj\u00f8r\u00f0s, sunnanfj\u00f8r\u00f0s, ja \u00f8ll. T\u00ed ver\u00f0ur n\u00fa skipa\u00f0 fyri almennum fundum um r\u00f8rslu kring landi\u00f0. \u00c1 fundunum f\u00e1a \u00e1huga\u00f0 h\u00f8vi\u00f0 at hoyra, hvussu vit kunnu f\u00e1a f\u00f3lk at r\u00f8ra seg meira \u00e1 arbei\u00f0spl\u00e1ssum, barnag\u00f8r\u00f0um, sk\u00falum, ellisheimum og \u00ed fr\u00edt\u00ed\u00f0ini annars.<\/p>\n<p>R\u00f8rslufundur ver\u00f0ur \u00ed <strong>Mi\u00f0n\u00e1mssk\u00falanum \u00ed Hovi<\/strong> m\u00e1nakv\u00f8ldi\u00f0 vi\u00f0 hesari skr\u00e1:<\/p>\n<p>\u2022\u00a0\u00a0\u00a0 V\u00e6lkomin \u2013 Kaj Leo Johannesen, l\u00f8gma\u00f0ur og Hans Pauli Str\u00f8m, landsst\u00fdrisma\u00f0ur \u00ed heilsum\u00e1lum bj\u00f3\u00f0a v\u00e6lkomin<br \/>\n\u2022\u00a0\u00a0\u00a0 Hvussu n\u00f3gv r\u00f8ra vit okkum \u00ed F\u00f8royum? \u2013 P\u00e1l Weihe, forma\u00f0ur, F\u00f3lkaheilsur\u00e1\u00f0i\u00f0<br \/>\n\u2022\u00a0\u00a0\u00a0 Hvat \u00edtr\u00f3ttafel\u00f8gini kunnu gera? \u2013 umbo\u00f0 fyri \u00cdSF<br \/>\n\u2022\u00a0\u00a0\u00a0 F\u00f8royar \u00ed r\u00f8rslu: N\u00f8kur d\u00f8mi um \u00edt\u00f8kilig \u00e1t\u00f8k fyri at fremja r\u00f8rslu \u00ed 2009<br \/>\n\u2022\u00a0\u00a0\u00a0 B\u00fdarskipan og r\u00f8rsla \u2013 D\u00e1vur Winther, mentanarlei\u00f0ari, Klaksv\u00edkar Kommuna<br \/>\n\u2022\u00a0\u00a0\u00a0 Eldri og r\u00f8rsla \u2013 Benadicta Ellingsgaard, fysioterapeutur og Martha Rey\u00f0berg, ergoterapeutur, N\u00e6rverki\u00f0<br \/>\n\u2022\u00a0\u00a0\u00a0 R\u00f8rsla \u00e1 arbei\u00f0spl\u00e1ssinum \u2013 H\u00e1kun Djurhuus, stj\u00f3ri, SEV<br \/>\n\u2022\u00a0\u00a0\u00a0 R\u00f8rsla hj\u00e1 b\u00f8rnum og ungum \u00ed sk\u00falum \u2013 umbo\u00f0 fyri sk\u00falaverki\u00f0<br \/>\n\u2022\u00a0\u00a0\u00a0 R\u00f8rsla hj\u00e1 b\u00f8rnum \u00e1 dagstovnum \u2013 Jacob Skaaning, pedagogur, \u00datibarnagar\u00f0urin M\u00fdrif\u00edpan<br \/>\n\u2022\u00a0\u00a0\u00a0 Kjak um, hvat kann gerast \u00e1 sta\u00f0num<\/p>\n<p>Ta\u00f0 eru F\u00f3lkaheilsur\u00e1\u00f0i\u00f0 og \u00cdSF, sum saman vi\u00f0 landsst\u00fdrismanninum \u00ed heilsum\u00e1lum, i\u00f0 eru stigtakarar til rundfer\u00f0ina. Almennu fundirnir eru \u00f3keypis.<\/p>\n<p>Rundfer\u00f0in \u201dF\u00f8royar \u00ed R\u00f8rslu\u201d<br \/>\n28. apr\u00edl:\u00a0\u00a0 Klaksv\u00edk<br \/>\n30. apr\u00edl:\u00a0\u00a0 Sandoy<br \/>\n4. mai:\u00a0\u00a0\u00a0\u00a0\u00a0\u00a0 Su\u00f0uroy<br \/>\n5. mai:\u00a0\u00a0\u00a0\u00a0\u00a0\u00a0 Eysturoy<br \/>\n6. mai:\u00a0\u00a0\u00a0\u00a0\u00a0\u00a0 V\u00e1gar<\/p>","protected":false},"excerpt":{"rendered":"<p>Almenna fundarr\u00f8\u00f0in kring landi\u00f0 um r\u00f8rslu heldur fram. M\u00e1nakv\u00f8ldi\u00f0 4. mai klokkan 19.30 vitjar rundfer\u00f0in \u00ed Su\u00f0uroy. R\u00f8rslu\u00e1ri\u00f0 er fyri [&hellip;]<\/p>\n","protected":false},"author":6,"featured_media":0,"comment_status":"open","ping_status":"open","sticky":false,"template":"","format":"standard","meta":{"_acf_changed":false,"_relevanssi_hide_post":"","_relevanssi_hide_content":"","_relevanssi_pin_for_all":"","_relevanssi_pin_keywords":"","_relevanssi_unpin_keywords":"","_relevanssi_related_keywords":"","_relevanssi_related_include_ids":"","_relevanssi_related_exclude_ids":"","_relevanssi_related_no_append":"","_relevanssi_related_not_related":"","_relevanssi_related_posts":"","_relevanssi_noindex_reason":"","inline_featured_image":false,"footnotes":""},"categories":[2],"tags":[],"class_list":["post-979","post","type-post","status-publish","format-standard","hentry","category-isf"],"acf":[],"yoast_head":"<!-- This site is optimized with the Yoast SEO plugin v27.5 - https:\/\/yoast.com\/product\/yoast-seo-wordpress\/ -->\n<title>R\u00f8rslu\u00e1ri\u00f0 \u00ed Su\u00f0uroy - \u00cdtr\u00f3ttasamband F\u00f8roya<\/title>\n<meta name=\"robots\" content=\"index, follow, max-snippet:-1, max-image-preview:large, max-video-preview:-1\" \/>\n<link rel=\"canonical\" href=\"https:\/\/isf.fo\/en\/r\u00f8rsluari\u00f0-i-su\u00f0uroy\/\" \/>\n<meta property=\"og:locale\" content=\"en_US\" \/>\n<meta property=\"og:type\" content=\"article\" \/>\n<meta property=\"og:title\" content=\"R\u00f8rslu\u00e1ri\u00f0 \u00ed Su\u00f0uroy - \u00cdtr\u00f3ttasamband F\u00f8roya\" \/>\n<meta property=\"og:description\" content=\"Almenna fundarr\u00f8\u00f0in kring landi\u00f0 um r\u00f8rslu heldur fram. M\u00e1nakv\u00f8ldi\u00f0 4. mai klokkan 19.30 vitjar rundfer\u00f0in \u00ed Su\u00f0uroy. R\u00f8rslu\u00e1ri\u00f0 er fyri [&hellip;]\" \/>\n<meta property=\"og:url\" content=\"https:\/\/isf.fo\/en\/r\u00f8rsluari\u00f0-i-su\u00f0uroy\/\" \/>\n<meta property=\"og:site_name\" content=\"\u00cdtr\u00f3ttasamband F\u00f8roya\" \/>\n<meta property=\"article:publisher\" content=\"https:\/\/www.facebook.com\/itrottasambandid\" \/>\n<meta property=\"article:published_time\" content=\"2009-05-04T12:32:31+00:00\" \/>\n<meta name=\"author\" content=\"Petur Mitt\u00fan\" \/>\n<meta name=\"twitter:card\" content=\"summary_large_image\" \/>\n<meta name=\"twitter:label1\" content=\"Written by\" \/>\n\t<meta name=\"twitter:data1\" content=\"Petur Mitt\u00fan\" \/>\n\t<meta name=\"twitter:label2\" content=\"Est. reading time\" \/>\n\t<meta name=\"twitter:data2\" content=\"1 minute\" \/>\n<script type=\"application\/ld+json\" class=\"yoast-schema-graph\">{\"@context\":\"https:\\\/\\\/schema.org\",\"@graph\":[{\"@type\":\"Article\",\"@id\":\"https:\\\/\\\/isf.fo\\\/r%c3%b8rsluari%c3%b0-i-su%c3%b0uroy\\\/#article\",\"isPartOf\":{\"@id\":\"https:\\\/\\\/isf.fo\\\/r%c3%b8rsluari%c3%b0-i-su%c3%b0uroy\\\/\"},\"author\":{\"name\":\"Petur Mitt\u00fan\",\"@id\":\"https:\\\/\\\/isf.fo\\\/#\\\/schema\\\/person\\\/78ac1b623dbf0ace868a5dbcdaed016d\"},\"headline\":\"R\u00f8rslu\u00e1ri\u00f0 \u00ed Su\u00f0uroy\",\"datePublished\":\"2009-05-04T12:32:31+00:00\",\"mainEntityOfPage\":{\"@id\":\"https:\\\/\\\/isf.fo\\\/r%c3%b8rsluari%c3%b0-i-su%c3%b0uroy\\\/\"},\"wordCount\":291,\"commentCount\":0,\"publisher\":{\"@id\":\"https:\\\/\\\/isf.fo\\\/#organization\"},\"articleSection\":[\"\u00cdSF\"],\"inLanguage\":\"en-US\"},{\"@type\":\"WebPage\",\"@id\":\"https:\\\/\\\/isf.fo\\\/r%c3%b8rsluari%c3%b0-i-su%c3%b0uroy\\\/\",\"url\":\"https:\\\/\\\/isf.fo\\\/r%c3%b8rsluari%c3%b0-i-su%c3%b0uroy\\\/\",\"name\":\"R\u00f8rslu\u00e1ri\u00f0 \u00ed Su\u00f0uroy - \u00cdtr\u00f3ttasamband F\u00f8roya\",\"isPartOf\":{\"@id\":\"https:\\\/\\\/isf.fo\\\/#website\"},\"datePublished\":\"2009-05-04T12:32:31+00:00\",\"breadcrumb\":{\"@id\":\"https:\\\/\\\/isf.fo\\\/r%c3%b8rsluari%c3%b0-i-su%c3%b0uroy\\\/#breadcrumb\"},\"inLanguage\":\"en-US\",\"potentialAction\":[{\"@type\":\"ReadAction\",\"target\":[\"https:\\\/\\\/isf.fo\\\/r%c3%b8rsluari%c3%b0-i-su%c3%b0uroy\\\/\"]}]},{\"@type\":\"BreadcrumbList\",\"@id\":\"https:\\\/\\\/isf.fo\\\/r%c3%b8rsluari%c3%b0-i-su%c3%b0uroy\\\/#breadcrumb\",\"itemListElement\":[{\"@type\":\"ListItem\",\"position\":1,\"name\":\"Home\",\"item\":\"https:\\\/\\\/isf.fo\\\/\"},{\"@type\":\"ListItem\",\"position\":2,\"name\":\"R\u00f8rslu\u00e1ri\u00f0 \u00ed Su\u00f0uroy\"}]},{\"@type\":\"WebSite\",\"@id\":\"https:\\\/\\\/isf.fo\\\/#website\",\"url\":\"https:\\\/\\\/isf.fo\\\/\",\"name\":\"\u00cdtr\u00f3ttasamband F\u00f8roya\",\"description\":\"\",\"publisher\":{\"@id\":\"https:\\\/\\\/isf.fo\\\/#organization\"},\"potentialAction\":[{\"@type\":\"SearchAction\",\"target\":{\"@type\":\"EntryPoint\",\"urlTemplate\":\"https:\\\/\\\/isf.fo\\\/?s={search_term_string}\"},\"query-input\":{\"@type\":\"PropertyValueSpecification\",\"valueRequired\":true,\"valueName\":\"search_term_string\"}}],\"inLanguage\":\"en-US\"},{\"@type\":\"Organization\",\"@id\":\"https:\\\/\\\/isf.fo\\\/#organization\",\"name\":\"\u00cdtr\u00f3ttasamband F\u00f8roya\",\"url\":\"https:\\\/\\\/isf.fo\\\/\",\"logo\":{\"@type\":\"ImageObject\",\"inLanguage\":\"en-US\",\"@id\":\"https:\\\/\\\/isf.fo\\\/#\\\/schema\\\/logo\\\/image\\\/\",\"url\":\"https:\\\/\\\/isf.fo\\\/wp-content\\\/uploads\\\/2025\\\/06\\\/ISF_Olympic-Committee-logo.png\",\"contentUrl\":\"https:\\\/\\\/isf.fo\\\/wp-content\\\/uploads\\\/2025\\\/06\\\/ISF_Olympic-Committee-logo.png\",\"width\":618,\"height\":121,\"caption\":\"\u00cdtr\u00f3ttasamband F\u00f8roya\"},\"image\":{\"@id\":\"https:\\\/\\\/isf.fo\\\/#\\\/schema\\\/logo\\\/image\\\/\"},\"sameAs\":[\"https:\\\/\\\/www.facebook.com\\\/itrottasambandid\"]},{\"@type\":\"Person\",\"@id\":\"https:\\\/\\\/isf.fo\\\/#\\\/schema\\\/person\\\/78ac1b623dbf0ace868a5dbcdaed016d\",\"name\":\"Petur Mitt\u00fan\",\"image\":{\"@type\":\"ImageObject\",\"inLanguage\":\"en-US\",\"@id\":\"https:\\\/\\\/secure.gravatar.com\\\/avatar\\\/6f731b65ffaeb1029d9436acc96fc12c3cef9200131daa85ab7762529a25d1d2?s=96&d=mm&r=g\",\"url\":\"https:\\\/\\\/secure.gravatar.com\\\/avatar\\\/6f731b65ffaeb1029d9436acc96fc12c3cef9200131daa85ab7762529a25d1d2?s=96&d=mm&r=g\",\"contentUrl\":\"https:\\\/\\\/secure.gravatar.com\\\/avatar\\\/6f731b65ffaeb1029d9436acc96fc12c3cef9200131daa85ab7762529a25d1d2?s=96&d=mm&r=g\",\"caption\":\"Petur Mitt\u00fan\"},\"url\":\"https:\\\/\\\/isf.fo\\\/en\\\/author\\\/petur\\\/\"}]}<\/script>\n<!-- \/ Yoast SEO plugin. -->","yoast_head_json":{"title":"R\u00f8rslu\u00e1ri\u00f0 \u00ed Su\u00f0uroy - \u00cdtr\u00f3ttasamband F\u00f8roya","robots":{"index":"index","follow":"follow","max-snippet":"max-snippet:-1","max-image-preview":"max-image-preview:large","max-video-preview":"max-video-preview:-1"},"canonical":"https:\/\/isf.fo\/en\/r\u00f8rsluari\u00f0-i-su\u00f0uroy\/","og_locale":"en_US","og_type":"article","og_title":"R\u00f8rslu\u00e1ri\u00f0 \u00ed Su\u00f0uroy - \u00cdtr\u00f3ttasamband F\u00f8roya","og_description":"Almenna fundarr\u00f8\u00f0in kring landi\u00f0 um r\u00f8rslu heldur fram. M\u00e1nakv\u00f8ldi\u00f0 4. mai klokkan 19.30 vitjar rundfer\u00f0in \u00ed Su\u00f0uroy. R\u00f8rslu\u00e1ri\u00f0 er fyri [&hellip;]","og_url":"https:\/\/isf.fo\/en\/r\u00f8rsluari\u00f0-i-su\u00f0uroy\/","og_site_name":"\u00cdtr\u00f3ttasamband F\u00f8roya","article_publisher":"https:\/\/www.facebook.com\/itrottasambandid","article_published_time":"2009-05-04T12:32:31+00:00","author":"Petur Mitt\u00fan","twitter_card":"summary_large_image","twitter_misc":{"Written by":"Petur Mitt\u00fan","Est. reading time":"1 minute"},"schema":{"@context":"https:\/\/schema.org","@graph":[{"@type":"Article","@id":"https:\/\/isf.fo\/r%c3%b8rsluari%c3%b0-i-su%c3%b0uroy\/#article","isPartOf":{"@id":"https:\/\/isf.fo\/r%c3%b8rsluari%c3%b0-i-su%c3%b0uroy\/"},"author":{"name":"Petur Mitt\u00fan","@id":"https:\/\/isf.fo\/#\/schema\/person\/78ac1b623dbf0ace868a5dbcdaed016d"},"headline":"R\u00f8rslu\u00e1ri\u00f0 \u00ed Su\u00f0uroy","datePublished":"2009-05-04T12:32:31+00:00","mainEntityOfPage":{"@id":"https:\/\/isf.fo\/r%c3%b8rsluari%c3%b0-i-su%c3%b0uroy\/"},"wordCount":291,"commentCount":0,"publisher":{"@id":"https:\/\/isf.fo\/#organization"},"articleSection":["\u00cdSF"],"inLanguage":"en-US"},{"@type":"WebPage","@id":"https:\/\/isf.fo\/r%c3%b8rsluari%c3%b0-i-su%c3%b0uroy\/","url":"https:\/\/isf.fo\/r%c3%b8rsluari%c3%b0-i-su%c3%b0uroy\/","name":"R\u00f8rslu\u00e1ri\u00f0 \u00ed Su\u00f0uroy - \u00cdtr\u00f3ttasamband F\u00f8roya","isPartOf":{"@id":"https:\/\/isf.fo\/#website"},"datePublished":"2009-05-04T12:32:31+00:00","breadcrumb":{"@id":"https:\/\/isf.fo\/r%c3%b8rsluari%c3%b0-i-su%c3%b0uroy\/#breadcrumb"},"inLanguage":"en-US","potentialAction":[{"@type":"ReadAction","target":["https:\/\/isf.fo\/r%c3%b8rsluari%c3%b0-i-su%c3%b0uroy\/"]}]},{"@type":"BreadcrumbList","@id":"https:\/\/isf.fo\/r%c3%b8rsluari%c3%b0-i-su%c3%b0uroy\/#breadcrumb","itemListElement":[{"@type":"ListItem","position":1,"name":"Home","item":"https:\/\/isf.fo\/"},{"@type":"ListItem","position":2,"name":"R\u00f8rslu\u00e1ri\u00f0 \u00ed Su\u00f0uroy"}]},{"@type":"WebSite","@id":"https:\/\/isf.fo\/#website","url":"https:\/\/isf.fo\/","name":"\u00cdtr\u00f3ttasamband F\u00f8roya","description":"","publisher":{"@id":"https:\/\/isf.fo\/#organization"},"potentialAction":[{"@type":"SearchAction","target":{"@type":"EntryPoint","urlTemplate":"https:\/\/isf.fo\/?s={search_term_string}"},"query-input":{"@type":"PropertyValueSpecification","valueRequired":true,"valueName":"search_term_string"}}],"inLanguage":"en-US"},{"@type":"Organization","@id":"https:\/\/isf.fo\/#organization","name":"\u00cdtr\u00f3ttasamband F\u00f8roya","url":"https:\/\/isf.fo\/","logo":{"@type":"ImageObject","inLanguage":"en-US","@id":"https:\/\/isf.fo\/#\/schema\/logo\/image\/","url":"https:\/\/isf.fo\/wp-content\/uploads\/2025\/06\/ISF_Olympic-Committee-logo.png","contentUrl":"https:\/\/isf.fo\/wp-content\/uploads\/2025\/06\/ISF_Olympic-Committee-logo.png","width":618,"height":121,"caption":"\u00cdtr\u00f3ttasamband F\u00f8roya"},"image":{"@id":"https:\/\/isf.fo\/#\/schema\/logo\/image\/"},"sameAs":["https:\/\/www.facebook.com\/itrottasambandid"]},{"@type":"Person","@id":"https:\/\/isf.fo\/#\/schema\/person\/78ac1b623dbf0ace868a5dbcdaed016d","name":"Petur Mitt\u00fan","image":{"@type":"ImageObject","inLanguage":"en-US","@id":"https:\/\/secure.gravatar.com\/avatar\/6f731b65ffaeb1029d9436acc96fc12c3cef9200131daa85ab7762529a25d1d2?s=96&d=mm&r=g","url":"https:\/\/secure.gravatar.com\/avatar\/6f731b65ffaeb1029d9436acc96fc12c3cef9200131daa85ab7762529a25d1d2?s=96&d=mm&r=g","contentUrl":"https:\/\/secure.gravatar.com\/avatar\/6f731b65ffaeb1029d9436acc96fc12c3cef9200131daa85ab7762529a25d1d2?s=96&d=mm&r=g","caption":"Petur Mitt\u00fan"},"url":"https:\/\/isf.fo\/en\/author\/petur\/"}]}},"_links":{"self":[{"href":"https:\/\/isf.fo\/en\/wp-json\/wp\/v2\/posts\/979","targetHints":{"allow":["GET"]}}],"collection":[{"href":"https:\/\/isf.fo\/en\/wp-json\/wp\/v2\/posts"}],"about":[{"href":"https:\/\/isf.fo\/en\/wp-json\/wp\/v2\/types\/post"}],"author":[{"embeddable":true,"href":"https:\/\/isf.fo\/en\/wp-json\/wp\/v2\/users\/6"}],"replies":[{"embeddable":true,"href":"https:\/\/isf.fo\/en\/wp-json\/wp\/v2\/comments?post=979"}],"version-history":[{"count":0,"href":"https:\/\/isf.fo\/en\/wp-json\/wp\/v2\/posts\/979\/revisions"}],"wp:attachment":[{"href":"https:\/\/isf.fo\/en\/wp-json\/wp\/v2\/media?parent=979"}],"wp:term":[{"taxonomy":"category","embeddable":true,"href":"https:\/\/isf.fo\/en\/wp-json\/wp\/v2\/categories?post=979"},{"taxonomy":"post_tag","embeddable":true,"href":"https:\/\/isf.fo\/en\/wp-json\/wp\/v2\/tags?post=979"}],"curies":[{"name":"wp","href":"https:\/\/api.w.org\/{rel}","templated":true}]}}